{"id":559,"date":"2024-11-08T14:32:45","date_gmt":"2024-11-08T14:32:45","guid":{"rendered":"https:\/\/avrupatv.eu\/?p=559"},"modified":"2024-11-08T14:32:45","modified_gmt":"2024-11-08T14:32:45","slug":"narin-guran-cinayetinde-sok-gelisme","status":"publish","type":"post","link":"https:\/\/avrupatv.eu\/index.php\/2024\/11\/08\/narin-guran-cinayetinde-sok-gelisme\/","title":{"rendered":"Narin G\u00fcran cinayetinde \u015fok geli\u015fme"},"content":{"rendered":"\n<p><strong>Diyarbak\u0131r&#8217;da 8 Ya\u015f\u0131ndaki Narin G\u00fcran\u2019\u0131n \u00d6ld\u00fcr\u00fclmesi Davas\u0131nda Yeni Geli\u015fmeler<\/strong><\/p>\n\n\n\n<p>Diyarbak\u0131r\u2019da 8 ya\u015f\u0131ndaki <strong>Narin G\u00fcran<\/strong>\u2019\u0131n \u00f6ld\u00fcr\u00fclmesine ili\u015fkin davan\u0131n ikinci duru\u015fmas\u0131nda \u00f6nemli geli\u015fmeler ya\u015fand\u0131. Diyarbak\u0131r 8. A\u011f\u0131r Ceza Mahkemesi\u2019nde g\u00f6r\u00fclen davada, tutuklu san\u0131klar <strong>Salim G\u00fcran<\/strong> (amca), <strong>Y\u00fcksel G\u00fcran<\/strong> (anne), <strong>Enes G\u00fcran<\/strong> (a\u011fabey) ve Narin\u2019in cesedini <strong>E\u011fertutmaz Deresi<\/strong>\u2019ne saklad\u0131\u011f\u0131n\u0131 itiraf eden <strong>Nevzat Bahtiyar<\/strong> duru\u015fmaya kat\u0131ld\u0131.<\/p>\n\n\n\n<p><strong>Narin G\u00fcran\u2019\u0131n Kayboldu\u011fu G\u00fcn Tan\u0131klar Dinleniyor<\/strong><br>Davan\u0131n ikinci g\u00fcn\u00fcnde, Narin G\u00fcran\u2019\u0131n kayboldu\u011fu g\u00fcnle ilgili tan\u0131k ifadeleri al\u0131nd\u0131. \u0130lk tan\u0131k, Narin\u2019in kuzeni <strong>Osman G\u00fcran<\/strong> oldu. Osman G\u00fcran, kayboldu\u011fu g\u00fcn saat 18:30 civar\u0131nda dedesinin evine gitti\u011fini ve ak\u015fam saatlerinde <strong>Enes G\u00fcran<\/strong> ile k\u0131sa bir g\u00f6r\u00fc\u015fme yapt\u0131\u011f\u0131n\u0131 belirtti.<\/p>\n\n\n\n<p>Duru\u015fma, di\u011fer tan\u0131klar\u0131n ifadeleriyle devam edecek.<\/p>\n\n\n\n<p><strong>Diyarbak\u0131r\u2019da Narin G\u00fcran Davas\u0131nda Yeni Tan\u0131k \u0130fadeleri<\/strong><\/p>\n\n\n\n<p>Diyarbak\u0131r&#8217;da 8 ya\u015f\u0131ndaki <strong>Narin G\u00fcran<\/strong>\u2019\u0131n \u00f6ld\u00fcr\u00fclmesine ili\u015fkin davan\u0131n duru\u015fmas\u0131nda, tan\u0131klar ve tutuklu \u015f\u00fcpheliler ifade verdi. Mahkeme ba\u015fkan\u0131n\u0131n, &#8220;Narin\u2019in kayboldu\u011fu g\u00fcn\u00fcn ertesi g\u00fcn\u00fc bulunan k\u0131rm\u0131z\u0131 terli\u011fi anlat\u0131r m\u0131s\u0131n\u0131z?&#8221; sorusu \u00fczerine <strong>Osman G\u00fcran<\/strong> \u015funlar\u0131 s\u00f6yledi:<br>&#8220;Dedemin evindeydim. Muhammet, terli\u011fi marketten al\u0131p unutmu\u015f. Biz de terli\u011fi g\u00f6rd\u00fc\u011f\u00fcm\u00fczde jandarmaya teslim ettik.&#8221;<br>Savc\u0131n\u0131n, &#8220;Yolda terli\u011fi g\u00f6rmedin mi?&#8221; sorusuna ise G\u00fcran, &#8220;Hay\u0131r&#8221; diye cevap verdi.<\/p>\n\n\n\n<p><strong>Muhammet Kaya\u2019dan Terlik A\u00e7\u0131klamas\u0131<\/strong><br><strong>Muhammet Kaya<\/strong>, terli\u011fi Narin\u2019in kaybolduktan sonraki g\u00fcn buldu\u011funu belirtti. Kaya, &#8220;Yolda terli\u011fi g\u00f6rd\u00fcm, \u00f6nce almad\u0131m ama d\u00f6nerken belki Narin\u2019in olabilir diye yan\u0131ma ald\u0131m. Eve gidince jandarma evdeydi, terli\u011fi onlara g\u00f6sterdim ama jandarma 25 numara oldu\u011fu i\u00e7in Narin\u2019e ait olmad\u0131\u011f\u0131n\u0131 s\u00f6yledi&#8221; dedi.<\/p>\n\n\n\n<p><strong>Tan\u0131klar, Narin\u2019in Kayboldu\u011fu G\u00fcn\u00fc Anlat\u0131yor<\/strong><br>Kaya, ayr\u0131ca kayboldu\u011fu g\u00fcn saat 08:00\u2019de davetiye da\u011f\u0131tmak i\u00e7in evden \u00e7\u0131kt\u0131\u011f\u0131n\u0131, saat 20:35\u2019te Narin\u2019in kayboldu\u011funu \u00f6\u011frendi\u011fini s\u00f6yledi. Kaya, k\u00f6ye gelerek Narin\u2019i arad\u0131klar\u0131n\u0131 ve kuyulara bakt\u0131klar\u0131n\u0131 ekledi.<\/p>\n\n\n\n<p><strong>Ma\u015fallah G\u00fcran\u2019\u0131n \u0130fadesi<\/strong><br>Tan\u0131k olarak dinlenen <strong>Ma\u015fallah G\u00fcran<\/strong> ise, Narin\u2019in kayboldu\u011fu g\u00fcnden sonra herhangi bir \u015f\u00fcpheli davran\u0131\u015f g\u00f6rmedi\u011fini ve Salim G\u00fcran ile ilgili &#8220;Yalan beyanda bulundular m\u0131?&#8221; sorusuna, &#8220;Hay\u0131r, \u00f6yle bir \u015fey olmad\u0131&#8221; dedi.<\/p>\n\n\n\n<p><strong>\u00c7ocuk Tan\u0131klar Dinlendi<\/strong><br>Duru\u015fmada, 15 ya\u015f\u0131ndan k\u00fc\u00e7\u00fck olan \u00e7ocuk tan\u0131klar <strong>M.E.G<\/strong>, <strong>G.G<\/strong>, <strong>M.G<\/strong> ve <strong>M.K<\/strong> pedagog e\u015fli\u011finde dinlendi. \u00c7ocuklar, Narin&#8217;in kayboldu\u011fu g\u00fcnle ilgili ifade verdiler.<\/p>\n","protected":false},"excerpt":{"rendered":"<p>Diyarbak\u0131r&#8217;da 8 Ya\u015f\u0131ndaki Narin G\u00fcran\u2019\u0131n \u00d6ld\u00fcr\u00fclmesi Davas\u0131nda Yeni Geli\u015fmeler Diyarbak\u0131r\u2019da 8 ya\u015f\u0131ndaki Narin G\u00fcran\u2019\u0131n \u00f6ld\u00fcr\u00fclmesine ili\u015fkin davan\u0131n ikinci duru\u015fmas\u0131nda \u00f6nemli geli\u015fmeler ya\u015fand\u0131. Diyarbak\u0131r 8. A\u011f\u0131r Ceza Mahkemesi\u2019nde g\u00f6r\u00fclen davada, tutuklu san\u0131klar Salim G\u00fcran (amca), Y\u00fcksel G\u00fcran (anne), Enes G\u00fcran (a\u011fabey) ve Narin\u2019in cesedini E\u011fertutmaz Deresi\u2019ne saklad\u0131\u011f\u0131n\u0131 itiraf eden Nevzat Bahtiyar duru\u015fmaya kat\u0131ld\u0131. Narin G\u00fcran\u2019\u0131n Kayboldu\u011fu [&hellip;]<\/p>\n","protected":false},"author":2,"featured_media":560,"comment_status":"open","ping_status":"open","sticky":false,"template":"","format":"standard","meta":{"footnotes":""},"categories":[8,11],"tags":[],"class_list":["post-559","post","type-post","status-publish","format-standard","has-post-thumbnail","hentry","category-gundem","category-turkiye"],"yoast_head":"<!-- This site is optimized with the Yoast SEO plugin v27.4 - https:\/\/yoast.com\/product\/yoast-seo-wordpress\/ -->\n<title>Narin G\u00fcran cinayetinde \u015fok geli\u015fme - Avrupal\u0131 T\u00fcrklerin en Yeni Haber Portal\u0131<\/title>\n<meta name=\"robots\" content=\"index, follow, max-snippet:-1, max-image-preview:large, max-video-preview:-1\" \/>\n<link rel=\"canonical\" href=\"https:\/\/avrupatv.eu\/index.php\/2024\/11\/08\/narin-guran-cinayetinde-sok-gelisme\/\" \/>\n<meta property=\"og:locale\" content=\"tr_TR\" \/>\n<meta property=\"og:type\" content=\"article\" \/>\n<meta property=\"og:title\" content=\"Narin G\u00fcran cinayetinde \u015fok geli\u015fme - Avrupal\u0131 T\u00fcrklerin en Yeni Haber Portal\u0131\" \/>\n<meta property=\"og:description\" content=\"Diyarbak\u0131r&#8217;da 8 Ya\u015f\u0131ndaki Narin G\u00fcran\u2019\u0131n \u00d6ld\u00fcr\u00fclmesi Davas\u0131nda Yeni Geli\u015fmeler Diyarbak\u0131r\u2019da 8 ya\u015f\u0131ndaki Narin G\u00fcran\u2019\u0131n \u00f6ld\u00fcr\u00fclmesine ili\u015fkin davan\u0131n ikinci duru\u015fmas\u0131nda \u00f6nemli geli\u015fmeler ya\u015fand\u0131. Diyarbak\u0131r 8. A\u011f\u0131r Ceza Mahkemesi\u2019nde g\u00f6r\u00fclen davada, tutuklu san\u0131klar Salim G\u00fcran (amca), Y\u00fcksel G\u00fcran (anne), Enes G\u00fcran (a\u011fabey) ve Narin\u2019in cesedini E\u011fertutmaz Deresi\u2019ne saklad\u0131\u011f\u0131n\u0131 itiraf eden Nevzat Bahtiyar duru\u015fmaya kat\u0131ld\u0131. Narin G\u00fcran\u2019\u0131n Kayboldu\u011fu [&hellip;]\" \/>\n<meta property=\"og:url\" content=\"https:\/\/avrupatv.eu\/index.php\/2024\/11\/08\/narin-guran-cinayetinde-sok-gelisme\/\" \/>\n<meta property=\"og:site_name\" content=\"Avrupal\u0131 T\u00fcrklerin en Yeni Haber Portal\u0131\" \/>\n<meta property=\"article:published_time\" content=\"2024-11-08T14:32:45+00:00\" \/>\n<meta property=\"og:image\" content=\"https:\/\/avrupatv.eu\/wp-content\/uploads\/2024\/11\/narin.jpg\" \/>\n\t<meta property=\"og:image:width\" content=\"785\" \/>\n\t<meta property=\"og:image:height\" content=\"442\" \/>\n\t<meta property=\"og:image:type\" content=\"image\/jpeg\" \/>\n<meta name=\"author\" content=\"Onur Akpinar\" \/>\n<meta name=\"twitter:card\" content=\"summary_large_image\" \/>\n<meta name=\"twitter:label1\" content=\"Yazan:\" \/>\n\t<meta name=\"twitter:data1\" content=\"Onur Akpinar\" \/>\n\t<meta name=\"twitter:label2\" content=\"Tahmini okuma s\u00fcresi\" \/>\n\t<meta name=\"twitter:data2\" content=\"3 dakika\" \/>\n<script type=\"application\/ld+json\" class=\"yoast-schema-graph\">{\"@context\":\"https:\\\/\\\/schema.org\",\"@graph\":[{\"@type\":\"Article\",\"@id\":\"https:\\\/\\\/avrupatv.eu\\\/index.php\\\/2024\\\/11\\\/08\\\/narin-guran-cinayetinde-sok-gelisme\\\/#article\",\"isPartOf\":{\"@id\":\"https:\\\/\\\/avrupatv.eu\\\/index.php\\\/2024\\\/11\\\/08\\\/narin-guran-cinayetinde-sok-gelisme\\\/\"},\"author\":{\"name\":\"Onur Akpinar\",\"@id\":\"https:\\\/\\\/avrupatv.eu\\\/#\\\/schema\\\/person\\\/d56afa5d5569da4029d483da36c0c17d\"},\"headline\":\"Narin G\u00fcran cinayetinde \u015fok geli\u015fme\",\"datePublished\":\"2024-11-08T14:32:45+00:00\",\"mainEntityOfPage\":{\"@id\":\"https:\\\/\\\/avrupatv.eu\\\/index.php\\\/2024\\\/11\\\/08\\\/narin-guran-cinayetinde-sok-gelisme\\\/\"},\"wordCount\":491,\"commentCount\":0,\"publisher\":{\"@id\":\"https:\\\/\\\/avrupatv.eu\\\/#organization\"},\"image\":{\"@id\":\"https:\\\/\\\/avrupatv.eu\\\/index.php\\\/2024\\\/11\\\/08\\\/narin-guran-cinayetinde-sok-gelisme\\\/#primaryimage\"},\"thumbnailUrl\":\"https:\\\/\\\/avrupatv.eu\\\/wp-content\\\/uploads\\\/2024\\\/11\\\/narin.jpg\",\"articleSection\":[\"G\u00fcndem\",\"T\u00fcrkiye\"],\"inLanguage\":\"tr\",\"potentialAction\":[{\"@type\":\"CommentAction\",\"name\":\"Comment\",\"target\":[\"https:\\\/\\\/avrupatv.eu\\\/index.php\\\/2024\\\/11\\\/08\\\/narin-guran-cinayetinde-sok-gelisme\\\/#respond\"]}]},{\"@type\":\"WebPage\",\"@id\":\"https:\\\/\\\/avrupatv.eu\\\/index.php\\\/2024\\\/11\\\/08\\\/narin-guran-cinayetinde-sok-gelisme\\\/\",\"url\":\"https:\\\/\\\/avrupatv.eu\\\/index.php\\\/2024\\\/11\\\/08\\\/narin-guran-cinayetinde-sok-gelisme\\\/\",\"name\":\"Narin G\u00fcran cinayetinde \u015fok geli\u015fme - Avrupal\u0131 T\u00fcrklerin en Yeni Haber Portal\u0131\",\"isPartOf\":{\"@id\":\"https:\\\/\\\/avrupatv.eu\\\/#website\"},\"primaryImageOfPage\":{\"@id\":\"https:\\\/\\\/avrupatv.eu\\\/index.php\\\/2024\\\/11\\\/08\\\/narin-guran-cinayetinde-sok-gelisme\\\/#primaryimage\"},\"image\":{\"@id\":\"https:\\\/\\\/avrupatv.eu\\\/index.php\\\/2024\\\/11\\\/08\\\/narin-guran-cinayetinde-sok-gelisme\\\/#primaryimage\"},\"thumbnailUrl\":\"https:\\\/\\\/avrupatv.eu\\\/wp-content\\\/uploads\\\/2024\\\/11\\\/narin.jpg\",\"datePublished\":\"2024-11-08T14:32:45+00:00\",\"breadcrumb\":{\"@id\":\"https:\\\/\\\/avrupatv.eu\\\/index.php\\\/2024\\\/11\\\/08\\\/narin-guran-cinayetinde-sok-gelisme\\\/#breadcrumb\"},\"inLanguage\":\"tr\",\"potentialAction\":[{\"@type\":\"ReadAction\",\"target\":[\"https:\\\/\\\/avrupatv.eu\\\/index.php\\\/2024\\\/11\\\/08\\\/narin-guran-cinayetinde-sok-gelisme\\\/\"]}]},{\"@type\":\"ImageObject\",\"inLanguage\":\"tr\",\"@id\":\"https:\\\/\\\/avrupatv.eu\\\/index.php\\\/2024\\\/11\\\/08\\\/narin-guran-cinayetinde-sok-gelisme\\\/#primaryimage\",\"url\":\"https:\\\/\\\/avrupatv.eu\\\/wp-content\\\/uploads\\\/2024\\\/11\\\/narin.jpg\",\"contentUrl\":\"https:\\\/\\\/avrupatv.eu\\\/wp-content\\\/uploads\\\/2024\\\/11\\\/narin.jpg\",\"width\":785,\"height\":442},{\"@type\":\"BreadcrumbList\",\"@id\":\"https:\\\/\\\/avrupatv.eu\\\/index.php\\\/2024\\\/11\\\/08\\\/narin-guran-cinayetinde-sok-gelisme\\\/#breadcrumb\",\"itemListElement\":[{\"@type\":\"ListItem\",\"position\":1,\"name\":\"Anasayfa\",\"item\":\"https:\\\/\\\/avrupatv.eu\\\/\"},{\"@type\":\"ListItem\",\"position\":2,\"name\":\"Narin G\u00fcran cinayetinde \u015fok geli\u015fme\"}]},{\"@type\":\"WebSite\",\"@id\":\"https:\\\/\\\/avrupatv.eu\\\/#website\",\"url\":\"https:\\\/\\\/avrupatv.eu\\\/\",\"name\":\"Avrupal\u0131 T\u00fcrklerin en Yeni Haber Portal\u0131\",\"description\":\"\",\"publisher\":{\"@id\":\"https:\\\/\\\/avrupatv.eu\\\/#organization\"},\"alternateName\":\"Avrupa tv\",\"potentialAction\":[{\"@type\":\"SearchAction\",\"target\":{\"@type\":\"EntryPoint\",\"urlTemplate\":\"https:\\\/\\\/avrupatv.eu\\\/?s={search_term_string}\"},\"query-input\":{\"@type\":\"PropertyValueSpecification\",\"valueRequired\":true,\"valueName\":\"search_term_string\"}}],\"inLanguage\":\"tr\"},{\"@type\":\"Organization\",\"@id\":\"https:\\\/\\\/avrupatv.eu\\\/#organization\",\"name\":\"Avrupa Haber\",\"url\":\"https:\\\/\\\/avrupatv.eu\\\/\",\"logo\":{\"@type\":\"ImageObject\",\"inLanguage\":\"tr\",\"@id\":\"https:\\\/\\\/avrupatv.eu\\\/#\\\/schema\\\/logo\\\/image\\\/\",\"url\":\"https:\\\/\\\/avrupatv.eu\\\/wp-content\\\/uploads\\\/2023\\\/10\\\/cropped-thumbnail_logo.png\",\"contentUrl\":\"https:\\\/\\\/avrupatv.eu\\\/wp-content\\\/uploads\\\/2023\\\/10\\\/cropped-thumbnail_logo.png\",\"width\":1025,\"height\":302,\"caption\":\"Avrupa Haber\"},\"image\":{\"@id\":\"https:\\\/\\\/avrupatv.eu\\\/#\\\/schema\\\/logo\\\/image\\\/\"}},{\"@type\":\"Person\",\"@id\":\"https:\\\/\\\/avrupatv.eu\\\/#\\\/schema\\\/person\\\/d56afa5d5569da4029d483da36c0c17d\",\"name\":\"Onur Akpinar\",\"image\":{\"@type\":\"ImageObject\",\"inLanguage\":\"tr\",\"@id\":\"https:\\\/\\\/secure.gravatar.com\\\/avatar\\\/67a1a0bdf34f82da209334e4684b7e7171a58a5a2b0a8f836b61044f5c1f5d6a?s=96&d=mm&r=g\",\"url\":\"https:\\\/\\\/secure.gravatar.com\\\/avatar\\\/67a1a0bdf34f82da209334e4684b7e7171a58a5a2b0a8f836b61044f5c1f5d6a?s=96&d=mm&r=g\",\"contentUrl\":\"https:\\\/\\\/secure.gravatar.com\\\/avatar\\\/67a1a0bdf34f82da209334e4684b7e7171a58a5a2b0a8f836b61044f5c1f5d6a?s=96&d=mm&r=g\",\"caption\":\"Onur Akpinar\"},\"url\":\"https:\\\/\\\/avrupatv.eu\\\/index.php\\\/author\\\/onur-akpinar\\\/\"}]}<\/script>\n<!-- \/ Yoast SEO plugin. -->","yoast_head_json":{"title":"Narin G\u00fcran cinayetinde \u015fok geli\u015fme - Avrupal\u0131 T\u00fcrklerin en Yeni Haber Portal\u0131","robots":{"index":"index","follow":"follow","max-snippet":"max-snippet:-1","max-image-preview":"max-image-preview:large","max-video-preview":"max-video-preview:-1"},"canonical":"https:\/\/avrupatv.eu\/index.php\/2024\/11\/08\/narin-guran-cinayetinde-sok-gelisme\/","og_locale":"tr_TR","og_type":"article","og_title":"Narin G\u00fcran cinayetinde \u015fok geli\u015fme - Avrupal\u0131 T\u00fcrklerin en Yeni Haber Portal\u0131","og_description":"Diyarbak\u0131r&#8217;da 8 Ya\u015f\u0131ndaki Narin G\u00fcran\u2019\u0131n \u00d6ld\u00fcr\u00fclmesi Davas\u0131nda Yeni Geli\u015fmeler Diyarbak\u0131r\u2019da 8 ya\u015f\u0131ndaki Narin G\u00fcran\u2019\u0131n \u00f6ld\u00fcr\u00fclmesine ili\u015fkin davan\u0131n ikinci duru\u015fmas\u0131nda \u00f6nemli geli\u015fmeler ya\u015fand\u0131. Diyarbak\u0131r 8. A\u011f\u0131r Ceza Mahkemesi\u2019nde g\u00f6r\u00fclen davada, tutuklu san\u0131klar Salim G\u00fcran (amca), Y\u00fcksel G\u00fcran (anne), Enes G\u00fcran (a\u011fabey) ve Narin\u2019in cesedini E\u011fertutmaz Deresi\u2019ne saklad\u0131\u011f\u0131n\u0131 itiraf eden Nevzat Bahtiyar duru\u015fmaya kat\u0131ld\u0131. Narin G\u00fcran\u2019\u0131n Kayboldu\u011fu [&hellip;]","og_url":"https:\/\/avrupatv.eu\/index.php\/2024\/11\/08\/narin-guran-cinayetinde-sok-gelisme\/","og_site_name":"Avrupal\u0131 T\u00fcrklerin en Yeni Haber Portal\u0131","article_published_time":"2024-11-08T14:32:45+00:00","og_image":[{"width":785,"height":442,"url":"https:\/\/avrupatv.eu\/wp-content\/uploads\/2024\/11\/narin.jpg","type":"image\/jpeg"}],"author":"Onur Akpinar","twitter_card":"summary_large_image","twitter_misc":{"Yazan:":"Onur Akpinar","Tahmini okuma s\u00fcresi":"3 dakika"},"schema":{"@context":"https:\/\/schema.org","@graph":[{"@type":"Article","@id":"https:\/\/avrupatv.eu\/index.php\/2024\/11\/08\/narin-guran-cinayetinde-sok-gelisme\/#article","isPartOf":{"@id":"https:\/\/avrupatv.eu\/index.php\/2024\/11\/08\/narin-guran-cinayetinde-sok-gelisme\/"},"author":{"name":"Onur Akpinar","@id":"https:\/\/avrupatv.eu\/#\/schema\/person\/d56afa5d5569da4029d483da36c0c17d"},"headline":"Narin G\u00fcran cinayetinde \u015fok geli\u015fme","datePublished":"2024-11-08T14:32:45+00:00","mainEntityOfPage":{"@id":"https:\/\/avrupatv.eu\/index.php\/2024\/11\/08\/narin-guran-cinayetinde-sok-gelisme\/"},"wordCount":491,"commentCount":0,"publisher":{"@id":"https:\/\/avrupatv.eu\/#organization"},"image":{"@id":"https:\/\/avrupatv.eu\/index.php\/2024\/11\/08\/narin-guran-cinayetinde-sok-gelisme\/#primaryimage"},"thumbnailUrl":"https:\/\/avrupatv.eu\/wp-content\/uploads\/2024\/11\/narin.jpg","articleSection":["G\u00fcndem","T\u00fcrkiye"],"inLanguage":"tr","potentialAction":[{"@type":"CommentAction","name":"Comment","target":["https:\/\/avrupatv.eu\/index.php\/2024\/11\/08\/narin-guran-cinayetinde-sok-gelisme\/#respond"]}]},{"@type":"WebPage","@id":"https:\/\/avrupatv.eu\/index.php\/2024\/11\/08\/narin-guran-cinayetinde-sok-gelisme\/","url":"https:\/\/avrupatv.eu\/index.php\/2024\/11\/08\/narin-guran-cinayetinde-sok-gelisme\/","name":"Narin G\u00fcran cinayetinde \u015fok geli\u015fme - Avrupal\u0131 T\u00fcrklerin en Yeni Haber Portal\u0131","isPartOf":{"@id":"https:\/\/avrupatv.eu\/#website"},"primaryImageOfPage":{"@id":"https:\/\/avrupatv.eu\/index.php\/2024\/11\/08\/narin-guran-cinayetinde-sok-gelisme\/#primaryimage"},"image":{"@id":"https:\/\/avrupatv.eu\/index.php\/2024\/11\/08\/narin-guran-cinayetinde-sok-gelisme\/#primaryimage"},"thumbnailUrl":"https:\/\/avrupatv.eu\/wp-content\/uploads\/2024\/11\/narin.jpg","datePublished":"2024-11-08T14:32:45+00:00","breadcrumb":{"@id":"https:\/\/avrupatv.eu\/index.php\/2024\/11\/08\/narin-guran-cinayetinde-sok-gelisme\/#breadcrumb"},"inLanguage":"tr","potentialAction":[{"@type":"ReadAction","target":["https:\/\/avrupatv.eu\/index.php\/2024\/11\/08\/narin-guran-cinayetinde-sok-gelisme\/"]}]},{"@type":"ImageObject","inLanguage":"tr","@id":"https:\/\/avrupatv.eu\/index.php\/2024\/11\/08\/narin-guran-cinayetinde-sok-gelisme\/#primaryimage","url":"https:\/\/avrupatv.eu\/wp-content\/uploads\/2024\/11\/narin.jpg","contentUrl":"https:\/\/avrupatv.eu\/wp-content\/uploads\/2024\/11\/narin.jpg","width":785,"height":442},{"@type":"BreadcrumbList","@id":"https:\/\/avrupatv.eu\/index.php\/2024\/11\/08\/narin-guran-cinayetinde-sok-gelisme\/#breadcrumb","itemListElement":[{"@type":"ListItem","position":1,"name":"Anasayfa","item":"https:\/\/avrupatv.eu\/"},{"@type":"ListItem","position":2,"name":"Narin G\u00fcran cinayetinde \u015fok geli\u015fme"}]},{"@type":"WebSite","@id":"https:\/\/avrupatv.eu\/#website","url":"https:\/\/avrupatv.eu\/","name":"Avrupal\u0131 T\u00fcrklerin en Yeni Haber Portal\u0131","description":"","publisher":{"@id":"https:\/\/avrupatv.eu\/#organization"},"alternateName":"Avrupa tv","potentialAction":[{"@type":"SearchAction","target":{"@type":"EntryPoint","urlTemplate":"https:\/\/avrupatv.eu\/?s={search_term_string}"},"query-input":{"@type":"PropertyValueSpecification","valueRequired":true,"valueName":"search_term_string"}}],"inLanguage":"tr"},{"@type":"Organization","@id":"https:\/\/avrupatv.eu\/#organization","name":"Avrupa Haber","url":"https:\/\/avrupatv.eu\/","logo":{"@type":"ImageObject","inLanguage":"tr","@id":"https:\/\/avrupatv.eu\/#\/schema\/logo\/image\/","url":"https:\/\/avrupatv.eu\/wp-content\/uploads\/2023\/10\/cropped-thumbnail_logo.png","contentUrl":"https:\/\/avrupatv.eu\/wp-content\/uploads\/2023\/10\/cropped-thumbnail_logo.png","width":1025,"height":302,"caption":"Avrupa Haber"},"image":{"@id":"https:\/\/avrupatv.eu\/#\/schema\/logo\/image\/"}},{"@type":"Person","@id":"https:\/\/avrupatv.eu\/#\/schema\/person\/d56afa5d5569da4029d483da36c0c17d","name":"Onur Akpinar","image":{"@type":"ImageObject","inLanguage":"tr","@id":"https:\/\/secure.gravatar.com\/avatar\/67a1a0bdf34f82da209334e4684b7e7171a58a5a2b0a8f836b61044f5c1f5d6a?s=96&d=mm&r=g","url":"https:\/\/secure.gravatar.com\/avatar\/67a1a0bdf34f82da209334e4684b7e7171a58a5a2b0a8f836b61044f5c1f5d6a?s=96&d=mm&r=g","contentUrl":"https:\/\/secure.gravatar.com\/avatar\/67a1a0bdf34f82da209334e4684b7e7171a58a5a2b0a8f836b61044f5c1f5d6a?s=96&d=mm&r=g","caption":"Onur Akpinar"},"url":"https:\/\/avrupatv.eu\/index.php\/author\/onur-akpinar\/"}]}},"_links":{"self":[{"href":"https:\/\/avrupatv.eu\/index.php\/wp-json\/wp\/v2\/posts\/559","targetHints":{"allow":["GET"]}}],"collection":[{"href":"https:\/\/avrupatv.eu\/index.php\/wp-json\/wp\/v2\/posts"}],"about":[{"href":"https:\/\/avrupatv.eu\/index.php\/wp-json\/wp\/v2\/types\/post"}],"author":[{"embeddable":true,"href":"https:\/\/avrupatv.eu\/index.php\/wp-json\/wp\/v2\/users\/2"}],"replies":[{"embeddable":true,"href":"https:\/\/avrupatv.eu\/index.php\/wp-json\/wp\/v2\/comments?post=559"}],"version-history":[{"count":1,"href":"https:\/\/avrupatv.eu\/index.php\/wp-json\/wp\/v2\/posts\/559\/revisions"}],"predecessor-version":[{"id":561,"href":"https:\/\/avrupatv.eu\/index.php\/wp-json\/wp\/v2\/posts\/559\/revisions\/561"}],"wp:featuredmedia":[{"embeddable":true,"href":"https:\/\/avrupatv.eu\/index.php\/wp-json\/wp\/v2\/media\/560"}],"wp:attachment":[{"href":"https:\/\/avrupatv.eu\/index.php\/wp-json\/wp\/v2\/media?parent=559"}],"wp:term":[{"taxonomy":"category","embeddable":true,"href":"https:\/\/avrupatv.eu\/index.php\/wp-json\/wp\/v2\/categories?post=559"},{"taxonomy":"post_tag","embeddable":true,"href":"https:\/\/avrupatv.eu\/index.php\/wp-json\/wp\/v2\/tags?post=559"}],"curies":[{"name":"wp","href":"https:\/\/api.w.org\/{rel}","templated":true}]}}