{"id":491,"date":"2024-06-23T22:37:33","date_gmt":"2024-06-23T22:37:33","guid":{"rendered":"https:\/\/avrupatv.eu\/?p=491"},"modified":"2024-06-23T22:37:34","modified_gmt":"2024-06-23T22:37:34","slug":"adem-guller-85-milyon-nasil-uyutulur-montella-kursu-basladi","status":"publish","type":"post","link":"https:\/\/avrupatv.eu\/index.php\/2024\/06\/23\/adem-guller-85-milyon-nasil-uyutulur-montella-kursu-basladi\/","title":{"rendered":"Adem G\u00fcller &#8221;85 milyon nas\u0131l uyutulur Montella kursu ba\u015flad\u0131&#8221;"},"content":{"rendered":"\n<p><strong>Altay Bay\u0131nd\u0131r tercihinin alt\u0131nda ney yat\u0131yor Montella?<\/strong><\/p>\n\n\n\n<p>Benim gibi t\u00fcm futbol severler ilk onbiri g\u00f6r\u00fcnce \u015fa\u015f\u0131rd\u0131 hakl\u0131 olarak. Oynad\u0131\u011f\u0131m\u0131z tak\u0131m Portekiz ve \u00e7\u0131kard\u0131\u011f\u0131n tak\u0131m rezil. Elinde ge\u00e7en ma\u00e7\u0131n en iyilerinden olan Arda G\u00fcler&#8217;i yedek ba\u015flat\u0131yorsun. Yapt\u0131\u011f\u0131n a\u00e7\u0131klamalar <strong>skandal<\/strong> zaten diyorsun ki Arda&#8217;n\u0131n oynayaca\u011f\u0131 maksimum s\u00fcre yar\u0131m saat ee oynat ilk otuz dakika madem \u00f6yle. Kalede Altay Bay\u0131nd\u0131r ne alaka? Altay gitti\u011fi tak\u0131mda do\u011fru d\u00fczg\u00fcn doksan dakika oynamad\u0131. Mert G\u00fcnok&#8217;la \u00e7\u0131k\u0131yorsun ilk ma\u00e7a ve ikinci ma\u00e7 Altay ile \u00e7\u0131k\u0131yorsun. B\u00fcy\u00fck bir zaafiyet var, bir teknik adam olarak en b\u00fcy\u00fck zarar\u0131 sen veriyorsun milli tak\u0131ma. Elinde U\u011furcan \u00c7ak\u0131r var Trabzonspor&#8217;da devaml\u0131 oynayan kaleci. Neden bu ma\u00e7ta oynatm\u0131yorsun?<\/p>\n\n\n\n<p><strong>Portekize odaklanm\u0131\u015f, iyi uykular <em>yalanc\u0131<\/em> Montella..<\/strong><\/p>\n\n\n\n<p>Tamamen Portekize odakland\u0131k iyi \u00e7al\u0131\u015ft\u0131k diyorsun, yapma arkada\u015f bu futbol ile Portekize nas\u0131l \u00e7al\u0131\u015ft\u0131n sen? Nas\u0131l tamamen Portekize odakland\u0131n? Hi\u00e7 bir \u00e7al\u0131\u015fma olmam\u0131\u015f d\u00fcnk\u00fc ma\u00e7ta. G\u00f6rd\u00fc\u011f\u00fcm\u00fcz sadece \u015fuydu &#8221;tamamen bu ma\u00e7\u0131 kaybedece\u011fiz, bu ma\u00e7\u0131 kaybetmek normal kar\u015f\u0131lan\u0131r ve \u00c7ek Cumhuriyeti ma\u00e7\u0131na odaklanaca\u011f\u0131z&#8221;. Portekiz ma\u00e7\u0131na haz\u0131rland\u0131k demeleri pek inand\u0131r\u0131c\u0131 gelmiyor, kimseyi kand\u0131rmay\u0131n. Berbat bir haldeydik Portekiz ma\u00e7\u0131nda Bar\u0131\u015f Alper neden forvet? Senin forvet futbolcun yokmu? Bu \u00e7ocuklara yaz\u0131k de\u011fil mi? Bar\u0131\u015f Alper&#8217;\u0131n yeri belli, adam kanat oyuncusu forvet de\u011fil. <\/p>\n\n\n\n<p><strong>Su\u00e7 futbolcularda de\u011fil, ben sahaya \u00e7\u0131km\u0131yorum diyemezler ya?<\/strong><\/p>\n\n\n\n<p>Futbolcular o ma\u00e7ta ne kadar hata yaparsa yaps\u0131n su\u00e7u ben futbolcularda bulmuyorum. Hi\u00e7 biri b\u00f6yle sonu\u00e7 almak istemezdi. Su\u00e7lanacak biri varsa o da Montella&#8217;d\u0131r. \u00c7\u0131kard\u0131\u011f\u0131 kadro ger\u00e7ekten berbat, Portekiz kar\u015f\u0131s\u0131nda tutunacak bir kadro de\u011fildi. G\u00fcrcistan ma\u00e7\u0131nda futbolculurda bir uyum vard\u0131 sahada, bukadar de\u011fi\u015fiklik neden? Kar\u015f\u0131 rakipte d\u00fcnya y\u0131ld\u0131z\u0131 varken bizim d\u00fcnya y\u0131ld\u0131z\u0131m\u0131z Arda G\u00fcler yedeklerde, bu mu kazanma mentalitesi? <\/p>\n\n\n\n<p>Umar\u0131m hatalar\u0131ndan ders al\u0131r ve avrupa kupalar\u0131nda T\u00fcrk bayra\u011f\u0131 hak etti\u011fi yeri al\u0131r. Ba\u015far\u0131lar bizim \u00e7ocuklar.<\/p>\n\n\n\n<p><strong>Avrupa tv spor yorumcusu Adem G\u00fcller<\/strong><\/p>\n","protected":false},"excerpt":{"rendered":"<p>Altay Bay\u0131nd\u0131r tercihinin alt\u0131nda ney yat\u0131yor Montella? Benim gibi t\u00fcm futbol severler ilk onbiri g\u00f6r\u00fcnce \u015fa\u015f\u0131rd\u0131 hakl\u0131 olarak. Oynad\u0131\u011f\u0131m\u0131z tak\u0131m Portekiz ve \u00e7\u0131kard\u0131\u011f\u0131n tak\u0131m rezil. Elinde ge\u00e7en ma\u00e7\u0131n en iyilerinden olan Arda G\u00fcler&#8217;i yedek ba\u015flat\u0131yorsun. Yapt\u0131\u011f\u0131n a\u00e7\u0131klamalar skandal zaten diyorsun ki Arda&#8217;n\u0131n oynayaca\u011f\u0131 maksimum s\u00fcre yar\u0131m saat ee oynat ilk otuz dakika madem \u00f6yle. Kalede [&hellip;]<\/p>\n","protected":false},"author":2,"featured_media":492,"comment_status":"open","ping_status":"open","sticky":false,"template":"","format":"standard","meta":{"footnotes":""},"categories":[9,10,11],"tags":[],"class_list":["post-491","post","type-post","status-publish","format-standard","has-post-thumbnail","hentry","category-avrupa","category-futbol","category-turkiye"],"yoast_head":"<!-- This site is optimized with the Yoast SEO plugin v27.4 - https:\/\/yoast.com\/product\/yoast-seo-wordpress\/ -->\n<title>Adem G\u00fcller &#039;&#039;85 milyon nas\u0131l uyutulur Montella kursu ba\u015flad\u0131&#039;&#039; - Avrupal\u0131 T\u00fcrklerin en Yeni Haber Portal\u0131<\/title>\n<meta name=\"robots\" content=\"index, follow, max-snippet:-1, max-image-preview:large, max-video-preview:-1\" \/>\n<link rel=\"canonical\" href=\"https:\/\/avrupatv.eu\/index.php\/2024\/06\/23\/adem-guller-85-milyon-nasil-uyutulur-montella-kursu-basladi\/\" \/>\n<meta property=\"og:locale\" content=\"tr_TR\" \/>\n<meta property=\"og:type\" content=\"article\" \/>\n<meta property=\"og:title\" content=\"Adem G\u00fcller &#039;&#039;85 milyon nas\u0131l uyutulur Montella kursu ba\u015flad\u0131&#039;&#039; - Avrupal\u0131 T\u00fcrklerin en Yeni Haber Portal\u0131\" \/>\n<meta property=\"og:description\" content=\"Altay Bay\u0131nd\u0131r tercihinin alt\u0131nda ney yat\u0131yor Montella? Benim gibi t\u00fcm futbol severler ilk onbiri g\u00f6r\u00fcnce \u015fa\u015f\u0131rd\u0131 hakl\u0131 olarak. Oynad\u0131\u011f\u0131m\u0131z tak\u0131m Portekiz ve \u00e7\u0131kard\u0131\u011f\u0131n tak\u0131m rezil. Elinde ge\u00e7en ma\u00e7\u0131n en iyilerinden olan Arda G\u00fcler&#8217;i yedek ba\u015flat\u0131yorsun. Yapt\u0131\u011f\u0131n a\u00e7\u0131klamalar skandal zaten diyorsun ki Arda&#8217;n\u0131n oynayaca\u011f\u0131 maksimum s\u00fcre yar\u0131m saat ee oynat ilk otuz dakika madem \u00f6yle. Kalede [&hellip;]\" \/>\n<meta property=\"og:url\" content=\"https:\/\/avrupatv.eu\/index.php\/2024\/06\/23\/adem-guller-85-milyon-nasil-uyutulur-montella-kursu-basladi\/\" \/>\n<meta property=\"og:site_name\" content=\"Avrupal\u0131 T\u00fcrklerin en Yeni Haber Portal\u0131\" \/>\n<meta property=\"article:published_time\" content=\"2024-06-23T22:37:33+00:00\" \/>\n<meta property=\"article:modified_time\" content=\"2024-06-23T22:37:34+00:00\" \/>\n<meta property=\"og:image\" content=\"https:\/\/avrupatv.eu\/wp-content\/uploads\/2024\/06\/652b75d54e3fe0257c920197.webp\" \/>\n\t<meta property=\"og:image:width\" content=\"750\" \/>\n\t<meta property=\"og:image:height\" content=\"422\" \/>\n\t<meta property=\"og:image:type\" content=\"image\/webp\" \/>\n<meta name=\"author\" content=\"Onur Akpinar\" \/>\n<meta name=\"twitter:card\" content=\"summary_large_image\" \/>\n<meta name=\"twitter:label1\" content=\"Yazan:\" \/>\n\t<meta name=\"twitter:data1\" content=\"Onur Akpinar\" \/>\n\t<meta name=\"twitter:label2\" content=\"Tahmini okuma s\u00fcresi\" \/>\n\t<meta name=\"twitter:data2\" content=\"2 dakika\" \/>\n<script type=\"application\/ld+json\" class=\"yoast-schema-graph\">{\"@context\":\"https:\\\/\\\/schema.org\",\"@graph\":[{\"@type\":\"Article\",\"@id\":\"https:\\\/\\\/avrupatv.eu\\\/index.php\\\/2024\\\/06\\\/23\\\/adem-guller-85-milyon-nasil-uyutulur-montella-kursu-basladi\\\/#article\",\"isPartOf\":{\"@id\":\"https:\\\/\\\/avrupatv.eu\\\/index.php\\\/2024\\\/06\\\/23\\\/adem-guller-85-milyon-nasil-uyutulur-montella-kursu-basladi\\\/\"},\"author\":{\"name\":\"Onur Akpinar\",\"@id\":\"https:\\\/\\\/avrupatv.eu\\\/#\\\/schema\\\/person\\\/d56afa5d5569da4029d483da36c0c17d\"},\"headline\":\"Adem G\u00fcller &#8221;85 milyon nas\u0131l uyutulur Montella kursu ba\u015flad\u0131&#8221;\",\"datePublished\":\"2024-06-23T22:37:33+00:00\",\"dateModified\":\"2024-06-23T22:37:34+00:00\",\"mainEntityOfPage\":{\"@id\":\"https:\\\/\\\/avrupatv.eu\\\/index.php\\\/2024\\\/06\\\/23\\\/adem-guller-85-milyon-nasil-uyutulur-montella-kursu-basladi\\\/\"},\"wordCount\":403,\"commentCount\":0,\"publisher\":{\"@id\":\"https:\\\/\\\/avrupatv.eu\\\/#organization\"},\"image\":{\"@id\":\"https:\\\/\\\/avrupatv.eu\\\/index.php\\\/2024\\\/06\\\/23\\\/adem-guller-85-milyon-nasil-uyutulur-montella-kursu-basladi\\\/#primaryimage\"},\"thumbnailUrl\":\"https:\\\/\\\/avrupatv.eu\\\/wp-content\\\/uploads\\\/2024\\\/06\\\/652b75d54e3fe0257c920197.webp\",\"articleSection\":[\"Avrupa\",\"Futbol\",\"T\u00fcrkiye\"],\"inLanguage\":\"tr\",\"potentialAction\":[{\"@type\":\"CommentAction\",\"name\":\"Comment\",\"target\":[\"https:\\\/\\\/avrupatv.eu\\\/index.php\\\/2024\\\/06\\\/23\\\/adem-guller-85-milyon-nasil-uyutulur-montella-kursu-basladi\\\/#respond\"]}]},{\"@type\":\"WebPage\",\"@id\":\"https:\\\/\\\/avrupatv.eu\\\/index.php\\\/2024\\\/06\\\/23\\\/adem-guller-85-milyon-nasil-uyutulur-montella-kursu-basladi\\\/\",\"url\":\"https:\\\/\\\/avrupatv.eu\\\/index.php\\\/2024\\\/06\\\/23\\\/adem-guller-85-milyon-nasil-uyutulur-montella-kursu-basladi\\\/\",\"name\":\"Adem G\u00fcller ''85 milyon nas\u0131l uyutulur Montella kursu ba\u015flad\u0131'' - Avrupal\u0131 T\u00fcrklerin en Yeni Haber Portal\u0131\",\"isPartOf\":{\"@id\":\"https:\\\/\\\/avrupatv.eu\\\/#website\"},\"primaryImageOfPage\":{\"@id\":\"https:\\\/\\\/avrupatv.eu\\\/index.php\\\/2024\\\/06\\\/23\\\/adem-guller-85-milyon-nasil-uyutulur-montella-kursu-basladi\\\/#primaryimage\"},\"image\":{\"@id\":\"https:\\\/\\\/avrupatv.eu\\\/index.php\\\/2024\\\/06\\\/23\\\/adem-guller-85-milyon-nasil-uyutulur-montella-kursu-basladi\\\/#primaryimage\"},\"thumbnailUrl\":\"https:\\\/\\\/avrupatv.eu\\\/wp-content\\\/uploads\\\/2024\\\/06\\\/652b75d54e3fe0257c920197.webp\",\"datePublished\":\"2024-06-23T22:37:33+00:00\",\"dateModified\":\"2024-06-23T22:37:34+00:00\",\"breadcrumb\":{\"@id\":\"https:\\\/\\\/avrupatv.eu\\\/index.php\\\/2024\\\/06\\\/23\\\/adem-guller-85-milyon-nasil-uyutulur-montella-kursu-basladi\\\/#breadcrumb\"},\"inLanguage\":\"tr\",\"potentialAction\":[{\"@type\":\"ReadAction\",\"target\":[\"https:\\\/\\\/avrupatv.eu\\\/index.php\\\/2024\\\/06\\\/23\\\/adem-guller-85-milyon-nasil-uyutulur-montella-kursu-basladi\\\/\"]}]},{\"@type\":\"ImageObject\",\"inLanguage\":\"tr\",\"@id\":\"https:\\\/\\\/avrupatv.eu\\\/index.php\\\/2024\\\/06\\\/23\\\/adem-guller-85-milyon-nasil-uyutulur-montella-kursu-basladi\\\/#primaryimage\",\"url\":\"https:\\\/\\\/avrupatv.eu\\\/wp-content\\\/uploads\\\/2024\\\/06\\\/652b75d54e3fe0257c920197.webp\",\"contentUrl\":\"https:\\\/\\\/avrupatv.eu\\\/wp-content\\\/uploads\\\/2024\\\/06\\\/652b75d54e3fe0257c920197.webp\",\"width\":750,\"height\":422},{\"@type\":\"BreadcrumbList\",\"@id\":\"https:\\\/\\\/avrupatv.eu\\\/index.php\\\/2024\\\/06\\\/23\\\/adem-guller-85-milyon-nasil-uyutulur-montella-kursu-basladi\\\/#breadcrumb\",\"itemListElement\":[{\"@type\":\"ListItem\",\"position\":1,\"name\":\"Anasayfa\",\"item\":\"https:\\\/\\\/avrupatv.eu\\\/\"},{\"@type\":\"ListItem\",\"position\":2,\"name\":\"Adem G\u00fcller &#8221;85 milyon nas\u0131l uyutulur Montella kursu ba\u015flad\u0131&#8221;\"}]},{\"@type\":\"WebSite\",\"@id\":\"https:\\\/\\\/avrupatv.eu\\\/#website\",\"url\":\"https:\\\/\\\/avrupatv.eu\\\/\",\"name\":\"Avrupal\u0131 T\u00fcrklerin en Yeni Haber Portal\u0131\",\"description\":\"\",\"publisher\":{\"@id\":\"https:\\\/\\\/avrupatv.eu\\\/#organization\"},\"alternateName\":\"Avrupa tv\",\"potentialAction\":[{\"@type\":\"SearchAction\",\"target\":{\"@type\":\"EntryPoint\",\"urlTemplate\":\"https:\\\/\\\/avrupatv.eu\\\/?s={search_term_string}\"},\"query-input\":{\"@type\":\"PropertyValueSpecification\",\"valueRequired\":true,\"valueName\":\"search_term_string\"}}],\"inLanguage\":\"tr\"},{\"@type\":\"Organization\",\"@id\":\"https:\\\/\\\/avrupatv.eu\\\/#organization\",\"name\":\"Avrupa Haber\",\"url\":\"https:\\\/\\\/avrupatv.eu\\\/\",\"logo\":{\"@type\":\"ImageObject\",\"inLanguage\":\"tr\",\"@id\":\"https:\\\/\\\/avrupatv.eu\\\/#\\\/schema\\\/logo\\\/image\\\/\",\"url\":\"https:\\\/\\\/avrupatv.eu\\\/wp-content\\\/uploads\\\/2023\\\/10\\\/cropped-thumbnail_logo.png\",\"contentUrl\":\"https:\\\/\\\/avrupatv.eu\\\/wp-content\\\/uploads\\\/2023\\\/10\\\/cropped-thumbnail_logo.png\",\"width\":1025,\"height\":302,\"caption\":\"Avrupa Haber\"},\"image\":{\"@id\":\"https:\\\/\\\/avrupatv.eu\\\/#\\\/schema\\\/logo\\\/image\\\/\"}},{\"@type\":\"Person\",\"@id\":\"https:\\\/\\\/avrupatv.eu\\\/#\\\/schema\\\/person\\\/d56afa5d5569da4029d483da36c0c17d\",\"name\":\"Onur Akpinar\",\"image\":{\"@type\":\"ImageObject\",\"inLanguage\":\"tr\",\"@id\":\"https:\\\/\\\/secure.gravatar.com\\\/avatar\\\/67a1a0bdf34f82da209334e4684b7e7171a58a5a2b0a8f836b61044f5c1f5d6a?s=96&d=mm&r=g\",\"url\":\"https:\\\/\\\/secure.gravatar.com\\\/avatar\\\/67a1a0bdf34f82da209334e4684b7e7171a58a5a2b0a8f836b61044f5c1f5d6a?s=96&d=mm&r=g\",\"contentUrl\":\"https:\\\/\\\/secure.gravatar.com\\\/avatar\\\/67a1a0bdf34f82da209334e4684b7e7171a58a5a2b0a8f836b61044f5c1f5d6a?s=96&d=mm&r=g\",\"caption\":\"Onur Akpinar\"},\"url\":\"https:\\\/\\\/avrupatv.eu\\\/index.php\\\/author\\\/onur-akpinar\\\/\"}]}<\/script>\n<!-- \/ Yoast SEO plugin. -->","yoast_head_json":{"title":"Adem G\u00fcller ''85 milyon nas\u0131l uyutulur Montella kursu ba\u015flad\u0131'' - Avrupal\u0131 T\u00fcrklerin en Yeni Haber Portal\u0131","robots":{"index":"index","follow":"follow","max-snippet":"max-snippet:-1","max-image-preview":"max-image-preview:large","max-video-preview":"max-video-preview:-1"},"canonical":"https:\/\/avrupatv.eu\/index.php\/2024\/06\/23\/adem-guller-85-milyon-nasil-uyutulur-montella-kursu-basladi\/","og_locale":"tr_TR","og_type":"article","og_title":"Adem G\u00fcller ''85 milyon nas\u0131l uyutulur Montella kursu ba\u015flad\u0131'' - Avrupal\u0131 T\u00fcrklerin en Yeni Haber Portal\u0131","og_description":"Altay Bay\u0131nd\u0131r tercihinin alt\u0131nda ney yat\u0131yor Montella? Benim gibi t\u00fcm futbol severler ilk onbiri g\u00f6r\u00fcnce \u015fa\u015f\u0131rd\u0131 hakl\u0131 olarak. Oynad\u0131\u011f\u0131m\u0131z tak\u0131m Portekiz ve \u00e7\u0131kard\u0131\u011f\u0131n tak\u0131m rezil. Elinde ge\u00e7en ma\u00e7\u0131n en iyilerinden olan Arda G\u00fcler&#8217;i yedek ba\u015flat\u0131yorsun. Yapt\u0131\u011f\u0131n a\u00e7\u0131klamalar skandal zaten diyorsun ki Arda&#8217;n\u0131n oynayaca\u011f\u0131 maksimum s\u00fcre yar\u0131m saat ee oynat ilk otuz dakika madem \u00f6yle. Kalede [&hellip;]","og_url":"https:\/\/avrupatv.eu\/index.php\/2024\/06\/23\/adem-guller-85-milyon-nasil-uyutulur-montella-kursu-basladi\/","og_site_name":"Avrupal\u0131 T\u00fcrklerin en Yeni Haber Portal\u0131","article_published_time":"2024-06-23T22:37:33+00:00","article_modified_time":"2024-06-23T22:37:34+00:00","og_image":[{"width":750,"height":422,"url":"https:\/\/avrupatv.eu\/wp-content\/uploads\/2024\/06\/652b75d54e3fe0257c920197.webp","type":"image\/webp"}],"author":"Onur Akpinar","twitter_card":"summary_large_image","twitter_misc":{"Yazan:":"Onur Akpinar","Tahmini okuma s\u00fcresi":"2 dakika"},"schema":{"@context":"https:\/\/schema.org","@graph":[{"@type":"Article","@id":"https:\/\/avrupatv.eu\/index.php\/2024\/06\/23\/adem-guller-85-milyon-nasil-uyutulur-montella-kursu-basladi\/#article","isPartOf":{"@id":"https:\/\/avrupatv.eu\/index.php\/2024\/06\/23\/adem-guller-85-milyon-nasil-uyutulur-montella-kursu-basladi\/"},"author":{"name":"Onur Akpinar","@id":"https:\/\/avrupatv.eu\/#\/schema\/person\/d56afa5d5569da4029d483da36c0c17d"},"headline":"Adem G\u00fcller &#8221;85 milyon nas\u0131l uyutulur Montella kursu ba\u015flad\u0131&#8221;","datePublished":"2024-06-23T22:37:33+00:00","dateModified":"2024-06-23T22:37:34+00:00","mainEntityOfPage":{"@id":"https:\/\/avrupatv.eu\/index.php\/2024\/06\/23\/adem-guller-85-milyon-nasil-uyutulur-montella-kursu-basladi\/"},"wordCount":403,"commentCount":0,"publisher":{"@id":"https:\/\/avrupatv.eu\/#organization"},"image":{"@id":"https:\/\/avrupatv.eu\/index.php\/2024\/06\/23\/adem-guller-85-milyon-nasil-uyutulur-montella-kursu-basladi\/#primaryimage"},"thumbnailUrl":"https:\/\/avrupatv.eu\/wp-content\/uploads\/2024\/06\/652b75d54e3fe0257c920197.webp","articleSection":["Avrupa","Futbol","T\u00fcrkiye"],"inLanguage":"tr","potentialAction":[{"@type":"CommentAction","name":"Comment","target":["https:\/\/avrupatv.eu\/index.php\/2024\/06\/23\/adem-guller-85-milyon-nasil-uyutulur-montella-kursu-basladi\/#respond"]}]},{"@type":"WebPage","@id":"https:\/\/avrupatv.eu\/index.php\/2024\/06\/23\/adem-guller-85-milyon-nasil-uyutulur-montella-kursu-basladi\/","url":"https:\/\/avrupatv.eu\/index.php\/2024\/06\/23\/adem-guller-85-milyon-nasil-uyutulur-montella-kursu-basladi\/","name":"Adem G\u00fcller ''85 milyon nas\u0131l uyutulur Montella kursu ba\u015flad\u0131'' - Avrupal\u0131 T\u00fcrklerin en Yeni Haber Portal\u0131","isPartOf":{"@id":"https:\/\/avrupatv.eu\/#website"},"primaryImageOfPage":{"@id":"https:\/\/avrupatv.eu\/index.php\/2024\/06\/23\/adem-guller-85-milyon-nasil-uyutulur-montella-kursu-basladi\/#primaryimage"},"image":{"@id":"https:\/\/avrupatv.eu\/index.php\/2024\/06\/23\/adem-guller-85-milyon-nasil-uyutulur-montella-kursu-basladi\/#primaryimage"},"thumbnailUrl":"https:\/\/avrupatv.eu\/wp-content\/uploads\/2024\/06\/652b75d54e3fe0257c920197.webp","datePublished":"2024-06-23T22:37:33+00:00","dateModified":"2024-06-23T22:37:34+00:00","breadcrumb":{"@id":"https:\/\/avrupatv.eu\/index.php\/2024\/06\/23\/adem-guller-85-milyon-nasil-uyutulur-montella-kursu-basladi\/#breadcrumb"},"inLanguage":"tr","potentialAction":[{"@type":"ReadAction","target":["https:\/\/avrupatv.eu\/index.php\/2024\/06\/23\/adem-guller-85-milyon-nasil-uyutulur-montella-kursu-basladi\/"]}]},{"@type":"ImageObject","inLanguage":"tr","@id":"https:\/\/avrupatv.eu\/index.php\/2024\/06\/23\/adem-guller-85-milyon-nasil-uyutulur-montella-kursu-basladi\/#primaryimage","url":"https:\/\/avrupatv.eu\/wp-content\/uploads\/2024\/06\/652b75d54e3fe0257c920197.webp","contentUrl":"https:\/\/avrupatv.eu\/wp-content\/uploads\/2024\/06\/652b75d54e3fe0257c920197.webp","width":750,"height":422},{"@type":"BreadcrumbList","@id":"https:\/\/avrupatv.eu\/index.php\/2024\/06\/23\/adem-guller-85-milyon-nasil-uyutulur-montella-kursu-basladi\/#breadcrumb","itemListElement":[{"@type":"ListItem","position":1,"name":"Anasayfa","item":"https:\/\/avrupatv.eu\/"},{"@type":"ListItem","position":2,"name":"Adem G\u00fcller &#8221;85 milyon nas\u0131l uyutulur Montella kursu ba\u015flad\u0131&#8221;"}]},{"@type":"WebSite","@id":"https:\/\/avrupatv.eu\/#website","url":"https:\/\/avrupatv.eu\/","name":"Avrupal\u0131 T\u00fcrklerin en Yeni Haber Portal\u0131","description":"","publisher":{"@id":"https:\/\/avrupatv.eu\/#organization"},"alternateName":"Avrupa tv","potentialAction":[{"@type":"SearchAction","target":{"@type":"EntryPoint","urlTemplate":"https:\/\/avrupatv.eu\/?s={search_term_string}"},"query-input":{"@type":"PropertyValueSpecification","valueRequired":true,"valueName":"search_term_string"}}],"inLanguage":"tr"},{"@type":"Organization","@id":"https:\/\/avrupatv.eu\/#organization","name":"Avrupa Haber","url":"https:\/\/avrupatv.eu\/","logo":{"@type":"ImageObject","inLanguage":"tr","@id":"https:\/\/avrupatv.eu\/#\/schema\/logo\/image\/","url":"https:\/\/avrupatv.eu\/wp-content\/uploads\/2023\/10\/cropped-thumbnail_logo.png","contentUrl":"https:\/\/avrupatv.eu\/wp-content\/uploads\/2023\/10\/cropped-thumbnail_logo.png","width":1025,"height":302,"caption":"Avrupa Haber"},"image":{"@id":"https:\/\/avrupatv.eu\/#\/schema\/logo\/image\/"}},{"@type":"Person","@id":"https:\/\/avrupatv.eu\/#\/schema\/person\/d56afa5d5569da4029d483da36c0c17d","name":"Onur Akpinar","image":{"@type":"ImageObject","inLanguage":"tr","@id":"https:\/\/secure.gravatar.com\/avatar\/67a1a0bdf34f82da209334e4684b7e7171a58a5a2b0a8f836b61044f5c1f5d6a?s=96&d=mm&r=g","url":"https:\/\/secure.gravatar.com\/avatar\/67a1a0bdf34f82da209334e4684b7e7171a58a5a2b0a8f836b61044f5c1f5d6a?s=96&d=mm&r=g","contentUrl":"https:\/\/secure.gravatar.com\/avatar\/67a1a0bdf34f82da209334e4684b7e7171a58a5a2b0a8f836b61044f5c1f5d6a?s=96&d=mm&r=g","caption":"Onur Akpinar"},"url":"https:\/\/avrupatv.eu\/index.php\/author\/onur-akpinar\/"}]}},"_links":{"self":[{"href":"https:\/\/avrupatv.eu\/index.php\/wp-json\/wp\/v2\/posts\/491","targetHints":{"allow":["GET"]}}],"collection":[{"href":"https:\/\/avrupatv.eu\/index.php\/wp-json\/wp\/v2\/posts"}],"about":[{"href":"https:\/\/avrupatv.eu\/index.php\/wp-json\/wp\/v2\/types\/post"}],"author":[{"embeddable":true,"href":"https:\/\/avrupatv.eu\/index.php\/wp-json\/wp\/v2\/users\/2"}],"replies":[{"embeddable":true,"href":"https:\/\/avrupatv.eu\/index.php\/wp-json\/wp\/v2\/comments?post=491"}],"version-history":[{"count":1,"href":"https:\/\/avrupatv.eu\/index.php\/wp-json\/wp\/v2\/posts\/491\/revisions"}],"predecessor-version":[{"id":493,"href":"https:\/\/avrupatv.eu\/index.php\/wp-json\/wp\/v2\/posts\/491\/revisions\/493"}],"wp:featuredmedia":[{"embeddable":true,"href":"https:\/\/avrupatv.eu\/index.php\/wp-json\/wp\/v2\/media\/492"}],"wp:attachment":[{"href":"https:\/\/avrupatv.eu\/index.php\/wp-json\/wp\/v2\/media?parent=491"}],"wp:term":[{"taxonomy":"category","embeddable":true,"href":"https:\/\/avrupatv.eu\/index.php\/wp-json\/wp\/v2\/categories?post=491"},{"taxonomy":"post_tag","embeddable":true,"href":"https:\/\/avrupatv.eu\/index.php\/wp-json\/wp\/v2\/tags?post=491"}],"curies":[{"name":"wp","href":"https:\/\/api.w.org\/{rel}","templated":true}]}}