{"id":485,"date":"2024-06-21T20:36:11","date_gmt":"2024-06-21T20:36:11","guid":{"rendered":"https:\/\/avrupatv.eu\/?p=485"},"modified":"2024-06-21T20:36:11","modified_gmt":"2024-06-21T20:36:11","slug":"diyarbakir-ve-mardinde-aniz-yangini-can-kaybi-12e-yukseldi","status":"publish","type":"post","link":"https:\/\/avrupatv.eu\/index.php\/2024\/06\/21\/diyarbakir-ve-mardinde-aniz-yangini-can-kaybi-12e-yukseldi\/","title":{"rendered":"Diyarbak\u0131r ve Mardin&#8217;de an\u0131z yang\u0131n\u0131: Can kayb\u0131 12&#8217;e y\u00fckseldi"},"content":{"rendered":"\n<p><strong>Diyarbak\u0131r&#8217;\u0131n \u00c7\u0131nar il\u00e7esi ile Mardin&#8217;in Maz\u0131da\u011f\u0131 il\u00e7esi aras\u0131ndaki b\u00f6lgede \u00e7\u0131kan yang\u0131n yerle\u015fim yerlerine s\u0131\u00e7rad\u0131. Sa\u011fl\u0131k Bakan\u0131 Fahrettin Koca, yang\u0131n nedeniyle 12 ki\u015finin hayat\u0131n\u0131 kaybetti\u011fini a\u00e7\u0131klad\u0131. Bakan Koca, &#8220;Diyarbak\u0131r ve Mardin\u2019de, iki ilimizin yak\u0131n k\u00f6y ve mahallelerinde meydana gelen yang\u0131n sebebiyle hayat\u0131n\u0131 kaybedenlerin say\u0131s\u0131 maalesef 12\u2019ye y\u00fckseldi. Olaydan 78 ki\u015fi etkilendi. Hastalar\u0131m\u0131zdan 5\u2019inin tedavi ve takiplerine devam ediyoruz. 5\u2019i de Diyarbak\u0131r\u2019da tedavi g\u00f6ren hastalar\u0131m\u0131zdan 3\u2019\u00fc ent\u00fcbe durumda. Bu vesile ile bir kez daha, olayda hayat\u0131n\u0131 kaybedenlere Allah\u2019tan rahmet, hastalar\u0131m\u0131za acil \u015fifalar diliyorum&#8221; dedi.<\/strong><\/p>\n\n\n\n<p>\u0130\u00e7i\u015fleri&#8217;nden a\u00e7\u0131klama: Yang\u0131n\u0131n \u00e7\u0131k\u0131\u015f nedeni hen\u00fcz kesin de\u011fil<\/p>\n\n\n\n<p>\u0130\u00e7i\u015fleri Bakan Yard\u0131mc\u0131s\u0131 M\u00fcnir Karaolo\u011flu, Diyarbak\u0131r\u2019\u0131n \u00c7\u0131nar il\u00e7esinden ba\u015flayarak Mardin\u2019in Maz\u0131da\u011f\u0131 il\u00e7esine kadar ilerleyen an\u0131z yang\u0131n\u0131 ile ilgili incelemelerde bulunmak \u00fczere, yang\u0131n\u0131n ba\u015flad\u0131\u011f\u0131 \u00c7\u0131nar il\u00e7esinin K\u00f6ksalan Mahallesi\u2019ne geldi. Karalo\u011flu\u2019ya AFAD Genel Ba\u015fkan\u0131 Okay Memi\u015f, Diyarbak\u0131r Valisi Ali \u0130hsan Su, \u0130l Jandarma Komutan\u0131 T\u00fcmgeneral Sel\u00e7uk Y\u0131ld\u0131r\u0131m, \u0130l Emniyet M\u00fcd\u00fcr\u00fc Fatih Kaya, \u00c7\u0131nar Kaymakam\u0131 Muhammed Fatih G\u00fcnl\u00fc, Tar\u0131m ve Orman \u0130l M\u00fcd\u00fcr\u00fc Mustafa Ertan Atalar, Ziraat Odas\u0131 \u0130l Ba\u015fkan\u0131 Cevat Delil, AK Parti \u0130l Ba\u015fkan\u0131 Av. M. Ra\u015fit Ocak e\u015flik etti.<\/p>\n\n\n\n<p><strong>YARALILAR HAKKINDA B\u0130LG\u0130 VERD\u0130<\/strong><\/p>\n\n\n\n<p>Burada a\u00e7\u0131klamalarda bulunan Karalo\u011flu, yang\u0131nda 11 ki\u015finin hayat\u0131n\u0131 kaybetti\u011fini, 78 ki\u015finin dumandan etkilendi\u011fini, 6 ki\u015finin de hastanede tedavisinin s\u00fcrd\u00fc\u011f\u00fcn\u00fc belirterek, \u201cBildi\u011finiz gibi son 1 haftad\u0131r hava s\u0131cakl\u0131\u011f\u0131n\u0131n mevsim normallerinin \u00fczerinde seyretmesi, nemin olduk\u00e7a d\u00fc\u015f\u00fck olmas\u0131 ve yer yer \u015fiddetli r\u00fczgar dolay\u0131s\u0131yla, hem orman yang\u0131nlar\u0131yla, hem an\u0131zdan kaynakl\u0131 veya \u00f6rt\u00fc yang\u0131n\u0131 dedi\u011fimiz zirai yang\u0131nlarla \u00e7ok yo\u011fun bir m\u00fccadelemiz var. Sadece d\u00fcn \u00c7anakkale ilimizde 6 b\u00fcy\u00fck yang\u0131n meydana geldi. \u015e\u00fck\u00fcrler olsun hepsi de s\u00f6nd\u00fcr\u00fclm\u00fc\u015f oldu. D\u00fcn 20 Haziran 2024 saat 22.22\u2019de, \u00fczerinde bulundu\u011fumuz b\u00f6lgede, Diyarbak\u0131r \u00c7\u0131nar il\u00e7esi K\u00f6ksalan, Yaz\u00e7i\u00e7e\u011fi, Ba\u011fac\u0131k, Mardin ilimizin Maz\u0131da\u011f\u0131 il\u00e7esi Y\u00fcceba\u011f ve Yetkinler Mahallesi\u2019nde \u00e7ok ciddi bir zirai yang\u0131nla kar\u015f\u0131 kar\u015f\u0131ya kald\u0131k. Hem an\u0131z yang\u0131n\u0131 hem daha hasad\u0131 yap\u0131lmam\u0131\u015f \u00f6rt\u00fc yang\u0131n\u0131 olarak tabir edebilece\u011fimiz b\u00fcy\u00fck bir yang\u0131nla kar\u015f\u0131 kar\u015f\u0131ya kald\u0131k. Yang\u0131n\u0131n ba\u015flamas\u0131ndan hemen sonra Diyarbak\u0131r valimiz ve Mardin valimizin liderli\u011finde, b\u00f6lgede jandarmam\u0131z, AFAD\u2019\u0131m\u0131z, Diyarbak\u0131r B\u00fcy\u00fck\u015fehir Belediyesi ve Mardin B\u00fcy\u00fck\u015fehir belediyemizin itfaiye te\u015fkilatlar\u0131, Orman B\u00f6lge M\u00fcd\u00fcrl\u00fc\u011f\u00fc\u2019m\u00fcz\u00fcn ekipleri, Sa\u011fl\u0131k Bakanl\u0131\u011f\u0131\u2019m\u0131z\u0131n hem UMKE ekipleri hem de 112 Acil M\u00fcdahale Ekipleri b\u00f6lgeye sevk edildi ve m\u00fcdahale ba\u015flad\u0131. Sadece Sa\u011fl\u0131k Bakanl\u0131\u011f\u0131\u2019m\u0131z 19 ambulans, 7 UMKE timini b\u00f6lgeye sevk etmi\u015f oldu. 2 ilden, Mardin\u2019den 86 ara\u00e7, 451 personel, Diyarbak\u0131r\u2019dan 94 ara\u00e7 ve 587 personel olmak \u00fczere toplam 180 ara\u00e7 ve 1008 personelle olaya m\u00fcdahale edilmi\u015f olduk. Ancak maalesef bug\u00fcn sa\u011fl\u0131k bakan\u0131m\u0131z da duyurdular, 11 vatanda\u015f\u0131m\u0131z hayat\u0131n\u0131 kaybetti. Hayat\u0131n\u0131 kaybeden b\u00fct\u00fcn vatanda\u015flar\u0131m\u0131za y\u00fcce Allah\u2019tan rahmet diliyorum. Ailelerine, sevenlerine, milletimize ba\u015fsa\u011fl\u0131\u011f\u0131 diliyorum. 11 vatanda\u015f\u0131m\u0131z\u0131n 8\u2019i Mardin ili n\u00fcfusumuza kay\u0131tl\u0131, 3\u2019\u00fc de Diyarbak\u0131r ili n\u00fcfusumuza kay\u0131tl\u0131 vatanda\u015f\u0131m\u0131zd\u0131r. Ayr\u0131ca 78 vatanda\u015f\u0131m\u0131z yang\u0131ndan etkilenerek, duandan etkilenerek hastanelerimize ba\u015fvurmu\u015f, bunlar\u0131n \u015fu anda hastanelerde devam eden 5 vatanda\u015f\u0131m\u0131z Gazi Ya\u015fargil E\u011fitim ve Ara\u015ft\u0131rma Hastanesi ile Dicle \u00dcniversitesi T\u0131p Fak\u00fcltesi Hastanesi\u2019nde, 1 vatanda\u015f\u0131m\u0131z da \u015eanl\u0131urfa e\u011fitim ve ara\u015ft\u0131rma hastanesinde olmak \u00fczere 6 vatanda\u015f\u0131m\u0131z\u0131n yo\u011fun bak\u0131mlardaki tedavileri devam ediyor\u201d dedi.<\/p>\n\n\n\n<p><strong>\u2018D\u0130YARBAKIR\u2019DA 8 B\u0130N 100, MARD\u0130N\u2019DE 7 B\u0130N D\u00d6N\u00dcM ARAZ\u0130 ZARAR G\u00d6RD\u00dc\u2019<\/strong><\/p>\n\n\n\n<p>Karalo\u011flu, yang\u0131nda 556 k\u00fc\u00e7\u00fckba\u015f hayvan\u0131n \u00f6ld\u00fc\u011f\u00fcn\u00fc belirterek, \u201cD\u00fcn meydana gelen bu b\u00fcy\u00fck yang\u0131nda, Diyarbak\u0131r b\u00f6lgesinde 8 bin 100 d\u00f6n\u00fcm arazi zarar g\u00f6rd\u00fc. Bunun 1450 d\u00f6n\u00fcm\u00fc daha bi\u00e7ilmemi\u015f, hasad\u0131 yap\u0131lmam\u0131\u015f arpa ve bu\u011fday tarlas\u0131, geri kalan 6 bin 550 d\u00f6n\u00fcml\u00fck k\u0131sm\u0131 ise hasad\u0131 yap\u0131lm\u0131\u015f an\u0131z \u015feklindeki araziydi. Mardin b\u00f6lgemizde ise 7 bin d\u00f6n\u00fcm arazi yang\u0131ndan etkilenmi\u015f, bunun 4 bin d\u00f6n\u00fcm\u00fc hasad\u0131 yap\u0131lmam\u0131\u015f tarla, 3 bin d\u00f6n\u00fcm\u00fc ise hasad\u0131 yap\u0131lm\u0131\u015f an\u0131z olarak yanan ve hasar g\u00f6ren b\u00f6lgedir. Sadece zarar g\u00f6ren bunlar de\u011fil, vatanda\u015f\u0131m\u0131z\u0131n tarlada bulunan sulama ekipmanlar\u0131, borular\u0131 ve elektrik altyap\u0131lar\u0131 da zarar g\u00f6rd\u00fc. Zararlarla ilgili tespitler, Tar\u0131m ve Orman \u0130l M\u00fcd\u00fcrl\u00fc\u011f\u00fc vas\u0131tas\u0131yla hemen bug\u00fcn tespitler ba\u015flad\u0131. Zarar ve hasar tespitleri devam ediyor. Bir vatanda\u015f\u0131m\u0131z\u0131n a\u011f\u0131l\u0131nda, bir vatanda\u015f\u0131m\u0131z\u0131n da samanl\u0131\u011f\u0131nda hasarlar mevcut. Yang\u0131nda 556 k\u00fc\u00e7\u00fckba\u015f hayvan\u0131m\u0131z maalesef telef olmu\u015ftur. 250 yaral\u0131 hayvan\u0131m\u0131z vatanda\u015flar\u0131m\u0131z\u0131n da r\u0131zalar\u0131yla et ve bal\u0131k kurumuna kesime sevk edilmi\u015f, 120 havan\u0131m\u0131z da b\u00f6lgede veterinerler arac\u0131l\u0131\u011f\u0131yla tedavileri sa\u011flanm\u0131\u015ft\u0131r\u201d diye konu\u015ftu.<\/p>\n\n\n\n<p><strong>\u2018D\u0130YARBAKIR VAL\u0130L\u0130\u011e\u0130\u2019NE 3, MARD\u0130N VAL\u0130L\u0130\u011e\u0130\u2019NE 2 M\u0130LYON L\u0130RA KAYNAK AKTARILDI\u2019<\/strong><\/p>\n\n\n\n<p>Yap\u0131lacak hasar tespit \u00e7al\u0131\u015fmalar\u0131n\u0131n ard\u0131ndan ma\u011fdur vatanda\u015f\u0131n kalmayaca\u011f\u0131n\u0131 belirten Karalo\u011flu, \u015f\u00f6yle konu\u015ftu:<\/p>\n\n\n\n<p>\u201cBiz Ankara\u2019da AFAD ba\u015fkan\u0131m\u0131zla beraber, Say\u0131n Cumhurba\u015fkan\u0131m\u0131z\u0131n ve bakan\u0131m\u0131z\u0131n hem ge\u00e7mi\u015f olsun dileklerini, hem ba\u015fsa\u011fl\u0131\u011f\u0131 dileklerini iletmek \u00fczere geldik. Diyarbak\u0131r\u2019dan milletvekillerimiz bize e\u015flik ediyorlar, say\u0131n valimiz burada. Devletin b\u00fct\u00fcn kurum ve kurulu\u015flar\u0131 burada. Vatanda\u015flar\u0131m\u0131z\u0131n yaras\u0131n\u0131 sar\u0131ncaya kadar b\u00f6lgede olaca\u011f\u0131z, b\u00f6lgeden ayr\u0131lmayaca\u011f\u0131z. \u0130lk etapta AFAD ba\u015fkanl\u0131\u011f\u0131m\u0131z, Diyarbak\u0131r Valili\u011fimize 3 milyon TL, Mardin Valili\u011fimize de 2 milyon TL acil yard\u0131m \u00f6dene\u011fi sevk etmi\u015f durumda. Hasar ve zarar tespitleri tamamland\u0131ktan sonra vatanda\u015flar\u0131m\u0131z\u0131n zararlar\u0131n\u0131 kar\u015f\u0131lamak noktas\u0131nda da devlet olarak elimizden geleni yapm\u0131\u015f olaca\u011f\u0131z. D\u00fcnk\u00fc yang\u0131ndan etkilenen b\u00fct\u00fcn k\u00f6ylerimize, k\u00f6ylerimizde ya\u015fayan vatanda\u015flar\u0131m\u0131za tekrar ge\u00e7mi\u015f olsun dileklerimizi iletiyorum. Hayatlar\u0131n\u0131 kaybeden 11 vatanda\u015f\u0131m\u0131za rabbimden rahmet diliyorum. \u015eu anda hastanelerde tedavisi devam eden vatanda\u015flar\u0131m\u0131za acil \u015fifalar diliyorum. \u0130n\u015fallah en k\u0131sa zamanda vatanda\u015flar\u0131m\u0131z sa\u011fl\u0131klar\u0131na kavu\u015fsun, izin aras\u0131na mahallelerine d\u00f6ns\u00fcn diye de rabbimize dua ediyoruz.\u201d<\/p>\n\n\n\n<p><strong>\u2018\u00c7IKI\u015e NEDEN\u0130 ARA\u015eTIRILIYOR\u2019<\/strong><\/p>\n\n\n\n<p>Ekiplerin yang\u0131n\u0131n \u00e7\u0131k\u0131\u015f nedeninin belirlenmesi y\u00f6n\u00fcndeki \u00e7al\u0131\u015fmalar\u0131n\u0131n da devam etti\u011fini ifade eden Karalo\u011flu, \u201cYang\u0131n\u0131n \u00e7\u0131k\u0131\u015f sebebi ile ilgili \u015fu anda Cumhuriyet Savc\u0131l\u0131\u011f\u0131m\u0131z olaya el koymu\u015f durumda. Jandarma olay yeri inceleme ekipleri b\u00f6lgede ara\u015ft\u0131rmalar\u0131na devam ediyor. \u015eu anda kesin olarak tespit etti\u011fimiz, \u2018yang\u0131n \u015fu sebepten \u00e7\u0131km\u0131\u015ft\u0131r\u2019 dedi\u011fimiz bir tespitimiz yok. E\u011fer bu tespiti savc\u0131l\u0131\u011f\u0131m\u0131z tamamlar, soru\u015fturmas\u0131n\u0131 da tamamlarsa bunu da sizlerle payla\u015f\u0131r\u0131z. Sosyal medyada yaz\u0131lan \u00e7izilenlere \u00e7ok fazla itibar edilmemesini de hasetten vatanda\u015flar\u0131m\u0131zdan rica ediyoruz\u201d \u015feklinde konu\u015ftu.<\/p>\n\n\n\n<p><strong>YANGINDA HAYATINI KAYBEDENLER\u0130N \u0130S\u0130MLER\u0130<\/strong><\/p>\n\n\n\n<p>Yang\u0131nda hayat\u0131n\u0131 kaybedenlerin isimlerinin baz\u0131lar\u0131n\u0131n ise Ubeydullah Bu\u011fdayc\u0131, Abdurrahman Bu\u011fdayc\u0131 (19), \u0130smail Yard\u0131mc\u0131, Remzi Y\u0131lmaz, Mazhar Demir, Sinan Deviren, Azad Y\u0131lmaz ve Taliha Demir oldu\u011fu belirtildi.<\/p>\n\n\n\n<p><strong>Kaynak: DHA<\/strong><\/p>\n","protected":false},"excerpt":{"rendered":"<p>Diyarbak\u0131r&#8217;\u0131n \u00c7\u0131nar il\u00e7esi ile Mardin&#8217;in Maz\u0131da\u011f\u0131 il\u00e7esi aras\u0131ndaki b\u00f6lgede \u00e7\u0131kan yang\u0131n yerle\u015fim yerlerine s\u0131\u00e7rad\u0131. Sa\u011fl\u0131k Bakan\u0131 Fahrettin Koca, yang\u0131n nedeniyle 12 ki\u015finin hayat\u0131n\u0131 kaybetti\u011fini a\u00e7\u0131klad\u0131. Bakan Koca, &#8220;Diyarbak\u0131r ve Mardin\u2019de, iki ilimizin yak\u0131n k\u00f6y ve mahallelerinde meydana gelen yang\u0131n sebebiyle hayat\u0131n\u0131 kaybedenlerin say\u0131s\u0131 maalesef 12\u2019ye y\u00fckseldi. Olaydan 78 ki\u015fi etkilendi. Hastalar\u0131m\u0131zdan 5\u2019inin tedavi ve takiplerine [&hellip;]<\/p>\n","protected":false},"author":2,"featured_media":486,"comment_status":"open","ping_status":"open","sticky":false,"template":"","format":"standard","meta":{"footnotes":""},"categories":[8,11],"tags":[],"class_list":["post-485","post","type-post","status-publish","format-standard","has-post-thumbnail","hentry","category-gundem","category-turkiye"],"yoast_head":"<!-- This site is optimized with the Yoast SEO plugin v27.4 - https:\/\/yoast.com\/product\/yoast-seo-wordpress\/ -->\n<title>Diyarbak\u0131r ve Mardin&#039;de an\u0131z yang\u0131n\u0131: Can kayb\u0131 12&#039;e y\u00fckseldi - Avrupal\u0131 T\u00fcrklerin en Yeni Haber Portal\u0131<\/title>\n<meta name=\"robots\" content=\"index, follow, max-snippet:-1, max-image-preview:large, max-video-preview:-1\" \/>\n<link rel=\"canonical\" href=\"https:\/\/avrupatv.eu\/index.php\/2024\/06\/21\/diyarbakir-ve-mardinde-aniz-yangini-can-kaybi-12e-yukseldi\/\" \/>\n<meta property=\"og:locale\" content=\"tr_TR\" \/>\n<meta property=\"og:type\" content=\"article\" \/>\n<meta property=\"og:title\" content=\"Diyarbak\u0131r ve Mardin&#039;de an\u0131z yang\u0131n\u0131: Can kayb\u0131 12&#039;e y\u00fckseldi - Avrupal\u0131 T\u00fcrklerin en Yeni Haber Portal\u0131\" \/>\n<meta property=\"og:description\" content=\"Diyarbak\u0131r&#8217;\u0131n \u00c7\u0131nar il\u00e7esi ile Mardin&#8217;in Maz\u0131da\u011f\u0131 il\u00e7esi aras\u0131ndaki b\u00f6lgede \u00e7\u0131kan yang\u0131n yerle\u015fim yerlerine s\u0131\u00e7rad\u0131. Sa\u011fl\u0131k Bakan\u0131 Fahrettin Koca, yang\u0131n nedeniyle 12 ki\u015finin hayat\u0131n\u0131 kaybetti\u011fini a\u00e7\u0131klad\u0131. Bakan Koca, &#8220;Diyarbak\u0131r ve Mardin\u2019de, iki ilimizin yak\u0131n k\u00f6y ve mahallelerinde meydana gelen yang\u0131n sebebiyle hayat\u0131n\u0131 kaybedenlerin say\u0131s\u0131 maalesef 12\u2019ye y\u00fckseldi. Olaydan 78 ki\u015fi etkilendi. Hastalar\u0131m\u0131zdan 5\u2019inin tedavi ve takiplerine [&hellip;]\" \/>\n<meta property=\"og:url\" content=\"https:\/\/avrupatv.eu\/index.php\/2024\/06\/21\/diyarbakir-ve-mardinde-aniz-yangini-can-kaybi-12e-yukseldi\/\" \/>\n<meta property=\"og:site_name\" content=\"Avrupal\u0131 T\u00fcrklerin en Yeni Haber Portal\u0131\" \/>\n<meta property=\"article:published_time\" content=\"2024-06-21T20:36:11+00:00\" \/>\n<meta property=\"og:image\" content=\"https:\/\/avrupatv.eu\/wp-content\/uploads\/2024\/06\/yanginnn-001-1100x650-1.jpg\" \/>\n\t<meta property=\"og:image:width\" content=\"1100\" \/>\n\t<meta property=\"og:image:height\" content=\"650\" \/>\n\t<meta property=\"og:image:type\" content=\"image\/jpeg\" \/>\n<meta name=\"author\" content=\"Onur Akpinar\" \/>\n<meta name=\"twitter:card\" content=\"summary_large_image\" \/>\n<meta name=\"twitter:label1\" content=\"Yazan:\" \/>\n\t<meta name=\"twitter:data1\" content=\"Onur Akpinar\" \/>\n\t<meta name=\"twitter:label2\" content=\"Tahmini okuma s\u00fcresi\" \/>\n\t<meta name=\"twitter:data2\" content=\"6 dakika\" \/>\n<script type=\"application\/ld+json\" class=\"yoast-schema-graph\">{\"@context\":\"https:\\\/\\\/schema.org\",\"@graph\":[{\"@type\":\"Article\",\"@id\":\"https:\\\/\\\/avrupatv.eu\\\/index.php\\\/2024\\\/06\\\/21\\\/diyarbakir-ve-mardinde-aniz-yangini-can-kaybi-12e-yukseldi\\\/#article\",\"isPartOf\":{\"@id\":\"https:\\\/\\\/avrupatv.eu\\\/index.php\\\/2024\\\/06\\\/21\\\/diyarbakir-ve-mardinde-aniz-yangini-can-kaybi-12e-yukseldi\\\/\"},\"author\":{\"name\":\"Onur Akpinar\",\"@id\":\"https:\\\/\\\/avrupatv.eu\\\/#\\\/schema\\\/person\\\/d56afa5d5569da4029d483da36c0c17d\"},\"headline\":\"Diyarbak\u0131r ve Mardin&#8217;de an\u0131z yang\u0131n\u0131: Can kayb\u0131 12&#8217;e y\u00fckseldi\",\"datePublished\":\"2024-06-21T20:36:11+00:00\",\"mainEntityOfPage\":{\"@id\":\"https:\\\/\\\/avrupatv.eu\\\/index.php\\\/2024\\\/06\\\/21\\\/diyarbakir-ve-mardinde-aniz-yangini-can-kaybi-12e-yukseldi\\\/\"},\"wordCount\":1333,\"commentCount\":0,\"publisher\":{\"@id\":\"https:\\\/\\\/avrupatv.eu\\\/#organization\"},\"image\":{\"@id\":\"https:\\\/\\\/avrupatv.eu\\\/index.php\\\/2024\\\/06\\\/21\\\/diyarbakir-ve-mardinde-aniz-yangini-can-kaybi-12e-yukseldi\\\/#primaryimage\"},\"thumbnailUrl\":\"https:\\\/\\\/avrupatv.eu\\\/wp-content\\\/uploads\\\/2024\\\/06\\\/yanginnn-001-1100x650-1.jpg\",\"articleSection\":[\"G\u00fcndem\",\"T\u00fcrkiye\"],\"inLanguage\":\"tr\",\"potentialAction\":[{\"@type\":\"CommentAction\",\"name\":\"Comment\",\"target\":[\"https:\\\/\\\/avrupatv.eu\\\/index.php\\\/2024\\\/06\\\/21\\\/diyarbakir-ve-mardinde-aniz-yangini-can-kaybi-12e-yukseldi\\\/#respond\"]}]},{\"@type\":\"WebPage\",\"@id\":\"https:\\\/\\\/avrupatv.eu\\\/index.php\\\/2024\\\/06\\\/21\\\/diyarbakir-ve-mardinde-aniz-yangini-can-kaybi-12e-yukseldi\\\/\",\"url\":\"https:\\\/\\\/avrupatv.eu\\\/index.php\\\/2024\\\/06\\\/21\\\/diyarbakir-ve-mardinde-aniz-yangini-can-kaybi-12e-yukseldi\\\/\",\"name\":\"Diyarbak\u0131r ve Mardin'de an\u0131z yang\u0131n\u0131: Can kayb\u0131 12'e y\u00fckseldi - Avrupal\u0131 T\u00fcrklerin en Yeni Haber Portal\u0131\",\"isPartOf\":{\"@id\":\"https:\\\/\\\/avrupatv.eu\\\/#website\"},\"primaryImageOfPage\":{\"@id\":\"https:\\\/\\\/avrupatv.eu\\\/index.php\\\/2024\\\/06\\\/21\\\/diyarbakir-ve-mardinde-aniz-yangini-can-kaybi-12e-yukseldi\\\/#primaryimage\"},\"image\":{\"@id\":\"https:\\\/\\\/avrupatv.eu\\\/index.php\\\/2024\\\/06\\\/21\\\/diyarbakir-ve-mardinde-aniz-yangini-can-kaybi-12e-yukseldi\\\/#primaryimage\"},\"thumbnailUrl\":\"https:\\\/\\\/avrupatv.eu\\\/wp-content\\\/uploads\\\/2024\\\/06\\\/yanginnn-001-1100x650-1.jpg\",\"datePublished\":\"2024-06-21T20:36:11+00:00\",\"breadcrumb\":{\"@id\":\"https:\\\/\\\/avrupatv.eu\\\/index.php\\\/2024\\\/06\\\/21\\\/diyarbakir-ve-mardinde-aniz-yangini-can-kaybi-12e-yukseldi\\\/#breadcrumb\"},\"inLanguage\":\"tr\",\"potentialAction\":[{\"@type\":\"ReadAction\",\"target\":[\"https:\\\/\\\/avrupatv.eu\\\/index.php\\\/2024\\\/06\\\/21\\\/diyarbakir-ve-mardinde-aniz-yangini-can-kaybi-12e-yukseldi\\\/\"]}]},{\"@type\":\"ImageObject\",\"inLanguage\":\"tr\",\"@id\":\"https:\\\/\\\/avrupatv.eu\\\/index.php\\\/2024\\\/06\\\/21\\\/diyarbakir-ve-mardinde-aniz-yangini-can-kaybi-12e-yukseldi\\\/#primaryimage\",\"url\":\"https:\\\/\\\/avrupatv.eu\\\/wp-content\\\/uploads\\\/2024\\\/06\\\/yanginnn-001-1100x650-1.jpg\",\"contentUrl\":\"https:\\\/\\\/avrupatv.eu\\\/wp-content\\\/uploads\\\/2024\\\/06\\\/yanginnn-001-1100x650-1.jpg\",\"width\":1100,\"height\":650},{\"@type\":\"BreadcrumbList\",\"@id\":\"https:\\\/\\\/avrupatv.eu\\\/index.php\\\/2024\\\/06\\\/21\\\/diyarbakir-ve-mardinde-aniz-yangini-can-kaybi-12e-yukseldi\\\/#breadcrumb\",\"itemListElement\":[{\"@type\":\"ListItem\",\"position\":1,\"name\":\"Anasayfa\",\"item\":\"https:\\\/\\\/avrupatv.eu\\\/\"},{\"@type\":\"ListItem\",\"position\":2,\"name\":\"Diyarbak\u0131r ve Mardin&#8217;de an\u0131z yang\u0131n\u0131: Can kayb\u0131 12&#8217;e y\u00fckseldi\"}]},{\"@type\":\"WebSite\",\"@id\":\"https:\\\/\\\/avrupatv.eu\\\/#website\",\"url\":\"https:\\\/\\\/avrupatv.eu\\\/\",\"name\":\"Avrupal\u0131 T\u00fcrklerin en Yeni Haber Portal\u0131\",\"description\":\"\",\"publisher\":{\"@id\":\"https:\\\/\\\/avrupatv.eu\\\/#organization\"},\"alternateName\":\"Avrupa tv\",\"potentialAction\":[{\"@type\":\"SearchAction\",\"target\":{\"@type\":\"EntryPoint\",\"urlTemplate\":\"https:\\\/\\\/avrupatv.eu\\\/?s={search_term_string}\"},\"query-input\":{\"@type\":\"PropertyValueSpecification\",\"valueRequired\":true,\"valueName\":\"search_term_string\"}}],\"inLanguage\":\"tr\"},{\"@type\":\"Organization\",\"@id\":\"https:\\\/\\\/avrupatv.eu\\\/#organization\",\"name\":\"Avrupa Haber\",\"url\":\"https:\\\/\\\/avrupatv.eu\\\/\",\"logo\":{\"@type\":\"ImageObject\",\"inLanguage\":\"tr\",\"@id\":\"https:\\\/\\\/avrupatv.eu\\\/#\\\/schema\\\/logo\\\/image\\\/\",\"url\":\"https:\\\/\\\/avrupatv.eu\\\/wp-content\\\/uploads\\\/2023\\\/10\\\/cropped-thumbnail_logo.png\",\"contentUrl\":\"https:\\\/\\\/avrupatv.eu\\\/wp-content\\\/uploads\\\/2023\\\/10\\\/cropped-thumbnail_logo.png\",\"width\":1025,\"height\":302,\"caption\":\"Avrupa Haber\"},\"image\":{\"@id\":\"https:\\\/\\\/avrupatv.eu\\\/#\\\/schema\\\/logo\\\/image\\\/\"}},{\"@type\":\"Person\",\"@id\":\"https:\\\/\\\/avrupatv.eu\\\/#\\\/schema\\\/person\\\/d56afa5d5569da4029d483da36c0c17d\",\"name\":\"Onur Akpinar\",\"image\":{\"@type\":\"ImageObject\",\"inLanguage\":\"tr\",\"@id\":\"https:\\\/\\\/secure.gravatar.com\\\/avatar\\\/67a1a0bdf34f82da209334e4684b7e7171a58a5a2b0a8f836b61044f5c1f5d6a?s=96&d=mm&r=g\",\"url\":\"https:\\\/\\\/secure.gravatar.com\\\/avatar\\\/67a1a0bdf34f82da209334e4684b7e7171a58a5a2b0a8f836b61044f5c1f5d6a?s=96&d=mm&r=g\",\"contentUrl\":\"https:\\\/\\\/secure.gravatar.com\\\/avatar\\\/67a1a0bdf34f82da209334e4684b7e7171a58a5a2b0a8f836b61044f5c1f5d6a?s=96&d=mm&r=g\",\"caption\":\"Onur Akpinar\"},\"url\":\"https:\\\/\\\/avrupatv.eu\\\/index.php\\\/author\\\/onur-akpinar\\\/\"}]}<\/script>\n<!-- \/ Yoast SEO plugin. -->","yoast_head_json":{"title":"Diyarbak\u0131r ve Mardin'de an\u0131z yang\u0131n\u0131: Can kayb\u0131 12'e y\u00fckseldi - Avrupal\u0131 T\u00fcrklerin en Yeni Haber Portal\u0131","robots":{"index":"index","follow":"follow","max-snippet":"max-snippet:-1","max-image-preview":"max-image-preview:large","max-video-preview":"max-video-preview:-1"},"canonical":"https:\/\/avrupatv.eu\/index.php\/2024\/06\/21\/diyarbakir-ve-mardinde-aniz-yangini-can-kaybi-12e-yukseldi\/","og_locale":"tr_TR","og_type":"article","og_title":"Diyarbak\u0131r ve Mardin'de an\u0131z yang\u0131n\u0131: Can kayb\u0131 12'e y\u00fckseldi - Avrupal\u0131 T\u00fcrklerin en Yeni Haber Portal\u0131","og_description":"Diyarbak\u0131r&#8217;\u0131n \u00c7\u0131nar il\u00e7esi ile Mardin&#8217;in Maz\u0131da\u011f\u0131 il\u00e7esi aras\u0131ndaki b\u00f6lgede \u00e7\u0131kan yang\u0131n yerle\u015fim yerlerine s\u0131\u00e7rad\u0131. Sa\u011fl\u0131k Bakan\u0131 Fahrettin Koca, yang\u0131n nedeniyle 12 ki\u015finin hayat\u0131n\u0131 kaybetti\u011fini a\u00e7\u0131klad\u0131. Bakan Koca, &#8220;Diyarbak\u0131r ve Mardin\u2019de, iki ilimizin yak\u0131n k\u00f6y ve mahallelerinde meydana gelen yang\u0131n sebebiyle hayat\u0131n\u0131 kaybedenlerin say\u0131s\u0131 maalesef 12\u2019ye y\u00fckseldi. Olaydan 78 ki\u015fi etkilendi. Hastalar\u0131m\u0131zdan 5\u2019inin tedavi ve takiplerine [&hellip;]","og_url":"https:\/\/avrupatv.eu\/index.php\/2024\/06\/21\/diyarbakir-ve-mardinde-aniz-yangini-can-kaybi-12e-yukseldi\/","og_site_name":"Avrupal\u0131 T\u00fcrklerin en Yeni Haber Portal\u0131","article_published_time":"2024-06-21T20:36:11+00:00","og_image":[{"width":1100,"height":650,"url":"https:\/\/avrupatv.eu\/wp-content\/uploads\/2024\/06\/yanginnn-001-1100x650-1.jpg","type":"image\/jpeg"}],"author":"Onur Akpinar","twitter_card":"summary_large_image","twitter_misc":{"Yazan:":"Onur Akpinar","Tahmini okuma s\u00fcresi":"6 dakika"},"schema":{"@context":"https:\/\/schema.org","@graph":[{"@type":"Article","@id":"https:\/\/avrupatv.eu\/index.php\/2024\/06\/21\/diyarbakir-ve-mardinde-aniz-yangini-can-kaybi-12e-yukseldi\/#article","isPartOf":{"@id":"https:\/\/avrupatv.eu\/index.php\/2024\/06\/21\/diyarbakir-ve-mardinde-aniz-yangini-can-kaybi-12e-yukseldi\/"},"author":{"name":"Onur Akpinar","@id":"https:\/\/avrupatv.eu\/#\/schema\/person\/d56afa5d5569da4029d483da36c0c17d"},"headline":"Diyarbak\u0131r ve Mardin&#8217;de an\u0131z yang\u0131n\u0131: Can kayb\u0131 12&#8217;e y\u00fckseldi","datePublished":"2024-06-21T20:36:11+00:00","mainEntityOfPage":{"@id":"https:\/\/avrupatv.eu\/index.php\/2024\/06\/21\/diyarbakir-ve-mardinde-aniz-yangini-can-kaybi-12e-yukseldi\/"},"wordCount":1333,"commentCount":0,"publisher":{"@id":"https:\/\/avrupatv.eu\/#organization"},"image":{"@id":"https:\/\/avrupatv.eu\/index.php\/2024\/06\/21\/diyarbakir-ve-mardinde-aniz-yangini-can-kaybi-12e-yukseldi\/#primaryimage"},"thumbnailUrl":"https:\/\/avrupatv.eu\/wp-content\/uploads\/2024\/06\/yanginnn-001-1100x650-1.jpg","articleSection":["G\u00fcndem","T\u00fcrkiye"],"inLanguage":"tr","potentialAction":[{"@type":"CommentAction","name":"Comment","target":["https:\/\/avrupatv.eu\/index.php\/2024\/06\/21\/diyarbakir-ve-mardinde-aniz-yangini-can-kaybi-12e-yukseldi\/#respond"]}]},{"@type":"WebPage","@id":"https:\/\/avrupatv.eu\/index.php\/2024\/06\/21\/diyarbakir-ve-mardinde-aniz-yangini-can-kaybi-12e-yukseldi\/","url":"https:\/\/avrupatv.eu\/index.php\/2024\/06\/21\/diyarbakir-ve-mardinde-aniz-yangini-can-kaybi-12e-yukseldi\/","name":"Diyarbak\u0131r ve Mardin'de an\u0131z yang\u0131n\u0131: Can kayb\u0131 12'e y\u00fckseldi - Avrupal\u0131 T\u00fcrklerin en Yeni Haber Portal\u0131","isPartOf":{"@id":"https:\/\/avrupatv.eu\/#website"},"primaryImageOfPage":{"@id":"https:\/\/avrupatv.eu\/index.php\/2024\/06\/21\/diyarbakir-ve-mardinde-aniz-yangini-can-kaybi-12e-yukseldi\/#primaryimage"},"image":{"@id":"https:\/\/avrupatv.eu\/index.php\/2024\/06\/21\/diyarbakir-ve-mardinde-aniz-yangini-can-kaybi-12e-yukseldi\/#primaryimage"},"thumbnailUrl":"https:\/\/avrupatv.eu\/wp-content\/uploads\/2024\/06\/yanginnn-001-1100x650-1.jpg","datePublished":"2024-06-21T20:36:11+00:00","breadcrumb":{"@id":"https:\/\/avrupatv.eu\/index.php\/2024\/06\/21\/diyarbakir-ve-mardinde-aniz-yangini-can-kaybi-12e-yukseldi\/#breadcrumb"},"inLanguage":"tr","potentialAction":[{"@type":"ReadAction","target":["https:\/\/avrupatv.eu\/index.php\/2024\/06\/21\/diyarbakir-ve-mardinde-aniz-yangini-can-kaybi-12e-yukseldi\/"]}]},{"@type":"ImageObject","inLanguage":"tr","@id":"https:\/\/avrupatv.eu\/index.php\/2024\/06\/21\/diyarbakir-ve-mardinde-aniz-yangini-can-kaybi-12e-yukseldi\/#primaryimage","url":"https:\/\/avrupatv.eu\/wp-content\/uploads\/2024\/06\/yanginnn-001-1100x650-1.jpg","contentUrl":"https:\/\/avrupatv.eu\/wp-content\/uploads\/2024\/06\/yanginnn-001-1100x650-1.jpg","width":1100,"height":650},{"@type":"BreadcrumbList","@id":"https:\/\/avrupatv.eu\/index.php\/2024\/06\/21\/diyarbakir-ve-mardinde-aniz-yangini-can-kaybi-12e-yukseldi\/#breadcrumb","itemListElement":[{"@type":"ListItem","position":1,"name":"Anasayfa","item":"https:\/\/avrupatv.eu\/"},{"@type":"ListItem","position":2,"name":"Diyarbak\u0131r ve Mardin&#8217;de an\u0131z yang\u0131n\u0131: Can kayb\u0131 12&#8217;e y\u00fckseldi"}]},{"@type":"WebSite","@id":"https:\/\/avrupatv.eu\/#website","url":"https:\/\/avrupatv.eu\/","name":"Avrupal\u0131 T\u00fcrklerin en Yeni Haber Portal\u0131","description":"","publisher":{"@id":"https:\/\/avrupatv.eu\/#organization"},"alternateName":"Avrupa tv","potentialAction":[{"@type":"SearchAction","target":{"@type":"EntryPoint","urlTemplate":"https:\/\/avrupatv.eu\/?s={search_term_string}"},"query-input":{"@type":"PropertyValueSpecification","valueRequired":true,"valueName":"search_term_string"}}],"inLanguage":"tr"},{"@type":"Organization","@id":"https:\/\/avrupatv.eu\/#organization","name":"Avrupa Haber","url":"https:\/\/avrupatv.eu\/","logo":{"@type":"ImageObject","inLanguage":"tr","@id":"https:\/\/avrupatv.eu\/#\/schema\/logo\/image\/","url":"https:\/\/avrupatv.eu\/wp-content\/uploads\/2023\/10\/cropped-thumbnail_logo.png","contentUrl":"https:\/\/avrupatv.eu\/wp-content\/uploads\/2023\/10\/cropped-thumbnail_logo.png","width":1025,"height":302,"caption":"Avrupa Haber"},"image":{"@id":"https:\/\/avrupatv.eu\/#\/schema\/logo\/image\/"}},{"@type":"Person","@id":"https:\/\/avrupatv.eu\/#\/schema\/person\/d56afa5d5569da4029d483da36c0c17d","name":"Onur Akpinar","image":{"@type":"ImageObject","inLanguage":"tr","@id":"https:\/\/secure.gravatar.com\/avatar\/67a1a0bdf34f82da209334e4684b7e7171a58a5a2b0a8f836b61044f5c1f5d6a?s=96&d=mm&r=g","url":"https:\/\/secure.gravatar.com\/avatar\/67a1a0bdf34f82da209334e4684b7e7171a58a5a2b0a8f836b61044f5c1f5d6a?s=96&d=mm&r=g","contentUrl":"https:\/\/secure.gravatar.com\/avatar\/67a1a0bdf34f82da209334e4684b7e7171a58a5a2b0a8f836b61044f5c1f5d6a?s=96&d=mm&r=g","caption":"Onur Akpinar"},"url":"https:\/\/avrupatv.eu\/index.php\/author\/onur-akpinar\/"}]}},"_links":{"self":[{"href":"https:\/\/avrupatv.eu\/index.php\/wp-json\/wp\/v2\/posts\/485","targetHints":{"allow":["GET"]}}],"collection":[{"href":"https:\/\/avrupatv.eu\/index.php\/wp-json\/wp\/v2\/posts"}],"about":[{"href":"https:\/\/avrupatv.eu\/index.php\/wp-json\/wp\/v2\/types\/post"}],"author":[{"embeddable":true,"href":"https:\/\/avrupatv.eu\/index.php\/wp-json\/wp\/v2\/users\/2"}],"replies":[{"embeddable":true,"href":"https:\/\/avrupatv.eu\/index.php\/wp-json\/wp\/v2\/comments?post=485"}],"version-history":[{"count":1,"href":"https:\/\/avrupatv.eu\/index.php\/wp-json\/wp\/v2\/posts\/485\/revisions"}],"predecessor-version":[{"id":487,"href":"https:\/\/avrupatv.eu\/index.php\/wp-json\/wp\/v2\/posts\/485\/revisions\/487"}],"wp:featuredmedia":[{"embeddable":true,"href":"https:\/\/avrupatv.eu\/index.php\/wp-json\/wp\/v2\/media\/486"}],"wp:attachment":[{"href":"https:\/\/avrupatv.eu\/index.php\/wp-json\/wp\/v2\/media?parent=485"}],"wp:term":[{"taxonomy":"category","embeddable":true,"href":"https:\/\/avrupatv.eu\/index.php\/wp-json\/wp\/v2\/categories?post=485"},{"taxonomy":"post_tag","embeddable":true,"href":"https:\/\/avrupatv.eu\/index.php\/wp-json\/wp\/v2\/tags?post=485"}],"curies":[{"name":"wp","href":"https:\/\/api.w.org\/{rel}","templated":true}]}}