{"id":472,"date":"2024-06-20T21:52:08","date_gmt":"2024-06-20T21:52:08","guid":{"rendered":"https:\/\/avrupatv.eu\/?p=472"},"modified":"2024-06-20T21:52:08","modified_gmt":"2024-06-20T21:52:08","slug":"mahkeme-timur-cihantimurun-tutukluluk-haline-devam-karari-verdi","status":"publish","type":"post","link":"https:\/\/avrupatv.eu\/index.php\/2024\/06\/20\/mahkeme-timur-cihantimurun-tutukluluk-haline-devam-karari-verdi\/","title":{"rendered":"Mahkeme Timur Cihantimur&#8217;un tutukluluk haline devam karar\u0131 verdi"},"content":{"rendered":"\n<p><strong>O\u011fuz Murat Aci\u2019n\u0131n \u00f6l\u00fcm\u00fcne neden olan ve annesi Eylem Tok ile birlikte ABD&#8217;ye ka\u00e7an Timur Cihantimur, bug\u00fcn Boston&#8217;da ikinci kez hakim kar\u015f\u0131s\u0131na \u00e7\u0131kt\u0131. Mahkeme, Timur Cihantimur&#8217;un tutukluluk haline devam karar\u0131 verdi.<\/strong><\/p>\n\n\n\n<p>\u0130stanbul&#8217;un Ey\u00fcpsultan il\u00e7esinde, 17 ya\u015f\u0131ndaki ehliyetsiz s\u00fcr\u00fcc\u00fc Timur Cihantimur, 1 Mart gecesi Kemerburgaz yolunda ar\u0131zalanan ATV motorunu emniyet \u015feridinde durarak kontrol eden gruba cipiyle \u00e7arpm\u0131\u015f, \u00e7arpma sonucu evli bir \u00e7ocuk babas\u0131 29 ya\u015f\u0131ndaki O\u011fuz Murat Aci hayat\u0131n\u0131 kaybetmi\u015f, 4 ki\u015fi de yaralanm\u0131\u015ft\u0131.<\/p>\n\n\n\n<p><strong>ABD&#8217;YE KA\u00c7IRILMI\u015eTI<\/strong><\/p>\n\n\n\n<p>Olay\u0131n sorumlusu Timur Cihantimur, annesi Eylem Tok taraf\u0131ndan \u00f6nce M\u0131s\u0131r&#8217;a, oradan da ABD&#8217;ye ka\u00e7\u0131r\u0131lm\u0131\u015ft\u0131.<\/p>\n\n\n\n<p><strong>DURU\u015eMA ETLENM\u0130\u015eT\u0130<\/strong><\/p>\n\n\n\n<p>Annesi Tok ile birlikte 15 Haziran&#8217;da ABD&#8217;de tutuklanan Cihantimur, 18 Haziran&#8217;da hakim kar\u015f\u0131s\u0131na \u00e7\u0131km\u0131\u015ft\u0131 ve mahkeme, Cihantimur&#8217;un tutukluluk halinin devam\u0131na karar vermi\u015fti.<\/p>\n\n\n\n<p><strong>YEN\u0130DEN HAK\u0130M KAR\u015eISINA \u00c7IKTI<\/strong><\/p>\n\n\n\n<p>Cihantimur&#8217;un ikinci kez hakim kar\u015f\u0131s\u0131na \u00e7\u0131kt\u0131. Boston John Joseph Moakley Adliyesi&#8217;nde g\u00f6r\u00fclen duru\u015fmada hakim Donald Cabell, Cihantimur&#8217;un iade s\u00fcreci boyunca tutuklu kalmas\u0131na h\u00fckmetti.<\/p>\n\n\n\n<p><strong>AVUKATLAR EV HAP\u0130S\u0130 TALEP ETT\u0130<\/strong><\/p>\n\n\n\n<p>\u0130kinci kez hakim kar\u015f\u0131s\u0131na \u00e7\u0131kan Cihantimur&#8217;un avukatlar\u0131, m\u00fcvekkillerinin tutuldu\u011fu Connecticut eyaletindeki \u00e7ocuk \u0131slahevi \u015fartlar\u0131n\u0131n uygun olmad\u0131\u011f\u0131n\u0131 \u00f6ne s\u00fcrerek, Cihantimur&#8217;un \u00f6nce evde g\u00f6zetim alt\u0131nda tutulmas\u0131n\u0131, bu olmazsa Massachussets&#8217;te daha uygun bir yere nakledilmesini talep etti.<\/p>\n\n\n\n<p><strong>Kaynak: S\u00f6zc\u00fc<\/strong><\/p>\n\n\n\n<p><\/p>\n","protected":false},"excerpt":{"rendered":"<p>O\u011fuz Murat Aci\u2019n\u0131n \u00f6l\u00fcm\u00fcne neden olan ve annesi Eylem Tok ile birlikte ABD&#8217;ye ka\u00e7an Timur Cihantimur, bug\u00fcn Boston&#8217;da ikinci kez hakim kar\u015f\u0131s\u0131na \u00e7\u0131kt\u0131. Mahkeme, Timur Cihantimur&#8217;un tutukluluk haline devam karar\u0131 verdi. \u0130stanbul&#8217;un Ey\u00fcpsultan il\u00e7esinde, 17 ya\u015f\u0131ndaki ehliyetsiz s\u00fcr\u00fcc\u00fc Timur Cihantimur, 1 Mart gecesi Kemerburgaz yolunda ar\u0131zalanan ATV motorunu emniyet \u015feridinde durarak kontrol eden gruba cipiyle [&hellip;]<\/p>\n","protected":false},"author":2,"featured_media":473,"comment_status":"open","ping_status":"open","sticky":false,"template":"","format":"standard","meta":{"footnotes":""},"categories":[6,8,11],"tags":[],"class_list":["post-472","post","type-post","status-publish","format-standard","has-post-thumbnail","hentry","category-dunya","category-gundem","category-turkiye"],"yoast_head":"<!-- This site is optimized with the Yoast SEO plugin v27.4 - https:\/\/yoast.com\/product\/yoast-seo-wordpress\/ -->\n<title>Mahkeme Timur Cihantimur&#039;un tutukluluk haline devam karar\u0131 verdi - Avrupal\u0131 T\u00fcrklerin en Yeni Haber Portal\u0131<\/title>\n<meta name=\"robots\" content=\"index, follow, max-snippet:-1, max-image-preview:large, max-video-preview:-1\" \/>\n<link rel=\"canonical\" href=\"https:\/\/avrupatv.eu\/index.php\/2024\/06\/20\/mahkeme-timur-cihantimurun-tutukluluk-haline-devam-karari-verdi\/\" \/>\n<meta property=\"og:locale\" content=\"tr_TR\" \/>\n<meta property=\"og:type\" content=\"article\" \/>\n<meta property=\"og:title\" content=\"Mahkeme Timur Cihantimur&#039;un tutukluluk haline devam karar\u0131 verdi - Avrupal\u0131 T\u00fcrklerin en Yeni Haber Portal\u0131\" \/>\n<meta property=\"og:description\" content=\"O\u011fuz Murat Aci\u2019n\u0131n \u00f6l\u00fcm\u00fcne neden olan ve annesi Eylem Tok ile birlikte ABD&#8217;ye ka\u00e7an Timur Cihantimur, bug\u00fcn Boston&#8217;da ikinci kez hakim kar\u015f\u0131s\u0131na \u00e7\u0131kt\u0131. Mahkeme, Timur Cihantimur&#8217;un tutukluluk haline devam karar\u0131 verdi. \u0130stanbul&#8217;un Ey\u00fcpsultan il\u00e7esinde, 17 ya\u015f\u0131ndaki ehliyetsiz s\u00fcr\u00fcc\u00fc Timur Cihantimur, 1 Mart gecesi Kemerburgaz yolunda ar\u0131zalanan ATV motorunu emniyet \u015feridinde durarak kontrol eden gruba cipiyle [&hellip;]\" \/>\n<meta property=\"og:url\" content=\"https:\/\/avrupatv.eu\/index.php\/2024\/06\/20\/mahkeme-timur-cihantimurun-tutukluluk-haline-devam-karari-verdi\/\" \/>\n<meta property=\"og:site_name\" content=\"Avrupal\u0131 T\u00fcrklerin en Yeni Haber Portal\u0131\" \/>\n<meta property=\"article:published_time\" content=\"2024-06-20T21:52:08+00:00\" \/>\n<meta property=\"og:image\" content=\"https:\/\/avrupatv.eu\/wp-content\/uploads\/2024\/06\/timur-cihantimurun-cezaevindeki-fotografi-ortaya-cikti-17188680812996.jpg\" \/>\n\t<meta property=\"og:image:width\" content=\"1280\" \/>\n\t<meta property=\"og:image:height\" content=\"720\" \/>\n\t<meta property=\"og:image:type\" content=\"image\/jpeg\" \/>\n<meta name=\"author\" content=\"Onur Akpinar\" \/>\n<meta name=\"twitter:card\" content=\"summary_large_image\" \/>\n<meta name=\"twitter:label1\" content=\"Yazan:\" \/>\n\t<meta name=\"twitter:data1\" content=\"Onur Akpinar\" \/>\n\t<meta name=\"twitter:label2\" content=\"Tahmini okuma s\u00fcresi\" \/>\n\t<meta name=\"twitter:data2\" content=\"2 dakika\" \/>\n<script type=\"application\/ld+json\" class=\"yoast-schema-graph\">{\"@context\":\"https:\\\/\\\/schema.org\",\"@graph\":[{\"@type\":\"Article\",\"@id\":\"https:\\\/\\\/avrupatv.eu\\\/index.php\\\/2024\\\/06\\\/20\\\/mahkeme-timur-cihantimurun-tutukluluk-haline-devam-karari-verdi\\\/#article\",\"isPartOf\":{\"@id\":\"https:\\\/\\\/avrupatv.eu\\\/index.php\\\/2024\\\/06\\\/20\\\/mahkeme-timur-cihantimurun-tutukluluk-haline-devam-karari-verdi\\\/\"},\"author\":{\"name\":\"Onur Akpinar\",\"@id\":\"https:\\\/\\\/avrupatv.eu\\\/#\\\/schema\\\/person\\\/d56afa5d5569da4029d483da36c0c17d\"},\"headline\":\"Mahkeme Timur Cihantimur&#8217;un tutukluluk haline devam karar\u0131 verdi\",\"datePublished\":\"2024-06-20T21:52:08+00:00\",\"mainEntityOfPage\":{\"@id\":\"https:\\\/\\\/avrupatv.eu\\\/index.php\\\/2024\\\/06\\\/20\\\/mahkeme-timur-cihantimurun-tutukluluk-haline-devam-karari-verdi\\\/\"},\"wordCount\":261,\"commentCount\":0,\"publisher\":{\"@id\":\"https:\\\/\\\/avrupatv.eu\\\/#organization\"},\"image\":{\"@id\":\"https:\\\/\\\/avrupatv.eu\\\/index.php\\\/2024\\\/06\\\/20\\\/mahkeme-timur-cihantimurun-tutukluluk-haline-devam-karari-verdi\\\/#primaryimage\"},\"thumbnailUrl\":\"https:\\\/\\\/avrupatv.eu\\\/wp-content\\\/uploads\\\/2024\\\/06\\\/timur-cihantimurun-cezaevindeki-fotografi-ortaya-cikti-17188680812996.jpg\",\"articleSection\":[\"D\u00fcnya\",\"G\u00fcndem\",\"T\u00fcrkiye\"],\"inLanguage\":\"tr\",\"potentialAction\":[{\"@type\":\"CommentAction\",\"name\":\"Comment\",\"target\":[\"https:\\\/\\\/avrupatv.eu\\\/index.php\\\/2024\\\/06\\\/20\\\/mahkeme-timur-cihantimurun-tutukluluk-haline-devam-karari-verdi\\\/#respond\"]}]},{\"@type\":\"WebPage\",\"@id\":\"https:\\\/\\\/avrupatv.eu\\\/index.php\\\/2024\\\/06\\\/20\\\/mahkeme-timur-cihantimurun-tutukluluk-haline-devam-karari-verdi\\\/\",\"url\":\"https:\\\/\\\/avrupatv.eu\\\/index.php\\\/2024\\\/06\\\/20\\\/mahkeme-timur-cihantimurun-tutukluluk-haline-devam-karari-verdi\\\/\",\"name\":\"Mahkeme Timur Cihantimur'un tutukluluk haline devam karar\u0131 verdi - Avrupal\u0131 T\u00fcrklerin en Yeni Haber Portal\u0131\",\"isPartOf\":{\"@id\":\"https:\\\/\\\/avrupatv.eu\\\/#website\"},\"primaryImageOfPage\":{\"@id\":\"https:\\\/\\\/avrupatv.eu\\\/index.php\\\/2024\\\/06\\\/20\\\/mahkeme-timur-cihantimurun-tutukluluk-haline-devam-karari-verdi\\\/#primaryimage\"},\"image\":{\"@id\":\"https:\\\/\\\/avrupatv.eu\\\/index.php\\\/2024\\\/06\\\/20\\\/mahkeme-timur-cihantimurun-tutukluluk-haline-devam-karari-verdi\\\/#primaryimage\"},\"thumbnailUrl\":\"https:\\\/\\\/avrupatv.eu\\\/wp-content\\\/uploads\\\/2024\\\/06\\\/timur-cihantimurun-cezaevindeki-fotografi-ortaya-cikti-17188680812996.jpg\",\"datePublished\":\"2024-06-20T21:52:08+00:00\",\"breadcrumb\":{\"@id\":\"https:\\\/\\\/avrupatv.eu\\\/index.php\\\/2024\\\/06\\\/20\\\/mahkeme-timur-cihantimurun-tutukluluk-haline-devam-karari-verdi\\\/#breadcrumb\"},\"inLanguage\":\"tr\",\"potentialAction\":[{\"@type\":\"ReadAction\",\"target\":[\"https:\\\/\\\/avrupatv.eu\\\/index.php\\\/2024\\\/06\\\/20\\\/mahkeme-timur-cihantimurun-tutukluluk-haline-devam-karari-verdi\\\/\"]}]},{\"@type\":\"ImageObject\",\"inLanguage\":\"tr\",\"@id\":\"https:\\\/\\\/avrupatv.eu\\\/index.php\\\/2024\\\/06\\\/20\\\/mahkeme-timur-cihantimurun-tutukluluk-haline-devam-karari-verdi\\\/#primaryimage\",\"url\":\"https:\\\/\\\/avrupatv.eu\\\/wp-content\\\/uploads\\\/2024\\\/06\\\/timur-cihantimurun-cezaevindeki-fotografi-ortaya-cikti-17188680812996.jpg\",\"contentUrl\":\"https:\\\/\\\/avrupatv.eu\\\/wp-content\\\/uploads\\\/2024\\\/06\\\/timur-cihantimurun-cezaevindeki-fotografi-ortaya-cikti-17188680812996.jpg\",\"width\":1280,\"height\":720},{\"@type\":\"BreadcrumbList\",\"@id\":\"https:\\\/\\\/avrupatv.eu\\\/index.php\\\/2024\\\/06\\\/20\\\/mahkeme-timur-cihantimurun-tutukluluk-haline-devam-karari-verdi\\\/#breadcrumb\",\"itemListElement\":[{\"@type\":\"ListItem\",\"position\":1,\"name\":\"Anasayfa\",\"item\":\"https:\\\/\\\/avrupatv.eu\\\/\"},{\"@type\":\"ListItem\",\"position\":2,\"name\":\"Mahkeme Timur Cihantimur&#8217;un tutukluluk haline devam karar\u0131 verdi\"}]},{\"@type\":\"WebSite\",\"@id\":\"https:\\\/\\\/avrupatv.eu\\\/#website\",\"url\":\"https:\\\/\\\/avrupatv.eu\\\/\",\"name\":\"Avrupal\u0131 T\u00fcrklerin en Yeni Haber Portal\u0131\",\"description\":\"\",\"publisher\":{\"@id\":\"https:\\\/\\\/avrupatv.eu\\\/#organization\"},\"alternateName\":\"Avrupa tv\",\"potentialAction\":[{\"@type\":\"SearchAction\",\"target\":{\"@type\":\"EntryPoint\",\"urlTemplate\":\"https:\\\/\\\/avrupatv.eu\\\/?s={search_term_string}\"},\"query-input\":{\"@type\":\"PropertyValueSpecification\",\"valueRequired\":true,\"valueName\":\"search_term_string\"}}],\"inLanguage\":\"tr\"},{\"@type\":\"Organization\",\"@id\":\"https:\\\/\\\/avrupatv.eu\\\/#organization\",\"name\":\"Avrupa Haber\",\"url\":\"https:\\\/\\\/avrupatv.eu\\\/\",\"logo\":{\"@type\":\"ImageObject\",\"inLanguage\":\"tr\",\"@id\":\"https:\\\/\\\/avrupatv.eu\\\/#\\\/schema\\\/logo\\\/image\\\/\",\"url\":\"https:\\\/\\\/avrupatv.eu\\\/wp-content\\\/uploads\\\/2023\\\/10\\\/cropped-thumbnail_logo.png\",\"contentUrl\":\"https:\\\/\\\/avrupatv.eu\\\/wp-content\\\/uploads\\\/2023\\\/10\\\/cropped-thumbnail_logo.png\",\"width\":1025,\"height\":302,\"caption\":\"Avrupa Haber\"},\"image\":{\"@id\":\"https:\\\/\\\/avrupatv.eu\\\/#\\\/schema\\\/logo\\\/image\\\/\"}},{\"@type\":\"Person\",\"@id\":\"https:\\\/\\\/avrupatv.eu\\\/#\\\/schema\\\/person\\\/d56afa5d5569da4029d483da36c0c17d\",\"name\":\"Onur Akpinar\",\"image\":{\"@type\":\"ImageObject\",\"inLanguage\":\"tr\",\"@id\":\"https:\\\/\\\/secure.gravatar.com\\\/avatar\\\/67a1a0bdf34f82da209334e4684b7e7171a58a5a2b0a8f836b61044f5c1f5d6a?s=96&d=mm&r=g\",\"url\":\"https:\\\/\\\/secure.gravatar.com\\\/avatar\\\/67a1a0bdf34f82da209334e4684b7e7171a58a5a2b0a8f836b61044f5c1f5d6a?s=96&d=mm&r=g\",\"contentUrl\":\"https:\\\/\\\/secure.gravatar.com\\\/avatar\\\/67a1a0bdf34f82da209334e4684b7e7171a58a5a2b0a8f836b61044f5c1f5d6a?s=96&d=mm&r=g\",\"caption\":\"Onur Akpinar\"},\"url\":\"https:\\\/\\\/avrupatv.eu\\\/index.php\\\/author\\\/onur-akpinar\\\/\"}]}<\/script>\n<!-- \/ Yoast SEO plugin. -->","yoast_head_json":{"title":"Mahkeme Timur Cihantimur'un tutukluluk haline devam karar\u0131 verdi - Avrupal\u0131 T\u00fcrklerin en Yeni Haber Portal\u0131","robots":{"index":"index","follow":"follow","max-snippet":"max-snippet:-1","max-image-preview":"max-image-preview:large","max-video-preview":"max-video-preview:-1"},"canonical":"https:\/\/avrupatv.eu\/index.php\/2024\/06\/20\/mahkeme-timur-cihantimurun-tutukluluk-haline-devam-karari-verdi\/","og_locale":"tr_TR","og_type":"article","og_title":"Mahkeme Timur Cihantimur'un tutukluluk haline devam karar\u0131 verdi - Avrupal\u0131 T\u00fcrklerin en Yeni Haber Portal\u0131","og_description":"O\u011fuz Murat Aci\u2019n\u0131n \u00f6l\u00fcm\u00fcne neden olan ve annesi Eylem Tok ile birlikte ABD&#8217;ye ka\u00e7an Timur Cihantimur, bug\u00fcn Boston&#8217;da ikinci kez hakim kar\u015f\u0131s\u0131na \u00e7\u0131kt\u0131. Mahkeme, Timur Cihantimur&#8217;un tutukluluk haline devam karar\u0131 verdi. \u0130stanbul&#8217;un Ey\u00fcpsultan il\u00e7esinde, 17 ya\u015f\u0131ndaki ehliyetsiz s\u00fcr\u00fcc\u00fc Timur Cihantimur, 1 Mart gecesi Kemerburgaz yolunda ar\u0131zalanan ATV motorunu emniyet \u015feridinde durarak kontrol eden gruba cipiyle [&hellip;]","og_url":"https:\/\/avrupatv.eu\/index.php\/2024\/06\/20\/mahkeme-timur-cihantimurun-tutukluluk-haline-devam-karari-verdi\/","og_site_name":"Avrupal\u0131 T\u00fcrklerin en Yeni Haber Portal\u0131","article_published_time":"2024-06-20T21:52:08+00:00","og_image":[{"width":1280,"height":720,"url":"https:\/\/avrupatv.eu\/wp-content\/uploads\/2024\/06\/timur-cihantimurun-cezaevindeki-fotografi-ortaya-cikti-17188680812996.jpg","type":"image\/jpeg"}],"author":"Onur Akpinar","twitter_card":"summary_large_image","twitter_misc":{"Yazan:":"Onur Akpinar","Tahmini okuma s\u00fcresi":"2 dakika"},"schema":{"@context":"https:\/\/schema.org","@graph":[{"@type":"Article","@id":"https:\/\/avrupatv.eu\/index.php\/2024\/06\/20\/mahkeme-timur-cihantimurun-tutukluluk-haline-devam-karari-verdi\/#article","isPartOf":{"@id":"https:\/\/avrupatv.eu\/index.php\/2024\/06\/20\/mahkeme-timur-cihantimurun-tutukluluk-haline-devam-karari-verdi\/"},"author":{"name":"Onur Akpinar","@id":"https:\/\/avrupatv.eu\/#\/schema\/person\/d56afa5d5569da4029d483da36c0c17d"},"headline":"Mahkeme Timur Cihantimur&#8217;un tutukluluk haline devam karar\u0131 verdi","datePublished":"2024-06-20T21:52:08+00:00","mainEntityOfPage":{"@id":"https:\/\/avrupatv.eu\/index.php\/2024\/06\/20\/mahkeme-timur-cihantimurun-tutukluluk-haline-devam-karari-verdi\/"},"wordCount":261,"commentCount":0,"publisher":{"@id":"https:\/\/avrupatv.eu\/#organization"},"image":{"@id":"https:\/\/avrupatv.eu\/index.php\/2024\/06\/20\/mahkeme-timur-cihantimurun-tutukluluk-haline-devam-karari-verdi\/#primaryimage"},"thumbnailUrl":"https:\/\/avrupatv.eu\/wp-content\/uploads\/2024\/06\/timur-cihantimurun-cezaevindeki-fotografi-ortaya-cikti-17188680812996.jpg","articleSection":["D\u00fcnya","G\u00fcndem","T\u00fcrkiye"],"inLanguage":"tr","potentialAction":[{"@type":"CommentAction","name":"Comment","target":["https:\/\/avrupatv.eu\/index.php\/2024\/06\/20\/mahkeme-timur-cihantimurun-tutukluluk-haline-devam-karari-verdi\/#respond"]}]},{"@type":"WebPage","@id":"https:\/\/avrupatv.eu\/index.php\/2024\/06\/20\/mahkeme-timur-cihantimurun-tutukluluk-haline-devam-karari-verdi\/","url":"https:\/\/avrupatv.eu\/index.php\/2024\/06\/20\/mahkeme-timur-cihantimurun-tutukluluk-haline-devam-karari-verdi\/","name":"Mahkeme Timur Cihantimur'un tutukluluk haline devam karar\u0131 verdi - Avrupal\u0131 T\u00fcrklerin en Yeni Haber Portal\u0131","isPartOf":{"@id":"https:\/\/avrupatv.eu\/#website"},"primaryImageOfPage":{"@id":"https:\/\/avrupatv.eu\/index.php\/2024\/06\/20\/mahkeme-timur-cihantimurun-tutukluluk-haline-devam-karari-verdi\/#primaryimage"},"image":{"@id":"https:\/\/avrupatv.eu\/index.php\/2024\/06\/20\/mahkeme-timur-cihantimurun-tutukluluk-haline-devam-karari-verdi\/#primaryimage"},"thumbnailUrl":"https:\/\/avrupatv.eu\/wp-content\/uploads\/2024\/06\/timur-cihantimurun-cezaevindeki-fotografi-ortaya-cikti-17188680812996.jpg","datePublished":"2024-06-20T21:52:08+00:00","breadcrumb":{"@id":"https:\/\/avrupatv.eu\/index.php\/2024\/06\/20\/mahkeme-timur-cihantimurun-tutukluluk-haline-devam-karari-verdi\/#breadcrumb"},"inLanguage":"tr","potentialAction":[{"@type":"ReadAction","target":["https:\/\/avrupatv.eu\/index.php\/2024\/06\/20\/mahkeme-timur-cihantimurun-tutukluluk-haline-devam-karari-verdi\/"]}]},{"@type":"ImageObject","inLanguage":"tr","@id":"https:\/\/avrupatv.eu\/index.php\/2024\/06\/20\/mahkeme-timur-cihantimurun-tutukluluk-haline-devam-karari-verdi\/#primaryimage","url":"https:\/\/avrupatv.eu\/wp-content\/uploads\/2024\/06\/timur-cihantimurun-cezaevindeki-fotografi-ortaya-cikti-17188680812996.jpg","contentUrl":"https:\/\/avrupatv.eu\/wp-content\/uploads\/2024\/06\/timur-cihantimurun-cezaevindeki-fotografi-ortaya-cikti-17188680812996.jpg","width":1280,"height":720},{"@type":"BreadcrumbList","@id":"https:\/\/avrupatv.eu\/index.php\/2024\/06\/20\/mahkeme-timur-cihantimurun-tutukluluk-haline-devam-karari-verdi\/#breadcrumb","itemListElement":[{"@type":"ListItem","position":1,"name":"Anasayfa","item":"https:\/\/avrupatv.eu\/"},{"@type":"ListItem","position":2,"name":"Mahkeme Timur Cihantimur&#8217;un tutukluluk haline devam karar\u0131 verdi"}]},{"@type":"WebSite","@id":"https:\/\/avrupatv.eu\/#website","url":"https:\/\/avrupatv.eu\/","name":"Avrupal\u0131 T\u00fcrklerin en Yeni Haber Portal\u0131","description":"","publisher":{"@id":"https:\/\/avrupatv.eu\/#organization"},"alternateName":"Avrupa tv","potentialAction":[{"@type":"SearchAction","target":{"@type":"EntryPoint","urlTemplate":"https:\/\/avrupatv.eu\/?s={search_term_string}"},"query-input":{"@type":"PropertyValueSpecification","valueRequired":true,"valueName":"search_term_string"}}],"inLanguage":"tr"},{"@type":"Organization","@id":"https:\/\/avrupatv.eu\/#organization","name":"Avrupa Haber","url":"https:\/\/avrupatv.eu\/","logo":{"@type":"ImageObject","inLanguage":"tr","@id":"https:\/\/avrupatv.eu\/#\/schema\/logo\/image\/","url":"https:\/\/avrupatv.eu\/wp-content\/uploads\/2023\/10\/cropped-thumbnail_logo.png","contentUrl":"https:\/\/avrupatv.eu\/wp-content\/uploads\/2023\/10\/cropped-thumbnail_logo.png","width":1025,"height":302,"caption":"Avrupa Haber"},"image":{"@id":"https:\/\/avrupatv.eu\/#\/schema\/logo\/image\/"}},{"@type":"Person","@id":"https:\/\/avrupatv.eu\/#\/schema\/person\/d56afa5d5569da4029d483da36c0c17d","name":"Onur Akpinar","image":{"@type":"ImageObject","inLanguage":"tr","@id":"https:\/\/secure.gravatar.com\/avatar\/67a1a0bdf34f82da209334e4684b7e7171a58a5a2b0a8f836b61044f5c1f5d6a?s=96&d=mm&r=g","url":"https:\/\/secure.gravatar.com\/avatar\/67a1a0bdf34f82da209334e4684b7e7171a58a5a2b0a8f836b61044f5c1f5d6a?s=96&d=mm&r=g","contentUrl":"https:\/\/secure.gravatar.com\/avatar\/67a1a0bdf34f82da209334e4684b7e7171a58a5a2b0a8f836b61044f5c1f5d6a?s=96&d=mm&r=g","caption":"Onur Akpinar"},"url":"https:\/\/avrupatv.eu\/index.php\/author\/onur-akpinar\/"}]}},"_links":{"self":[{"href":"https:\/\/avrupatv.eu\/index.php\/wp-json\/wp\/v2\/posts\/472","targetHints":{"allow":["GET"]}}],"collection":[{"href":"https:\/\/avrupatv.eu\/index.php\/wp-json\/wp\/v2\/posts"}],"about":[{"href":"https:\/\/avrupatv.eu\/index.php\/wp-json\/wp\/v2\/types\/post"}],"author":[{"embeddable":true,"href":"https:\/\/avrupatv.eu\/index.php\/wp-json\/wp\/v2\/users\/2"}],"replies":[{"embeddable":true,"href":"https:\/\/avrupatv.eu\/index.php\/wp-json\/wp\/v2\/comments?post=472"}],"version-history":[{"count":1,"href":"https:\/\/avrupatv.eu\/index.php\/wp-json\/wp\/v2\/posts\/472\/revisions"}],"predecessor-version":[{"id":474,"href":"https:\/\/avrupatv.eu\/index.php\/wp-json\/wp\/v2\/posts\/472\/revisions\/474"}],"wp:featuredmedia":[{"embeddable":true,"href":"https:\/\/avrupatv.eu\/index.php\/wp-json\/wp\/v2\/media\/473"}],"wp:attachment":[{"href":"https:\/\/avrupatv.eu\/index.php\/wp-json\/wp\/v2\/media?parent=472"}],"wp:term":[{"taxonomy":"category","embeddable":true,"href":"https:\/\/avrupatv.eu\/index.php\/wp-json\/wp\/v2\/categories?post=472"},{"taxonomy":"post_tag","embeddable":true,"href":"https:\/\/avrupatv.eu\/index.php\/wp-json\/wp\/v2\/tags?post=472"}],"curies":[{"name":"wp","href":"https:\/\/api.w.org\/{rel}","templated":true}]}}