{"id":464,"date":"2024-06-20T14:15:40","date_gmt":"2024-06-20T14:15:40","guid":{"rendered":"https:\/\/avrupatv.eu\/?p=464"},"modified":"2024-06-20T14:18:46","modified_gmt":"2024-06-20T14:18:46","slug":"mehmet-tekin-arda-varsa-sorun-yok","status":"publish","type":"post","link":"https:\/\/avrupatv.eu\/index.php\/2024\/06\/20\/mehmet-tekin-arda-varsa-sorun-yok\/","title":{"rendered":"Mehmet Tekin: Arda varsa sorun yok"},"content":{"rendered":"\n<p><strong>Bizim \u00e7ocuklardan harika bir ba\u015flang\u0131\u00e7. A-Milli Futbol Tak\u0131m\u0131m\u0131z Euro 2024 F Grubu ilk ma\u00e7\u0131nda G\u00fcrcistan kar\u015f\u0131s\u0131nda 3-1 kazanmay\u0131 bildi.<\/strong> <\/p>\n\n\n\n<p>M\u00fcsabakan\u0131n ilk 20 dakikal\u0131k b\u00f6l\u00fcm\u00fc bizim kontrol\u00fcm\u00fczde ge\u00e7ti ve 25.nci dakikada Mert M\u00fcld\u00fcr sahne ald\u0131 ve harika bir golle \u0130mza att\u0131. Golden sonra konsantrasyon kayb\u0131 ya\u015fad\u0131k \u00f6zelikle VAR&#8217;dan d\u00f6nen gol\u00fcm\u00fcz&#8217;den sonra oyundan d\u00fc\u015ft\u00fck. G\u00fcrcistan bask\u0131 yaparak skoru 1-1 yapt\u0131 ve ilk yar\u0131 beraberlikle bitti. <\/p>\n\n\n\n<p><strong>ARDA VARSA SORUN YOK<\/strong>  <\/p>\n\n\n\n<p>\u0130kinci yar\u0131 milli tak\u0131m Hakan \u00c7alhano\u011flu&#8217;nun buldu\u011fu pozisyonlarla tekrar etkili oldu G\u00fcrcistan kalecisi gollere ge\u00e7it vermedi. Dakikalar 65 g\u00f6sterdi\u011finde Arda harika bir gole imza att\u0131. Oyunun s\u0131k\u0131\u015ft\u0131\u011f\u0131 bu b\u00f6l\u00fcmde Arda gibi m\u00fcthi\u015f bir yetene\u011fin ve \u00f6zg\u00fcvenli bir futbolcunun atabilece\u011fi gol\u00fc t\u00fcm d\u00fcnya izledi ve alk\u0131\u015flad\u0131. <\/p>\n\n\n\n<p><strong>Rahat oyun bekledik ama olmad\u0131<\/strong><\/p>\n\n\n\n<p>Skor 2-1 oldu, \u00f6ne ge\u00e7tik art\u0131k daha rahat bir oyun beklentisi i\u00e7erisindeydik ama \u00f6yle olmad\u0131. G\u00fcrcistan oyunun son b\u00f6l\u00fcmlerinde kalemizde ciddi pozisyonlar buldu. Son dakikalarda \u015fans yan\u0131m\u0131zdayd\u0131. Samet Akayd\u0131n net gol olabilecek topu \u00e7izgiden \u00e7\u0131kard\u0131 ve oyunun son dakikalar\u0131nda fi\u015fi Kerem Akt\u00fcrko\u011flu att\u0131\u011f\u0131 golle 3-1 kazanmas\u0131n\u0131 bildik. <\/p>\n\n\n\n<p><strong>Portekiz ma\u00e7\u0131nda defansif s\u0131k\u0131nt\u0131lar\u0131 ya\u015fayabiliriz <\/strong><\/p>\n\n\n\n<p>Portekiz ma\u00e7\u0131 daha zor ge\u00e7ecek. Ofansif olarak iyiyiz ama defans olarak s\u0131k\u0131nt\u0131 ya\u015fayabiliriz. Defansta daha kompakt ve tak\u0131m olarak hareket etmemiz gerekiyor. G\u00fcrcistana verdi\u011fimiz pozisyonlar\u0131 Portekiz affetmez.<\/p>\n\n\n\n<p>Bu galibiyet \u00dclkemize milletimize ve Avrupa&#8217;da ya\u015fayan biz Avrupal\u0131 T\u00fcrklere arma\u011fan olsun. Te\u015fekk\u00fcrler bizim \u00e7ocuklar Bu galibiyet portekiz ma\u00e7\u0131na moral motivasyon anlam\u0131nda cok b\u00fcy\u00fck bir doping olmu\u015ftur. Umar\u0131z portekiz ma\u00e7\u0131nda da milli tak\u0131m\u0131m\u0131z g\u00fczel oyun ve galibiyet ile ma\u00e7\u0131 bitirir ba\u015far\u0131lar milli tak\u0131m ba\u015far\u0131lar bizim alt\u0131n \u00e7ocuklar.<\/p>\n\n\n\n<p><\/p>\n\n\n\n<p><strong>Avrupa tv spor muhabiri, Mehmet Tekin<\/strong><\/p>\n","protected":false},"excerpt":{"rendered":"<p>Bizim \u00e7ocuklardan harika bir ba\u015flang\u0131\u00e7. A-Milli Futbol Tak\u0131m\u0131m\u0131z Euro 2024 F Grubu ilk ma\u00e7\u0131nda G\u00fcrcistan kar\u015f\u0131s\u0131nda 3-1 kazanmay\u0131 bildi. M\u00fcsabakan\u0131n ilk 20 dakikal\u0131k b\u00f6l\u00fcm\u00fc bizim kontrol\u00fcm\u00fczde ge\u00e7ti ve 25.nci dakikada Mert M\u00fcld\u00fcr sahne ald\u0131 ve harika bir golle \u0130mza att\u0131. Golden sonra konsantrasyon kayb\u0131 ya\u015fad\u0131k \u00f6zelikle VAR&#8217;dan d\u00f6nen gol\u00fcm\u00fcz&#8217;den sonra oyundan d\u00fc\u015ft\u00fck. G\u00fcrcistan bask\u0131 yaparak [&hellip;]<\/p>\n","protected":false},"author":2,"featured_media":465,"comment_status":"open","ping_status":"open","sticky":false,"template":"","format":"standard","meta":{"footnotes":""},"categories":[9,10,11],"tags":[],"class_list":["post-464","post","type-post","status-publish","format-standard","has-post-thumbnail","hentry","category-avrupa","category-futbol","category-turkiye"],"yoast_head":"<!-- This site is optimized with the Yoast SEO plugin v27.4 - https:\/\/yoast.com\/product\/yoast-seo-wordpress\/ -->\n<title>Mehmet Tekin: Arda varsa sorun yok - Avrupal\u0131 T\u00fcrklerin en Yeni Haber Portal\u0131<\/title>\n<meta name=\"robots\" content=\"index, follow, max-snippet:-1, max-image-preview:large, max-video-preview:-1\" \/>\n<link rel=\"canonical\" href=\"https:\/\/avrupatv.eu\/index.php\/2024\/06\/20\/mehmet-tekin-arda-varsa-sorun-yok\/\" \/>\n<meta property=\"og:locale\" content=\"tr_TR\" \/>\n<meta property=\"og:type\" content=\"article\" \/>\n<meta property=\"og:title\" content=\"Mehmet Tekin: Arda varsa sorun yok - Avrupal\u0131 T\u00fcrklerin en Yeni Haber Portal\u0131\" \/>\n<meta property=\"og:description\" content=\"Bizim \u00e7ocuklardan harika bir ba\u015flang\u0131\u00e7. A-Milli Futbol Tak\u0131m\u0131m\u0131z Euro 2024 F Grubu ilk ma\u00e7\u0131nda G\u00fcrcistan kar\u015f\u0131s\u0131nda 3-1 kazanmay\u0131 bildi. M\u00fcsabakan\u0131n ilk 20 dakikal\u0131k b\u00f6l\u00fcm\u00fc bizim kontrol\u00fcm\u00fczde ge\u00e7ti ve 25.nci dakikada Mert M\u00fcld\u00fcr sahne ald\u0131 ve harika bir golle \u0130mza att\u0131. Golden sonra konsantrasyon kayb\u0131 ya\u015fad\u0131k \u00f6zelikle VAR&#8217;dan d\u00f6nen gol\u00fcm\u00fcz&#8217;den sonra oyundan d\u00fc\u015ft\u00fck. G\u00fcrcistan bask\u0131 yaparak [&hellip;]\" \/>\n<meta property=\"og:url\" content=\"https:\/\/avrupatv.eu\/index.php\/2024\/06\/20\/mehmet-tekin-arda-varsa-sorun-yok\/\" \/>\n<meta property=\"og:site_name\" content=\"Avrupal\u0131 T\u00fcrklerin en Yeni Haber Portal\u0131\" \/>\n<meta property=\"article:published_time\" content=\"2024-06-20T14:15:40+00:00\" \/>\n<meta property=\"article:modified_time\" content=\"2024-06-20T14:18:46+00:00\" \/>\n<meta property=\"og:image\" content=\"https:\/\/avrupatv.eu\/wp-content\/uploads\/2024\/06\/0a95f5f3e6c5d093454e0f79aaa92f61pr.jpg\" \/>\n\t<meta property=\"og:image:width\" content=\"1280\" \/>\n\t<meta property=\"og:image:height\" content=\"720\" \/>\n\t<meta property=\"og:image:type\" content=\"image\/jpeg\" \/>\n<meta name=\"author\" content=\"Onur Akpinar\" \/>\n<meta name=\"twitter:card\" content=\"summary_large_image\" \/>\n<meta name=\"twitter:label1\" content=\"Yazan:\" \/>\n\t<meta name=\"twitter:data1\" content=\"Onur Akpinar\" \/>\n\t<meta name=\"twitter:label2\" content=\"Tahmini okuma s\u00fcresi\" \/>\n\t<meta name=\"twitter:data2\" content=\"2 dakika\" \/>\n<script type=\"application\/ld+json\" class=\"yoast-schema-graph\">{\"@context\":\"https:\\\/\\\/schema.org\",\"@graph\":[{\"@type\":\"Article\",\"@id\":\"https:\\\/\\\/avrupatv.eu\\\/index.php\\\/2024\\\/06\\\/20\\\/mehmet-tekin-arda-varsa-sorun-yok\\\/#article\",\"isPartOf\":{\"@id\":\"https:\\\/\\\/avrupatv.eu\\\/index.php\\\/2024\\\/06\\\/20\\\/mehmet-tekin-arda-varsa-sorun-yok\\\/\"},\"author\":{\"name\":\"Onur Akpinar\",\"@id\":\"https:\\\/\\\/avrupatv.eu\\\/#\\\/schema\\\/person\\\/d56afa5d5569da4029d483da36c0c17d\"},\"headline\":\"Mehmet Tekin: Arda varsa sorun yok\",\"datePublished\":\"2024-06-20T14:15:40+00:00\",\"dateModified\":\"2024-06-20T14:18:46+00:00\",\"mainEntityOfPage\":{\"@id\":\"https:\\\/\\\/avrupatv.eu\\\/index.php\\\/2024\\\/06\\\/20\\\/mehmet-tekin-arda-varsa-sorun-yok\\\/\"},\"wordCount\":348,\"commentCount\":0,\"publisher\":{\"@id\":\"https:\\\/\\\/avrupatv.eu\\\/#organization\"},\"image\":{\"@id\":\"https:\\\/\\\/avrupatv.eu\\\/index.php\\\/2024\\\/06\\\/20\\\/mehmet-tekin-arda-varsa-sorun-yok\\\/#primaryimage\"},\"thumbnailUrl\":\"https:\\\/\\\/avrupatv.eu\\\/wp-content\\\/uploads\\\/2024\\\/06\\\/0a95f5f3e6c5d093454e0f79aaa92f61pr.jpg\",\"articleSection\":[\"Avrupa\",\"Futbol\",\"T\u00fcrkiye\"],\"inLanguage\":\"tr\",\"potentialAction\":[{\"@type\":\"CommentAction\",\"name\":\"Comment\",\"target\":[\"https:\\\/\\\/avrupatv.eu\\\/index.php\\\/2024\\\/06\\\/20\\\/mehmet-tekin-arda-varsa-sorun-yok\\\/#respond\"]}]},{\"@type\":\"WebPage\",\"@id\":\"https:\\\/\\\/avrupatv.eu\\\/index.php\\\/2024\\\/06\\\/20\\\/mehmet-tekin-arda-varsa-sorun-yok\\\/\",\"url\":\"https:\\\/\\\/avrupatv.eu\\\/index.php\\\/2024\\\/06\\\/20\\\/mehmet-tekin-arda-varsa-sorun-yok\\\/\",\"name\":\"Mehmet Tekin: Arda varsa sorun yok - Avrupal\u0131 T\u00fcrklerin en Yeni Haber Portal\u0131\",\"isPartOf\":{\"@id\":\"https:\\\/\\\/avrupatv.eu\\\/#website\"},\"primaryImageOfPage\":{\"@id\":\"https:\\\/\\\/avrupatv.eu\\\/index.php\\\/2024\\\/06\\\/20\\\/mehmet-tekin-arda-varsa-sorun-yok\\\/#primaryimage\"},\"image\":{\"@id\":\"https:\\\/\\\/avrupatv.eu\\\/index.php\\\/2024\\\/06\\\/20\\\/mehmet-tekin-arda-varsa-sorun-yok\\\/#primaryimage\"},\"thumbnailUrl\":\"https:\\\/\\\/avrupatv.eu\\\/wp-content\\\/uploads\\\/2024\\\/06\\\/0a95f5f3e6c5d093454e0f79aaa92f61pr.jpg\",\"datePublished\":\"2024-06-20T14:15:40+00:00\",\"dateModified\":\"2024-06-20T14:18:46+00:00\",\"breadcrumb\":{\"@id\":\"https:\\\/\\\/avrupatv.eu\\\/index.php\\\/2024\\\/06\\\/20\\\/mehmet-tekin-arda-varsa-sorun-yok\\\/#breadcrumb\"},\"inLanguage\":\"tr\",\"potentialAction\":[{\"@type\":\"ReadAction\",\"target\":[\"https:\\\/\\\/avrupatv.eu\\\/index.php\\\/2024\\\/06\\\/20\\\/mehmet-tekin-arda-varsa-sorun-yok\\\/\"]}]},{\"@type\":\"ImageObject\",\"inLanguage\":\"tr\",\"@id\":\"https:\\\/\\\/avrupatv.eu\\\/index.php\\\/2024\\\/06\\\/20\\\/mehmet-tekin-arda-varsa-sorun-yok\\\/#primaryimage\",\"url\":\"https:\\\/\\\/avrupatv.eu\\\/wp-content\\\/uploads\\\/2024\\\/06\\\/0a95f5f3e6c5d093454e0f79aaa92f61pr.jpg\",\"contentUrl\":\"https:\\\/\\\/avrupatv.eu\\\/wp-content\\\/uploads\\\/2024\\\/06\\\/0a95f5f3e6c5d093454e0f79aaa92f61pr.jpg\",\"width\":1280,\"height\":720},{\"@type\":\"BreadcrumbList\",\"@id\":\"https:\\\/\\\/avrupatv.eu\\\/index.php\\\/2024\\\/06\\\/20\\\/mehmet-tekin-arda-varsa-sorun-yok\\\/#breadcrumb\",\"itemListElement\":[{\"@type\":\"ListItem\",\"position\":1,\"name\":\"Anasayfa\",\"item\":\"https:\\\/\\\/avrupatv.eu\\\/\"},{\"@type\":\"ListItem\",\"position\":2,\"name\":\"Mehmet Tekin: Arda varsa sorun yok\"}]},{\"@type\":\"WebSite\",\"@id\":\"https:\\\/\\\/avrupatv.eu\\\/#website\",\"url\":\"https:\\\/\\\/avrupatv.eu\\\/\",\"name\":\"Avrupal\u0131 T\u00fcrklerin en Yeni Haber Portal\u0131\",\"description\":\"\",\"publisher\":{\"@id\":\"https:\\\/\\\/avrupatv.eu\\\/#organization\"},\"alternateName\":\"Avrupa tv\",\"potentialAction\":[{\"@type\":\"SearchAction\",\"target\":{\"@type\":\"EntryPoint\",\"urlTemplate\":\"https:\\\/\\\/avrupatv.eu\\\/?s={search_term_string}\"},\"query-input\":{\"@type\":\"PropertyValueSpecification\",\"valueRequired\":true,\"valueName\":\"search_term_string\"}}],\"inLanguage\":\"tr\"},{\"@type\":\"Organization\",\"@id\":\"https:\\\/\\\/avrupatv.eu\\\/#organization\",\"name\":\"Avrupa Haber\",\"url\":\"https:\\\/\\\/avrupatv.eu\\\/\",\"logo\":{\"@type\":\"ImageObject\",\"inLanguage\":\"tr\",\"@id\":\"https:\\\/\\\/avrupatv.eu\\\/#\\\/schema\\\/logo\\\/image\\\/\",\"url\":\"https:\\\/\\\/avrupatv.eu\\\/wp-content\\\/uploads\\\/2023\\\/10\\\/cropped-thumbnail_logo.png\",\"contentUrl\":\"https:\\\/\\\/avrupatv.eu\\\/wp-content\\\/uploads\\\/2023\\\/10\\\/cropped-thumbnail_logo.png\",\"width\":1025,\"height\":302,\"caption\":\"Avrupa Haber\"},\"image\":{\"@id\":\"https:\\\/\\\/avrupatv.eu\\\/#\\\/schema\\\/logo\\\/image\\\/\"}},{\"@type\":\"Person\",\"@id\":\"https:\\\/\\\/avrupatv.eu\\\/#\\\/schema\\\/person\\\/d56afa5d5569da4029d483da36c0c17d\",\"name\":\"Onur Akpinar\",\"image\":{\"@type\":\"ImageObject\",\"inLanguage\":\"tr\",\"@id\":\"https:\\\/\\\/secure.gravatar.com\\\/avatar\\\/67a1a0bdf34f82da209334e4684b7e7171a58a5a2b0a8f836b61044f5c1f5d6a?s=96&d=mm&r=g\",\"url\":\"https:\\\/\\\/secure.gravatar.com\\\/avatar\\\/67a1a0bdf34f82da209334e4684b7e7171a58a5a2b0a8f836b61044f5c1f5d6a?s=96&d=mm&r=g\",\"contentUrl\":\"https:\\\/\\\/secure.gravatar.com\\\/avatar\\\/67a1a0bdf34f82da209334e4684b7e7171a58a5a2b0a8f836b61044f5c1f5d6a?s=96&d=mm&r=g\",\"caption\":\"Onur Akpinar\"},\"url\":\"https:\\\/\\\/avrupatv.eu\\\/index.php\\\/author\\\/onur-akpinar\\\/\"}]}<\/script>\n<!-- \/ Yoast SEO plugin. -->","yoast_head_json":{"title":"Mehmet Tekin: Arda varsa sorun yok - Avrupal\u0131 T\u00fcrklerin en Yeni Haber Portal\u0131","robots":{"index":"index","follow":"follow","max-snippet":"max-snippet:-1","max-image-preview":"max-image-preview:large","max-video-preview":"max-video-preview:-1"},"canonical":"https:\/\/avrupatv.eu\/index.php\/2024\/06\/20\/mehmet-tekin-arda-varsa-sorun-yok\/","og_locale":"tr_TR","og_type":"article","og_title":"Mehmet Tekin: Arda varsa sorun yok - Avrupal\u0131 T\u00fcrklerin en Yeni Haber Portal\u0131","og_description":"Bizim \u00e7ocuklardan harika bir ba\u015flang\u0131\u00e7. A-Milli Futbol Tak\u0131m\u0131m\u0131z Euro 2024 F Grubu ilk ma\u00e7\u0131nda G\u00fcrcistan kar\u015f\u0131s\u0131nda 3-1 kazanmay\u0131 bildi. M\u00fcsabakan\u0131n ilk 20 dakikal\u0131k b\u00f6l\u00fcm\u00fc bizim kontrol\u00fcm\u00fczde ge\u00e7ti ve 25.nci dakikada Mert M\u00fcld\u00fcr sahne ald\u0131 ve harika bir golle \u0130mza att\u0131. Golden sonra konsantrasyon kayb\u0131 ya\u015fad\u0131k \u00f6zelikle VAR&#8217;dan d\u00f6nen gol\u00fcm\u00fcz&#8217;den sonra oyundan d\u00fc\u015ft\u00fck. G\u00fcrcistan bask\u0131 yaparak [&hellip;]","og_url":"https:\/\/avrupatv.eu\/index.php\/2024\/06\/20\/mehmet-tekin-arda-varsa-sorun-yok\/","og_site_name":"Avrupal\u0131 T\u00fcrklerin en Yeni Haber Portal\u0131","article_published_time":"2024-06-20T14:15:40+00:00","article_modified_time":"2024-06-20T14:18:46+00:00","og_image":[{"width":1280,"height":720,"url":"https:\/\/avrupatv.eu\/wp-content\/uploads\/2024\/06\/0a95f5f3e6c5d093454e0f79aaa92f61pr.jpg","type":"image\/jpeg"}],"author":"Onur Akpinar","twitter_card":"summary_large_image","twitter_misc":{"Yazan:":"Onur Akpinar","Tahmini okuma s\u00fcresi":"2 dakika"},"schema":{"@context":"https:\/\/schema.org","@graph":[{"@type":"Article","@id":"https:\/\/avrupatv.eu\/index.php\/2024\/06\/20\/mehmet-tekin-arda-varsa-sorun-yok\/#article","isPartOf":{"@id":"https:\/\/avrupatv.eu\/index.php\/2024\/06\/20\/mehmet-tekin-arda-varsa-sorun-yok\/"},"author":{"name":"Onur Akpinar","@id":"https:\/\/avrupatv.eu\/#\/schema\/person\/d56afa5d5569da4029d483da36c0c17d"},"headline":"Mehmet Tekin: Arda varsa sorun yok","datePublished":"2024-06-20T14:15:40+00:00","dateModified":"2024-06-20T14:18:46+00:00","mainEntityOfPage":{"@id":"https:\/\/avrupatv.eu\/index.php\/2024\/06\/20\/mehmet-tekin-arda-varsa-sorun-yok\/"},"wordCount":348,"commentCount":0,"publisher":{"@id":"https:\/\/avrupatv.eu\/#organization"},"image":{"@id":"https:\/\/avrupatv.eu\/index.php\/2024\/06\/20\/mehmet-tekin-arda-varsa-sorun-yok\/#primaryimage"},"thumbnailUrl":"https:\/\/avrupatv.eu\/wp-content\/uploads\/2024\/06\/0a95f5f3e6c5d093454e0f79aaa92f61pr.jpg","articleSection":["Avrupa","Futbol","T\u00fcrkiye"],"inLanguage":"tr","potentialAction":[{"@type":"CommentAction","name":"Comment","target":["https:\/\/avrupatv.eu\/index.php\/2024\/06\/20\/mehmet-tekin-arda-varsa-sorun-yok\/#respond"]}]},{"@type":"WebPage","@id":"https:\/\/avrupatv.eu\/index.php\/2024\/06\/20\/mehmet-tekin-arda-varsa-sorun-yok\/","url":"https:\/\/avrupatv.eu\/index.php\/2024\/06\/20\/mehmet-tekin-arda-varsa-sorun-yok\/","name":"Mehmet Tekin: Arda varsa sorun yok - Avrupal\u0131 T\u00fcrklerin en Yeni Haber Portal\u0131","isPartOf":{"@id":"https:\/\/avrupatv.eu\/#website"},"primaryImageOfPage":{"@id":"https:\/\/avrupatv.eu\/index.php\/2024\/06\/20\/mehmet-tekin-arda-varsa-sorun-yok\/#primaryimage"},"image":{"@id":"https:\/\/avrupatv.eu\/index.php\/2024\/06\/20\/mehmet-tekin-arda-varsa-sorun-yok\/#primaryimage"},"thumbnailUrl":"https:\/\/avrupatv.eu\/wp-content\/uploads\/2024\/06\/0a95f5f3e6c5d093454e0f79aaa92f61pr.jpg","datePublished":"2024-06-20T14:15:40+00:00","dateModified":"2024-06-20T14:18:46+00:00","breadcrumb":{"@id":"https:\/\/avrupatv.eu\/index.php\/2024\/06\/20\/mehmet-tekin-arda-varsa-sorun-yok\/#breadcrumb"},"inLanguage":"tr","potentialAction":[{"@type":"ReadAction","target":["https:\/\/avrupatv.eu\/index.php\/2024\/06\/20\/mehmet-tekin-arda-varsa-sorun-yok\/"]}]},{"@type":"ImageObject","inLanguage":"tr","@id":"https:\/\/avrupatv.eu\/index.php\/2024\/06\/20\/mehmet-tekin-arda-varsa-sorun-yok\/#primaryimage","url":"https:\/\/avrupatv.eu\/wp-content\/uploads\/2024\/06\/0a95f5f3e6c5d093454e0f79aaa92f61pr.jpg","contentUrl":"https:\/\/avrupatv.eu\/wp-content\/uploads\/2024\/06\/0a95f5f3e6c5d093454e0f79aaa92f61pr.jpg","width":1280,"height":720},{"@type":"BreadcrumbList","@id":"https:\/\/avrupatv.eu\/index.php\/2024\/06\/20\/mehmet-tekin-arda-varsa-sorun-yok\/#breadcrumb","itemListElement":[{"@type":"ListItem","position":1,"name":"Anasayfa","item":"https:\/\/avrupatv.eu\/"},{"@type":"ListItem","position":2,"name":"Mehmet Tekin: Arda varsa sorun yok"}]},{"@type":"WebSite","@id":"https:\/\/avrupatv.eu\/#website","url":"https:\/\/avrupatv.eu\/","name":"Avrupal\u0131 T\u00fcrklerin en Yeni Haber Portal\u0131","description":"","publisher":{"@id":"https:\/\/avrupatv.eu\/#organization"},"alternateName":"Avrupa tv","potentialAction":[{"@type":"SearchAction","target":{"@type":"EntryPoint","urlTemplate":"https:\/\/avrupatv.eu\/?s={search_term_string}"},"query-input":{"@type":"PropertyValueSpecification","valueRequired":true,"valueName":"search_term_string"}}],"inLanguage":"tr"},{"@type":"Organization","@id":"https:\/\/avrupatv.eu\/#organization","name":"Avrupa Haber","url":"https:\/\/avrupatv.eu\/","logo":{"@type":"ImageObject","inLanguage":"tr","@id":"https:\/\/avrupatv.eu\/#\/schema\/logo\/image\/","url":"https:\/\/avrupatv.eu\/wp-content\/uploads\/2023\/10\/cropped-thumbnail_logo.png","contentUrl":"https:\/\/avrupatv.eu\/wp-content\/uploads\/2023\/10\/cropped-thumbnail_logo.png","width":1025,"height":302,"caption":"Avrupa Haber"},"image":{"@id":"https:\/\/avrupatv.eu\/#\/schema\/logo\/image\/"}},{"@type":"Person","@id":"https:\/\/avrupatv.eu\/#\/schema\/person\/d56afa5d5569da4029d483da36c0c17d","name":"Onur Akpinar","image":{"@type":"ImageObject","inLanguage":"tr","@id":"https:\/\/secure.gravatar.com\/avatar\/67a1a0bdf34f82da209334e4684b7e7171a58a5a2b0a8f836b61044f5c1f5d6a?s=96&d=mm&r=g","url":"https:\/\/secure.gravatar.com\/avatar\/67a1a0bdf34f82da209334e4684b7e7171a58a5a2b0a8f836b61044f5c1f5d6a?s=96&d=mm&r=g","contentUrl":"https:\/\/secure.gravatar.com\/avatar\/67a1a0bdf34f82da209334e4684b7e7171a58a5a2b0a8f836b61044f5c1f5d6a?s=96&d=mm&r=g","caption":"Onur Akpinar"},"url":"https:\/\/avrupatv.eu\/index.php\/author\/onur-akpinar\/"}]}},"_links":{"self":[{"href":"https:\/\/avrupatv.eu\/index.php\/wp-json\/wp\/v2\/posts\/464","targetHints":{"allow":["GET"]}}],"collection":[{"href":"https:\/\/avrupatv.eu\/index.php\/wp-json\/wp\/v2\/posts"}],"about":[{"href":"https:\/\/avrupatv.eu\/index.php\/wp-json\/wp\/v2\/types\/post"}],"author":[{"embeddable":true,"href":"https:\/\/avrupatv.eu\/index.php\/wp-json\/wp\/v2\/users\/2"}],"replies":[{"embeddable":true,"href":"https:\/\/avrupatv.eu\/index.php\/wp-json\/wp\/v2\/comments?post=464"}],"version-history":[{"count":2,"href":"https:\/\/avrupatv.eu\/index.php\/wp-json\/wp\/v2\/posts\/464\/revisions"}],"predecessor-version":[{"id":467,"href":"https:\/\/avrupatv.eu\/index.php\/wp-json\/wp\/v2\/posts\/464\/revisions\/467"}],"wp:featuredmedia":[{"embeddable":true,"href":"https:\/\/avrupatv.eu\/index.php\/wp-json\/wp\/v2\/media\/465"}],"wp:attachment":[{"href":"https:\/\/avrupatv.eu\/index.php\/wp-json\/wp\/v2\/media?parent=464"}],"wp:term":[{"taxonomy":"category","embeddable":true,"href":"https:\/\/avrupatv.eu\/index.php\/wp-json\/wp\/v2\/categories?post=464"},{"taxonomy":"post_tag","embeddable":true,"href":"https:\/\/avrupatv.eu\/index.php\/wp-json\/wp\/v2\/tags?post=464"}],"curies":[{"name":"wp","href":"https:\/\/api.w.org\/{rel}","templated":true}]}}