{"id":456,"date":"2024-06-15T14:48:45","date_gmt":"2024-06-15T14:48:45","guid":{"rendered":"https:\/\/avrupatv.eu\/?p=456"},"modified":"2024-06-15T14:50:50","modified_gmt":"2024-06-15T14:50:50","slug":"belcikada-1982-yilinda-gorev-yapan-yusuf-kavakli-hoca-sevenlerini-uzdu","status":"publish","type":"post","link":"https:\/\/avrupatv.eu\/index.php\/2024\/06\/15\/belcikada-1982-yilinda-gorev-yapan-yusuf-kavakli-hoca-sevenlerini-uzdu\/","title":{"rendered":"Bel\u00e7ika&#8217;da 1982 y\u0131l\u0131nda g\u00f6rev yapan Yusuf Kavakl\u0131 hoca sevenlerini \u00fczd\u00fc."},"content":{"rendered":"\n<p>Bu d\u00fcnyadan bir Yusuf ge\u00e7ti&#8230;<\/p>\n\n\n\n<p>1982 y\u0131l\u0131nda Diyanet \u0130\u015fleri Ba\u015fkanl\u0131\u011f\u0131 taraf\u0131ndan Bel\u00e7ika&#8217;ya din dersi \u00f6\u011fretmeni olarak g\u00f6revlendirilen Yusuf Kavakl\u0131, 1982-1986 y\u0131llar\u0131 aras\u0131nda Bel\u00e7ika&#8217;da g\u00f6rev yapt\u0131. Bu s\u00fcre zarf\u0131nda Bel\u00e7ika&#8217;da T\u00fcrk toplumuna din e\u011fitimi vererek \u00f6nemli bir hizmette bulundu.Yusuf Kavakl\u0131&#8217;n\u0131n bir s\u00fcre \u00f6nce kat\u0131ld\u0131\u011f\u0131 bir TV program\u0131nda kulland\u0131\u011f\u0131 ila\u00e7lar sebebi ile sa\u00e7lar\u0131n\u0131n d\u00f6k\u00fcld\u00fc\u011f\u00fc y\u00f6n\u00fcnde a\u00e7\u0131klama yapm\u0131\u015ft\u0131 Kavakl\u0131 kanser hastas\u0131yd\u0131. Bir s\u00fcredir tedavi g\u00f6ren ilahiyat\u00e7\u0131 Yusuf Kavakl\u0131 78 ya\u015f\u0131nda vefat etti.<\/p>\n\n\n\n<p><strong>Avrupa TV olarak ailesi ve sevenlerine ba\u015fsa\u011fl\u0131\u011f\u0131 dileriz.<\/strong><\/p>\n","protected":false},"excerpt":{"rendered":"<p>Bu d\u00fcnyadan bir Yusuf ge\u00e7ti&#8230; 1982 y\u0131l\u0131nda Diyanet \u0130\u015fleri Ba\u015fkanl\u0131\u011f\u0131 taraf\u0131ndan Bel\u00e7ika&#8217;ya din dersi \u00f6\u011fretmeni olarak g\u00f6revlendirilen Yusuf Kavakl\u0131, 1982-1986 y\u0131llar\u0131 aras\u0131nda Bel\u00e7ika&#8217;da g\u00f6rev yapt\u0131. Bu s\u00fcre zarf\u0131nda Bel\u00e7ika&#8217;da T\u00fcrk toplumuna din e\u011fitimi vererek \u00f6nemli bir hizmette bulundu.Yusuf Kavakl\u0131&#8217;n\u0131n bir s\u00fcre \u00f6nce kat\u0131ld\u0131\u011f\u0131 bir TV program\u0131nda kulland\u0131\u011f\u0131 ila\u00e7lar sebebi ile sa\u00e7lar\u0131n\u0131n d\u00f6k\u00fcld\u00fc\u011f\u00fc y\u00f6n\u00fcnde a\u00e7\u0131klama yapm\u0131\u015ft\u0131 [&hellip;]<\/p>\n","protected":false},"author":4,"featured_media":457,"comment_status":"open","ping_status":"open","sticky":false,"template":"","format":"standard","meta":{"footnotes":""},"categories":[21,11],"tags":[],"class_list":["post-456","post","type-post","status-publish","format-standard","has-post-thumbnail","hentry","category-belcika","category-turkiye"],"yoast_head":"<!-- This site is optimized with the Yoast SEO plugin v27.4 - https:\/\/yoast.com\/product\/yoast-seo-wordpress\/ -->\n<title>Bel\u00e7ika&#039;da 1982 y\u0131l\u0131nda g\u00f6rev yapan Yusuf Kavakl\u0131 hoca sevenlerini \u00fczd\u00fc. - Avrupal\u0131 T\u00fcrklerin en Yeni Haber Portal\u0131<\/title>\n<meta name=\"robots\" content=\"index, follow, max-snippet:-1, max-image-preview:large, max-video-preview:-1\" \/>\n<link rel=\"canonical\" href=\"https:\/\/avrupatv.eu\/index.php\/2024\/06\/15\/belcikada-1982-yilinda-gorev-yapan-yusuf-kavakli-hoca-sevenlerini-uzdu\/\" \/>\n<meta property=\"og:locale\" content=\"tr_TR\" \/>\n<meta property=\"og:type\" content=\"article\" \/>\n<meta property=\"og:title\" content=\"Bel\u00e7ika&#039;da 1982 y\u0131l\u0131nda g\u00f6rev yapan Yusuf Kavakl\u0131 hoca sevenlerini \u00fczd\u00fc. - Avrupal\u0131 T\u00fcrklerin en Yeni Haber Portal\u0131\" \/>\n<meta property=\"og:description\" content=\"Bu d\u00fcnyadan bir Yusuf ge\u00e7ti&#8230; 1982 y\u0131l\u0131nda Diyanet \u0130\u015fleri Ba\u015fkanl\u0131\u011f\u0131 taraf\u0131ndan Bel\u00e7ika&#8217;ya din dersi \u00f6\u011fretmeni olarak g\u00f6revlendirilen Yusuf Kavakl\u0131, 1982-1986 y\u0131llar\u0131 aras\u0131nda Bel\u00e7ika&#8217;da g\u00f6rev yapt\u0131. Bu s\u00fcre zarf\u0131nda Bel\u00e7ika&#8217;da T\u00fcrk toplumuna din e\u011fitimi vererek \u00f6nemli bir hizmette bulundu.Yusuf Kavakl\u0131&#8217;n\u0131n bir s\u00fcre \u00f6nce kat\u0131ld\u0131\u011f\u0131 bir TV program\u0131nda kulland\u0131\u011f\u0131 ila\u00e7lar sebebi ile sa\u00e7lar\u0131n\u0131n d\u00f6k\u00fcld\u00fc\u011f\u00fc y\u00f6n\u00fcnde a\u00e7\u0131klama yapm\u0131\u015ft\u0131 [&hellip;]\" \/>\n<meta property=\"og:url\" content=\"https:\/\/avrupatv.eu\/index.php\/2024\/06\/15\/belcikada-1982-yilinda-gorev-yapan-yusuf-kavakli-hoca-sevenlerini-uzdu\/\" \/>\n<meta property=\"og:site_name\" content=\"Avrupal\u0131 T\u00fcrklerin en Yeni Haber Portal\u0131\" \/>\n<meta property=\"article:published_time\" content=\"2024-06-15T14:48:45+00:00\" \/>\n<meta property=\"article:modified_time\" content=\"2024-06-15T14:50:50+00:00\" \/>\n<meta property=\"og:image\" content=\"https:\/\/avrupatv.eu\/wp-content\/uploads\/2024\/06\/IMG-20240615-WA0021.jpg\" \/>\n\t<meta property=\"og:image:width\" content=\"1520\" \/>\n\t<meta property=\"og:image:height\" content=\"900\" \/>\n\t<meta property=\"og:image:type\" content=\"image\/jpeg\" \/>\n<meta name=\"author\" content=\"Tuba Payal\" \/>\n<meta name=\"twitter:card\" content=\"summary_large_image\" \/>\n<meta name=\"twitter:label1\" content=\"Yazan:\" \/>\n\t<meta name=\"twitter:data1\" content=\"Tuba Payal\" \/>\n\t<meta name=\"twitter:label2\" content=\"Tahmini okuma s\u00fcresi\" \/>\n\t<meta name=\"twitter:data2\" content=\"1 dakika\" \/>\n<script type=\"application\/ld+json\" class=\"yoast-schema-graph\">{\"@context\":\"https:\\\/\\\/schema.org\",\"@graph\":[{\"@type\":\"Article\",\"@id\":\"https:\\\/\\\/avrupatv.eu\\\/index.php\\\/2024\\\/06\\\/15\\\/belcikada-1982-yilinda-gorev-yapan-yusuf-kavakli-hoca-sevenlerini-uzdu\\\/#article\",\"isPartOf\":{\"@id\":\"https:\\\/\\\/avrupatv.eu\\\/index.php\\\/2024\\\/06\\\/15\\\/belcikada-1982-yilinda-gorev-yapan-yusuf-kavakli-hoca-sevenlerini-uzdu\\\/\"},\"author\":{\"name\":\"Tuba Payal\",\"@id\":\"https:\\\/\\\/avrupatv.eu\\\/#\\\/schema\\\/person\\\/13ca7efad0b6507d087980cf5bbb07ab\"},\"headline\":\"Bel\u00e7ika&#8217;da 1982 y\u0131l\u0131nda g\u00f6rev yapan Yusuf Kavakl\u0131 hoca sevenlerini \u00fczd\u00fc.\",\"datePublished\":\"2024-06-15T14:48:45+00:00\",\"dateModified\":\"2024-06-15T14:50:50+00:00\",\"mainEntityOfPage\":{\"@id\":\"https:\\\/\\\/avrupatv.eu\\\/index.php\\\/2024\\\/06\\\/15\\\/belcikada-1982-yilinda-gorev-yapan-yusuf-kavakli-hoca-sevenlerini-uzdu\\\/\"},\"wordCount\":131,\"commentCount\":0,\"publisher\":{\"@id\":\"https:\\\/\\\/avrupatv.eu\\\/#organization\"},\"image\":{\"@id\":\"https:\\\/\\\/avrupatv.eu\\\/index.php\\\/2024\\\/06\\\/15\\\/belcikada-1982-yilinda-gorev-yapan-yusuf-kavakli-hoca-sevenlerini-uzdu\\\/#primaryimage\"},\"thumbnailUrl\":\"https:\\\/\\\/avrupatv.eu\\\/wp-content\\\/uploads\\\/2024\\\/06\\\/IMG-20240615-WA0021.jpg\",\"articleSection\":[\"Bel\u00e7ika\",\"T\u00fcrkiye\"],\"inLanguage\":\"tr\",\"potentialAction\":[{\"@type\":\"CommentAction\",\"name\":\"Comment\",\"target\":[\"https:\\\/\\\/avrupatv.eu\\\/index.php\\\/2024\\\/06\\\/15\\\/belcikada-1982-yilinda-gorev-yapan-yusuf-kavakli-hoca-sevenlerini-uzdu\\\/#respond\"]}]},{\"@type\":\"WebPage\",\"@id\":\"https:\\\/\\\/avrupatv.eu\\\/index.php\\\/2024\\\/06\\\/15\\\/belcikada-1982-yilinda-gorev-yapan-yusuf-kavakli-hoca-sevenlerini-uzdu\\\/\",\"url\":\"https:\\\/\\\/avrupatv.eu\\\/index.php\\\/2024\\\/06\\\/15\\\/belcikada-1982-yilinda-gorev-yapan-yusuf-kavakli-hoca-sevenlerini-uzdu\\\/\",\"name\":\"Bel\u00e7ika'da 1982 y\u0131l\u0131nda g\u00f6rev yapan Yusuf Kavakl\u0131 hoca sevenlerini \u00fczd\u00fc. - Avrupal\u0131 T\u00fcrklerin en Yeni Haber Portal\u0131\",\"isPartOf\":{\"@id\":\"https:\\\/\\\/avrupatv.eu\\\/#website\"},\"primaryImageOfPage\":{\"@id\":\"https:\\\/\\\/avrupatv.eu\\\/index.php\\\/2024\\\/06\\\/15\\\/belcikada-1982-yilinda-gorev-yapan-yusuf-kavakli-hoca-sevenlerini-uzdu\\\/#primaryimage\"},\"image\":{\"@id\":\"https:\\\/\\\/avrupatv.eu\\\/index.php\\\/2024\\\/06\\\/15\\\/belcikada-1982-yilinda-gorev-yapan-yusuf-kavakli-hoca-sevenlerini-uzdu\\\/#primaryimage\"},\"thumbnailUrl\":\"https:\\\/\\\/avrupatv.eu\\\/wp-content\\\/uploads\\\/2024\\\/06\\\/IMG-20240615-WA0021.jpg\",\"datePublished\":\"2024-06-15T14:48:45+00:00\",\"dateModified\":\"2024-06-15T14:50:50+00:00\",\"breadcrumb\":{\"@id\":\"https:\\\/\\\/avrupatv.eu\\\/index.php\\\/2024\\\/06\\\/15\\\/belcikada-1982-yilinda-gorev-yapan-yusuf-kavakli-hoca-sevenlerini-uzdu\\\/#breadcrumb\"},\"inLanguage\":\"tr\",\"potentialAction\":[{\"@type\":\"ReadAction\",\"target\":[\"https:\\\/\\\/avrupatv.eu\\\/index.php\\\/2024\\\/06\\\/15\\\/belcikada-1982-yilinda-gorev-yapan-yusuf-kavakli-hoca-sevenlerini-uzdu\\\/\"]}]},{\"@type\":\"ImageObject\",\"inLanguage\":\"tr\",\"@id\":\"https:\\\/\\\/avrupatv.eu\\\/index.php\\\/2024\\\/06\\\/15\\\/belcikada-1982-yilinda-gorev-yapan-yusuf-kavakli-hoca-sevenlerini-uzdu\\\/#primaryimage\",\"url\":\"https:\\\/\\\/avrupatv.eu\\\/wp-content\\\/uploads\\\/2024\\\/06\\\/IMG-20240615-WA0021.jpg\",\"contentUrl\":\"https:\\\/\\\/avrupatv.eu\\\/wp-content\\\/uploads\\\/2024\\\/06\\\/IMG-20240615-WA0021.jpg\",\"width\":1520,\"height\":900},{\"@type\":\"BreadcrumbList\",\"@id\":\"https:\\\/\\\/avrupatv.eu\\\/index.php\\\/2024\\\/06\\\/15\\\/belcikada-1982-yilinda-gorev-yapan-yusuf-kavakli-hoca-sevenlerini-uzdu\\\/#breadcrumb\",\"itemListElement\":[{\"@type\":\"ListItem\",\"position\":1,\"name\":\"Anasayfa\",\"item\":\"https:\\\/\\\/avrupatv.eu\\\/\"},{\"@type\":\"ListItem\",\"position\":2,\"name\":\"Bel\u00e7ika&#8217;da 1982 y\u0131l\u0131nda g\u00f6rev yapan Yusuf Kavakl\u0131 hoca sevenlerini \u00fczd\u00fc.\"}]},{\"@type\":\"WebSite\",\"@id\":\"https:\\\/\\\/avrupatv.eu\\\/#website\",\"url\":\"https:\\\/\\\/avrupatv.eu\\\/\",\"name\":\"Avrupal\u0131 T\u00fcrklerin en Yeni Haber Portal\u0131\",\"description\":\"\",\"publisher\":{\"@id\":\"https:\\\/\\\/avrupatv.eu\\\/#organization\"},\"alternateName\":\"Avrupa tv\",\"potentialAction\":[{\"@type\":\"SearchAction\",\"target\":{\"@type\":\"EntryPoint\",\"urlTemplate\":\"https:\\\/\\\/avrupatv.eu\\\/?s={search_term_string}\"},\"query-input\":{\"@type\":\"PropertyValueSpecification\",\"valueRequired\":true,\"valueName\":\"search_term_string\"}}],\"inLanguage\":\"tr\"},{\"@type\":\"Organization\",\"@id\":\"https:\\\/\\\/avrupatv.eu\\\/#organization\",\"name\":\"Avrupa Haber\",\"url\":\"https:\\\/\\\/avrupatv.eu\\\/\",\"logo\":{\"@type\":\"ImageObject\",\"inLanguage\":\"tr\",\"@id\":\"https:\\\/\\\/avrupatv.eu\\\/#\\\/schema\\\/logo\\\/image\\\/\",\"url\":\"https:\\\/\\\/avrupatv.eu\\\/wp-content\\\/uploads\\\/2023\\\/10\\\/cropped-thumbnail_logo.png\",\"contentUrl\":\"https:\\\/\\\/avrupatv.eu\\\/wp-content\\\/uploads\\\/2023\\\/10\\\/cropped-thumbnail_logo.png\",\"width\":1025,\"height\":302,\"caption\":\"Avrupa Haber\"},\"image\":{\"@id\":\"https:\\\/\\\/avrupatv.eu\\\/#\\\/schema\\\/logo\\\/image\\\/\"}},{\"@type\":\"Person\",\"@id\":\"https:\\\/\\\/avrupatv.eu\\\/#\\\/schema\\\/person\\\/13ca7efad0b6507d087980cf5bbb07ab\",\"name\":\"Tuba Payal\",\"image\":{\"@type\":\"ImageObject\",\"inLanguage\":\"tr\",\"@id\":\"https:\\\/\\\/secure.gravatar.com\\\/avatar\\\/c8df8f5548d53a0b90fd65ad8d78ee3030b04f82a12e045eba2b12131e1e88f9?s=96&d=mm&r=g\",\"url\":\"https:\\\/\\\/secure.gravatar.com\\\/avatar\\\/c8df8f5548d53a0b90fd65ad8d78ee3030b04f82a12e045eba2b12131e1e88f9?s=96&d=mm&r=g\",\"contentUrl\":\"https:\\\/\\\/secure.gravatar.com\\\/avatar\\\/c8df8f5548d53a0b90fd65ad8d78ee3030b04f82a12e045eba2b12131e1e88f9?s=96&d=mm&r=g\",\"caption\":\"Tuba Payal\"},\"url\":\"https:\\\/\\\/avrupatv.eu\\\/index.php\\\/author\\\/tuba-payal\\\/\"}]}<\/script>\n<!-- \/ Yoast SEO plugin. -->","yoast_head_json":{"title":"Bel\u00e7ika'da 1982 y\u0131l\u0131nda g\u00f6rev yapan Yusuf Kavakl\u0131 hoca sevenlerini \u00fczd\u00fc. - Avrupal\u0131 T\u00fcrklerin en Yeni Haber Portal\u0131","robots":{"index":"index","follow":"follow","max-snippet":"max-snippet:-1","max-image-preview":"max-image-preview:large","max-video-preview":"max-video-preview:-1"},"canonical":"https:\/\/avrupatv.eu\/index.php\/2024\/06\/15\/belcikada-1982-yilinda-gorev-yapan-yusuf-kavakli-hoca-sevenlerini-uzdu\/","og_locale":"tr_TR","og_type":"article","og_title":"Bel\u00e7ika'da 1982 y\u0131l\u0131nda g\u00f6rev yapan Yusuf Kavakl\u0131 hoca sevenlerini \u00fczd\u00fc. - Avrupal\u0131 T\u00fcrklerin en Yeni Haber Portal\u0131","og_description":"Bu d\u00fcnyadan bir Yusuf ge\u00e7ti&#8230; 1982 y\u0131l\u0131nda Diyanet \u0130\u015fleri Ba\u015fkanl\u0131\u011f\u0131 taraf\u0131ndan Bel\u00e7ika&#8217;ya din dersi \u00f6\u011fretmeni olarak g\u00f6revlendirilen Yusuf Kavakl\u0131, 1982-1986 y\u0131llar\u0131 aras\u0131nda Bel\u00e7ika&#8217;da g\u00f6rev yapt\u0131. Bu s\u00fcre zarf\u0131nda Bel\u00e7ika&#8217;da T\u00fcrk toplumuna din e\u011fitimi vererek \u00f6nemli bir hizmette bulundu.Yusuf Kavakl\u0131&#8217;n\u0131n bir s\u00fcre \u00f6nce kat\u0131ld\u0131\u011f\u0131 bir TV program\u0131nda kulland\u0131\u011f\u0131 ila\u00e7lar sebebi ile sa\u00e7lar\u0131n\u0131n d\u00f6k\u00fcld\u00fc\u011f\u00fc y\u00f6n\u00fcnde a\u00e7\u0131klama yapm\u0131\u015ft\u0131 [&hellip;]","og_url":"https:\/\/avrupatv.eu\/index.php\/2024\/06\/15\/belcikada-1982-yilinda-gorev-yapan-yusuf-kavakli-hoca-sevenlerini-uzdu\/","og_site_name":"Avrupal\u0131 T\u00fcrklerin en Yeni Haber Portal\u0131","article_published_time":"2024-06-15T14:48:45+00:00","article_modified_time":"2024-06-15T14:50:50+00:00","og_image":[{"width":1520,"height":900,"url":"https:\/\/avrupatv.eu\/wp-content\/uploads\/2024\/06\/IMG-20240615-WA0021.jpg","type":"image\/jpeg"}],"author":"Tuba Payal","twitter_card":"summary_large_image","twitter_misc":{"Yazan:":"Tuba Payal","Tahmini okuma s\u00fcresi":"1 dakika"},"schema":{"@context":"https:\/\/schema.org","@graph":[{"@type":"Article","@id":"https:\/\/avrupatv.eu\/index.php\/2024\/06\/15\/belcikada-1982-yilinda-gorev-yapan-yusuf-kavakli-hoca-sevenlerini-uzdu\/#article","isPartOf":{"@id":"https:\/\/avrupatv.eu\/index.php\/2024\/06\/15\/belcikada-1982-yilinda-gorev-yapan-yusuf-kavakli-hoca-sevenlerini-uzdu\/"},"author":{"name":"Tuba Payal","@id":"https:\/\/avrupatv.eu\/#\/schema\/person\/13ca7efad0b6507d087980cf5bbb07ab"},"headline":"Bel\u00e7ika&#8217;da 1982 y\u0131l\u0131nda g\u00f6rev yapan Yusuf Kavakl\u0131 hoca sevenlerini \u00fczd\u00fc.","datePublished":"2024-06-15T14:48:45+00:00","dateModified":"2024-06-15T14:50:50+00:00","mainEntityOfPage":{"@id":"https:\/\/avrupatv.eu\/index.php\/2024\/06\/15\/belcikada-1982-yilinda-gorev-yapan-yusuf-kavakli-hoca-sevenlerini-uzdu\/"},"wordCount":131,"commentCount":0,"publisher":{"@id":"https:\/\/avrupatv.eu\/#organization"},"image":{"@id":"https:\/\/avrupatv.eu\/index.php\/2024\/06\/15\/belcikada-1982-yilinda-gorev-yapan-yusuf-kavakli-hoca-sevenlerini-uzdu\/#primaryimage"},"thumbnailUrl":"https:\/\/avrupatv.eu\/wp-content\/uploads\/2024\/06\/IMG-20240615-WA0021.jpg","articleSection":["Bel\u00e7ika","T\u00fcrkiye"],"inLanguage":"tr","potentialAction":[{"@type":"CommentAction","name":"Comment","target":["https:\/\/avrupatv.eu\/index.php\/2024\/06\/15\/belcikada-1982-yilinda-gorev-yapan-yusuf-kavakli-hoca-sevenlerini-uzdu\/#respond"]}]},{"@type":"WebPage","@id":"https:\/\/avrupatv.eu\/index.php\/2024\/06\/15\/belcikada-1982-yilinda-gorev-yapan-yusuf-kavakli-hoca-sevenlerini-uzdu\/","url":"https:\/\/avrupatv.eu\/index.php\/2024\/06\/15\/belcikada-1982-yilinda-gorev-yapan-yusuf-kavakli-hoca-sevenlerini-uzdu\/","name":"Bel\u00e7ika'da 1982 y\u0131l\u0131nda g\u00f6rev yapan Yusuf Kavakl\u0131 hoca sevenlerini \u00fczd\u00fc. - Avrupal\u0131 T\u00fcrklerin en Yeni Haber Portal\u0131","isPartOf":{"@id":"https:\/\/avrupatv.eu\/#website"},"primaryImageOfPage":{"@id":"https:\/\/avrupatv.eu\/index.php\/2024\/06\/15\/belcikada-1982-yilinda-gorev-yapan-yusuf-kavakli-hoca-sevenlerini-uzdu\/#primaryimage"},"image":{"@id":"https:\/\/avrupatv.eu\/index.php\/2024\/06\/15\/belcikada-1982-yilinda-gorev-yapan-yusuf-kavakli-hoca-sevenlerini-uzdu\/#primaryimage"},"thumbnailUrl":"https:\/\/avrupatv.eu\/wp-content\/uploads\/2024\/06\/IMG-20240615-WA0021.jpg","datePublished":"2024-06-15T14:48:45+00:00","dateModified":"2024-06-15T14:50:50+00:00","breadcrumb":{"@id":"https:\/\/avrupatv.eu\/index.php\/2024\/06\/15\/belcikada-1982-yilinda-gorev-yapan-yusuf-kavakli-hoca-sevenlerini-uzdu\/#breadcrumb"},"inLanguage":"tr","potentialAction":[{"@type":"ReadAction","target":["https:\/\/avrupatv.eu\/index.php\/2024\/06\/15\/belcikada-1982-yilinda-gorev-yapan-yusuf-kavakli-hoca-sevenlerini-uzdu\/"]}]},{"@type":"ImageObject","inLanguage":"tr","@id":"https:\/\/avrupatv.eu\/index.php\/2024\/06\/15\/belcikada-1982-yilinda-gorev-yapan-yusuf-kavakli-hoca-sevenlerini-uzdu\/#primaryimage","url":"https:\/\/avrupatv.eu\/wp-content\/uploads\/2024\/06\/IMG-20240615-WA0021.jpg","contentUrl":"https:\/\/avrupatv.eu\/wp-content\/uploads\/2024\/06\/IMG-20240615-WA0021.jpg","width":1520,"height":900},{"@type":"BreadcrumbList","@id":"https:\/\/avrupatv.eu\/index.php\/2024\/06\/15\/belcikada-1982-yilinda-gorev-yapan-yusuf-kavakli-hoca-sevenlerini-uzdu\/#breadcrumb","itemListElement":[{"@type":"ListItem","position":1,"name":"Anasayfa","item":"https:\/\/avrupatv.eu\/"},{"@type":"ListItem","position":2,"name":"Bel\u00e7ika&#8217;da 1982 y\u0131l\u0131nda g\u00f6rev yapan Yusuf Kavakl\u0131 hoca sevenlerini \u00fczd\u00fc."}]},{"@type":"WebSite","@id":"https:\/\/avrupatv.eu\/#website","url":"https:\/\/avrupatv.eu\/","name":"Avrupal\u0131 T\u00fcrklerin en Yeni Haber Portal\u0131","description":"","publisher":{"@id":"https:\/\/avrupatv.eu\/#organization"},"alternateName":"Avrupa tv","potentialAction":[{"@type":"SearchAction","target":{"@type":"EntryPoint","urlTemplate":"https:\/\/avrupatv.eu\/?s={search_term_string}"},"query-input":{"@type":"PropertyValueSpecification","valueRequired":true,"valueName":"search_term_string"}}],"inLanguage":"tr"},{"@type":"Organization","@id":"https:\/\/avrupatv.eu\/#organization","name":"Avrupa Haber","url":"https:\/\/avrupatv.eu\/","logo":{"@type":"ImageObject","inLanguage":"tr","@id":"https:\/\/avrupatv.eu\/#\/schema\/logo\/image\/","url":"https:\/\/avrupatv.eu\/wp-content\/uploads\/2023\/10\/cropped-thumbnail_logo.png","contentUrl":"https:\/\/avrupatv.eu\/wp-content\/uploads\/2023\/10\/cropped-thumbnail_logo.png","width":1025,"height":302,"caption":"Avrupa Haber"},"image":{"@id":"https:\/\/avrupatv.eu\/#\/schema\/logo\/image\/"}},{"@type":"Person","@id":"https:\/\/avrupatv.eu\/#\/schema\/person\/13ca7efad0b6507d087980cf5bbb07ab","name":"Tuba Payal","image":{"@type":"ImageObject","inLanguage":"tr","@id":"https:\/\/secure.gravatar.com\/avatar\/c8df8f5548d53a0b90fd65ad8d78ee3030b04f82a12e045eba2b12131e1e88f9?s=96&d=mm&r=g","url":"https:\/\/secure.gravatar.com\/avatar\/c8df8f5548d53a0b90fd65ad8d78ee3030b04f82a12e045eba2b12131e1e88f9?s=96&d=mm&r=g","contentUrl":"https:\/\/secure.gravatar.com\/avatar\/c8df8f5548d53a0b90fd65ad8d78ee3030b04f82a12e045eba2b12131e1e88f9?s=96&d=mm&r=g","caption":"Tuba Payal"},"url":"https:\/\/avrupatv.eu\/index.php\/author\/tuba-payal\/"}]}},"_links":{"self":[{"href":"https:\/\/avrupatv.eu\/index.php\/wp-json\/wp\/v2\/posts\/456","targetHints":{"allow":["GET"]}}],"collection":[{"href":"https:\/\/avrupatv.eu\/index.php\/wp-json\/wp\/v2\/posts"}],"about":[{"href":"https:\/\/avrupatv.eu\/index.php\/wp-json\/wp\/v2\/types\/post"}],"author":[{"embeddable":true,"href":"https:\/\/avrupatv.eu\/index.php\/wp-json\/wp\/v2\/users\/4"}],"replies":[{"embeddable":true,"href":"https:\/\/avrupatv.eu\/index.php\/wp-json\/wp\/v2\/comments?post=456"}],"version-history":[{"count":2,"href":"https:\/\/avrupatv.eu\/index.php\/wp-json\/wp\/v2\/posts\/456\/revisions"}],"predecessor-version":[{"id":460,"href":"https:\/\/avrupatv.eu\/index.php\/wp-json\/wp\/v2\/posts\/456\/revisions\/460"}],"wp:featuredmedia":[{"embeddable":true,"href":"https:\/\/avrupatv.eu\/index.php\/wp-json\/wp\/v2\/media\/457"}],"wp:attachment":[{"href":"https:\/\/avrupatv.eu\/index.php\/wp-json\/wp\/v2\/media?parent=456"}],"wp:term":[{"taxonomy":"category","embeddable":true,"href":"https:\/\/avrupatv.eu\/index.php\/wp-json\/wp\/v2\/categories?post=456"},{"taxonomy":"post_tag","embeddable":true,"href":"https:\/\/avrupatv.eu\/index.php\/wp-json\/wp\/v2\/tags?post=456"}],"curies":[{"name":"wp","href":"https:\/\/api.w.org\/{rel}","templated":true}]}}