{"id":413,"date":"2024-03-24T19:46:59","date_gmt":"2024-03-24T19:46:59","guid":{"rendered":"https:\/\/avrupatv.eu\/?p=413"},"modified":"2024-03-24T20:24:42","modified_gmt":"2024-03-24T20:24:42","slug":"belcikada-apo-sloganlarina-ve-teror-orgutu-pkk-bayraklarina-turk-gencleri-gecit-vermedi","status":"publish","type":"post","link":"https:\/\/avrupatv.eu\/index.php\/2024\/03\/24\/belcikada-apo-sloganlarina-ve-teror-orgutu-pkk-bayraklarina-turk-gencleri-gecit-vermedi\/","title":{"rendered":"Bel\u00e7ika&#8217;da &#8221;APO&#8221; sloganlar\u0131na ve ter\u00f6r \u00f6rg\u00fct\u00fc PKK bayraklar\u0131na T\u00fcrk gen\u00e7leri ge\u00e7it vermedi"},"content":{"rendered":"\n<p><strong>Bel\u00e7ika Limburg&#8217;un Houthalen-Helchteren&#8217;deki Lillo ve Heusden-Zolder&#8217;deki Lindeman b\u00f6lgelerinde kavgalar s\u00fcr\u00fcyor. Heusden-Zolder&#8217;de bir\u00e7ok T\u00fcrk, ter\u00f6r \u00f6rg\u00fct\u00fc PKK yanda\u015flar\u0131 taraf\u0131ndan k\u0131\u015fk\u0131rt\u0131ld\u0131. Limburg polis g\u00fc\u00e7lerinden yard\u0131m istendi ve insanlar\u0131n b\u00f6lgeden uzak durmalar\u0131 konusunda \u00e7a\u011fr\u0131lar yap\u0131l\u0131yor.<\/strong><\/p>\n\n\n\n<p>T\u00fcrk toplumu ile <strong>ter\u00f6r \u00f6rg\u00fct\u00fc<\/strong> PKK destek\u00e7ileri aras\u0131nda devam eden kavgalar oldu\u011fu s\u00f6yleniyor. Heusden-Zolder&#8217;de &#8220;Bug\u00fcn Paskalya&#8217;ya benzetilebilecek bir festival olan Nevruz&#8217;u kutluyorlar&#8221;. \u201c\u00c7ok say\u0131da T\u00fcrk&#8217;\u00fcn ya\u015fad\u0131\u011f\u0131 baz\u0131 mahallelerde <strong>ter\u00f6r \u00f6rg\u00fct\u00fc<\/strong> PKK bayra\u011f\u0131 ta\u015f\u0131yan ara\u00e7lar\u0131yla dola\u015ft\u0131lar. Pek \u00e7ok T\u00fcrk bundan hakl\u0131 olarak rahats\u0131z oldu \u00e7\u00fcnk\u00fc <strong>PKK bir ter\u00f6r \u00f6rg\u00fct\u00fcd\u00fcr<\/strong> ve ter\u00f6r \u00f6rg\u00fct\u00fcn\u00fcn toplumda yeri yok.\u201d Houthalen-Helchteren belediye ba\u015fkan\u0131 Alain Yzermans da karga\u015fan\u0131n, bayrakl\u0131 \u00e7ok say\u0131da arac\u0131n Heusden-Zolder ve Houthalen-Helchteren mahallelerinde dola\u015fmas\u0131n\u0131n ard\u0131ndan ba\u015flad\u0131\u011f\u0131n\u0131 do\u011frulad\u0131.<\/p>\n\n\n\n<p>Daha sonra y\u00fczlerce ki\u015finin sokaklara d\u00f6k\u00fcld\u00fc\u011f\u00fc protesto, ayaklanmalara d\u00f6n\u00fc\u015ft\u00fc. Baz\u0131 ara\u00e7lar\u0131n camlar\u0131 coplarla k\u0131r\u0131l\u0131rken, baz\u0131 ara\u00e7lar hasar g\u00f6rd\u00fc. B\u00f6lgenin \u00fczerinde bir polis helikopteri u\u00e7tu ve durumu sakinle\u015ftirmek i\u00e7in \u00e7ok say\u0131da Limburg polis g\u00fcc\u00fc \u00e7a\u011fr\u0131ld\u0131.<\/p>\n\n\n\n<p>&#8221;x&#8221; hesab\u0131ndan PKK ter\u00f6r \u00f6rg\u00fct\u00fc sempatizanlar\u0131n\u0131 olay yerine \u00e7a\u011f\u0131ran Memed Drews T\u00fcrklere y\u00f6nelik intikam \u00e7a\u011fr\u0131lar\u0131nda bulunuyor.<\/p>\n\n\n\n<p>Avrupa tv olarak t\u00fcrk vatanda\u015flar\u0131m\u0131za sakin olmalar\u0131 konusunda r\u0131cada bulunuyoruz ve bu t\u00fcr provakasyonlara gelmeyelim, T\u00fcrk ve K\u00fcrt karde\u015fli\u011fi a\u015fla bozulamaz. \u015eiddet ile biyere varamay\u0131z bu i\u015f siyasilerimizin i\u015fi bu konuyu fikriniz dahilinde onlara y\u00fcklenin.<\/p>\n\n\n\n<figure class=\"wp-block-image size-large\"><a href=\"https:\/\/www.instagram.com\/sosyaluzmanimmm?igsh=eDE0MXhhbGNmYzhi\"><img loading=\"lazy\" decoding=\"async\" width=\"1024\" height=\"1014\" src=\"https:\/\/avrupatv.eu\/wp-content\/uploads\/2024\/03\/pro-PueA6Q6y-1024x1014.jpeg\" alt=\"\" class=\"wp-image-381\" srcset=\"https:\/\/avrupatv.eu\/wp-content\/uploads\/2024\/03\/pro-PueA6Q6y-1024x1014.jpeg 1024w, https:\/\/avrupatv.eu\/wp-content\/uploads\/2024\/03\/pro-PueA6Q6y-300x297.jpeg 300w, https:\/\/avrupatv.eu\/wp-content\/uploads\/2024\/03\/pro-PueA6Q6y-150x150.jpeg 150w, https:\/\/avrupatv.eu\/wp-content\/uploads\/2024\/03\/pro-PueA6Q6y-768x760.jpeg 768w, https:\/\/avrupatv.eu\/wp-content\/uploads\/2024\/03\/pro-PueA6Q6y.jpeg 1080w\" sizes=\"auto, (max-width: 1024px) 100vw, 1024px\" \/><\/a><\/figure>\n","protected":false},"excerpt":{"rendered":"<p>Bel\u00e7ika Limburg&#8217;un Houthalen-Helchteren&#8217;deki Lillo ve Heusden-Zolder&#8217;deki Lindeman b\u00f6lgelerinde kavgalar s\u00fcr\u00fcyor. Heusden-Zolder&#8217;de bir\u00e7ok T\u00fcrk, ter\u00f6r \u00f6rg\u00fct\u00fc PKK yanda\u015flar\u0131 taraf\u0131ndan k\u0131\u015fk\u0131rt\u0131ld\u0131. Limburg polis g\u00fc\u00e7lerinden yard\u0131m istendi ve insanlar\u0131n b\u00f6lgeden uzak durmalar\u0131 konusunda \u00e7a\u011fr\u0131lar yap\u0131l\u0131yor. T\u00fcrk toplumu ile ter\u00f6r \u00f6rg\u00fct\u00fc PKK destek\u00e7ileri aras\u0131nda devam eden kavgalar oldu\u011fu s\u00f6yleniyor. Heusden-Zolder&#8217;de &#8220;Bug\u00fcn Paskalya&#8217;ya benzetilebilecek bir festival olan Nevruz&#8217;u kutluyorlar&#8221;. \u201c\u00c7ok [&hellip;]<\/p>\n","protected":false},"author":2,"featured_media":414,"comment_status":"open","ping_status":"open","sticky":false,"template":"","format":"standard","meta":{"footnotes":""},"categories":[9],"tags":[],"class_list":["post-413","post","type-post","status-publish","format-standard","has-post-thumbnail","hentry","category-avrupa"],"yoast_head":"<!-- This site is optimized with the Yoast SEO plugin v27.5 - https:\/\/yoast.com\/product\/yoast-seo-wordpress\/ -->\n<title>Bel\u00e7ika&#039;da &#039;&#039;APO&#039;&#039; sloganlar\u0131na ve ter\u00f6r \u00f6rg\u00fct\u00fc PKK bayraklar\u0131na T\u00fcrk gen\u00e7leri ge\u00e7it vermedi - Avrupal\u0131 T\u00fcrklerin en Yeni Haber Portal\u0131<\/title>\n<meta name=\"robots\" content=\"index, follow, max-snippet:-1, max-image-preview:large, max-video-preview:-1\" \/>\n<link rel=\"canonical\" href=\"https:\/\/avrupatv.eu\/index.php\/2024\/03\/24\/belcikada-apo-sloganlarina-ve-teror-orgutu-pkk-bayraklarina-turk-gencleri-gecit-vermedi\/\" \/>\n<meta property=\"og:locale\" content=\"tr_TR\" \/>\n<meta property=\"og:type\" content=\"article\" \/>\n<meta property=\"og:title\" content=\"Bel\u00e7ika&#039;da &#039;&#039;APO&#039;&#039; sloganlar\u0131na ve ter\u00f6r \u00f6rg\u00fct\u00fc PKK bayraklar\u0131na T\u00fcrk gen\u00e7leri ge\u00e7it vermedi - Avrupal\u0131 T\u00fcrklerin en Yeni Haber Portal\u0131\" \/>\n<meta property=\"og:description\" content=\"Bel\u00e7ika Limburg&#8217;un Houthalen-Helchteren&#8217;deki Lillo ve Heusden-Zolder&#8217;deki Lindeman b\u00f6lgelerinde kavgalar s\u00fcr\u00fcyor. Heusden-Zolder&#8217;de bir\u00e7ok T\u00fcrk, ter\u00f6r \u00f6rg\u00fct\u00fc PKK yanda\u015flar\u0131 taraf\u0131ndan k\u0131\u015fk\u0131rt\u0131ld\u0131. Limburg polis g\u00fc\u00e7lerinden yard\u0131m istendi ve insanlar\u0131n b\u00f6lgeden uzak durmalar\u0131 konusunda \u00e7a\u011fr\u0131lar yap\u0131l\u0131yor. T\u00fcrk toplumu ile ter\u00f6r \u00f6rg\u00fct\u00fc PKK destek\u00e7ileri aras\u0131nda devam eden kavgalar oldu\u011fu s\u00f6yleniyor. Heusden-Zolder&#8217;de &#8220;Bug\u00fcn Paskalya&#8217;ya benzetilebilecek bir festival olan Nevruz&#8217;u kutluyorlar&#8221;. \u201c\u00c7ok [&hellip;]\" \/>\n<meta property=\"og:url\" content=\"https:\/\/avrupatv.eu\/index.php\/2024\/03\/24\/belcikada-apo-sloganlarina-ve-teror-orgutu-pkk-bayraklarina-turk-gencleri-gecit-vermedi\/\" \/>\n<meta property=\"og:site_name\" content=\"Avrupal\u0131 T\u00fcrklerin en Yeni Haber Portal\u0131\" \/>\n<meta property=\"article:published_time\" content=\"2024-03-24T19:46:59+00:00\" \/>\n<meta property=\"article:modified_time\" content=\"2024-03-24T20:24:42+00:00\" \/>\n<meta property=\"og:image\" content=\"https:\/\/avrupatv.eu\/wp-content\/uploads\/2024\/03\/pkk.jpg\" \/>\n\t<meta property=\"og:image:width\" content=\"694\" \/>\n\t<meta property=\"og:image:height\" content=\"463\" \/>\n\t<meta property=\"og:image:type\" content=\"image\/jpeg\" \/>\n<meta name=\"author\" content=\"Onur Akpinar\" \/>\n<meta name=\"twitter:card\" content=\"summary_large_image\" \/>\n<meta name=\"twitter:label1\" content=\"Yazan:\" \/>\n\t<meta name=\"twitter:data1\" content=\"Onur Akpinar\" \/>\n\t<meta name=\"twitter:label2\" content=\"Tahmini okuma s\u00fcresi\" \/>\n\t<meta name=\"twitter:data2\" content=\"2 dakika\" \/>\n<script type=\"application\/ld+json\" class=\"yoast-schema-graph\">{\"@context\":\"https:\\\/\\\/schema.org\",\"@graph\":[{\"@type\":\"Article\",\"@id\":\"https:\\\/\\\/avrupatv.eu\\\/index.php\\\/2024\\\/03\\\/24\\\/belcikada-apo-sloganlarina-ve-teror-orgutu-pkk-bayraklarina-turk-gencleri-gecit-vermedi\\\/#article\",\"isPartOf\":{\"@id\":\"https:\\\/\\\/avrupatv.eu\\\/index.php\\\/2024\\\/03\\\/24\\\/belcikada-apo-sloganlarina-ve-teror-orgutu-pkk-bayraklarina-turk-gencleri-gecit-vermedi\\\/\"},\"author\":{\"name\":\"Onur Akpinar\",\"@id\":\"https:\\\/\\\/avrupatv.eu\\\/#\\\/schema\\\/person\\\/d56afa5d5569da4029d483da36c0c17d\"},\"headline\":\"Bel\u00e7ika&#8217;da &#8221;APO&#8221; sloganlar\u0131na ve ter\u00f6r \u00f6rg\u00fct\u00fc PKK bayraklar\u0131na T\u00fcrk gen\u00e7leri ge\u00e7it vermedi\",\"datePublished\":\"2024-03-24T19:46:59+00:00\",\"dateModified\":\"2024-03-24T20:24:42+00:00\",\"mainEntityOfPage\":{\"@id\":\"https:\\\/\\\/avrupatv.eu\\\/index.php\\\/2024\\\/03\\\/24\\\/belcikada-apo-sloganlarina-ve-teror-orgutu-pkk-bayraklarina-turk-gencleri-gecit-vermedi\\\/\"},\"wordCount\":325,\"commentCount\":0,\"publisher\":{\"@id\":\"https:\\\/\\\/avrupatv.eu\\\/#organization\"},\"image\":{\"@id\":\"https:\\\/\\\/avrupatv.eu\\\/index.php\\\/2024\\\/03\\\/24\\\/belcikada-apo-sloganlarina-ve-teror-orgutu-pkk-bayraklarina-turk-gencleri-gecit-vermedi\\\/#primaryimage\"},\"thumbnailUrl\":\"https:\\\/\\\/avrupatv.eu\\\/wp-content\\\/uploads\\\/2024\\\/03\\\/pkk.jpg\",\"articleSection\":[\"Avrupa\"],\"inLanguage\":\"tr\",\"potentialAction\":[{\"@type\":\"CommentAction\",\"name\":\"Comment\",\"target\":[\"https:\\\/\\\/avrupatv.eu\\\/index.php\\\/2024\\\/03\\\/24\\\/belcikada-apo-sloganlarina-ve-teror-orgutu-pkk-bayraklarina-turk-gencleri-gecit-vermedi\\\/#respond\"]}]},{\"@type\":\"WebPage\",\"@id\":\"https:\\\/\\\/avrupatv.eu\\\/index.php\\\/2024\\\/03\\\/24\\\/belcikada-apo-sloganlarina-ve-teror-orgutu-pkk-bayraklarina-turk-gencleri-gecit-vermedi\\\/\",\"url\":\"https:\\\/\\\/avrupatv.eu\\\/index.php\\\/2024\\\/03\\\/24\\\/belcikada-apo-sloganlarina-ve-teror-orgutu-pkk-bayraklarina-turk-gencleri-gecit-vermedi\\\/\",\"name\":\"Bel\u00e7ika'da ''APO'' sloganlar\u0131na ve ter\u00f6r \u00f6rg\u00fct\u00fc PKK bayraklar\u0131na T\u00fcrk gen\u00e7leri ge\u00e7it vermedi - Avrupal\u0131 T\u00fcrklerin en Yeni Haber Portal\u0131\",\"isPartOf\":{\"@id\":\"https:\\\/\\\/avrupatv.eu\\\/#website\"},\"primaryImageOfPage\":{\"@id\":\"https:\\\/\\\/avrupatv.eu\\\/index.php\\\/2024\\\/03\\\/24\\\/belcikada-apo-sloganlarina-ve-teror-orgutu-pkk-bayraklarina-turk-gencleri-gecit-vermedi\\\/#primaryimage\"},\"image\":{\"@id\":\"https:\\\/\\\/avrupatv.eu\\\/index.php\\\/2024\\\/03\\\/24\\\/belcikada-apo-sloganlarina-ve-teror-orgutu-pkk-bayraklarina-turk-gencleri-gecit-vermedi\\\/#primaryimage\"},\"thumbnailUrl\":\"https:\\\/\\\/avrupatv.eu\\\/wp-content\\\/uploads\\\/2024\\\/03\\\/pkk.jpg\",\"datePublished\":\"2024-03-24T19:46:59+00:00\",\"dateModified\":\"2024-03-24T20:24:42+00:00\",\"breadcrumb\":{\"@id\":\"https:\\\/\\\/avrupatv.eu\\\/index.php\\\/2024\\\/03\\\/24\\\/belcikada-apo-sloganlarina-ve-teror-orgutu-pkk-bayraklarina-turk-gencleri-gecit-vermedi\\\/#breadcrumb\"},\"inLanguage\":\"tr\",\"potentialAction\":[{\"@type\":\"ReadAction\",\"target\":[\"https:\\\/\\\/avrupatv.eu\\\/index.php\\\/2024\\\/03\\\/24\\\/belcikada-apo-sloganlarina-ve-teror-orgutu-pkk-bayraklarina-turk-gencleri-gecit-vermedi\\\/\"]}]},{\"@type\":\"ImageObject\",\"inLanguage\":\"tr\",\"@id\":\"https:\\\/\\\/avrupatv.eu\\\/index.php\\\/2024\\\/03\\\/24\\\/belcikada-apo-sloganlarina-ve-teror-orgutu-pkk-bayraklarina-turk-gencleri-gecit-vermedi\\\/#primaryimage\",\"url\":\"https:\\\/\\\/avrupatv.eu\\\/wp-content\\\/uploads\\\/2024\\\/03\\\/pkk.jpg\",\"contentUrl\":\"https:\\\/\\\/avrupatv.eu\\\/wp-content\\\/uploads\\\/2024\\\/03\\\/pkk.jpg\",\"width\":694,\"height\":463},{\"@type\":\"BreadcrumbList\",\"@id\":\"https:\\\/\\\/avrupatv.eu\\\/index.php\\\/2024\\\/03\\\/24\\\/belcikada-apo-sloganlarina-ve-teror-orgutu-pkk-bayraklarina-turk-gencleri-gecit-vermedi\\\/#breadcrumb\",\"itemListElement\":[{\"@type\":\"ListItem\",\"position\":1,\"name\":\"Anasayfa\",\"item\":\"https:\\\/\\\/avrupatv.eu\\\/\"},{\"@type\":\"ListItem\",\"position\":2,\"name\":\"Bel\u00e7ika&#8217;da &#8221;APO&#8221; sloganlar\u0131na ve ter\u00f6r \u00f6rg\u00fct\u00fc PKK bayraklar\u0131na T\u00fcrk gen\u00e7leri ge\u00e7it vermedi\"}]},{\"@type\":\"WebSite\",\"@id\":\"https:\\\/\\\/avrupatv.eu\\\/#website\",\"url\":\"https:\\\/\\\/avrupatv.eu\\\/\",\"name\":\"Avrupal\u0131 T\u00fcrklerin en Yeni Haber Portal\u0131\",\"description\":\"\",\"publisher\":{\"@id\":\"https:\\\/\\\/avrupatv.eu\\\/#organization\"},\"alternateName\":\"Avrupa tv\",\"potentialAction\":[{\"@type\":\"SearchAction\",\"target\":{\"@type\":\"EntryPoint\",\"urlTemplate\":\"https:\\\/\\\/avrupatv.eu\\\/?s={search_term_string}\"},\"query-input\":{\"@type\":\"PropertyValueSpecification\",\"valueRequired\":true,\"valueName\":\"search_term_string\"}}],\"inLanguage\":\"tr\"},{\"@type\":\"Organization\",\"@id\":\"https:\\\/\\\/avrupatv.eu\\\/#organization\",\"name\":\"Avrupa Haber\",\"url\":\"https:\\\/\\\/avrupatv.eu\\\/\",\"logo\":{\"@type\":\"ImageObject\",\"inLanguage\":\"tr\",\"@id\":\"https:\\\/\\\/avrupatv.eu\\\/#\\\/schema\\\/logo\\\/image\\\/\",\"url\":\"https:\\\/\\\/avrupatv.eu\\\/wp-content\\\/uploads\\\/2023\\\/10\\\/cropped-thumbnail_logo.png\",\"contentUrl\":\"https:\\\/\\\/avrupatv.eu\\\/wp-content\\\/uploads\\\/2023\\\/10\\\/cropped-thumbnail_logo.png\",\"width\":1025,\"height\":302,\"caption\":\"Avrupa Haber\"},\"image\":{\"@id\":\"https:\\\/\\\/avrupatv.eu\\\/#\\\/schema\\\/logo\\\/image\\\/\"}},{\"@type\":\"Person\",\"@id\":\"https:\\\/\\\/avrupatv.eu\\\/#\\\/schema\\\/person\\\/d56afa5d5569da4029d483da36c0c17d\",\"name\":\"Onur Akpinar\",\"image\":{\"@type\":\"ImageObject\",\"inLanguage\":\"tr\",\"@id\":\"https:\\\/\\\/secure.gravatar.com\\\/avatar\\\/67a1a0bdf34f82da209334e4684b7e7171a58a5a2b0a8f836b61044f5c1f5d6a?s=96&d=mm&r=g\",\"url\":\"https:\\\/\\\/secure.gravatar.com\\\/avatar\\\/67a1a0bdf34f82da209334e4684b7e7171a58a5a2b0a8f836b61044f5c1f5d6a?s=96&d=mm&r=g\",\"contentUrl\":\"https:\\\/\\\/secure.gravatar.com\\\/avatar\\\/67a1a0bdf34f82da209334e4684b7e7171a58a5a2b0a8f836b61044f5c1f5d6a?s=96&d=mm&r=g\",\"caption\":\"Onur Akpinar\"},\"url\":\"https:\\\/\\\/avrupatv.eu\\\/index.php\\\/author\\\/onur-akpinar\\\/\"}]}<\/script>\n<!-- \/ Yoast SEO plugin. -->","yoast_head_json":{"title":"Bel\u00e7ika'da ''APO'' sloganlar\u0131na ve ter\u00f6r \u00f6rg\u00fct\u00fc PKK bayraklar\u0131na T\u00fcrk gen\u00e7leri ge\u00e7it vermedi - Avrupal\u0131 T\u00fcrklerin en Yeni Haber Portal\u0131","robots":{"index":"index","follow":"follow","max-snippet":"max-snippet:-1","max-image-preview":"max-image-preview:large","max-video-preview":"max-video-preview:-1"},"canonical":"https:\/\/avrupatv.eu\/index.php\/2024\/03\/24\/belcikada-apo-sloganlarina-ve-teror-orgutu-pkk-bayraklarina-turk-gencleri-gecit-vermedi\/","og_locale":"tr_TR","og_type":"article","og_title":"Bel\u00e7ika'da ''APO'' sloganlar\u0131na ve ter\u00f6r \u00f6rg\u00fct\u00fc PKK bayraklar\u0131na T\u00fcrk gen\u00e7leri ge\u00e7it vermedi - Avrupal\u0131 T\u00fcrklerin en Yeni Haber Portal\u0131","og_description":"Bel\u00e7ika Limburg&#8217;un Houthalen-Helchteren&#8217;deki Lillo ve Heusden-Zolder&#8217;deki Lindeman b\u00f6lgelerinde kavgalar s\u00fcr\u00fcyor. Heusden-Zolder&#8217;de bir\u00e7ok T\u00fcrk, ter\u00f6r \u00f6rg\u00fct\u00fc PKK yanda\u015flar\u0131 taraf\u0131ndan k\u0131\u015fk\u0131rt\u0131ld\u0131. Limburg polis g\u00fc\u00e7lerinden yard\u0131m istendi ve insanlar\u0131n b\u00f6lgeden uzak durmalar\u0131 konusunda \u00e7a\u011fr\u0131lar yap\u0131l\u0131yor. T\u00fcrk toplumu ile ter\u00f6r \u00f6rg\u00fct\u00fc PKK destek\u00e7ileri aras\u0131nda devam eden kavgalar oldu\u011fu s\u00f6yleniyor. Heusden-Zolder&#8217;de &#8220;Bug\u00fcn Paskalya&#8217;ya benzetilebilecek bir festival olan Nevruz&#8217;u kutluyorlar&#8221;. \u201c\u00c7ok [&hellip;]","og_url":"https:\/\/avrupatv.eu\/index.php\/2024\/03\/24\/belcikada-apo-sloganlarina-ve-teror-orgutu-pkk-bayraklarina-turk-gencleri-gecit-vermedi\/","og_site_name":"Avrupal\u0131 T\u00fcrklerin en Yeni Haber Portal\u0131","article_published_time":"2024-03-24T19:46:59+00:00","article_modified_time":"2024-03-24T20:24:42+00:00","og_image":[{"width":694,"height":463,"url":"https:\/\/avrupatv.eu\/wp-content\/uploads\/2024\/03\/pkk.jpg","type":"image\/jpeg"}],"author":"Onur Akpinar","twitter_card":"summary_large_image","twitter_misc":{"Yazan:":"Onur Akpinar","Tahmini okuma s\u00fcresi":"2 dakika"},"schema":{"@context":"https:\/\/schema.org","@graph":[{"@type":"Article","@id":"https:\/\/avrupatv.eu\/index.php\/2024\/03\/24\/belcikada-apo-sloganlarina-ve-teror-orgutu-pkk-bayraklarina-turk-gencleri-gecit-vermedi\/#article","isPartOf":{"@id":"https:\/\/avrupatv.eu\/index.php\/2024\/03\/24\/belcikada-apo-sloganlarina-ve-teror-orgutu-pkk-bayraklarina-turk-gencleri-gecit-vermedi\/"},"author":{"name":"Onur Akpinar","@id":"https:\/\/avrupatv.eu\/#\/schema\/person\/d56afa5d5569da4029d483da36c0c17d"},"headline":"Bel\u00e7ika&#8217;da &#8221;APO&#8221; sloganlar\u0131na ve ter\u00f6r \u00f6rg\u00fct\u00fc PKK bayraklar\u0131na T\u00fcrk gen\u00e7leri ge\u00e7it vermedi","datePublished":"2024-03-24T19:46:59+00:00","dateModified":"2024-03-24T20:24:42+00:00","mainEntityOfPage":{"@id":"https:\/\/avrupatv.eu\/index.php\/2024\/03\/24\/belcikada-apo-sloganlarina-ve-teror-orgutu-pkk-bayraklarina-turk-gencleri-gecit-vermedi\/"},"wordCount":325,"commentCount":0,"publisher":{"@id":"https:\/\/avrupatv.eu\/#organization"},"image":{"@id":"https:\/\/avrupatv.eu\/index.php\/2024\/03\/24\/belcikada-apo-sloganlarina-ve-teror-orgutu-pkk-bayraklarina-turk-gencleri-gecit-vermedi\/#primaryimage"},"thumbnailUrl":"https:\/\/avrupatv.eu\/wp-content\/uploads\/2024\/03\/pkk.jpg","articleSection":["Avrupa"],"inLanguage":"tr","potentialAction":[{"@type":"CommentAction","name":"Comment","target":["https:\/\/avrupatv.eu\/index.php\/2024\/03\/24\/belcikada-apo-sloganlarina-ve-teror-orgutu-pkk-bayraklarina-turk-gencleri-gecit-vermedi\/#respond"]}]},{"@type":"WebPage","@id":"https:\/\/avrupatv.eu\/index.php\/2024\/03\/24\/belcikada-apo-sloganlarina-ve-teror-orgutu-pkk-bayraklarina-turk-gencleri-gecit-vermedi\/","url":"https:\/\/avrupatv.eu\/index.php\/2024\/03\/24\/belcikada-apo-sloganlarina-ve-teror-orgutu-pkk-bayraklarina-turk-gencleri-gecit-vermedi\/","name":"Bel\u00e7ika'da ''APO'' sloganlar\u0131na ve ter\u00f6r \u00f6rg\u00fct\u00fc PKK bayraklar\u0131na T\u00fcrk gen\u00e7leri ge\u00e7it vermedi - Avrupal\u0131 T\u00fcrklerin en Yeni Haber Portal\u0131","isPartOf":{"@id":"https:\/\/avrupatv.eu\/#website"},"primaryImageOfPage":{"@id":"https:\/\/avrupatv.eu\/index.php\/2024\/03\/24\/belcikada-apo-sloganlarina-ve-teror-orgutu-pkk-bayraklarina-turk-gencleri-gecit-vermedi\/#primaryimage"},"image":{"@id":"https:\/\/avrupatv.eu\/index.php\/2024\/03\/24\/belcikada-apo-sloganlarina-ve-teror-orgutu-pkk-bayraklarina-turk-gencleri-gecit-vermedi\/#primaryimage"},"thumbnailUrl":"https:\/\/avrupatv.eu\/wp-content\/uploads\/2024\/03\/pkk.jpg","datePublished":"2024-03-24T19:46:59+00:00","dateModified":"2024-03-24T20:24:42+00:00","breadcrumb":{"@id":"https:\/\/avrupatv.eu\/index.php\/2024\/03\/24\/belcikada-apo-sloganlarina-ve-teror-orgutu-pkk-bayraklarina-turk-gencleri-gecit-vermedi\/#breadcrumb"},"inLanguage":"tr","potentialAction":[{"@type":"ReadAction","target":["https:\/\/avrupatv.eu\/index.php\/2024\/03\/24\/belcikada-apo-sloganlarina-ve-teror-orgutu-pkk-bayraklarina-turk-gencleri-gecit-vermedi\/"]}]},{"@type":"ImageObject","inLanguage":"tr","@id":"https:\/\/avrupatv.eu\/index.php\/2024\/03\/24\/belcikada-apo-sloganlarina-ve-teror-orgutu-pkk-bayraklarina-turk-gencleri-gecit-vermedi\/#primaryimage","url":"https:\/\/avrupatv.eu\/wp-content\/uploads\/2024\/03\/pkk.jpg","contentUrl":"https:\/\/avrupatv.eu\/wp-content\/uploads\/2024\/03\/pkk.jpg","width":694,"height":463},{"@type":"BreadcrumbList","@id":"https:\/\/avrupatv.eu\/index.php\/2024\/03\/24\/belcikada-apo-sloganlarina-ve-teror-orgutu-pkk-bayraklarina-turk-gencleri-gecit-vermedi\/#breadcrumb","itemListElement":[{"@type":"ListItem","position":1,"name":"Anasayfa","item":"https:\/\/avrupatv.eu\/"},{"@type":"ListItem","position":2,"name":"Bel\u00e7ika&#8217;da &#8221;APO&#8221; sloganlar\u0131na ve ter\u00f6r \u00f6rg\u00fct\u00fc PKK bayraklar\u0131na T\u00fcrk gen\u00e7leri ge\u00e7it vermedi"}]},{"@type":"WebSite","@id":"https:\/\/avrupatv.eu\/#website","url":"https:\/\/avrupatv.eu\/","name":"Avrupal\u0131 T\u00fcrklerin en Yeni Haber Portal\u0131","description":"","publisher":{"@id":"https:\/\/avrupatv.eu\/#organization"},"alternateName":"Avrupa tv","potentialAction":[{"@type":"SearchAction","target":{"@type":"EntryPoint","urlTemplate":"https:\/\/avrupatv.eu\/?s={search_term_string}"},"query-input":{"@type":"PropertyValueSpecification","valueRequired":true,"valueName":"search_term_string"}}],"inLanguage":"tr"},{"@type":"Organization","@id":"https:\/\/avrupatv.eu\/#organization","name":"Avrupa Haber","url":"https:\/\/avrupatv.eu\/","logo":{"@type":"ImageObject","inLanguage":"tr","@id":"https:\/\/avrupatv.eu\/#\/schema\/logo\/image\/","url":"https:\/\/avrupatv.eu\/wp-content\/uploads\/2023\/10\/cropped-thumbnail_logo.png","contentUrl":"https:\/\/avrupatv.eu\/wp-content\/uploads\/2023\/10\/cropped-thumbnail_logo.png","width":1025,"height":302,"caption":"Avrupa Haber"},"image":{"@id":"https:\/\/avrupatv.eu\/#\/schema\/logo\/image\/"}},{"@type":"Person","@id":"https:\/\/avrupatv.eu\/#\/schema\/person\/d56afa5d5569da4029d483da36c0c17d","name":"Onur Akpinar","image":{"@type":"ImageObject","inLanguage":"tr","@id":"https:\/\/secure.gravatar.com\/avatar\/67a1a0bdf34f82da209334e4684b7e7171a58a5a2b0a8f836b61044f5c1f5d6a?s=96&d=mm&r=g","url":"https:\/\/secure.gravatar.com\/avatar\/67a1a0bdf34f82da209334e4684b7e7171a58a5a2b0a8f836b61044f5c1f5d6a?s=96&d=mm&r=g","contentUrl":"https:\/\/secure.gravatar.com\/avatar\/67a1a0bdf34f82da209334e4684b7e7171a58a5a2b0a8f836b61044f5c1f5d6a?s=96&d=mm&r=g","caption":"Onur Akpinar"},"url":"https:\/\/avrupatv.eu\/index.php\/author\/onur-akpinar\/"}]}},"_links":{"self":[{"href":"https:\/\/avrupatv.eu\/index.php\/wp-json\/wp\/v2\/posts\/413","targetHints":{"allow":["GET"]}}],"collection":[{"href":"https:\/\/avrupatv.eu\/index.php\/wp-json\/wp\/v2\/posts"}],"about":[{"href":"https:\/\/avrupatv.eu\/index.php\/wp-json\/wp\/v2\/types\/post"}],"author":[{"embeddable":true,"href":"https:\/\/avrupatv.eu\/index.php\/wp-json\/wp\/v2\/users\/2"}],"replies":[{"embeddable":true,"href":"https:\/\/avrupatv.eu\/index.php\/wp-json\/wp\/v2\/comments?post=413"}],"version-history":[{"count":3,"href":"https:\/\/avrupatv.eu\/index.php\/wp-json\/wp\/v2\/posts\/413\/revisions"}],"predecessor-version":[{"id":418,"href":"https:\/\/avrupatv.eu\/index.php\/wp-json\/wp\/v2\/posts\/413\/revisions\/418"}],"wp:featuredmedia":[{"embeddable":true,"href":"https:\/\/avrupatv.eu\/index.php\/wp-json\/wp\/v2\/media\/414"}],"wp:attachment":[{"href":"https:\/\/avrupatv.eu\/index.php\/wp-json\/wp\/v2\/media?parent=413"}],"wp:term":[{"taxonomy":"category","embeddable":true,"href":"https:\/\/avrupatv.eu\/index.php\/wp-json\/wp\/v2\/categories?post=413"},{"taxonomy":"post_tag","embeddable":true,"href":"https:\/\/avrupatv.eu\/index.php\/wp-json\/wp\/v2\/tags?post=413"}],"curies":[{"name":"wp","href":"https:\/\/api.w.org\/{rel}","templated":true}]}}