{"id":402,"date":"2024-03-21T14:00:41","date_gmt":"2024-03-21T14:00:41","guid":{"rendered":"https:\/\/avrupatv.eu\/?p=402"},"modified":"2024-03-21T14:09:40","modified_gmt":"2024-03-21T14:09:40","slug":"mert-can-erdogan-kimdir","status":"publish","type":"post","link":"https:\/\/avrupatv.eu\/index.php\/2024\/03\/21\/mert-can-erdogan-kimdir\/","title":{"rendered":"Mert Can Erdo\u011fan Kimdir?"},"content":{"rendered":"\n<p><strong>Sosyal medya fenomeni Mert Can Erdo\u011fan kimdir? Biz soruyoruz Mert Can Erdo\u011fan cevapl\u0131yor.<\/strong><\/p>\n\n\n\n<p>25 kas\u0131m 2001 Antalya Kepez&#8217;de do\u011fdum ve iki karde\u015fiz. Sosyal medya i\u00e7erik \u00fcreticisiyim ve \u00d6zlem Kav ile n\u0131\u015fanl\u0131y\u0131m.<\/p>\n\n\n\n<p><strong>Sosyal medya \u00fcreticisiyim dediniz konuyu biraz a\u00e7arm\u0131s\u0131n\u0131z?<\/strong><\/p>\n\n\n\n<p>Youtube izlerken kar\u015f\u0131ma oyun videolar\u0131 \u00e7\u0131k\u0131yordu ve ilgimi \u00e7ekti. Belirli bir s\u00fcre sonra benimde denemem gerekti\u011fini d\u00fc\u015f\u00fcnd\u00fcm. Yakla\u015f\u0131k 2015 y\u0131l\u0131ndan itibaren i\u00e7erik \u00fcretmeye ba\u015flad\u0131m oyun videolar\u0131yla i\u00e7erikler \u00fcrettim. 2018 y\u0131llar\u0131na do\u011fru oyun videolar\u0131ndan \u00e7\u0131k\u0131p \u00e7ocukluk hayalim olan\u0131 ger\u00e7ekle\u015ftirmek i\u00e7in kendimi g\u00f6stermeye ba\u015flad\u0131\u011f\u0131m videolara ge\u00e7tim ve insanlar\u0131 g\u00fcld\u00fcrmeyi sevdi\u011fim i\u00e7in komedi\/mizah i\u00e7erikler \u00fcrettim.<\/p>\n\n\n\n<p><strong>\u0130nstagram 190 bin TikTok ve Youtube ortalama 2 milyon takip\u00e7in var olduk\u00e7a y\u00fcksek, fenomen olma duygusunu nezaman ya\u015fad\u0131n veya kendini nezaman fenomen hisettin?<\/strong><\/p>\n\n\n\n<p>Fenomen olma duygusunu 500 bin takip\u00e7i say\u0131s\u0131n\u0131 ge\u00e7tikten ve insanlar\u0131n bana sokaktaki verdi\u011fi ilgiyi g\u00f6rd\u00fckten sonra tatt\u0131m diyelim.<\/p>\n\n\n\n<p><strong>Peki,bu hayat\u0131nda veya ki\u015fili\u011finde bir de\u011fi\u015fim sa\u011flad\u0131m\u0131?<\/strong><\/p>\n\n\n\n<p>Hay\u0131r, ayn\u0131 ki\u015fiyim i\u00e7erik \u00fcreticili\u011fi benim i\u00e7in sadece bir meslek ve k\u00fc\u00e7\u00fckl\u00fckten gelen bir hayal.<\/p>\n\n\n\n<p><strong>Ailen sosyal medyada fenomen olman konusunda sana destek veriyormu veya ne d\u00fc\u015f\u00fcn\u00fcyorlar?<\/strong><\/p>\n\n\n\n<p>Ailem ilk ba\u015flad\u0131\u011f\u0131mda olumlu bakmad\u0131lar, a\u015f\u0131r\u0131 derece ters tepki vermediler ama olumlu de\u011fildiler. Y\u00fckseli\u015fte oldu\u011fumu g\u00f6rd\u00fcklerinde daha olumlu bakmaya ba\u015flad\u0131lar, ba\u015fta olumsuz bakmalar\u0131n\u0131n sebebi de sosyal medyan\u0131n dezavantajlar\u0131yd\u0131. Videolar\u0131m da zaman zaman aileme de yer vermeye ba\u015flad\u0131m. Ailem taraf\u0131ndan destek g\u00f6rmek g\u00fczel bir duygu bu duyguyla insan daha da ba\u015far\u0131l\u0131 oluyor.<\/p>\n\n\n\n<p><strong>Seni takip edenlere son olarak s\u00f6ylemek istedi\u011fin bir\u015fey varm\u0131? Onlar\u0131 yak\u0131n gelecekte yeni ve de\u011fi\u015fik i\u00e7erikler bekliyomu? S\u00fcrprizlerin varm\u0131 onlara?<\/strong><\/p>\n\n\n\n<p>\u00d6ncelikle desteklerinden dolay\u0131 te\u015fekk\u00fcr ediyorum. Ba\u015flad\u0131\u011f\u0131m tarihten itibaren kemik kitle takip\u00e7ilerim var onlar\u0131 da \u00e7ok seviyorum. Bundan sonra da ilgi \u00e7ekici ve globale dayal\u0131 i\u00e7erikler olu\u015fturmaya haz\u0131rlan\u0131yorum. daha kaliteli ve daha ba\u015far\u0131l\u0131 i\u00e7erikler \u00fcretecem.<\/p>\n\n\n\n<p><strong>Biraz \u00f6zel olacak ama, n\u0131\u015fanl\u0131n\u0131n tepkisi nas\u0131l? K\u0131skan\u00e7l\u0131k triplerini veya bana zaman ay\u0131rm\u0131yorsun triplerini \u00e7ekiyormusun?<\/strong><\/p>\n\n\n\n<p>Herhangi bir trip yok, zaman ay\u0131rmama konusunda s\u0131k\u0131nt\u0131 yok ikimizde ayn\u0131 i\u015fi yap\u0131yoruz. Onun deste\u011fi bana ve benim deste\u011fim ona \u00e7ok, ileride onunla birlikte sosyal medyada g\u00fczel ve \u00f6rnek i\u00e7eriklerimiz olacak.<\/p>\n\n\n\n<p><strong>Bizlerde Avrupa tv ekibi olarak her ikinize ba\u015far\u0131lar diliyoruz.<\/strong><\/p>\n\n\n\n<p><strong>Onur Akp\u0131nar<\/strong><\/p>\n\n\n\n<figure class=\"wp-block-image size-large\"><a href=\"https:\/\/www.instagram.com\/sosyaluzmanimmm?igsh=eDE0MXhhbGNmYzhi\"><img loading=\"lazy\" decoding=\"async\" width=\"1024\" height=\"1014\" src=\"https:\/\/avrupatv.eu\/wp-content\/uploads\/2024\/03\/pro-PueA6Q6y-1024x1014.jpeg\" alt=\"\" class=\"wp-image-381\" srcset=\"https:\/\/avrupatv.eu\/wp-content\/uploads\/2024\/03\/pro-PueA6Q6y-1024x1014.jpeg 1024w, https:\/\/avrupatv.eu\/wp-content\/uploads\/2024\/03\/pro-PueA6Q6y-300x297.jpeg 300w, https:\/\/avrupatv.eu\/wp-content\/uploads\/2024\/03\/pro-PueA6Q6y-150x150.jpeg 150w, https:\/\/avrupatv.eu\/wp-content\/uploads\/2024\/03\/pro-PueA6Q6y-768x760.jpeg 768w, https:\/\/avrupatv.eu\/wp-content\/uploads\/2024\/03\/pro-PueA6Q6y.jpeg 1080w\" sizes=\"auto, (max-width: 1024px) 100vw, 1024px\" \/><\/a><\/figure>\n\n\n\n<p><\/p>\n\n\n\n<p><\/p>\n\n\n\n<p><\/p>\n","protected":false},"excerpt":{"rendered":"<p>Sosyal medya fenomeni Mert Can Erdo\u011fan kimdir? Biz soruyoruz Mert Can Erdo\u011fan cevapl\u0131yor. 25 kas\u0131m 2001 Antalya Kepez&#8217;de do\u011fdum ve iki karde\u015fiz. Sosyal medya i\u00e7erik \u00fcreticisiyim ve \u00d6zlem Kav ile n\u0131\u015fanl\u0131y\u0131m. Sosyal medya \u00fcreticisiyim dediniz konuyu biraz a\u00e7arm\u0131s\u0131n\u0131z? Youtube izlerken kar\u015f\u0131ma oyun videolar\u0131 \u00e7\u0131k\u0131yordu ve ilgimi \u00e7ekti. Belirli bir s\u00fcre sonra benimde denemem gerekti\u011fini d\u00fc\u015f\u00fcnd\u00fcm. [&hellip;]<\/p>\n","protected":false},"author":2,"featured_media":406,"comment_status":"open","ping_status":"open","sticky":false,"template":"","format":"standard","meta":{"footnotes":""},"categories":[20],"tags":[],"class_list":["post-402","post","type-post","status-publish","format-standard","has-post-thumbnail","hentry","category-magazin-turkiye"],"yoast_head":"<!-- This site is optimized with the Yoast SEO plugin v27.4 - https:\/\/yoast.com\/product\/yoast-seo-wordpress\/ -->\n<title>Mert Can Erdo\u011fan Kimdir? - Avrupal\u0131 T\u00fcrklerin en Yeni Haber Portal\u0131<\/title>\n<meta name=\"robots\" content=\"index, follow, max-snippet:-1, max-image-preview:large, max-video-preview:-1\" \/>\n<link rel=\"canonical\" href=\"https:\/\/avrupatv.eu\/index.php\/2024\/03\/21\/mert-can-erdogan-kimdir\/\" \/>\n<meta property=\"og:locale\" content=\"tr_TR\" \/>\n<meta property=\"og:type\" content=\"article\" \/>\n<meta property=\"og:title\" content=\"Mert Can Erdo\u011fan Kimdir? - Avrupal\u0131 T\u00fcrklerin en Yeni Haber Portal\u0131\" \/>\n<meta property=\"og:description\" content=\"Sosyal medya fenomeni Mert Can Erdo\u011fan kimdir? Biz soruyoruz Mert Can Erdo\u011fan cevapl\u0131yor. 25 kas\u0131m 2001 Antalya Kepez&#8217;de do\u011fdum ve iki karde\u015fiz. Sosyal medya i\u00e7erik \u00fcreticisiyim ve \u00d6zlem Kav ile n\u0131\u015fanl\u0131y\u0131m. Sosyal medya \u00fcreticisiyim dediniz konuyu biraz a\u00e7arm\u0131s\u0131n\u0131z? Youtube izlerken kar\u015f\u0131ma oyun videolar\u0131 \u00e7\u0131k\u0131yordu ve ilgimi \u00e7ekti. Belirli bir s\u00fcre sonra benimde denemem gerekti\u011fini d\u00fc\u015f\u00fcnd\u00fcm. [&hellip;]\" \/>\n<meta property=\"og:url\" content=\"https:\/\/avrupatv.eu\/index.php\/2024\/03\/21\/mert-can-erdogan-kimdir\/\" \/>\n<meta property=\"og:site_name\" content=\"Avrupal\u0131 T\u00fcrklerin en Yeni Haber Portal\u0131\" \/>\n<meta property=\"article:published_time\" content=\"2024-03-21T14:00:41+00:00\" \/>\n<meta property=\"article:modified_time\" content=\"2024-03-21T14:09:40+00:00\" \/>\n<meta property=\"og:image\" content=\"https:\/\/avrupatv.eu\/wp-content\/uploads\/2024\/03\/IMG_7469-scaled.jpeg\" \/>\n\t<meta property=\"og:image:width\" content=\"1920\" \/>\n\t<meta property=\"og:image:height\" content=\"2560\" \/>\n\t<meta property=\"og:image:type\" content=\"image\/jpeg\" \/>\n<meta name=\"author\" content=\"Onur Akpinar\" \/>\n<meta name=\"twitter:card\" content=\"summary_large_image\" \/>\n<meta name=\"twitter:label1\" content=\"Yazan:\" \/>\n\t<meta name=\"twitter:data1\" content=\"Onur Akpinar\" \/>\n\t<meta name=\"twitter:label2\" content=\"Tahmini okuma s\u00fcresi\" \/>\n\t<meta name=\"twitter:data2\" content=\"3 dakika\" \/>\n<script type=\"application\/ld+json\" class=\"yoast-schema-graph\">{\"@context\":\"https:\\\/\\\/schema.org\",\"@graph\":[{\"@type\":\"Article\",\"@id\":\"https:\\\/\\\/avrupatv.eu\\\/index.php\\\/2024\\\/03\\\/21\\\/mert-can-erdogan-kimdir\\\/#article\",\"isPartOf\":{\"@id\":\"https:\\\/\\\/avrupatv.eu\\\/index.php\\\/2024\\\/03\\\/21\\\/mert-can-erdogan-kimdir\\\/\"},\"author\":{\"name\":\"Onur Akpinar\",\"@id\":\"https:\\\/\\\/avrupatv.eu\\\/#\\\/schema\\\/person\\\/d56afa5d5569da4029d483da36c0c17d\"},\"headline\":\"Mert Can Erdo\u011fan Kimdir?\",\"datePublished\":\"2024-03-21T14:00:41+00:00\",\"dateModified\":\"2024-03-21T14:09:40+00:00\",\"mainEntityOfPage\":{\"@id\":\"https:\\\/\\\/avrupatv.eu\\\/index.php\\\/2024\\\/03\\\/21\\\/mert-can-erdogan-kimdir\\\/\"},\"wordCount\":469,\"commentCount\":0,\"publisher\":{\"@id\":\"https:\\\/\\\/avrupatv.eu\\\/#organization\"},\"image\":{\"@id\":\"https:\\\/\\\/avrupatv.eu\\\/index.php\\\/2024\\\/03\\\/21\\\/mert-can-erdogan-kimdir\\\/#primaryimage\"},\"thumbnailUrl\":\"https:\\\/\\\/avrupatv.eu\\\/wp-content\\\/uploads\\\/2024\\\/03\\\/IMG_7469-scaled.jpeg\",\"articleSection\":[\"Magazin T\u00fcrkiye\"],\"inLanguage\":\"tr\",\"potentialAction\":[{\"@type\":\"CommentAction\",\"name\":\"Comment\",\"target\":[\"https:\\\/\\\/avrupatv.eu\\\/index.php\\\/2024\\\/03\\\/21\\\/mert-can-erdogan-kimdir\\\/#respond\"]}]},{\"@type\":\"WebPage\",\"@id\":\"https:\\\/\\\/avrupatv.eu\\\/index.php\\\/2024\\\/03\\\/21\\\/mert-can-erdogan-kimdir\\\/\",\"url\":\"https:\\\/\\\/avrupatv.eu\\\/index.php\\\/2024\\\/03\\\/21\\\/mert-can-erdogan-kimdir\\\/\",\"name\":\"Mert Can Erdo\u011fan Kimdir? - Avrupal\u0131 T\u00fcrklerin en Yeni Haber Portal\u0131\",\"isPartOf\":{\"@id\":\"https:\\\/\\\/avrupatv.eu\\\/#website\"},\"primaryImageOfPage\":{\"@id\":\"https:\\\/\\\/avrupatv.eu\\\/index.php\\\/2024\\\/03\\\/21\\\/mert-can-erdogan-kimdir\\\/#primaryimage\"},\"image\":{\"@id\":\"https:\\\/\\\/avrupatv.eu\\\/index.php\\\/2024\\\/03\\\/21\\\/mert-can-erdogan-kimdir\\\/#primaryimage\"},\"thumbnailUrl\":\"https:\\\/\\\/avrupatv.eu\\\/wp-content\\\/uploads\\\/2024\\\/03\\\/IMG_7469-scaled.jpeg\",\"datePublished\":\"2024-03-21T14:00:41+00:00\",\"dateModified\":\"2024-03-21T14:09:40+00:00\",\"breadcrumb\":{\"@id\":\"https:\\\/\\\/avrupatv.eu\\\/index.php\\\/2024\\\/03\\\/21\\\/mert-can-erdogan-kimdir\\\/#breadcrumb\"},\"inLanguage\":\"tr\",\"potentialAction\":[{\"@type\":\"ReadAction\",\"target\":[\"https:\\\/\\\/avrupatv.eu\\\/index.php\\\/2024\\\/03\\\/21\\\/mert-can-erdogan-kimdir\\\/\"]}]},{\"@type\":\"ImageObject\",\"inLanguage\":\"tr\",\"@id\":\"https:\\\/\\\/avrupatv.eu\\\/index.php\\\/2024\\\/03\\\/21\\\/mert-can-erdogan-kimdir\\\/#primaryimage\",\"url\":\"https:\\\/\\\/avrupatv.eu\\\/wp-content\\\/uploads\\\/2024\\\/03\\\/IMG_7469-scaled.jpeg\",\"contentUrl\":\"https:\\\/\\\/avrupatv.eu\\\/wp-content\\\/uploads\\\/2024\\\/03\\\/IMG_7469-scaled.jpeg\",\"width\":1920,\"height\":2560},{\"@type\":\"BreadcrumbList\",\"@id\":\"https:\\\/\\\/avrupatv.eu\\\/index.php\\\/2024\\\/03\\\/21\\\/mert-can-erdogan-kimdir\\\/#breadcrumb\",\"itemListElement\":[{\"@type\":\"ListItem\",\"position\":1,\"name\":\"Anasayfa\",\"item\":\"https:\\\/\\\/avrupatv.eu\\\/\"},{\"@type\":\"ListItem\",\"position\":2,\"name\":\"Mert Can Erdo\u011fan Kimdir?\"}]},{\"@type\":\"WebSite\",\"@id\":\"https:\\\/\\\/avrupatv.eu\\\/#website\",\"url\":\"https:\\\/\\\/avrupatv.eu\\\/\",\"name\":\"Avrupal\u0131 T\u00fcrklerin en Yeni Haber Portal\u0131\",\"description\":\"\",\"publisher\":{\"@id\":\"https:\\\/\\\/avrupatv.eu\\\/#organization\"},\"alternateName\":\"Avrupa tv\",\"potentialAction\":[{\"@type\":\"SearchAction\",\"target\":{\"@type\":\"EntryPoint\",\"urlTemplate\":\"https:\\\/\\\/avrupatv.eu\\\/?s={search_term_string}\"},\"query-input\":{\"@type\":\"PropertyValueSpecification\",\"valueRequired\":true,\"valueName\":\"search_term_string\"}}],\"inLanguage\":\"tr\"},{\"@type\":\"Organization\",\"@id\":\"https:\\\/\\\/avrupatv.eu\\\/#organization\",\"name\":\"Avrupa Haber\",\"url\":\"https:\\\/\\\/avrupatv.eu\\\/\",\"logo\":{\"@type\":\"ImageObject\",\"inLanguage\":\"tr\",\"@id\":\"https:\\\/\\\/avrupatv.eu\\\/#\\\/schema\\\/logo\\\/image\\\/\",\"url\":\"https:\\\/\\\/avrupatv.eu\\\/wp-content\\\/uploads\\\/2023\\\/10\\\/cropped-thumbnail_logo.png\",\"contentUrl\":\"https:\\\/\\\/avrupatv.eu\\\/wp-content\\\/uploads\\\/2023\\\/10\\\/cropped-thumbnail_logo.png\",\"width\":1025,\"height\":302,\"caption\":\"Avrupa Haber\"},\"image\":{\"@id\":\"https:\\\/\\\/avrupatv.eu\\\/#\\\/schema\\\/logo\\\/image\\\/\"}},{\"@type\":\"Person\",\"@id\":\"https:\\\/\\\/avrupatv.eu\\\/#\\\/schema\\\/person\\\/d56afa5d5569da4029d483da36c0c17d\",\"name\":\"Onur Akpinar\",\"image\":{\"@type\":\"ImageObject\",\"inLanguage\":\"tr\",\"@id\":\"https:\\\/\\\/secure.gravatar.com\\\/avatar\\\/67a1a0bdf34f82da209334e4684b7e7171a58a5a2b0a8f836b61044f5c1f5d6a?s=96&d=mm&r=g\",\"url\":\"https:\\\/\\\/secure.gravatar.com\\\/avatar\\\/67a1a0bdf34f82da209334e4684b7e7171a58a5a2b0a8f836b61044f5c1f5d6a?s=96&d=mm&r=g\",\"contentUrl\":\"https:\\\/\\\/secure.gravatar.com\\\/avatar\\\/67a1a0bdf34f82da209334e4684b7e7171a58a5a2b0a8f836b61044f5c1f5d6a?s=96&d=mm&r=g\",\"caption\":\"Onur Akpinar\"},\"url\":\"https:\\\/\\\/avrupatv.eu\\\/index.php\\\/author\\\/onur-akpinar\\\/\"}]}<\/script>\n<!-- \/ Yoast SEO plugin. -->","yoast_head_json":{"title":"Mert Can Erdo\u011fan Kimdir? - Avrupal\u0131 T\u00fcrklerin en Yeni Haber Portal\u0131","robots":{"index":"index","follow":"follow","max-snippet":"max-snippet:-1","max-image-preview":"max-image-preview:large","max-video-preview":"max-video-preview:-1"},"canonical":"https:\/\/avrupatv.eu\/index.php\/2024\/03\/21\/mert-can-erdogan-kimdir\/","og_locale":"tr_TR","og_type":"article","og_title":"Mert Can Erdo\u011fan Kimdir? - Avrupal\u0131 T\u00fcrklerin en Yeni Haber Portal\u0131","og_description":"Sosyal medya fenomeni Mert Can Erdo\u011fan kimdir? Biz soruyoruz Mert Can Erdo\u011fan cevapl\u0131yor. 25 kas\u0131m 2001 Antalya Kepez&#8217;de do\u011fdum ve iki karde\u015fiz. Sosyal medya i\u00e7erik \u00fcreticisiyim ve \u00d6zlem Kav ile n\u0131\u015fanl\u0131y\u0131m. Sosyal medya \u00fcreticisiyim dediniz konuyu biraz a\u00e7arm\u0131s\u0131n\u0131z? Youtube izlerken kar\u015f\u0131ma oyun videolar\u0131 \u00e7\u0131k\u0131yordu ve ilgimi \u00e7ekti. Belirli bir s\u00fcre sonra benimde denemem gerekti\u011fini d\u00fc\u015f\u00fcnd\u00fcm. [&hellip;]","og_url":"https:\/\/avrupatv.eu\/index.php\/2024\/03\/21\/mert-can-erdogan-kimdir\/","og_site_name":"Avrupal\u0131 T\u00fcrklerin en Yeni Haber Portal\u0131","article_published_time":"2024-03-21T14:00:41+00:00","article_modified_time":"2024-03-21T14:09:40+00:00","og_image":[{"width":1920,"height":2560,"url":"https:\/\/avrupatv.eu\/wp-content\/uploads\/2024\/03\/IMG_7469-scaled.jpeg","type":"image\/jpeg"}],"author":"Onur Akpinar","twitter_card":"summary_large_image","twitter_misc":{"Yazan:":"Onur Akpinar","Tahmini okuma s\u00fcresi":"3 dakika"},"schema":{"@context":"https:\/\/schema.org","@graph":[{"@type":"Article","@id":"https:\/\/avrupatv.eu\/index.php\/2024\/03\/21\/mert-can-erdogan-kimdir\/#article","isPartOf":{"@id":"https:\/\/avrupatv.eu\/index.php\/2024\/03\/21\/mert-can-erdogan-kimdir\/"},"author":{"name":"Onur Akpinar","@id":"https:\/\/avrupatv.eu\/#\/schema\/person\/d56afa5d5569da4029d483da36c0c17d"},"headline":"Mert Can Erdo\u011fan Kimdir?","datePublished":"2024-03-21T14:00:41+00:00","dateModified":"2024-03-21T14:09:40+00:00","mainEntityOfPage":{"@id":"https:\/\/avrupatv.eu\/index.php\/2024\/03\/21\/mert-can-erdogan-kimdir\/"},"wordCount":469,"commentCount":0,"publisher":{"@id":"https:\/\/avrupatv.eu\/#organization"},"image":{"@id":"https:\/\/avrupatv.eu\/index.php\/2024\/03\/21\/mert-can-erdogan-kimdir\/#primaryimage"},"thumbnailUrl":"https:\/\/avrupatv.eu\/wp-content\/uploads\/2024\/03\/IMG_7469-scaled.jpeg","articleSection":["Magazin T\u00fcrkiye"],"inLanguage":"tr","potentialAction":[{"@type":"CommentAction","name":"Comment","target":["https:\/\/avrupatv.eu\/index.php\/2024\/03\/21\/mert-can-erdogan-kimdir\/#respond"]}]},{"@type":"WebPage","@id":"https:\/\/avrupatv.eu\/index.php\/2024\/03\/21\/mert-can-erdogan-kimdir\/","url":"https:\/\/avrupatv.eu\/index.php\/2024\/03\/21\/mert-can-erdogan-kimdir\/","name":"Mert Can Erdo\u011fan Kimdir? - Avrupal\u0131 T\u00fcrklerin en Yeni Haber Portal\u0131","isPartOf":{"@id":"https:\/\/avrupatv.eu\/#website"},"primaryImageOfPage":{"@id":"https:\/\/avrupatv.eu\/index.php\/2024\/03\/21\/mert-can-erdogan-kimdir\/#primaryimage"},"image":{"@id":"https:\/\/avrupatv.eu\/index.php\/2024\/03\/21\/mert-can-erdogan-kimdir\/#primaryimage"},"thumbnailUrl":"https:\/\/avrupatv.eu\/wp-content\/uploads\/2024\/03\/IMG_7469-scaled.jpeg","datePublished":"2024-03-21T14:00:41+00:00","dateModified":"2024-03-21T14:09:40+00:00","breadcrumb":{"@id":"https:\/\/avrupatv.eu\/index.php\/2024\/03\/21\/mert-can-erdogan-kimdir\/#breadcrumb"},"inLanguage":"tr","potentialAction":[{"@type":"ReadAction","target":["https:\/\/avrupatv.eu\/index.php\/2024\/03\/21\/mert-can-erdogan-kimdir\/"]}]},{"@type":"ImageObject","inLanguage":"tr","@id":"https:\/\/avrupatv.eu\/index.php\/2024\/03\/21\/mert-can-erdogan-kimdir\/#primaryimage","url":"https:\/\/avrupatv.eu\/wp-content\/uploads\/2024\/03\/IMG_7469-scaled.jpeg","contentUrl":"https:\/\/avrupatv.eu\/wp-content\/uploads\/2024\/03\/IMG_7469-scaled.jpeg","width":1920,"height":2560},{"@type":"BreadcrumbList","@id":"https:\/\/avrupatv.eu\/index.php\/2024\/03\/21\/mert-can-erdogan-kimdir\/#breadcrumb","itemListElement":[{"@type":"ListItem","position":1,"name":"Anasayfa","item":"https:\/\/avrupatv.eu\/"},{"@type":"ListItem","position":2,"name":"Mert Can Erdo\u011fan Kimdir?"}]},{"@type":"WebSite","@id":"https:\/\/avrupatv.eu\/#website","url":"https:\/\/avrupatv.eu\/","name":"Avrupal\u0131 T\u00fcrklerin en Yeni Haber Portal\u0131","description":"","publisher":{"@id":"https:\/\/avrupatv.eu\/#organization"},"alternateName":"Avrupa tv","potentialAction":[{"@type":"SearchAction","target":{"@type":"EntryPoint","urlTemplate":"https:\/\/avrupatv.eu\/?s={search_term_string}"},"query-input":{"@type":"PropertyValueSpecification","valueRequired":true,"valueName":"search_term_string"}}],"inLanguage":"tr"},{"@type":"Organization","@id":"https:\/\/avrupatv.eu\/#organization","name":"Avrupa Haber","url":"https:\/\/avrupatv.eu\/","logo":{"@type":"ImageObject","inLanguage":"tr","@id":"https:\/\/avrupatv.eu\/#\/schema\/logo\/image\/","url":"https:\/\/avrupatv.eu\/wp-content\/uploads\/2023\/10\/cropped-thumbnail_logo.png","contentUrl":"https:\/\/avrupatv.eu\/wp-content\/uploads\/2023\/10\/cropped-thumbnail_logo.png","width":1025,"height":302,"caption":"Avrupa Haber"},"image":{"@id":"https:\/\/avrupatv.eu\/#\/schema\/logo\/image\/"}},{"@type":"Person","@id":"https:\/\/avrupatv.eu\/#\/schema\/person\/d56afa5d5569da4029d483da36c0c17d","name":"Onur Akpinar","image":{"@type":"ImageObject","inLanguage":"tr","@id":"https:\/\/secure.gravatar.com\/avatar\/67a1a0bdf34f82da209334e4684b7e7171a58a5a2b0a8f836b61044f5c1f5d6a?s=96&d=mm&r=g","url":"https:\/\/secure.gravatar.com\/avatar\/67a1a0bdf34f82da209334e4684b7e7171a58a5a2b0a8f836b61044f5c1f5d6a?s=96&d=mm&r=g","contentUrl":"https:\/\/secure.gravatar.com\/avatar\/67a1a0bdf34f82da209334e4684b7e7171a58a5a2b0a8f836b61044f5c1f5d6a?s=96&d=mm&r=g","caption":"Onur Akpinar"},"url":"https:\/\/avrupatv.eu\/index.php\/author\/onur-akpinar\/"}]}},"_links":{"self":[{"href":"https:\/\/avrupatv.eu\/index.php\/wp-json\/wp\/v2\/posts\/402","targetHints":{"allow":["GET"]}}],"collection":[{"href":"https:\/\/avrupatv.eu\/index.php\/wp-json\/wp\/v2\/posts"}],"about":[{"href":"https:\/\/avrupatv.eu\/index.php\/wp-json\/wp\/v2\/types\/post"}],"author":[{"embeddable":true,"href":"https:\/\/avrupatv.eu\/index.php\/wp-json\/wp\/v2\/users\/2"}],"replies":[{"embeddable":true,"href":"https:\/\/avrupatv.eu\/index.php\/wp-json\/wp\/v2\/comments?post=402"}],"version-history":[{"count":3,"href":"https:\/\/avrupatv.eu\/index.php\/wp-json\/wp\/v2\/posts\/402\/revisions"}],"predecessor-version":[{"id":408,"href":"https:\/\/avrupatv.eu\/index.php\/wp-json\/wp\/v2\/posts\/402\/revisions\/408"}],"wp:featuredmedia":[{"embeddable":true,"href":"https:\/\/avrupatv.eu\/index.php\/wp-json\/wp\/v2\/media\/406"}],"wp:attachment":[{"href":"https:\/\/avrupatv.eu\/index.php\/wp-json\/wp\/v2\/media?parent=402"}],"wp:term":[{"taxonomy":"category","embeddable":true,"href":"https:\/\/avrupatv.eu\/index.php\/wp-json\/wp\/v2\/categories?post=402"},{"taxonomy":"post_tag","embeddable":true,"href":"https:\/\/avrupatv.eu\/index.php\/wp-json\/wp\/v2\/tags?post=402"}],"curies":[{"name":"wp","href":"https:\/\/api.w.org\/{rel}","templated":true}]}}