{"id":292,"date":"2023-12-07T19:26:10","date_gmt":"2023-12-07T19:26:10","guid":{"rendered":"https:\/\/avrupatv.eu\/?p=292"},"modified":"2023-12-07T19:37:34","modified_gmt":"2023-12-07T19:37:34","slug":"belediye-baskani-adayi-ali-cetinkaya-nazilli-olmasi-gereken-yerde-degil","status":"publish","type":"post","link":"https:\/\/avrupatv.eu\/index.php\/2023\/12\/07\/belediye-baskani-adayi-ali-cetinkaya-nazilli-olmasi-gereken-yerde-degil\/","title":{"rendered":"Belediye Ba\u015fkan\u0131 aday\u0131 Ali \u00c7etinkaya &#8221;Nazilli olmas\u0131 gereken yerde de\u011fil&#8221;"},"content":{"rendered":"\n<p><strong>Ali \u00c7etinkaya kimdir?<\/strong><\/p>\n\n\n\n<p>21 Aral\u0131k 1984 y\u0131l\u0131nda Nazilli&#8217;de do\u011fdu. \u0130lk okul, orta okul ve lise e\u011fitimini Nazilli&#8217;de alan Ali \u00c7etinkaya 2010 y\u0131l\u0131nda Uluslararas\u0131 K\u0131br\u0131s \u00dcniversitesi M\u00fchendislik Fak\u00fcltesi&#8217;nde mezun oldu. 1992 y\u0131l\u0131nda kurulan aile \u015firketi &#8221;\u00c7etinkaya \u0130n\u015faat&#8221; m\u00fchendislik f\u0131rmas\u0131&#8217;n\u0131 babas\u0131ndan devralarak \u00e7al\u0131\u015fmaya ba\u015flad\u0131.<\/p>\n\n\n\n<p><strong>Onur Akp\u0131nar soruyor Ali \u00c7etinkaya cevapl\u0131yor.<\/strong><\/p>\n\n\n\n<p><strong>Nazilli&#8217;de do\u011fdunuz b\u00fcy\u00fcd\u00fcn\u00fcz ve \u015firket sahibisiniz,\u015firket y\u00f6netmek b\u00fcy\u00fck sorumluluk ister bunada siyaseti ekleyecek olursak sorumluluklar\u0131n\u0131z artm\u0131\u015f gibi g\u00f6r\u00fcn\u00fcyor. Neden siyaset?<\/strong><\/p>\n\n\n\n<p>Ben yerel siyaset\u00e7iyim, genel siyaseti d\u00fc\u015f\u00fcnmedim. Bulundugum \u015fehire hizmet etmek istiyorum evet burada do\u011fdum burada b\u00fcy\u00fcd\u00fcm buradan evlendim ve ellerinizden \u00f6pen 9 ya\u015f\u0131nda o\u011flum var. B\u00fcy\u00fcd\u00fc\u011f\u00fcm do\u011fdu\u011fum \u015fehire hizmet etmek i\u00e7in bu yola \u00e7\u0131kt\u0131m. Evet \u015firket y\u00f6netmek ve bunun yan\u0131nda siyaset yapmak sorumluluk ister ama beni destekleyen e\u015fim var niyetimi ve yapmak istediklerimi biliyor ve bu sorumluluklar\u0131m\u0131n y\u00fck\u00fcn\u00fc hafifletiyor.<\/p>\n\n\n\n<p><strong>E\u015finizin sizi desteklemesi g\u00fczel, her ba\u015far\u0131l\u0131 bir erke\u011fin arkas\u0131nda bir kad\u0131n vard\u0131r. Siyasete ka\u00e7 y\u0131l\u0131nda ba\u015flama karar\u0131 ald\u0131n\u0131z?<\/strong><\/p>\n\n\n\n<p>Haziran 2010 da \u00fcniversite mezunu oldum 13 eyl\u00fcl tarihinde ilk maa\u015f\u0131m\u0131 ald\u0131m ve Chp&#8217;ye \u00fcye kayd\u0131 yapt\u0131rd\u0131m. 2019 y\u0131l\u0131nda Cumhuriyet Halk Partisi Belediye Ba\u015fkan\u0131 aday aday\u0131yd\u0131m. O d\u00f6nemki ittifaktan dolay\u0131 Chp buradan aday \u00e7\u0131karmad\u0131 ve \u0130Y\u0130 partiye b\u0131rak\u0131ld\u0131 ve o senesi ittifak se\u00e7imi kazand\u0131.<\/p>\n\n\n\n<p><strong>Siyasi kimli\u011finiz tam olarak nedir?<\/strong><\/p>\n\n\n\n<p>Sosyal demokrat ,say\u0131n genel ba\u015fkan\u0131m\u0131z Muharrem \u0130nce&#8217;nin k\u00fc\u00e7\u00fck versiyonu olarak tan\u0131ml\u0131yorum kendimi. Bizimde zaten en b\u00fcy\u00fck \u015fans\u0131m\u0131z genel ba\u015fkan\u0131m\u0131z.<\/p>\n\n\n\n<p><strong>Siyaset ve siyasi partiler sizin i\u00e7in nedir?<\/strong><\/p>\n\n\n\n<p>Siyasi partiler futbol tak\u0131m\u0131 de\u011fil siyaset halk i\u00e7in yap\u0131l\u0131r. Do\u011fruya do\u011fru yanl\u0131\u015fa yanl\u0131\u015f denir. \u00d6rne\u011fin devletimizin e\u011fitim, adalet ve g\u00f6\u00e7men politikas\u0131 yanl\u0131\u015f ama \u0130halar Sihalar destekleyici ve do\u011fru. Filistin ve \u0130srail konusunda \u0131zlenen yol do\u011fru.<\/p>\n\n\n\n<p><strong>Nazilli Belediyesi \u015fuan ne durumda ve nelerin de\u011fi\u015fmesi gerekiyor? Nazilli&#8217;de do\u011fdunuz ve b\u00fcy\u00fcd\u00fcn\u00fcz o b\u00f6lgeyi en iyi bilenlerdensiniz eksikler nelerdir?<\/strong><\/p>\n\n\n\n<p>Emekli belediyesi oldu Nazilli,gen\u00e7lerimiz kayboluyor. Siyaset ekip i\u015fidir. Ben in\u015faat m\u00fchendisiyim ve  yapt\u0131\u011f\u0131m i\u015fi iyi yapmaya \u00e7al\u0131\u015f\u0131yorum. Ben tar\u0131m\u0131 ve daire satmay\u0131,kiralamay\u0131 bilmem. Ben proje yapmay\u0131 bilirim. Halk\u0131m\u0131z laik g\u00f6rd\u00fc ve belediye ba\u015fkan\u0131 olduk diyelim biz Nazilliyi halk\u0131m\u0131z\u0131n fikirleriyle birlikte ekibimiz ile beraber y\u00f6netece\u011fiz. 2000 n\u00fcfuslu Ovac\u0131\u011f\u0131 say\u0131n Ma\u00e7ao\u011flu t\u00fcm T\u00fcrkiye&#8217;ye duyurdu nohutu ve tar\u0131m\u0131yla. T\u00fcrkiye Cumhuriyetinde y\u00fczde seksen kestane Nazilli topraklar\u0131nda da\u011flar\u0131nda yeti\u015fiyor ama ak\u0131llara Bursa gel\u0131yor. D\u00fcnyan\u0131n en iyi en kaliteli inciri Nazilli&#8217;de yeti\u015fiyor ve bunun festivalini yapam\u0131yoruz \u00e7\u00fcnki festival alan\u0131m\u0131z yok. \u00d6nderimiz Mustafa Kemal Atat\u00fcrk Sumerbank basma fabrikas\u0131n\u0131 a\u00e7t\u0131 1937 y\u0131l\u0131nda Nazilli&#8217;ye geldi\u011finde. \u0130lk pamuk ara\u015ft\u0131rma enstit\u00fcs\u00fcn\u00fc kurdu. <\/p>\n\n\n\n<p>Nazilli basmas\u0131yla me\u015fhurdur. Bug\u00fcn Nazilli pamu\u011fu \u00e7ok de\u011ferli bir pamuktur. Neyaz\u0131kki de\u011feri bilinmedi. Sumerbank kapand\u0131, polis okulu vard\u0131 kapand\u0131 yerine millet bah\u00e7esi yap\u0131ld\u0131, koytas tekstil fabrikas\u0131 kapand\u0131, U\u011fur so\u011futma var sadece burda. 160 bin n\u00fcfusu olan yerin birtane 3000 ki\u015filik fabrikas\u0131 var. <\/p>\n\n\n\n<p><strong>Eksikler var diyorsunuz bunun i\u00e7in bir c\u00f6z\u00fcm\u00fcn\u00fcz varm\u0131d\u0131r? Memleket partisi Nazilli&#8217;de ba\u015fa gelirse neleri nas\u0131l de\u011fi\u015ftirir?<\/strong><\/p>\n\n\n\n<p>\u00dcz\u00fcld\u00fc\u011f\u00fcm nokta bug\u00fcn Nazilli ovalar\u0131nda pamuk uretiliyor ama tekstil fabrikalar\u0131 Denizli&#8217;de, Nazilli halk\u0131 burdan Denizli&#8217;ye gidiyor sabah\u0131n erken saatlerinde.  Nazilli&#8217;de var olan pamuk tekstil fabrikalar\u0131n\u0131n a\u00e7\u0131lmas\u0131 i\u00e7in yeterlidir. Bukadar verimli topra\u011f\u0131m\u0131z varken benim gen\u00e7lerim neden kestane \u015fekerini i\u015fletmek i\u00e7in Bursa&#8217;ya gidiyor? Neden tekstil i\u00e7in denizliye gidiyor? Buras\u0131 o potansiyeli kald\u0131racak biryer. Gen\u00e7 karde\u015flerimin sesi olmak istiyorum, onlara istihdam yaratmak istiyorum. Sultanhisar&#8217;a dimes kuruldu? 20.000 n\u00fcfusu olan yere, bunun Nazilli&#8217;ye kurulmas\u0131 gerekirdi. Nar, mandalin ve portakal burda burdan yeti\u015fiyor. Per\u015fembe pazar\u0131 var Nazilli&#8217;nin en b\u00fcy\u00fck pazar\u0131. K\u00f6ylerden teyzelerimiz,amcalar\u0131m\u0131z gelir domates ,biber, patl\u0131can satar. Bu \u015fekilde devam ederse 15 sene sonra biz \u015fehirde a\u00e7 kal\u0131r\u0131z. Gen\u00e7 karde\u015flerimiz k\u00f6yde kalm\u0131yor ve gidiyor sanayide \u00e7al\u0131\u015f\u0131yor yani tar\u0131mc\u0131l\u0131k yapm\u0131yor. Gen\u00e7leri tar\u0131mc\u0131l\u0131\u011fa y\u00f6nelmelerine \u00f6nc\u00fcl\u00fck yapmam\u0131z gerekir. Yol yapmak, \u00e7\u00f6p toplamak, ot bi\u00e7mek belediyenin yapmas\u0131 gereken bu, bu ekstra bir hizmet de\u011fildir asl\u0131nda ama Nazilli&#8217;de bunlarda be\u015f senedir yap\u0131lm\u0131yor. \u00c7ok \u015f\u00fck\u00fcr m\u00fcsl\u00fcman\u0131z her\u015feyi d\u00fcnya \u00fczerinde Allah&#8217;\u0131n yarat\u0131\u011f\u0131na inan\u0131yoruz. Bize beyin verdi beynimizi kullanaca\u011f\u0131z. G\u00fcne\u015f enerjisinden faydalan\u0131p belediye&#8217;ye gelir kayna\u011f\u0131 verebiliriz bu projeyi birlikte yapaca\u011f\u0131m\u0131z karde\u015flerimiz var. Tekrar s\u00f6yl\u00fcyorum ben Nazilli&#8217;y\u0131 tek ba\u015f\u0131na de\u011fil halk\u0131m\u0131z\u0131n fikirleriyle ekip arkada\u015flar\u0131mla y\u00f6netece\u011fim. Nazilli 40 ilden daha b\u00fcy\u00fck bir il\u00e7e. Genel ba\u015fkan\u0131m\u0131z laik g\u00f6rd\u00fc bizi bu g\u00f6reve bizde se\u00e7ilirsek bu g\u00f6revi yap\u0131ca\u011f\u0131z.<\/p>\n\n\n\n<p><strong>Nazilli <strong>belediyesi<\/strong>&#8216;nin ekonomik durumu nas\u0131l?<\/strong><\/p>\n\n\n\n<p>Belediye&#8217;nin ekonomik durumu \u00e7ok k\u00f6t\u00fc ve borcu var. Ben borcunun oldu\u011funu bilerek aday oldum. Kendimi savunamayaca\u011f\u0131m hi\u00e7 bir \u015feyin alt\u0131na imza atmam. Halk\u0131m\u0131n yarar\u0131na olan kararlar al\u0131r\u0131m. Soru\u015fturma ge\u00e7irme riski olsa bile. Belediye ba\u015fkan\u0131 se\u00e7ildi\u011fi g\u00fcn belediye binas\u0131na 110 milyon TL borcu oldu\u011funu yazan bir pankart ast\u0131. \u0130ki wifi dire\u011fi dikti Nazilli&#8217;ye belediye b\u00fctcesi ile ba\u015fka hi\u00e7 bir\u015fey yapmad\u0131. Yollar\u0131m\u0131z rezil durumda \u00e7\u00f6pler bile toplanm\u0131yor ve aks\u0131yor. <\/p>\n\n\n\n<p><strong>\u0130\u015fsizlik ne durumda?<\/strong><\/p>\n\n\n\n<p>\u0130\u015f-kura gittim ge\u00e7enlerde ve i\u015fsizlik oran\u0131 onbin civar\u0131nda.<\/p>\n\n\n\n<p><strong>Sosyal faaliyet projeleriniz olacakm\u0131?<\/strong><\/p>\n\n\n\n<p>Nazilli belediyesine ait olan parklar da halk\u0131m\u0131za uygun f\u0131yatlarda hizmet vermek istiyoruz. Nazilli&#8217;de birtane var daha yeni yap\u0131ld\u0131 ve sosyal tesislerimizi \u00e7o\u011faltmak istiyoruz.<\/p>\n\n\n\n<p>Gen\u00e7lere aktivite alanlar\u0131 yaratmak istiyoruz, gen\u00e7lerin gidebilece\u011fi yer yok. Ekonomik s\u0131k\u0131nt\u0131lardan dolay\u0131 da <strong>\u015f<\/strong>ehrimizde h\u0131rs\u0131zl\u0131k artt\u0131. <\/p>\n\n\n\n<p><strong>Nazilli belediyesi Memleket Partisinden bir belediye ba\u015fkan\u0131 \u00e7\u0131kar\u0131rsa Nazilli&#8217;yi neler bekliyor olacak ve son s\u00f6zleriniz nelerdir?<\/strong><\/p>\n\n\n\n<p>Se\u00e7ildikten sonra ilk 3 ay i\u00e7erisinde bir sistem kurmak istiyoruz yapmam\u0131z gereken i\u015flere y\u00f6nelik. Sistemi kurduktan sonra muhtarlar\u0131, oda ba\u015fkanlar\u0131,stk ba\u015fkanlar\u0131 ile d\u00fczenli olarak toplan\u0131p fikir al\u0131\u015fveri\u015finde bulunup Nazilli&#8217;ye neler kazand\u0131r\u0131r\u0131z d\u0131ye konu\u015faca\u011f\u0131z. Nazilli de do\u011fmu\u015f ve b\u00fcy\u00fcm\u00fc\u015f birisi olarak belediyemizin k\u00f6t\u00fc y\u00f6netimi beni \u00fcz\u00fcyor. Degi\u015fiklik \u015fart ve de\u011fi\u015fiklik Memleket partisi diyorum ve halk\u0131m\u0131z\u0131 bizi desteklemeye davet ediyorum.<\/p>\n\n\n\n<p><strong>Te\u015fekk\u00fcrler Ali bey bizleri k\u0131rmay\u0131p sorular\u0131m\u0131z\u0131 cevaplad\u0131\u011f\u0131n\u0131z i\u00e7in. Bizlerde Avrupa Tv olarak sizlere siyaset hayat\u0131n\u0131zda ba\u015far\u0131lar diliyoruz, sizinle daha da \u00e7ok  haberler yapma dile\u011fiyle.<\/strong><\/p>\n\n\n\n<p>Onur Akp\u0131nar-Bel\u00e7ika<\/p>\n\n\n\n<p><\/p>\n\n\n\n<p><\/p>\n\n\n\n<p><\/p>\n","protected":false},"excerpt":{"rendered":"<p>Ali \u00c7etinkaya kimdir? 21 Aral\u0131k 1984 y\u0131l\u0131nda Nazilli&#8217;de do\u011fdu. \u0130lk okul, orta okul ve lise e\u011fitimini Nazilli&#8217;de alan Ali \u00c7etinkaya 2010 y\u0131l\u0131nda Uluslararas\u0131 K\u0131br\u0131s \u00dcniversitesi M\u00fchendislik Fak\u00fcltesi&#8217;nde mezun oldu. 1992 y\u0131l\u0131nda kurulan aile \u015firketi &#8221;\u00c7etinkaya \u0130n\u015faat&#8221; m\u00fchendislik f\u0131rmas\u0131&#8217;n\u0131 babas\u0131ndan devralarak \u00e7al\u0131\u015fmaya ba\u015flad\u0131. Onur Akp\u0131nar soruyor Ali \u00c7etinkaya cevapl\u0131yor. Nazilli&#8217;de do\u011fdunuz b\u00fcy\u00fcd\u00fcn\u00fcz ve \u015firket sahibisiniz,\u015firket y\u00f6netmek [&hellip;]<\/p>\n","protected":false},"author":2,"featured_media":295,"comment_status":"open","ping_status":"open","sticky":false,"template":"","format":"standard","meta":{"footnotes":""},"categories":[8,18],"tags":[],"class_list":["post-292","post","type-post","status-publish","format-standard","has-post-thumbnail","hentry","category-gundem","category-siyaset"],"yoast_head":"<!-- This site is optimized with the Yoast SEO plugin v27.4 - https:\/\/yoast.com\/product\/yoast-seo-wordpress\/ -->\n<title>Belediye Ba\u015fkan\u0131 aday\u0131 Ali \u00c7etinkaya &#039;&#039;Nazilli olmas\u0131 gereken yerde de\u011fil&#039;&#039; - Avrupal\u0131 T\u00fcrklerin en Yeni Haber Portal\u0131<\/title>\n<meta name=\"robots\" content=\"index, follow, max-snippet:-1, max-image-preview:large, max-video-preview:-1\" \/>\n<link rel=\"canonical\" href=\"https:\/\/avrupatv.eu\/index.php\/2023\/12\/07\/belediye-baskani-adayi-ali-cetinkaya-nazilli-olmasi-gereken-yerde-degil\/\" \/>\n<meta property=\"og:locale\" content=\"tr_TR\" \/>\n<meta property=\"og:type\" content=\"article\" \/>\n<meta property=\"og:title\" content=\"Belediye Ba\u015fkan\u0131 aday\u0131 Ali \u00c7etinkaya &#039;&#039;Nazilli olmas\u0131 gereken yerde de\u011fil&#039;&#039; - Avrupal\u0131 T\u00fcrklerin en Yeni Haber Portal\u0131\" \/>\n<meta property=\"og:description\" content=\"Ali \u00c7etinkaya kimdir? 21 Aral\u0131k 1984 y\u0131l\u0131nda Nazilli&#8217;de do\u011fdu. \u0130lk okul, orta okul ve lise e\u011fitimini Nazilli&#8217;de alan Ali \u00c7etinkaya 2010 y\u0131l\u0131nda Uluslararas\u0131 K\u0131br\u0131s \u00dcniversitesi M\u00fchendislik Fak\u00fcltesi&#8217;nde mezun oldu. 1992 y\u0131l\u0131nda kurulan aile \u015firketi &#8221;\u00c7etinkaya \u0130n\u015faat&#8221; m\u00fchendislik f\u0131rmas\u0131&#8217;n\u0131 babas\u0131ndan devralarak \u00e7al\u0131\u015fmaya ba\u015flad\u0131. Onur Akp\u0131nar soruyor Ali \u00c7etinkaya cevapl\u0131yor. Nazilli&#8217;de do\u011fdunuz b\u00fcy\u00fcd\u00fcn\u00fcz ve \u015firket sahibisiniz,\u015firket y\u00f6netmek [&hellip;]\" \/>\n<meta property=\"og:url\" content=\"https:\/\/avrupatv.eu\/index.php\/2023\/12\/07\/belediye-baskani-adayi-ali-cetinkaya-nazilli-olmasi-gereken-yerde-degil\/\" \/>\n<meta property=\"og:site_name\" content=\"Avrupal\u0131 T\u00fcrklerin en Yeni Haber Portal\u0131\" \/>\n<meta property=\"article:published_time\" content=\"2023-12-07T19:26:10+00:00\" \/>\n<meta property=\"article:modified_time\" content=\"2023-12-07T19:37:34+00:00\" \/>\n<meta property=\"og:image\" content=\"https:\/\/avrupatv.eu\/wp-content\/uploads\/2023\/12\/pro-moRjmLVi.jpeg\" \/>\n\t<meta property=\"og:image:width\" content=\"683\" \/>\n\t<meta property=\"og:image:height\" content=\"1024\" \/>\n\t<meta property=\"og:image:type\" content=\"image\/jpeg\" \/>\n<meta name=\"author\" content=\"Onur Akpinar\" \/>\n<meta name=\"twitter:card\" content=\"summary_large_image\" \/>\n<meta name=\"twitter:label1\" content=\"Yazan:\" \/>\n\t<meta name=\"twitter:data1\" content=\"Onur Akpinar\" \/>\n\t<meta name=\"twitter:label2\" content=\"Tahmini okuma s\u00fcresi\" \/>\n\t<meta name=\"twitter:data2\" content=\"6 dakika\" \/>\n<script type=\"application\/ld+json\" class=\"yoast-schema-graph\">{\"@context\":\"https:\\\/\\\/schema.org\",\"@graph\":[{\"@type\":\"Article\",\"@id\":\"https:\\\/\\\/avrupatv.eu\\\/index.php\\\/2023\\\/12\\\/07\\\/belediye-baskani-adayi-ali-cetinkaya-nazilli-olmasi-gereken-yerde-degil\\\/#article\",\"isPartOf\":{\"@id\":\"https:\\\/\\\/avrupatv.eu\\\/index.php\\\/2023\\\/12\\\/07\\\/belediye-baskani-adayi-ali-cetinkaya-nazilli-olmasi-gereken-yerde-degil\\\/\"},\"author\":{\"name\":\"Onur Akpinar\",\"@id\":\"https:\\\/\\\/avrupatv.eu\\\/#\\\/schema\\\/person\\\/d56afa5d5569da4029d483da36c0c17d\"},\"headline\":\"Belediye Ba\u015fkan\u0131 aday\u0131 Ali \u00c7etinkaya &#8221;Nazilli olmas\u0131 gereken yerde de\u011fil&#8221;\",\"datePublished\":\"2023-12-07T19:26:10+00:00\",\"dateModified\":\"2023-12-07T19:37:34+00:00\",\"mainEntityOfPage\":{\"@id\":\"https:\\\/\\\/avrupatv.eu\\\/index.php\\\/2023\\\/12\\\/07\\\/belediye-baskani-adayi-ali-cetinkaya-nazilli-olmasi-gereken-yerde-degil\\\/\"},\"wordCount\":1258,\"commentCount\":0,\"publisher\":{\"@id\":\"https:\\\/\\\/avrupatv.eu\\\/#organization\"},\"image\":{\"@id\":\"https:\\\/\\\/avrupatv.eu\\\/index.php\\\/2023\\\/12\\\/07\\\/belediye-baskani-adayi-ali-cetinkaya-nazilli-olmasi-gereken-yerde-degil\\\/#primaryimage\"},\"thumbnailUrl\":\"https:\\\/\\\/avrupatv.eu\\\/wp-content\\\/uploads\\\/2023\\\/12\\\/pro-moRjmLVi.jpeg\",\"articleSection\":[\"G\u00fcndem\",\"Siyaset\"],\"inLanguage\":\"tr\",\"potentialAction\":[{\"@type\":\"CommentAction\",\"name\":\"Comment\",\"target\":[\"https:\\\/\\\/avrupatv.eu\\\/index.php\\\/2023\\\/12\\\/07\\\/belediye-baskani-adayi-ali-cetinkaya-nazilli-olmasi-gereken-yerde-degil\\\/#respond\"]}]},{\"@type\":\"WebPage\",\"@id\":\"https:\\\/\\\/avrupatv.eu\\\/index.php\\\/2023\\\/12\\\/07\\\/belediye-baskani-adayi-ali-cetinkaya-nazilli-olmasi-gereken-yerde-degil\\\/\",\"url\":\"https:\\\/\\\/avrupatv.eu\\\/index.php\\\/2023\\\/12\\\/07\\\/belediye-baskani-adayi-ali-cetinkaya-nazilli-olmasi-gereken-yerde-degil\\\/\",\"name\":\"Belediye Ba\u015fkan\u0131 aday\u0131 Ali \u00c7etinkaya ''Nazilli olmas\u0131 gereken yerde de\u011fil'' - Avrupal\u0131 T\u00fcrklerin en Yeni Haber Portal\u0131\",\"isPartOf\":{\"@id\":\"https:\\\/\\\/avrupatv.eu\\\/#website\"},\"primaryImageOfPage\":{\"@id\":\"https:\\\/\\\/avrupatv.eu\\\/index.php\\\/2023\\\/12\\\/07\\\/belediye-baskani-adayi-ali-cetinkaya-nazilli-olmasi-gereken-yerde-degil\\\/#primaryimage\"},\"image\":{\"@id\":\"https:\\\/\\\/avrupatv.eu\\\/index.php\\\/2023\\\/12\\\/07\\\/belediye-baskani-adayi-ali-cetinkaya-nazilli-olmasi-gereken-yerde-degil\\\/#primaryimage\"},\"thumbnailUrl\":\"https:\\\/\\\/avrupatv.eu\\\/wp-content\\\/uploads\\\/2023\\\/12\\\/pro-moRjmLVi.jpeg\",\"datePublished\":\"2023-12-07T19:26:10+00:00\",\"dateModified\":\"2023-12-07T19:37:34+00:00\",\"breadcrumb\":{\"@id\":\"https:\\\/\\\/avrupatv.eu\\\/index.php\\\/2023\\\/12\\\/07\\\/belediye-baskani-adayi-ali-cetinkaya-nazilli-olmasi-gereken-yerde-degil\\\/#breadcrumb\"},\"inLanguage\":\"tr\",\"potentialAction\":[{\"@type\":\"ReadAction\",\"target\":[\"https:\\\/\\\/avrupatv.eu\\\/index.php\\\/2023\\\/12\\\/07\\\/belediye-baskani-adayi-ali-cetinkaya-nazilli-olmasi-gereken-yerde-degil\\\/\"]}]},{\"@type\":\"ImageObject\",\"inLanguage\":\"tr\",\"@id\":\"https:\\\/\\\/avrupatv.eu\\\/index.php\\\/2023\\\/12\\\/07\\\/belediye-baskani-adayi-ali-cetinkaya-nazilli-olmasi-gereken-yerde-degil\\\/#primaryimage\",\"url\":\"https:\\\/\\\/avrupatv.eu\\\/wp-content\\\/uploads\\\/2023\\\/12\\\/pro-moRjmLVi.jpeg\",\"contentUrl\":\"https:\\\/\\\/avrupatv.eu\\\/wp-content\\\/uploads\\\/2023\\\/12\\\/pro-moRjmLVi.jpeg\",\"width\":683,\"height\":1024},{\"@type\":\"BreadcrumbList\",\"@id\":\"https:\\\/\\\/avrupatv.eu\\\/index.php\\\/2023\\\/12\\\/07\\\/belediye-baskani-adayi-ali-cetinkaya-nazilli-olmasi-gereken-yerde-degil\\\/#breadcrumb\",\"itemListElement\":[{\"@type\":\"ListItem\",\"position\":1,\"name\":\"Anasayfa\",\"item\":\"https:\\\/\\\/avrupatv.eu\\\/\"},{\"@type\":\"ListItem\",\"position\":2,\"name\":\"Belediye Ba\u015fkan\u0131 aday\u0131 Ali \u00c7etinkaya &#8221;Nazilli olmas\u0131 gereken yerde de\u011fil&#8221;\"}]},{\"@type\":\"WebSite\",\"@id\":\"https:\\\/\\\/avrupatv.eu\\\/#website\",\"url\":\"https:\\\/\\\/avrupatv.eu\\\/\",\"name\":\"Avrupal\u0131 T\u00fcrklerin en Yeni Haber Portal\u0131\",\"description\":\"\",\"publisher\":{\"@id\":\"https:\\\/\\\/avrupatv.eu\\\/#organization\"},\"alternateName\":\"Avrupa tv\",\"potentialAction\":[{\"@type\":\"SearchAction\",\"target\":{\"@type\":\"EntryPoint\",\"urlTemplate\":\"https:\\\/\\\/avrupatv.eu\\\/?s={search_term_string}\"},\"query-input\":{\"@type\":\"PropertyValueSpecification\",\"valueRequired\":true,\"valueName\":\"search_term_string\"}}],\"inLanguage\":\"tr\"},{\"@type\":\"Organization\",\"@id\":\"https:\\\/\\\/avrupatv.eu\\\/#organization\",\"name\":\"Avrupa Haber\",\"url\":\"https:\\\/\\\/avrupatv.eu\\\/\",\"logo\":{\"@type\":\"ImageObject\",\"inLanguage\":\"tr\",\"@id\":\"https:\\\/\\\/avrupatv.eu\\\/#\\\/schema\\\/logo\\\/image\\\/\",\"url\":\"https:\\\/\\\/avrupatv.eu\\\/wp-content\\\/uploads\\\/2023\\\/10\\\/cropped-thumbnail_logo.png\",\"contentUrl\":\"https:\\\/\\\/avrupatv.eu\\\/wp-content\\\/uploads\\\/2023\\\/10\\\/cropped-thumbnail_logo.png\",\"width\":1025,\"height\":302,\"caption\":\"Avrupa Haber\"},\"image\":{\"@id\":\"https:\\\/\\\/avrupatv.eu\\\/#\\\/schema\\\/logo\\\/image\\\/\"}},{\"@type\":\"Person\",\"@id\":\"https:\\\/\\\/avrupatv.eu\\\/#\\\/schema\\\/person\\\/d56afa5d5569da4029d483da36c0c17d\",\"name\":\"Onur Akpinar\",\"image\":{\"@type\":\"ImageObject\",\"inLanguage\":\"tr\",\"@id\":\"https:\\\/\\\/secure.gravatar.com\\\/avatar\\\/67a1a0bdf34f82da209334e4684b7e7171a58a5a2b0a8f836b61044f5c1f5d6a?s=96&d=mm&r=g\",\"url\":\"https:\\\/\\\/secure.gravatar.com\\\/avatar\\\/67a1a0bdf34f82da209334e4684b7e7171a58a5a2b0a8f836b61044f5c1f5d6a?s=96&d=mm&r=g\",\"contentUrl\":\"https:\\\/\\\/secure.gravatar.com\\\/avatar\\\/67a1a0bdf34f82da209334e4684b7e7171a58a5a2b0a8f836b61044f5c1f5d6a?s=96&d=mm&r=g\",\"caption\":\"Onur Akpinar\"},\"url\":\"https:\\\/\\\/avrupatv.eu\\\/index.php\\\/author\\\/onur-akpinar\\\/\"}]}<\/script>\n<!-- \/ Yoast SEO plugin. -->","yoast_head_json":{"title":"Belediye Ba\u015fkan\u0131 aday\u0131 Ali \u00c7etinkaya ''Nazilli olmas\u0131 gereken yerde de\u011fil'' - Avrupal\u0131 T\u00fcrklerin en Yeni Haber Portal\u0131","robots":{"index":"index","follow":"follow","max-snippet":"max-snippet:-1","max-image-preview":"max-image-preview:large","max-video-preview":"max-video-preview:-1"},"canonical":"https:\/\/avrupatv.eu\/index.php\/2023\/12\/07\/belediye-baskani-adayi-ali-cetinkaya-nazilli-olmasi-gereken-yerde-degil\/","og_locale":"tr_TR","og_type":"article","og_title":"Belediye Ba\u015fkan\u0131 aday\u0131 Ali \u00c7etinkaya ''Nazilli olmas\u0131 gereken yerde de\u011fil'' - Avrupal\u0131 T\u00fcrklerin en Yeni Haber Portal\u0131","og_description":"Ali \u00c7etinkaya kimdir? 21 Aral\u0131k 1984 y\u0131l\u0131nda Nazilli&#8217;de do\u011fdu. \u0130lk okul, orta okul ve lise e\u011fitimini Nazilli&#8217;de alan Ali \u00c7etinkaya 2010 y\u0131l\u0131nda Uluslararas\u0131 K\u0131br\u0131s \u00dcniversitesi M\u00fchendislik Fak\u00fcltesi&#8217;nde mezun oldu. 1992 y\u0131l\u0131nda kurulan aile \u015firketi &#8221;\u00c7etinkaya \u0130n\u015faat&#8221; m\u00fchendislik f\u0131rmas\u0131&#8217;n\u0131 babas\u0131ndan devralarak \u00e7al\u0131\u015fmaya ba\u015flad\u0131. Onur Akp\u0131nar soruyor Ali \u00c7etinkaya cevapl\u0131yor. Nazilli&#8217;de do\u011fdunuz b\u00fcy\u00fcd\u00fcn\u00fcz ve \u015firket sahibisiniz,\u015firket y\u00f6netmek [&hellip;]","og_url":"https:\/\/avrupatv.eu\/index.php\/2023\/12\/07\/belediye-baskani-adayi-ali-cetinkaya-nazilli-olmasi-gereken-yerde-degil\/","og_site_name":"Avrupal\u0131 T\u00fcrklerin en Yeni Haber Portal\u0131","article_published_time":"2023-12-07T19:26:10+00:00","article_modified_time":"2023-12-07T19:37:34+00:00","og_image":[{"width":683,"height":1024,"url":"https:\/\/avrupatv.eu\/wp-content\/uploads\/2023\/12\/pro-moRjmLVi.jpeg","type":"image\/jpeg"}],"author":"Onur Akpinar","twitter_card":"summary_large_image","twitter_misc":{"Yazan:":"Onur Akpinar","Tahmini okuma s\u00fcresi":"6 dakika"},"schema":{"@context":"https:\/\/schema.org","@graph":[{"@type":"Article","@id":"https:\/\/avrupatv.eu\/index.php\/2023\/12\/07\/belediye-baskani-adayi-ali-cetinkaya-nazilli-olmasi-gereken-yerde-degil\/#article","isPartOf":{"@id":"https:\/\/avrupatv.eu\/index.php\/2023\/12\/07\/belediye-baskani-adayi-ali-cetinkaya-nazilli-olmasi-gereken-yerde-degil\/"},"author":{"name":"Onur Akpinar","@id":"https:\/\/avrupatv.eu\/#\/schema\/person\/d56afa5d5569da4029d483da36c0c17d"},"headline":"Belediye Ba\u015fkan\u0131 aday\u0131 Ali \u00c7etinkaya &#8221;Nazilli olmas\u0131 gereken yerde de\u011fil&#8221;","datePublished":"2023-12-07T19:26:10+00:00","dateModified":"2023-12-07T19:37:34+00:00","mainEntityOfPage":{"@id":"https:\/\/avrupatv.eu\/index.php\/2023\/12\/07\/belediye-baskani-adayi-ali-cetinkaya-nazilli-olmasi-gereken-yerde-degil\/"},"wordCount":1258,"commentCount":0,"publisher":{"@id":"https:\/\/avrupatv.eu\/#organization"},"image":{"@id":"https:\/\/avrupatv.eu\/index.php\/2023\/12\/07\/belediye-baskani-adayi-ali-cetinkaya-nazilli-olmasi-gereken-yerde-degil\/#primaryimage"},"thumbnailUrl":"https:\/\/avrupatv.eu\/wp-content\/uploads\/2023\/12\/pro-moRjmLVi.jpeg","articleSection":["G\u00fcndem","Siyaset"],"inLanguage":"tr","potentialAction":[{"@type":"CommentAction","name":"Comment","target":["https:\/\/avrupatv.eu\/index.php\/2023\/12\/07\/belediye-baskani-adayi-ali-cetinkaya-nazilli-olmasi-gereken-yerde-degil\/#respond"]}]},{"@type":"WebPage","@id":"https:\/\/avrupatv.eu\/index.php\/2023\/12\/07\/belediye-baskani-adayi-ali-cetinkaya-nazilli-olmasi-gereken-yerde-degil\/","url":"https:\/\/avrupatv.eu\/index.php\/2023\/12\/07\/belediye-baskani-adayi-ali-cetinkaya-nazilli-olmasi-gereken-yerde-degil\/","name":"Belediye Ba\u015fkan\u0131 aday\u0131 Ali \u00c7etinkaya ''Nazilli olmas\u0131 gereken yerde de\u011fil'' - Avrupal\u0131 T\u00fcrklerin en Yeni Haber Portal\u0131","isPartOf":{"@id":"https:\/\/avrupatv.eu\/#website"},"primaryImageOfPage":{"@id":"https:\/\/avrupatv.eu\/index.php\/2023\/12\/07\/belediye-baskani-adayi-ali-cetinkaya-nazilli-olmasi-gereken-yerde-degil\/#primaryimage"},"image":{"@id":"https:\/\/avrupatv.eu\/index.php\/2023\/12\/07\/belediye-baskani-adayi-ali-cetinkaya-nazilli-olmasi-gereken-yerde-degil\/#primaryimage"},"thumbnailUrl":"https:\/\/avrupatv.eu\/wp-content\/uploads\/2023\/12\/pro-moRjmLVi.jpeg","datePublished":"2023-12-07T19:26:10+00:00","dateModified":"2023-12-07T19:37:34+00:00","breadcrumb":{"@id":"https:\/\/avrupatv.eu\/index.php\/2023\/12\/07\/belediye-baskani-adayi-ali-cetinkaya-nazilli-olmasi-gereken-yerde-degil\/#breadcrumb"},"inLanguage":"tr","potentialAction":[{"@type":"ReadAction","target":["https:\/\/avrupatv.eu\/index.php\/2023\/12\/07\/belediye-baskani-adayi-ali-cetinkaya-nazilli-olmasi-gereken-yerde-degil\/"]}]},{"@type":"ImageObject","inLanguage":"tr","@id":"https:\/\/avrupatv.eu\/index.php\/2023\/12\/07\/belediye-baskani-adayi-ali-cetinkaya-nazilli-olmasi-gereken-yerde-degil\/#primaryimage","url":"https:\/\/avrupatv.eu\/wp-content\/uploads\/2023\/12\/pro-moRjmLVi.jpeg","contentUrl":"https:\/\/avrupatv.eu\/wp-content\/uploads\/2023\/12\/pro-moRjmLVi.jpeg","width":683,"height":1024},{"@type":"BreadcrumbList","@id":"https:\/\/avrupatv.eu\/index.php\/2023\/12\/07\/belediye-baskani-adayi-ali-cetinkaya-nazilli-olmasi-gereken-yerde-degil\/#breadcrumb","itemListElement":[{"@type":"ListItem","position":1,"name":"Anasayfa","item":"https:\/\/avrupatv.eu\/"},{"@type":"ListItem","position":2,"name":"Belediye Ba\u015fkan\u0131 aday\u0131 Ali \u00c7etinkaya &#8221;Nazilli olmas\u0131 gereken yerde de\u011fil&#8221;"}]},{"@type":"WebSite","@id":"https:\/\/avrupatv.eu\/#website","url":"https:\/\/avrupatv.eu\/","name":"Avrupal\u0131 T\u00fcrklerin en Yeni Haber Portal\u0131","description":"","publisher":{"@id":"https:\/\/avrupatv.eu\/#organization"},"alternateName":"Avrupa tv","potentialAction":[{"@type":"SearchAction","target":{"@type":"EntryPoint","urlTemplate":"https:\/\/avrupatv.eu\/?s={search_term_string}"},"query-input":{"@type":"PropertyValueSpecification","valueRequired":true,"valueName":"search_term_string"}}],"inLanguage":"tr"},{"@type":"Organization","@id":"https:\/\/avrupatv.eu\/#organization","name":"Avrupa Haber","url":"https:\/\/avrupatv.eu\/","logo":{"@type":"ImageObject","inLanguage":"tr","@id":"https:\/\/avrupatv.eu\/#\/schema\/logo\/image\/","url":"https:\/\/avrupatv.eu\/wp-content\/uploads\/2023\/10\/cropped-thumbnail_logo.png","contentUrl":"https:\/\/avrupatv.eu\/wp-content\/uploads\/2023\/10\/cropped-thumbnail_logo.png","width":1025,"height":302,"caption":"Avrupa Haber"},"image":{"@id":"https:\/\/avrupatv.eu\/#\/schema\/logo\/image\/"}},{"@type":"Person","@id":"https:\/\/avrupatv.eu\/#\/schema\/person\/d56afa5d5569da4029d483da36c0c17d","name":"Onur Akpinar","image":{"@type":"ImageObject","inLanguage":"tr","@id":"https:\/\/secure.gravatar.com\/avatar\/67a1a0bdf34f82da209334e4684b7e7171a58a5a2b0a8f836b61044f5c1f5d6a?s=96&d=mm&r=g","url":"https:\/\/secure.gravatar.com\/avatar\/67a1a0bdf34f82da209334e4684b7e7171a58a5a2b0a8f836b61044f5c1f5d6a?s=96&d=mm&r=g","contentUrl":"https:\/\/secure.gravatar.com\/avatar\/67a1a0bdf34f82da209334e4684b7e7171a58a5a2b0a8f836b61044f5c1f5d6a?s=96&d=mm&r=g","caption":"Onur Akpinar"},"url":"https:\/\/avrupatv.eu\/index.php\/author\/onur-akpinar\/"}]}},"_links":{"self":[{"href":"https:\/\/avrupatv.eu\/index.php\/wp-json\/wp\/v2\/posts\/292","targetHints":{"allow":["GET"]}}],"collection":[{"href":"https:\/\/avrupatv.eu\/index.php\/wp-json\/wp\/v2\/posts"}],"about":[{"href":"https:\/\/avrupatv.eu\/index.php\/wp-json\/wp\/v2\/types\/post"}],"author":[{"embeddable":true,"href":"https:\/\/avrupatv.eu\/index.php\/wp-json\/wp\/v2\/users\/2"}],"replies":[{"embeddable":true,"href":"https:\/\/avrupatv.eu\/index.php\/wp-json\/wp\/v2\/comments?post=292"}],"version-history":[{"count":5,"href":"https:\/\/avrupatv.eu\/index.php\/wp-json\/wp\/v2\/posts\/292\/revisions"}],"predecessor-version":[{"id":300,"href":"https:\/\/avrupatv.eu\/index.php\/wp-json\/wp\/v2\/posts\/292\/revisions\/300"}],"wp:featuredmedia":[{"embeddable":true,"href":"https:\/\/avrupatv.eu\/index.php\/wp-json\/wp\/v2\/media\/295"}],"wp:attachment":[{"href":"https:\/\/avrupatv.eu\/index.php\/wp-json\/wp\/v2\/media?parent=292"}],"wp:term":[{"taxonomy":"category","embeddable":true,"href":"https:\/\/avrupatv.eu\/index.php\/wp-json\/wp\/v2\/categories?post=292"},{"taxonomy":"post_tag","embeddable":true,"href":"https:\/\/avrupatv.eu\/index.php\/wp-json\/wp\/v2\/tags?post=292"}],"curies":[{"name":"wp","href":"https:\/\/api.w.org\/{rel}","templated":true}]}}