{"id":273,"date":"2023-12-03T11:44:12","date_gmt":"2023-12-03T11:44:12","guid":{"rendered":"https:\/\/avrupatv.eu\/?p=273"},"modified":"2023-12-03T11:45:25","modified_gmt":"2023-12-03T11:45:25","slug":"seda-sayan-yeni-projeye-hazirlaniyor","status":"publish","type":"post","link":"https:\/\/avrupatv.eu\/index.php\/2023\/12\/03\/seda-sayan-yeni-projeye-hazirlaniyor\/","title":{"rendered":"Seda Sayan yeni projeye haz\u0131rlan\u0131yor."},"content":{"rendered":"\n<p>Yeni projesinde iki ba\u015far\u0131l\u0131 isimle \u00e7al\u0131\u015fan Sayan\u2019\u0131n prod\u00fckt\u00f6rl\u00fc\u011f\u00fcn\u00fc Tolga Aykut, aranjesini ise Mustafa Ceceli \u00fcstlendi. G\u00fczel sanat\u00e7\u0131 Seda Sayan yak\u0131nda bomba gibi bir projeyle sevenleriyle bulu\u015facak.<\/p>\n","protected":false},"excerpt":{"rendered":"<p>Yeni projesinde iki ba\u015far\u0131l\u0131 isimle \u00e7al\u0131\u015fan Sayan\u2019\u0131n prod\u00fckt\u00f6rl\u00fc\u011f\u00fcn\u00fc Tolga Aykut, aranjesini ise Mustafa Ceceli \u00fcstlendi. G\u00fczel sanat\u00e7\u0131 Seda Sayan yak\u0131nda bomba gibi bir projeyle sevenleriyle bulu\u015facak.<\/p>\n","protected":false},"author":3,"featured_media":275,"comment_status":"open","ping_status":"open","sticky":false,"template":"","format":"standard","meta":{"footnotes":""},"categories":[1,8,16,20],"tags":[48,46,47],"class_list":["post-273","post","type-post","status-publish","format-standard","has-post-thumbnail","hentry","category-blog","category-gundem","category-magazin","category-magazin-turkiye","tag-mustafaceceli","tag-sedasayan","tag-tolgaaykut"],"yoast_head":"<!-- This site is optimized with the Yoast SEO plugin v27.4 - https:\/\/yoast.com\/product\/yoast-seo-wordpress\/ -->\n<title>Seda Sayan yeni projeye haz\u0131rlan\u0131yor. - Avrupal\u0131 T\u00fcrklerin en Yeni Haber Portal\u0131<\/title>\n<meta name=\"robots\" content=\"index, follow, max-snippet:-1, max-image-preview:large, max-video-preview:-1\" \/>\n<link rel=\"canonical\" href=\"https:\/\/avrupatv.eu\/index.php\/2023\/12\/03\/seda-sayan-yeni-projeye-hazirlaniyor\/\" \/>\n<meta property=\"og:locale\" content=\"tr_TR\" \/>\n<meta property=\"og:type\" content=\"article\" \/>\n<meta property=\"og:title\" content=\"Seda Sayan yeni projeye haz\u0131rlan\u0131yor. - Avrupal\u0131 T\u00fcrklerin en Yeni Haber Portal\u0131\" \/>\n<meta property=\"og:description\" content=\"Yeni projesinde iki ba\u015far\u0131l\u0131 isimle \u00e7al\u0131\u015fan Sayan\u2019\u0131n prod\u00fckt\u00f6rl\u00fc\u011f\u00fcn\u00fc Tolga Aykut, aranjesini ise Mustafa Ceceli \u00fcstlendi. G\u00fczel sanat\u00e7\u0131 Seda Sayan yak\u0131nda bomba gibi bir projeyle sevenleriyle bulu\u015facak.\" \/>\n<meta property=\"og:url\" content=\"https:\/\/avrupatv.eu\/index.php\/2023\/12\/03\/seda-sayan-yeni-projeye-hazirlaniyor\/\" \/>\n<meta property=\"og:site_name\" content=\"Avrupal\u0131 T\u00fcrklerin en Yeni Haber Portal\u0131\" \/>\n<meta property=\"article:published_time\" content=\"2023-12-03T11:44:12+00:00\" \/>\n<meta property=\"article:modified_time\" content=\"2023-12-03T11:45:25+00:00\" \/>\n<meta property=\"og:image\" content=\"https:\/\/avrupatv.eu\/wp-content\/uploads\/2023\/12\/CEB5F7FA-50A1-4D7E-9069-D46EECE8EA17.jpeg\" \/>\n\t<meta property=\"og:image:width\" content=\"750\" \/>\n\t<meta property=\"og:image:height\" content=\"738\" \/>\n\t<meta property=\"og:image:type\" content=\"image\/jpeg\" \/>\n<meta name=\"author\" content=\"Emir Ke\u015fan\" \/>\n<meta name=\"twitter:card\" content=\"summary_large_image\" \/>\n<meta name=\"twitter:label1\" content=\"Yazan:\" \/>\n\t<meta name=\"twitter:data1\" content=\"Emir Ke\u015fan\" \/>\n<script type=\"application\/ld+json\" class=\"yoast-schema-graph\">{\"@context\":\"https:\\\/\\\/schema.org\",\"@graph\":[{\"@type\":\"Article\",\"@id\":\"https:\\\/\\\/avrupatv.eu\\\/index.php\\\/2023\\\/12\\\/03\\\/seda-sayan-yeni-projeye-hazirlaniyor\\\/#article\",\"isPartOf\":{\"@id\":\"https:\\\/\\\/avrupatv.eu\\\/index.php\\\/2023\\\/12\\\/03\\\/seda-sayan-yeni-projeye-hazirlaniyor\\\/\"},\"author\":{\"name\":\"Emir Ke\u015fan\",\"@id\":\"https:\\\/\\\/avrupatv.eu\\\/#\\\/schema\\\/person\\\/78736cdceb592a03a0c781effacf0347\"},\"headline\":\"Seda Sayan yeni projeye haz\u0131rlan\u0131yor.\",\"datePublished\":\"2023-12-03T11:44:12+00:00\",\"dateModified\":\"2023-12-03T11:45:25+00:00\",\"mainEntityOfPage\":{\"@id\":\"https:\\\/\\\/avrupatv.eu\\\/index.php\\\/2023\\\/12\\\/03\\\/seda-sayan-yeni-projeye-hazirlaniyor\\\/\"},\"wordCount\":43,\"commentCount\":0,\"publisher\":{\"@id\":\"https:\\\/\\\/avrupatv.eu\\\/#organization\"},\"image\":{\"@id\":\"https:\\\/\\\/avrupatv.eu\\\/index.php\\\/2023\\\/12\\\/03\\\/seda-sayan-yeni-projeye-hazirlaniyor\\\/#primaryimage\"},\"thumbnailUrl\":\"https:\\\/\\\/avrupatv.eu\\\/wp-content\\\/uploads\\\/2023\\\/12\\\/CEB5F7FA-50A1-4D7E-9069-D46EECE8EA17.jpeg\",\"keywords\":[\"mustafaceceli\",\"Sedasayan\",\"tolgaaykut\"],\"articleSection\":[\"Blog\",\"G\u00fcndem\",\"Magazin\",\"Magazin T\u00fcrkiye\"],\"inLanguage\":\"tr\",\"potentialAction\":[{\"@type\":\"CommentAction\",\"name\":\"Comment\",\"target\":[\"https:\\\/\\\/avrupatv.eu\\\/index.php\\\/2023\\\/12\\\/03\\\/seda-sayan-yeni-projeye-hazirlaniyor\\\/#respond\"]}]},{\"@type\":\"WebPage\",\"@id\":\"https:\\\/\\\/avrupatv.eu\\\/index.php\\\/2023\\\/12\\\/03\\\/seda-sayan-yeni-projeye-hazirlaniyor\\\/\",\"url\":\"https:\\\/\\\/avrupatv.eu\\\/index.php\\\/2023\\\/12\\\/03\\\/seda-sayan-yeni-projeye-hazirlaniyor\\\/\",\"name\":\"Seda Sayan yeni projeye haz\u0131rlan\u0131yor. - Avrupal\u0131 T\u00fcrklerin en Yeni Haber Portal\u0131\",\"isPartOf\":{\"@id\":\"https:\\\/\\\/avrupatv.eu\\\/#website\"},\"primaryImageOfPage\":{\"@id\":\"https:\\\/\\\/avrupatv.eu\\\/index.php\\\/2023\\\/12\\\/03\\\/seda-sayan-yeni-projeye-hazirlaniyor\\\/#primaryimage\"},\"image\":{\"@id\":\"https:\\\/\\\/avrupatv.eu\\\/index.php\\\/2023\\\/12\\\/03\\\/seda-sayan-yeni-projeye-hazirlaniyor\\\/#primaryimage\"},\"thumbnailUrl\":\"https:\\\/\\\/avrupatv.eu\\\/wp-content\\\/uploads\\\/2023\\\/12\\\/CEB5F7FA-50A1-4D7E-9069-D46EECE8EA17.jpeg\",\"datePublished\":\"2023-12-03T11:44:12+00:00\",\"dateModified\":\"2023-12-03T11:45:25+00:00\",\"breadcrumb\":{\"@id\":\"https:\\\/\\\/avrupatv.eu\\\/index.php\\\/2023\\\/12\\\/03\\\/seda-sayan-yeni-projeye-hazirlaniyor\\\/#breadcrumb\"},\"inLanguage\":\"tr\",\"potentialAction\":[{\"@type\":\"ReadAction\",\"target\":[\"https:\\\/\\\/avrupatv.eu\\\/index.php\\\/2023\\\/12\\\/03\\\/seda-sayan-yeni-projeye-hazirlaniyor\\\/\"]}]},{\"@type\":\"ImageObject\",\"inLanguage\":\"tr\",\"@id\":\"https:\\\/\\\/avrupatv.eu\\\/index.php\\\/2023\\\/12\\\/03\\\/seda-sayan-yeni-projeye-hazirlaniyor\\\/#primaryimage\",\"url\":\"https:\\\/\\\/avrupatv.eu\\\/wp-content\\\/uploads\\\/2023\\\/12\\\/CEB5F7FA-50A1-4D7E-9069-D46EECE8EA17.jpeg\",\"contentUrl\":\"https:\\\/\\\/avrupatv.eu\\\/wp-content\\\/uploads\\\/2023\\\/12\\\/CEB5F7FA-50A1-4D7E-9069-D46EECE8EA17.jpeg\",\"width\":750,\"height\":738},{\"@type\":\"BreadcrumbList\",\"@id\":\"https:\\\/\\\/avrupatv.eu\\\/index.php\\\/2023\\\/12\\\/03\\\/seda-sayan-yeni-projeye-hazirlaniyor\\\/#breadcrumb\",\"itemListElement\":[{\"@type\":\"ListItem\",\"position\":1,\"name\":\"Anasayfa\",\"item\":\"https:\\\/\\\/avrupatv.eu\\\/\"},{\"@type\":\"ListItem\",\"position\":2,\"name\":\"Seda Sayan yeni projeye haz\u0131rlan\u0131yor.\"}]},{\"@type\":\"WebSite\",\"@id\":\"https:\\\/\\\/avrupatv.eu\\\/#website\",\"url\":\"https:\\\/\\\/avrupatv.eu\\\/\",\"name\":\"Avrupal\u0131 T\u00fcrklerin en Yeni Haber Portal\u0131\",\"description\":\"\",\"publisher\":{\"@id\":\"https:\\\/\\\/avrupatv.eu\\\/#organization\"},\"alternateName\":\"Avrupa tv\",\"potentialAction\":[{\"@type\":\"SearchAction\",\"target\":{\"@type\":\"EntryPoint\",\"urlTemplate\":\"https:\\\/\\\/avrupatv.eu\\\/?s={search_term_string}\"},\"query-input\":{\"@type\":\"PropertyValueSpecification\",\"valueRequired\":true,\"valueName\":\"search_term_string\"}}],\"inLanguage\":\"tr\"},{\"@type\":\"Organization\",\"@id\":\"https:\\\/\\\/avrupatv.eu\\\/#organization\",\"name\":\"Avrupa Haber\",\"url\":\"https:\\\/\\\/avrupatv.eu\\\/\",\"logo\":{\"@type\":\"ImageObject\",\"inLanguage\":\"tr\",\"@id\":\"https:\\\/\\\/avrupatv.eu\\\/#\\\/schema\\\/logo\\\/image\\\/\",\"url\":\"https:\\\/\\\/avrupatv.eu\\\/wp-content\\\/uploads\\\/2023\\\/10\\\/cropped-thumbnail_logo.png\",\"contentUrl\":\"https:\\\/\\\/avrupatv.eu\\\/wp-content\\\/uploads\\\/2023\\\/10\\\/cropped-thumbnail_logo.png\",\"width\":1025,\"height\":302,\"caption\":\"Avrupa Haber\"},\"image\":{\"@id\":\"https:\\\/\\\/avrupatv.eu\\\/#\\\/schema\\\/logo\\\/image\\\/\"}},{\"@type\":\"Person\",\"@id\":\"https:\\\/\\\/avrupatv.eu\\\/#\\\/schema\\\/person\\\/78736cdceb592a03a0c781effacf0347\",\"name\":\"Emir Ke\u015fan\",\"image\":{\"@type\":\"ImageObject\",\"inLanguage\":\"tr\",\"@id\":\"https:\\\/\\\/secure.gravatar.com\\\/avatar\\\/dbd51b3ecda9841889c4e1bc514a788c653084f523fdf150dbafa993878140b4?s=96&d=mm&r=g\",\"url\":\"https:\\\/\\\/secure.gravatar.com\\\/avatar\\\/dbd51b3ecda9841889c4e1bc514a788c653084f523fdf150dbafa993878140b4?s=96&d=mm&r=g\",\"contentUrl\":\"https:\\\/\\\/secure.gravatar.com\\\/avatar\\\/dbd51b3ecda9841889c4e1bc514a788c653084f523fdf150dbafa993878140b4?s=96&d=mm&r=g\",\"caption\":\"Emir Ke\u015fan\"},\"sameAs\":[\"http:\\\/\\\/www.avrupatv.eu\"],\"url\":\"https:\\\/\\\/avrupatv.eu\\\/index.php\\\/author\\\/emir-kesan\\\/\"}]}<\/script>\n<!-- \/ Yoast SEO plugin. -->","yoast_head_json":{"title":"Seda Sayan yeni projeye haz\u0131rlan\u0131yor. - Avrupal\u0131 T\u00fcrklerin en Yeni Haber Portal\u0131","robots":{"index":"index","follow":"follow","max-snippet":"max-snippet:-1","max-image-preview":"max-image-preview:large","max-video-preview":"max-video-preview:-1"},"canonical":"https:\/\/avrupatv.eu\/index.php\/2023\/12\/03\/seda-sayan-yeni-projeye-hazirlaniyor\/","og_locale":"tr_TR","og_type":"article","og_title":"Seda Sayan yeni projeye haz\u0131rlan\u0131yor. - Avrupal\u0131 T\u00fcrklerin en Yeni Haber Portal\u0131","og_description":"Yeni projesinde iki ba\u015far\u0131l\u0131 isimle \u00e7al\u0131\u015fan Sayan\u2019\u0131n prod\u00fckt\u00f6rl\u00fc\u011f\u00fcn\u00fc Tolga Aykut, aranjesini ise Mustafa Ceceli \u00fcstlendi. G\u00fczel sanat\u00e7\u0131 Seda Sayan yak\u0131nda bomba gibi bir projeyle sevenleriyle bulu\u015facak.","og_url":"https:\/\/avrupatv.eu\/index.php\/2023\/12\/03\/seda-sayan-yeni-projeye-hazirlaniyor\/","og_site_name":"Avrupal\u0131 T\u00fcrklerin en Yeni Haber Portal\u0131","article_published_time":"2023-12-03T11:44:12+00:00","article_modified_time":"2023-12-03T11:45:25+00:00","og_image":[{"width":750,"height":738,"url":"https:\/\/avrupatv.eu\/wp-content\/uploads\/2023\/12\/CEB5F7FA-50A1-4D7E-9069-D46EECE8EA17.jpeg","type":"image\/jpeg"}],"author":"Emir Ke\u015fan","twitter_card":"summary_large_image","twitter_misc":{"Yazan:":"Emir Ke\u015fan"},"schema":{"@context":"https:\/\/schema.org","@graph":[{"@type":"Article","@id":"https:\/\/avrupatv.eu\/index.php\/2023\/12\/03\/seda-sayan-yeni-projeye-hazirlaniyor\/#article","isPartOf":{"@id":"https:\/\/avrupatv.eu\/index.php\/2023\/12\/03\/seda-sayan-yeni-projeye-hazirlaniyor\/"},"author":{"name":"Emir Ke\u015fan","@id":"https:\/\/avrupatv.eu\/#\/schema\/person\/78736cdceb592a03a0c781effacf0347"},"headline":"Seda Sayan yeni projeye haz\u0131rlan\u0131yor.","datePublished":"2023-12-03T11:44:12+00:00","dateModified":"2023-12-03T11:45:25+00:00","mainEntityOfPage":{"@id":"https:\/\/avrupatv.eu\/index.php\/2023\/12\/03\/seda-sayan-yeni-projeye-hazirlaniyor\/"},"wordCount":43,"commentCount":0,"publisher":{"@id":"https:\/\/avrupatv.eu\/#organization"},"image":{"@id":"https:\/\/avrupatv.eu\/index.php\/2023\/12\/03\/seda-sayan-yeni-projeye-hazirlaniyor\/#primaryimage"},"thumbnailUrl":"https:\/\/avrupatv.eu\/wp-content\/uploads\/2023\/12\/CEB5F7FA-50A1-4D7E-9069-D46EECE8EA17.jpeg","keywords":["mustafaceceli","Sedasayan","tolgaaykut"],"articleSection":["Blog","G\u00fcndem","Magazin","Magazin T\u00fcrkiye"],"inLanguage":"tr","potentialAction":[{"@type":"CommentAction","name":"Comment","target":["https:\/\/avrupatv.eu\/index.php\/2023\/12\/03\/seda-sayan-yeni-projeye-hazirlaniyor\/#respond"]}]},{"@type":"WebPage","@id":"https:\/\/avrupatv.eu\/index.php\/2023\/12\/03\/seda-sayan-yeni-projeye-hazirlaniyor\/","url":"https:\/\/avrupatv.eu\/index.php\/2023\/12\/03\/seda-sayan-yeni-projeye-hazirlaniyor\/","name":"Seda Sayan yeni projeye haz\u0131rlan\u0131yor. - Avrupal\u0131 T\u00fcrklerin en Yeni Haber Portal\u0131","isPartOf":{"@id":"https:\/\/avrupatv.eu\/#website"},"primaryImageOfPage":{"@id":"https:\/\/avrupatv.eu\/index.php\/2023\/12\/03\/seda-sayan-yeni-projeye-hazirlaniyor\/#primaryimage"},"image":{"@id":"https:\/\/avrupatv.eu\/index.php\/2023\/12\/03\/seda-sayan-yeni-projeye-hazirlaniyor\/#primaryimage"},"thumbnailUrl":"https:\/\/avrupatv.eu\/wp-content\/uploads\/2023\/12\/CEB5F7FA-50A1-4D7E-9069-D46EECE8EA17.jpeg","datePublished":"2023-12-03T11:44:12+00:00","dateModified":"2023-12-03T11:45:25+00:00","breadcrumb":{"@id":"https:\/\/avrupatv.eu\/index.php\/2023\/12\/03\/seda-sayan-yeni-projeye-hazirlaniyor\/#breadcrumb"},"inLanguage":"tr","potentialAction":[{"@type":"ReadAction","target":["https:\/\/avrupatv.eu\/index.php\/2023\/12\/03\/seda-sayan-yeni-projeye-hazirlaniyor\/"]}]},{"@type":"ImageObject","inLanguage":"tr","@id":"https:\/\/avrupatv.eu\/index.php\/2023\/12\/03\/seda-sayan-yeni-projeye-hazirlaniyor\/#primaryimage","url":"https:\/\/avrupatv.eu\/wp-content\/uploads\/2023\/12\/CEB5F7FA-50A1-4D7E-9069-D46EECE8EA17.jpeg","contentUrl":"https:\/\/avrupatv.eu\/wp-content\/uploads\/2023\/12\/CEB5F7FA-50A1-4D7E-9069-D46EECE8EA17.jpeg","width":750,"height":738},{"@type":"BreadcrumbList","@id":"https:\/\/avrupatv.eu\/index.php\/2023\/12\/03\/seda-sayan-yeni-projeye-hazirlaniyor\/#breadcrumb","itemListElement":[{"@type":"ListItem","position":1,"name":"Anasayfa","item":"https:\/\/avrupatv.eu\/"},{"@type":"ListItem","position":2,"name":"Seda Sayan yeni projeye haz\u0131rlan\u0131yor."}]},{"@type":"WebSite","@id":"https:\/\/avrupatv.eu\/#website","url":"https:\/\/avrupatv.eu\/","name":"Avrupal\u0131 T\u00fcrklerin en Yeni Haber Portal\u0131","description":"","publisher":{"@id":"https:\/\/avrupatv.eu\/#organization"},"alternateName":"Avrupa tv","potentialAction":[{"@type":"SearchAction","target":{"@type":"EntryPoint","urlTemplate":"https:\/\/avrupatv.eu\/?s={search_term_string}"},"query-input":{"@type":"PropertyValueSpecification","valueRequired":true,"valueName":"search_term_string"}}],"inLanguage":"tr"},{"@type":"Organization","@id":"https:\/\/avrupatv.eu\/#organization","name":"Avrupa Haber","url":"https:\/\/avrupatv.eu\/","logo":{"@type":"ImageObject","inLanguage":"tr","@id":"https:\/\/avrupatv.eu\/#\/schema\/logo\/image\/","url":"https:\/\/avrupatv.eu\/wp-content\/uploads\/2023\/10\/cropped-thumbnail_logo.png","contentUrl":"https:\/\/avrupatv.eu\/wp-content\/uploads\/2023\/10\/cropped-thumbnail_logo.png","width":1025,"height":302,"caption":"Avrupa Haber"},"image":{"@id":"https:\/\/avrupatv.eu\/#\/schema\/logo\/image\/"}},{"@type":"Person","@id":"https:\/\/avrupatv.eu\/#\/schema\/person\/78736cdceb592a03a0c781effacf0347","name":"Emir Ke\u015fan","image":{"@type":"ImageObject","inLanguage":"tr","@id":"https:\/\/secure.gravatar.com\/avatar\/dbd51b3ecda9841889c4e1bc514a788c653084f523fdf150dbafa993878140b4?s=96&d=mm&r=g","url":"https:\/\/secure.gravatar.com\/avatar\/dbd51b3ecda9841889c4e1bc514a788c653084f523fdf150dbafa993878140b4?s=96&d=mm&r=g","contentUrl":"https:\/\/secure.gravatar.com\/avatar\/dbd51b3ecda9841889c4e1bc514a788c653084f523fdf150dbafa993878140b4?s=96&d=mm&r=g","caption":"Emir Ke\u015fan"},"sameAs":["http:\/\/www.avrupatv.eu"],"url":"https:\/\/avrupatv.eu\/index.php\/author\/emir-kesan\/"}]}},"_links":{"self":[{"href":"https:\/\/avrupatv.eu\/index.php\/wp-json\/wp\/v2\/posts\/273","targetHints":{"allow":["GET"]}}],"collection":[{"href":"https:\/\/avrupatv.eu\/index.php\/wp-json\/wp\/v2\/posts"}],"about":[{"href":"https:\/\/avrupatv.eu\/index.php\/wp-json\/wp\/v2\/types\/post"}],"author":[{"embeddable":true,"href":"https:\/\/avrupatv.eu\/index.php\/wp-json\/wp\/v2\/users\/3"}],"replies":[{"embeddable":true,"href":"https:\/\/avrupatv.eu\/index.php\/wp-json\/wp\/v2\/comments?post=273"}],"version-history":[{"count":1,"href":"https:\/\/avrupatv.eu\/index.php\/wp-json\/wp\/v2\/posts\/273\/revisions"}],"predecessor-version":[{"id":274,"href":"https:\/\/avrupatv.eu\/index.php\/wp-json\/wp\/v2\/posts\/273\/revisions\/274"}],"wp:featuredmedia":[{"embeddable":true,"href":"https:\/\/avrupatv.eu\/index.php\/wp-json\/wp\/v2\/media\/275"}],"wp:attachment":[{"href":"https:\/\/avrupatv.eu\/index.php\/wp-json\/wp\/v2\/media?parent=273"}],"wp:term":[{"taxonomy":"category","embeddable":true,"href":"https:\/\/avrupatv.eu\/index.php\/wp-json\/wp\/v2\/categories?post=273"},{"taxonomy":"post_tag","embeddable":true,"href":"https:\/\/avrupatv.eu\/index.php\/wp-json\/wp\/v2\/tags?post=273"}],"curies":[{"name":"wp","href":"https:\/\/api.w.org\/{rel}","templated":true}]}}