{"id":261,"date":"2023-12-01T14:14:45","date_gmt":"2023-12-01T14:14:45","guid":{"rendered":"https:\/\/avrupatv.eu\/?p=261"},"modified":"2023-12-01T14:20:12","modified_gmt":"2023-12-01T14:20:12","slug":"5-gece-m-akif-ersoy-sunumuyla-haberturk-de","status":"publish","type":"post","link":"https:\/\/avrupatv.eu\/index.php\/2023\/12\/01\/5-gece-m-akif-ersoy-sunumuyla-haberturk-de\/","title":{"rendered":"5.GECE M.AK\u0130F ERSOY SUNUMUYLA HABERT\u00dcRK \u2018DE"},"content":{"rendered":"\n<p>Mehmet Akif Ersoy \u2018un sunumuyla her cuma 21:00\u2019de Haber T\u00fcrk ekranlar\u0131nda olacak. Mahzen Media yap\u0131mc\u0131l\u0131\u011f\u0131n\u0131 \u00fcstlendi\u011fi program merak uyand\u0131rd\u0131.<\/p>\n\n\n\n<p>Programda kahkaha, g\u00fcndem, sohbet, m\u00fczik \u015f\u00f6leni ve oyunlarda yer alacak. Deyim yerindeyse yepyeni yeni nesil Talk Show sizleri bekliyor olacak. <\/p>\n","protected":false},"excerpt":{"rendered":"<p>Mehmet Akif Ersoy \u2018un sunumuyla her cuma 21:00\u2019de Haber T\u00fcrk ekranlar\u0131nda olacak. Mahzen Media yap\u0131mc\u0131l\u0131\u011f\u0131n\u0131 \u00fcstlendi\u011fi program merak uyand\u0131rd\u0131. Programda kahkaha, g\u00fcndem, sohbet, m\u00fczik \u015f\u00f6leni ve oyunlarda yer alacak. Deyim yerindeyse yepyeni yeni nesil Talk Show sizleri bekliyor olacak.<\/p>\n","protected":false},"author":3,"featured_media":262,"comment_status":"open","ping_status":"open","sticky":false,"template":"","format":"standard","meta":{"footnotes":""},"categories":[8,16,20],"tags":[43,44,45,42],"class_list":["post-261","post","type-post","status-publish","format-standard","has-post-thumbnail","hentry","category-gundem","category-magazin","category-magazin-turkiye","tag-5-gece","tag-haberturk","tag-mahzenmedia","tag-mehmetakifersoy"],"yoast_head":"<!-- This site is optimized with the Yoast SEO plugin v27.4 - https:\/\/yoast.com\/product\/yoast-seo-wordpress\/ -->\n<title>5.GECE M.AK\u0130F ERSOY SUNUMUYLA HABERT\u00dcRK \u2018DE - Avrupal\u0131 T\u00fcrklerin en Yeni Haber Portal\u0131<\/title>\n<meta name=\"robots\" content=\"index, follow, max-snippet:-1, max-image-preview:large, max-video-preview:-1\" \/>\n<link rel=\"canonical\" href=\"https:\/\/avrupatv.eu\/index.php\/2023\/12\/01\/5-gece-m-akif-ersoy-sunumuyla-haberturk-de\/\" \/>\n<meta property=\"og:locale\" content=\"tr_TR\" \/>\n<meta property=\"og:type\" content=\"article\" \/>\n<meta property=\"og:title\" content=\"5.GECE M.AK\u0130F ERSOY SUNUMUYLA HABERT\u00dcRK \u2018DE - Avrupal\u0131 T\u00fcrklerin en Yeni Haber Portal\u0131\" \/>\n<meta property=\"og:description\" content=\"Mehmet Akif Ersoy \u2018un sunumuyla her cuma 21:00\u2019de Haber T\u00fcrk ekranlar\u0131nda olacak. Mahzen Media yap\u0131mc\u0131l\u0131\u011f\u0131n\u0131 \u00fcstlendi\u011fi program merak uyand\u0131rd\u0131. Programda kahkaha, g\u00fcndem, sohbet, m\u00fczik \u015f\u00f6leni ve oyunlarda yer alacak. Deyim yerindeyse yepyeni yeni nesil Talk Show sizleri bekliyor olacak.\" \/>\n<meta property=\"og:url\" content=\"https:\/\/avrupatv.eu\/index.php\/2023\/12\/01\/5-gece-m-akif-ersoy-sunumuyla-haberturk-de\/\" \/>\n<meta property=\"og:site_name\" content=\"Avrupal\u0131 T\u00fcrklerin en Yeni Haber Portal\u0131\" \/>\n<meta property=\"article:published_time\" content=\"2023-12-01T14:14:45+00:00\" \/>\n<meta property=\"article:modified_time\" content=\"2023-12-01T14:20:12+00:00\" \/>\n<meta property=\"og:image\" content=\"https:\/\/avrupatv.eu\/wp-content\/uploads\/2023\/12\/B0FD1948-D9A7-4F96-ADC0-53254AE421DF.jpeg\" \/>\n\t<meta property=\"og:image:width\" content=\"671\" \/>\n\t<meta property=\"og:image:height\" content=\"678\" \/>\n\t<meta property=\"og:image:type\" content=\"image\/jpeg\" \/>\n<meta name=\"author\" content=\"Emir Ke\u015fan\" \/>\n<meta name=\"twitter:card\" content=\"summary_large_image\" \/>\n<meta name=\"twitter:label1\" content=\"Yazan:\" \/>\n\t<meta name=\"twitter:data1\" content=\"Emir Ke\u015fan\" \/>\n<script type=\"application\/ld+json\" class=\"yoast-schema-graph\">{\"@context\":\"https:\\\/\\\/schema.org\",\"@graph\":[{\"@type\":\"Article\",\"@id\":\"https:\\\/\\\/avrupatv.eu\\\/index.php\\\/2023\\\/12\\\/01\\\/5-gece-m-akif-ersoy-sunumuyla-haberturk-de\\\/#article\",\"isPartOf\":{\"@id\":\"https:\\\/\\\/avrupatv.eu\\\/index.php\\\/2023\\\/12\\\/01\\\/5-gece-m-akif-ersoy-sunumuyla-haberturk-de\\\/\"},\"author\":{\"name\":\"Emir Ke\u015fan\",\"@id\":\"https:\\\/\\\/avrupatv.eu\\\/#\\\/schema\\\/person\\\/78736cdceb592a03a0c781effacf0347\"},\"headline\":\"5.GECE M.AK\u0130F ERSOY SUNUMUYLA HABERT\u00dcRK \u2018DE\",\"datePublished\":\"2023-12-01T14:14:45+00:00\",\"dateModified\":\"2023-12-01T14:20:12+00:00\",\"mainEntityOfPage\":{\"@id\":\"https:\\\/\\\/avrupatv.eu\\\/index.php\\\/2023\\\/12\\\/01\\\/5-gece-m-akif-ersoy-sunumuyla-haberturk-de\\\/\"},\"wordCount\":57,\"commentCount\":0,\"publisher\":{\"@id\":\"https:\\\/\\\/avrupatv.eu\\\/#organization\"},\"image\":{\"@id\":\"https:\\\/\\\/avrupatv.eu\\\/index.php\\\/2023\\\/12\\\/01\\\/5-gece-m-akif-ersoy-sunumuyla-haberturk-de\\\/#primaryimage\"},\"thumbnailUrl\":\"https:\\\/\\\/avrupatv.eu\\\/wp-content\\\/uploads\\\/2023\\\/12\\\/B0FD1948-D9A7-4F96-ADC0-53254AE421DF.jpeg\",\"keywords\":[\"5.gece\",\"Habert\u00fcrk\",\"Mahzenmedia\",\"Mehmetakifersoy\"],\"articleSection\":[\"G\u00fcndem\",\"Magazin\",\"Magazin T\u00fcrkiye\"],\"inLanguage\":\"tr\",\"potentialAction\":[{\"@type\":\"CommentAction\",\"name\":\"Comment\",\"target\":[\"https:\\\/\\\/avrupatv.eu\\\/index.php\\\/2023\\\/12\\\/01\\\/5-gece-m-akif-ersoy-sunumuyla-haberturk-de\\\/#respond\"]}]},{\"@type\":\"WebPage\",\"@id\":\"https:\\\/\\\/avrupatv.eu\\\/index.php\\\/2023\\\/12\\\/01\\\/5-gece-m-akif-ersoy-sunumuyla-haberturk-de\\\/\",\"url\":\"https:\\\/\\\/avrupatv.eu\\\/index.php\\\/2023\\\/12\\\/01\\\/5-gece-m-akif-ersoy-sunumuyla-haberturk-de\\\/\",\"name\":\"5.GECE M.AK\u0130F ERSOY SUNUMUYLA HABERT\u00dcRK \u2018DE - Avrupal\u0131 T\u00fcrklerin en Yeni Haber Portal\u0131\",\"isPartOf\":{\"@id\":\"https:\\\/\\\/avrupatv.eu\\\/#website\"},\"primaryImageOfPage\":{\"@id\":\"https:\\\/\\\/avrupatv.eu\\\/index.php\\\/2023\\\/12\\\/01\\\/5-gece-m-akif-ersoy-sunumuyla-haberturk-de\\\/#primaryimage\"},\"image\":{\"@id\":\"https:\\\/\\\/avrupatv.eu\\\/index.php\\\/2023\\\/12\\\/01\\\/5-gece-m-akif-ersoy-sunumuyla-haberturk-de\\\/#primaryimage\"},\"thumbnailUrl\":\"https:\\\/\\\/avrupatv.eu\\\/wp-content\\\/uploads\\\/2023\\\/12\\\/B0FD1948-D9A7-4F96-ADC0-53254AE421DF.jpeg\",\"datePublished\":\"2023-12-01T14:14:45+00:00\",\"dateModified\":\"2023-12-01T14:20:12+00:00\",\"breadcrumb\":{\"@id\":\"https:\\\/\\\/avrupatv.eu\\\/index.php\\\/2023\\\/12\\\/01\\\/5-gece-m-akif-ersoy-sunumuyla-haberturk-de\\\/#breadcrumb\"},\"inLanguage\":\"tr\",\"potentialAction\":[{\"@type\":\"ReadAction\",\"target\":[\"https:\\\/\\\/avrupatv.eu\\\/index.php\\\/2023\\\/12\\\/01\\\/5-gece-m-akif-ersoy-sunumuyla-haberturk-de\\\/\"]}]},{\"@type\":\"ImageObject\",\"inLanguage\":\"tr\",\"@id\":\"https:\\\/\\\/avrupatv.eu\\\/index.php\\\/2023\\\/12\\\/01\\\/5-gece-m-akif-ersoy-sunumuyla-haberturk-de\\\/#primaryimage\",\"url\":\"https:\\\/\\\/avrupatv.eu\\\/wp-content\\\/uploads\\\/2023\\\/12\\\/B0FD1948-D9A7-4F96-ADC0-53254AE421DF.jpeg\",\"contentUrl\":\"https:\\\/\\\/avrupatv.eu\\\/wp-content\\\/uploads\\\/2023\\\/12\\\/B0FD1948-D9A7-4F96-ADC0-53254AE421DF.jpeg\",\"width\":671,\"height\":678},{\"@type\":\"BreadcrumbList\",\"@id\":\"https:\\\/\\\/avrupatv.eu\\\/index.php\\\/2023\\\/12\\\/01\\\/5-gece-m-akif-ersoy-sunumuyla-haberturk-de\\\/#breadcrumb\",\"itemListElement\":[{\"@type\":\"ListItem\",\"position\":1,\"name\":\"Anasayfa\",\"item\":\"https:\\\/\\\/avrupatv.eu\\\/\"},{\"@type\":\"ListItem\",\"position\":2,\"name\":\"5.GECE M.AK\u0130F ERSOY SUNUMUYLA HABERT\u00dcRK \u2018DE\"}]},{\"@type\":\"WebSite\",\"@id\":\"https:\\\/\\\/avrupatv.eu\\\/#website\",\"url\":\"https:\\\/\\\/avrupatv.eu\\\/\",\"name\":\"Avrupal\u0131 T\u00fcrklerin en Yeni Haber Portal\u0131\",\"description\":\"\",\"publisher\":{\"@id\":\"https:\\\/\\\/avrupatv.eu\\\/#organization\"},\"alternateName\":\"Avrupa tv\",\"potentialAction\":[{\"@type\":\"SearchAction\",\"target\":{\"@type\":\"EntryPoint\",\"urlTemplate\":\"https:\\\/\\\/avrupatv.eu\\\/?s={search_term_string}\"},\"query-input\":{\"@type\":\"PropertyValueSpecification\",\"valueRequired\":true,\"valueName\":\"search_term_string\"}}],\"inLanguage\":\"tr\"},{\"@type\":\"Organization\",\"@id\":\"https:\\\/\\\/avrupatv.eu\\\/#organization\",\"name\":\"Avrupa Haber\",\"url\":\"https:\\\/\\\/avrupatv.eu\\\/\",\"logo\":{\"@type\":\"ImageObject\",\"inLanguage\":\"tr\",\"@id\":\"https:\\\/\\\/avrupatv.eu\\\/#\\\/schema\\\/logo\\\/image\\\/\",\"url\":\"https:\\\/\\\/avrupatv.eu\\\/wp-content\\\/uploads\\\/2023\\\/10\\\/cropped-thumbnail_logo.png\",\"contentUrl\":\"https:\\\/\\\/avrupatv.eu\\\/wp-content\\\/uploads\\\/2023\\\/10\\\/cropped-thumbnail_logo.png\",\"width\":1025,\"height\":302,\"caption\":\"Avrupa Haber\"},\"image\":{\"@id\":\"https:\\\/\\\/avrupatv.eu\\\/#\\\/schema\\\/logo\\\/image\\\/\"}},{\"@type\":\"Person\",\"@id\":\"https:\\\/\\\/avrupatv.eu\\\/#\\\/schema\\\/person\\\/78736cdceb592a03a0c781effacf0347\",\"name\":\"Emir Ke\u015fan\",\"image\":{\"@type\":\"ImageObject\",\"inLanguage\":\"tr\",\"@id\":\"https:\\\/\\\/secure.gravatar.com\\\/avatar\\\/dbd51b3ecda9841889c4e1bc514a788c653084f523fdf150dbafa993878140b4?s=96&d=mm&r=g\",\"url\":\"https:\\\/\\\/secure.gravatar.com\\\/avatar\\\/dbd51b3ecda9841889c4e1bc514a788c653084f523fdf150dbafa993878140b4?s=96&d=mm&r=g\",\"contentUrl\":\"https:\\\/\\\/secure.gravatar.com\\\/avatar\\\/dbd51b3ecda9841889c4e1bc514a788c653084f523fdf150dbafa993878140b4?s=96&d=mm&r=g\",\"caption\":\"Emir Ke\u015fan\"},\"sameAs\":[\"http:\\\/\\\/www.avrupatv.eu\"],\"url\":\"https:\\\/\\\/avrupatv.eu\\\/index.php\\\/author\\\/emir-kesan\\\/\"}]}<\/script>\n<!-- \/ Yoast SEO plugin. -->","yoast_head_json":{"title":"5.GECE M.AK\u0130F ERSOY SUNUMUYLA HABERT\u00dcRK \u2018DE - Avrupal\u0131 T\u00fcrklerin en Yeni Haber Portal\u0131","robots":{"index":"index","follow":"follow","max-snippet":"max-snippet:-1","max-image-preview":"max-image-preview:large","max-video-preview":"max-video-preview:-1"},"canonical":"https:\/\/avrupatv.eu\/index.php\/2023\/12\/01\/5-gece-m-akif-ersoy-sunumuyla-haberturk-de\/","og_locale":"tr_TR","og_type":"article","og_title":"5.GECE M.AK\u0130F ERSOY SUNUMUYLA HABERT\u00dcRK \u2018DE - Avrupal\u0131 T\u00fcrklerin en Yeni Haber Portal\u0131","og_description":"Mehmet Akif Ersoy \u2018un sunumuyla her cuma 21:00\u2019de Haber T\u00fcrk ekranlar\u0131nda olacak. Mahzen Media yap\u0131mc\u0131l\u0131\u011f\u0131n\u0131 \u00fcstlendi\u011fi program merak uyand\u0131rd\u0131. Programda kahkaha, g\u00fcndem, sohbet, m\u00fczik \u015f\u00f6leni ve oyunlarda yer alacak. Deyim yerindeyse yepyeni yeni nesil Talk Show sizleri bekliyor olacak.","og_url":"https:\/\/avrupatv.eu\/index.php\/2023\/12\/01\/5-gece-m-akif-ersoy-sunumuyla-haberturk-de\/","og_site_name":"Avrupal\u0131 T\u00fcrklerin en Yeni Haber Portal\u0131","article_published_time":"2023-12-01T14:14:45+00:00","article_modified_time":"2023-12-01T14:20:12+00:00","og_image":[{"width":671,"height":678,"url":"https:\/\/avrupatv.eu\/wp-content\/uploads\/2023\/12\/B0FD1948-D9A7-4F96-ADC0-53254AE421DF.jpeg","type":"image\/jpeg"}],"author":"Emir Ke\u015fan","twitter_card":"summary_large_image","twitter_misc":{"Yazan:":"Emir Ke\u015fan"},"schema":{"@context":"https:\/\/schema.org","@graph":[{"@type":"Article","@id":"https:\/\/avrupatv.eu\/index.php\/2023\/12\/01\/5-gece-m-akif-ersoy-sunumuyla-haberturk-de\/#article","isPartOf":{"@id":"https:\/\/avrupatv.eu\/index.php\/2023\/12\/01\/5-gece-m-akif-ersoy-sunumuyla-haberturk-de\/"},"author":{"name":"Emir Ke\u015fan","@id":"https:\/\/avrupatv.eu\/#\/schema\/person\/78736cdceb592a03a0c781effacf0347"},"headline":"5.GECE M.AK\u0130F ERSOY SUNUMUYLA HABERT\u00dcRK \u2018DE","datePublished":"2023-12-01T14:14:45+00:00","dateModified":"2023-12-01T14:20:12+00:00","mainEntityOfPage":{"@id":"https:\/\/avrupatv.eu\/index.php\/2023\/12\/01\/5-gece-m-akif-ersoy-sunumuyla-haberturk-de\/"},"wordCount":57,"commentCount":0,"publisher":{"@id":"https:\/\/avrupatv.eu\/#organization"},"image":{"@id":"https:\/\/avrupatv.eu\/index.php\/2023\/12\/01\/5-gece-m-akif-ersoy-sunumuyla-haberturk-de\/#primaryimage"},"thumbnailUrl":"https:\/\/avrupatv.eu\/wp-content\/uploads\/2023\/12\/B0FD1948-D9A7-4F96-ADC0-53254AE421DF.jpeg","keywords":["5.gece","Habert\u00fcrk","Mahzenmedia","Mehmetakifersoy"],"articleSection":["G\u00fcndem","Magazin","Magazin T\u00fcrkiye"],"inLanguage":"tr","potentialAction":[{"@type":"CommentAction","name":"Comment","target":["https:\/\/avrupatv.eu\/index.php\/2023\/12\/01\/5-gece-m-akif-ersoy-sunumuyla-haberturk-de\/#respond"]}]},{"@type":"WebPage","@id":"https:\/\/avrupatv.eu\/index.php\/2023\/12\/01\/5-gece-m-akif-ersoy-sunumuyla-haberturk-de\/","url":"https:\/\/avrupatv.eu\/index.php\/2023\/12\/01\/5-gece-m-akif-ersoy-sunumuyla-haberturk-de\/","name":"5.GECE M.AK\u0130F ERSOY SUNUMUYLA HABERT\u00dcRK \u2018DE - Avrupal\u0131 T\u00fcrklerin en Yeni Haber Portal\u0131","isPartOf":{"@id":"https:\/\/avrupatv.eu\/#website"},"primaryImageOfPage":{"@id":"https:\/\/avrupatv.eu\/index.php\/2023\/12\/01\/5-gece-m-akif-ersoy-sunumuyla-haberturk-de\/#primaryimage"},"image":{"@id":"https:\/\/avrupatv.eu\/index.php\/2023\/12\/01\/5-gece-m-akif-ersoy-sunumuyla-haberturk-de\/#primaryimage"},"thumbnailUrl":"https:\/\/avrupatv.eu\/wp-content\/uploads\/2023\/12\/B0FD1948-D9A7-4F96-ADC0-53254AE421DF.jpeg","datePublished":"2023-12-01T14:14:45+00:00","dateModified":"2023-12-01T14:20:12+00:00","breadcrumb":{"@id":"https:\/\/avrupatv.eu\/index.php\/2023\/12\/01\/5-gece-m-akif-ersoy-sunumuyla-haberturk-de\/#breadcrumb"},"inLanguage":"tr","potentialAction":[{"@type":"ReadAction","target":["https:\/\/avrupatv.eu\/index.php\/2023\/12\/01\/5-gece-m-akif-ersoy-sunumuyla-haberturk-de\/"]}]},{"@type":"ImageObject","inLanguage":"tr","@id":"https:\/\/avrupatv.eu\/index.php\/2023\/12\/01\/5-gece-m-akif-ersoy-sunumuyla-haberturk-de\/#primaryimage","url":"https:\/\/avrupatv.eu\/wp-content\/uploads\/2023\/12\/B0FD1948-D9A7-4F96-ADC0-53254AE421DF.jpeg","contentUrl":"https:\/\/avrupatv.eu\/wp-content\/uploads\/2023\/12\/B0FD1948-D9A7-4F96-ADC0-53254AE421DF.jpeg","width":671,"height":678},{"@type":"BreadcrumbList","@id":"https:\/\/avrupatv.eu\/index.php\/2023\/12\/01\/5-gece-m-akif-ersoy-sunumuyla-haberturk-de\/#breadcrumb","itemListElement":[{"@type":"ListItem","position":1,"name":"Anasayfa","item":"https:\/\/avrupatv.eu\/"},{"@type":"ListItem","position":2,"name":"5.GECE M.AK\u0130F ERSOY SUNUMUYLA HABERT\u00dcRK \u2018DE"}]},{"@type":"WebSite","@id":"https:\/\/avrupatv.eu\/#website","url":"https:\/\/avrupatv.eu\/","name":"Avrupal\u0131 T\u00fcrklerin en Yeni Haber Portal\u0131","description":"","publisher":{"@id":"https:\/\/avrupatv.eu\/#organization"},"alternateName":"Avrupa tv","potentialAction":[{"@type":"SearchAction","target":{"@type":"EntryPoint","urlTemplate":"https:\/\/avrupatv.eu\/?s={search_term_string}"},"query-input":{"@type":"PropertyValueSpecification","valueRequired":true,"valueName":"search_term_string"}}],"inLanguage":"tr"},{"@type":"Organization","@id":"https:\/\/avrupatv.eu\/#organization","name":"Avrupa Haber","url":"https:\/\/avrupatv.eu\/","logo":{"@type":"ImageObject","inLanguage":"tr","@id":"https:\/\/avrupatv.eu\/#\/schema\/logo\/image\/","url":"https:\/\/avrupatv.eu\/wp-content\/uploads\/2023\/10\/cropped-thumbnail_logo.png","contentUrl":"https:\/\/avrupatv.eu\/wp-content\/uploads\/2023\/10\/cropped-thumbnail_logo.png","width":1025,"height":302,"caption":"Avrupa Haber"},"image":{"@id":"https:\/\/avrupatv.eu\/#\/schema\/logo\/image\/"}},{"@type":"Person","@id":"https:\/\/avrupatv.eu\/#\/schema\/person\/78736cdceb592a03a0c781effacf0347","name":"Emir Ke\u015fan","image":{"@type":"ImageObject","inLanguage":"tr","@id":"https:\/\/secure.gravatar.com\/avatar\/dbd51b3ecda9841889c4e1bc514a788c653084f523fdf150dbafa993878140b4?s=96&d=mm&r=g","url":"https:\/\/secure.gravatar.com\/avatar\/dbd51b3ecda9841889c4e1bc514a788c653084f523fdf150dbafa993878140b4?s=96&d=mm&r=g","contentUrl":"https:\/\/secure.gravatar.com\/avatar\/dbd51b3ecda9841889c4e1bc514a788c653084f523fdf150dbafa993878140b4?s=96&d=mm&r=g","caption":"Emir Ke\u015fan"},"sameAs":["http:\/\/www.avrupatv.eu"],"url":"https:\/\/avrupatv.eu\/index.php\/author\/emir-kesan\/"}]}},"_links":{"self":[{"href":"https:\/\/avrupatv.eu\/index.php\/wp-json\/wp\/v2\/posts\/261","targetHints":{"allow":["GET"]}}],"collection":[{"href":"https:\/\/avrupatv.eu\/index.php\/wp-json\/wp\/v2\/posts"}],"about":[{"href":"https:\/\/avrupatv.eu\/index.php\/wp-json\/wp\/v2\/types\/post"}],"author":[{"embeddable":true,"href":"https:\/\/avrupatv.eu\/index.php\/wp-json\/wp\/v2\/users\/3"}],"replies":[{"embeddable":true,"href":"https:\/\/avrupatv.eu\/index.php\/wp-json\/wp\/v2\/comments?post=261"}],"version-history":[{"count":3,"href":"https:\/\/avrupatv.eu\/index.php\/wp-json\/wp\/v2\/posts\/261\/revisions"}],"predecessor-version":[{"id":266,"href":"https:\/\/avrupatv.eu\/index.php\/wp-json\/wp\/v2\/posts\/261\/revisions\/266"}],"wp:featuredmedia":[{"embeddable":true,"href":"https:\/\/avrupatv.eu\/index.php\/wp-json\/wp\/v2\/media\/262"}],"wp:attachment":[{"href":"https:\/\/avrupatv.eu\/index.php\/wp-json\/wp\/v2\/media?parent=261"}],"wp:term":[{"taxonomy":"category","embeddable":true,"href":"https:\/\/avrupatv.eu\/index.php\/wp-json\/wp\/v2\/categories?post=261"},{"taxonomy":"post_tag","embeddable":true,"href":"https:\/\/avrupatv.eu\/index.php\/wp-json\/wp\/v2\/tags?post=261"}],"curies":[{"name":"wp","href":"https:\/\/api.w.org\/{rel}","templated":true}]}}