{"id":258,"date":"2023-11-29T23:08:51","date_gmt":"2023-11-29T23:08:51","guid":{"rendered":"https:\/\/avrupatv.eu\/?p=258"},"modified":"2023-11-29T23:08:52","modified_gmt":"2023-11-29T23:08:52","slug":"cumhurbaskani-erdogan-netanyahu-adini-tarihe-gazze-kasabi-olarak-yazdirmistir","status":"publish","type":"post","link":"https:\/\/avrupatv.eu\/index.php\/2023\/11\/29\/cumhurbaskani-erdogan-netanyahu-adini-tarihe-gazze-kasabi-olarak-yazdirmistir\/","title":{"rendered":"Cumhurba\u015fkan\u0131 Erdo\u011fan: Netanyahu ad\u0131n\u0131 tarihe &#8216;Gazze kasab\u0131&#8217; olarak yazd\u0131rm\u0131\u015ft\u0131r"},"content":{"rendered":"\n<p>Cumhurba\u015fkan\u0131 Recep Tayyip Erdo\u011fan, &#8220;Gazze&#8217;de son asr\u0131n en b\u00fcy\u00fck mezalimlerinden birini yapan Netanyahu, ad\u0131n\u0131 tarihe \u015fimdiden &#8216;Gazze kasab\u0131&#8217; olarak yazd\u0131rm\u0131\u015ft\u0131r. Bu kara leke sadece Netanyahu&#8217;nun de\u011fil ona ko\u015fulsuz destek veren herkesin aln\u0131na yap\u0131\u015fm\u0131\u015ft\u0131r. Bu utan\u00e7 lekesi hi\u00e7bir zaman temizlenmeyecektir&#8221; dedi.<\/p>\n\n\n\n<p>Cumhurba\u015fkan\u0131 ve\u00a0<a href=\"https:\/\/www.dha.com.tr\/haberleri\/ak-parti\" target=\"_blank\" rel=\"noreferrer noopener\">AK Parti<\/a>\u00a0Genel Ba\u015fkan\u0131 Recep Tayyip Erdo\u011fan, TBMM&#8217;de partisinin grup toplant\u0131s\u0131nda konu\u015ftu.\u00a0Erdo\u011fan, \u0130srail&#8217;in Gazze&#8217;ye y\u00f6nelik sald\u0131r\u0131lar\u0131na tepki g\u00f6stererek, &#8220;Gazzeli karde\u015flerimiz 7 Ekim&#8217;den beri insanl\u0131k tarihinin en kalle\u015f sald\u0131r\u0131lar\u0131na maruz kald\u0131lar. Camileri bombaland\u0131, okullar\u0131 harabeye \u00e7evrildi, hastaneleri yerle yeksan edildi, s\u0131\u011f\u0131nd\u0131klar\u0131 m\u00fclteci kamplar\u0131 bilin\u00e7li \u015fekilde hedef al\u0131nd\u0131. Analar\u0131n\u0131n \u00f6p\u00fcp koklamaya k\u0131yamad\u0131klar\u0131 sabiler hunharca katledildi. G\u0131das\u0131n\u0131, yak\u0131t\u0131n\u0131, ekme\u011fini, suyunu, ileti\u015fimini kesip 360 kilometrekarelik a\u00e7\u0131k hava hapishanesine s\u0131k\u0131\u015ft\u0131rd\u0131klar\u0131 2 milyon 300 bin insana adeta soyk\u0131r\u0131m uygulad\u0131lar. \u0130nsanl\u0131k tarihine kara birer leke olarak ge\u00e7en her t\u00fcrl\u00fc zulm\u00fc yapt\u0131lar. Gazze&#8217;deki \u0130srail zulm\u00fcne maruz kalanlar\u0131n 7 Ekim&#8217;den beri ya\u015fad\u0131klar\u0131 tam bir cehennemdi. Y\u00fczde 70&#8217;den fazlas\u0131 kad\u0131n ve \u00e7ocuk olmak \u00fczere yakla\u015f\u0131k 16 bin Gazzeli karde\u015fimiz \u0130srail&#8217;in sald\u0131r\u0131lar\u0131 sonucunda \u015fehit oldu. 35 binin \u00fczerinde Filistinli karde\u015fimiz yaraland\u0131. Gazze&#8217;deki binalar\u0131n 3&#8217;te 2&#8217;si y\u0131k\u0131ld\u0131 veya tahrip oldu ya da kullan\u0131lamaz hale geldi&#8221; dedi.<\/p>\n\n\n\n<p><strong>&#8216;BATILI \u00dcLKELER\u0130N TEPK\u0130S\u0130ZL\u0130\u011e\u0130N\u0130 UNUTMAYACA\u011eIZ&#8217;<\/strong><\/p>\n\n\n\n<p>Gazze&#8217;deki sa\u011fl\u0131k ve e\u011fitim alt yap\u0131s\u0131n\u0131n tamamen \u00e7\u00f6kt\u00fc\u011f\u00fcn\u00fc belirten Erdo\u011fan, &#8220;Gazze&#8217;de son asr\u0131n en b\u00fcy\u00fck mezalimlerinden birini yapan Netanyahu, ad\u0131n\u0131 tarihe \u015fimdiden &#8216;Gazze kasab\u0131&#8217; olarak yazd\u0131rm\u0131\u015ft\u0131r. Bu kara leke sadece Netanyahu&#8217;nun de\u011fil ona ko\u015fulsuz destek veren herkesin aln\u0131na yap\u0131\u015fm\u0131\u015ft\u0131r. Bu utan\u00e7 lekesi hi\u00e7bir zaman temizlenmeyecektir. Gazze&#8217;de i\u015flenen insanl\u0131k ve sava\u015f su\u00e7lar\u0131n\u0131 da, bir ikisi hari\u00e7 Bat\u0131l\u0131 \u00fclkelerin tepkisizli\u011fini de asla unutmayaca\u011f\u0131z. \u0130srail y\u00f6netiminin insanl\u0131k vicdan\u0131 yan\u0131nda uluslararas\u0131 hukuk \u00f6n\u00fcnde de hesap vermesi i\u00e7in mevcut t\u00fcm yollar\u0131 deneyece\u011fiz. T\u00fcrkiye olarak tarih boyunca oldu\u011fu gibi bug\u00fcn de t\u00fcm imkanlar\u0131m\u0131zla Gazzeli karde\u015flerimizin yan\u0131nday\u0131z. Uluslararas\u0131 temaslar\u0131m\u0131z\u0131n ilk ve en \u00f6nemli konusu Gazze\u2019deki sava\u015ft\u0131r. Son olarak Cezayir seyahatimizde Cumhurba\u015fkan\u0131 Tebbun ile ard\u0131ndan \u00fclkemizi ziyaret eden L\u00fcbnan Ba\u015fbakan\u0131 Say\u0131n Mikati ile bu meseleyi t\u00fcm y\u00f6nleriyle konu\u015ftuk. \u0130spanya Ba\u015fkan\u0131 Say\u0131n Sanchez ile telefon g\u00f6r\u00fc\u015fmemizde Gazze\u2019yi ele ald\u0131k. Bu konudaki dik ve dirayetli duru\u015fu i\u00e7in \u0130spanya\u2019y\u0131 tebrik ediyorum&#8221; dedi.&nbsp;<\/p>\n\n\n\n<p><strong>&#8216;NETANYAHU YAHUD\u0130LER\u0130N G\u00dcVENL\u0130\u011e\u0130N\u0130 DE TEHL\u0130KEYE ATIYOR&#8217;<\/strong><\/p>\n\n\n\n<p>Erdo\u011fan, Gazze i\u00e7in temas trafi\u011fini yo\u011funla\u015ft\u0131rarak s\u00fcrd\u00fcreceklerini bildirerek, &#8220;Cuma g\u00fcn\u00fc ba\u015flayan esir takaslar\u0131n\u0131 ve insani aray\u0131, akan kan\u0131n bir nebze olsun durdurulmas\u0131 bak\u0131m\u0131ndan m\u00fcspet bir geli\u015fme olarak g\u00f6r\u00fcyoruz. Mutabakat\u0131n tesisine katk\u0131 veren t\u00fcm karde\u015f \u00fclkelere te\u015fekk\u00fcr ediyoruz. Gazze\u2019nin ihtiya\u00e7 duydu\u011fu malzemelerin bir k\u0131sm\u0131n\u0131n b\u00f6lgeye ula\u015ft\u0131r\u0131lmas\u0131ndan memnuniyet duyuyoruz. Ancak i\u00e7eri girmesine izin verilen yard\u0131m miktar\u0131 Gazze halk\u0131n\u0131n asgari ihtiya\u00e7lar\u0131n\u0131 kar\u015f\u0131lamaktan \u00e7ok uzakt\u0131r. Netanyahu y\u00f6netiminden gelen a\u00e7\u0131klamalar insani aran\u0131n kal\u0131c\u0131 ate\u015fkese tahvil edilmesi y\u00f6n\u00fcndeki umutlar\u0131m\u0131z\u0131 azaltmaktad\u0131r. \u0130srail, kamuoyu nezdinde iyice k\u00f6\u015feye s\u0131k\u0131\u015fan Netanyahu\u2019nun siyasi \u00f6mr\u00fcn\u00fc uzatmak i\u00e7in daha \u00e7ok kan d\u00f6kmesinin, daha fazla can almas\u0131n\u0131n \u00f6n\u00fcne mutlaka ge\u00e7ilmelidir&#8221; diye konu\u015ftu.&nbsp;<\/p>\n\n\n\n<p><strong>&#8216;TEK B\u0130R VATANDA\u015eIMIZIN&nbsp;BURNUNUN KANAMASINA \u0130Z\u0130N VERMEYECE\u011e\u0130Z&#8217;<\/strong><\/p>\n\n\n\n<p>Erdo\u011fan,&nbsp;Netanyahu&#8217;nun,&nbsp;Gazze\u2019de i\u015fledi\u011fi cinayetlerle antisemitizmi k\u00f6r\u00fckleyerek \u0130srail halk\u0131yla birlikte t\u00fcm Yahudilerin g\u00fcvenli\u011fini tehlikeye att\u0131\u011f\u0131n\u0131 s\u00f6yleyerek, &#8220;D\u00fcnyada antisemitizmle birlikte \u0130slam d\u00fc\u015fmanl\u0131\u011f\u0131&nbsp;da y\u00fckseliyor. Bat\u0131l\u0131 liderlerin Hamas bahanesiyle Filistinlileri \u015feytanla\u015ft\u0131ran sorumsuz s\u00f6ylemlerinin bedelini ise bu \u00fclkelerde ya\u015fayan g\u00f6\u00e7menler \u00f6d\u00fcyor. \u00c7o\u011fu Avrupa\u2019da olmak \u00fczere 7 milyon insan\u0131 yurt d\u0131\u015f\u0131nda ya\u015fayan bir \u00fclke olarak t\u00fcm bu geli\u015fmeleri yak\u0131ndan takip ediyoruz. Tek bir vatanda\u015f\u0131m\u0131z\u0131n dahi burnunun kanamas\u0131na izin vermeyece\u011fiz. G\u00f6z\u00fc d\u00f6nm\u00fc\u015f Netanyahu bu ger\u00e7e\u011fe ra\u011fmen insani aran\u0131n, \u00e7at\u0131\u015fmalar\u0131n sona erdirilmesine yard\u0131mc\u0131 olmas\u0131n\u0131 temenni ediyoruz. Gazzeli karde\u015flerimize y\u00f6nelik insani yard\u0131mlar\u0131m\u0131z devam ediyor. Bug\u00fcne kadar M\u0131s\u0131rl\u0131 karde\u015flerimizle i\u015fbirli\u011fi i\u00e7erisinde 12 u\u00e7ak ve bir gemi dolusu yard\u0131m malzemesini El Ari\u015f\u2019e sevk ettik. Toplam 1500 ton insani yard\u0131m malzemesi ta\u015f\u0131yan 2\u2019nci gemimiz bug\u00fcn yola \u00e7\u0131k\u0131yor. Kanser hastalar\u0131 ve \u00e7ocuklar ba\u015fta olmak \u00fczere yaral\u0131lar\u0131n T\u00fcrkiye\u2019ye intikalini sa\u011flayarak tedavileriyle ilgileniyoruz. Gazze\u2019de kuraca\u011f\u0131m\u0131z sahra hastanelerinin yer tespit \u00e7al\u0131\u015fmalar\u0131 yap\u0131l\u0131yor. Gazze\u2019deki vatanda\u015flar\u0131m\u0131z\u0131n tahliyesini de b\u00fcy\u00fck \u00f6l\u00e7\u00fcde tamamlad\u0131k. \u0130n\u015fallah bundan sonra da giri\u015fimlerimiz \u00e7ok boyutlu olarak s\u00fcrecektir. Rehinelerin sal\u0131verilmesi ve ate\u015fkesin kal\u0131c\u0131 hale gelmesi i\u00e7in temaslar\u0131m\u0131za h\u0131z verece\u011fiz&#8221; dedi.<\/p>\n","protected":false},"excerpt":{"rendered":"<p>Cumhurba\u015fkan\u0131 Recep Tayyip Erdo\u011fan, &#8220;Gazze&#8217;de son asr\u0131n en b\u00fcy\u00fck mezalimlerinden birini yapan Netanyahu, ad\u0131n\u0131 tarihe \u015fimdiden &#8216;Gazze kasab\u0131&#8217; olarak yazd\u0131rm\u0131\u015ft\u0131r. Bu kara leke sadece Netanyahu&#8217;nun de\u011fil ona ko\u015fulsuz destek veren herkesin aln\u0131na yap\u0131\u015fm\u0131\u015ft\u0131r. Bu utan\u00e7 lekesi hi\u00e7bir zaman temizlenmeyecektir&#8221; dedi. Cumhurba\u015fkan\u0131 ve\u00a0AK Parti\u00a0Genel Ba\u015fkan\u0131 Recep Tayyip Erdo\u011fan, TBMM&#8217;de partisinin grup toplant\u0131s\u0131nda konu\u015ftu.\u00a0Erdo\u011fan, \u0130srail&#8217;in Gazze&#8217;ye y\u00f6nelik [&hellip;]<\/p>\n","protected":false},"author":2,"featured_media":259,"comment_status":"open","ping_status":"open","sticky":false,"template":"","format":"standard","meta":{"footnotes":""},"categories":[6,11],"tags":[],"class_list":["post-258","post","type-post","status-publish","format-standard","has-post-thumbnail","hentry","category-dunya","category-turkiye"],"yoast_head":"<!-- This site is optimized with the Yoast SEO plugin v27.4 - https:\/\/yoast.com\/product\/yoast-seo-wordpress\/ -->\n<title>Cumhurba\u015fkan\u0131 Erdo\u011fan: Netanyahu ad\u0131n\u0131 tarihe &#039;Gazze kasab\u0131&#039; olarak yazd\u0131rm\u0131\u015ft\u0131r - Avrupal\u0131 T\u00fcrklerin en Yeni Haber Portal\u0131<\/title>\n<meta name=\"robots\" content=\"index, follow, max-snippet:-1, max-image-preview:large, max-video-preview:-1\" \/>\n<link rel=\"canonical\" href=\"https:\/\/avrupatv.eu\/index.php\/2023\/11\/29\/cumhurbaskani-erdogan-netanyahu-adini-tarihe-gazze-kasabi-olarak-yazdirmistir\/\" \/>\n<meta property=\"og:locale\" content=\"tr_TR\" \/>\n<meta property=\"og:type\" content=\"article\" \/>\n<meta property=\"og:title\" content=\"Cumhurba\u015fkan\u0131 Erdo\u011fan: Netanyahu ad\u0131n\u0131 tarihe &#039;Gazze kasab\u0131&#039; olarak yazd\u0131rm\u0131\u015ft\u0131r - Avrupal\u0131 T\u00fcrklerin en Yeni Haber Portal\u0131\" \/>\n<meta property=\"og:description\" content=\"Cumhurba\u015fkan\u0131 Recep Tayyip Erdo\u011fan, &#8220;Gazze&#8217;de son asr\u0131n en b\u00fcy\u00fck mezalimlerinden birini yapan Netanyahu, ad\u0131n\u0131 tarihe \u015fimdiden &#8216;Gazze kasab\u0131&#8217; olarak yazd\u0131rm\u0131\u015ft\u0131r. Bu kara leke sadece Netanyahu&#8217;nun de\u011fil ona ko\u015fulsuz destek veren herkesin aln\u0131na yap\u0131\u015fm\u0131\u015ft\u0131r. Bu utan\u00e7 lekesi hi\u00e7bir zaman temizlenmeyecektir&#8221; dedi. Cumhurba\u015fkan\u0131 ve\u00a0AK Parti\u00a0Genel Ba\u015fkan\u0131 Recep Tayyip Erdo\u011fan, TBMM&#8217;de partisinin grup toplant\u0131s\u0131nda konu\u015ftu.\u00a0Erdo\u011fan, \u0130srail&#8217;in Gazze&#8217;ye y\u00f6nelik [&hellip;]\" \/>\n<meta property=\"og:url\" content=\"https:\/\/avrupatv.eu\/index.php\/2023\/11\/29\/cumhurbaskani-erdogan-netanyahu-adini-tarihe-gazze-kasabi-olarak-yazdirmistir\/\" \/>\n<meta property=\"og:site_name\" content=\"Avrupal\u0131 T\u00fcrklerin en Yeni Haber Portal\u0131\" \/>\n<meta property=\"article:published_time\" content=\"2023-11-29T23:08:51+00:00\" \/>\n<meta property=\"article:modified_time\" content=\"2023-11-29T23:08:52+00:00\" \/>\n<meta property=\"og:image\" content=\"https:\/\/avrupatv.eu\/wp-content\/uploads\/2023\/11\/656725fd50acca8b440065a3.webp\" \/>\n\t<meta property=\"og:image:width\" content=\"770\" \/>\n\t<meta property=\"og:image:height\" content=\"512\" \/>\n\t<meta property=\"og:image:type\" content=\"image\/webp\" \/>\n<meta name=\"author\" content=\"Onur Akpinar\" \/>\n<meta name=\"twitter:card\" content=\"summary_large_image\" \/>\n<meta name=\"twitter:label1\" content=\"Yazan:\" \/>\n\t<meta name=\"twitter:data1\" content=\"Onur Akpinar\" \/>\n\t<meta name=\"twitter:label2\" content=\"Tahmini okuma s\u00fcresi\" \/>\n\t<meta name=\"twitter:data2\" content=\"4 dakika\" \/>\n<script type=\"application\/ld+json\" class=\"yoast-schema-graph\">{\"@context\":\"https:\\\/\\\/schema.org\",\"@graph\":[{\"@type\":\"Article\",\"@id\":\"https:\\\/\\\/avrupatv.eu\\\/index.php\\\/2023\\\/11\\\/29\\\/cumhurbaskani-erdogan-netanyahu-adini-tarihe-gazze-kasabi-olarak-yazdirmistir\\\/#article\",\"isPartOf\":{\"@id\":\"https:\\\/\\\/avrupatv.eu\\\/index.php\\\/2023\\\/11\\\/29\\\/cumhurbaskani-erdogan-netanyahu-adini-tarihe-gazze-kasabi-olarak-yazdirmistir\\\/\"},\"author\":{\"name\":\"Onur Akpinar\",\"@id\":\"https:\\\/\\\/avrupatv.eu\\\/#\\\/schema\\\/person\\\/d56afa5d5569da4029d483da36c0c17d\"},\"headline\":\"Cumhurba\u015fkan\u0131 Erdo\u011fan: Netanyahu ad\u0131n\u0131 tarihe &#8216;Gazze kasab\u0131&#8217; olarak yazd\u0131rm\u0131\u015ft\u0131r\",\"datePublished\":\"2023-11-29T23:08:51+00:00\",\"dateModified\":\"2023-11-29T23:08:52+00:00\",\"mainEntityOfPage\":{\"@id\":\"https:\\\/\\\/avrupatv.eu\\\/index.php\\\/2023\\\/11\\\/29\\\/cumhurbaskani-erdogan-netanyahu-adini-tarihe-gazze-kasabi-olarak-yazdirmistir\\\/\"},\"wordCount\":941,\"commentCount\":0,\"publisher\":{\"@id\":\"https:\\\/\\\/avrupatv.eu\\\/#organization\"},\"image\":{\"@id\":\"https:\\\/\\\/avrupatv.eu\\\/index.php\\\/2023\\\/11\\\/29\\\/cumhurbaskani-erdogan-netanyahu-adini-tarihe-gazze-kasabi-olarak-yazdirmistir\\\/#primaryimage\"},\"thumbnailUrl\":\"https:\\\/\\\/avrupatv.eu\\\/wp-content\\\/uploads\\\/2023\\\/11\\\/656725fd50acca8b440065a3.webp\",\"articleSection\":[\"D\u00fcnya\",\"T\u00fcrkiye\"],\"inLanguage\":\"tr\",\"potentialAction\":[{\"@type\":\"CommentAction\",\"name\":\"Comment\",\"target\":[\"https:\\\/\\\/avrupatv.eu\\\/index.php\\\/2023\\\/11\\\/29\\\/cumhurbaskani-erdogan-netanyahu-adini-tarihe-gazze-kasabi-olarak-yazdirmistir\\\/#respond\"]}]},{\"@type\":\"WebPage\",\"@id\":\"https:\\\/\\\/avrupatv.eu\\\/index.php\\\/2023\\\/11\\\/29\\\/cumhurbaskani-erdogan-netanyahu-adini-tarihe-gazze-kasabi-olarak-yazdirmistir\\\/\",\"url\":\"https:\\\/\\\/avrupatv.eu\\\/index.php\\\/2023\\\/11\\\/29\\\/cumhurbaskani-erdogan-netanyahu-adini-tarihe-gazze-kasabi-olarak-yazdirmistir\\\/\",\"name\":\"Cumhurba\u015fkan\u0131 Erdo\u011fan: Netanyahu ad\u0131n\u0131 tarihe 'Gazze kasab\u0131' olarak yazd\u0131rm\u0131\u015ft\u0131r - Avrupal\u0131 T\u00fcrklerin en Yeni Haber Portal\u0131\",\"isPartOf\":{\"@id\":\"https:\\\/\\\/avrupatv.eu\\\/#website\"},\"primaryImageOfPage\":{\"@id\":\"https:\\\/\\\/avrupatv.eu\\\/index.php\\\/2023\\\/11\\\/29\\\/cumhurbaskani-erdogan-netanyahu-adini-tarihe-gazze-kasabi-olarak-yazdirmistir\\\/#primaryimage\"},\"image\":{\"@id\":\"https:\\\/\\\/avrupatv.eu\\\/index.php\\\/2023\\\/11\\\/29\\\/cumhurbaskani-erdogan-netanyahu-adini-tarihe-gazze-kasabi-olarak-yazdirmistir\\\/#primaryimage\"},\"thumbnailUrl\":\"https:\\\/\\\/avrupatv.eu\\\/wp-content\\\/uploads\\\/2023\\\/11\\\/656725fd50acca8b440065a3.webp\",\"datePublished\":\"2023-11-29T23:08:51+00:00\",\"dateModified\":\"2023-11-29T23:08:52+00:00\",\"breadcrumb\":{\"@id\":\"https:\\\/\\\/avrupatv.eu\\\/index.php\\\/2023\\\/11\\\/29\\\/cumhurbaskani-erdogan-netanyahu-adini-tarihe-gazze-kasabi-olarak-yazdirmistir\\\/#breadcrumb\"},\"inLanguage\":\"tr\",\"potentialAction\":[{\"@type\":\"ReadAction\",\"target\":[\"https:\\\/\\\/avrupatv.eu\\\/index.php\\\/2023\\\/11\\\/29\\\/cumhurbaskani-erdogan-netanyahu-adini-tarihe-gazze-kasabi-olarak-yazdirmistir\\\/\"]}]},{\"@type\":\"ImageObject\",\"inLanguage\":\"tr\",\"@id\":\"https:\\\/\\\/avrupatv.eu\\\/index.php\\\/2023\\\/11\\\/29\\\/cumhurbaskani-erdogan-netanyahu-adini-tarihe-gazze-kasabi-olarak-yazdirmistir\\\/#primaryimage\",\"url\":\"https:\\\/\\\/avrupatv.eu\\\/wp-content\\\/uploads\\\/2023\\\/11\\\/656725fd50acca8b440065a3.webp\",\"contentUrl\":\"https:\\\/\\\/avrupatv.eu\\\/wp-content\\\/uploads\\\/2023\\\/11\\\/656725fd50acca8b440065a3.webp\",\"width\":770,\"height\":512},{\"@type\":\"BreadcrumbList\",\"@id\":\"https:\\\/\\\/avrupatv.eu\\\/index.php\\\/2023\\\/11\\\/29\\\/cumhurbaskani-erdogan-netanyahu-adini-tarihe-gazze-kasabi-olarak-yazdirmistir\\\/#breadcrumb\",\"itemListElement\":[{\"@type\":\"ListItem\",\"position\":1,\"name\":\"Anasayfa\",\"item\":\"https:\\\/\\\/avrupatv.eu\\\/\"},{\"@type\":\"ListItem\",\"position\":2,\"name\":\"Cumhurba\u015fkan\u0131 Erdo\u011fan: Netanyahu ad\u0131n\u0131 tarihe &#8216;Gazze kasab\u0131&#8217; olarak yazd\u0131rm\u0131\u015ft\u0131r\"}]},{\"@type\":\"WebSite\",\"@id\":\"https:\\\/\\\/avrupatv.eu\\\/#website\",\"url\":\"https:\\\/\\\/avrupatv.eu\\\/\",\"name\":\"Avrupal\u0131 T\u00fcrklerin en Yeni Haber Portal\u0131\",\"description\":\"\",\"publisher\":{\"@id\":\"https:\\\/\\\/avrupatv.eu\\\/#organization\"},\"alternateName\":\"Avrupa tv\",\"potentialAction\":[{\"@type\":\"SearchAction\",\"target\":{\"@type\":\"EntryPoint\",\"urlTemplate\":\"https:\\\/\\\/avrupatv.eu\\\/?s={search_term_string}\"},\"query-input\":{\"@type\":\"PropertyValueSpecification\",\"valueRequired\":true,\"valueName\":\"search_term_string\"}}],\"inLanguage\":\"tr\"},{\"@type\":\"Organization\",\"@id\":\"https:\\\/\\\/avrupatv.eu\\\/#organization\",\"name\":\"Avrupa Haber\",\"url\":\"https:\\\/\\\/avrupatv.eu\\\/\",\"logo\":{\"@type\":\"ImageObject\",\"inLanguage\":\"tr\",\"@id\":\"https:\\\/\\\/avrupatv.eu\\\/#\\\/schema\\\/logo\\\/image\\\/\",\"url\":\"https:\\\/\\\/avrupatv.eu\\\/wp-content\\\/uploads\\\/2023\\\/10\\\/cropped-thumbnail_logo.png\",\"contentUrl\":\"https:\\\/\\\/avrupatv.eu\\\/wp-content\\\/uploads\\\/2023\\\/10\\\/cropped-thumbnail_logo.png\",\"width\":1025,\"height\":302,\"caption\":\"Avrupa Haber\"},\"image\":{\"@id\":\"https:\\\/\\\/avrupatv.eu\\\/#\\\/schema\\\/logo\\\/image\\\/\"}},{\"@type\":\"Person\",\"@id\":\"https:\\\/\\\/avrupatv.eu\\\/#\\\/schema\\\/person\\\/d56afa5d5569da4029d483da36c0c17d\",\"name\":\"Onur Akpinar\",\"image\":{\"@type\":\"ImageObject\",\"inLanguage\":\"tr\",\"@id\":\"https:\\\/\\\/secure.gravatar.com\\\/avatar\\\/67a1a0bdf34f82da209334e4684b7e7171a58a5a2b0a8f836b61044f5c1f5d6a?s=96&d=mm&r=g\",\"url\":\"https:\\\/\\\/secure.gravatar.com\\\/avatar\\\/67a1a0bdf34f82da209334e4684b7e7171a58a5a2b0a8f836b61044f5c1f5d6a?s=96&d=mm&r=g\",\"contentUrl\":\"https:\\\/\\\/secure.gravatar.com\\\/avatar\\\/67a1a0bdf34f82da209334e4684b7e7171a58a5a2b0a8f836b61044f5c1f5d6a?s=96&d=mm&r=g\",\"caption\":\"Onur Akpinar\"},\"url\":\"https:\\\/\\\/avrupatv.eu\\\/index.php\\\/author\\\/onur-akpinar\\\/\"}]}<\/script>\n<!-- \/ Yoast SEO plugin. -->","yoast_head_json":{"title":"Cumhurba\u015fkan\u0131 Erdo\u011fan: Netanyahu ad\u0131n\u0131 tarihe 'Gazze kasab\u0131' olarak yazd\u0131rm\u0131\u015ft\u0131r - Avrupal\u0131 T\u00fcrklerin en Yeni Haber Portal\u0131","robots":{"index":"index","follow":"follow","max-snippet":"max-snippet:-1","max-image-preview":"max-image-preview:large","max-video-preview":"max-video-preview:-1"},"canonical":"https:\/\/avrupatv.eu\/index.php\/2023\/11\/29\/cumhurbaskani-erdogan-netanyahu-adini-tarihe-gazze-kasabi-olarak-yazdirmistir\/","og_locale":"tr_TR","og_type":"article","og_title":"Cumhurba\u015fkan\u0131 Erdo\u011fan: Netanyahu ad\u0131n\u0131 tarihe 'Gazze kasab\u0131' olarak yazd\u0131rm\u0131\u015ft\u0131r - Avrupal\u0131 T\u00fcrklerin en Yeni Haber Portal\u0131","og_description":"Cumhurba\u015fkan\u0131 Recep Tayyip Erdo\u011fan, &#8220;Gazze&#8217;de son asr\u0131n en b\u00fcy\u00fck mezalimlerinden birini yapan Netanyahu, ad\u0131n\u0131 tarihe \u015fimdiden &#8216;Gazze kasab\u0131&#8217; olarak yazd\u0131rm\u0131\u015ft\u0131r. Bu kara leke sadece Netanyahu&#8217;nun de\u011fil ona ko\u015fulsuz destek veren herkesin aln\u0131na yap\u0131\u015fm\u0131\u015ft\u0131r. Bu utan\u00e7 lekesi hi\u00e7bir zaman temizlenmeyecektir&#8221; dedi. Cumhurba\u015fkan\u0131 ve\u00a0AK Parti\u00a0Genel Ba\u015fkan\u0131 Recep Tayyip Erdo\u011fan, TBMM&#8217;de partisinin grup toplant\u0131s\u0131nda konu\u015ftu.\u00a0Erdo\u011fan, \u0130srail&#8217;in Gazze&#8217;ye y\u00f6nelik [&hellip;]","og_url":"https:\/\/avrupatv.eu\/index.php\/2023\/11\/29\/cumhurbaskani-erdogan-netanyahu-adini-tarihe-gazze-kasabi-olarak-yazdirmistir\/","og_site_name":"Avrupal\u0131 T\u00fcrklerin en Yeni Haber Portal\u0131","article_published_time":"2023-11-29T23:08:51+00:00","article_modified_time":"2023-11-29T23:08:52+00:00","og_image":[{"width":770,"height":512,"url":"https:\/\/avrupatv.eu\/wp-content\/uploads\/2023\/11\/656725fd50acca8b440065a3.webp","type":"image\/webp"}],"author":"Onur Akpinar","twitter_card":"summary_large_image","twitter_misc":{"Yazan:":"Onur Akpinar","Tahmini okuma s\u00fcresi":"4 dakika"},"schema":{"@context":"https:\/\/schema.org","@graph":[{"@type":"Article","@id":"https:\/\/avrupatv.eu\/index.php\/2023\/11\/29\/cumhurbaskani-erdogan-netanyahu-adini-tarihe-gazze-kasabi-olarak-yazdirmistir\/#article","isPartOf":{"@id":"https:\/\/avrupatv.eu\/index.php\/2023\/11\/29\/cumhurbaskani-erdogan-netanyahu-adini-tarihe-gazze-kasabi-olarak-yazdirmistir\/"},"author":{"name":"Onur Akpinar","@id":"https:\/\/avrupatv.eu\/#\/schema\/person\/d56afa5d5569da4029d483da36c0c17d"},"headline":"Cumhurba\u015fkan\u0131 Erdo\u011fan: Netanyahu ad\u0131n\u0131 tarihe &#8216;Gazze kasab\u0131&#8217; olarak yazd\u0131rm\u0131\u015ft\u0131r","datePublished":"2023-11-29T23:08:51+00:00","dateModified":"2023-11-29T23:08:52+00:00","mainEntityOfPage":{"@id":"https:\/\/avrupatv.eu\/index.php\/2023\/11\/29\/cumhurbaskani-erdogan-netanyahu-adini-tarihe-gazze-kasabi-olarak-yazdirmistir\/"},"wordCount":941,"commentCount":0,"publisher":{"@id":"https:\/\/avrupatv.eu\/#organization"},"image":{"@id":"https:\/\/avrupatv.eu\/index.php\/2023\/11\/29\/cumhurbaskani-erdogan-netanyahu-adini-tarihe-gazze-kasabi-olarak-yazdirmistir\/#primaryimage"},"thumbnailUrl":"https:\/\/avrupatv.eu\/wp-content\/uploads\/2023\/11\/656725fd50acca8b440065a3.webp","articleSection":["D\u00fcnya","T\u00fcrkiye"],"inLanguage":"tr","potentialAction":[{"@type":"CommentAction","name":"Comment","target":["https:\/\/avrupatv.eu\/index.php\/2023\/11\/29\/cumhurbaskani-erdogan-netanyahu-adini-tarihe-gazze-kasabi-olarak-yazdirmistir\/#respond"]}]},{"@type":"WebPage","@id":"https:\/\/avrupatv.eu\/index.php\/2023\/11\/29\/cumhurbaskani-erdogan-netanyahu-adini-tarihe-gazze-kasabi-olarak-yazdirmistir\/","url":"https:\/\/avrupatv.eu\/index.php\/2023\/11\/29\/cumhurbaskani-erdogan-netanyahu-adini-tarihe-gazze-kasabi-olarak-yazdirmistir\/","name":"Cumhurba\u015fkan\u0131 Erdo\u011fan: Netanyahu ad\u0131n\u0131 tarihe 'Gazze kasab\u0131' olarak yazd\u0131rm\u0131\u015ft\u0131r - Avrupal\u0131 T\u00fcrklerin en Yeni Haber Portal\u0131","isPartOf":{"@id":"https:\/\/avrupatv.eu\/#website"},"primaryImageOfPage":{"@id":"https:\/\/avrupatv.eu\/index.php\/2023\/11\/29\/cumhurbaskani-erdogan-netanyahu-adini-tarihe-gazze-kasabi-olarak-yazdirmistir\/#primaryimage"},"image":{"@id":"https:\/\/avrupatv.eu\/index.php\/2023\/11\/29\/cumhurbaskani-erdogan-netanyahu-adini-tarihe-gazze-kasabi-olarak-yazdirmistir\/#primaryimage"},"thumbnailUrl":"https:\/\/avrupatv.eu\/wp-content\/uploads\/2023\/11\/656725fd50acca8b440065a3.webp","datePublished":"2023-11-29T23:08:51+00:00","dateModified":"2023-11-29T23:08:52+00:00","breadcrumb":{"@id":"https:\/\/avrupatv.eu\/index.php\/2023\/11\/29\/cumhurbaskani-erdogan-netanyahu-adini-tarihe-gazze-kasabi-olarak-yazdirmistir\/#breadcrumb"},"inLanguage":"tr","potentialAction":[{"@type":"ReadAction","target":["https:\/\/avrupatv.eu\/index.php\/2023\/11\/29\/cumhurbaskani-erdogan-netanyahu-adini-tarihe-gazze-kasabi-olarak-yazdirmistir\/"]}]},{"@type":"ImageObject","inLanguage":"tr","@id":"https:\/\/avrupatv.eu\/index.php\/2023\/11\/29\/cumhurbaskani-erdogan-netanyahu-adini-tarihe-gazze-kasabi-olarak-yazdirmistir\/#primaryimage","url":"https:\/\/avrupatv.eu\/wp-content\/uploads\/2023\/11\/656725fd50acca8b440065a3.webp","contentUrl":"https:\/\/avrupatv.eu\/wp-content\/uploads\/2023\/11\/656725fd50acca8b440065a3.webp","width":770,"height":512},{"@type":"BreadcrumbList","@id":"https:\/\/avrupatv.eu\/index.php\/2023\/11\/29\/cumhurbaskani-erdogan-netanyahu-adini-tarihe-gazze-kasabi-olarak-yazdirmistir\/#breadcrumb","itemListElement":[{"@type":"ListItem","position":1,"name":"Anasayfa","item":"https:\/\/avrupatv.eu\/"},{"@type":"ListItem","position":2,"name":"Cumhurba\u015fkan\u0131 Erdo\u011fan: Netanyahu ad\u0131n\u0131 tarihe &#8216;Gazze kasab\u0131&#8217; olarak yazd\u0131rm\u0131\u015ft\u0131r"}]},{"@type":"WebSite","@id":"https:\/\/avrupatv.eu\/#website","url":"https:\/\/avrupatv.eu\/","name":"Avrupal\u0131 T\u00fcrklerin en Yeni Haber Portal\u0131","description":"","publisher":{"@id":"https:\/\/avrupatv.eu\/#organization"},"alternateName":"Avrupa tv","potentialAction":[{"@type":"SearchAction","target":{"@type":"EntryPoint","urlTemplate":"https:\/\/avrupatv.eu\/?s={search_term_string}"},"query-input":{"@type":"PropertyValueSpecification","valueRequired":true,"valueName":"search_term_string"}}],"inLanguage":"tr"},{"@type":"Organization","@id":"https:\/\/avrupatv.eu\/#organization","name":"Avrupa Haber","url":"https:\/\/avrupatv.eu\/","logo":{"@type":"ImageObject","inLanguage":"tr","@id":"https:\/\/avrupatv.eu\/#\/schema\/logo\/image\/","url":"https:\/\/avrupatv.eu\/wp-content\/uploads\/2023\/10\/cropped-thumbnail_logo.png","contentUrl":"https:\/\/avrupatv.eu\/wp-content\/uploads\/2023\/10\/cropped-thumbnail_logo.png","width":1025,"height":302,"caption":"Avrupa Haber"},"image":{"@id":"https:\/\/avrupatv.eu\/#\/schema\/logo\/image\/"}},{"@type":"Person","@id":"https:\/\/avrupatv.eu\/#\/schema\/person\/d56afa5d5569da4029d483da36c0c17d","name":"Onur Akpinar","image":{"@type":"ImageObject","inLanguage":"tr","@id":"https:\/\/secure.gravatar.com\/avatar\/67a1a0bdf34f82da209334e4684b7e7171a58a5a2b0a8f836b61044f5c1f5d6a?s=96&d=mm&r=g","url":"https:\/\/secure.gravatar.com\/avatar\/67a1a0bdf34f82da209334e4684b7e7171a58a5a2b0a8f836b61044f5c1f5d6a?s=96&d=mm&r=g","contentUrl":"https:\/\/secure.gravatar.com\/avatar\/67a1a0bdf34f82da209334e4684b7e7171a58a5a2b0a8f836b61044f5c1f5d6a?s=96&d=mm&r=g","caption":"Onur Akpinar"},"url":"https:\/\/avrupatv.eu\/index.php\/author\/onur-akpinar\/"}]}},"_links":{"self":[{"href":"https:\/\/avrupatv.eu\/index.php\/wp-json\/wp\/v2\/posts\/258","targetHints":{"allow":["GET"]}}],"collection":[{"href":"https:\/\/avrupatv.eu\/index.php\/wp-json\/wp\/v2\/posts"}],"about":[{"href":"https:\/\/avrupatv.eu\/index.php\/wp-json\/wp\/v2\/types\/post"}],"author":[{"embeddable":true,"href":"https:\/\/avrupatv.eu\/index.php\/wp-json\/wp\/v2\/users\/2"}],"replies":[{"embeddable":true,"href":"https:\/\/avrupatv.eu\/index.php\/wp-json\/wp\/v2\/comments?post=258"}],"version-history":[{"count":1,"href":"https:\/\/avrupatv.eu\/index.php\/wp-json\/wp\/v2\/posts\/258\/revisions"}],"predecessor-version":[{"id":260,"href":"https:\/\/avrupatv.eu\/index.php\/wp-json\/wp\/v2\/posts\/258\/revisions\/260"}],"wp:featuredmedia":[{"embeddable":true,"href":"https:\/\/avrupatv.eu\/index.php\/wp-json\/wp\/v2\/media\/259"}],"wp:attachment":[{"href":"https:\/\/avrupatv.eu\/index.php\/wp-json\/wp\/v2\/media?parent=258"}],"wp:term":[{"taxonomy":"category","embeddable":true,"href":"https:\/\/avrupatv.eu\/index.php\/wp-json\/wp\/v2\/categories?post=258"},{"taxonomy":"post_tag","embeddable":true,"href":"https:\/\/avrupatv.eu\/index.php\/wp-json\/wp\/v2\/tags?post=258"}],"curies":[{"name":"wp","href":"https:\/\/api.w.org\/{rel}","templated":true}]}}