{"id":255,"date":"2023-11-29T10:56:06","date_gmt":"2023-11-29T10:56:06","guid":{"rendered":"https:\/\/avrupatv.eu\/?p=255"},"modified":"2023-11-29T10:56:06","modified_gmt":"2023-11-29T10:56:06","slug":"eylul-ozturk-un-isyani","status":"publish","type":"post","link":"https:\/\/avrupatv.eu\/index.php\/2023\/11\/29\/eylul-ozturk-un-isyani\/","title":{"rendered":"Eyl\u00fcl \u00d6zt\u00fcrk \u2018\u00fcn \u0130SYANI!"},"content":{"rendered":"\n<p>Bir s\u00fcredir yurt d\u0131\u015f\u0131nda ya\u015fayan Fenomen&amp;\u0130\u015f \u0130nsan\u0131 Eyl\u00fcl \u00d6zt\u00fcrk y\u0131llard\u0131r T\u00fcrkiye\u2019de \u00e7al\u0131\u015fm\u0131\u015f, gerek televizyon sekt\u00f6r\u00fc, gerek ticaret alan\u0131nda iyi projelerde yer alm\u0131\u015ft\u0131r.&nbsp;<\/p>\n\n\n\n<p>Yat\u0131r\u0131mlar\u0131n\u0131 olmas\u0131 gerekti\u011fi gibi yapmak ve ileride ba\u015far\u0131l\u0131 olmak ve y\u00fckselmek su\u00e7 de\u011fil. Fenomen ve milyonlar\u0131n tan\u0131d\u0131\u011f\u0131 insanlar\u0131n y\u00fckselmesi, tan\u0131nmam\u0131\u015f olanlar\u0131n y\u00fckselmesinden daha h\u0131zl\u0131 oldu\u011fu bir ger\u00e7ek.&nbsp;<\/p>\n\n\n\n<p>Bir \u00e7ok \u00fcnl\u00fcn\u00fcnde sahip oldu\u011fu olanaklara sahip olmas\u0131 Kara para aklad\u0131\u011f\u0131, doland\u0131r\u0131c\u0131 oldu\u011fu anlam\u0131na gelmez ve hepsi as\u0131ls\u0131zd\u0131r. O zaman t\u00fcm \u00fcnl\u00fcler de ara\u015ft\u0131r\u0131ls\u0131n. Kan\u0131tlanmayan hi\u00e7 bir iddia vicdanda \u2018da cezaland\u0131r\u0131lmamal\u0131.<\/p>\n\n\n\n<p>\u201cBir iddiaya g\u00f6re\u201d deyip istedi\u011finizi insanlara savuramazs\u0131n\u0131z! Bunun ad\u0131 gazetecilik de\u011fil, \u015ferefsizliktir! Bug\u00fcn g\u00fcn\u00fcm\u00fczde futbolla m\u00fczikle ilgilenen T\u00fcrkiye\u2019nin tan\u0131d\u0131\u011f\u0131 isimlerinde dahil oldu\u011fu doland\u0131r\u0131lma hikayeleriyle \u00e7alkalan\u0131yor.&nbsp;<\/p>\n\n\n\n<p>T\u00fcrkiye \u2018de bilmedi\u011fimiz neler neler oluyor, kimseler bir haber!<\/p>\n\n\n\n<p>Eyl\u00fcl \u00d6zt\u00fcrk, \u015fu an ki isyan\u0131nda hakl\u0131. Dilan Polat olay\u0131nda da yazd\u0131\u011f\u0131m gibi, hukuksal olarak da kan\u0131tlanmayan hi\u00e7 bir su\u00e7lama su\u00e7 say\u0131lmaz. \u0130spat gerektirir. \u201cKesin yapm\u0131\u015ft\u0131r\u201d, \u201cK\u0131sa s\u00fcrede bu paray\u0131 nereden buldu?\u201d, gibi gibi sorular sormak yerine, yetkililer inceleme yapar. E\u011fer bir sorun, \u015faibe g\u00f6zlemlenirse ve sonucunda kara para aklama olay\u0131 ispatlan\u0131rsa zaten ceza al\u0131rlar.&nbsp;<\/p>\n\n\n\n<p>Sanki yapm\u0131\u015f ve kan\u0131tlanm\u0131\u015f gibi insanlar\u0131 \u00fczmek yada zan alt\u0131nda b\u0131rakmak hi\u00e7 bir \u015feye \u00e7\u00f6z\u00fcm olmayacak. Zamana b\u0131rak\u0131n. \u0130nsanlar\u0131n sa\u011fl\u0131\u011f\u0131 ile oynamay\u0131n. Su\u00e7lular cezalar\u0131n\u0131 zaten bir g\u00fcn \u00e7ekecek.&nbsp;<\/p>\n","protected":false},"excerpt":{"rendered":"<p>Bir s\u00fcredir yurt d\u0131\u015f\u0131nda ya\u015fayan Fenomen&amp;\u0130\u015f \u0130nsan\u0131 Eyl\u00fcl \u00d6zt\u00fcrk y\u0131llard\u0131r T\u00fcrkiye\u2019de \u00e7al\u0131\u015fm\u0131\u015f, gerek televizyon sekt\u00f6r\u00fc, gerek ticaret alan\u0131nda iyi projelerde yer alm\u0131\u015ft\u0131r.&nbsp; Yat\u0131r\u0131mlar\u0131n\u0131 olmas\u0131 gerekti\u011fi gibi yapmak ve ileride ba\u015far\u0131l\u0131 olmak ve y\u00fckselmek su\u00e7 de\u011fil. Fenomen ve milyonlar\u0131n tan\u0131d\u0131\u011f\u0131 insanlar\u0131n y\u00fckselmesi, tan\u0131nmam\u0131\u015f olanlar\u0131n y\u00fckselmesinden daha h\u0131zl\u0131 oldu\u011fu bir ger\u00e7ek.&nbsp; Bir \u00e7ok \u00fcnl\u00fcn\u00fcnde sahip oldu\u011fu olanaklara [&hellip;]<\/p>\n","protected":false},"author":3,"featured_media":256,"comment_status":"open","ping_status":"open","sticky":false,"template":"","format":"standard","meta":{"footnotes":""},"categories":[8,20],"tags":[41],"class_list":["post-255","post","type-post","status-publish","format-standard","has-post-thumbnail","hentry","category-gundem","category-magazin-turkiye","tag-eylulozturk"],"yoast_head":"<!-- This site is optimized with the Yoast SEO plugin v27.4 - https:\/\/yoast.com\/product\/yoast-seo-wordpress\/ -->\n<title>Eyl\u00fcl \u00d6zt\u00fcrk \u2018\u00fcn \u0130SYANI! - Avrupal\u0131 T\u00fcrklerin en Yeni Haber Portal\u0131<\/title>\n<meta name=\"robots\" content=\"index, follow, max-snippet:-1, max-image-preview:large, max-video-preview:-1\" \/>\n<link rel=\"canonical\" href=\"https:\/\/avrupatv.eu\/index.php\/2023\/11\/29\/eylul-ozturk-un-isyani\/\" \/>\n<meta property=\"og:locale\" content=\"tr_TR\" \/>\n<meta property=\"og:type\" content=\"article\" \/>\n<meta property=\"og:title\" content=\"Eyl\u00fcl \u00d6zt\u00fcrk \u2018\u00fcn \u0130SYANI! - Avrupal\u0131 T\u00fcrklerin en Yeni Haber Portal\u0131\" \/>\n<meta property=\"og:description\" content=\"Bir s\u00fcredir yurt d\u0131\u015f\u0131nda ya\u015fayan Fenomen&amp;\u0130\u015f \u0130nsan\u0131 Eyl\u00fcl \u00d6zt\u00fcrk y\u0131llard\u0131r T\u00fcrkiye\u2019de \u00e7al\u0131\u015fm\u0131\u015f, gerek televizyon sekt\u00f6r\u00fc, gerek ticaret alan\u0131nda iyi projelerde yer alm\u0131\u015ft\u0131r.&nbsp; Yat\u0131r\u0131mlar\u0131n\u0131 olmas\u0131 gerekti\u011fi gibi yapmak ve ileride ba\u015far\u0131l\u0131 olmak ve y\u00fckselmek su\u00e7 de\u011fil. Fenomen ve milyonlar\u0131n tan\u0131d\u0131\u011f\u0131 insanlar\u0131n y\u00fckselmesi, tan\u0131nmam\u0131\u015f olanlar\u0131n y\u00fckselmesinden daha h\u0131zl\u0131 oldu\u011fu bir ger\u00e7ek.&nbsp; Bir \u00e7ok \u00fcnl\u00fcn\u00fcnde sahip oldu\u011fu olanaklara [&hellip;]\" \/>\n<meta property=\"og:url\" content=\"https:\/\/avrupatv.eu\/index.php\/2023\/11\/29\/eylul-ozturk-un-isyani\/\" \/>\n<meta property=\"og:site_name\" content=\"Avrupal\u0131 T\u00fcrklerin en Yeni Haber Portal\u0131\" \/>\n<meta property=\"article:published_time\" content=\"2023-11-29T10:56:06+00:00\" \/>\n<meta property=\"og:image\" content=\"https:\/\/avrupatv.eu\/wp-content\/uploads\/2023\/11\/5B10756C-C4FB-45AD-9D98-AE33DABA8EE0.jpeg\" \/>\n\t<meta property=\"og:image:width\" content=\"683\" \/>\n\t<meta property=\"og:image:height\" content=\"681\" \/>\n\t<meta property=\"og:image:type\" content=\"image\/jpeg\" \/>\n<meta name=\"author\" content=\"Emir Ke\u015fan\" \/>\n<meta name=\"twitter:card\" content=\"summary_large_image\" \/>\n<meta name=\"twitter:label1\" content=\"Yazan:\" \/>\n\t<meta name=\"twitter:data1\" content=\"Emir Ke\u015fan\" \/>\n\t<meta name=\"twitter:label2\" content=\"Tahmini okuma s\u00fcresi\" \/>\n\t<meta name=\"twitter:data2\" content=\"2 dakika\" \/>\n<script type=\"application\/ld+json\" class=\"yoast-schema-graph\">{\"@context\":\"https:\\\/\\\/schema.org\",\"@graph\":[{\"@type\":\"Article\",\"@id\":\"https:\\\/\\\/avrupatv.eu\\\/index.php\\\/2023\\\/11\\\/29\\\/eylul-ozturk-un-isyani\\\/#article\",\"isPartOf\":{\"@id\":\"https:\\\/\\\/avrupatv.eu\\\/index.php\\\/2023\\\/11\\\/29\\\/eylul-ozturk-un-isyani\\\/\"},\"author\":{\"name\":\"Emir Ke\u015fan\",\"@id\":\"https:\\\/\\\/avrupatv.eu\\\/#\\\/schema\\\/person\\\/78736cdceb592a03a0c781effacf0347\"},\"headline\":\"Eyl\u00fcl \u00d6zt\u00fcrk \u2018\u00fcn \u0130SYANI!\",\"datePublished\":\"2023-11-29T10:56:06+00:00\",\"mainEntityOfPage\":{\"@id\":\"https:\\\/\\\/avrupatv.eu\\\/index.php\\\/2023\\\/11\\\/29\\\/eylul-ozturk-un-isyani\\\/\"},\"wordCount\":307,\"commentCount\":0,\"publisher\":{\"@id\":\"https:\\\/\\\/avrupatv.eu\\\/#organization\"},\"image\":{\"@id\":\"https:\\\/\\\/avrupatv.eu\\\/index.php\\\/2023\\\/11\\\/29\\\/eylul-ozturk-un-isyani\\\/#primaryimage\"},\"thumbnailUrl\":\"https:\\\/\\\/avrupatv.eu\\\/wp-content\\\/uploads\\\/2023\\\/11\\\/5B10756C-C4FB-45AD-9D98-AE33DABA8EE0.jpeg\",\"keywords\":[\"Eyl\u00fcl\u00f6zt\u00fcrk\"],\"articleSection\":[\"G\u00fcndem\",\"Magazin T\u00fcrkiye\"],\"inLanguage\":\"tr\",\"potentialAction\":[{\"@type\":\"CommentAction\",\"name\":\"Comment\",\"target\":[\"https:\\\/\\\/avrupatv.eu\\\/index.php\\\/2023\\\/11\\\/29\\\/eylul-ozturk-un-isyani\\\/#respond\"]}]},{\"@type\":\"WebPage\",\"@id\":\"https:\\\/\\\/avrupatv.eu\\\/index.php\\\/2023\\\/11\\\/29\\\/eylul-ozturk-un-isyani\\\/\",\"url\":\"https:\\\/\\\/avrupatv.eu\\\/index.php\\\/2023\\\/11\\\/29\\\/eylul-ozturk-un-isyani\\\/\",\"name\":\"Eyl\u00fcl \u00d6zt\u00fcrk \u2018\u00fcn \u0130SYANI! - Avrupal\u0131 T\u00fcrklerin en Yeni Haber Portal\u0131\",\"isPartOf\":{\"@id\":\"https:\\\/\\\/avrupatv.eu\\\/#website\"},\"primaryImageOfPage\":{\"@id\":\"https:\\\/\\\/avrupatv.eu\\\/index.php\\\/2023\\\/11\\\/29\\\/eylul-ozturk-un-isyani\\\/#primaryimage\"},\"image\":{\"@id\":\"https:\\\/\\\/avrupatv.eu\\\/index.php\\\/2023\\\/11\\\/29\\\/eylul-ozturk-un-isyani\\\/#primaryimage\"},\"thumbnailUrl\":\"https:\\\/\\\/avrupatv.eu\\\/wp-content\\\/uploads\\\/2023\\\/11\\\/5B10756C-C4FB-45AD-9D98-AE33DABA8EE0.jpeg\",\"datePublished\":\"2023-11-29T10:56:06+00:00\",\"breadcrumb\":{\"@id\":\"https:\\\/\\\/avrupatv.eu\\\/index.php\\\/2023\\\/11\\\/29\\\/eylul-ozturk-un-isyani\\\/#breadcrumb\"},\"inLanguage\":\"tr\",\"potentialAction\":[{\"@type\":\"ReadAction\",\"target\":[\"https:\\\/\\\/avrupatv.eu\\\/index.php\\\/2023\\\/11\\\/29\\\/eylul-ozturk-un-isyani\\\/\"]}]},{\"@type\":\"ImageObject\",\"inLanguage\":\"tr\",\"@id\":\"https:\\\/\\\/avrupatv.eu\\\/index.php\\\/2023\\\/11\\\/29\\\/eylul-ozturk-un-isyani\\\/#primaryimage\",\"url\":\"https:\\\/\\\/avrupatv.eu\\\/wp-content\\\/uploads\\\/2023\\\/11\\\/5B10756C-C4FB-45AD-9D98-AE33DABA8EE0.jpeg\",\"contentUrl\":\"https:\\\/\\\/avrupatv.eu\\\/wp-content\\\/uploads\\\/2023\\\/11\\\/5B10756C-C4FB-45AD-9D98-AE33DABA8EE0.jpeg\",\"width\":683,\"height\":681},{\"@type\":\"BreadcrumbList\",\"@id\":\"https:\\\/\\\/avrupatv.eu\\\/index.php\\\/2023\\\/11\\\/29\\\/eylul-ozturk-un-isyani\\\/#breadcrumb\",\"itemListElement\":[{\"@type\":\"ListItem\",\"position\":1,\"name\":\"Anasayfa\",\"item\":\"https:\\\/\\\/avrupatv.eu\\\/\"},{\"@type\":\"ListItem\",\"position\":2,\"name\":\"Eyl\u00fcl \u00d6zt\u00fcrk \u2018\u00fcn \u0130SYANI!\"}]},{\"@type\":\"WebSite\",\"@id\":\"https:\\\/\\\/avrupatv.eu\\\/#website\",\"url\":\"https:\\\/\\\/avrupatv.eu\\\/\",\"name\":\"Avrupal\u0131 T\u00fcrklerin en Yeni Haber Portal\u0131\",\"description\":\"\",\"publisher\":{\"@id\":\"https:\\\/\\\/avrupatv.eu\\\/#organization\"},\"alternateName\":\"Avrupa tv\",\"potentialAction\":[{\"@type\":\"SearchAction\",\"target\":{\"@type\":\"EntryPoint\",\"urlTemplate\":\"https:\\\/\\\/avrupatv.eu\\\/?s={search_term_string}\"},\"query-input\":{\"@type\":\"PropertyValueSpecification\",\"valueRequired\":true,\"valueName\":\"search_term_string\"}}],\"inLanguage\":\"tr\"},{\"@type\":\"Organization\",\"@id\":\"https:\\\/\\\/avrupatv.eu\\\/#organization\",\"name\":\"Avrupa Haber\",\"url\":\"https:\\\/\\\/avrupatv.eu\\\/\",\"logo\":{\"@type\":\"ImageObject\",\"inLanguage\":\"tr\",\"@id\":\"https:\\\/\\\/avrupatv.eu\\\/#\\\/schema\\\/logo\\\/image\\\/\",\"url\":\"https:\\\/\\\/avrupatv.eu\\\/wp-content\\\/uploads\\\/2023\\\/10\\\/cropped-thumbnail_logo.png\",\"contentUrl\":\"https:\\\/\\\/avrupatv.eu\\\/wp-content\\\/uploads\\\/2023\\\/10\\\/cropped-thumbnail_logo.png\",\"width\":1025,\"height\":302,\"caption\":\"Avrupa Haber\"},\"image\":{\"@id\":\"https:\\\/\\\/avrupatv.eu\\\/#\\\/schema\\\/logo\\\/image\\\/\"}},{\"@type\":\"Person\",\"@id\":\"https:\\\/\\\/avrupatv.eu\\\/#\\\/schema\\\/person\\\/78736cdceb592a03a0c781effacf0347\",\"name\":\"Emir Ke\u015fan\",\"image\":{\"@type\":\"ImageObject\",\"inLanguage\":\"tr\",\"@id\":\"https:\\\/\\\/secure.gravatar.com\\\/avatar\\\/dbd51b3ecda9841889c4e1bc514a788c653084f523fdf150dbafa993878140b4?s=96&d=mm&r=g\",\"url\":\"https:\\\/\\\/secure.gravatar.com\\\/avatar\\\/dbd51b3ecda9841889c4e1bc514a788c653084f523fdf150dbafa993878140b4?s=96&d=mm&r=g\",\"contentUrl\":\"https:\\\/\\\/secure.gravatar.com\\\/avatar\\\/dbd51b3ecda9841889c4e1bc514a788c653084f523fdf150dbafa993878140b4?s=96&d=mm&r=g\",\"caption\":\"Emir Ke\u015fan\"},\"sameAs\":[\"http:\\\/\\\/www.avrupatv.eu\"],\"url\":\"https:\\\/\\\/avrupatv.eu\\\/index.php\\\/author\\\/emir-kesan\\\/\"}]}<\/script>\n<!-- \/ Yoast SEO plugin. -->","yoast_head_json":{"title":"Eyl\u00fcl \u00d6zt\u00fcrk \u2018\u00fcn \u0130SYANI! - Avrupal\u0131 T\u00fcrklerin en Yeni Haber Portal\u0131","robots":{"index":"index","follow":"follow","max-snippet":"max-snippet:-1","max-image-preview":"max-image-preview:large","max-video-preview":"max-video-preview:-1"},"canonical":"https:\/\/avrupatv.eu\/index.php\/2023\/11\/29\/eylul-ozturk-un-isyani\/","og_locale":"tr_TR","og_type":"article","og_title":"Eyl\u00fcl \u00d6zt\u00fcrk \u2018\u00fcn \u0130SYANI! - Avrupal\u0131 T\u00fcrklerin en Yeni Haber Portal\u0131","og_description":"Bir s\u00fcredir yurt d\u0131\u015f\u0131nda ya\u015fayan Fenomen&amp;\u0130\u015f \u0130nsan\u0131 Eyl\u00fcl \u00d6zt\u00fcrk y\u0131llard\u0131r T\u00fcrkiye\u2019de \u00e7al\u0131\u015fm\u0131\u015f, gerek televizyon sekt\u00f6r\u00fc, gerek ticaret alan\u0131nda iyi projelerde yer alm\u0131\u015ft\u0131r.&nbsp; Yat\u0131r\u0131mlar\u0131n\u0131 olmas\u0131 gerekti\u011fi gibi yapmak ve ileride ba\u015far\u0131l\u0131 olmak ve y\u00fckselmek su\u00e7 de\u011fil. Fenomen ve milyonlar\u0131n tan\u0131d\u0131\u011f\u0131 insanlar\u0131n y\u00fckselmesi, tan\u0131nmam\u0131\u015f olanlar\u0131n y\u00fckselmesinden daha h\u0131zl\u0131 oldu\u011fu bir ger\u00e7ek.&nbsp; Bir \u00e7ok \u00fcnl\u00fcn\u00fcnde sahip oldu\u011fu olanaklara [&hellip;]","og_url":"https:\/\/avrupatv.eu\/index.php\/2023\/11\/29\/eylul-ozturk-un-isyani\/","og_site_name":"Avrupal\u0131 T\u00fcrklerin en Yeni Haber Portal\u0131","article_published_time":"2023-11-29T10:56:06+00:00","og_image":[{"width":683,"height":681,"url":"https:\/\/avrupatv.eu\/wp-content\/uploads\/2023\/11\/5B10756C-C4FB-45AD-9D98-AE33DABA8EE0.jpeg","type":"image\/jpeg"}],"author":"Emir Ke\u015fan","twitter_card":"summary_large_image","twitter_misc":{"Yazan:":"Emir Ke\u015fan","Tahmini okuma s\u00fcresi":"2 dakika"},"schema":{"@context":"https:\/\/schema.org","@graph":[{"@type":"Article","@id":"https:\/\/avrupatv.eu\/index.php\/2023\/11\/29\/eylul-ozturk-un-isyani\/#article","isPartOf":{"@id":"https:\/\/avrupatv.eu\/index.php\/2023\/11\/29\/eylul-ozturk-un-isyani\/"},"author":{"name":"Emir Ke\u015fan","@id":"https:\/\/avrupatv.eu\/#\/schema\/person\/78736cdceb592a03a0c781effacf0347"},"headline":"Eyl\u00fcl \u00d6zt\u00fcrk \u2018\u00fcn \u0130SYANI!","datePublished":"2023-11-29T10:56:06+00:00","mainEntityOfPage":{"@id":"https:\/\/avrupatv.eu\/index.php\/2023\/11\/29\/eylul-ozturk-un-isyani\/"},"wordCount":307,"commentCount":0,"publisher":{"@id":"https:\/\/avrupatv.eu\/#organization"},"image":{"@id":"https:\/\/avrupatv.eu\/index.php\/2023\/11\/29\/eylul-ozturk-un-isyani\/#primaryimage"},"thumbnailUrl":"https:\/\/avrupatv.eu\/wp-content\/uploads\/2023\/11\/5B10756C-C4FB-45AD-9D98-AE33DABA8EE0.jpeg","keywords":["Eyl\u00fcl\u00f6zt\u00fcrk"],"articleSection":["G\u00fcndem","Magazin T\u00fcrkiye"],"inLanguage":"tr","potentialAction":[{"@type":"CommentAction","name":"Comment","target":["https:\/\/avrupatv.eu\/index.php\/2023\/11\/29\/eylul-ozturk-un-isyani\/#respond"]}]},{"@type":"WebPage","@id":"https:\/\/avrupatv.eu\/index.php\/2023\/11\/29\/eylul-ozturk-un-isyani\/","url":"https:\/\/avrupatv.eu\/index.php\/2023\/11\/29\/eylul-ozturk-un-isyani\/","name":"Eyl\u00fcl \u00d6zt\u00fcrk \u2018\u00fcn \u0130SYANI! - Avrupal\u0131 T\u00fcrklerin en Yeni Haber Portal\u0131","isPartOf":{"@id":"https:\/\/avrupatv.eu\/#website"},"primaryImageOfPage":{"@id":"https:\/\/avrupatv.eu\/index.php\/2023\/11\/29\/eylul-ozturk-un-isyani\/#primaryimage"},"image":{"@id":"https:\/\/avrupatv.eu\/index.php\/2023\/11\/29\/eylul-ozturk-un-isyani\/#primaryimage"},"thumbnailUrl":"https:\/\/avrupatv.eu\/wp-content\/uploads\/2023\/11\/5B10756C-C4FB-45AD-9D98-AE33DABA8EE0.jpeg","datePublished":"2023-11-29T10:56:06+00:00","breadcrumb":{"@id":"https:\/\/avrupatv.eu\/index.php\/2023\/11\/29\/eylul-ozturk-un-isyani\/#breadcrumb"},"inLanguage":"tr","potentialAction":[{"@type":"ReadAction","target":["https:\/\/avrupatv.eu\/index.php\/2023\/11\/29\/eylul-ozturk-un-isyani\/"]}]},{"@type":"ImageObject","inLanguage":"tr","@id":"https:\/\/avrupatv.eu\/index.php\/2023\/11\/29\/eylul-ozturk-un-isyani\/#primaryimage","url":"https:\/\/avrupatv.eu\/wp-content\/uploads\/2023\/11\/5B10756C-C4FB-45AD-9D98-AE33DABA8EE0.jpeg","contentUrl":"https:\/\/avrupatv.eu\/wp-content\/uploads\/2023\/11\/5B10756C-C4FB-45AD-9D98-AE33DABA8EE0.jpeg","width":683,"height":681},{"@type":"BreadcrumbList","@id":"https:\/\/avrupatv.eu\/index.php\/2023\/11\/29\/eylul-ozturk-un-isyani\/#breadcrumb","itemListElement":[{"@type":"ListItem","position":1,"name":"Anasayfa","item":"https:\/\/avrupatv.eu\/"},{"@type":"ListItem","position":2,"name":"Eyl\u00fcl \u00d6zt\u00fcrk \u2018\u00fcn \u0130SYANI!"}]},{"@type":"WebSite","@id":"https:\/\/avrupatv.eu\/#website","url":"https:\/\/avrupatv.eu\/","name":"Avrupal\u0131 T\u00fcrklerin en Yeni Haber Portal\u0131","description":"","publisher":{"@id":"https:\/\/avrupatv.eu\/#organization"},"alternateName":"Avrupa tv","potentialAction":[{"@type":"SearchAction","target":{"@type":"EntryPoint","urlTemplate":"https:\/\/avrupatv.eu\/?s={search_term_string}"},"query-input":{"@type":"PropertyValueSpecification","valueRequired":true,"valueName":"search_term_string"}}],"inLanguage":"tr"},{"@type":"Organization","@id":"https:\/\/avrupatv.eu\/#organization","name":"Avrupa Haber","url":"https:\/\/avrupatv.eu\/","logo":{"@type":"ImageObject","inLanguage":"tr","@id":"https:\/\/avrupatv.eu\/#\/schema\/logo\/image\/","url":"https:\/\/avrupatv.eu\/wp-content\/uploads\/2023\/10\/cropped-thumbnail_logo.png","contentUrl":"https:\/\/avrupatv.eu\/wp-content\/uploads\/2023\/10\/cropped-thumbnail_logo.png","width":1025,"height":302,"caption":"Avrupa Haber"},"image":{"@id":"https:\/\/avrupatv.eu\/#\/schema\/logo\/image\/"}},{"@type":"Person","@id":"https:\/\/avrupatv.eu\/#\/schema\/person\/78736cdceb592a03a0c781effacf0347","name":"Emir Ke\u015fan","image":{"@type":"ImageObject","inLanguage":"tr","@id":"https:\/\/secure.gravatar.com\/avatar\/dbd51b3ecda9841889c4e1bc514a788c653084f523fdf150dbafa993878140b4?s=96&d=mm&r=g","url":"https:\/\/secure.gravatar.com\/avatar\/dbd51b3ecda9841889c4e1bc514a788c653084f523fdf150dbafa993878140b4?s=96&d=mm&r=g","contentUrl":"https:\/\/secure.gravatar.com\/avatar\/dbd51b3ecda9841889c4e1bc514a788c653084f523fdf150dbafa993878140b4?s=96&d=mm&r=g","caption":"Emir Ke\u015fan"},"sameAs":["http:\/\/www.avrupatv.eu"],"url":"https:\/\/avrupatv.eu\/index.php\/author\/emir-kesan\/"}]}},"_links":{"self":[{"href":"https:\/\/avrupatv.eu\/index.php\/wp-json\/wp\/v2\/posts\/255","targetHints":{"allow":["GET"]}}],"collection":[{"href":"https:\/\/avrupatv.eu\/index.php\/wp-json\/wp\/v2\/posts"}],"about":[{"href":"https:\/\/avrupatv.eu\/index.php\/wp-json\/wp\/v2\/types\/post"}],"author":[{"embeddable":true,"href":"https:\/\/avrupatv.eu\/index.php\/wp-json\/wp\/v2\/users\/3"}],"replies":[{"embeddable":true,"href":"https:\/\/avrupatv.eu\/index.php\/wp-json\/wp\/v2\/comments?post=255"}],"version-history":[{"count":1,"href":"https:\/\/avrupatv.eu\/index.php\/wp-json\/wp\/v2\/posts\/255\/revisions"}],"predecessor-version":[{"id":257,"href":"https:\/\/avrupatv.eu\/index.php\/wp-json\/wp\/v2\/posts\/255\/revisions\/257"}],"wp:featuredmedia":[{"embeddable":true,"href":"https:\/\/avrupatv.eu\/index.php\/wp-json\/wp\/v2\/media\/256"}],"wp:attachment":[{"href":"https:\/\/avrupatv.eu\/index.php\/wp-json\/wp\/v2\/media?parent=255"}],"wp:term":[{"taxonomy":"category","embeddable":true,"href":"https:\/\/avrupatv.eu\/index.php\/wp-json\/wp\/v2\/categories?post=255"},{"taxonomy":"post_tag","embeddable":true,"href":"https:\/\/avrupatv.eu\/index.php\/wp-json\/wp\/v2\/tags?post=255"}],"curies":[{"name":"wp","href":"https:\/\/api.w.org\/{rel}","templated":true}]}}