{"id":210,"date":"2023-11-15T21:58:03","date_gmt":"2023-11-15T21:58:03","guid":{"rendered":"https:\/\/avrupatv.eu\/?p=210"},"modified":"2023-11-15T21:58:03","modified_gmt":"2023-11-15T21:58:03","slug":"40-yillik-varlik-mucadelesi-kktc-dimdik-ayakta","status":"publish","type":"post","link":"https:\/\/avrupatv.eu\/index.php\/2023\/11\/15\/40-yillik-varlik-mucadelesi-kktc-dimdik-ayakta\/","title":{"rendered":"40 y\u0131ll\u0131k varl\u0131k m\u00fccadelesi: KKTC dimdik ayakta"},"content":{"rendered":"\n<p>Prof. Dr. H\u00fcseyin I\u015f\u0131ksal, KKTC&#8217;nin 40. kurulu\u015f y\u0131l d\u00f6n\u00fcm\u00fcnde kurulu\u015fa giden s\u00fcreci, KKTC&#8217;nin stratejik \u00f6nemini ve t\u00fcm d\u00fcnya \u00fclkeleri taraf\u0131ndan tan\u0131nmas\u0131 yolunda diplomatik ad\u0131mlar\u0131n \u00f6nemini AA Analiz i\u00e7in kaleme ald\u0131.<\/p>\n\n\n\n<p>***<\/p>\n\n\n\n<p>K\u0131br\u0131s T\u00fcrk halk\u0131n\u0131n e\u015fsiz bir m\u00fccadele ve fedakarl\u0131klarla kurdu\u011fu Kuzey K\u0131br\u0131s T\u00fcrk Cumhuriyeti\u2019nin (KKTC) 40. kurulu\u015f y\u0131l d\u00f6n\u00fcm\u00fcn\u00fc her zamanki gibi b\u00fcy\u00fck bir co\u015fkuyla kutluyoruz. Milli m\u00fccadele liderlerimiz Dr. Faz\u0131l K\u00fc\u00e7\u00fck ve Rauf Raif Denkta\u015f\u2019\u0131n her zaman ifade etti\u011fi gibi bir halk\u0131n ula\u015fabilece\u011fi en y\u00fcce, en onurlu mertebe, ba\u011f\u0131ms\u0131z ve egemen bir devlete sahip olmas\u0131d\u0131r.<\/p>\n\n\n\n<p>K\u0131br\u0131s T\u00fcrk halk\u0131 olarak kendi vatan\u0131m\u0131zda \u00f6zg\u00fcrce ya\u015fayabiliyorsak bunu her t\u00fcrl\u00fc bedeli ve fedakarl\u0131\u011f\u0131 g\u00f6z\u00fcn\u00fc k\u0131rpmadan yapan kahraman halk\u0131m\u0131za, aziz \u015fehitlerimize, gazilerimize, ulusal kahramanlar\u0131m\u0131za, \u015fanl\u0131 ecdad\u0131m\u0131za ve anavatan\u0131m\u0131z T\u00fcrkiye Cumhuriyeti\u2019ne bor\u00e7luyuz. Ne mutlu ki bu e\u015fsiz m\u00fccadelenin her a\u015famas\u0131nda ayr\u0131lmaz bir par\u00e7as\u0131 oldu\u011fumuz y\u00fcce T\u00fcrk ulusunun e\u015fsiz destek ve yard\u0131m\u0131 her zaman bizimle oldu.<\/p>\n\n\n\n<p>Filistin\u2019de ya\u015fanan insanl\u0131k trajedisi ve ya\u015fad\u0131\u011f\u0131m\u0131z bu insanl\u0131k su\u00e7lar\u0131n\u0131n 21. y\u00fczy\u0131lda da t\u00fcm h\u0131z\u0131yla devam etmesi, T\u00fcrkiye\u2019nin garant\u00f6rl\u00fc\u011f\u00fcn\u00fcn K\u0131br\u0131s T\u00fcrk halk\u0131 i\u00e7in ne kadar ya\u015famsal \u00f6neme sahip oldu\u011funu g\u00f6steriyor. En temel anlamda g\u00fcvenlik sa\u011flanmadan di\u011fer hi\u00e7bir alanda bir geli\u015fme sa\u011flanamayaca\u011f\u0131, bu s\u00fcre\u00e7lerden ge\u00e7mi\u015f K\u0131br\u0131s T\u00fcrklerince ve t\u00fcm d\u00fcnya taraf\u0131ndan bir kez daha en dramatik y\u00f6nleriyle anla\u015f\u0131ld\u0131.<\/p>\n\n\n\n<h3 class=\"wp-block-heading\">Kurulu\u015fa giden s\u00fcre\u00e7<\/h3>\n\n\n\n<p>1963 y\u0131l\u0131 Aral\u0131k ay\u0131nda, ortak kurucusu oldu\u011fu 1960 K\u0131br\u0131s Cumhuriyeti\u2019nden silah zoruyla at\u0131lan K\u0131br\u0131s T\u00fcrkleri, hi\u00e7bir zaman Rum egemenli\u011fi alt\u0131na girmeyi kabul etmedi ve ayr\u0131 bir halk olarak kendi kaderini tayin etme (self determination) hakk\u0131n\u0131 kulland\u0131. 1964\u2019te Genel Komite, 1967\u2019de Ge\u00e7ici K\u0131br\u0131s T\u00fcrk Y\u00f6netimi, 1974\u2019te Otonom K\u0131br\u0131s T\u00fcrk Y\u00f6netimi, 1975\u2019de K\u0131br\u0131s T\u00fcrk Federe Devleti ve en nihayetinde 15 Kas\u0131m 1983\u2019te Kuzey K\u0131br\u0131s T\u00fcrk Cumhuriyeti\u2019ni ilan eden K\u0131br\u0131s T\u00fcrkleri bundan tam 40 y\u0131l \u00f6nce ba\u011f\u0131ms\u0131zl\u0131k m\u00fccadelesini devlet kurarak ta\u00e7land\u0131rd\u0131.<\/p>\n\n\n\n<p>3 Haziran 1968 tarihinde L\u00fcbnan\u2019\u0131n ba\u015fkenti Beyrut\u2019ta ba\u015flayan m\u00fczakere s\u00fcreci, 2004 Annan Plan\u0131 ve 2017 Crans Montana s\u00fcre\u00e7leri olmak \u00fczere Rum liderli\u011finin uzla\u015fmaz tutumu nedeniyle \u00e7\u00f6kt\u00fc. K\u0131br\u0131s Rum y\u00f6netimi eski d\u0131\u015fi\u015fleri bakan\u0131 Nikos Rolandis\u2019in ifadesiyle, Rum taraf\u0131 bug\u00fcne dek ortaya konan \u00e7\u00f6z\u00fcm planlar\u0131n\u0131n tamam\u0131n\u0131 reddeden taraft\u0131. Rum kesiminin amac\u0131, s\u0131f\u0131r asker, s\u0131f\u0131r garanti ve zaman i\u00e7erisinde Rum egemenli\u011fi alt\u0131nda \u00fcniter bir devlete evrilecek bir \u00e7\u00f6z\u00fcm \u015feklini T\u00fcrk taraf\u0131na dayatarak, Do\u011fu Akdeniz\u2019deki T\u00fcrk egemenli\u011finin dayanak noktas\u0131 olan KKTC\u2019yi tasfiye etmektir. Bunun ertesinde, s\u00f6zde Sevilla Haritas\u0131 ile T\u00fcrkiye Antalya K\u00f6rfezine hapsedilecek ve Do\u011fu Akdeniz\u2019deki T\u00fcrk varl\u0131\u011f\u0131 sonland\u0131r\u0131lmaya \u00e7al\u0131\u015f\u0131lacakt\u0131r.<\/p>\n\n\n\n<h3 class=\"wp-block-heading\">KKTC&#8217;nin stratejik \u00f6nemi<\/h3>\n\n\n\n<p>Akdeniz\u2019in \u00fc\u00e7\u00fcnc\u00fc b\u00fcy\u00fck adas\u0131 olan K\u0131br\u0131s, stratejik ve co\u011fra\ufb01 bak\u0131mdan e\u015fsiz bir konuma ve \u00f6neme sahiptir. T\u00fcrkiye\u2019den sadece 70 kilometre uzakl\u0131kta olan ada, T\u00fcrkiye&#8217;nin g\u00fcvenli\u011fi, k\u0131ta sahanl\u0131\u011f\u0131, M\u00fcnhas\u0131r Ekonomik B\u00f6lgesi (MEB), hava saha kontrol\u00fc, a\u00e7\u0131k denizlere ula\u015f\u0131m ve stratejik savunma derinli\u011fi a\u00e7\u0131s\u0131ndan b\u00fcy\u00fck bir \u00f6neme sahiptir. Bir ba\u015fka ifade ile K\u0131br\u0131s, T\u00fcrkiye ve T\u00fcrk d\u00fcnyas\u0131 i\u00e7in basit bir toprak par\u00e7as\u0131 de\u011fildir. En yal\u0131n ifadesiyle, T\u00fcrkiye\u2019nin Do\u011fu Akdeniz&#8217;deki yasal ve siyasi haklar\u0131n\u0131 savunabilmesi i\u00e7in KKTC\u2019nin varl\u0131\u011f\u0131 olmazsa olmazd\u0131r. KKTC\u2019nin g\u00fcvenli\u011fi T\u00fcrkiye\u2019den, T\u00fcrkiye\u2019nin g\u00fcvenli\u011fi K\u0131br\u0131s\u2019tan ba\u015flar.<\/p>\n\n\n\n<p>Bu noktada, KKTC Cumhurba\u015fkan\u0131 Ersin Tatar\u2019\u0131n 2020 se\u00e7imlerini kazanarak ortaya koydu\u011fu yeni siyaseti, \u00e7ok do\u011fru bir zamanlama ile bu jeopolitik ve tarihsel ger\u00e7ek ve \u00e7a\u011fr\u0131lara bir yan\u0131t niteli\u011findedir. Yeni s\u00fcre\u00e7, egemen e\u015fitlik ve e\u015fit uluslararas\u0131 stat\u00fc \u00e7er\u00e7evesinde iki ba\u011f\u0131ms\u0131z devletin iyi kom\u015fuluk ili\u015fkilerine dayal\u0131 i\u015fbirli\u011fi \u015feklinde olacakt\u0131r. Bir ba\u015fka ifadeyle, K\u0131br\u0131s&#8217;ta adil, kal\u0131c\u0131 ve s\u00fcrd\u00fcr\u00fclebilir bir \u00e7\u00f6z\u00fcm, K\u0131br\u0131s Rum liderli\u011fine uluslararas\u0131 camia taraf\u0131ndan bunca y\u0131ld\u0131r otoritesini, egemenli\u011fini ve g\u00fcc\u00fcn\u00fc a\u015farak verilen sanal stat\u00fcyle de\u011fil, adadaki mevcut ger\u00e7eklere sa\u011flanabilir.<\/p>\n\n\n\n<h3 class=\"wp-block-heading\">Diplomatik ba\u015far\u0131lar<\/h3>\n\n\n\n<p>Bu noktada, T\u00fcrkiye Cumhuriyeti Cumhurba\u015fkan\u0131 Recep Tayip Erdo\u011fan\u2019\u0131n Birle\u015fmi\u015f Miletler (BM) 77. ve 78. Genel Kurullar\u0131nda t\u00fcm d\u00fcnya liderlerine yapt\u0131\u011f\u0131 \u201cKKTC\u2019yi tan\u0131y\u0131n\u201d \u00e7a\u011fr\u0131s\u0131 tan\u0131nma yolunda at\u0131lan tarihi bir ad\u0131m oldu. Bunun ertesinde, 2004 y\u0131l\u0131nda \u0130slam \u0130\u015fbirli\u011fi Te\u015fkilat\u0131\u2019na (\u0130\u0130T), 2012 y\u0131l\u0131nda ise Ekonomik \u0130\u015fbirli\u011fi Te\u015fkilat\u0131\u2019na (E\u0130T) g\u00f6zlemci \u00fcye olan KKTC, 2022 y\u0131l\u0131nda T\u00fcrk Devletleri Te\u015fkilat\u0131\u2019na (TDT) anayasal ismiyle g\u00f6zlemci \u00fcye olmay\u0131 ba\u015fard\u0131. \u00d6zellikle 21&#8217;inci y\u00fczy\u0131l\u0131 T\u00fcrk asr\u0131 yapma ve t\u00fcm siyasal dengeleri derinden etkileyebilme potansiyeline fazlas\u0131yla sahip olan TDT, KKTC&#8217;nin kat\u0131l\u0131m\u0131yla daha da g\u00fc\u00e7lendi ve KKTC&#8217;nin ata yurdu Orta Asya\u2019dan Do\u011fu Akdeniz\u2019e kurulacak olan k\u00f6pr\u00fcn\u00fcn temelleri at\u0131ld\u0131. T\u00fcm bu tarihi diplomatik ba\u015far\u0131lar, kendini hala adan\u0131n tek hakimi sanan Rum taraf\u0131 ve onlar\u0131n haks\u0131z ve kanunsuz \u00fcyelikleri sonras\u0131 K\u0131br\u0131s T\u00fcrklerinin uluslararas\u0131 platformlarda sesini duyurmas\u0131n\u0131 \u015fantaj ve tehdit yoluyla engelleme \u00e7abalar\u0131na alet ve arac\u0131 olan Avrupa Birli\u011fi&#8217;ne (AB) kar\u015f\u0131 elde edildi.<\/p>\n\n\n\n<p>Kurulu\u015funun 40. y\u0131l\u0131nda, K\u0131br\u0131s T\u00fcrk halk\u0131n\u0131n do\u011fas\u0131nda var olan t\u00fcm zorluklara kar\u015f\u0131 g\u00f6sterdi\u011fi tarihi mukavemet, bu olumlu geli\u015fmelerden daha da cesaret alarak h\u0131z kesmeden devam edecektir. KKTC sahip oldu\u011fu \u00f6zelliklerle T\u00fcrk d\u00fcnyas\u0131na her anlamda g\u00fc\u00e7 katabilecek bir \u00fclkedir. D\u00fcnyan\u0131n en \u00f6nemli enerji ve ticari hatlar\u0131n\u0131 kontrol eden e\u015fsiz jeopoliti\u011fi, uluslararas\u0131 ve tam kapasiteli liman ve havaalan\u0131, 30\u2019a yakla\u015fan \u00fcniversite say\u0131s\u0131 ile bilim \u00fcss\u00fc olma potansiyeli, ada etraf\u0131ndaki hidrokarbon kaynaklar\u0131 ile enerji sekt\u00f6r\u00fcne sa\u011flayabilece\u011fi katk\u0131, y\u0131lda 1 milyona yakla\u015fan turist say\u0131s\u0131 ve turizm potansiyeli, geli\u015fmi\u015f altyap\u0131s\u0131, insan g\u00fcc\u00fc, kozmopolit ve \u00e7ok k\u00fclt\u00fcrl\u00fc yap\u0131s\u0131 ile d\u00fcnyan\u0131n her yerinden beyin g\u00fcc\u00fc \u00e7ekme potansiyeli ile T\u00fcrk d\u00fcnyas\u0131n\u0131n en g\u00fcneydeki ve tek ada devleti olan KKTC, T\u00fcrk d\u00fcnyas\u0131 i\u00e7in e\u015fi benzeri olmayan bir \u00f6neme sahiptir.<\/p>\n\n\n\n<p>Uluslararas\u0131 s\u00f6zle\u015fmelerin tarif etti\u011fi devlet olma \u00f6zelli\u011fi \u015fartlar\u0131n\u0131n t\u00fcm\u00fcn\u00fc kar\u015f\u0131layan KKTC devletinin Ankara\u2019daki B\u00fcy\u00fckel\u00e7ili\u011fi ve \u0130stanbul, \u0130zmir, Antalya, Mersin, Trabzon ve Gaziantep\u2019teki ba\u015fkonsolosluklar\u0131 da dahil olmak \u00fczere 20 ayr\u0131 \u00fclkede temsilcilikleri vard\u0131r. Karada, denizde ve havada var olan KKTC ger\u00e7e\u011fi, er ya da ge\u00e7 t\u00fcm d\u00fcnya taraf\u0131ndan kabul edilecektir. Burada \u00f6nemli olan tan\u0131nmay\u0131 bir \u201cprosed\u00fcr\u201d haline getirerek, KKTC\u2019nin her alanda g\u00fc\u00e7lendirilmesinin devam etmesidir.<\/p>\n\n\n\n<p>Sonu\u00e7 olarak, onurlu ama ayn\u0131 zamanda zor bir g\u00f6rev olan T\u00fcrkl\u00fc\u011f\u00fcn varl\u0131\u011f\u0131 m\u00fccadelesinin tam kalbinde yer alan KKTC ve K\u0131br\u0131s davas\u0131, d\u00fcnyan\u0131n d\u00f6rt bir taraf\u0131ndaki T\u00fcrklerin omuz omuza vererek her daim savunmas\u0131 gereken bir milli m\u00fccadeledir. Uzla\u015fmaz ve maksimalist Rum zihniyetiyle ve onun tek dayana\u011f\u0131 durumunda kalan siyasi ve bu \u00e7a\u011fa ait olmayan BMGK mekanizmas\u0131, kararlar\u0131 ve parametreleriyle K\u0131br\u0131s meselesinin \u00e7\u00f6z\u00fclemeyece\u011fi 60 y\u0131ll\u0131k m\u00fczakere s\u00fcre\u00e7leri neticesinde g\u00f6r\u00fcld\u00fc. K\u0131br\u0131s\u2019ta art\u0131k hangi modelin i\u015fe yaramayaca\u011f\u0131 bellidir. Amerika Birle\u015fik Devletleri (ABD) ve AB \u00fclkelerinin b\u00f6lgedeki esas amac\u0131 istikrar ve s\u00fcrd\u00fcr\u00fclebilir bar\u0131\u015f ise, T\u00fcrk taraf\u0131n\u0131n ortaya koydu\u011fu, adadaki iki devletin iyi kom\u015fuluk ili\u015fkilerine dayanan yeni siyasetini samimi olarak de\u011ferlendirmenin vakti geldi. Aral\u0131k 1963 y\u0131l\u0131nda ba\u015flayan katliam giri\u015fimlerine, t\u00fcm insanl\u0131k d\u0131\u015f\u0131 izolasyon ve ambargolara kar\u015f\u0131 dizlerinin \u00fczerine \u00e7\u00f6kt\u00fcr\u00fclemeyen m\u00fccahit K\u0131br\u0131s T\u00fcrk halk\u0131, yeni d\u00f6nemde de \u00fczerine d\u00fc\u015feni yapacak ve m\u00fccadelesinin, ba\u011f\u0131ms\u0131zl\u0131\u011f\u0131n\u0131n, egemenli\u011finin, gururunun, onurunun ve gelece\u011finin simgesi, \u015fehitlerimizin yadigar\u0131 olan yuvam\u0131z, kimli\u011fimiz ve vatan\u0131m\u0131z KKTC\u2019yi sonsuza kadar ya\u015fatmaya devam edecektir.<\/p>\n\n\n\n<p>[Prof. Dr. H\u00fcseyin I\u015f\u0131ksal, Kuzey K\u0131br\u0131s T\u00fcrk Cumhuriyeti Cumhurba\u015fkan\u0131 Uluslararas\u0131 \u0130li\u015fkiler ve Diplomasi \u00d6zel Dan\u0131\u015fman\u0131d\u0131r.]<\/p>\n","protected":false},"excerpt":{"rendered":"<p>Prof. Dr. H\u00fcseyin I\u015f\u0131ksal, KKTC&#8217;nin 40. kurulu\u015f y\u0131l d\u00f6n\u00fcm\u00fcnde kurulu\u015fa giden s\u00fcreci, KKTC&#8217;nin stratejik \u00f6nemini ve t\u00fcm d\u00fcnya \u00fclkeleri taraf\u0131ndan tan\u0131nmas\u0131 yolunda diplomatik ad\u0131mlar\u0131n \u00f6nemini AA Analiz i\u00e7in kaleme ald\u0131. *** K\u0131br\u0131s T\u00fcrk halk\u0131n\u0131n e\u015fsiz bir m\u00fccadele ve fedakarl\u0131klarla kurdu\u011fu Kuzey K\u0131br\u0131s T\u00fcrk Cumhuriyeti\u2019nin (KKTC) 40. kurulu\u015f y\u0131l d\u00f6n\u00fcm\u00fcn\u00fc her zamanki gibi b\u00fcy\u00fck bir co\u015fkuyla [&hellip;]<\/p>\n","protected":false},"author":2,"featured_media":211,"comment_status":"open","ping_status":"open","sticky":false,"template":"","format":"standard","meta":{"footnotes":""},"categories":[8,11],"tags":[],"class_list":["post-210","post","type-post","status-publish","format-standard","has-post-thumbnail","hentry","category-gundem","category-turkiye"],"yoast_head":"<!-- This site is optimized with the Yoast SEO plugin v27.4 - https:\/\/yoast.com\/product\/yoast-seo-wordpress\/ -->\n<title>40 y\u0131ll\u0131k varl\u0131k m\u00fccadelesi: KKTC dimdik ayakta - Avrupal\u0131 T\u00fcrklerin en Yeni Haber Portal\u0131<\/title>\n<meta name=\"robots\" content=\"index, follow, max-snippet:-1, max-image-preview:large, max-video-preview:-1\" \/>\n<link rel=\"canonical\" href=\"https:\/\/avrupatv.eu\/index.php\/2023\/11\/15\/40-yillik-varlik-mucadelesi-kktc-dimdik-ayakta\/\" \/>\n<meta property=\"og:locale\" content=\"tr_TR\" \/>\n<meta property=\"og:type\" content=\"article\" \/>\n<meta property=\"og:title\" content=\"40 y\u0131ll\u0131k varl\u0131k m\u00fccadelesi: KKTC dimdik ayakta - Avrupal\u0131 T\u00fcrklerin en Yeni Haber Portal\u0131\" \/>\n<meta property=\"og:description\" content=\"Prof. Dr. H\u00fcseyin I\u015f\u0131ksal, KKTC&#8217;nin 40. kurulu\u015f y\u0131l d\u00f6n\u00fcm\u00fcnde kurulu\u015fa giden s\u00fcreci, KKTC&#8217;nin stratejik \u00f6nemini ve t\u00fcm d\u00fcnya \u00fclkeleri taraf\u0131ndan tan\u0131nmas\u0131 yolunda diplomatik ad\u0131mlar\u0131n \u00f6nemini AA Analiz i\u00e7in kaleme ald\u0131. *** K\u0131br\u0131s T\u00fcrk halk\u0131n\u0131n e\u015fsiz bir m\u00fccadele ve fedakarl\u0131klarla kurdu\u011fu Kuzey K\u0131br\u0131s T\u00fcrk Cumhuriyeti\u2019nin (KKTC) 40. kurulu\u015f y\u0131l d\u00f6n\u00fcm\u00fcn\u00fc her zamanki gibi b\u00fcy\u00fck bir co\u015fkuyla [&hellip;]\" \/>\n<meta property=\"og:url\" content=\"https:\/\/avrupatv.eu\/index.php\/2023\/11\/15\/40-yillik-varlik-mucadelesi-kktc-dimdik-ayakta\/\" \/>\n<meta property=\"og:site_name\" content=\"Avrupal\u0131 T\u00fcrklerin en Yeni Haber Portal\u0131\" \/>\n<meta property=\"article:published_time\" content=\"2023-11-15T21:58:03+00:00\" \/>\n<meta property=\"og:image\" content=\"https:\/\/avrupatv.eu\/wp-content\/uploads\/2023\/11\/thumbs_b_c_fddfbac5c61513ae62bf9255f425beb1.jpg\" \/>\n\t<meta property=\"og:image:width\" content=\"864\" \/>\n\t<meta property=\"og:image:height\" content=\"486\" \/>\n\t<meta property=\"og:image:type\" content=\"image\/jpeg\" \/>\n<meta name=\"author\" content=\"Onur Akpinar\" \/>\n<meta name=\"twitter:card\" content=\"summary_large_image\" \/>\n<meta name=\"twitter:label1\" content=\"Yazan:\" \/>\n\t<meta name=\"twitter:data1\" content=\"Onur Akpinar\" \/>\n\t<meta name=\"twitter:label2\" content=\"Tahmini okuma s\u00fcresi\" \/>\n\t<meta name=\"twitter:data2\" content=\"7 dakika\" \/>\n<script type=\"application\/ld+json\" class=\"yoast-schema-graph\">{\"@context\":\"https:\\\/\\\/schema.org\",\"@graph\":[{\"@type\":\"Article\",\"@id\":\"https:\\\/\\\/avrupatv.eu\\\/index.php\\\/2023\\\/11\\\/15\\\/40-yillik-varlik-mucadelesi-kktc-dimdik-ayakta\\\/#article\",\"isPartOf\":{\"@id\":\"https:\\\/\\\/avrupatv.eu\\\/index.php\\\/2023\\\/11\\\/15\\\/40-yillik-varlik-mucadelesi-kktc-dimdik-ayakta\\\/\"},\"author\":{\"name\":\"Onur Akpinar\",\"@id\":\"https:\\\/\\\/avrupatv.eu\\\/#\\\/schema\\\/person\\\/d56afa5d5569da4029d483da36c0c17d\"},\"headline\":\"40 y\u0131ll\u0131k varl\u0131k m\u00fccadelesi: KKTC dimdik ayakta\",\"datePublished\":\"2023-11-15T21:58:03+00:00\",\"mainEntityOfPage\":{\"@id\":\"https:\\\/\\\/avrupatv.eu\\\/index.php\\\/2023\\\/11\\\/15\\\/40-yillik-varlik-mucadelesi-kktc-dimdik-ayakta\\\/\"},\"wordCount\":1563,\"commentCount\":0,\"publisher\":{\"@id\":\"https:\\\/\\\/avrupatv.eu\\\/#organization\"},\"image\":{\"@id\":\"https:\\\/\\\/avrupatv.eu\\\/index.php\\\/2023\\\/11\\\/15\\\/40-yillik-varlik-mucadelesi-kktc-dimdik-ayakta\\\/#primaryimage\"},\"thumbnailUrl\":\"https:\\\/\\\/avrupatv.eu\\\/wp-content\\\/uploads\\\/2023\\\/11\\\/thumbs_b_c_fddfbac5c61513ae62bf9255f425beb1.jpg\",\"articleSection\":[\"G\u00fcndem\",\"T\u00fcrkiye\"],\"inLanguage\":\"tr\",\"potentialAction\":[{\"@type\":\"CommentAction\",\"name\":\"Comment\",\"target\":[\"https:\\\/\\\/avrupatv.eu\\\/index.php\\\/2023\\\/11\\\/15\\\/40-yillik-varlik-mucadelesi-kktc-dimdik-ayakta\\\/#respond\"]}]},{\"@type\":\"WebPage\",\"@id\":\"https:\\\/\\\/avrupatv.eu\\\/index.php\\\/2023\\\/11\\\/15\\\/40-yillik-varlik-mucadelesi-kktc-dimdik-ayakta\\\/\",\"url\":\"https:\\\/\\\/avrupatv.eu\\\/index.php\\\/2023\\\/11\\\/15\\\/40-yillik-varlik-mucadelesi-kktc-dimdik-ayakta\\\/\",\"name\":\"40 y\u0131ll\u0131k varl\u0131k m\u00fccadelesi: KKTC dimdik ayakta - Avrupal\u0131 T\u00fcrklerin en Yeni Haber Portal\u0131\",\"isPartOf\":{\"@id\":\"https:\\\/\\\/avrupatv.eu\\\/#website\"},\"primaryImageOfPage\":{\"@id\":\"https:\\\/\\\/avrupatv.eu\\\/index.php\\\/2023\\\/11\\\/15\\\/40-yillik-varlik-mucadelesi-kktc-dimdik-ayakta\\\/#primaryimage\"},\"image\":{\"@id\":\"https:\\\/\\\/avrupatv.eu\\\/index.php\\\/2023\\\/11\\\/15\\\/40-yillik-varlik-mucadelesi-kktc-dimdik-ayakta\\\/#primaryimage\"},\"thumbnailUrl\":\"https:\\\/\\\/avrupatv.eu\\\/wp-content\\\/uploads\\\/2023\\\/11\\\/thumbs_b_c_fddfbac5c61513ae62bf9255f425beb1.jpg\",\"datePublished\":\"2023-11-15T21:58:03+00:00\",\"breadcrumb\":{\"@id\":\"https:\\\/\\\/avrupatv.eu\\\/index.php\\\/2023\\\/11\\\/15\\\/40-yillik-varlik-mucadelesi-kktc-dimdik-ayakta\\\/#breadcrumb\"},\"inLanguage\":\"tr\",\"potentialAction\":[{\"@type\":\"ReadAction\",\"target\":[\"https:\\\/\\\/avrupatv.eu\\\/index.php\\\/2023\\\/11\\\/15\\\/40-yillik-varlik-mucadelesi-kktc-dimdik-ayakta\\\/\"]}]},{\"@type\":\"ImageObject\",\"inLanguage\":\"tr\",\"@id\":\"https:\\\/\\\/avrupatv.eu\\\/index.php\\\/2023\\\/11\\\/15\\\/40-yillik-varlik-mucadelesi-kktc-dimdik-ayakta\\\/#primaryimage\",\"url\":\"https:\\\/\\\/avrupatv.eu\\\/wp-content\\\/uploads\\\/2023\\\/11\\\/thumbs_b_c_fddfbac5c61513ae62bf9255f425beb1.jpg\",\"contentUrl\":\"https:\\\/\\\/avrupatv.eu\\\/wp-content\\\/uploads\\\/2023\\\/11\\\/thumbs_b_c_fddfbac5c61513ae62bf9255f425beb1.jpg\",\"width\":864,\"height\":486},{\"@type\":\"BreadcrumbList\",\"@id\":\"https:\\\/\\\/avrupatv.eu\\\/index.php\\\/2023\\\/11\\\/15\\\/40-yillik-varlik-mucadelesi-kktc-dimdik-ayakta\\\/#breadcrumb\",\"itemListElement\":[{\"@type\":\"ListItem\",\"position\":1,\"name\":\"Anasayfa\",\"item\":\"https:\\\/\\\/avrupatv.eu\\\/\"},{\"@type\":\"ListItem\",\"position\":2,\"name\":\"40 y\u0131ll\u0131k varl\u0131k m\u00fccadelesi: KKTC dimdik ayakta\"}]},{\"@type\":\"WebSite\",\"@id\":\"https:\\\/\\\/avrupatv.eu\\\/#website\",\"url\":\"https:\\\/\\\/avrupatv.eu\\\/\",\"name\":\"Avrupal\u0131 T\u00fcrklerin en Yeni Haber Portal\u0131\",\"description\":\"\",\"publisher\":{\"@id\":\"https:\\\/\\\/avrupatv.eu\\\/#organization\"},\"alternateName\":\"Avrupa tv\",\"potentialAction\":[{\"@type\":\"SearchAction\",\"target\":{\"@type\":\"EntryPoint\",\"urlTemplate\":\"https:\\\/\\\/avrupatv.eu\\\/?s={search_term_string}\"},\"query-input\":{\"@type\":\"PropertyValueSpecification\",\"valueRequired\":true,\"valueName\":\"search_term_string\"}}],\"inLanguage\":\"tr\"},{\"@type\":\"Organization\",\"@id\":\"https:\\\/\\\/avrupatv.eu\\\/#organization\",\"name\":\"Avrupa Haber\",\"url\":\"https:\\\/\\\/avrupatv.eu\\\/\",\"logo\":{\"@type\":\"ImageObject\",\"inLanguage\":\"tr\",\"@id\":\"https:\\\/\\\/avrupatv.eu\\\/#\\\/schema\\\/logo\\\/image\\\/\",\"url\":\"https:\\\/\\\/avrupatv.eu\\\/wp-content\\\/uploads\\\/2023\\\/10\\\/cropped-thumbnail_logo.png\",\"contentUrl\":\"https:\\\/\\\/avrupatv.eu\\\/wp-content\\\/uploads\\\/2023\\\/10\\\/cropped-thumbnail_logo.png\",\"width\":1025,\"height\":302,\"caption\":\"Avrupa Haber\"},\"image\":{\"@id\":\"https:\\\/\\\/avrupatv.eu\\\/#\\\/schema\\\/logo\\\/image\\\/\"}},{\"@type\":\"Person\",\"@id\":\"https:\\\/\\\/avrupatv.eu\\\/#\\\/schema\\\/person\\\/d56afa5d5569da4029d483da36c0c17d\",\"name\":\"Onur Akpinar\",\"image\":{\"@type\":\"ImageObject\",\"inLanguage\":\"tr\",\"@id\":\"https:\\\/\\\/secure.gravatar.com\\\/avatar\\\/67a1a0bdf34f82da209334e4684b7e7171a58a5a2b0a8f836b61044f5c1f5d6a?s=96&d=mm&r=g\",\"url\":\"https:\\\/\\\/secure.gravatar.com\\\/avatar\\\/67a1a0bdf34f82da209334e4684b7e7171a58a5a2b0a8f836b61044f5c1f5d6a?s=96&d=mm&r=g\",\"contentUrl\":\"https:\\\/\\\/secure.gravatar.com\\\/avatar\\\/67a1a0bdf34f82da209334e4684b7e7171a58a5a2b0a8f836b61044f5c1f5d6a?s=96&d=mm&r=g\",\"caption\":\"Onur Akpinar\"},\"url\":\"https:\\\/\\\/avrupatv.eu\\\/index.php\\\/author\\\/onur-akpinar\\\/\"}]}<\/script>\n<!-- \/ Yoast SEO plugin. -->","yoast_head_json":{"title":"40 y\u0131ll\u0131k varl\u0131k m\u00fccadelesi: KKTC dimdik ayakta - Avrupal\u0131 T\u00fcrklerin en Yeni Haber Portal\u0131","robots":{"index":"index","follow":"follow","max-snippet":"max-snippet:-1","max-image-preview":"max-image-preview:large","max-video-preview":"max-video-preview:-1"},"canonical":"https:\/\/avrupatv.eu\/index.php\/2023\/11\/15\/40-yillik-varlik-mucadelesi-kktc-dimdik-ayakta\/","og_locale":"tr_TR","og_type":"article","og_title":"40 y\u0131ll\u0131k varl\u0131k m\u00fccadelesi: KKTC dimdik ayakta - Avrupal\u0131 T\u00fcrklerin en Yeni Haber Portal\u0131","og_description":"Prof. Dr. H\u00fcseyin I\u015f\u0131ksal, KKTC&#8217;nin 40. kurulu\u015f y\u0131l d\u00f6n\u00fcm\u00fcnde kurulu\u015fa giden s\u00fcreci, KKTC&#8217;nin stratejik \u00f6nemini ve t\u00fcm d\u00fcnya \u00fclkeleri taraf\u0131ndan tan\u0131nmas\u0131 yolunda diplomatik ad\u0131mlar\u0131n \u00f6nemini AA Analiz i\u00e7in kaleme ald\u0131. *** K\u0131br\u0131s T\u00fcrk halk\u0131n\u0131n e\u015fsiz bir m\u00fccadele ve fedakarl\u0131klarla kurdu\u011fu Kuzey K\u0131br\u0131s T\u00fcrk Cumhuriyeti\u2019nin (KKTC) 40. kurulu\u015f y\u0131l d\u00f6n\u00fcm\u00fcn\u00fc her zamanki gibi b\u00fcy\u00fck bir co\u015fkuyla [&hellip;]","og_url":"https:\/\/avrupatv.eu\/index.php\/2023\/11\/15\/40-yillik-varlik-mucadelesi-kktc-dimdik-ayakta\/","og_site_name":"Avrupal\u0131 T\u00fcrklerin en Yeni Haber Portal\u0131","article_published_time":"2023-11-15T21:58:03+00:00","og_image":[{"width":864,"height":486,"url":"https:\/\/avrupatv.eu\/wp-content\/uploads\/2023\/11\/thumbs_b_c_fddfbac5c61513ae62bf9255f425beb1.jpg","type":"image\/jpeg"}],"author":"Onur Akpinar","twitter_card":"summary_large_image","twitter_misc":{"Yazan:":"Onur Akpinar","Tahmini okuma s\u00fcresi":"7 dakika"},"schema":{"@context":"https:\/\/schema.org","@graph":[{"@type":"Article","@id":"https:\/\/avrupatv.eu\/index.php\/2023\/11\/15\/40-yillik-varlik-mucadelesi-kktc-dimdik-ayakta\/#article","isPartOf":{"@id":"https:\/\/avrupatv.eu\/index.php\/2023\/11\/15\/40-yillik-varlik-mucadelesi-kktc-dimdik-ayakta\/"},"author":{"name":"Onur Akpinar","@id":"https:\/\/avrupatv.eu\/#\/schema\/person\/d56afa5d5569da4029d483da36c0c17d"},"headline":"40 y\u0131ll\u0131k varl\u0131k m\u00fccadelesi: KKTC dimdik ayakta","datePublished":"2023-11-15T21:58:03+00:00","mainEntityOfPage":{"@id":"https:\/\/avrupatv.eu\/index.php\/2023\/11\/15\/40-yillik-varlik-mucadelesi-kktc-dimdik-ayakta\/"},"wordCount":1563,"commentCount":0,"publisher":{"@id":"https:\/\/avrupatv.eu\/#organization"},"image":{"@id":"https:\/\/avrupatv.eu\/index.php\/2023\/11\/15\/40-yillik-varlik-mucadelesi-kktc-dimdik-ayakta\/#primaryimage"},"thumbnailUrl":"https:\/\/avrupatv.eu\/wp-content\/uploads\/2023\/11\/thumbs_b_c_fddfbac5c61513ae62bf9255f425beb1.jpg","articleSection":["G\u00fcndem","T\u00fcrkiye"],"inLanguage":"tr","potentialAction":[{"@type":"CommentAction","name":"Comment","target":["https:\/\/avrupatv.eu\/index.php\/2023\/11\/15\/40-yillik-varlik-mucadelesi-kktc-dimdik-ayakta\/#respond"]}]},{"@type":"WebPage","@id":"https:\/\/avrupatv.eu\/index.php\/2023\/11\/15\/40-yillik-varlik-mucadelesi-kktc-dimdik-ayakta\/","url":"https:\/\/avrupatv.eu\/index.php\/2023\/11\/15\/40-yillik-varlik-mucadelesi-kktc-dimdik-ayakta\/","name":"40 y\u0131ll\u0131k varl\u0131k m\u00fccadelesi: KKTC dimdik ayakta - Avrupal\u0131 T\u00fcrklerin en Yeni Haber Portal\u0131","isPartOf":{"@id":"https:\/\/avrupatv.eu\/#website"},"primaryImageOfPage":{"@id":"https:\/\/avrupatv.eu\/index.php\/2023\/11\/15\/40-yillik-varlik-mucadelesi-kktc-dimdik-ayakta\/#primaryimage"},"image":{"@id":"https:\/\/avrupatv.eu\/index.php\/2023\/11\/15\/40-yillik-varlik-mucadelesi-kktc-dimdik-ayakta\/#primaryimage"},"thumbnailUrl":"https:\/\/avrupatv.eu\/wp-content\/uploads\/2023\/11\/thumbs_b_c_fddfbac5c61513ae62bf9255f425beb1.jpg","datePublished":"2023-11-15T21:58:03+00:00","breadcrumb":{"@id":"https:\/\/avrupatv.eu\/index.php\/2023\/11\/15\/40-yillik-varlik-mucadelesi-kktc-dimdik-ayakta\/#breadcrumb"},"inLanguage":"tr","potentialAction":[{"@type":"ReadAction","target":["https:\/\/avrupatv.eu\/index.php\/2023\/11\/15\/40-yillik-varlik-mucadelesi-kktc-dimdik-ayakta\/"]}]},{"@type":"ImageObject","inLanguage":"tr","@id":"https:\/\/avrupatv.eu\/index.php\/2023\/11\/15\/40-yillik-varlik-mucadelesi-kktc-dimdik-ayakta\/#primaryimage","url":"https:\/\/avrupatv.eu\/wp-content\/uploads\/2023\/11\/thumbs_b_c_fddfbac5c61513ae62bf9255f425beb1.jpg","contentUrl":"https:\/\/avrupatv.eu\/wp-content\/uploads\/2023\/11\/thumbs_b_c_fddfbac5c61513ae62bf9255f425beb1.jpg","width":864,"height":486},{"@type":"BreadcrumbList","@id":"https:\/\/avrupatv.eu\/index.php\/2023\/11\/15\/40-yillik-varlik-mucadelesi-kktc-dimdik-ayakta\/#breadcrumb","itemListElement":[{"@type":"ListItem","position":1,"name":"Anasayfa","item":"https:\/\/avrupatv.eu\/"},{"@type":"ListItem","position":2,"name":"40 y\u0131ll\u0131k varl\u0131k m\u00fccadelesi: KKTC dimdik ayakta"}]},{"@type":"WebSite","@id":"https:\/\/avrupatv.eu\/#website","url":"https:\/\/avrupatv.eu\/","name":"Avrupal\u0131 T\u00fcrklerin en Yeni Haber Portal\u0131","description":"","publisher":{"@id":"https:\/\/avrupatv.eu\/#organization"},"alternateName":"Avrupa tv","potentialAction":[{"@type":"SearchAction","target":{"@type":"EntryPoint","urlTemplate":"https:\/\/avrupatv.eu\/?s={search_term_string}"},"query-input":{"@type":"PropertyValueSpecification","valueRequired":true,"valueName":"search_term_string"}}],"inLanguage":"tr"},{"@type":"Organization","@id":"https:\/\/avrupatv.eu\/#organization","name":"Avrupa Haber","url":"https:\/\/avrupatv.eu\/","logo":{"@type":"ImageObject","inLanguage":"tr","@id":"https:\/\/avrupatv.eu\/#\/schema\/logo\/image\/","url":"https:\/\/avrupatv.eu\/wp-content\/uploads\/2023\/10\/cropped-thumbnail_logo.png","contentUrl":"https:\/\/avrupatv.eu\/wp-content\/uploads\/2023\/10\/cropped-thumbnail_logo.png","width":1025,"height":302,"caption":"Avrupa Haber"},"image":{"@id":"https:\/\/avrupatv.eu\/#\/schema\/logo\/image\/"}},{"@type":"Person","@id":"https:\/\/avrupatv.eu\/#\/schema\/person\/d56afa5d5569da4029d483da36c0c17d","name":"Onur Akpinar","image":{"@type":"ImageObject","inLanguage":"tr","@id":"https:\/\/secure.gravatar.com\/avatar\/67a1a0bdf34f82da209334e4684b7e7171a58a5a2b0a8f836b61044f5c1f5d6a?s=96&d=mm&r=g","url":"https:\/\/secure.gravatar.com\/avatar\/67a1a0bdf34f82da209334e4684b7e7171a58a5a2b0a8f836b61044f5c1f5d6a?s=96&d=mm&r=g","contentUrl":"https:\/\/secure.gravatar.com\/avatar\/67a1a0bdf34f82da209334e4684b7e7171a58a5a2b0a8f836b61044f5c1f5d6a?s=96&d=mm&r=g","caption":"Onur Akpinar"},"url":"https:\/\/avrupatv.eu\/index.php\/author\/onur-akpinar\/"}]}},"_links":{"self":[{"href":"https:\/\/avrupatv.eu\/index.php\/wp-json\/wp\/v2\/posts\/210","targetHints":{"allow":["GET"]}}],"collection":[{"href":"https:\/\/avrupatv.eu\/index.php\/wp-json\/wp\/v2\/posts"}],"about":[{"href":"https:\/\/avrupatv.eu\/index.php\/wp-json\/wp\/v2\/types\/post"}],"author":[{"embeddable":true,"href":"https:\/\/avrupatv.eu\/index.php\/wp-json\/wp\/v2\/users\/2"}],"replies":[{"embeddable":true,"href":"https:\/\/avrupatv.eu\/index.php\/wp-json\/wp\/v2\/comments?post=210"}],"version-history":[{"count":1,"href":"https:\/\/avrupatv.eu\/index.php\/wp-json\/wp\/v2\/posts\/210\/revisions"}],"predecessor-version":[{"id":212,"href":"https:\/\/avrupatv.eu\/index.php\/wp-json\/wp\/v2\/posts\/210\/revisions\/212"}],"wp:featuredmedia":[{"embeddable":true,"href":"https:\/\/avrupatv.eu\/index.php\/wp-json\/wp\/v2\/media\/211"}],"wp:attachment":[{"href":"https:\/\/avrupatv.eu\/index.php\/wp-json\/wp\/v2\/media?parent=210"}],"wp:term":[{"taxonomy":"category","embeddable":true,"href":"https:\/\/avrupatv.eu\/index.php\/wp-json\/wp\/v2\/categories?post=210"},{"taxonomy":"post_tag","embeddable":true,"href":"https:\/\/avrupatv.eu\/index.php\/wp-json\/wp\/v2\/tags?post=210"}],"curies":[{"name":"wp","href":"https:\/\/api.w.org\/{rel}","templated":true}]}}