{"id":208,"date":"2023-11-15T21:56:58","date_gmt":"2023-11-15T21:56:58","guid":{"rendered":"https:\/\/avrupatv.eu\/?p=208"},"modified":"2023-11-15T21:56:58","modified_gmt":"2023-11-15T21:56:58","slug":"bm-gazzede-catismalara-acil-ve-uzatilmis-ara-verilmesi-talep-edilen-karar-tasarisini-kabul-etti","status":"publish","type":"post","link":"https:\/\/avrupatv.eu\/index.php\/2023\/11\/15\/bm-gazzede-catismalara-acil-ve-uzatilmis-ara-verilmesi-talep-edilen-karar-tasarisini-kabul-etti\/","title":{"rendered":"BM, Gazze&#8217;de \u00e7at\u0131\u015fmalara &#8220;acil ve uzat\u0131lm\u0131\u015f ara verilmesi&#8221; talep edilen karar tasar\u0131s\u0131n\u0131 kabul etti"},"content":{"rendered":"\n<p>BMGK&#8217;de Malta&#8217;n\u0131n sundu\u011fu karar tasar\u0131s\u0131 d\u00fczenlenen acil oturumda oyland\u0131.<\/p>\n\n\n\n<p>Tasar\u0131, 15 \u00fcyeden 12&#8217;sinin &#8220;evet&#8221;, 3&#8217;\u00fcn\u00fcn &#8220;\u00e7ekimser&#8221; oyuyla kabul edildi.<\/p>\n\n\n\n<p>ABD, Rusya ve \u0130ngiltere \u00e7ekimser oy kullanan \u00fclkeler oldu.<\/p>\n\n\n\n<p>Di\u011fer taraftan Konsey, Rusya&#8217;n\u0131n &#8220;insani ara&#8221; yerine ate\u015fkes ifadesinin yer almas\u0131na y\u00f6nelik de\u011fi\u015fiklik \u00f6nerisini reddetti.<\/p>\n\n\n\n<h3 class=\"wp-block-heading\">Kararda &#8220;\u00e7at\u0131\u015fmalara acil ve uzat\u0131lm\u0131\u015f insani ara&#8221; talep edildi<\/h3>\n\n\n\n<p>Kararda insani ate\u015fkes yerine &#8220;\u00e7at\u0131\u015fmalara acil ve uzat\u0131lm\u0131\u015f insani ara&#8221; verilmesi ve uluslararas\u0131 insanc\u0131l hukuka uygun \u015fekilde Gazze \u015eeridi&#8217;nde koridorlar olu\u015fturulmas\u0131 talep edildi.<\/p>\n\n\n\n<p>S\u00f6z konusu aralar\u0131n uluslararas\u0131 insanc\u0131l hukuka uygun \u015fekilde &#8220;yeterli g\u00fcn&#8221; olmas\u0131 gerekti\u011fine i\u015faret edilen kararda, BM ve ortaklar\u0131na insani yard\u0131m i\u00e7in kesintisiz, h\u0131zl\u0131 ve g\u00fcvenli eri\u015fim \u00e7a\u011fr\u0131s\u0131 yap\u0131ld\u0131.<\/p>\n\n\n\n<p>Hamas ve di\u011fer gruplardan \u00f6ncelikle \u00e7ocuklar olacak \u015fekilde t\u00fcm rehinelerin serbest b\u0131rak\u0131lmas\u0131 \u00e7a\u011fr\u0131s\u0131 yap\u0131lan kararda, Gazze&#8217;deki sivil halk\u0131n temel ihtiya\u00e7lar\u0131n\u0131n tedarik edilmesinin engellenmesine son verilmesi istendi.<\/p>\n\n\n\n<p>Kararda, s\u00f6z konusu uygulamalar\u0131n \u00f6zellikle \u00e7ocuklar \u00fczerinde b\u00fcy\u00fck y\u00fck olu\u015fturdu\u011funa i\u015faret edilirken, yard\u0131mlar\u0131n \u00e7ocuklar\u0131n ve t\u00fcm toplumun ihtiya\u00e7lar\u0131n\u0131 kar\u015f\u0131layacak \u015fekilde sa\u011flanmas\u0131 gerekti\u011fi vurguland\u0131.<\/p>\n\n\n\n<p>Koordinasyon ve \u00f6nden bilgilendirmenin \u00f6neminin dile getirildi\u011fi kararda, \u00f6zellikle BM ile \u00e7ocuklar, hastalar ve personelin hareketi konusunda ileti\u015fim i\u00e7inde olunmas\u0131 talep edildi.<\/p>\n\n\n\n<p>Kararda, BM Genel Sekreteri Antonio Guterres&#8217;in karar\u0131n uygulanmas\u0131yla ilgili BMGK&#8217;ye bilgi sa\u011flamas\u0131 istendi.<\/p>\n\n\n\n<h3 class=\"wp-block-heading\">\u00c7ocuklar\u0131n korunmas\u0131 \u00f6n plana \u00e7\u0131kt\u0131<\/h3>\n\n\n\n<p>Kararda, t\u00fcm taraflardan uluslararas\u0131 hukuk, uluslararas\u0131 insanc\u0131l ve insan haklar\u0131 hukukuna sayg\u0131 g\u00f6stermeleri talep edilirken, &#8220;Uluslararas\u0131 insanc\u0131l hukuk \u00e7ocuklara koruma sa\u011flar.&#8221; ifadesi yer ald\u0131.<\/p>\n\n\n\n<p>Cenevre S\u00f6zle\u015fmesi&#8217;nde &#8220;\u00e7at\u0131\u015fmada \u00e7ocuklar\u0131n korunmas\u0131&#8221; ilkesinin yer ald\u0131\u011f\u0131 hat\u0131rlat\u0131lan kararda, \u00f6zellikle \u00e7ocuklar olmak \u00fczere Gazze&#8217;deki sivil halk\u0131n temel ihtiya\u00e7lar\u0131ndan mahrum edilmesine ve zorla yerinden edilmesine kar\u015f\u0131 \u00e7\u0131k\u0131ld\u0131.<\/p>\n\n\n\n<p>Kararda, Gazze&#8217;deki insani durumun ayn\u0131 zamanda \u00e7ocuklar\u0131n e\u011fitim s\u00fcrecine zarar verdi\u011fi belirtildi.<\/p>\n\n\n\n<p>Kararda, Hamas&#8217;\u0131n \u0130srail&#8217;e y\u00f6nelik sald\u0131r\u0131s\u0131 ya da \u0130srail&#8217;in sebep oldu\u011fu sivil \u00f6l\u00fcmlere de\u011finilmemesi ise dikkati \u00e7ekti. Daha \u00f6nceki farkl\u0131 tasar\u0131larda yer alan k\u0131nama ifadeleri, \u00fcye \u00fclkelerin onay\u0131n\u0131 alamam\u0131\u015ft\u0131. Bu nedenle Malta&#8217;n\u0131n \u00f6zellikle karar\u0131n ge\u00e7mesi i\u00e7in bu hususlara de\u011finmekten ka\u00e7\u0131nd\u0131\u011f\u0131 d\u00fc\u015f\u00fcn\u00fcl\u00fcyor.<\/p>\n\n\n\n<h3 class=\"wp-block-heading\">Rusya, ABD ve \u0130ngiltere, Gazze&#8217;de &#8220;\u00e7at\u0131\u015fmalara ara&#8221; talep edilen karar tasar\u0131s\u0131nda \u00e7ekimser oy kulland\u0131<\/h3>\n\n\n\n<p>Birle\u015fmi\u015f Milletler G\u00fcvenlik Konseyi&#8217;nin (BMGK) \u00fc\u00e7 daimi \u00fcyesi Rusya, ABD ve \u0130ngiltere, Gazze&#8217;de \u00e7at\u0131\u015fmalara &#8220;acil ve uzat\u0131lm\u0131\u015f ara verilmesi&#8221; talep edilen karar tasar\u0131s\u0131 i\u00e7in \u00e7ekimser oy kulland\u0131.<\/p>\n\n\n\n<p>15 \u00fcyeli BMGK&#8217;de Malta&#8217;n\u0131n sundu\u011fu karar tasar\u0131s\u0131 ve 3 &#8220;\u00e7ekimser&#8221; oya kar\u015f\u0131n 12 &#8220;evet&#8221; oyuyla kabul edildi.<\/p>\n\n\n\n<p>Oylama sonras\u0131nda a\u00e7\u0131klamada bulunan ABD&#8217;nin BM Daimi Temsilcisi Linda Thomas-Greenfield, &#8220;Hamas&#8217;\u0131n ter\u00f6r faaliyetlerini k\u0131namaman\u0131n hi\u00e7bir gerek\u00e7esi olamaz. Hamas bu \u00e7at\u0131\u015fmay\u0131 tetikledi.&#8221; de\u011ferlendirmesinde bulundu.<\/p>\n\n\n\n<p>\u0130ngiltere&#8217;nin BM Daimi Temsilcisi Barbara Woodward ise Filistin halk\u0131n\u0131n \u00e7ekti\u011fi ac\u0131 ve kayb\u0131 anlaman\u0131n m\u00fcmk\u00fcn olmad\u0131\u011f\u0131n\u0131 belirterek &#8220;Bu karar hayat kurtaracakt\u0131r. Daha fazla yoldan yard\u0131m\u0131n h\u0131zl\u0131 bir \u015fekilde girebilmesi i\u00e7in ortakla\u015fa hareket etmemiz gerekiyor.&#8221; vurgusunu yapt\u0131.<\/p>\n\n\n\n<p>Kararda a\u00e7\u0131k bir \u015fekilde &#8220;Hamas&#8217;\u0131n ter\u00f6r faaliyetlerini&#8221; k\u0131nanmamas\u0131n\u0131 \u00fcz\u00fcnt\u00fcyle kar\u015f\u0131lad\u0131klar\u0131n\u0131 kaydeden Woodward, bu nedenle \u00e7ekimser oy kulland\u0131klar\u0131n\u0131 aktard\u0131.<\/p>\n\n\n\n<p>Woodward, karar\u0131n BMGK&#8217;nin tek bir sesle konu\u015fmas\u0131n\u0131 sa\u011flad\u0131\u011f\u0131 ve yard\u0131m ula\u015f\u0131m\u0131n\u0131n \u00f6n\u00fcn\u00fc a\u00e7t\u0131\u011f\u0131 i\u00e7in \u00f6nemli oldu\u011funu s\u00f6yledi.<\/p>\n\n\n\n<p>Rusya&#8217;n\u0131n Birle\u015fmi\u015f Milletler (BM) Daimi Temsilcisi Vassily Nebenzia, Malta&#8217;n\u0131n sundu\u011fu kararda \u00e7ok b\u00fcy\u00fck eksiklikler oldu\u011funu ancak insani boyuta a\u011f\u0131rl\u0131k verdi\u011fi i\u00e7in veto etmediklerini ifade etti.<\/p>\n\n\n\n<p>Temel eksikli\u011fin kararda acil ate\u015fkes \u00e7a\u011fr\u0131s\u0131na yer verilmemesi oldu\u011funu kaydeden Nebenzia, bunun en b\u00fcy\u00fck \u00f6ncelik olmas\u0131 gerekti\u011fini s\u00f6yledi.<\/p>\n\n\n\n<p>Nebenzia, &#8220;Ge\u00e7ici aralar sadece askeri faaliyetlerin daha g\u00fc\u00e7l\u00fc bir \u015fekilde geri d\u00f6nmesini sa\u011flar.&#8221; de\u011ferlendirmesini yapt\u0131.&nbsp;<\/p>\n\n\n\n<h3 class=\"wp-block-heading\">4 karar tasar\u0131s\u0131 veto edildi<\/h3>\n\n\n\n<p>Gazze&#8217;deki insani durumla ilgili BMGK, 7 Ekim&#8217;in ard\u0131ndan 4 karar tasar\u0131s\u0131n\u0131 veto etti.<\/p>\n\n\n\n<p>\u0130lk olarak Rusya&#8217;n\u0131n 17 Ekim&#8217;de sundu\u011fu ve &#8220;insani ate\u015fkes&#8221; talep edilen karar tasar\u0131s\u0131na ABD, \u0130ngiltere, Fransa ve Japonya &#8220;hay\u0131r&#8221; oyu kullanm\u0131\u015ft\u0131.<\/p>\n\n\n\n<p>Bunun ard\u0131ndan Brezilya&#8217;n\u0131n &#8220;\u00e7at\u0131\u015fmalara ara verilmesini&#8221; talep eden karar tasar\u0131s\u0131, 18 Ekim&#8217;de ABD taraf\u0131ndan veto edilmi\u015fti.<\/p>\n\n\n\n<p>Daha sonra 26 Ekim&#8217;de &#8220;\u00fclkelerin me\u015fru m\u00fcdafaa hakk\u0131na&#8221; de\u011finen ABD tasar\u0131s\u0131 Rusya ve \u00c7in taraf\u0131ndan, ayn\u0131 g\u00fcn Rusya&#8217;n\u0131n insani ate\u015fkes \u00e7a\u011fr\u0131s\u0131 ihtiva eden karar tasar\u0131s\u0131 da ABD ve \u0130ngiltere taraf\u0131ndan veto edilmi\u015fti.<\/p>\n\n\n\n<p>Karar tasar\u0131lar\u0131 ge\u00e7mese de 193 \u00fcyeli BM Genel Kurulu&#8217;nda, 121 \u00fclke Gazze&#8217;de insani ate\u015fkes \u00e7a\u011fr\u0131s\u0131 yap\u0131lan tasar\u0131ya &#8220;evet&#8221; oyu vermi\u015fti.<\/p>\n\n\n\n<p>BMGK&#8217;de karar\u0131n onaylanmas\u0131 i\u00e7in 9 \u00fclkenin &#8220;evet&#8221; oyu vermesi ve hi\u00e7bir daimi \u00fcyenin karar\u0131 veto etmemesi gerekiyor.<\/p>\n\n\n\n<h3 class=\"wp-block-heading\">BMGK&#8217;nin &#8220;uluslararas\u0131 bar\u0131\u015f ve g\u00fcvenli\u011fi koruma&#8221; sorumlulu\u011fu var<\/h3>\n\n\n\n<p>BM&#8217;nin y\u00fcr\u00fctme organ\u0131 olarak da bilinen BMGK&#8217;nin temel sorumlulu\u011fu &#8220;uluslararas\u0131 bar\u0131\u015f ve g\u00fcvenli\u011fi koruma&#8221; olarak \u00f6n plana \u00e7\u0131k\u0131yor.<\/p>\n\n\n\n<p>\u00dcye \u00fclkeler aras\u0131nda dostane ili\u015fkilerin geli\u015ftirilmesine katk\u0131 sa\u011flamakla y\u00fck\u00fcml\u00fc olan BMGK&#8217;nin, ayn\u0131 zamanda uluslararas\u0131 sorunlar\u0131n \u00e7\u00f6z\u00fcm\u00fc i\u00e7in i\u015fbirli\u011fi yapmas\u0131 gerekiyor.<\/p>\n","protected":false},"excerpt":{"rendered":"<p>BMGK&#8217;de Malta&#8217;n\u0131n sundu\u011fu karar tasar\u0131s\u0131 d\u00fczenlenen acil oturumda oyland\u0131. Tasar\u0131, 15 \u00fcyeden 12&#8217;sinin &#8220;evet&#8221;, 3&#8217;\u00fcn\u00fcn &#8220;\u00e7ekimser&#8221; oyuyla kabul edildi. ABD, Rusya ve \u0130ngiltere \u00e7ekimser oy kullanan \u00fclkeler oldu. Di\u011fer taraftan Konsey, Rusya&#8217;n\u0131n &#8220;insani ara&#8221; yerine ate\u015fkes ifadesinin yer almas\u0131na y\u00f6nelik de\u011fi\u015fiklik \u00f6nerisini reddetti. Kararda &#8220;\u00e7at\u0131\u015fmalara acil ve uzat\u0131lm\u0131\u015f insani ara&#8221; talep edildi Kararda insani ate\u015fkes [&hellip;]<\/p>\n","protected":false},"author":2,"featured_media":0,"comment_status":"open","ping_status":"open","sticky":false,"template":"","format":"standard","meta":{"footnotes":""},"categories":[6,8,18],"tags":[],"class_list":["post-208","post","type-post","status-publish","format-standard","hentry","category-dunya","category-gundem","category-siyaset"],"yoast_head":"<!-- This site is optimized with the Yoast SEO plugin v27.4 - https:\/\/yoast.com\/product\/yoast-seo-wordpress\/ -->\n<title>BM, Gazze&#039;de \u00e7at\u0131\u015fmalara &quot;acil ve uzat\u0131lm\u0131\u015f ara verilmesi&quot; talep edilen karar tasar\u0131s\u0131n\u0131 kabul etti - Avrupal\u0131 T\u00fcrklerin en Yeni Haber Portal\u0131<\/title>\n<meta name=\"robots\" content=\"index, follow, max-snippet:-1, max-image-preview:large, max-video-preview:-1\" \/>\n<link rel=\"canonical\" href=\"https:\/\/avrupatv.eu\/index.php\/2023\/11\/15\/bm-gazzede-catismalara-acil-ve-uzatilmis-ara-verilmesi-talep-edilen-karar-tasarisini-kabul-etti\/\" \/>\n<meta property=\"og:locale\" content=\"tr_TR\" \/>\n<meta property=\"og:type\" content=\"article\" \/>\n<meta property=\"og:title\" content=\"BM, Gazze&#039;de \u00e7at\u0131\u015fmalara &quot;acil ve uzat\u0131lm\u0131\u015f ara verilmesi&quot; talep edilen karar tasar\u0131s\u0131n\u0131 kabul etti - Avrupal\u0131 T\u00fcrklerin en Yeni Haber Portal\u0131\" \/>\n<meta property=\"og:description\" content=\"BMGK&#8217;de Malta&#8217;n\u0131n sundu\u011fu karar tasar\u0131s\u0131 d\u00fczenlenen acil oturumda oyland\u0131. Tasar\u0131, 15 \u00fcyeden 12&#8217;sinin &#8220;evet&#8221;, 3&#8217;\u00fcn\u00fcn &#8220;\u00e7ekimser&#8221; oyuyla kabul edildi. ABD, Rusya ve \u0130ngiltere \u00e7ekimser oy kullanan \u00fclkeler oldu. Di\u011fer taraftan Konsey, Rusya&#8217;n\u0131n &#8220;insani ara&#8221; yerine ate\u015fkes ifadesinin yer almas\u0131na y\u00f6nelik de\u011fi\u015fiklik \u00f6nerisini reddetti. Kararda &#8220;\u00e7at\u0131\u015fmalara acil ve uzat\u0131lm\u0131\u015f insani ara&#8221; talep edildi Kararda insani ate\u015fkes [&hellip;]\" \/>\n<meta property=\"og:url\" content=\"https:\/\/avrupatv.eu\/index.php\/2023\/11\/15\/bm-gazzede-catismalara-acil-ve-uzatilmis-ara-verilmesi-talep-edilen-karar-tasarisini-kabul-etti\/\" \/>\n<meta property=\"og:site_name\" content=\"Avrupal\u0131 T\u00fcrklerin en Yeni Haber Portal\u0131\" \/>\n<meta property=\"article:published_time\" content=\"2023-11-15T21:56:58+00:00\" \/>\n<meta property=\"og:image\" content=\"https:\/\/avrupatv.eu\/wp-content\/uploads\/2023\/10\/cropped-cropped-thumbnail_logo.png\" \/>\n\t<meta property=\"og:image:width\" content=\"512\" \/>\n\t<meta property=\"og:image:height\" content=\"512\" \/>\n\t<meta property=\"og:image:type\" content=\"image\/png\" \/>\n<meta name=\"author\" content=\"Onur Akpinar\" \/>\n<meta name=\"twitter:card\" content=\"summary_large_image\" \/>\n<meta name=\"twitter:label1\" content=\"Yazan:\" \/>\n\t<meta name=\"twitter:data1\" content=\"Onur Akpinar\" \/>\n\t<meta name=\"twitter:label2\" content=\"Tahmini okuma s\u00fcresi\" \/>\n\t<meta name=\"twitter:data2\" content=\"5 dakika\" \/>\n<script type=\"application\/ld+json\" class=\"yoast-schema-graph\">{\"@context\":\"https:\\\/\\\/schema.org\",\"@graph\":[{\"@type\":\"Article\",\"@id\":\"https:\\\/\\\/avrupatv.eu\\\/index.php\\\/2023\\\/11\\\/15\\\/bm-gazzede-catismalara-acil-ve-uzatilmis-ara-verilmesi-talep-edilen-karar-tasarisini-kabul-etti\\\/#article\",\"isPartOf\":{\"@id\":\"https:\\\/\\\/avrupatv.eu\\\/index.php\\\/2023\\\/11\\\/15\\\/bm-gazzede-catismalara-acil-ve-uzatilmis-ara-verilmesi-talep-edilen-karar-tasarisini-kabul-etti\\\/\"},\"author\":{\"name\":\"Onur Akpinar\",\"@id\":\"https:\\\/\\\/avrupatv.eu\\\/#\\\/schema\\\/person\\\/d56afa5d5569da4029d483da36c0c17d\"},\"headline\":\"BM, Gazze&#8217;de \u00e7at\u0131\u015fmalara &#8220;acil ve uzat\u0131lm\u0131\u015f ara verilmesi&#8221; talep edilen karar tasar\u0131s\u0131n\u0131 kabul etti\",\"datePublished\":\"2023-11-15T21:56:58+00:00\",\"mainEntityOfPage\":{\"@id\":\"https:\\\/\\\/avrupatv.eu\\\/index.php\\\/2023\\\/11\\\/15\\\/bm-gazzede-catismalara-acil-ve-uzatilmis-ara-verilmesi-talep-edilen-karar-tasarisini-kabul-etti\\\/\"},\"wordCount\":976,\"commentCount\":0,\"publisher\":{\"@id\":\"https:\\\/\\\/avrupatv.eu\\\/#organization\"},\"articleSection\":[\"D\u00fcnya\",\"G\u00fcndem\",\"Siyaset\"],\"inLanguage\":\"tr\",\"potentialAction\":[{\"@type\":\"CommentAction\",\"name\":\"Comment\",\"target\":[\"https:\\\/\\\/avrupatv.eu\\\/index.php\\\/2023\\\/11\\\/15\\\/bm-gazzede-catismalara-acil-ve-uzatilmis-ara-verilmesi-talep-edilen-karar-tasarisini-kabul-etti\\\/#respond\"]}]},{\"@type\":\"WebPage\",\"@id\":\"https:\\\/\\\/avrupatv.eu\\\/index.php\\\/2023\\\/11\\\/15\\\/bm-gazzede-catismalara-acil-ve-uzatilmis-ara-verilmesi-talep-edilen-karar-tasarisini-kabul-etti\\\/\",\"url\":\"https:\\\/\\\/avrupatv.eu\\\/index.php\\\/2023\\\/11\\\/15\\\/bm-gazzede-catismalara-acil-ve-uzatilmis-ara-verilmesi-talep-edilen-karar-tasarisini-kabul-etti\\\/\",\"name\":\"BM, Gazze'de \u00e7at\u0131\u015fmalara \\\"acil ve uzat\u0131lm\u0131\u015f ara verilmesi\\\" talep edilen karar tasar\u0131s\u0131n\u0131 kabul etti - Avrupal\u0131 T\u00fcrklerin en Yeni Haber Portal\u0131\",\"isPartOf\":{\"@id\":\"https:\\\/\\\/avrupatv.eu\\\/#website\"},\"datePublished\":\"2023-11-15T21:56:58+00:00\",\"breadcrumb\":{\"@id\":\"https:\\\/\\\/avrupatv.eu\\\/index.php\\\/2023\\\/11\\\/15\\\/bm-gazzede-catismalara-acil-ve-uzatilmis-ara-verilmesi-talep-edilen-karar-tasarisini-kabul-etti\\\/#breadcrumb\"},\"inLanguage\":\"tr\",\"potentialAction\":[{\"@type\":\"ReadAction\",\"target\":[\"https:\\\/\\\/avrupatv.eu\\\/index.php\\\/2023\\\/11\\\/15\\\/bm-gazzede-catismalara-acil-ve-uzatilmis-ara-verilmesi-talep-edilen-karar-tasarisini-kabul-etti\\\/\"]}]},{\"@type\":\"BreadcrumbList\",\"@id\":\"https:\\\/\\\/avrupatv.eu\\\/index.php\\\/2023\\\/11\\\/15\\\/bm-gazzede-catismalara-acil-ve-uzatilmis-ara-verilmesi-talep-edilen-karar-tasarisini-kabul-etti\\\/#breadcrumb\",\"itemListElement\":[{\"@type\":\"ListItem\",\"position\":1,\"name\":\"Anasayfa\",\"item\":\"https:\\\/\\\/avrupatv.eu\\\/\"},{\"@type\":\"ListItem\",\"position\":2,\"name\":\"BM, Gazze&#8217;de \u00e7at\u0131\u015fmalara &#8220;acil ve uzat\u0131lm\u0131\u015f ara verilmesi&#8221; talep edilen karar tasar\u0131s\u0131n\u0131 kabul etti\"}]},{\"@type\":\"WebSite\",\"@id\":\"https:\\\/\\\/avrupatv.eu\\\/#website\",\"url\":\"https:\\\/\\\/avrupatv.eu\\\/\",\"name\":\"Avrupal\u0131 T\u00fcrklerin en Yeni Haber Portal\u0131\",\"description\":\"\",\"publisher\":{\"@id\":\"https:\\\/\\\/avrupatv.eu\\\/#organization\"},\"alternateName\":\"Avrupa tv\",\"potentialAction\":[{\"@type\":\"SearchAction\",\"target\":{\"@type\":\"EntryPoint\",\"urlTemplate\":\"https:\\\/\\\/avrupatv.eu\\\/?s={search_term_string}\"},\"query-input\":{\"@type\":\"PropertyValueSpecification\",\"valueRequired\":true,\"valueName\":\"search_term_string\"}}],\"inLanguage\":\"tr\"},{\"@type\":\"Organization\",\"@id\":\"https:\\\/\\\/avrupatv.eu\\\/#organization\",\"name\":\"Avrupa Haber\",\"url\":\"https:\\\/\\\/avrupatv.eu\\\/\",\"logo\":{\"@type\":\"ImageObject\",\"inLanguage\":\"tr\",\"@id\":\"https:\\\/\\\/avrupatv.eu\\\/#\\\/schema\\\/logo\\\/image\\\/\",\"url\":\"https:\\\/\\\/avrupatv.eu\\\/wp-content\\\/uploads\\\/2023\\\/10\\\/cropped-thumbnail_logo.png\",\"contentUrl\":\"https:\\\/\\\/avrupatv.eu\\\/wp-content\\\/uploads\\\/2023\\\/10\\\/cropped-thumbnail_logo.png\",\"width\":1025,\"height\":302,\"caption\":\"Avrupa Haber\"},\"image\":{\"@id\":\"https:\\\/\\\/avrupatv.eu\\\/#\\\/schema\\\/logo\\\/image\\\/\"}},{\"@type\":\"Person\",\"@id\":\"https:\\\/\\\/avrupatv.eu\\\/#\\\/schema\\\/person\\\/d56afa5d5569da4029d483da36c0c17d\",\"name\":\"Onur Akpinar\",\"image\":{\"@type\":\"ImageObject\",\"inLanguage\":\"tr\",\"@id\":\"https:\\\/\\\/secure.gravatar.com\\\/avatar\\\/67a1a0bdf34f82da209334e4684b7e7171a58a5a2b0a8f836b61044f5c1f5d6a?s=96&d=mm&r=g\",\"url\":\"https:\\\/\\\/secure.gravatar.com\\\/avatar\\\/67a1a0bdf34f82da209334e4684b7e7171a58a5a2b0a8f836b61044f5c1f5d6a?s=96&d=mm&r=g\",\"contentUrl\":\"https:\\\/\\\/secure.gravatar.com\\\/avatar\\\/67a1a0bdf34f82da209334e4684b7e7171a58a5a2b0a8f836b61044f5c1f5d6a?s=96&d=mm&r=g\",\"caption\":\"Onur Akpinar\"},\"url\":\"https:\\\/\\\/avrupatv.eu\\\/index.php\\\/author\\\/onur-akpinar\\\/\"}]}<\/script>\n<!-- \/ Yoast SEO plugin. -->","yoast_head_json":{"title":"BM, Gazze'de \u00e7at\u0131\u015fmalara \"acil ve uzat\u0131lm\u0131\u015f ara verilmesi\" talep edilen karar tasar\u0131s\u0131n\u0131 kabul etti - Avrupal\u0131 T\u00fcrklerin en Yeni Haber Portal\u0131","robots":{"index":"index","follow":"follow","max-snippet":"max-snippet:-1","max-image-preview":"max-image-preview:large","max-video-preview":"max-video-preview:-1"},"canonical":"https:\/\/avrupatv.eu\/index.php\/2023\/11\/15\/bm-gazzede-catismalara-acil-ve-uzatilmis-ara-verilmesi-talep-edilen-karar-tasarisini-kabul-etti\/","og_locale":"tr_TR","og_type":"article","og_title":"BM, Gazze'de \u00e7at\u0131\u015fmalara \"acil ve uzat\u0131lm\u0131\u015f ara verilmesi\" talep edilen karar tasar\u0131s\u0131n\u0131 kabul etti - Avrupal\u0131 T\u00fcrklerin en Yeni Haber Portal\u0131","og_description":"BMGK&#8217;de Malta&#8217;n\u0131n sundu\u011fu karar tasar\u0131s\u0131 d\u00fczenlenen acil oturumda oyland\u0131. Tasar\u0131, 15 \u00fcyeden 12&#8217;sinin &#8220;evet&#8221;, 3&#8217;\u00fcn\u00fcn &#8220;\u00e7ekimser&#8221; oyuyla kabul edildi. ABD, Rusya ve \u0130ngiltere \u00e7ekimser oy kullanan \u00fclkeler oldu. Di\u011fer taraftan Konsey, Rusya&#8217;n\u0131n &#8220;insani ara&#8221; yerine ate\u015fkes ifadesinin yer almas\u0131na y\u00f6nelik de\u011fi\u015fiklik \u00f6nerisini reddetti. Kararda &#8220;\u00e7at\u0131\u015fmalara acil ve uzat\u0131lm\u0131\u015f insani ara&#8221; talep edildi Kararda insani ate\u015fkes [&hellip;]","og_url":"https:\/\/avrupatv.eu\/index.php\/2023\/11\/15\/bm-gazzede-catismalara-acil-ve-uzatilmis-ara-verilmesi-talep-edilen-karar-tasarisini-kabul-etti\/","og_site_name":"Avrupal\u0131 T\u00fcrklerin en Yeni Haber Portal\u0131","article_published_time":"2023-11-15T21:56:58+00:00","og_image":[{"width":512,"height":512,"url":"https:\/\/avrupatv.eu\/wp-content\/uploads\/2023\/10\/cropped-cropped-thumbnail_logo.png","type":"image\/png"}],"author":"Onur Akpinar","twitter_card":"summary_large_image","twitter_misc":{"Yazan:":"Onur Akpinar","Tahmini okuma s\u00fcresi":"5 dakika"},"schema":{"@context":"https:\/\/schema.org","@graph":[{"@type":"Article","@id":"https:\/\/avrupatv.eu\/index.php\/2023\/11\/15\/bm-gazzede-catismalara-acil-ve-uzatilmis-ara-verilmesi-talep-edilen-karar-tasarisini-kabul-etti\/#article","isPartOf":{"@id":"https:\/\/avrupatv.eu\/index.php\/2023\/11\/15\/bm-gazzede-catismalara-acil-ve-uzatilmis-ara-verilmesi-talep-edilen-karar-tasarisini-kabul-etti\/"},"author":{"name":"Onur Akpinar","@id":"https:\/\/avrupatv.eu\/#\/schema\/person\/d56afa5d5569da4029d483da36c0c17d"},"headline":"BM, Gazze&#8217;de \u00e7at\u0131\u015fmalara &#8220;acil ve uzat\u0131lm\u0131\u015f ara verilmesi&#8221; talep edilen karar tasar\u0131s\u0131n\u0131 kabul etti","datePublished":"2023-11-15T21:56:58+00:00","mainEntityOfPage":{"@id":"https:\/\/avrupatv.eu\/index.php\/2023\/11\/15\/bm-gazzede-catismalara-acil-ve-uzatilmis-ara-verilmesi-talep-edilen-karar-tasarisini-kabul-etti\/"},"wordCount":976,"commentCount":0,"publisher":{"@id":"https:\/\/avrupatv.eu\/#organization"},"articleSection":["D\u00fcnya","G\u00fcndem","Siyaset"],"inLanguage":"tr","potentialAction":[{"@type":"CommentAction","name":"Comment","target":["https:\/\/avrupatv.eu\/index.php\/2023\/11\/15\/bm-gazzede-catismalara-acil-ve-uzatilmis-ara-verilmesi-talep-edilen-karar-tasarisini-kabul-etti\/#respond"]}]},{"@type":"WebPage","@id":"https:\/\/avrupatv.eu\/index.php\/2023\/11\/15\/bm-gazzede-catismalara-acil-ve-uzatilmis-ara-verilmesi-talep-edilen-karar-tasarisini-kabul-etti\/","url":"https:\/\/avrupatv.eu\/index.php\/2023\/11\/15\/bm-gazzede-catismalara-acil-ve-uzatilmis-ara-verilmesi-talep-edilen-karar-tasarisini-kabul-etti\/","name":"BM, Gazze'de \u00e7at\u0131\u015fmalara \"acil ve uzat\u0131lm\u0131\u015f ara verilmesi\" talep edilen karar tasar\u0131s\u0131n\u0131 kabul etti - Avrupal\u0131 T\u00fcrklerin en Yeni Haber Portal\u0131","isPartOf":{"@id":"https:\/\/avrupatv.eu\/#website"},"datePublished":"2023-11-15T21:56:58+00:00","breadcrumb":{"@id":"https:\/\/avrupatv.eu\/index.php\/2023\/11\/15\/bm-gazzede-catismalara-acil-ve-uzatilmis-ara-verilmesi-talep-edilen-karar-tasarisini-kabul-etti\/#breadcrumb"},"inLanguage":"tr","potentialAction":[{"@type":"ReadAction","target":["https:\/\/avrupatv.eu\/index.php\/2023\/11\/15\/bm-gazzede-catismalara-acil-ve-uzatilmis-ara-verilmesi-talep-edilen-karar-tasarisini-kabul-etti\/"]}]},{"@type":"BreadcrumbList","@id":"https:\/\/avrupatv.eu\/index.php\/2023\/11\/15\/bm-gazzede-catismalara-acil-ve-uzatilmis-ara-verilmesi-talep-edilen-karar-tasarisini-kabul-etti\/#breadcrumb","itemListElement":[{"@type":"ListItem","position":1,"name":"Anasayfa","item":"https:\/\/avrupatv.eu\/"},{"@type":"ListItem","position":2,"name":"BM, Gazze&#8217;de \u00e7at\u0131\u015fmalara &#8220;acil ve uzat\u0131lm\u0131\u015f ara verilmesi&#8221; talep edilen karar tasar\u0131s\u0131n\u0131 kabul etti"}]},{"@type":"WebSite","@id":"https:\/\/avrupatv.eu\/#website","url":"https:\/\/avrupatv.eu\/","name":"Avrupal\u0131 T\u00fcrklerin en Yeni Haber Portal\u0131","description":"","publisher":{"@id":"https:\/\/avrupatv.eu\/#organization"},"alternateName":"Avrupa tv","potentialAction":[{"@type":"SearchAction","target":{"@type":"EntryPoint","urlTemplate":"https:\/\/avrupatv.eu\/?s={search_term_string}"},"query-input":{"@type":"PropertyValueSpecification","valueRequired":true,"valueName":"search_term_string"}}],"inLanguage":"tr"},{"@type":"Organization","@id":"https:\/\/avrupatv.eu\/#organization","name":"Avrupa Haber","url":"https:\/\/avrupatv.eu\/","logo":{"@type":"ImageObject","inLanguage":"tr","@id":"https:\/\/avrupatv.eu\/#\/schema\/logo\/image\/","url":"https:\/\/avrupatv.eu\/wp-content\/uploads\/2023\/10\/cropped-thumbnail_logo.png","contentUrl":"https:\/\/avrupatv.eu\/wp-content\/uploads\/2023\/10\/cropped-thumbnail_logo.png","width":1025,"height":302,"caption":"Avrupa Haber"},"image":{"@id":"https:\/\/avrupatv.eu\/#\/schema\/logo\/image\/"}},{"@type":"Person","@id":"https:\/\/avrupatv.eu\/#\/schema\/person\/d56afa5d5569da4029d483da36c0c17d","name":"Onur Akpinar","image":{"@type":"ImageObject","inLanguage":"tr","@id":"https:\/\/secure.gravatar.com\/avatar\/67a1a0bdf34f82da209334e4684b7e7171a58a5a2b0a8f836b61044f5c1f5d6a?s=96&d=mm&r=g","url":"https:\/\/secure.gravatar.com\/avatar\/67a1a0bdf34f82da209334e4684b7e7171a58a5a2b0a8f836b61044f5c1f5d6a?s=96&d=mm&r=g","contentUrl":"https:\/\/secure.gravatar.com\/avatar\/67a1a0bdf34f82da209334e4684b7e7171a58a5a2b0a8f836b61044f5c1f5d6a?s=96&d=mm&r=g","caption":"Onur Akpinar"},"url":"https:\/\/avrupatv.eu\/index.php\/author\/onur-akpinar\/"}]}},"_links":{"self":[{"href":"https:\/\/avrupatv.eu\/index.php\/wp-json\/wp\/v2\/posts\/208","targetHints":{"allow":["GET"]}}],"collection":[{"href":"https:\/\/avrupatv.eu\/index.php\/wp-json\/wp\/v2\/posts"}],"about":[{"href":"https:\/\/avrupatv.eu\/index.php\/wp-json\/wp\/v2\/types\/post"}],"author":[{"embeddable":true,"href":"https:\/\/avrupatv.eu\/index.php\/wp-json\/wp\/v2\/users\/2"}],"replies":[{"embeddable":true,"href":"https:\/\/avrupatv.eu\/index.php\/wp-json\/wp\/v2\/comments?post=208"}],"version-history":[{"count":1,"href":"https:\/\/avrupatv.eu\/index.php\/wp-json\/wp\/v2\/posts\/208\/revisions"}],"predecessor-version":[{"id":209,"href":"https:\/\/avrupatv.eu\/index.php\/wp-json\/wp\/v2\/posts\/208\/revisions\/209"}],"wp:attachment":[{"href":"https:\/\/avrupatv.eu\/index.php\/wp-json\/wp\/v2\/media?parent=208"}],"wp:term":[{"taxonomy":"category","embeddable":true,"href":"https:\/\/avrupatv.eu\/index.php\/wp-json\/wp\/v2\/categories?post=208"},{"taxonomy":"post_tag","embeddable":true,"href":"https:\/\/avrupatv.eu\/index.php\/wp-json\/wp\/v2\/tags?post=208"}],"curies":[{"name":"wp","href":"https:\/\/api.w.org\/{rel}","templated":true}]}}