{"id":204,"date":"2023-11-14T22:18:35","date_gmt":"2023-11-14T22:18:35","guid":{"rendered":"https:\/\/avrupatv.eu\/?p=204"},"modified":"2023-11-14T22:18:35","modified_gmt":"2023-11-14T22:18:35","slug":"israil-basinina-gore-partisinden-bakan-ve-milletvekilleri-netanyahunun-gorevden-alinmasini-tartisiyor","status":"publish","type":"post","link":"https:\/\/avrupatv.eu\/index.php\/2023\/11\/14\/israil-basinina-gore-partisinden-bakan-ve-milletvekilleri-netanyahunun-gorevden-alinmasini-tartisiyor\/","title":{"rendered":"\u0130srail bas\u0131n\u0131na g\u00f6re, partisinden bakan ve milletvekilleri Netanyahu&#8217;nun g\u00f6revden al\u0131nmas\u0131n\u0131 tart\u0131\u015f\u0131yor"},"content":{"rendered":"\n<p><strong>\u0130srail&#8217;de Ba\u015fbakan Binyamin Netanyahu&#8217;nun g\u00f6revden al\u0131nmas\u0131 konusunda partisi Likud i\u00e7inde bile tart\u0131\u015fmalar\u0131n oldu\u011fu belirtildi.<\/strong><\/p>\n\n\n\n<p>\u0130srail\u2019in Kanal 13 televizyonunun haberine g\u00f6re, Ba\u015fbakan Netanyahu&#8217;nun gelece\u011fi, Gazze sava\u015f\u0131yla birlikte Likud Partisinden bakanlar ve milletvekilleri aras\u0131nda da tart\u0131\u015f\u0131lmaya ba\u015fland\u0131.<\/p>\n\n\n\n<p>Likud \u00fcyesi bakanlar ve milletvekillerinin, Netanyahu&#8217;dan g\u00fcvenoyunu \u00e7ekerek ba\u015fbakanl\u0131ktan d\u00fc\u015f\u00fcrmeyi ve yeni bir liderle yola devam etmeyi g\u00f6r\u00fc\u015ft\u00fc\u011f\u00fc aktar\u0131ld\u0131. Ayr\u0131ca bu konunun muhalefet liderleri taraf\u0131ndan da isti\u015fare edilmeye ba\u015flanmas\u0131n\u0131n durumun ciddiyetini g\u00f6sterdi\u011fine i\u015faret edildi.<\/p>\n\n\n\n<p>Likud milletvekillerinin neden b\u00f6yle bir tutum i\u00e7ine girdi\u011fine de de\u011finilen haberde, Netanyahu&#8217;nun partinin ba\u015f\u0131nda kalmas\u0131 ve gelecek se\u00e7imlerde hezimete u\u011framas\u0131 durumunda s\u00f6z konusu milletvekillerinin bir\u00e7o\u011funun art\u0131k siyasi sistemin \u00f6nemli bir par\u00e7as\u0131 olamayacaklar\u0131 \u00f6ng\u00f6r\u00fcs\u00fcyle hareket etti\u011fi kaydedildi.<\/p>\n\n\n\n<p>Haberde, dolay\u0131s\u0131yla bir grup milletvekilinin Gazze&#8217;deki sava\u015f\u0131n tamamlanmas\u0131n\u0131n ard\u0131ndan g\u00fcvenoyunu \u00e7ekme y\u00f6n\u00fcnde ad\u0131m atma olas\u0131l\u0131\u011f\u0131n\u0131 inceledi\u011fi ifade edildi.<\/p>\n\n\n\n<p>B\u00f6yle bir durumda h\u00fck\u00fcmete, se\u00e7imlerde aday olmayacak, Likud i\u00e7inden \u00f6ne \u00e7\u0131kan bir ismin ba\u015fkanl\u0131k etmesinin beklendi\u011fi aktar\u0131lan haberde, Netanyahu&#8217;nun bu giri\u015fimi engellemek i\u00e7in yeterli zaman\u0131 olaca\u011f\u0131 i\u00e7in bu durum &#8220;karma\u015f\u0131k bir siyasi ad\u0131m&#8221; olarak nitelendirildi.<\/p>\n\n\n\n<p>\u0130srail&#8217;deki son kamuoyu yoklamalar\u0131, Netanyahu ve lideri oldu\u011fu Likud Partisinin g\u00fc\u00e7 kaybetti\u011fini, buna kar\u015f\u0131l\u0131k Ulusal Birlik Partisi ve lideri Benny Gantz&#8217;\u0131n y\u00fckseli\u015fte oldu\u011funu g\u00f6steriyor.<\/p>\n","protected":false},"excerpt":{"rendered":"<p>\u0130srail&#8217;de Ba\u015fbakan Binyamin Netanyahu&#8217;nun g\u00f6revden al\u0131nmas\u0131 konusunda partisi Likud i\u00e7inde bile tart\u0131\u015fmalar\u0131n oldu\u011fu belirtildi. \u0130srail\u2019in Kanal 13 televizyonunun haberine g\u00f6re, Ba\u015fbakan Netanyahu&#8217;nun gelece\u011fi, Gazze sava\u015f\u0131yla birlikte Likud Partisinden bakanlar ve milletvekilleri aras\u0131nda da tart\u0131\u015f\u0131lmaya ba\u015fland\u0131. Likud \u00fcyesi bakanlar ve milletvekillerinin, Netanyahu&#8217;dan g\u00fcvenoyunu \u00e7ekerek ba\u015fbakanl\u0131ktan d\u00fc\u015f\u00fcrmeyi ve yeni bir liderle yola devam etmeyi g\u00f6r\u00fc\u015ft\u00fc\u011f\u00fc aktar\u0131ld\u0131. Ayr\u0131ca [&hellip;]<\/p>\n","protected":false},"author":2,"featured_media":205,"comment_status":"open","ping_status":"open","sticky":false,"template":"","format":"standard","meta":{"footnotes":""},"categories":[6,8],"tags":[],"class_list":["post-204","post","type-post","status-publish","format-standard","has-post-thumbnail","hentry","category-dunya","category-gundem"],"yoast_head":"<!-- This site is optimized with the Yoast SEO plugin v27.4 - https:\/\/yoast.com\/product\/yoast-seo-wordpress\/ -->\n<title>\u0130srail bas\u0131n\u0131na g\u00f6re, partisinden bakan ve milletvekilleri Netanyahu&#039;nun g\u00f6revden al\u0131nmas\u0131n\u0131 tart\u0131\u015f\u0131yor - Avrupal\u0131 T\u00fcrklerin en Yeni Haber Portal\u0131<\/title>\n<meta name=\"robots\" content=\"index, follow, max-snippet:-1, max-image-preview:large, max-video-preview:-1\" \/>\n<link rel=\"canonical\" href=\"https:\/\/avrupatv.eu\/index.php\/2023\/11\/14\/israil-basinina-gore-partisinden-bakan-ve-milletvekilleri-netanyahunun-gorevden-alinmasini-tartisiyor\/\" \/>\n<meta property=\"og:locale\" content=\"tr_TR\" \/>\n<meta property=\"og:type\" content=\"article\" \/>\n<meta property=\"og:title\" content=\"\u0130srail bas\u0131n\u0131na g\u00f6re, partisinden bakan ve milletvekilleri Netanyahu&#039;nun g\u00f6revden al\u0131nmas\u0131n\u0131 tart\u0131\u015f\u0131yor - Avrupal\u0131 T\u00fcrklerin en Yeni Haber Portal\u0131\" \/>\n<meta property=\"og:description\" content=\"\u0130srail&#8217;de Ba\u015fbakan Binyamin Netanyahu&#8217;nun g\u00f6revden al\u0131nmas\u0131 konusunda partisi Likud i\u00e7inde bile tart\u0131\u015fmalar\u0131n oldu\u011fu belirtildi. \u0130srail\u2019in Kanal 13 televizyonunun haberine g\u00f6re, Ba\u015fbakan Netanyahu&#8217;nun gelece\u011fi, Gazze sava\u015f\u0131yla birlikte Likud Partisinden bakanlar ve milletvekilleri aras\u0131nda da tart\u0131\u015f\u0131lmaya ba\u015fland\u0131. Likud \u00fcyesi bakanlar ve milletvekillerinin, Netanyahu&#8217;dan g\u00fcvenoyunu \u00e7ekerek ba\u015fbakanl\u0131ktan d\u00fc\u015f\u00fcrmeyi ve yeni bir liderle yola devam etmeyi g\u00f6r\u00fc\u015ft\u00fc\u011f\u00fc aktar\u0131ld\u0131. Ayr\u0131ca [&hellip;]\" \/>\n<meta property=\"og:url\" content=\"https:\/\/avrupatv.eu\/index.php\/2023\/11\/14\/israil-basinina-gore-partisinden-bakan-ve-milletvekilleri-netanyahunun-gorevden-alinmasini-tartisiyor\/\" \/>\n<meta property=\"og:site_name\" content=\"Avrupal\u0131 T\u00fcrklerin en Yeni Haber Portal\u0131\" \/>\n<meta property=\"article:published_time\" content=\"2023-11-14T22:18:35+00:00\" \/>\n<meta property=\"og:image\" content=\"https:\/\/avrupatv.eu\/wp-content\/uploads\/2023\/11\/thumbs_b_c_4afc5daa8765e00fd923f75ed57377f2.jpg\" \/>\n\t<meta property=\"og:image:width\" content=\"864\" \/>\n\t<meta property=\"og:image:height\" content=\"486\" \/>\n\t<meta property=\"og:image:type\" content=\"image\/jpeg\" \/>\n<meta name=\"author\" content=\"Onur Akpinar\" \/>\n<meta name=\"twitter:card\" content=\"summary_large_image\" \/>\n<meta name=\"twitter:label1\" content=\"Yazan:\" \/>\n\t<meta name=\"twitter:data1\" content=\"Onur Akpinar\" \/>\n\t<meta name=\"twitter:label2\" content=\"Tahmini okuma s\u00fcresi\" \/>\n\t<meta name=\"twitter:data2\" content=\"2 dakika\" \/>\n<script type=\"application\/ld+json\" class=\"yoast-schema-graph\">{\"@context\":\"https:\\\/\\\/schema.org\",\"@graph\":[{\"@type\":\"Article\",\"@id\":\"https:\\\/\\\/avrupatv.eu\\\/index.php\\\/2023\\\/11\\\/14\\\/israil-basinina-gore-partisinden-bakan-ve-milletvekilleri-netanyahunun-gorevden-alinmasini-tartisiyor\\\/#article\",\"isPartOf\":{\"@id\":\"https:\\\/\\\/avrupatv.eu\\\/index.php\\\/2023\\\/11\\\/14\\\/israil-basinina-gore-partisinden-bakan-ve-milletvekilleri-netanyahunun-gorevden-alinmasini-tartisiyor\\\/\"},\"author\":{\"name\":\"Onur Akpinar\",\"@id\":\"https:\\\/\\\/avrupatv.eu\\\/#\\\/schema\\\/person\\\/d56afa5d5569da4029d483da36c0c17d\"},\"headline\":\"\u0130srail bas\u0131n\u0131na g\u00f6re, partisinden bakan ve milletvekilleri Netanyahu&#8217;nun g\u00f6revden al\u0131nmas\u0131n\u0131 tart\u0131\u015f\u0131yor\",\"datePublished\":\"2023-11-14T22:18:35+00:00\",\"mainEntityOfPage\":{\"@id\":\"https:\\\/\\\/avrupatv.eu\\\/index.php\\\/2023\\\/11\\\/14\\\/israil-basinina-gore-partisinden-bakan-ve-milletvekilleri-netanyahunun-gorevden-alinmasini-tartisiyor\\\/\"},\"wordCount\":291,\"commentCount\":0,\"publisher\":{\"@id\":\"https:\\\/\\\/avrupatv.eu\\\/#organization\"},\"image\":{\"@id\":\"https:\\\/\\\/avrupatv.eu\\\/index.php\\\/2023\\\/11\\\/14\\\/israil-basinina-gore-partisinden-bakan-ve-milletvekilleri-netanyahunun-gorevden-alinmasini-tartisiyor\\\/#primaryimage\"},\"thumbnailUrl\":\"https:\\\/\\\/avrupatv.eu\\\/wp-content\\\/uploads\\\/2023\\\/11\\\/thumbs_b_c_4afc5daa8765e00fd923f75ed57377f2.jpg\",\"articleSection\":[\"D\u00fcnya\",\"G\u00fcndem\"],\"inLanguage\":\"tr\",\"potentialAction\":[{\"@type\":\"CommentAction\",\"name\":\"Comment\",\"target\":[\"https:\\\/\\\/avrupatv.eu\\\/index.php\\\/2023\\\/11\\\/14\\\/israil-basinina-gore-partisinden-bakan-ve-milletvekilleri-netanyahunun-gorevden-alinmasini-tartisiyor\\\/#respond\"]}]},{\"@type\":\"WebPage\",\"@id\":\"https:\\\/\\\/avrupatv.eu\\\/index.php\\\/2023\\\/11\\\/14\\\/israil-basinina-gore-partisinden-bakan-ve-milletvekilleri-netanyahunun-gorevden-alinmasini-tartisiyor\\\/\",\"url\":\"https:\\\/\\\/avrupatv.eu\\\/index.php\\\/2023\\\/11\\\/14\\\/israil-basinina-gore-partisinden-bakan-ve-milletvekilleri-netanyahunun-gorevden-alinmasini-tartisiyor\\\/\",\"name\":\"\u0130srail bas\u0131n\u0131na g\u00f6re, partisinden bakan ve milletvekilleri Netanyahu'nun g\u00f6revden al\u0131nmas\u0131n\u0131 tart\u0131\u015f\u0131yor - Avrupal\u0131 T\u00fcrklerin en Yeni Haber Portal\u0131\",\"isPartOf\":{\"@id\":\"https:\\\/\\\/avrupatv.eu\\\/#website\"},\"primaryImageOfPage\":{\"@id\":\"https:\\\/\\\/avrupatv.eu\\\/index.php\\\/2023\\\/11\\\/14\\\/israil-basinina-gore-partisinden-bakan-ve-milletvekilleri-netanyahunun-gorevden-alinmasini-tartisiyor\\\/#primaryimage\"},\"image\":{\"@id\":\"https:\\\/\\\/avrupatv.eu\\\/index.php\\\/2023\\\/11\\\/14\\\/israil-basinina-gore-partisinden-bakan-ve-milletvekilleri-netanyahunun-gorevden-alinmasini-tartisiyor\\\/#primaryimage\"},\"thumbnailUrl\":\"https:\\\/\\\/avrupatv.eu\\\/wp-content\\\/uploads\\\/2023\\\/11\\\/thumbs_b_c_4afc5daa8765e00fd923f75ed57377f2.jpg\",\"datePublished\":\"2023-11-14T22:18:35+00:00\",\"breadcrumb\":{\"@id\":\"https:\\\/\\\/avrupatv.eu\\\/index.php\\\/2023\\\/11\\\/14\\\/israil-basinina-gore-partisinden-bakan-ve-milletvekilleri-netanyahunun-gorevden-alinmasini-tartisiyor\\\/#breadcrumb\"},\"inLanguage\":\"tr\",\"potentialAction\":[{\"@type\":\"ReadAction\",\"target\":[\"https:\\\/\\\/avrupatv.eu\\\/index.php\\\/2023\\\/11\\\/14\\\/israil-basinina-gore-partisinden-bakan-ve-milletvekilleri-netanyahunun-gorevden-alinmasini-tartisiyor\\\/\"]}]},{\"@type\":\"ImageObject\",\"inLanguage\":\"tr\",\"@id\":\"https:\\\/\\\/avrupatv.eu\\\/index.php\\\/2023\\\/11\\\/14\\\/israil-basinina-gore-partisinden-bakan-ve-milletvekilleri-netanyahunun-gorevden-alinmasini-tartisiyor\\\/#primaryimage\",\"url\":\"https:\\\/\\\/avrupatv.eu\\\/wp-content\\\/uploads\\\/2023\\\/11\\\/thumbs_b_c_4afc5daa8765e00fd923f75ed57377f2.jpg\",\"contentUrl\":\"https:\\\/\\\/avrupatv.eu\\\/wp-content\\\/uploads\\\/2023\\\/11\\\/thumbs_b_c_4afc5daa8765e00fd923f75ed57377f2.jpg\",\"width\":864,\"height\":486},{\"@type\":\"BreadcrumbList\",\"@id\":\"https:\\\/\\\/avrupatv.eu\\\/index.php\\\/2023\\\/11\\\/14\\\/israil-basinina-gore-partisinden-bakan-ve-milletvekilleri-netanyahunun-gorevden-alinmasini-tartisiyor\\\/#breadcrumb\",\"itemListElement\":[{\"@type\":\"ListItem\",\"position\":1,\"name\":\"Anasayfa\",\"item\":\"https:\\\/\\\/avrupatv.eu\\\/\"},{\"@type\":\"ListItem\",\"position\":2,\"name\":\"\u0130srail bas\u0131n\u0131na g\u00f6re, partisinden bakan ve milletvekilleri Netanyahu&#8217;nun g\u00f6revden al\u0131nmas\u0131n\u0131 tart\u0131\u015f\u0131yor\"}]},{\"@type\":\"WebSite\",\"@id\":\"https:\\\/\\\/avrupatv.eu\\\/#website\",\"url\":\"https:\\\/\\\/avrupatv.eu\\\/\",\"name\":\"Avrupal\u0131 T\u00fcrklerin en Yeni Haber Portal\u0131\",\"description\":\"\",\"publisher\":{\"@id\":\"https:\\\/\\\/avrupatv.eu\\\/#organization\"},\"alternateName\":\"Avrupa tv\",\"potentialAction\":[{\"@type\":\"SearchAction\",\"target\":{\"@type\":\"EntryPoint\",\"urlTemplate\":\"https:\\\/\\\/avrupatv.eu\\\/?s={search_term_string}\"},\"query-input\":{\"@type\":\"PropertyValueSpecification\",\"valueRequired\":true,\"valueName\":\"search_term_string\"}}],\"inLanguage\":\"tr\"},{\"@type\":\"Organization\",\"@id\":\"https:\\\/\\\/avrupatv.eu\\\/#organization\",\"name\":\"Avrupa Haber\",\"url\":\"https:\\\/\\\/avrupatv.eu\\\/\",\"logo\":{\"@type\":\"ImageObject\",\"inLanguage\":\"tr\",\"@id\":\"https:\\\/\\\/avrupatv.eu\\\/#\\\/schema\\\/logo\\\/image\\\/\",\"url\":\"https:\\\/\\\/avrupatv.eu\\\/wp-content\\\/uploads\\\/2023\\\/10\\\/cropped-thumbnail_logo.png\",\"contentUrl\":\"https:\\\/\\\/avrupatv.eu\\\/wp-content\\\/uploads\\\/2023\\\/10\\\/cropped-thumbnail_logo.png\",\"width\":1025,\"height\":302,\"caption\":\"Avrupa Haber\"},\"image\":{\"@id\":\"https:\\\/\\\/avrupatv.eu\\\/#\\\/schema\\\/logo\\\/image\\\/\"}},{\"@type\":\"Person\",\"@id\":\"https:\\\/\\\/avrupatv.eu\\\/#\\\/schema\\\/person\\\/d56afa5d5569da4029d483da36c0c17d\",\"name\":\"Onur Akpinar\",\"image\":{\"@type\":\"ImageObject\",\"inLanguage\":\"tr\",\"@id\":\"https:\\\/\\\/secure.gravatar.com\\\/avatar\\\/67a1a0bdf34f82da209334e4684b7e7171a58a5a2b0a8f836b61044f5c1f5d6a?s=96&d=mm&r=g\",\"url\":\"https:\\\/\\\/secure.gravatar.com\\\/avatar\\\/67a1a0bdf34f82da209334e4684b7e7171a58a5a2b0a8f836b61044f5c1f5d6a?s=96&d=mm&r=g\",\"contentUrl\":\"https:\\\/\\\/secure.gravatar.com\\\/avatar\\\/67a1a0bdf34f82da209334e4684b7e7171a58a5a2b0a8f836b61044f5c1f5d6a?s=96&d=mm&r=g\",\"caption\":\"Onur Akpinar\"},\"url\":\"https:\\\/\\\/avrupatv.eu\\\/index.php\\\/author\\\/onur-akpinar\\\/\"}]}<\/script>\n<!-- \/ Yoast SEO plugin. -->","yoast_head_json":{"title":"\u0130srail bas\u0131n\u0131na g\u00f6re, partisinden bakan ve milletvekilleri Netanyahu'nun g\u00f6revden al\u0131nmas\u0131n\u0131 tart\u0131\u015f\u0131yor - Avrupal\u0131 T\u00fcrklerin en Yeni Haber Portal\u0131","robots":{"index":"index","follow":"follow","max-snippet":"max-snippet:-1","max-image-preview":"max-image-preview:large","max-video-preview":"max-video-preview:-1"},"canonical":"https:\/\/avrupatv.eu\/index.php\/2023\/11\/14\/israil-basinina-gore-partisinden-bakan-ve-milletvekilleri-netanyahunun-gorevden-alinmasini-tartisiyor\/","og_locale":"tr_TR","og_type":"article","og_title":"\u0130srail bas\u0131n\u0131na g\u00f6re, partisinden bakan ve milletvekilleri Netanyahu'nun g\u00f6revden al\u0131nmas\u0131n\u0131 tart\u0131\u015f\u0131yor - Avrupal\u0131 T\u00fcrklerin en Yeni Haber Portal\u0131","og_description":"\u0130srail&#8217;de Ba\u015fbakan Binyamin Netanyahu&#8217;nun g\u00f6revden al\u0131nmas\u0131 konusunda partisi Likud i\u00e7inde bile tart\u0131\u015fmalar\u0131n oldu\u011fu belirtildi. \u0130srail\u2019in Kanal 13 televizyonunun haberine g\u00f6re, Ba\u015fbakan Netanyahu&#8217;nun gelece\u011fi, Gazze sava\u015f\u0131yla birlikte Likud Partisinden bakanlar ve milletvekilleri aras\u0131nda da tart\u0131\u015f\u0131lmaya ba\u015fland\u0131. Likud \u00fcyesi bakanlar ve milletvekillerinin, Netanyahu&#8217;dan g\u00fcvenoyunu \u00e7ekerek ba\u015fbakanl\u0131ktan d\u00fc\u015f\u00fcrmeyi ve yeni bir liderle yola devam etmeyi g\u00f6r\u00fc\u015ft\u00fc\u011f\u00fc aktar\u0131ld\u0131. Ayr\u0131ca [&hellip;]","og_url":"https:\/\/avrupatv.eu\/index.php\/2023\/11\/14\/israil-basinina-gore-partisinden-bakan-ve-milletvekilleri-netanyahunun-gorevden-alinmasini-tartisiyor\/","og_site_name":"Avrupal\u0131 T\u00fcrklerin en Yeni Haber Portal\u0131","article_published_time":"2023-11-14T22:18:35+00:00","og_image":[{"width":864,"height":486,"url":"https:\/\/avrupatv.eu\/wp-content\/uploads\/2023\/11\/thumbs_b_c_4afc5daa8765e00fd923f75ed57377f2.jpg","type":"image\/jpeg"}],"author":"Onur Akpinar","twitter_card":"summary_large_image","twitter_misc":{"Yazan:":"Onur Akpinar","Tahmini okuma s\u00fcresi":"2 dakika"},"schema":{"@context":"https:\/\/schema.org","@graph":[{"@type":"Article","@id":"https:\/\/avrupatv.eu\/index.php\/2023\/11\/14\/israil-basinina-gore-partisinden-bakan-ve-milletvekilleri-netanyahunun-gorevden-alinmasini-tartisiyor\/#article","isPartOf":{"@id":"https:\/\/avrupatv.eu\/index.php\/2023\/11\/14\/israil-basinina-gore-partisinden-bakan-ve-milletvekilleri-netanyahunun-gorevden-alinmasini-tartisiyor\/"},"author":{"name":"Onur Akpinar","@id":"https:\/\/avrupatv.eu\/#\/schema\/person\/d56afa5d5569da4029d483da36c0c17d"},"headline":"\u0130srail bas\u0131n\u0131na g\u00f6re, partisinden bakan ve milletvekilleri Netanyahu&#8217;nun g\u00f6revden al\u0131nmas\u0131n\u0131 tart\u0131\u015f\u0131yor","datePublished":"2023-11-14T22:18:35+00:00","mainEntityOfPage":{"@id":"https:\/\/avrupatv.eu\/index.php\/2023\/11\/14\/israil-basinina-gore-partisinden-bakan-ve-milletvekilleri-netanyahunun-gorevden-alinmasini-tartisiyor\/"},"wordCount":291,"commentCount":0,"publisher":{"@id":"https:\/\/avrupatv.eu\/#organization"},"image":{"@id":"https:\/\/avrupatv.eu\/index.php\/2023\/11\/14\/israil-basinina-gore-partisinden-bakan-ve-milletvekilleri-netanyahunun-gorevden-alinmasini-tartisiyor\/#primaryimage"},"thumbnailUrl":"https:\/\/avrupatv.eu\/wp-content\/uploads\/2023\/11\/thumbs_b_c_4afc5daa8765e00fd923f75ed57377f2.jpg","articleSection":["D\u00fcnya","G\u00fcndem"],"inLanguage":"tr","potentialAction":[{"@type":"CommentAction","name":"Comment","target":["https:\/\/avrupatv.eu\/index.php\/2023\/11\/14\/israil-basinina-gore-partisinden-bakan-ve-milletvekilleri-netanyahunun-gorevden-alinmasini-tartisiyor\/#respond"]}]},{"@type":"WebPage","@id":"https:\/\/avrupatv.eu\/index.php\/2023\/11\/14\/israil-basinina-gore-partisinden-bakan-ve-milletvekilleri-netanyahunun-gorevden-alinmasini-tartisiyor\/","url":"https:\/\/avrupatv.eu\/index.php\/2023\/11\/14\/israil-basinina-gore-partisinden-bakan-ve-milletvekilleri-netanyahunun-gorevden-alinmasini-tartisiyor\/","name":"\u0130srail bas\u0131n\u0131na g\u00f6re, partisinden bakan ve milletvekilleri Netanyahu'nun g\u00f6revden al\u0131nmas\u0131n\u0131 tart\u0131\u015f\u0131yor - Avrupal\u0131 T\u00fcrklerin en Yeni Haber Portal\u0131","isPartOf":{"@id":"https:\/\/avrupatv.eu\/#website"},"primaryImageOfPage":{"@id":"https:\/\/avrupatv.eu\/index.php\/2023\/11\/14\/israil-basinina-gore-partisinden-bakan-ve-milletvekilleri-netanyahunun-gorevden-alinmasini-tartisiyor\/#primaryimage"},"image":{"@id":"https:\/\/avrupatv.eu\/index.php\/2023\/11\/14\/israil-basinina-gore-partisinden-bakan-ve-milletvekilleri-netanyahunun-gorevden-alinmasini-tartisiyor\/#primaryimage"},"thumbnailUrl":"https:\/\/avrupatv.eu\/wp-content\/uploads\/2023\/11\/thumbs_b_c_4afc5daa8765e00fd923f75ed57377f2.jpg","datePublished":"2023-11-14T22:18:35+00:00","breadcrumb":{"@id":"https:\/\/avrupatv.eu\/index.php\/2023\/11\/14\/israil-basinina-gore-partisinden-bakan-ve-milletvekilleri-netanyahunun-gorevden-alinmasini-tartisiyor\/#breadcrumb"},"inLanguage":"tr","potentialAction":[{"@type":"ReadAction","target":["https:\/\/avrupatv.eu\/index.php\/2023\/11\/14\/israil-basinina-gore-partisinden-bakan-ve-milletvekilleri-netanyahunun-gorevden-alinmasini-tartisiyor\/"]}]},{"@type":"ImageObject","inLanguage":"tr","@id":"https:\/\/avrupatv.eu\/index.php\/2023\/11\/14\/israil-basinina-gore-partisinden-bakan-ve-milletvekilleri-netanyahunun-gorevden-alinmasini-tartisiyor\/#primaryimage","url":"https:\/\/avrupatv.eu\/wp-content\/uploads\/2023\/11\/thumbs_b_c_4afc5daa8765e00fd923f75ed57377f2.jpg","contentUrl":"https:\/\/avrupatv.eu\/wp-content\/uploads\/2023\/11\/thumbs_b_c_4afc5daa8765e00fd923f75ed57377f2.jpg","width":864,"height":486},{"@type":"BreadcrumbList","@id":"https:\/\/avrupatv.eu\/index.php\/2023\/11\/14\/israil-basinina-gore-partisinden-bakan-ve-milletvekilleri-netanyahunun-gorevden-alinmasini-tartisiyor\/#breadcrumb","itemListElement":[{"@type":"ListItem","position":1,"name":"Anasayfa","item":"https:\/\/avrupatv.eu\/"},{"@type":"ListItem","position":2,"name":"\u0130srail bas\u0131n\u0131na g\u00f6re, partisinden bakan ve milletvekilleri Netanyahu&#8217;nun g\u00f6revden al\u0131nmas\u0131n\u0131 tart\u0131\u015f\u0131yor"}]},{"@type":"WebSite","@id":"https:\/\/avrupatv.eu\/#website","url":"https:\/\/avrupatv.eu\/","name":"Avrupal\u0131 T\u00fcrklerin en Yeni Haber Portal\u0131","description":"","publisher":{"@id":"https:\/\/avrupatv.eu\/#organization"},"alternateName":"Avrupa tv","potentialAction":[{"@type":"SearchAction","target":{"@type":"EntryPoint","urlTemplate":"https:\/\/avrupatv.eu\/?s={search_term_string}"},"query-input":{"@type":"PropertyValueSpecification","valueRequired":true,"valueName":"search_term_string"}}],"inLanguage":"tr"},{"@type":"Organization","@id":"https:\/\/avrupatv.eu\/#organization","name":"Avrupa Haber","url":"https:\/\/avrupatv.eu\/","logo":{"@type":"ImageObject","inLanguage":"tr","@id":"https:\/\/avrupatv.eu\/#\/schema\/logo\/image\/","url":"https:\/\/avrupatv.eu\/wp-content\/uploads\/2023\/10\/cropped-thumbnail_logo.png","contentUrl":"https:\/\/avrupatv.eu\/wp-content\/uploads\/2023\/10\/cropped-thumbnail_logo.png","width":1025,"height":302,"caption":"Avrupa Haber"},"image":{"@id":"https:\/\/avrupatv.eu\/#\/schema\/logo\/image\/"}},{"@type":"Person","@id":"https:\/\/avrupatv.eu\/#\/schema\/person\/d56afa5d5569da4029d483da36c0c17d","name":"Onur Akpinar","image":{"@type":"ImageObject","inLanguage":"tr","@id":"https:\/\/secure.gravatar.com\/avatar\/67a1a0bdf34f82da209334e4684b7e7171a58a5a2b0a8f836b61044f5c1f5d6a?s=96&d=mm&r=g","url":"https:\/\/secure.gravatar.com\/avatar\/67a1a0bdf34f82da209334e4684b7e7171a58a5a2b0a8f836b61044f5c1f5d6a?s=96&d=mm&r=g","contentUrl":"https:\/\/secure.gravatar.com\/avatar\/67a1a0bdf34f82da209334e4684b7e7171a58a5a2b0a8f836b61044f5c1f5d6a?s=96&d=mm&r=g","caption":"Onur Akpinar"},"url":"https:\/\/avrupatv.eu\/index.php\/author\/onur-akpinar\/"}]}},"_links":{"self":[{"href":"https:\/\/avrupatv.eu\/index.php\/wp-json\/wp\/v2\/posts\/204","targetHints":{"allow":["GET"]}}],"collection":[{"href":"https:\/\/avrupatv.eu\/index.php\/wp-json\/wp\/v2\/posts"}],"about":[{"href":"https:\/\/avrupatv.eu\/index.php\/wp-json\/wp\/v2\/types\/post"}],"author":[{"embeddable":true,"href":"https:\/\/avrupatv.eu\/index.php\/wp-json\/wp\/v2\/users\/2"}],"replies":[{"embeddable":true,"href":"https:\/\/avrupatv.eu\/index.php\/wp-json\/wp\/v2\/comments?post=204"}],"version-history":[{"count":1,"href":"https:\/\/avrupatv.eu\/index.php\/wp-json\/wp\/v2\/posts\/204\/revisions"}],"predecessor-version":[{"id":206,"href":"https:\/\/avrupatv.eu\/index.php\/wp-json\/wp\/v2\/posts\/204\/revisions\/206"}],"wp:featuredmedia":[{"embeddable":true,"href":"https:\/\/avrupatv.eu\/index.php\/wp-json\/wp\/v2\/media\/205"}],"wp:attachment":[{"href":"https:\/\/avrupatv.eu\/index.php\/wp-json\/wp\/v2\/media?parent=204"}],"wp:term":[{"taxonomy":"category","embeddable":true,"href":"https:\/\/avrupatv.eu\/index.php\/wp-json\/wp\/v2\/categories?post=204"},{"taxonomy":"post_tag","embeddable":true,"href":"https:\/\/avrupatv.eu\/index.php\/wp-json\/wp\/v2\/tags?post=204"}],"curies":[{"name":"wp","href":"https:\/\/api.w.org\/{rel}","templated":true}]}}