{"id":184,"date":"2023-11-13T21:35:48","date_gmt":"2023-11-13T21:35:48","guid":{"rendered":"https:\/\/avrupatv.eu\/?p=184"},"modified":"2023-11-13T21:35:49","modified_gmt":"2023-11-13T21:35:49","slug":"milli-ara-oncesi-lider-fenerbahce","status":"publish","type":"post","link":"https:\/\/avrupatv.eu\/index.php\/2023\/11\/13\/milli-ara-oncesi-lider-fenerbahce\/","title":{"rendered":"Milli ara \u00f6ncesi lider Fenerbah\u00e7e"},"content":{"rendered":"\n<p><strong>S\u00fcper Lig&#8217;de milli araya gidilirken zirve k\u0131z\u0131\u015ft\u0131. Fenerbah\u00e7e-Galatasaray rekabeti zirveye ta\u015f\u0131n\u0131rken i\u015fte puan durumu&#8230;<\/strong><\/p>\n\n\n\n<p>Trendyol S\u00fcper Lig&#8217;de 12. hafta kar\u015f\u0131la\u015fmalar\u0131n\u0131n da tamamlanmas\u0131 ile milli araya gidiliyor. K\u0131ran k\u0131rana zirve yar\u0131\u015f\u0131 devam ederken alt s\u0131ralarda da i\u015fler kar\u0131\u015f\u0131yor. \u0130\u015fte ligde son durum&#8230;<\/p>\n\n\n\n<h2 class=\"wp-block-heading\">Fenerbah\u00e7e milli araya lider gidiyor<\/h2>\n\n\n\n<p>Bug\u00fcn Adana Demirspor deplasman\u0131ndan 0-0&#8217;l\u0131k beraberlikle 1 puan alan Fenerbah\u00e7e puan\u0131n\u0131 31&#8217;e y\u00fckseltti ve ayn\u0131 puandaki Galatasasray&#8217;\u0131n averajla \u00f6n\u00fcne ge\u00e7erek liderlik koltu\u011funu ald\u0131.<\/p>\n\n\n\n<h2 class=\"wp-block-heading\">Galatasaray koltu\u011funu Hatay&#8217;da b\u0131rakt\u0131<\/h2>\n\n\n\n<p>Haftaya lider ba\u015flayan Galatasaray d\u00fcn oynanan ma\u00e7ta deplasmanda Ataka\u015f Hatayspor&#8217;a 2-1 ma\u011flup olarak 31 puanda kald\u0131 ve liderlik koltu\u011funu ezeli rakibi Fenerbah\u00e7e&#8217;ye b\u0131rakt\u0131.<\/p>\n\n\n\n<h2 class=\"wp-block-heading\">4 ekip 22&#8217;de puanlar\u0131 e\u015fitledi<\/h2>\n\n\n\n<p>Bug\u00fcn haftay\u0131 galibiyetle kapatan Be\u015fikta\u015f, Trabzonspor ve Mondi Home Kayserispor 22 puana ula\u015farak puan tablosunda Fenerbah\u00e7e kar\u015f\u0131s\u0131nda 1 puan alan Adana Demirspor&#8217;u yakalad\u0131. Ayn\u0131 puana sahip 4 tak\u0131m ligde alt alta dizildi.<\/p>\n\n\n\n<h2 class=\"wp-block-heading\">D\u00fc\u015fme hatt\u0131nda puanlar yak\u0131n<\/h2>\n\n\n\n<p>Alt s\u0131ralarda ise m\u00fccadele kald\u0131\u011f\u0131 yerden devam ediyor. \u00c7aykur Rizespor&#8217;a yenilerek 5 puanda kalan \u0130stanbulspor ligin son s\u0131ras\u0131nda yer al\u0131rken; 8 puanl\u0131 Samsunspor, 9 puanl\u0131 Ba\u015fak\u015fehir ve 10 puanl\u0131 Corendon Alanyaspor&#8217;da d\u00fc\u015fme hatt\u0131n\u0131 olu\u015fturuyor.<\/p>\n\n\n\n<figure class=\"wp-block-image\"><img decoding=\"async\" src=\"https:\/\/ajssarimg2.mediatriple.net\/1687876.jpg.webp?w=1200&amp;h=675\" alt=\"\"\/><\/figure>\n","protected":false},"excerpt":{"rendered":"<p>S\u00fcper Lig&#8217;de milli araya gidilirken zirve k\u0131z\u0131\u015ft\u0131. Fenerbah\u00e7e-Galatasaray rekabeti zirveye ta\u015f\u0131n\u0131rken i\u015fte puan durumu&#8230; Trendyol S\u00fcper Lig&#8217;de 12. hafta kar\u015f\u0131la\u015fmalar\u0131n\u0131n da tamamlanmas\u0131 ile milli araya gidiliyor. K\u0131ran k\u0131rana zirve yar\u0131\u015f\u0131 devam ederken alt s\u0131ralarda da i\u015fler kar\u0131\u015f\u0131yor. \u0130\u015fte ligde son durum&#8230; Fenerbah\u00e7e milli araya lider gidiyor Bug\u00fcn Adana Demirspor deplasman\u0131ndan 0-0&#8217;l\u0131k beraberlikle 1 puan alan [&hellip;]<\/p>\n","protected":false},"author":2,"featured_media":87,"comment_status":"open","ping_status":"open","sticky":false,"template":"","format":"standard","meta":{"footnotes":""},"categories":[10,11],"tags":[],"class_list":["post-184","post","type-post","status-publish","format-standard","has-post-thumbnail","hentry","category-futbol","category-turkiye"],"yoast_head":"<!-- This site is optimized with the Yoast SEO plugin v27.4 - https:\/\/yoast.com\/product\/yoast-seo-wordpress\/ -->\n<title>Milli ara \u00f6ncesi lider Fenerbah\u00e7e - Avrupal\u0131 T\u00fcrklerin en Yeni Haber Portal\u0131<\/title>\n<meta name=\"robots\" content=\"index, follow, max-snippet:-1, max-image-preview:large, max-video-preview:-1\" \/>\n<link rel=\"canonical\" href=\"https:\/\/avrupatv.eu\/index.php\/2023\/11\/13\/milli-ara-oncesi-lider-fenerbahce\/\" \/>\n<meta property=\"og:locale\" content=\"tr_TR\" \/>\n<meta property=\"og:type\" content=\"article\" \/>\n<meta property=\"og:title\" content=\"Milli ara \u00f6ncesi lider Fenerbah\u00e7e - Avrupal\u0131 T\u00fcrklerin en Yeni Haber Portal\u0131\" \/>\n<meta property=\"og:description\" content=\"S\u00fcper Lig&#8217;de milli araya gidilirken zirve k\u0131z\u0131\u015ft\u0131. Fenerbah\u00e7e-Galatasaray rekabeti zirveye ta\u015f\u0131n\u0131rken i\u015fte puan durumu&#8230; Trendyol S\u00fcper Lig&#8217;de 12. hafta kar\u015f\u0131la\u015fmalar\u0131n\u0131n da tamamlanmas\u0131 ile milli araya gidiliyor. K\u0131ran k\u0131rana zirve yar\u0131\u015f\u0131 devam ederken alt s\u0131ralarda da i\u015fler kar\u0131\u015f\u0131yor. \u0130\u015fte ligde son durum&#8230; Fenerbah\u00e7e milli araya lider gidiyor Bug\u00fcn Adana Demirspor deplasman\u0131ndan 0-0&#8217;l\u0131k beraberlikle 1 puan alan [&hellip;]\" \/>\n<meta property=\"og:url\" content=\"https:\/\/avrupatv.eu\/index.php\/2023\/11\/13\/milli-ara-oncesi-lider-fenerbahce\/\" \/>\n<meta property=\"og:site_name\" content=\"Avrupal\u0131 T\u00fcrklerin en Yeni Haber Portal\u0131\" \/>\n<meta property=\"article:published_time\" content=\"2023-11-13T21:35:48+00:00\" \/>\n<meta property=\"article:modified_time\" content=\"2023-11-13T21:35:49+00:00\" \/>\n<meta property=\"og:image\" content=\"https:\/\/avrupatv.eu\/wp-content\/uploads\/2023\/10\/thumbs_b_c_8567319d0c604c859aeca7314957c4b0.jpg\" \/>\n\t<meta property=\"og:image:width\" content=\"864\" \/>\n\t<meta property=\"og:image:height\" content=\"486\" \/>\n\t<meta property=\"og:image:type\" content=\"image\/jpeg\" \/>\n<meta name=\"author\" content=\"Onur Akpinar\" \/>\n<meta name=\"twitter:card\" content=\"summary_large_image\" \/>\n<meta name=\"twitter:label1\" content=\"Yazan:\" \/>\n\t<meta name=\"twitter:data1\" content=\"Onur Akpinar\" \/>\n\t<meta name=\"twitter:label2\" content=\"Tahmini okuma s\u00fcresi\" \/>\n\t<meta name=\"twitter:data2\" content=\"1 dakika\" \/>\n<script type=\"application\/ld+json\" class=\"yoast-schema-graph\">{\"@context\":\"https:\\\/\\\/schema.org\",\"@graph\":[{\"@type\":\"Article\",\"@id\":\"https:\\\/\\\/avrupatv.eu\\\/index.php\\\/2023\\\/11\\\/13\\\/milli-ara-oncesi-lider-fenerbahce\\\/#article\",\"isPartOf\":{\"@id\":\"https:\\\/\\\/avrupatv.eu\\\/index.php\\\/2023\\\/11\\\/13\\\/milli-ara-oncesi-lider-fenerbahce\\\/\"},\"author\":{\"name\":\"Onur Akpinar\",\"@id\":\"https:\\\/\\\/avrupatv.eu\\\/#\\\/schema\\\/person\\\/d56afa5d5569da4029d483da36c0c17d\"},\"headline\":\"Milli ara \u00f6ncesi lider Fenerbah\u00e7e\",\"datePublished\":\"2023-11-13T21:35:48+00:00\",\"dateModified\":\"2023-11-13T21:35:49+00:00\",\"mainEntityOfPage\":{\"@id\":\"https:\\\/\\\/avrupatv.eu\\\/index.php\\\/2023\\\/11\\\/13\\\/milli-ara-oncesi-lider-fenerbahce\\\/\"},\"wordCount\":233,\"commentCount\":0,\"publisher\":{\"@id\":\"https:\\\/\\\/avrupatv.eu\\\/#organization\"},\"image\":{\"@id\":\"https:\\\/\\\/avrupatv.eu\\\/index.php\\\/2023\\\/11\\\/13\\\/milli-ara-oncesi-lider-fenerbahce\\\/#primaryimage\"},\"thumbnailUrl\":\"https:\\\/\\\/avrupatv.eu\\\/wp-content\\\/uploads\\\/2023\\\/10\\\/thumbs_b_c_8567319d0c604c859aeca7314957c4b0.jpg\",\"articleSection\":[\"Futbol\",\"T\u00fcrkiye\"],\"inLanguage\":\"tr\",\"potentialAction\":[{\"@type\":\"CommentAction\",\"name\":\"Comment\",\"target\":[\"https:\\\/\\\/avrupatv.eu\\\/index.php\\\/2023\\\/11\\\/13\\\/milli-ara-oncesi-lider-fenerbahce\\\/#respond\"]}]},{\"@type\":\"WebPage\",\"@id\":\"https:\\\/\\\/avrupatv.eu\\\/index.php\\\/2023\\\/11\\\/13\\\/milli-ara-oncesi-lider-fenerbahce\\\/\",\"url\":\"https:\\\/\\\/avrupatv.eu\\\/index.php\\\/2023\\\/11\\\/13\\\/milli-ara-oncesi-lider-fenerbahce\\\/\",\"name\":\"Milli ara \u00f6ncesi lider Fenerbah\u00e7e - Avrupal\u0131 T\u00fcrklerin en Yeni Haber Portal\u0131\",\"isPartOf\":{\"@id\":\"https:\\\/\\\/avrupatv.eu\\\/#website\"},\"primaryImageOfPage\":{\"@id\":\"https:\\\/\\\/avrupatv.eu\\\/index.php\\\/2023\\\/11\\\/13\\\/milli-ara-oncesi-lider-fenerbahce\\\/#primaryimage\"},\"image\":{\"@id\":\"https:\\\/\\\/avrupatv.eu\\\/index.php\\\/2023\\\/11\\\/13\\\/milli-ara-oncesi-lider-fenerbahce\\\/#primaryimage\"},\"thumbnailUrl\":\"https:\\\/\\\/avrupatv.eu\\\/wp-content\\\/uploads\\\/2023\\\/10\\\/thumbs_b_c_8567319d0c604c859aeca7314957c4b0.jpg\",\"datePublished\":\"2023-11-13T21:35:48+00:00\",\"dateModified\":\"2023-11-13T21:35:49+00:00\",\"breadcrumb\":{\"@id\":\"https:\\\/\\\/avrupatv.eu\\\/index.php\\\/2023\\\/11\\\/13\\\/milli-ara-oncesi-lider-fenerbahce\\\/#breadcrumb\"},\"inLanguage\":\"tr\",\"potentialAction\":[{\"@type\":\"ReadAction\",\"target\":[\"https:\\\/\\\/avrupatv.eu\\\/index.php\\\/2023\\\/11\\\/13\\\/milli-ara-oncesi-lider-fenerbahce\\\/\"]}]},{\"@type\":\"ImageObject\",\"inLanguage\":\"tr\",\"@id\":\"https:\\\/\\\/avrupatv.eu\\\/index.php\\\/2023\\\/11\\\/13\\\/milli-ara-oncesi-lider-fenerbahce\\\/#primaryimage\",\"url\":\"https:\\\/\\\/avrupatv.eu\\\/wp-content\\\/uploads\\\/2023\\\/10\\\/thumbs_b_c_8567319d0c604c859aeca7314957c4b0.jpg\",\"contentUrl\":\"https:\\\/\\\/avrupatv.eu\\\/wp-content\\\/uploads\\\/2023\\\/10\\\/thumbs_b_c_8567319d0c604c859aeca7314957c4b0.jpg\",\"width\":864,\"height\":486},{\"@type\":\"BreadcrumbList\",\"@id\":\"https:\\\/\\\/avrupatv.eu\\\/index.php\\\/2023\\\/11\\\/13\\\/milli-ara-oncesi-lider-fenerbahce\\\/#breadcrumb\",\"itemListElement\":[{\"@type\":\"ListItem\",\"position\":1,\"name\":\"Anasayfa\",\"item\":\"https:\\\/\\\/avrupatv.eu\\\/\"},{\"@type\":\"ListItem\",\"position\":2,\"name\":\"Milli ara \u00f6ncesi lider Fenerbah\u00e7e\"}]},{\"@type\":\"WebSite\",\"@id\":\"https:\\\/\\\/avrupatv.eu\\\/#website\",\"url\":\"https:\\\/\\\/avrupatv.eu\\\/\",\"name\":\"Avrupal\u0131 T\u00fcrklerin en Yeni Haber Portal\u0131\",\"description\":\"\",\"publisher\":{\"@id\":\"https:\\\/\\\/avrupatv.eu\\\/#organization\"},\"alternateName\":\"Avrupa tv\",\"potentialAction\":[{\"@type\":\"SearchAction\",\"target\":{\"@type\":\"EntryPoint\",\"urlTemplate\":\"https:\\\/\\\/avrupatv.eu\\\/?s={search_term_string}\"},\"query-input\":{\"@type\":\"PropertyValueSpecification\",\"valueRequired\":true,\"valueName\":\"search_term_string\"}}],\"inLanguage\":\"tr\"},{\"@type\":\"Organization\",\"@id\":\"https:\\\/\\\/avrupatv.eu\\\/#organization\",\"name\":\"Avrupa Haber\",\"url\":\"https:\\\/\\\/avrupatv.eu\\\/\",\"logo\":{\"@type\":\"ImageObject\",\"inLanguage\":\"tr\",\"@id\":\"https:\\\/\\\/avrupatv.eu\\\/#\\\/schema\\\/logo\\\/image\\\/\",\"url\":\"https:\\\/\\\/avrupatv.eu\\\/wp-content\\\/uploads\\\/2023\\\/10\\\/cropped-thumbnail_logo.png\",\"contentUrl\":\"https:\\\/\\\/avrupatv.eu\\\/wp-content\\\/uploads\\\/2023\\\/10\\\/cropped-thumbnail_logo.png\",\"width\":1025,\"height\":302,\"caption\":\"Avrupa Haber\"},\"image\":{\"@id\":\"https:\\\/\\\/avrupatv.eu\\\/#\\\/schema\\\/logo\\\/image\\\/\"}},{\"@type\":\"Person\",\"@id\":\"https:\\\/\\\/avrupatv.eu\\\/#\\\/schema\\\/person\\\/d56afa5d5569da4029d483da36c0c17d\",\"name\":\"Onur Akpinar\",\"image\":{\"@type\":\"ImageObject\",\"inLanguage\":\"tr\",\"@id\":\"https:\\\/\\\/secure.gravatar.com\\\/avatar\\\/67a1a0bdf34f82da209334e4684b7e7171a58a5a2b0a8f836b61044f5c1f5d6a?s=96&d=mm&r=g\",\"url\":\"https:\\\/\\\/secure.gravatar.com\\\/avatar\\\/67a1a0bdf34f82da209334e4684b7e7171a58a5a2b0a8f836b61044f5c1f5d6a?s=96&d=mm&r=g\",\"contentUrl\":\"https:\\\/\\\/secure.gravatar.com\\\/avatar\\\/67a1a0bdf34f82da209334e4684b7e7171a58a5a2b0a8f836b61044f5c1f5d6a?s=96&d=mm&r=g\",\"caption\":\"Onur Akpinar\"},\"url\":\"https:\\\/\\\/avrupatv.eu\\\/index.php\\\/author\\\/onur-akpinar\\\/\"}]}<\/script>\n<!-- \/ Yoast SEO plugin. -->","yoast_head_json":{"title":"Milli ara \u00f6ncesi lider Fenerbah\u00e7e - Avrupal\u0131 T\u00fcrklerin en Yeni Haber Portal\u0131","robots":{"index":"index","follow":"follow","max-snippet":"max-snippet:-1","max-image-preview":"max-image-preview:large","max-video-preview":"max-video-preview:-1"},"canonical":"https:\/\/avrupatv.eu\/index.php\/2023\/11\/13\/milli-ara-oncesi-lider-fenerbahce\/","og_locale":"tr_TR","og_type":"article","og_title":"Milli ara \u00f6ncesi lider Fenerbah\u00e7e - Avrupal\u0131 T\u00fcrklerin en Yeni Haber Portal\u0131","og_description":"S\u00fcper Lig&#8217;de milli araya gidilirken zirve k\u0131z\u0131\u015ft\u0131. Fenerbah\u00e7e-Galatasaray rekabeti zirveye ta\u015f\u0131n\u0131rken i\u015fte puan durumu&#8230; Trendyol S\u00fcper Lig&#8217;de 12. hafta kar\u015f\u0131la\u015fmalar\u0131n\u0131n da tamamlanmas\u0131 ile milli araya gidiliyor. K\u0131ran k\u0131rana zirve yar\u0131\u015f\u0131 devam ederken alt s\u0131ralarda da i\u015fler kar\u0131\u015f\u0131yor. \u0130\u015fte ligde son durum&#8230; Fenerbah\u00e7e milli araya lider gidiyor Bug\u00fcn Adana Demirspor deplasman\u0131ndan 0-0&#8217;l\u0131k beraberlikle 1 puan alan [&hellip;]","og_url":"https:\/\/avrupatv.eu\/index.php\/2023\/11\/13\/milli-ara-oncesi-lider-fenerbahce\/","og_site_name":"Avrupal\u0131 T\u00fcrklerin en Yeni Haber Portal\u0131","article_published_time":"2023-11-13T21:35:48+00:00","article_modified_time":"2023-11-13T21:35:49+00:00","og_image":[{"width":864,"height":486,"url":"https:\/\/avrupatv.eu\/wp-content\/uploads\/2023\/10\/thumbs_b_c_8567319d0c604c859aeca7314957c4b0.jpg","type":"image\/jpeg"}],"author":"Onur Akpinar","twitter_card":"summary_large_image","twitter_misc":{"Yazan:":"Onur Akpinar","Tahmini okuma s\u00fcresi":"1 dakika"},"schema":{"@context":"https:\/\/schema.org","@graph":[{"@type":"Article","@id":"https:\/\/avrupatv.eu\/index.php\/2023\/11\/13\/milli-ara-oncesi-lider-fenerbahce\/#article","isPartOf":{"@id":"https:\/\/avrupatv.eu\/index.php\/2023\/11\/13\/milli-ara-oncesi-lider-fenerbahce\/"},"author":{"name":"Onur Akpinar","@id":"https:\/\/avrupatv.eu\/#\/schema\/person\/d56afa5d5569da4029d483da36c0c17d"},"headline":"Milli ara \u00f6ncesi lider Fenerbah\u00e7e","datePublished":"2023-11-13T21:35:48+00:00","dateModified":"2023-11-13T21:35:49+00:00","mainEntityOfPage":{"@id":"https:\/\/avrupatv.eu\/index.php\/2023\/11\/13\/milli-ara-oncesi-lider-fenerbahce\/"},"wordCount":233,"commentCount":0,"publisher":{"@id":"https:\/\/avrupatv.eu\/#organization"},"image":{"@id":"https:\/\/avrupatv.eu\/index.php\/2023\/11\/13\/milli-ara-oncesi-lider-fenerbahce\/#primaryimage"},"thumbnailUrl":"https:\/\/avrupatv.eu\/wp-content\/uploads\/2023\/10\/thumbs_b_c_8567319d0c604c859aeca7314957c4b0.jpg","articleSection":["Futbol","T\u00fcrkiye"],"inLanguage":"tr","potentialAction":[{"@type":"CommentAction","name":"Comment","target":["https:\/\/avrupatv.eu\/index.php\/2023\/11\/13\/milli-ara-oncesi-lider-fenerbahce\/#respond"]}]},{"@type":"WebPage","@id":"https:\/\/avrupatv.eu\/index.php\/2023\/11\/13\/milli-ara-oncesi-lider-fenerbahce\/","url":"https:\/\/avrupatv.eu\/index.php\/2023\/11\/13\/milli-ara-oncesi-lider-fenerbahce\/","name":"Milli ara \u00f6ncesi lider Fenerbah\u00e7e - Avrupal\u0131 T\u00fcrklerin en Yeni Haber Portal\u0131","isPartOf":{"@id":"https:\/\/avrupatv.eu\/#website"},"primaryImageOfPage":{"@id":"https:\/\/avrupatv.eu\/index.php\/2023\/11\/13\/milli-ara-oncesi-lider-fenerbahce\/#primaryimage"},"image":{"@id":"https:\/\/avrupatv.eu\/index.php\/2023\/11\/13\/milli-ara-oncesi-lider-fenerbahce\/#primaryimage"},"thumbnailUrl":"https:\/\/avrupatv.eu\/wp-content\/uploads\/2023\/10\/thumbs_b_c_8567319d0c604c859aeca7314957c4b0.jpg","datePublished":"2023-11-13T21:35:48+00:00","dateModified":"2023-11-13T21:35:49+00:00","breadcrumb":{"@id":"https:\/\/avrupatv.eu\/index.php\/2023\/11\/13\/milli-ara-oncesi-lider-fenerbahce\/#breadcrumb"},"inLanguage":"tr","potentialAction":[{"@type":"ReadAction","target":["https:\/\/avrupatv.eu\/index.php\/2023\/11\/13\/milli-ara-oncesi-lider-fenerbahce\/"]}]},{"@type":"ImageObject","inLanguage":"tr","@id":"https:\/\/avrupatv.eu\/index.php\/2023\/11\/13\/milli-ara-oncesi-lider-fenerbahce\/#primaryimage","url":"https:\/\/avrupatv.eu\/wp-content\/uploads\/2023\/10\/thumbs_b_c_8567319d0c604c859aeca7314957c4b0.jpg","contentUrl":"https:\/\/avrupatv.eu\/wp-content\/uploads\/2023\/10\/thumbs_b_c_8567319d0c604c859aeca7314957c4b0.jpg","width":864,"height":486},{"@type":"BreadcrumbList","@id":"https:\/\/avrupatv.eu\/index.php\/2023\/11\/13\/milli-ara-oncesi-lider-fenerbahce\/#breadcrumb","itemListElement":[{"@type":"ListItem","position":1,"name":"Anasayfa","item":"https:\/\/avrupatv.eu\/"},{"@type":"ListItem","position":2,"name":"Milli ara \u00f6ncesi lider Fenerbah\u00e7e"}]},{"@type":"WebSite","@id":"https:\/\/avrupatv.eu\/#website","url":"https:\/\/avrupatv.eu\/","name":"Avrupal\u0131 T\u00fcrklerin en Yeni Haber Portal\u0131","description":"","publisher":{"@id":"https:\/\/avrupatv.eu\/#organization"},"alternateName":"Avrupa tv","potentialAction":[{"@type":"SearchAction","target":{"@type":"EntryPoint","urlTemplate":"https:\/\/avrupatv.eu\/?s={search_term_string}"},"query-input":{"@type":"PropertyValueSpecification","valueRequired":true,"valueName":"search_term_string"}}],"inLanguage":"tr"},{"@type":"Organization","@id":"https:\/\/avrupatv.eu\/#organization","name":"Avrupa Haber","url":"https:\/\/avrupatv.eu\/","logo":{"@type":"ImageObject","inLanguage":"tr","@id":"https:\/\/avrupatv.eu\/#\/schema\/logo\/image\/","url":"https:\/\/avrupatv.eu\/wp-content\/uploads\/2023\/10\/cropped-thumbnail_logo.png","contentUrl":"https:\/\/avrupatv.eu\/wp-content\/uploads\/2023\/10\/cropped-thumbnail_logo.png","width":1025,"height":302,"caption":"Avrupa Haber"},"image":{"@id":"https:\/\/avrupatv.eu\/#\/schema\/logo\/image\/"}},{"@type":"Person","@id":"https:\/\/avrupatv.eu\/#\/schema\/person\/d56afa5d5569da4029d483da36c0c17d","name":"Onur Akpinar","image":{"@type":"ImageObject","inLanguage":"tr","@id":"https:\/\/secure.gravatar.com\/avatar\/67a1a0bdf34f82da209334e4684b7e7171a58a5a2b0a8f836b61044f5c1f5d6a?s=96&d=mm&r=g","url":"https:\/\/secure.gravatar.com\/avatar\/67a1a0bdf34f82da209334e4684b7e7171a58a5a2b0a8f836b61044f5c1f5d6a?s=96&d=mm&r=g","contentUrl":"https:\/\/secure.gravatar.com\/avatar\/67a1a0bdf34f82da209334e4684b7e7171a58a5a2b0a8f836b61044f5c1f5d6a?s=96&d=mm&r=g","caption":"Onur Akpinar"},"url":"https:\/\/avrupatv.eu\/index.php\/author\/onur-akpinar\/"}]}},"_links":{"self":[{"href":"https:\/\/avrupatv.eu\/index.php\/wp-json\/wp\/v2\/posts\/184","targetHints":{"allow":["GET"]}}],"collection":[{"href":"https:\/\/avrupatv.eu\/index.php\/wp-json\/wp\/v2\/posts"}],"about":[{"href":"https:\/\/avrupatv.eu\/index.php\/wp-json\/wp\/v2\/types\/post"}],"author":[{"embeddable":true,"href":"https:\/\/avrupatv.eu\/index.php\/wp-json\/wp\/v2\/users\/2"}],"replies":[{"embeddable":true,"href":"https:\/\/avrupatv.eu\/index.php\/wp-json\/wp\/v2\/comments?post=184"}],"version-history":[{"count":1,"href":"https:\/\/avrupatv.eu\/index.php\/wp-json\/wp\/v2\/posts\/184\/revisions"}],"predecessor-version":[{"id":185,"href":"https:\/\/avrupatv.eu\/index.php\/wp-json\/wp\/v2\/posts\/184\/revisions\/185"}],"wp:featuredmedia":[{"embeddable":true,"href":"https:\/\/avrupatv.eu\/index.php\/wp-json\/wp\/v2\/media\/87"}],"wp:attachment":[{"href":"https:\/\/avrupatv.eu\/index.php\/wp-json\/wp\/v2\/media?parent=184"}],"wp:term":[{"taxonomy":"category","embeddable":true,"href":"https:\/\/avrupatv.eu\/index.php\/wp-json\/wp\/v2\/categories?post=184"},{"taxonomy":"post_tag","embeddable":true,"href":"https:\/\/avrupatv.eu\/index.php\/wp-json\/wp\/v2\/tags?post=184"}],"curies":[{"name":"wp","href":"https:\/\/api.w.org\/{rel}","templated":true}]}}