{"id":1828,"date":"2026-09-04T08:57:12","date_gmt":"2026-09-04T08:57:12","guid":{"rendered":"https:\/\/avrupatv.eu\/?p=1828"},"modified":"2026-09-04T08:57:12","modified_gmt":"2026-09-04T08:57:12","slug":"eupende-polis-kursunuyla-olen-halit-altun-icin-adalet-cagrisi-bu-olay-unutulmamali","status":"publish","type":"post","link":"https:\/\/avrupatv.eu\/index.php\/2026\/09\/04\/eupende-polis-kursunuyla-olen-halit-altun-icin-adalet-cagrisi-bu-olay-unutulmamali\/","title":{"rendered":"Eupen\u2019de Polis Kur\u015funuyla \u00d6len Halit Altun \u0130\u00e7in Adalet \u00c7a\u011fr\u0131s\u0131: \u201cBu Olay Unutulmamal\u0131\u201d"},"content":{"rendered":"\n<h1 class=\"wp-block-heading\"><\/h1>\n\n\n\n<p><strong>Bel\u00e7ika\u2019n\u0131n Eupen kentinde polis taraf\u0131ndan vurularak hayat\u0131n\u0131 kaybeden 42 ya\u015f\u0131ndaki d\u00f6rt \u00e7ocuk babas\u0131 Halit Altun\u2019un \u00f6l\u00fcm\u00fcyle ilgili soru\u015fturma s\u00fcrerken, Avrupa TV Kurucusu ve Genel Yay\u0131n Y\u00f6netmeni Onur Akp\u0131nar, Bel\u00e7ika\u2019daki T\u00fcrk sivil toplum kurulu\u015flar\u0131 ile T\u00fcrk bas\u0131n\u0131na \u00e7a\u011fr\u0131da bulundu. Akp\u0131nar, olay\u0131n t\u00fcm y\u00f6nleriyle ayd\u0131nlat\u0131lana kadar kamuoyunun g\u00fcndeminde tutulmas\u0131 gerekti\u011fini belirtti.<\/strong><\/p>\n\n\n\n<h3 class=\"wp-block-heading\">Savc\u0131l\u0131k ve aileden farkl\u0131 anlat\u0131mlar<\/h3>\n\n\n\n<p>Olay, 30 A\u011fustos Pazar ak\u015fam\u0131 Eupen\u2019deki Scheiblerplatz\u2019da meydana geldi. Eupen Savc\u0131l\u0131\u011f\u0131na g\u00f6re \u00e7ocuklar aras\u0131nda ba\u015flayan tart\u0131\u015fma yeti\u015fkinlerin de dahil olmas\u0131yla b\u00fcy\u00fcd\u00fc ve parkta yakla\u015f\u0131k 50 ki\u015fi topland\u0131. Savc\u0131l\u0131k, Altun\u2019un elinde b\u0131\u00e7akla kar\u015f\u0131 gruba y\u00f6neldi\u011fini ve bir ki\u015finin yaraland\u0131\u011f\u0131n\u0131, polis m\u00fcdahalesi s\u0131ras\u0131nda ise bir memurun iki el ate\u015f etti\u011fini a\u00e7\u0131klad\u0131.<\/p>\n\n\n\n<p>Ancak ailenin anlat\u0131m\u0131 olay\u0131n baz\u0131 kritik noktalar\u0131nda savc\u0131l\u0131\u011f\u0131n a\u00e7\u0131klamas\u0131ndan farkl\u0131. Altun\u2019un e\u015finin avukat\u0131 Hayat Karim, m\u00fcvekkilinin anlat\u0131m\u0131na dayanarak Altun\u2019un polis ate\u015f a\u00e7t\u0131\u011f\u0131 s\u0131rada silahl\u0131 olmad\u0131\u011f\u0131n\u0131 savunuyor. Avukat ayr\u0131ca \u00f6l\u00fcmc\u00fcl g\u00fc\u00e7 kullan\u0131m\u0131n\u0131n gerekli ve orant\u0131l\u0131 olup olmad\u0131\u011f\u0131n\u0131n ara\u015ft\u0131r\u0131lmas\u0131 gerekti\u011fini belirtiyor.<\/p>\n\n\n\n<p>Altun\u2019un a\u011fabeyi Mehmet Altun ise karde\u015finin vurulduktan sonra yerde kelep\u00e7elendi\u011fini \u00f6ne s\u00fcrd\u00fc. Bunlar aile taraf\u0131ndan dile getirilen iddialar olup soru\u015fturman\u0131n sonucuyla a\u00e7\u0131kl\u0131\u011fa kavu\u015fmas\u0131 bekleniyor.<\/p>\n\n\n\n<h3 class=\"wp-block-heading\">Polis m\u00fcdahalesi Comit\u00e9 P taraf\u0131ndan ara\u015ft\u0131r\u0131l\u0131yor<\/h3>\n\n\n\n<p>Olayla ilgili iki ayr\u0131 soru\u015fturma y\u00fcr\u00fct\u00fcl\u00fcyor. Federal adli polis parkta ya\u015fanan kavga ve b\u0131\u00e7ak iddias\u0131n\u0131 ara\u015ft\u0131r\u0131rken, Bel\u00e7ika\u2019da polis te\u015fkilat\u0131n\u0131 denetleyen <strong>Comit\u00e9 P<\/strong>, polisin silah kullan\u0131m\u0131n\u0131n ko\u015fullar\u0131n\u0131 inceliyor. Olayla ilgili yakla\u015f\u0131k 30 tan\u0131\u011f\u0131n belirlendi\u011fi de bildirildi.<\/p>\n\n\n\n<h3 class=\"wp-block-heading\">Onur Akp\u0131nar: \u201cMesele kimin hakl\u0131 oldu\u011funa pe\u015finen karar vermek de\u011fil\u201d<\/h3>\n\n\n\n<p>Avrupa TV Kurucusu ve Genel Yay\u0131n Y\u00f6netmeni Onur Akp\u0131nar, olayla ilgili yapt\u0131\u011f\u0131 a\u00e7\u0131klamada \u015funlar\u0131 s\u00f6yledi:<\/p>\n\n\n\n<blockquote class=\"wp-block-quote is-layout-flow wp-block-quote-is-layout-flow\">\n<p>\u201cBug\u00fcn mesele Halit Altun\u2019un hakl\u0131 veya haks\u0131z oldu\u011funa pe\u015finen h\u00fck\u00fcm vermek de\u011fildir. Mesele, d\u00f6rt \u00e7ocuk babas\u0131 bir insan\u0131n polis m\u00fcdahalesi sonucunda hayat\u0131n\u0131 kaybetmesi ve bunun b\u00fct\u00fcn y\u00f6nleriyle ayd\u0131nlat\u0131lmas\u0131d\u0131r.<\/p>\n\n\n\n<p>Polis neden ate\u015f a\u00e7mak zorunda kald\u0131? Kullan\u0131lan g\u00fc\u00e7 gerekli ve orant\u0131l\u0131 m\u0131yd\u0131? Ba\u015fka bir y\u00f6ntemle etkisiz hale getirilmesi m\u00fcmk\u00fcn m\u00fcyd\u00fc? Ailenin vurulduktan sonra kelep\u00e7elendi\u011fi y\u00f6n\u00fcndeki iddias\u0131 do\u011fru mu? Bunlar\u0131n tamam\u0131n\u0131n cevab\u0131n\u0131 istemek en do\u011fal hakk\u0131m\u0131zd\u0131r.\u201d<\/p>\n<\/blockquote>\n\n\n\n<h3 class=\"wp-block-heading\">\u201cSTK\u2019lar sessiz kalmamal\u0131\u201d<\/h3>\n\n\n\n<p>Akp\u0131nar, Bel\u00e7ika\u2019daki T\u00fcrk sivil toplum kurulu\u015flar\u0131na da a\u00e7\u0131k \u00e7a\u011fr\u0131da bulundu:<\/p>\n\n\n\n<blockquote class=\"wp-block-quote is-layout-flow wp-block-quote-is-layout-flow\">\n<p>\u201cDiyanet yap\u0131lanmalar\u0131ndan federasyonlara, derneklerden di\u011fer b\u00fct\u00fcn T\u00fcrk sivil toplum kurulu\u015flar\u0131na sesleniyorum: Bu aileyi yaln\u0131z b\u0131rakmay\u0131n. Gerekiyorsa hukuk ve demokrasi s\u0131n\u0131rlar\u0131 i\u00e7erisinde bas\u0131n a\u00e7\u0131klamalar\u0131, dayan\u0131\u015fma etkinlikleri ve bar\u0131\u015f\u00e7\u0131l protestolar d\u00fczenleyin. Buradaki ama\u00e7 toplumsal gerilim yaratmak de\u011fil; birlik, beraberlik ve adalet aray\u0131\u015f\u0131d\u0131r.\u201d<\/p>\n<\/blockquote>\n\n\n\n<h3 class=\"wp-block-heading\">T\u00fcrk bas\u0131n\u0131na \u00e7a\u011fr\u0131: \u201cBu dosyay\u0131 g\u00fcndemden d\u00fc\u015f\u00fcrmeyin\u201d<\/h3>\n\n\n\n<p>Akp\u0131nar, Bel\u00e7ika\u2019daki T\u00fcrk\u00e7e yay\u0131n yapan bas\u0131n kurulu\u015flar\u0131n\u0131n da olay\u0131n takip\u00e7isi olmas\u0131 gerekti\u011fini vurgulad\u0131:<\/p>\n\n\n\n<blockquote class=\"wp-block-quote is-layout-flow wp-block-quote-is-layout-flow\">\n<p>\u201cBug\u00fcn bir gazeteci, yar\u0131n ba\u015fka bir gazeteci o ailenin kap\u0131s\u0131n\u0131 \u00e7als\u0131n. Aileye mikrofon uzat\u0131ls\u0131n, geli\u015fmeler takip edilsin. Bu olay b\u00fct\u00fcn y\u00f6nleriyle ayd\u0131nlat\u0131l\u0131ncaya kadar kamuoyunun g\u00fcndeminden d\u00fc\u015fmemeli. Bas\u0131n\u0131n g\u00f6revi yaln\u0131zca ya\u015fananlar\u0131 haber yapmak de\u011fil, cevaps\u0131z kalan sorular\u0131n da pe\u015finden gitmektir.\u201d<\/p>\n<\/blockquote>\n\n\n\n<p>Akp\u0131nar a\u00e7\u0131klamas\u0131n\u0131 \u015fu s\u00f6zlerle tamamlad\u0131:<\/p>\n\n\n\n<blockquote class=\"wp-block-quote is-layout-flow wp-block-quote-is-layout-flow\">\n<p><strong>\u201cAvrupa TV hi\u00e7bir zaman paran\u0131n hizmet\u00e7isi olmad\u0131. Avrupa TV her zaman halk\u0131n hizmet\u00e7isi oldu. Halit Altun\u2019un ailesini yaln\u0131z b\u0131rakmayaca\u011f\u0131z. Hukuki m\u00fccadelelerinde seslerini duyurmaya ve ger\u00e7ekler b\u00fct\u00fcn y\u00f6nleriyle ortaya \u00e7\u0131kana kadar bu dosyan\u0131n takip\u00e7isi olmaya devam edece\u011fiz. Adalet, herkes i\u00e7in adalet olmal\u0131d\u0131r.\u201d<\/strong><\/p>\n<\/blockquote>\n\n\n\n<p><strong>Avrupa TV \u2013 Bel\u00e7ika<\/strong><\/p>\n","protected":false},"excerpt":{"rendered":"<p>Bel\u00e7ika\u2019n\u0131n Eupen kentinde polis taraf\u0131ndan vurularak hayat\u0131n\u0131 kaybeden 42 ya\u015f\u0131ndaki d\u00f6rt \u00e7ocuk babas\u0131 Halit Altun\u2019un \u00f6l\u00fcm\u00fcyle ilgili soru\u015fturma s\u00fcrerken, Avrupa TV Kurucusu ve Genel Yay\u0131n Y\u00f6netmeni Onur Akp\u0131nar, Bel\u00e7ika\u2019daki T\u00fcrk sivil toplum kurulu\u015flar\u0131 ile T\u00fcrk bas\u0131n\u0131na \u00e7a\u011fr\u0131da bulundu. Akp\u0131nar, olay\u0131n t\u00fcm y\u00f6nleriyle ayd\u0131nlat\u0131lana kadar kamuoyunun g\u00fcndeminde tutulmas\u0131 gerekti\u011fini belirtti. Savc\u0131l\u0131k ve aileden farkl\u0131 anlat\u0131mlar Olay, [&hellip;]<\/p>\n","protected":false},"author":2,"featured_media":1829,"comment_status":"open","ping_status":"open","sticky":false,"template":"","format":"standard","meta":{"footnotes":""},"categories":[21],"tags":[],"class_list":["post-1828","post","type-post","status-publish","format-standard","has-post-thumbnail","hentry","category-belcika"],"yoast_head":"<!-- This site is optimized with the Yoast SEO plugin v28.2 - https:\/\/yoast.com\/product\/yoast-seo-wordpress\/ -->\n<title>Eupen\u2019de Polis Kur\u015funuyla \u00d6len Halit Altun \u0130\u00e7in Adalet \u00c7a\u011fr\u0131s\u0131: \u201cBu Olay Unutulmamal\u0131\u201d - Avrupal\u0131 T\u00fcrklerin en Yeni Haber Portal\u0131<\/title>\n<meta name=\"robots\" content=\"index, follow, max-snippet:-1, max-image-preview:large, max-video-preview:-1\" \/>\n<link rel=\"canonical\" href=\"https:\/\/avrupatv.eu\/index.php\/2026\/09\/04\/eupende-polis-kursunuyla-olen-halit-altun-icin-adalet-cagrisi-bu-olay-unutulmamali\/\" \/>\n<meta property=\"og:locale\" content=\"tr_TR\" \/>\n<meta property=\"og:type\" content=\"article\" \/>\n<meta property=\"og:title\" content=\"Eupen\u2019de Polis Kur\u015funuyla \u00d6len Halit Altun \u0130\u00e7in Adalet \u00c7a\u011fr\u0131s\u0131: \u201cBu Olay Unutulmamal\u0131\u201d - Avrupal\u0131 T\u00fcrklerin en Yeni Haber Portal\u0131\" \/>\n<meta property=\"og:description\" content=\"Bel\u00e7ika\u2019n\u0131n Eupen kentinde polis taraf\u0131ndan vurularak hayat\u0131n\u0131 kaybeden 42 ya\u015f\u0131ndaki d\u00f6rt \u00e7ocuk babas\u0131 Halit Altun\u2019un \u00f6l\u00fcm\u00fcyle ilgili soru\u015fturma s\u00fcrerken, Avrupa TV Kurucusu ve Genel Yay\u0131n Y\u00f6netmeni Onur Akp\u0131nar, Bel\u00e7ika\u2019daki T\u00fcrk sivil toplum kurulu\u015flar\u0131 ile T\u00fcrk bas\u0131n\u0131na \u00e7a\u011fr\u0131da bulundu. Akp\u0131nar, olay\u0131n t\u00fcm y\u00f6nleriyle ayd\u0131nlat\u0131lana kadar kamuoyunun g\u00fcndeminde tutulmas\u0131 gerekti\u011fini belirtti. Savc\u0131l\u0131k ve aileden farkl\u0131 anlat\u0131mlar Olay, [&hellip;]\" \/>\n<meta property=\"og:url\" content=\"https:\/\/avrupatv.eu\/index.php\/2026\/09\/04\/eupende-polis-kursunuyla-olen-halit-altun-icin-adalet-cagrisi-bu-olay-unutulmamali\/\" \/>\n<meta property=\"og:site_name\" content=\"Avrupal\u0131 T\u00fcrklerin en Yeni Haber Portal\u0131\" \/>\n<meta property=\"article:published_time\" content=\"2026-09-04T08:57:12+00:00\" \/>\n<meta property=\"og:image\" content=\"https:\/\/avrupatv.eu\/wp-content\/uploads\/2026\/09\/file_00000000c42c8210987f5ce25f913e98-576x1024.png\" \/>\n\t<meta property=\"og:image:width\" content=\"576\" \/>\n\t<meta property=\"og:image:height\" content=\"1024\" \/>\n\t<meta property=\"og:image:type\" content=\"image\/png\" \/>\n<meta name=\"author\" content=\"Onur Akpinar\" \/>\n<meta name=\"twitter:card\" content=\"summary_large_image\" \/>\n<meta name=\"twitter:label1\" content=\"Yazan:\" \/>\n\t<meta name=\"twitter:data1\" content=\"Onur Akpinar\" \/>\n\t<meta name=\"twitter:label2\" content=\"Tahmini okuma s\u00fcresi\" \/>\n\t<meta name=\"twitter:data2\" content=\"2 dakika\" \/>\n<script type=\"application\/ld+json\" class=\"yoast-schema-graph\">{\"@context\":\"https:\\\/\\\/schema.org\",\"@graph\":[{\"@type\":\"Article\",\"@id\":\"https:\\\/\\\/avrupatv.eu\\\/index.php\\\/2026\\\/09\\\/04\\\/eupende-polis-kursunuyla-olen-halit-altun-icin-adalet-cagrisi-bu-olay-unutulmamali\\\/#article\",\"isPartOf\":{\"@id\":\"https:\\\/\\\/avrupatv.eu\\\/index.php\\\/2026\\\/09\\\/04\\\/eupende-polis-kursunuyla-olen-halit-altun-icin-adalet-cagrisi-bu-olay-unutulmamali\\\/\"},\"author\":{\"name\":\"Onur Akpinar\",\"@id\":\"https:\\\/\\\/avrupatv.eu\\\/#\\\/schema\\\/person\\\/d56afa5d5569da4029d483da36c0c17d\"},\"headline\":\"Eupen\u2019de Polis Kur\u015funuyla \u00d6len Halit Altun \u0130\u00e7in Adalet \u00c7a\u011fr\u0131s\u0131: \u201cBu Olay Unutulmamal\u0131\u201d\",\"datePublished\":\"2026-09-04T08:57:12+00:00\",\"mainEntityOfPage\":{\"@id\":\"https:\\\/\\\/avrupatv.eu\\\/index.php\\\/2026\\\/09\\\/04\\\/eupende-polis-kursunuyla-olen-halit-altun-icin-adalet-cagrisi-bu-olay-unutulmamali\\\/\"},\"wordCount\":754,\"commentCount\":0,\"publisher\":{\"@id\":\"https:\\\/\\\/avrupatv.eu\\\/#organization\"},\"image\":{\"@id\":\"https:\\\/\\\/avrupatv.eu\\\/index.php\\\/2026\\\/09\\\/04\\\/eupende-polis-kursunuyla-olen-halit-altun-icin-adalet-cagrisi-bu-olay-unutulmamali\\\/#primaryimage\"},\"thumbnailUrl\":\"https:\\\/\\\/avrupatv.eu\\\/wp-content\\\/uploads\\\/2026\\\/09\\\/file_00000000c42c8210987f5ce25f913e98.png\",\"articleSection\":[\"Bel\u00e7ika\"],\"inLanguage\":\"tr\",\"potentialAction\":[{\"@type\":\"CommentAction\",\"name\":\"Comment\",\"target\":[\"https:\\\/\\\/avrupatv.eu\\\/index.php\\\/2026\\\/09\\\/04\\\/eupende-polis-kursunuyla-olen-halit-altun-icin-adalet-cagrisi-bu-olay-unutulmamali\\\/#respond\"]}]},{\"@type\":\"WebPage\",\"@id\":\"https:\\\/\\\/avrupatv.eu\\\/index.php\\\/2026\\\/09\\\/04\\\/eupende-polis-kursunuyla-olen-halit-altun-icin-adalet-cagrisi-bu-olay-unutulmamali\\\/\",\"url\":\"https:\\\/\\\/avrupatv.eu\\\/index.php\\\/2026\\\/09\\\/04\\\/eupende-polis-kursunuyla-olen-halit-altun-icin-adalet-cagrisi-bu-olay-unutulmamali\\\/\",\"name\":\"Eupen\u2019de Polis Kur\u015funuyla \u00d6len Halit Altun \u0130\u00e7in Adalet \u00c7a\u011fr\u0131s\u0131: \u201cBu Olay Unutulmamal\u0131\u201d - Avrupal\u0131 T\u00fcrklerin en Yeni Haber Portal\u0131\",\"isPartOf\":{\"@id\":\"https:\\\/\\\/avrupatv.eu\\\/#website\"},\"primaryImageOfPage\":{\"@id\":\"https:\\\/\\\/avrupatv.eu\\\/index.php\\\/2026\\\/09\\\/04\\\/eupende-polis-kursunuyla-olen-halit-altun-icin-adalet-cagrisi-bu-olay-unutulmamali\\\/#primaryimage\"},\"image\":{\"@id\":\"https:\\\/\\\/avrupatv.eu\\\/index.php\\\/2026\\\/09\\\/04\\\/eupende-polis-kursunuyla-olen-halit-altun-icin-adalet-cagrisi-bu-olay-unutulmamali\\\/#primaryimage\"},\"thumbnailUrl\":\"https:\\\/\\\/avrupatv.eu\\\/wp-content\\\/uploads\\\/2026\\\/09\\\/file_00000000c42c8210987f5ce25f913e98.png\",\"datePublished\":\"2026-09-04T08:57:12+00:00\",\"breadcrumb\":{\"@id\":\"https:\\\/\\\/avrupatv.eu\\\/index.php\\\/2026\\\/09\\\/04\\\/eupende-polis-kursunuyla-olen-halit-altun-icin-adalet-cagrisi-bu-olay-unutulmamali\\\/#breadcrumb\"},\"inLanguage\":\"tr\",\"potentialAction\":[{\"@type\":\"ReadAction\",\"target\":[\"https:\\\/\\\/avrupatv.eu\\\/index.php\\\/2026\\\/09\\\/04\\\/eupende-polis-kursunuyla-olen-halit-altun-icin-adalet-cagrisi-bu-olay-unutulmamali\\\/\"]}]},{\"@type\":\"ImageObject\",\"inLanguage\":\"tr\",\"@id\":\"https:\\\/\\\/avrupatv.eu\\\/index.php\\\/2026\\\/09\\\/04\\\/eupende-polis-kursunuyla-olen-halit-altun-icin-adalet-cagrisi-bu-olay-unutulmamali\\\/#primaryimage\",\"url\":\"https:\\\/\\\/avrupatv.eu\\\/wp-content\\\/uploads\\\/2026\\\/09\\\/file_00000000c42c8210987f5ce25f913e98.png\",\"contentUrl\":\"https:\\\/\\\/avrupatv.eu\\\/wp-content\\\/uploads\\\/2026\\\/09\\\/file_00000000c42c8210987f5ce25f913e98.png\",\"width\":940,\"height\":1670},{\"@type\":\"BreadcrumbList\",\"@id\":\"https:\\\/\\\/avrupatv.eu\\\/index.php\\\/2026\\\/09\\\/04\\\/eupende-polis-kursunuyla-olen-halit-altun-icin-adalet-cagrisi-bu-olay-unutulmamali\\\/#breadcrumb\",\"itemListElement\":[{\"@type\":\"ListItem\",\"position\":1,\"name\":\"Anasayfa\",\"item\":\"https:\\\/\\\/avrupatv.eu\\\/\"},{\"@type\":\"ListItem\",\"position\":2,\"name\":\"Eupen\u2019de Polis Kur\u015funuyla \u00d6len Halit Altun \u0130\u00e7in Adalet \u00c7a\u011fr\u0131s\u0131: \u201cBu Olay Unutulmamal\u0131\u201d\"}]},{\"@type\":\"WebSite\",\"@id\":\"https:\\\/\\\/avrupatv.eu\\\/#website\",\"url\":\"https:\\\/\\\/avrupatv.eu\\\/\",\"name\":\"Avrupal\u0131 T\u00fcrklerin en Yeni Haber Portal\u0131\",\"description\":\"\",\"publisher\":{\"@id\":\"https:\\\/\\\/avrupatv.eu\\\/#organization\"},\"alternateName\":\"Avrupa tv\",\"potentialAction\":[{\"@type\":\"SearchAction\",\"target\":{\"@type\":\"EntryPoint\",\"urlTemplate\":\"https:\\\/\\\/avrupatv.eu\\\/?s={search_term_string}\"},\"query-input\":{\"@type\":\"PropertyValueSpecification\",\"valueRequired\":true,\"valueName\":\"search_term_string\"}}],\"inLanguage\":\"tr\"},{\"@type\":\"Organization\",\"@id\":\"https:\\\/\\\/avrupatv.eu\\\/#organization\",\"name\":\"Avrupa Haber\",\"url\":\"https:\\\/\\\/avrupatv.eu\\\/\",\"logo\":{\"@type\":\"ImageObject\",\"inLanguage\":\"tr\",\"@id\":\"https:\\\/\\\/avrupatv.eu\\\/#\\\/schema\\\/logo\\\/image\\\/\",\"url\":\"https:\\\/\\\/avrupatv.eu\\\/wp-content\\\/uploads\\\/2023\\\/10\\\/cropped-thumbnail_logo.png\",\"contentUrl\":\"https:\\\/\\\/avrupatv.eu\\\/wp-content\\\/uploads\\\/2023\\\/10\\\/cropped-thumbnail_logo.png\",\"width\":1025,\"height\":302,\"caption\":\"Avrupa Haber\"},\"image\":{\"@id\":\"https:\\\/\\\/avrupatv.eu\\\/#\\\/schema\\\/logo\\\/image\\\/\"}},{\"@type\":\"Person\",\"@id\":\"https:\\\/\\\/avrupatv.eu\\\/#\\\/schema\\\/person\\\/d56afa5d5569da4029d483da36c0c17d\",\"name\":\"Onur Akpinar\",\"image\":{\"@type\":\"ImageObject\",\"inLanguage\":\"tr\",\"@id\":\"https:\\\/\\\/secure.gravatar.com\\\/avatar\\\/67a1a0bdf34f82da209334e4684b7e7171a58a5a2b0a8f836b61044f5c1f5d6a?s=96&d=mm&r=g\",\"url\":\"https:\\\/\\\/secure.gravatar.com\\\/avatar\\\/67a1a0bdf34f82da209334e4684b7e7171a58a5a2b0a8f836b61044f5c1f5d6a?s=96&d=mm&r=g\",\"contentUrl\":\"https:\\\/\\\/secure.gravatar.com\\\/avatar\\\/67a1a0bdf34f82da209334e4684b7e7171a58a5a2b0a8f836b61044f5c1f5d6a?s=96&d=mm&r=g\",\"caption\":\"Onur Akpinar\"},\"url\":\"https:\\\/\\\/avrupatv.eu\\\/index.php\\\/author\\\/onur-akpinar\\\/\"}]}<\/script>\n<!-- \/ Yoast SEO plugin. -->","yoast_head_json":{"title":"Eupen\u2019de Polis Kur\u015funuyla \u00d6len Halit Altun \u0130\u00e7in Adalet \u00c7a\u011fr\u0131s\u0131: \u201cBu Olay Unutulmamal\u0131\u201d - Avrupal\u0131 T\u00fcrklerin en Yeni Haber Portal\u0131","robots":{"index":"index","follow":"follow","max-snippet":"max-snippet:-1","max-image-preview":"max-image-preview:large","max-video-preview":"max-video-preview:-1"},"canonical":"https:\/\/avrupatv.eu\/index.php\/2026\/09\/04\/eupende-polis-kursunuyla-olen-halit-altun-icin-adalet-cagrisi-bu-olay-unutulmamali\/","og_locale":"tr_TR","og_type":"article","og_title":"Eupen\u2019de Polis Kur\u015funuyla \u00d6len Halit Altun \u0130\u00e7in Adalet \u00c7a\u011fr\u0131s\u0131: \u201cBu Olay Unutulmamal\u0131\u201d - Avrupal\u0131 T\u00fcrklerin en Yeni Haber Portal\u0131","og_description":"Bel\u00e7ika\u2019n\u0131n Eupen kentinde polis taraf\u0131ndan vurularak hayat\u0131n\u0131 kaybeden 42 ya\u015f\u0131ndaki d\u00f6rt \u00e7ocuk babas\u0131 Halit Altun\u2019un \u00f6l\u00fcm\u00fcyle ilgili soru\u015fturma s\u00fcrerken, Avrupa TV Kurucusu ve Genel Yay\u0131n Y\u00f6netmeni Onur Akp\u0131nar, Bel\u00e7ika\u2019daki T\u00fcrk sivil toplum kurulu\u015flar\u0131 ile T\u00fcrk bas\u0131n\u0131na \u00e7a\u011fr\u0131da bulundu. Akp\u0131nar, olay\u0131n t\u00fcm y\u00f6nleriyle ayd\u0131nlat\u0131lana kadar kamuoyunun g\u00fcndeminde tutulmas\u0131 gerekti\u011fini belirtti. Savc\u0131l\u0131k ve aileden farkl\u0131 anlat\u0131mlar Olay, [&hellip;]","og_url":"https:\/\/avrupatv.eu\/index.php\/2026\/09\/04\/eupende-polis-kursunuyla-olen-halit-altun-icin-adalet-cagrisi-bu-olay-unutulmamali\/","og_site_name":"Avrupal\u0131 T\u00fcrklerin en Yeni Haber Portal\u0131","article_published_time":"2026-09-04T08:57:12+00:00","og_image":[{"width":576,"height":1024,"url":"https:\/\/avrupatv.eu\/wp-content\/uploads\/2026\/09\/file_00000000c42c8210987f5ce25f913e98-576x1024.png","type":"image\/png"}],"author":"Onur Akpinar","twitter_card":"summary_large_image","twitter_misc":{"Yazan:":"Onur Akpinar","Tahmini okuma s\u00fcresi":"2 dakika"},"schema":{"@context":"https:\/\/schema.org","@graph":[{"@type":"Article","@id":"https:\/\/avrupatv.eu\/index.php\/2026\/09\/04\/eupende-polis-kursunuyla-olen-halit-altun-icin-adalet-cagrisi-bu-olay-unutulmamali\/#article","isPartOf":{"@id":"https:\/\/avrupatv.eu\/index.php\/2026\/09\/04\/eupende-polis-kursunuyla-olen-halit-altun-icin-adalet-cagrisi-bu-olay-unutulmamali\/"},"author":{"name":"Onur Akpinar","@id":"https:\/\/avrupatv.eu\/#\/schema\/person\/d56afa5d5569da4029d483da36c0c17d"},"headline":"Eupen\u2019de Polis Kur\u015funuyla \u00d6len Halit Altun \u0130\u00e7in Adalet \u00c7a\u011fr\u0131s\u0131: \u201cBu Olay Unutulmamal\u0131\u201d","datePublished":"2026-09-04T08:57:12+00:00","mainEntityOfPage":{"@id":"https:\/\/avrupatv.eu\/index.php\/2026\/09\/04\/eupende-polis-kursunuyla-olen-halit-altun-icin-adalet-cagrisi-bu-olay-unutulmamali\/"},"wordCount":754,"commentCount":0,"publisher":{"@id":"https:\/\/avrupatv.eu\/#organization"},"image":{"@id":"https:\/\/avrupatv.eu\/index.php\/2026\/09\/04\/eupende-polis-kursunuyla-olen-halit-altun-icin-adalet-cagrisi-bu-olay-unutulmamali\/#primaryimage"},"thumbnailUrl":"https:\/\/avrupatv.eu\/wp-content\/uploads\/2026\/09\/file_00000000c42c8210987f5ce25f913e98.png","articleSection":["Bel\u00e7ika"],"inLanguage":"tr","potentialAction":[{"@type":"CommentAction","name":"Comment","target":["https:\/\/avrupatv.eu\/index.php\/2026\/09\/04\/eupende-polis-kursunuyla-olen-halit-altun-icin-adalet-cagrisi-bu-olay-unutulmamali\/#respond"]}]},{"@type":"WebPage","@id":"https:\/\/avrupatv.eu\/index.php\/2026\/09\/04\/eupende-polis-kursunuyla-olen-halit-altun-icin-adalet-cagrisi-bu-olay-unutulmamali\/","url":"https:\/\/avrupatv.eu\/index.php\/2026\/09\/04\/eupende-polis-kursunuyla-olen-halit-altun-icin-adalet-cagrisi-bu-olay-unutulmamali\/","name":"Eupen\u2019de Polis Kur\u015funuyla \u00d6len Halit Altun \u0130\u00e7in Adalet \u00c7a\u011fr\u0131s\u0131: \u201cBu Olay Unutulmamal\u0131\u201d - Avrupal\u0131 T\u00fcrklerin en Yeni Haber Portal\u0131","isPartOf":{"@id":"https:\/\/avrupatv.eu\/#website"},"primaryImageOfPage":{"@id":"https:\/\/avrupatv.eu\/index.php\/2026\/09\/04\/eupende-polis-kursunuyla-olen-halit-altun-icin-adalet-cagrisi-bu-olay-unutulmamali\/#primaryimage"},"image":{"@id":"https:\/\/avrupatv.eu\/index.php\/2026\/09\/04\/eupende-polis-kursunuyla-olen-halit-altun-icin-adalet-cagrisi-bu-olay-unutulmamali\/#primaryimage"},"thumbnailUrl":"https:\/\/avrupatv.eu\/wp-content\/uploads\/2026\/09\/file_00000000c42c8210987f5ce25f913e98.png","datePublished":"2026-09-04T08:57:12+00:00","breadcrumb":{"@id":"https:\/\/avrupatv.eu\/index.php\/2026\/09\/04\/eupende-polis-kursunuyla-olen-halit-altun-icin-adalet-cagrisi-bu-olay-unutulmamali\/#breadcrumb"},"inLanguage":"tr","potentialAction":[{"@type":"ReadAction","target":["https:\/\/avrupatv.eu\/index.php\/2026\/09\/04\/eupende-polis-kursunuyla-olen-halit-altun-icin-adalet-cagrisi-bu-olay-unutulmamali\/"]}]},{"@type":"ImageObject","inLanguage":"tr","@id":"https:\/\/avrupatv.eu\/index.php\/2026\/09\/04\/eupende-polis-kursunuyla-olen-halit-altun-icin-adalet-cagrisi-bu-olay-unutulmamali\/#primaryimage","url":"https:\/\/avrupatv.eu\/wp-content\/uploads\/2026\/09\/file_00000000c42c8210987f5ce25f913e98.png","contentUrl":"https:\/\/avrupatv.eu\/wp-content\/uploads\/2026\/09\/file_00000000c42c8210987f5ce25f913e98.png","width":940,"height":1670},{"@type":"BreadcrumbList","@id":"https:\/\/avrupatv.eu\/index.php\/2026\/09\/04\/eupende-polis-kursunuyla-olen-halit-altun-icin-adalet-cagrisi-bu-olay-unutulmamali\/#breadcrumb","itemListElement":[{"@type":"ListItem","position":1,"name":"Anasayfa","item":"https:\/\/avrupatv.eu\/"},{"@type":"ListItem","position":2,"name":"Eupen\u2019de Polis Kur\u015funuyla \u00d6len Halit Altun \u0130\u00e7in Adalet \u00c7a\u011fr\u0131s\u0131: \u201cBu Olay Unutulmamal\u0131\u201d"}]},{"@type":"WebSite","@id":"https:\/\/avrupatv.eu\/#website","url":"https:\/\/avrupatv.eu\/","name":"Avrupal\u0131 T\u00fcrklerin en Yeni Haber Portal\u0131","description":"","publisher":{"@id":"https:\/\/avrupatv.eu\/#organization"},"alternateName":"Avrupa tv","potentialAction":[{"@type":"SearchAction","target":{"@type":"EntryPoint","urlTemplate":"https:\/\/avrupatv.eu\/?s={search_term_string}"},"query-input":{"@type":"PropertyValueSpecification","valueRequired":true,"valueName":"search_term_string"}}],"inLanguage":"tr"},{"@type":"Organization","@id":"https:\/\/avrupatv.eu\/#organization","name":"Avrupa Haber","url":"https:\/\/avrupatv.eu\/","logo":{"@type":"ImageObject","inLanguage":"tr","@id":"https:\/\/avrupatv.eu\/#\/schema\/logo\/image\/","url":"https:\/\/avrupatv.eu\/wp-content\/uploads\/2023\/10\/cropped-thumbnail_logo.png","contentUrl":"https:\/\/avrupatv.eu\/wp-content\/uploads\/2023\/10\/cropped-thumbnail_logo.png","width":1025,"height":302,"caption":"Avrupa Haber"},"image":{"@id":"https:\/\/avrupatv.eu\/#\/schema\/logo\/image\/"}},{"@type":"Person","@id":"https:\/\/avrupatv.eu\/#\/schema\/person\/d56afa5d5569da4029d483da36c0c17d","name":"Onur Akpinar","image":{"@type":"ImageObject","inLanguage":"tr","@id":"https:\/\/secure.gravatar.com\/avatar\/67a1a0bdf34f82da209334e4684b7e7171a58a5a2b0a8f836b61044f5c1f5d6a?s=96&d=mm&r=g","url":"https:\/\/secure.gravatar.com\/avatar\/67a1a0bdf34f82da209334e4684b7e7171a58a5a2b0a8f836b61044f5c1f5d6a?s=96&d=mm&r=g","contentUrl":"https:\/\/secure.gravatar.com\/avatar\/67a1a0bdf34f82da209334e4684b7e7171a58a5a2b0a8f836b61044f5c1f5d6a?s=96&d=mm&r=g","caption":"Onur Akpinar"},"url":"https:\/\/avrupatv.eu\/index.php\/author\/onur-akpinar\/"}]}},"_links":{"self":[{"href":"https:\/\/avrupatv.eu\/index.php\/wp-json\/wp\/v2\/posts\/1828","targetHints":{"allow":["GET"]}}],"collection":[{"href":"https:\/\/avrupatv.eu\/index.php\/wp-json\/wp\/v2\/posts"}],"about":[{"href":"https:\/\/avrupatv.eu\/index.php\/wp-json\/wp\/v2\/types\/post"}],"author":[{"embeddable":true,"href":"https:\/\/avrupatv.eu\/index.php\/wp-json\/wp\/v2\/users\/2"}],"replies":[{"embeddable":true,"href":"https:\/\/avrupatv.eu\/index.php\/wp-json\/wp\/v2\/comments?post=1828"}],"version-history":[{"count":1,"href":"https:\/\/avrupatv.eu\/index.php\/wp-json\/wp\/v2\/posts\/1828\/revisions"}],"predecessor-version":[{"id":1830,"href":"https:\/\/avrupatv.eu\/index.php\/wp-json\/wp\/v2\/posts\/1828\/revisions\/1830"}],"wp:featuredmedia":[{"embeddable":true,"href":"https:\/\/avrupatv.eu\/index.php\/wp-json\/wp\/v2\/media\/1829"}],"wp:attachment":[{"href":"https:\/\/avrupatv.eu\/index.php\/wp-json\/wp\/v2\/media?parent=1828"}],"wp:term":[{"taxonomy":"category","embeddable":true,"href":"https:\/\/avrupatv.eu\/index.php\/wp-json\/wp\/v2\/categories?post=1828"},{"taxonomy":"post_tag","embeddable":true,"href":"https:\/\/avrupatv.eu\/index.php\/wp-json\/wp\/v2\/tags?post=1828"}],"curies":[{"name":"wp","href":"https:\/\/api.w.org\/{rel}","templated":true}]}}