{"id":172,"date":"2023-11-09T20:50:46","date_gmt":"2023-11-09T20:50:46","guid":{"rendered":"https:\/\/avrupatv.eu\/?p=172"},"modified":"2023-11-09T21:02:52","modified_gmt":"2023-11-09T21:02:52","slug":"can-dogu-kurban-edildi","status":"publish","type":"post","link":"https:\/\/avrupatv.eu\/index.php\/2023\/11\/09\/can-dogu-kurban-edildi\/","title":{"rendered":"CAN DO\u011eU KURBAN ED\u0130LD\u0130!"},"content":{"rendered":"\n<p>Dilan Polat, Engin Polat olay\u0131nda en masum olarak g\u00f6r\u00fclen isim Can Do\u011fu oldu. Sosyal medya \u2018da t\u00fcm haber yorumlar\u0131 incelendi ve herkesin ortalama ayn\u0131 fikirde oldu\u011fu d\u00fc\u015f\u00fcn\u00fcl\u00fcyor. Engin Polat\u2019\u0131n karde\u015fi Alper K\u00fcr\u015fat Polat l\u00fcx ya\u015fam s\u00fcrerken. Dilan Polat\u2019\u0131n karde\u015fi Can Do\u011fu sade ve l\u00fcx den uzak bir ya\u015fam s\u00fcrd\u00fc\u011f\u00fc g\u00f6r\u00fcld\u00fc. \u0130nceleme yap\u0131ld\u0131\u011f\u0131nda \u00fczerine hi\u00e7 bir \u015fey olmad\u0131\u011f\u0131, banka hesaplar\u0131nda ise para yat\u0131r\u0131l\u0131p Engin Polat\u2019\u0131n babas\u0131na \u00e7ekip, elden teslim etti\u011fi iddia edildi.&nbsp;<\/p>\n\n\n\n<p>Ayr\u0131ca Dilan\u2019\u0131n bir di\u011fer karde\u015fi olan S\u0131la Do\u011fu, kiral\u0131k evde ya\u015fad\u0131\u011f\u0131 ve Dilan Polat\u2019a ait olan bir \u015fubeyi i\u015fletti\u011fi bilinmektedir. Dilan Polat\u2019\u0131n yak\u0131n ailesine ait \u00e7ok fazla bir mal varl\u0131\u011f\u0131 olmamakla birlikte, Engin Polat\u2019\u0131n yak\u0131n \u00e7evresi ultra l\u00fcx ya\u015fam s\u00fcrd\u00fckleri s\u00f6yleniyor.<\/p>\n\n\n\n<p>D\u0130LAN POLAT REKLAM Y\u00dcZ\u00dc M\u00dc?<\/p>\n\n\n\n<p>Dilan Polat, ifadesinde \u201c Benim bilgim yok, ben sadece reklam y\u00fcz\u00fcy\u00fcm.\u201d \u0130fadesi kendi tarz\u0131 ve birinci derece ailesinin mal varl\u0131klar\u0131na bak\u0131ld\u0131\u011f\u0131nda oklar direkt olarak Engin Polat ve ailesine \u00e7evriliyor. Bu durumda Dilan\u2019\u0131n pop\u00fclerli\u011fi \u00f6n planda tutulmu\u015f ve yine Dilan\u2019\u0131n magazin program\u0131nda s\u00f6yledi\u011fi s\u00f6zler g\u00f6z \u00f6n\u00fcnde bulundurularak olay b\u00fcy\u00fck ses getirdi\u011fi d\u00fc\u015f\u00fcn\u00fcl\u00fcyor.&nbsp;<\/p>\n\n\n\n<p>Yani, bu olayda Can Do\u011fu, Engin Polat ve ailesinin i\u015fini yaparken arac\u0131 olarak kullan\u0131lm\u0131\u015f olabilece\u011fi herkes taraf\u0131ndan d\u00fc\u015f\u00fcn\u00fclmektedir. Asl\u0131 yoktur, genel olarak magazin haberleri yorumlar\u0131ndan yola \u00e7\u0131k\u0131lm\u0131\u015ft\u0131r. Ara\u015ft\u0131rmalar devam etmekte ve gelecek zaman zarf\u0131nda ger\u00e7ekler ortaya \u00e7\u0131kacakt\u0131r.&nbsp;<\/p>\n\n\n\n<div class=\"wp-block-group\"><div class=\"wp-block-group__inner-container is-layout-constrained wp-block-group-is-layout-constrained\">\n<p><\/p>\n<\/div><\/div>\n\n\n\n<figure class=\"wp-block-image size-full is-resized\"><img loading=\"lazy\" decoding=\"async\" width=\"750\" height=\"856\" src=\"https:\/\/avrupatv.eu\/wp-content\/uploads\/2023\/11\/75E6ECBE-8F6C-4120-B319-B6C58E6CD7E5.jpeg\" alt=\"\" class=\"wp-image-173\" style=\"width:359px;height:auto\" srcset=\"https:\/\/avrupatv.eu\/wp-content\/uploads\/2023\/11\/75E6ECBE-8F6C-4120-B319-B6C58E6CD7E5.jpeg 750w, https:\/\/avrupatv.eu\/wp-content\/uploads\/2023\/11\/75E6ECBE-8F6C-4120-B319-B6C58E6CD7E5-263x300.jpeg 263w\" sizes=\"auto, (max-width: 750px) 100vw, 750px\" \/><\/figure>\n","protected":false},"excerpt":{"rendered":"<p>Dilan Polat, Engin Polat olay\u0131nda en masum olarak g\u00f6r\u00fclen isim Can Do\u011fu oldu. Sosyal medya \u2018da t\u00fcm haber yorumlar\u0131 incelendi ve herkesin ortalama ayn\u0131 fikirde oldu\u011fu d\u00fc\u015f\u00fcn\u00fcl\u00fcyor. Engin Polat\u2019\u0131n karde\u015fi Alper K\u00fcr\u015fat Polat l\u00fcx ya\u015fam s\u00fcrerken. Dilan Polat\u2019\u0131n karde\u015fi Can Do\u011fu sade ve l\u00fcx den uzak bir ya\u015fam s\u00fcrd\u00fc\u011f\u00fc g\u00f6r\u00fcld\u00fc. \u0130nceleme yap\u0131ld\u0131\u011f\u0131nda \u00fczerine hi\u00e7 bir [&hellip;]<\/p>\n","protected":false},"author":3,"featured_media":176,"comment_status":"open","ping_status":"open","sticky":false,"template":"","format":"standard","meta":{"footnotes":""},"categories":[8,16,20],"tags":[25,22,23,24],"class_list":["post-172","post","type-post","status-publish","format-standard","has-post-thumbnail","hentry","category-gundem","category-magazin","category-magazin-turkiye","tag-candogu","tag-dilanpolat","tag-enginpolat","tag-siladogu"],"yoast_head":"<!-- This site is optimized with the Yoast SEO plugin v27.4 - https:\/\/yoast.com\/product\/yoast-seo-wordpress\/ -->\n<title>CAN DO\u011eU KURBAN ED\u0130LD\u0130! - Avrupal\u0131 T\u00fcrklerin en Yeni Haber Portal\u0131<\/title>\n<meta name=\"robots\" content=\"index, follow, max-snippet:-1, max-image-preview:large, max-video-preview:-1\" \/>\n<link rel=\"canonical\" href=\"https:\/\/avrupatv.eu\/index.php\/2023\/11\/09\/can-dogu-kurban-edildi\/\" \/>\n<meta property=\"og:locale\" content=\"tr_TR\" \/>\n<meta property=\"og:type\" content=\"article\" \/>\n<meta property=\"og:title\" content=\"CAN DO\u011eU KURBAN ED\u0130LD\u0130! - Avrupal\u0131 T\u00fcrklerin en Yeni Haber Portal\u0131\" \/>\n<meta property=\"og:description\" content=\"Dilan Polat, Engin Polat olay\u0131nda en masum olarak g\u00f6r\u00fclen isim Can Do\u011fu oldu. Sosyal medya \u2018da t\u00fcm haber yorumlar\u0131 incelendi ve herkesin ortalama ayn\u0131 fikirde oldu\u011fu d\u00fc\u015f\u00fcn\u00fcl\u00fcyor. Engin Polat\u2019\u0131n karde\u015fi Alper K\u00fcr\u015fat Polat l\u00fcx ya\u015fam s\u00fcrerken. Dilan Polat\u2019\u0131n karde\u015fi Can Do\u011fu sade ve l\u00fcx den uzak bir ya\u015fam s\u00fcrd\u00fc\u011f\u00fc g\u00f6r\u00fcld\u00fc. \u0130nceleme yap\u0131ld\u0131\u011f\u0131nda \u00fczerine hi\u00e7 bir [&hellip;]\" \/>\n<meta property=\"og:url\" content=\"https:\/\/avrupatv.eu\/index.php\/2023\/11\/09\/can-dogu-kurban-edildi\/\" \/>\n<meta property=\"og:site_name\" content=\"Avrupal\u0131 T\u00fcrklerin en Yeni Haber Portal\u0131\" \/>\n<meta property=\"article:published_time\" content=\"2023-11-09T20:50:46+00:00\" \/>\n<meta property=\"article:modified_time\" content=\"2023-11-09T21:02:52+00:00\" \/>\n<meta property=\"og:image\" content=\"https:\/\/avrupatv.eu\/wp-content\/uploads\/2023\/11\/021CE48B-87C2-4676-8F2F-D04E36A4355D.jpeg\" \/>\n\t<meta property=\"og:image:width\" content=\"750\" \/>\n\t<meta property=\"og:image:height\" content=\"856\" \/>\n\t<meta property=\"og:image:type\" content=\"image\/jpeg\" \/>\n<meta name=\"author\" content=\"Emir Ke\u015fan\" \/>\n<meta name=\"twitter:card\" content=\"summary_large_image\" \/>\n<meta name=\"twitter:label1\" content=\"Yazan:\" \/>\n\t<meta name=\"twitter:data1\" content=\"Emir Ke\u015fan\" \/>\n\t<meta name=\"twitter:label2\" content=\"Tahmini okuma s\u00fcresi\" \/>\n\t<meta name=\"twitter:data2\" content=\"2 dakika\" \/>\n<script type=\"application\/ld+json\" class=\"yoast-schema-graph\">{\"@context\":\"https:\\\/\\\/schema.org\",\"@graph\":[{\"@type\":\"Article\",\"@id\":\"https:\\\/\\\/avrupatv.eu\\\/index.php\\\/2023\\\/11\\\/09\\\/can-dogu-kurban-edildi\\\/#article\",\"isPartOf\":{\"@id\":\"https:\\\/\\\/avrupatv.eu\\\/index.php\\\/2023\\\/11\\\/09\\\/can-dogu-kurban-edildi\\\/\"},\"author\":{\"name\":\"Emir Ke\u015fan\",\"@id\":\"https:\\\/\\\/avrupatv.eu\\\/#\\\/schema\\\/person\\\/78736cdceb592a03a0c781effacf0347\"},\"headline\":\"CAN DO\u011eU KURBAN ED\u0130LD\u0130!\",\"datePublished\":\"2023-11-09T20:50:46+00:00\",\"dateModified\":\"2023-11-09T21:02:52+00:00\",\"mainEntityOfPage\":{\"@id\":\"https:\\\/\\\/avrupatv.eu\\\/index.php\\\/2023\\\/11\\\/09\\\/can-dogu-kurban-edildi\\\/\"},\"wordCount\":307,\"commentCount\":0,\"publisher\":{\"@id\":\"https:\\\/\\\/avrupatv.eu\\\/#organization\"},\"image\":{\"@id\":\"https:\\\/\\\/avrupatv.eu\\\/index.php\\\/2023\\\/11\\\/09\\\/can-dogu-kurban-edildi\\\/#primaryimage\"},\"thumbnailUrl\":\"https:\\\/\\\/avrupatv.eu\\\/wp-content\\\/uploads\\\/2023\\\/11\\\/021CE48B-87C2-4676-8F2F-D04E36A4355D.jpeg\",\"keywords\":[\"Cando\u011fu\",\"Dilanpolat\",\"Enginpolat\",\"S\u0131lado\u011fu\"],\"articleSection\":[\"G\u00fcndem\",\"Magazin\",\"Magazin T\u00fcrkiye\"],\"inLanguage\":\"tr\",\"potentialAction\":[{\"@type\":\"CommentAction\",\"name\":\"Comment\",\"target\":[\"https:\\\/\\\/avrupatv.eu\\\/index.php\\\/2023\\\/11\\\/09\\\/can-dogu-kurban-edildi\\\/#respond\"]}]},{\"@type\":\"WebPage\",\"@id\":\"https:\\\/\\\/avrupatv.eu\\\/index.php\\\/2023\\\/11\\\/09\\\/can-dogu-kurban-edildi\\\/\",\"url\":\"https:\\\/\\\/avrupatv.eu\\\/index.php\\\/2023\\\/11\\\/09\\\/can-dogu-kurban-edildi\\\/\",\"name\":\"CAN DO\u011eU KURBAN ED\u0130LD\u0130! - Avrupal\u0131 T\u00fcrklerin en Yeni Haber Portal\u0131\",\"isPartOf\":{\"@id\":\"https:\\\/\\\/avrupatv.eu\\\/#website\"},\"primaryImageOfPage\":{\"@id\":\"https:\\\/\\\/avrupatv.eu\\\/index.php\\\/2023\\\/11\\\/09\\\/can-dogu-kurban-edildi\\\/#primaryimage\"},\"image\":{\"@id\":\"https:\\\/\\\/avrupatv.eu\\\/index.php\\\/2023\\\/11\\\/09\\\/can-dogu-kurban-edildi\\\/#primaryimage\"},\"thumbnailUrl\":\"https:\\\/\\\/avrupatv.eu\\\/wp-content\\\/uploads\\\/2023\\\/11\\\/021CE48B-87C2-4676-8F2F-D04E36A4355D.jpeg\",\"datePublished\":\"2023-11-09T20:50:46+00:00\",\"dateModified\":\"2023-11-09T21:02:52+00:00\",\"breadcrumb\":{\"@id\":\"https:\\\/\\\/avrupatv.eu\\\/index.php\\\/2023\\\/11\\\/09\\\/can-dogu-kurban-edildi\\\/#breadcrumb\"},\"inLanguage\":\"tr\",\"potentialAction\":[{\"@type\":\"ReadAction\",\"target\":[\"https:\\\/\\\/avrupatv.eu\\\/index.php\\\/2023\\\/11\\\/09\\\/can-dogu-kurban-edildi\\\/\"]}]},{\"@type\":\"ImageObject\",\"inLanguage\":\"tr\",\"@id\":\"https:\\\/\\\/avrupatv.eu\\\/index.php\\\/2023\\\/11\\\/09\\\/can-dogu-kurban-edildi\\\/#primaryimage\",\"url\":\"https:\\\/\\\/avrupatv.eu\\\/wp-content\\\/uploads\\\/2023\\\/11\\\/021CE48B-87C2-4676-8F2F-D04E36A4355D.jpeg\",\"contentUrl\":\"https:\\\/\\\/avrupatv.eu\\\/wp-content\\\/uploads\\\/2023\\\/11\\\/021CE48B-87C2-4676-8F2F-D04E36A4355D.jpeg\",\"width\":750,\"height\":856},{\"@type\":\"BreadcrumbList\",\"@id\":\"https:\\\/\\\/avrupatv.eu\\\/index.php\\\/2023\\\/11\\\/09\\\/can-dogu-kurban-edildi\\\/#breadcrumb\",\"itemListElement\":[{\"@type\":\"ListItem\",\"position\":1,\"name\":\"Anasayfa\",\"item\":\"https:\\\/\\\/avrupatv.eu\\\/\"},{\"@type\":\"ListItem\",\"position\":2,\"name\":\"CAN DO\u011eU KURBAN ED\u0130LD\u0130!\"}]},{\"@type\":\"WebSite\",\"@id\":\"https:\\\/\\\/avrupatv.eu\\\/#website\",\"url\":\"https:\\\/\\\/avrupatv.eu\\\/\",\"name\":\"Avrupal\u0131 T\u00fcrklerin en Yeni Haber Portal\u0131\",\"description\":\"\",\"publisher\":{\"@id\":\"https:\\\/\\\/avrupatv.eu\\\/#organization\"},\"alternateName\":\"Avrupa tv\",\"potentialAction\":[{\"@type\":\"SearchAction\",\"target\":{\"@type\":\"EntryPoint\",\"urlTemplate\":\"https:\\\/\\\/avrupatv.eu\\\/?s={search_term_string}\"},\"query-input\":{\"@type\":\"PropertyValueSpecification\",\"valueRequired\":true,\"valueName\":\"search_term_string\"}}],\"inLanguage\":\"tr\"},{\"@type\":\"Organization\",\"@id\":\"https:\\\/\\\/avrupatv.eu\\\/#organization\",\"name\":\"Avrupa Haber\",\"url\":\"https:\\\/\\\/avrupatv.eu\\\/\",\"logo\":{\"@type\":\"ImageObject\",\"inLanguage\":\"tr\",\"@id\":\"https:\\\/\\\/avrupatv.eu\\\/#\\\/schema\\\/logo\\\/image\\\/\",\"url\":\"https:\\\/\\\/avrupatv.eu\\\/wp-content\\\/uploads\\\/2023\\\/10\\\/cropped-thumbnail_logo.png\",\"contentUrl\":\"https:\\\/\\\/avrupatv.eu\\\/wp-content\\\/uploads\\\/2023\\\/10\\\/cropped-thumbnail_logo.png\",\"width\":1025,\"height\":302,\"caption\":\"Avrupa Haber\"},\"image\":{\"@id\":\"https:\\\/\\\/avrupatv.eu\\\/#\\\/schema\\\/logo\\\/image\\\/\"}},{\"@type\":\"Person\",\"@id\":\"https:\\\/\\\/avrupatv.eu\\\/#\\\/schema\\\/person\\\/78736cdceb592a03a0c781effacf0347\",\"name\":\"Emir Ke\u015fan\",\"image\":{\"@type\":\"ImageObject\",\"inLanguage\":\"tr\",\"@id\":\"https:\\\/\\\/secure.gravatar.com\\\/avatar\\\/dbd51b3ecda9841889c4e1bc514a788c653084f523fdf150dbafa993878140b4?s=96&d=mm&r=g\",\"url\":\"https:\\\/\\\/secure.gravatar.com\\\/avatar\\\/dbd51b3ecda9841889c4e1bc514a788c653084f523fdf150dbafa993878140b4?s=96&d=mm&r=g\",\"contentUrl\":\"https:\\\/\\\/secure.gravatar.com\\\/avatar\\\/dbd51b3ecda9841889c4e1bc514a788c653084f523fdf150dbafa993878140b4?s=96&d=mm&r=g\",\"caption\":\"Emir Ke\u015fan\"},\"sameAs\":[\"http:\\\/\\\/www.avrupatv.eu\"],\"url\":\"https:\\\/\\\/avrupatv.eu\\\/index.php\\\/author\\\/emir-kesan\\\/\"}]}<\/script>\n<!-- \/ Yoast SEO plugin. -->","yoast_head_json":{"title":"CAN DO\u011eU KURBAN ED\u0130LD\u0130! - Avrupal\u0131 T\u00fcrklerin en Yeni Haber Portal\u0131","robots":{"index":"index","follow":"follow","max-snippet":"max-snippet:-1","max-image-preview":"max-image-preview:large","max-video-preview":"max-video-preview:-1"},"canonical":"https:\/\/avrupatv.eu\/index.php\/2023\/11\/09\/can-dogu-kurban-edildi\/","og_locale":"tr_TR","og_type":"article","og_title":"CAN DO\u011eU KURBAN ED\u0130LD\u0130! - Avrupal\u0131 T\u00fcrklerin en Yeni Haber Portal\u0131","og_description":"Dilan Polat, Engin Polat olay\u0131nda en masum olarak g\u00f6r\u00fclen isim Can Do\u011fu oldu. Sosyal medya \u2018da t\u00fcm haber yorumlar\u0131 incelendi ve herkesin ortalama ayn\u0131 fikirde oldu\u011fu d\u00fc\u015f\u00fcn\u00fcl\u00fcyor. Engin Polat\u2019\u0131n karde\u015fi Alper K\u00fcr\u015fat Polat l\u00fcx ya\u015fam s\u00fcrerken. Dilan Polat\u2019\u0131n karde\u015fi Can Do\u011fu sade ve l\u00fcx den uzak bir ya\u015fam s\u00fcrd\u00fc\u011f\u00fc g\u00f6r\u00fcld\u00fc. \u0130nceleme yap\u0131ld\u0131\u011f\u0131nda \u00fczerine hi\u00e7 bir [&hellip;]","og_url":"https:\/\/avrupatv.eu\/index.php\/2023\/11\/09\/can-dogu-kurban-edildi\/","og_site_name":"Avrupal\u0131 T\u00fcrklerin en Yeni Haber Portal\u0131","article_published_time":"2023-11-09T20:50:46+00:00","article_modified_time":"2023-11-09T21:02:52+00:00","og_image":[{"width":750,"height":856,"url":"https:\/\/avrupatv.eu\/wp-content\/uploads\/2023\/11\/021CE48B-87C2-4676-8F2F-D04E36A4355D.jpeg","type":"image\/jpeg"}],"author":"Emir Ke\u015fan","twitter_card":"summary_large_image","twitter_misc":{"Yazan:":"Emir Ke\u015fan","Tahmini okuma s\u00fcresi":"2 dakika"},"schema":{"@context":"https:\/\/schema.org","@graph":[{"@type":"Article","@id":"https:\/\/avrupatv.eu\/index.php\/2023\/11\/09\/can-dogu-kurban-edildi\/#article","isPartOf":{"@id":"https:\/\/avrupatv.eu\/index.php\/2023\/11\/09\/can-dogu-kurban-edildi\/"},"author":{"name":"Emir Ke\u015fan","@id":"https:\/\/avrupatv.eu\/#\/schema\/person\/78736cdceb592a03a0c781effacf0347"},"headline":"CAN DO\u011eU KURBAN ED\u0130LD\u0130!","datePublished":"2023-11-09T20:50:46+00:00","dateModified":"2023-11-09T21:02:52+00:00","mainEntityOfPage":{"@id":"https:\/\/avrupatv.eu\/index.php\/2023\/11\/09\/can-dogu-kurban-edildi\/"},"wordCount":307,"commentCount":0,"publisher":{"@id":"https:\/\/avrupatv.eu\/#organization"},"image":{"@id":"https:\/\/avrupatv.eu\/index.php\/2023\/11\/09\/can-dogu-kurban-edildi\/#primaryimage"},"thumbnailUrl":"https:\/\/avrupatv.eu\/wp-content\/uploads\/2023\/11\/021CE48B-87C2-4676-8F2F-D04E36A4355D.jpeg","keywords":["Cando\u011fu","Dilanpolat","Enginpolat","S\u0131lado\u011fu"],"articleSection":["G\u00fcndem","Magazin","Magazin T\u00fcrkiye"],"inLanguage":"tr","potentialAction":[{"@type":"CommentAction","name":"Comment","target":["https:\/\/avrupatv.eu\/index.php\/2023\/11\/09\/can-dogu-kurban-edildi\/#respond"]}]},{"@type":"WebPage","@id":"https:\/\/avrupatv.eu\/index.php\/2023\/11\/09\/can-dogu-kurban-edildi\/","url":"https:\/\/avrupatv.eu\/index.php\/2023\/11\/09\/can-dogu-kurban-edildi\/","name":"CAN DO\u011eU KURBAN ED\u0130LD\u0130! - Avrupal\u0131 T\u00fcrklerin en Yeni Haber Portal\u0131","isPartOf":{"@id":"https:\/\/avrupatv.eu\/#website"},"primaryImageOfPage":{"@id":"https:\/\/avrupatv.eu\/index.php\/2023\/11\/09\/can-dogu-kurban-edildi\/#primaryimage"},"image":{"@id":"https:\/\/avrupatv.eu\/index.php\/2023\/11\/09\/can-dogu-kurban-edildi\/#primaryimage"},"thumbnailUrl":"https:\/\/avrupatv.eu\/wp-content\/uploads\/2023\/11\/021CE48B-87C2-4676-8F2F-D04E36A4355D.jpeg","datePublished":"2023-11-09T20:50:46+00:00","dateModified":"2023-11-09T21:02:52+00:00","breadcrumb":{"@id":"https:\/\/avrupatv.eu\/index.php\/2023\/11\/09\/can-dogu-kurban-edildi\/#breadcrumb"},"inLanguage":"tr","potentialAction":[{"@type":"ReadAction","target":["https:\/\/avrupatv.eu\/index.php\/2023\/11\/09\/can-dogu-kurban-edildi\/"]}]},{"@type":"ImageObject","inLanguage":"tr","@id":"https:\/\/avrupatv.eu\/index.php\/2023\/11\/09\/can-dogu-kurban-edildi\/#primaryimage","url":"https:\/\/avrupatv.eu\/wp-content\/uploads\/2023\/11\/021CE48B-87C2-4676-8F2F-D04E36A4355D.jpeg","contentUrl":"https:\/\/avrupatv.eu\/wp-content\/uploads\/2023\/11\/021CE48B-87C2-4676-8F2F-D04E36A4355D.jpeg","width":750,"height":856},{"@type":"BreadcrumbList","@id":"https:\/\/avrupatv.eu\/index.php\/2023\/11\/09\/can-dogu-kurban-edildi\/#breadcrumb","itemListElement":[{"@type":"ListItem","position":1,"name":"Anasayfa","item":"https:\/\/avrupatv.eu\/"},{"@type":"ListItem","position":2,"name":"CAN DO\u011eU KURBAN ED\u0130LD\u0130!"}]},{"@type":"WebSite","@id":"https:\/\/avrupatv.eu\/#website","url":"https:\/\/avrupatv.eu\/","name":"Avrupal\u0131 T\u00fcrklerin en Yeni Haber Portal\u0131","description":"","publisher":{"@id":"https:\/\/avrupatv.eu\/#organization"},"alternateName":"Avrupa tv","potentialAction":[{"@type":"SearchAction","target":{"@type":"EntryPoint","urlTemplate":"https:\/\/avrupatv.eu\/?s={search_term_string}"},"query-input":{"@type":"PropertyValueSpecification","valueRequired":true,"valueName":"search_term_string"}}],"inLanguage":"tr"},{"@type":"Organization","@id":"https:\/\/avrupatv.eu\/#organization","name":"Avrupa Haber","url":"https:\/\/avrupatv.eu\/","logo":{"@type":"ImageObject","inLanguage":"tr","@id":"https:\/\/avrupatv.eu\/#\/schema\/logo\/image\/","url":"https:\/\/avrupatv.eu\/wp-content\/uploads\/2023\/10\/cropped-thumbnail_logo.png","contentUrl":"https:\/\/avrupatv.eu\/wp-content\/uploads\/2023\/10\/cropped-thumbnail_logo.png","width":1025,"height":302,"caption":"Avrupa Haber"},"image":{"@id":"https:\/\/avrupatv.eu\/#\/schema\/logo\/image\/"}},{"@type":"Person","@id":"https:\/\/avrupatv.eu\/#\/schema\/person\/78736cdceb592a03a0c781effacf0347","name":"Emir Ke\u015fan","image":{"@type":"ImageObject","inLanguage":"tr","@id":"https:\/\/secure.gravatar.com\/avatar\/dbd51b3ecda9841889c4e1bc514a788c653084f523fdf150dbafa993878140b4?s=96&d=mm&r=g","url":"https:\/\/secure.gravatar.com\/avatar\/dbd51b3ecda9841889c4e1bc514a788c653084f523fdf150dbafa993878140b4?s=96&d=mm&r=g","contentUrl":"https:\/\/secure.gravatar.com\/avatar\/dbd51b3ecda9841889c4e1bc514a788c653084f523fdf150dbafa993878140b4?s=96&d=mm&r=g","caption":"Emir Ke\u015fan"},"sameAs":["http:\/\/www.avrupatv.eu"],"url":"https:\/\/avrupatv.eu\/index.php\/author\/emir-kesan\/"}]}},"_links":{"self":[{"href":"https:\/\/avrupatv.eu\/index.php\/wp-json\/wp\/v2\/posts\/172","targetHints":{"allow":["GET"]}}],"collection":[{"href":"https:\/\/avrupatv.eu\/index.php\/wp-json\/wp\/v2\/posts"}],"about":[{"href":"https:\/\/avrupatv.eu\/index.php\/wp-json\/wp\/v2\/types\/post"}],"author":[{"embeddable":true,"href":"https:\/\/avrupatv.eu\/index.php\/wp-json\/wp\/v2\/users\/3"}],"replies":[{"embeddable":true,"href":"https:\/\/avrupatv.eu\/index.php\/wp-json\/wp\/v2\/comments?post=172"}],"version-history":[{"count":3,"href":"https:\/\/avrupatv.eu\/index.php\/wp-json\/wp\/v2\/posts\/172\/revisions"}],"predecessor-version":[{"id":180,"href":"https:\/\/avrupatv.eu\/index.php\/wp-json\/wp\/v2\/posts\/172\/revisions\/180"}],"wp:featuredmedia":[{"embeddable":true,"href":"https:\/\/avrupatv.eu\/index.php\/wp-json\/wp\/v2\/media\/176"}],"wp:attachment":[{"href":"https:\/\/avrupatv.eu\/index.php\/wp-json\/wp\/v2\/media?parent=172"}],"wp:term":[{"taxonomy":"category","embeddable":true,"href":"https:\/\/avrupatv.eu\/index.php\/wp-json\/wp\/v2\/categories?post=172"},{"taxonomy":"post_tag","embeddable":true,"href":"https:\/\/avrupatv.eu\/index.php\/wp-json\/wp\/v2\/tags?post=172"}],"curies":[{"name":"wp","href":"https:\/\/api.w.org\/{rel}","templated":true}]}}