{"id":1681,"date":"2026-04-27T20:15:40","date_gmt":"2026-04-27T20:15:40","guid":{"rendered":"https:\/\/avrupatv.eu\/?p=1681"},"modified":"2026-04-27T20:16:14","modified_gmt":"2026-04-27T20:16:14","slug":"chp-hollanda-birliginden-23-nisanda-ataturk-ve-canakkale-muzesine-anlamli-ziyaret","status":"publish","type":"post","link":"https:\/\/avrupatv.eu\/index.php\/2026\/04\/27\/chp-hollanda-birliginden-23-nisanda-ataturk-ve-canakkale-muzesine-anlamli-ziyaret\/","title":{"rendered":"CHP Hollanda Birli\u011fi\u2019nden 23 Nisan\u2019da Atat\u00fcrk ve \u00c7anakkale M\u00fczesi\u2019ne Anlaml\u0131 Ziyaret"},"content":{"rendered":"\n<p><strong>CHP Hollanda Birli\u011fi\u2019nden 23 Nisan\u2019da Atat\u00fcrk ve \u00c7anakkale M\u00fczesi\u2019ne Anlaml\u0131 Ziyaret<\/strong><\/p>\n\n\n\n<p>23 Nisan Ulusal Egemenlik ve \u00c7ocuk Bayram\u0131 kapsam\u0131nda CHP Hollanda Birli\u011fi, Rotterdam\u2019da bulunan Atat\u00fcrk ve \u00c7anakkale M\u00fczesi\u2019ni ziyaret ederek anlaml\u0131 bir programa imza att\u0131. Avrupa\u2019da bu alanda kurulan ilk ve tek Atat\u00fcrk m\u00fczesi olma \u00f6zelli\u011fini ta\u015f\u0131yan m\u00fczede ger\u00e7ekle\u015ftirilen etkinlikte, \u00e7ocuklara milli m\u00fccadele ruhu ve Cumhuriyet\u2019in temelleri anlat\u0131ld\u0131.<\/p>\n\n\n\n<p>Program\u0131n temel amac\u0131, Hollanda\u2019da do\u011fup b\u00fcy\u00fcyen \u00e7ocuklara Gazi Mustafa Kemal Atat\u00fcrk\u2019\u00fcn \u00f6nderli\u011finde verilen Kurtulu\u015f Sava\u015f\u0131\u2019n\u0131n e\u015fsiz m\u00fccadelesini, \u00c7anakkale ruhunu ve T\u00fcrkiye B\u00fcy\u00fck Millet Meclisi\u2019nin kurulu\u015fuyla \u015fekillenen milli egemenlik bilincini aktarmak oldu.<\/p>\n\n\n\n<p>Etkinlik boyunca \u00c7anakkale\u2019de yaz\u0131lan destan, Kurtulu\u015f Sava\u015f\u0131\u2019nda ortaya konan sars\u0131lmaz irade ve 23 Nisan 1920\u2019de millet egemenli\u011finin simgesi olarak a\u00e7\u0131lan TBMM\u2019nin tarihsel \u00f6nemi detayl\u0131 \u015fekilde anlat\u0131ld\u0131. Yokluklar i\u00e7inde kazan\u0131lan ba\u011f\u0131ms\u0131zl\u0131k m\u00fccadelesinin ta\u015f\u0131d\u0131\u011f\u0131 anlam ve Cumhuriyet\u2019in kurulu\u015f s\u00fcrecindeki kararl\u0131l\u0131k, kat\u0131l\u0131mc\u0131lar \u00fczerinde derin bir manevi etki b\u0131rakt\u0131.<\/p>\n\n\n\n<p>Yo\u011fun kat\u0131l\u0131mla ger\u00e7ekle\u015fen programa CHP Hollanda Birli\u011fi\u2019ni temsilen Birlik Ba\u015fkan\u0131 Murat Gedikli, Birlik Sayman\u0131 G\u00fclbeyaz K\u0131l\u0131\u00e7 ve \u00d6rg\u00fctlenmeden Sorumlu Y\u00f6netici S\u00fcleyman Y\u0131lmaz kat\u0131ld\u0131.<\/p>\n\n\n\n<p>Program kapsam\u0131nda ayr\u0131ca \u015eanl\u0131urfa ve Kahramanmara\u015f\u2019ta ya\u015fanan okul sald\u0131r\u0131lar\u0131nda hayat\u0131n\u0131 kaybeden \u00e7ocuklar da an\u0131ld\u0131. Onlar\u0131n aziz hat\u0131ralar\u0131 sayg\u0131 ve rahmetle yad edilirken, \u00e7ocuklar\u0131n g\u00fcvenli, \u00f6zg\u00fcr ve ayd\u0131nl\u0131k bir gelecekte ya\u015famas\u0131n\u0131n \u00f6nemi bir kez daha vurguland\u0131.<\/p>\n\n\n\n<p>Ziyaret s\u0131ras\u0131nda m\u00fcze sahibi B\u00fclent T\u00fcrker ve k\u0131ymetli annesi Zehra T\u00fcrker ad\u0131na TEMA Vakf\u0131\u2019na yap\u0131lan ba\u011f\u0131\u015f sertifikalar\u0131 ile \u201cMillete Emanet\u201d kitab\u0131 takdim edildi.<\/p>\n\n\n\n<p>CHP Hollanda Birli\u011fi yetkilileri, nazik ev sahiplikleri ve bu anlaml\u0131 tarihi miras\u0131n ya\u015fat\u0131lmas\u0131na sunduklar\u0131 katk\u0131lar dolay\u0131s\u0131yla B\u00fclent T\u00fcrker ve ailesine te\u015fekk\u00fcr etti.<\/p>\n\n\n\n<figure class=\"wp-block-gallery has-nested-images columns-default is-cropped wp-block-gallery-1 is-layout-flex wp-block-gallery-is-layout-flex\">\n<figure class=\"wp-block-image size-large\"><img loading=\"lazy\" decoding=\"async\" width=\"1024\" height=\"729\" data-id=\"1684\" src=\"https:\/\/avrupatv.eu\/wp-content\/uploads\/2026\/04\/1000394304-1024x729.jpg\" alt=\"\" class=\"wp-image-1684\" srcset=\"https:\/\/avrupatv.eu\/wp-content\/uploads\/2026\/04\/1000394304-1024x729.jpg 1024w, https:\/\/avrupatv.eu\/wp-content\/uploads\/2026\/04\/1000394304-300x214.jpg 300w, https:\/\/avrupatv.eu\/wp-content\/uploads\/2026\/04\/1000394304-768x547.jpg 768w, https:\/\/avrupatv.eu\/wp-content\/uploads\/2026\/04\/1000394304.jpg 1284w\" sizes=\"auto, (max-width: 1024px) 100vw, 1024px\" \/><\/figure>\n\n\n\n<figure class=\"wp-block-image size-large\"><img loading=\"lazy\" decoding=\"async\" width=\"800\" height=\"1024\" data-id=\"1685\" src=\"https:\/\/avrupatv.eu\/wp-content\/uploads\/2026\/04\/1000394305-800x1024.jpg\" alt=\"\" class=\"wp-image-1685\" srcset=\"https:\/\/avrupatv.eu\/wp-content\/uploads\/2026\/04\/1000394305-800x1024.jpg 800w, https:\/\/avrupatv.eu\/wp-content\/uploads\/2026\/04\/1000394305-234x300.jpg 234w, https:\/\/avrupatv.eu\/wp-content\/uploads\/2026\/04\/1000394305-768x983.jpg 768w, https:\/\/avrupatv.eu\/wp-content\/uploads\/2026\/04\/1000394305-1200x1536.jpg 1200w, https:\/\/avrupatv.eu\/wp-content\/uploads\/2026\/04\/1000394305.jpg 1284w\" sizes=\"auto, (max-width: 800px) 100vw, 800px\" \/><\/figure>\n\n\n\n<figure class=\"wp-block-image size-large\"><img loading=\"lazy\" decoding=\"async\" width=\"819\" height=\"1024\" data-id=\"1686\" src=\"https:\/\/avrupatv.eu\/wp-content\/uploads\/2026\/04\/1000394309-819x1024.jpg\" alt=\"\" class=\"wp-image-1686\" srcset=\"https:\/\/avrupatv.eu\/wp-content\/uploads\/2026\/04\/1000394309-819x1024.jpg 819w, https:\/\/avrupatv.eu\/wp-content\/uploads\/2026\/04\/1000394309-240x300.jpg 240w, https:\/\/avrupatv.eu\/wp-content\/uploads\/2026\/04\/1000394309-768x961.jpg 768w, https:\/\/avrupatv.eu\/wp-content\/uploads\/2026\/04\/1000394309-1228x1536.jpg 1228w, https:\/\/avrupatv.eu\/wp-content\/uploads\/2026\/04\/1000394309.jpg 1284w\" sizes=\"auto, (max-width: 819px) 100vw, 819px\" \/><\/figure>\n\n\n\n<figure class=\"wp-block-image size-large\"><img loading=\"lazy\" decoding=\"async\" width=\"1024\" height=\"774\" data-id=\"1687\" src=\"https:\/\/avrupatv.eu\/wp-content\/uploads\/2026\/04\/1000394320-1024x774.jpg\" alt=\"\" class=\"wp-image-1687\" srcset=\"https:\/\/avrupatv.eu\/wp-content\/uploads\/2026\/04\/1000394320-1024x774.jpg 1024w, https:\/\/avrupatv.eu\/wp-content\/uploads\/2026\/04\/1000394320-300x227.jpg 300w, https:\/\/avrupatv.eu\/wp-content\/uploads\/2026\/04\/1000394320-768x580.jpg 768w, https:\/\/avrupatv.eu\/wp-content\/uploads\/2026\/04\/1000394320.jpg 1284w\" sizes=\"auto, (max-width: 1024px) 100vw, 1024px\" \/><\/figure>\n\n\n\n<figure class=\"wp-block-image size-large\"><img loading=\"lazy\" decoding=\"async\" width=\"791\" height=\"1024\" data-id=\"1688\" src=\"https:\/\/avrupatv.eu\/wp-content\/uploads\/2026\/04\/1000394317-791x1024.jpg\" alt=\"\" class=\"wp-image-1688\" srcset=\"https:\/\/avrupatv.eu\/wp-content\/uploads\/2026\/04\/1000394317-791x1024.jpg 791w, https:\/\/avrupatv.eu\/wp-content\/uploads\/2026\/04\/1000394317-232x300.jpg 232w, https:\/\/avrupatv.eu\/wp-content\/uploads\/2026\/04\/1000394317-768x995.jpg 768w, https:\/\/avrupatv.eu\/wp-content\/uploads\/2026\/04\/1000394317-1186x1536.jpg 1186w, https:\/\/avrupatv.eu\/wp-content\/uploads\/2026\/04\/1000394317.jpg 1284w\" sizes=\"auto, (max-width: 791px) 100vw, 791px\" \/><\/figure>\n\n\n\n<figure class=\"wp-block-image size-large\"><img loading=\"lazy\" decoding=\"async\" width=\"1024\" height=\"565\" data-id=\"1689\" src=\"https:\/\/avrupatv.eu\/wp-content\/uploads\/2026\/04\/1000394316-1024x565.jpg\" alt=\"\" class=\"wp-image-1689\" srcset=\"https:\/\/avrupatv.eu\/wp-content\/uploads\/2026\/04\/1000394316-1024x565.jpg 1024w, https:\/\/avrupatv.eu\/wp-content\/uploads\/2026\/04\/1000394316-300x165.jpg 300w, https:\/\/avrupatv.eu\/wp-content\/uploads\/2026\/04\/1000394316-768x423.jpg 768w, https:\/\/avrupatv.eu\/wp-content\/uploads\/2026\/04\/1000394316.jpg 1284w\" sizes=\"auto, (max-width: 1024px) 100vw, 1024px\" \/><\/figure>\n\n\n\n<figure class=\"wp-block-image size-large\"><img loading=\"lazy\" decoding=\"async\" width=\"813\" height=\"1024\" data-id=\"1692\" src=\"https:\/\/avrupatv.eu\/wp-content\/uploads\/2026\/04\/1000394328-813x1024.jpg\" alt=\"\" class=\"wp-image-1692\" srcset=\"https:\/\/avrupatv.eu\/wp-content\/uploads\/2026\/04\/1000394328-813x1024.jpg 813w, https:\/\/avrupatv.eu\/wp-content\/uploads\/2026\/04\/1000394328-238x300.jpg 238w, https:\/\/avrupatv.eu\/wp-content\/uploads\/2026\/04\/1000394328-768x967.jpg 768w, https:\/\/avrupatv.eu\/wp-content\/uploads\/2026\/04\/1000394328-1220x1536.jpg 1220w, https:\/\/avrupatv.eu\/wp-content\/uploads\/2026\/04\/1000394328.jpg 1284w\" sizes=\"auto, (max-width: 813px) 100vw, 813px\" \/><\/figure>\n\n\n\n<figure class=\"wp-block-image size-large\"><img loading=\"lazy\" decoding=\"async\" width=\"1024\" height=\"717\" data-id=\"1690\" src=\"https:\/\/avrupatv.eu\/wp-content\/uploads\/2026\/04\/1000394306-1024x717.jpg\" alt=\"\" class=\"wp-image-1690\" srcset=\"https:\/\/avrupatv.eu\/wp-content\/uploads\/2026\/04\/1000394306-1024x717.jpg 1024w, https:\/\/avrupatv.eu\/wp-content\/uploads\/2026\/04\/1000394306-300x210.jpg 300w, https:\/\/avrupatv.eu\/wp-content\/uploads\/2026\/04\/1000394306-768x538.jpg 768w, https:\/\/avrupatv.eu\/wp-content\/uploads\/2026\/04\/1000394306.jpg 1284w\" sizes=\"auto, (max-width: 1024px) 100vw, 1024px\" \/><\/figure>\n\n\n\n<figure class=\"wp-block-image size-large\"><img loading=\"lazy\" decoding=\"async\" width=\"1024\" height=\"738\" data-id=\"1691\" src=\"https:\/\/avrupatv.eu\/wp-content\/uploads\/2026\/04\/1000394322-1024x738.jpg\" alt=\"\" class=\"wp-image-1691\" srcset=\"https:\/\/avrupatv.eu\/wp-content\/uploads\/2026\/04\/1000394322-1024x738.jpg 1024w, https:\/\/avrupatv.eu\/wp-content\/uploads\/2026\/04\/1000394322-300x216.jpg 300w, https:\/\/avrupatv.eu\/wp-content\/uploads\/2026\/04\/1000394322-768x553.jpg 768w, https:\/\/avrupatv.eu\/wp-content\/uploads\/2026\/04\/1000394322.jpg 1284w\" sizes=\"auto, (max-width: 1024px) 100vw, 1024px\" \/><\/figure>\n<\/figure>\n\n\n\n<p><\/p>\n","protected":false},"excerpt":{"rendered":"<p>CHP Hollanda Birli\u011fi\u2019nden 23 Nisan\u2019da Atat\u00fcrk ve \u00c7anakkale M\u00fczesi\u2019ne Anlaml\u0131 Ziyaret 23 Nisan Ulusal Egemenlik ve \u00c7ocuk Bayram\u0131 kapsam\u0131nda CHP Hollanda Birli\u011fi, Rotterdam\u2019da bulunan Atat\u00fcrk ve \u00c7anakkale M\u00fczesi\u2019ni ziyaret ederek anlaml\u0131 bir programa imza att\u0131. Avrupa\u2019da bu alanda kurulan ilk ve tek Atat\u00fcrk m\u00fczesi olma \u00f6zelli\u011fini ta\u015f\u0131yan m\u00fczede ger\u00e7ekle\u015ftirilen etkinlikte, \u00e7ocuklara milli m\u00fccadele ruhu ve [&hellip;]<\/p>\n","protected":false},"author":2,"featured_media":1683,"comment_status":"open","ping_status":"open","sticky":false,"template":"","format":"standard","meta":{"footnotes":""},"categories":[9],"tags":[],"class_list":["post-1681","post","type-post","status-publish","format-standard","has-post-thumbnail","hentry","category-avrupa"],"yoast_head":"<!-- This site is optimized with the Yoast SEO plugin v27.5 - https:\/\/yoast.com\/product\/yoast-seo-wordpress\/ -->\n<title>CHP Hollanda Birli\u011fi\u2019nden 23 Nisan\u2019da Atat\u00fcrk ve \u00c7anakkale M\u00fczesi\u2019ne Anlaml\u0131 Ziyaret - Avrupal\u0131 T\u00fcrklerin en Yeni Haber Portal\u0131<\/title>\n<meta name=\"robots\" content=\"index, follow, max-snippet:-1, max-image-preview:large, max-video-preview:-1\" \/>\n<link rel=\"canonical\" href=\"https:\/\/avrupatv.eu\/index.php\/2026\/04\/27\/chp-hollanda-birliginden-23-nisanda-ataturk-ve-canakkale-muzesine-anlamli-ziyaret\/\" \/>\n<meta property=\"og:locale\" content=\"tr_TR\" \/>\n<meta property=\"og:type\" content=\"article\" \/>\n<meta property=\"og:title\" content=\"CHP Hollanda Birli\u011fi\u2019nden 23 Nisan\u2019da Atat\u00fcrk ve \u00c7anakkale M\u00fczesi\u2019ne Anlaml\u0131 Ziyaret - Avrupal\u0131 T\u00fcrklerin en Yeni Haber Portal\u0131\" \/>\n<meta property=\"og:description\" content=\"CHP Hollanda Birli\u011fi\u2019nden 23 Nisan\u2019da Atat\u00fcrk ve \u00c7anakkale M\u00fczesi\u2019ne Anlaml\u0131 Ziyaret 23 Nisan Ulusal Egemenlik ve \u00c7ocuk Bayram\u0131 kapsam\u0131nda CHP Hollanda Birli\u011fi, Rotterdam\u2019da bulunan Atat\u00fcrk ve \u00c7anakkale M\u00fczesi\u2019ni ziyaret ederek anlaml\u0131 bir programa imza att\u0131. Avrupa\u2019da bu alanda kurulan ilk ve tek Atat\u00fcrk m\u00fczesi olma \u00f6zelli\u011fini ta\u015f\u0131yan m\u00fczede ger\u00e7ekle\u015ftirilen etkinlikte, \u00e7ocuklara milli m\u00fccadele ruhu ve [&hellip;]\" \/>\n<meta property=\"og:url\" content=\"https:\/\/avrupatv.eu\/index.php\/2026\/04\/27\/chp-hollanda-birliginden-23-nisanda-ataturk-ve-canakkale-muzesine-anlamli-ziyaret\/\" \/>\n<meta property=\"og:site_name\" content=\"Avrupal\u0131 T\u00fcrklerin en Yeni Haber Portal\u0131\" \/>\n<meta property=\"article:published_time\" content=\"2026-04-27T20:15:40+00:00\" \/>\n<meta property=\"article:modified_time\" content=\"2026-04-27T20:16:14+00:00\" \/>\n<meta property=\"og:image\" content=\"https:\/\/avrupatv.eu\/wp-content\/uploads\/2026\/04\/IMG-20260427-WA0019.jpg\" \/>\n\t<meta property=\"og:image:width\" content=\"1284\" \/>\n\t<meta property=\"og:image:height\" content=\"970\" \/>\n\t<meta property=\"og:image:type\" content=\"image\/jpeg\" \/>\n<meta name=\"author\" content=\"Onur Akpinar\" \/>\n<meta name=\"twitter:card\" content=\"summary_large_image\" \/>\n<meta name=\"twitter:label1\" content=\"Yazan:\" \/>\n\t<meta name=\"twitter:data1\" content=\"Onur Akpinar\" \/>\n\t<meta name=\"twitter:label2\" content=\"Tahmini okuma s\u00fcresi\" \/>\n\t<meta name=\"twitter:data2\" content=\"4 dakika\" \/>\n<script type=\"application\/ld+json\" class=\"yoast-schema-graph\">{\"@context\":\"https:\\\/\\\/schema.org\",\"@graph\":[{\"@type\":\"Article\",\"@id\":\"https:\\\/\\\/avrupatv.eu\\\/index.php\\\/2026\\\/04\\\/27\\\/chp-hollanda-birliginden-23-nisanda-ataturk-ve-canakkale-muzesine-anlamli-ziyaret\\\/#article\",\"isPartOf\":{\"@id\":\"https:\\\/\\\/avrupatv.eu\\\/index.php\\\/2026\\\/04\\\/27\\\/chp-hollanda-birliginden-23-nisanda-ataturk-ve-canakkale-muzesine-anlamli-ziyaret\\\/\"},\"author\":{\"name\":\"Onur Akpinar\",\"@id\":\"https:\\\/\\\/avrupatv.eu\\\/#\\\/schema\\\/person\\\/d56afa5d5569da4029d483da36c0c17d\"},\"headline\":\"CHP Hollanda Birli\u011fi\u2019nden 23 Nisan\u2019da Atat\u00fcrk ve \u00c7anakkale M\u00fczesi\u2019ne Anlaml\u0131 Ziyaret\",\"datePublished\":\"2026-04-27T20:15:40+00:00\",\"dateModified\":\"2026-04-27T20:16:14+00:00\",\"mainEntityOfPage\":{\"@id\":\"https:\\\/\\\/avrupatv.eu\\\/index.php\\\/2026\\\/04\\\/27\\\/chp-hollanda-birliginden-23-nisanda-ataturk-ve-canakkale-muzesine-anlamli-ziyaret\\\/\"},\"wordCount\":370,\"commentCount\":0,\"publisher\":{\"@id\":\"https:\\\/\\\/avrupatv.eu\\\/#organization\"},\"image\":{\"@id\":\"https:\\\/\\\/avrupatv.eu\\\/index.php\\\/2026\\\/04\\\/27\\\/chp-hollanda-birliginden-23-nisanda-ataturk-ve-canakkale-muzesine-anlamli-ziyaret\\\/#primaryimage\"},\"thumbnailUrl\":\"https:\\\/\\\/avrupatv.eu\\\/wp-content\\\/uploads\\\/2026\\\/04\\\/IMG-20260427-WA0019.jpg\",\"articleSection\":[\"Avrupa\"],\"inLanguage\":\"tr\",\"potentialAction\":[{\"@type\":\"CommentAction\",\"name\":\"Comment\",\"target\":[\"https:\\\/\\\/avrupatv.eu\\\/index.php\\\/2026\\\/04\\\/27\\\/chp-hollanda-birliginden-23-nisanda-ataturk-ve-canakkale-muzesine-anlamli-ziyaret\\\/#respond\"]}]},{\"@type\":\"WebPage\",\"@id\":\"https:\\\/\\\/avrupatv.eu\\\/index.php\\\/2026\\\/04\\\/27\\\/chp-hollanda-birliginden-23-nisanda-ataturk-ve-canakkale-muzesine-anlamli-ziyaret\\\/\",\"url\":\"https:\\\/\\\/avrupatv.eu\\\/index.php\\\/2026\\\/04\\\/27\\\/chp-hollanda-birliginden-23-nisanda-ataturk-ve-canakkale-muzesine-anlamli-ziyaret\\\/\",\"name\":\"CHP Hollanda Birli\u011fi\u2019nden 23 Nisan\u2019da Atat\u00fcrk ve \u00c7anakkale M\u00fczesi\u2019ne Anlaml\u0131 Ziyaret - Avrupal\u0131 T\u00fcrklerin en Yeni Haber Portal\u0131\",\"isPartOf\":{\"@id\":\"https:\\\/\\\/avrupatv.eu\\\/#website\"},\"primaryImageOfPage\":{\"@id\":\"https:\\\/\\\/avrupatv.eu\\\/index.php\\\/2026\\\/04\\\/27\\\/chp-hollanda-birliginden-23-nisanda-ataturk-ve-canakkale-muzesine-anlamli-ziyaret\\\/#primaryimage\"},\"image\":{\"@id\":\"https:\\\/\\\/avrupatv.eu\\\/index.php\\\/2026\\\/04\\\/27\\\/chp-hollanda-birliginden-23-nisanda-ataturk-ve-canakkale-muzesine-anlamli-ziyaret\\\/#primaryimage\"},\"thumbnailUrl\":\"https:\\\/\\\/avrupatv.eu\\\/wp-content\\\/uploads\\\/2026\\\/04\\\/IMG-20260427-WA0019.jpg\",\"datePublished\":\"2026-04-27T20:15:40+00:00\",\"dateModified\":\"2026-04-27T20:16:14+00:00\",\"breadcrumb\":{\"@id\":\"https:\\\/\\\/avrupatv.eu\\\/index.php\\\/2026\\\/04\\\/27\\\/chp-hollanda-birliginden-23-nisanda-ataturk-ve-canakkale-muzesine-anlamli-ziyaret\\\/#breadcrumb\"},\"inLanguage\":\"tr\",\"potentialAction\":[{\"@type\":\"ReadAction\",\"target\":[\"https:\\\/\\\/avrupatv.eu\\\/index.php\\\/2026\\\/04\\\/27\\\/chp-hollanda-birliginden-23-nisanda-ataturk-ve-canakkale-muzesine-anlamli-ziyaret\\\/\"]}]},{\"@type\":\"ImageObject\",\"inLanguage\":\"tr\",\"@id\":\"https:\\\/\\\/avrupatv.eu\\\/index.php\\\/2026\\\/04\\\/27\\\/chp-hollanda-birliginden-23-nisanda-ataturk-ve-canakkale-muzesine-anlamli-ziyaret\\\/#primaryimage\",\"url\":\"https:\\\/\\\/avrupatv.eu\\\/wp-content\\\/uploads\\\/2026\\\/04\\\/IMG-20260427-WA0019.jpg\",\"contentUrl\":\"https:\\\/\\\/avrupatv.eu\\\/wp-content\\\/uploads\\\/2026\\\/04\\\/IMG-20260427-WA0019.jpg\",\"width\":1284,\"height\":970},{\"@type\":\"BreadcrumbList\",\"@id\":\"https:\\\/\\\/avrupatv.eu\\\/index.php\\\/2026\\\/04\\\/27\\\/chp-hollanda-birliginden-23-nisanda-ataturk-ve-canakkale-muzesine-anlamli-ziyaret\\\/#breadcrumb\",\"itemListElement\":[{\"@type\":\"ListItem\",\"position\":1,\"name\":\"Anasayfa\",\"item\":\"https:\\\/\\\/avrupatv.eu\\\/\"},{\"@type\":\"ListItem\",\"position\":2,\"name\":\"CHP Hollanda Birli\u011fi\u2019nden 23 Nisan\u2019da Atat\u00fcrk ve \u00c7anakkale M\u00fczesi\u2019ne Anlaml\u0131 Ziyaret\"}]},{\"@type\":\"WebSite\",\"@id\":\"https:\\\/\\\/avrupatv.eu\\\/#website\",\"url\":\"https:\\\/\\\/avrupatv.eu\\\/\",\"name\":\"Avrupal\u0131 T\u00fcrklerin en Yeni Haber Portal\u0131\",\"description\":\"\",\"publisher\":{\"@id\":\"https:\\\/\\\/avrupatv.eu\\\/#organization\"},\"alternateName\":\"Avrupa tv\",\"potentialAction\":[{\"@type\":\"SearchAction\",\"target\":{\"@type\":\"EntryPoint\",\"urlTemplate\":\"https:\\\/\\\/avrupatv.eu\\\/?s={search_term_string}\"},\"query-input\":{\"@type\":\"PropertyValueSpecification\",\"valueRequired\":true,\"valueName\":\"search_term_string\"}}],\"inLanguage\":\"tr\"},{\"@type\":\"Organization\",\"@id\":\"https:\\\/\\\/avrupatv.eu\\\/#organization\",\"name\":\"Avrupa Haber\",\"url\":\"https:\\\/\\\/avrupatv.eu\\\/\",\"logo\":{\"@type\":\"ImageObject\",\"inLanguage\":\"tr\",\"@id\":\"https:\\\/\\\/avrupatv.eu\\\/#\\\/schema\\\/logo\\\/image\\\/\",\"url\":\"https:\\\/\\\/avrupatv.eu\\\/wp-content\\\/uploads\\\/2023\\\/10\\\/cropped-thumbnail_logo.png\",\"contentUrl\":\"https:\\\/\\\/avrupatv.eu\\\/wp-content\\\/uploads\\\/2023\\\/10\\\/cropped-thumbnail_logo.png\",\"width\":1025,\"height\":302,\"caption\":\"Avrupa Haber\"},\"image\":{\"@id\":\"https:\\\/\\\/avrupatv.eu\\\/#\\\/schema\\\/logo\\\/image\\\/\"}},{\"@type\":\"Person\",\"@id\":\"https:\\\/\\\/avrupatv.eu\\\/#\\\/schema\\\/person\\\/d56afa5d5569da4029d483da36c0c17d\",\"name\":\"Onur Akpinar\",\"image\":{\"@type\":\"ImageObject\",\"inLanguage\":\"tr\",\"@id\":\"https:\\\/\\\/secure.gravatar.com\\\/avatar\\\/67a1a0bdf34f82da209334e4684b7e7171a58a5a2b0a8f836b61044f5c1f5d6a?s=96&d=mm&r=g\",\"url\":\"https:\\\/\\\/secure.gravatar.com\\\/avatar\\\/67a1a0bdf34f82da209334e4684b7e7171a58a5a2b0a8f836b61044f5c1f5d6a?s=96&d=mm&r=g\",\"contentUrl\":\"https:\\\/\\\/secure.gravatar.com\\\/avatar\\\/67a1a0bdf34f82da209334e4684b7e7171a58a5a2b0a8f836b61044f5c1f5d6a?s=96&d=mm&r=g\",\"caption\":\"Onur Akpinar\"},\"url\":\"https:\\\/\\\/avrupatv.eu\\\/index.php\\\/author\\\/onur-akpinar\\\/\"}]}<\/script>\n<!-- \/ Yoast SEO plugin. -->","yoast_head_json":{"title":"CHP Hollanda Birli\u011fi\u2019nden 23 Nisan\u2019da Atat\u00fcrk ve \u00c7anakkale M\u00fczesi\u2019ne Anlaml\u0131 Ziyaret - Avrupal\u0131 T\u00fcrklerin en Yeni Haber Portal\u0131","robots":{"index":"index","follow":"follow","max-snippet":"max-snippet:-1","max-image-preview":"max-image-preview:large","max-video-preview":"max-video-preview:-1"},"canonical":"https:\/\/avrupatv.eu\/index.php\/2026\/04\/27\/chp-hollanda-birliginden-23-nisanda-ataturk-ve-canakkale-muzesine-anlamli-ziyaret\/","og_locale":"tr_TR","og_type":"article","og_title":"CHP Hollanda Birli\u011fi\u2019nden 23 Nisan\u2019da Atat\u00fcrk ve \u00c7anakkale M\u00fczesi\u2019ne Anlaml\u0131 Ziyaret - Avrupal\u0131 T\u00fcrklerin en Yeni Haber Portal\u0131","og_description":"CHP Hollanda Birli\u011fi\u2019nden 23 Nisan\u2019da Atat\u00fcrk ve \u00c7anakkale M\u00fczesi\u2019ne Anlaml\u0131 Ziyaret 23 Nisan Ulusal Egemenlik ve \u00c7ocuk Bayram\u0131 kapsam\u0131nda CHP Hollanda Birli\u011fi, Rotterdam\u2019da bulunan Atat\u00fcrk ve \u00c7anakkale M\u00fczesi\u2019ni ziyaret ederek anlaml\u0131 bir programa imza att\u0131. Avrupa\u2019da bu alanda kurulan ilk ve tek Atat\u00fcrk m\u00fczesi olma \u00f6zelli\u011fini ta\u015f\u0131yan m\u00fczede ger\u00e7ekle\u015ftirilen etkinlikte, \u00e7ocuklara milli m\u00fccadele ruhu ve [&hellip;]","og_url":"https:\/\/avrupatv.eu\/index.php\/2026\/04\/27\/chp-hollanda-birliginden-23-nisanda-ataturk-ve-canakkale-muzesine-anlamli-ziyaret\/","og_site_name":"Avrupal\u0131 T\u00fcrklerin en Yeni Haber Portal\u0131","article_published_time":"2026-04-27T20:15:40+00:00","article_modified_time":"2026-04-27T20:16:14+00:00","og_image":[{"width":1284,"height":970,"url":"https:\/\/avrupatv.eu\/wp-content\/uploads\/2026\/04\/IMG-20260427-WA0019.jpg","type":"image\/jpeg"}],"author":"Onur Akpinar","twitter_card":"summary_large_image","twitter_misc":{"Yazan:":"Onur Akpinar","Tahmini okuma s\u00fcresi":"4 dakika"},"schema":{"@context":"https:\/\/schema.org","@graph":[{"@type":"Article","@id":"https:\/\/avrupatv.eu\/index.php\/2026\/04\/27\/chp-hollanda-birliginden-23-nisanda-ataturk-ve-canakkale-muzesine-anlamli-ziyaret\/#article","isPartOf":{"@id":"https:\/\/avrupatv.eu\/index.php\/2026\/04\/27\/chp-hollanda-birliginden-23-nisanda-ataturk-ve-canakkale-muzesine-anlamli-ziyaret\/"},"author":{"name":"Onur Akpinar","@id":"https:\/\/avrupatv.eu\/#\/schema\/person\/d56afa5d5569da4029d483da36c0c17d"},"headline":"CHP Hollanda Birli\u011fi\u2019nden 23 Nisan\u2019da Atat\u00fcrk ve \u00c7anakkale M\u00fczesi\u2019ne Anlaml\u0131 Ziyaret","datePublished":"2026-04-27T20:15:40+00:00","dateModified":"2026-04-27T20:16:14+00:00","mainEntityOfPage":{"@id":"https:\/\/avrupatv.eu\/index.php\/2026\/04\/27\/chp-hollanda-birliginden-23-nisanda-ataturk-ve-canakkale-muzesine-anlamli-ziyaret\/"},"wordCount":370,"commentCount":0,"publisher":{"@id":"https:\/\/avrupatv.eu\/#organization"},"image":{"@id":"https:\/\/avrupatv.eu\/index.php\/2026\/04\/27\/chp-hollanda-birliginden-23-nisanda-ataturk-ve-canakkale-muzesine-anlamli-ziyaret\/#primaryimage"},"thumbnailUrl":"https:\/\/avrupatv.eu\/wp-content\/uploads\/2026\/04\/IMG-20260427-WA0019.jpg","articleSection":["Avrupa"],"inLanguage":"tr","potentialAction":[{"@type":"CommentAction","name":"Comment","target":["https:\/\/avrupatv.eu\/index.php\/2026\/04\/27\/chp-hollanda-birliginden-23-nisanda-ataturk-ve-canakkale-muzesine-anlamli-ziyaret\/#respond"]}]},{"@type":"WebPage","@id":"https:\/\/avrupatv.eu\/index.php\/2026\/04\/27\/chp-hollanda-birliginden-23-nisanda-ataturk-ve-canakkale-muzesine-anlamli-ziyaret\/","url":"https:\/\/avrupatv.eu\/index.php\/2026\/04\/27\/chp-hollanda-birliginden-23-nisanda-ataturk-ve-canakkale-muzesine-anlamli-ziyaret\/","name":"CHP Hollanda Birli\u011fi\u2019nden 23 Nisan\u2019da Atat\u00fcrk ve \u00c7anakkale M\u00fczesi\u2019ne Anlaml\u0131 Ziyaret - Avrupal\u0131 T\u00fcrklerin en Yeni Haber Portal\u0131","isPartOf":{"@id":"https:\/\/avrupatv.eu\/#website"},"primaryImageOfPage":{"@id":"https:\/\/avrupatv.eu\/index.php\/2026\/04\/27\/chp-hollanda-birliginden-23-nisanda-ataturk-ve-canakkale-muzesine-anlamli-ziyaret\/#primaryimage"},"image":{"@id":"https:\/\/avrupatv.eu\/index.php\/2026\/04\/27\/chp-hollanda-birliginden-23-nisanda-ataturk-ve-canakkale-muzesine-anlamli-ziyaret\/#primaryimage"},"thumbnailUrl":"https:\/\/avrupatv.eu\/wp-content\/uploads\/2026\/04\/IMG-20260427-WA0019.jpg","datePublished":"2026-04-27T20:15:40+00:00","dateModified":"2026-04-27T20:16:14+00:00","breadcrumb":{"@id":"https:\/\/avrupatv.eu\/index.php\/2026\/04\/27\/chp-hollanda-birliginden-23-nisanda-ataturk-ve-canakkale-muzesine-anlamli-ziyaret\/#breadcrumb"},"inLanguage":"tr","potentialAction":[{"@type":"ReadAction","target":["https:\/\/avrupatv.eu\/index.php\/2026\/04\/27\/chp-hollanda-birliginden-23-nisanda-ataturk-ve-canakkale-muzesine-anlamli-ziyaret\/"]}]},{"@type":"ImageObject","inLanguage":"tr","@id":"https:\/\/avrupatv.eu\/index.php\/2026\/04\/27\/chp-hollanda-birliginden-23-nisanda-ataturk-ve-canakkale-muzesine-anlamli-ziyaret\/#primaryimage","url":"https:\/\/avrupatv.eu\/wp-content\/uploads\/2026\/04\/IMG-20260427-WA0019.jpg","contentUrl":"https:\/\/avrupatv.eu\/wp-content\/uploads\/2026\/04\/IMG-20260427-WA0019.jpg","width":1284,"height":970},{"@type":"BreadcrumbList","@id":"https:\/\/avrupatv.eu\/index.php\/2026\/04\/27\/chp-hollanda-birliginden-23-nisanda-ataturk-ve-canakkale-muzesine-anlamli-ziyaret\/#breadcrumb","itemListElement":[{"@type":"ListItem","position":1,"name":"Anasayfa","item":"https:\/\/avrupatv.eu\/"},{"@type":"ListItem","position":2,"name":"CHP Hollanda Birli\u011fi\u2019nden 23 Nisan\u2019da Atat\u00fcrk ve \u00c7anakkale M\u00fczesi\u2019ne Anlaml\u0131 Ziyaret"}]},{"@type":"WebSite","@id":"https:\/\/avrupatv.eu\/#website","url":"https:\/\/avrupatv.eu\/","name":"Avrupal\u0131 T\u00fcrklerin en Yeni Haber Portal\u0131","description":"","publisher":{"@id":"https:\/\/avrupatv.eu\/#organization"},"alternateName":"Avrupa tv","potentialAction":[{"@type":"SearchAction","target":{"@type":"EntryPoint","urlTemplate":"https:\/\/avrupatv.eu\/?s={search_term_string}"},"query-input":{"@type":"PropertyValueSpecification","valueRequired":true,"valueName":"search_term_string"}}],"inLanguage":"tr"},{"@type":"Organization","@id":"https:\/\/avrupatv.eu\/#organization","name":"Avrupa Haber","url":"https:\/\/avrupatv.eu\/","logo":{"@type":"ImageObject","inLanguage":"tr","@id":"https:\/\/avrupatv.eu\/#\/schema\/logo\/image\/","url":"https:\/\/avrupatv.eu\/wp-content\/uploads\/2023\/10\/cropped-thumbnail_logo.png","contentUrl":"https:\/\/avrupatv.eu\/wp-content\/uploads\/2023\/10\/cropped-thumbnail_logo.png","width":1025,"height":302,"caption":"Avrupa Haber"},"image":{"@id":"https:\/\/avrupatv.eu\/#\/schema\/logo\/image\/"}},{"@type":"Person","@id":"https:\/\/avrupatv.eu\/#\/schema\/person\/d56afa5d5569da4029d483da36c0c17d","name":"Onur Akpinar","image":{"@type":"ImageObject","inLanguage":"tr","@id":"https:\/\/secure.gravatar.com\/avatar\/67a1a0bdf34f82da209334e4684b7e7171a58a5a2b0a8f836b61044f5c1f5d6a?s=96&d=mm&r=g","url":"https:\/\/secure.gravatar.com\/avatar\/67a1a0bdf34f82da209334e4684b7e7171a58a5a2b0a8f836b61044f5c1f5d6a?s=96&d=mm&r=g","contentUrl":"https:\/\/secure.gravatar.com\/avatar\/67a1a0bdf34f82da209334e4684b7e7171a58a5a2b0a8f836b61044f5c1f5d6a?s=96&d=mm&r=g","caption":"Onur Akpinar"},"url":"https:\/\/avrupatv.eu\/index.php\/author\/onur-akpinar\/"}]}},"_links":{"self":[{"href":"https:\/\/avrupatv.eu\/index.php\/wp-json\/wp\/v2\/posts\/1681","targetHints":{"allow":["GET"]}}],"collection":[{"href":"https:\/\/avrupatv.eu\/index.php\/wp-json\/wp\/v2\/posts"}],"about":[{"href":"https:\/\/avrupatv.eu\/index.php\/wp-json\/wp\/v2\/types\/post"}],"author":[{"embeddable":true,"href":"https:\/\/avrupatv.eu\/index.php\/wp-json\/wp\/v2\/users\/2"}],"replies":[{"embeddable":true,"href":"https:\/\/avrupatv.eu\/index.php\/wp-json\/wp\/v2\/comments?post=1681"}],"version-history":[{"count":1,"href":"https:\/\/avrupatv.eu\/index.php\/wp-json\/wp\/v2\/posts\/1681\/revisions"}],"predecessor-version":[{"id":1693,"href":"https:\/\/avrupatv.eu\/index.php\/wp-json\/wp\/v2\/posts\/1681\/revisions\/1693"}],"wp:featuredmedia":[{"embeddable":true,"href":"https:\/\/avrupatv.eu\/index.php\/wp-json\/wp\/v2\/media\/1683"}],"wp:attachment":[{"href":"https:\/\/avrupatv.eu\/index.php\/wp-json\/wp\/v2\/media?parent=1681"}],"wp:term":[{"taxonomy":"category","embeddable":true,"href":"https:\/\/avrupatv.eu\/index.php\/wp-json\/wp\/v2\/categories?post=1681"},{"taxonomy":"post_tag","embeddable":true,"href":"https:\/\/avrupatv.eu\/index.php\/wp-json\/wp\/v2\/tags?post=1681"}],"curies":[{"name":"wp","href":"https:\/\/api.w.org\/{rel}","templated":true}]}}