{"id":166,"date":"2023-11-08T20:01:56","date_gmt":"2023-11-08T20:01:56","guid":{"rendered":"https:\/\/avrupatv.eu\/?p=166"},"modified":"2023-11-08T20:01:57","modified_gmt":"2023-11-08T20:01:57","slug":"mehmet-ali-erbil-kaza-yapti-verilmis-sadakamiz-varmis","status":"publish","type":"post","link":"https:\/\/avrupatv.eu\/index.php\/2023\/11\/08\/mehmet-ali-erbil-kaza-yapti-verilmis-sadakamiz-varmis\/","title":{"rendered":"Mehmet Ali Erbil kaza yapt\u0131; Verilmi\u015f sadakam\u0131z varm\u0131\u015f"},"content":{"rendered":"\n<p><strong>Mehmet Ali Erbil, Sar\u0131yer&#8217;de evine giderken trafik kazas\u0131 ge\u00e7irdi. Arac\u0131 hurdaya d\u00f6nen Erbil&#8217;in kaburgalar\u0131nda ezilmeler oldu\u011fu \u00f6\u011frenildi. Kazay\u0131 anlatan Erbil, &#8220;Allah&#8217;tan emniyet kemerim ba\u011fl\u0131. Ama tabi arabadan inince anlad\u0131m emniyet kemeri bask\u0131 yaparm\u0131\u015f, kaburgam ezilmi\u015f. Verilmi\u015f sadakam\u0131z varm\u0131\u015f, kazay\u0131 ucuz atlatt\u0131k&#8221; dedi.<\/strong><\/p>\n\n\n\n<p>Mehmet Ali Erbil, ge\u00e7en Cumartesi g\u00fcn\u00fc Fenerbah\u00e7e- Trabzonspor ma\u00e7\u0131n\u0131 izledikten sonra evine d\u00f6nd\u00fc\u011f\u00fc s\u0131rada, \u0130stinye Mahallesi Sar\u0131yer Caddesi&#8217;nde trafik kazas\u0131 ge\u00e7irdi. \u0130ddiaya g\u00f6re, yanl\u0131\u015f yola giren bir ara\u00e7, geri gelmeye \u00e7al\u0131\u015f\u0131rken arkas\u0131ndan gelen kamyonet \u015fof\u00f6r\u00fc durmak zorunda kald\u0131. Otomobiliyle arkadan gelen Mehmet Ali Erbil, kamyonete \u00e7arpt\u0131.<\/p>\n\n\n\n<p>\u0130hbar \u00fczerine olay yerine polis ve sa\u011fl\u0131k ekipleri sevk edildi.\u00a0Kaza\u00a0sonucu Erbil&#8217;in otomobili hurdaya d\u00f6nd\u00fc. Mehmet Ali Erbil&#8217;in kaburgalar\u0131nda ezilmeler oldu\u011fu, \u015fof\u00f6r\u00fcn\u00fcn ise kazay\u0131 yara almadan atlatt\u0131\u011f\u0131 \u00f6\u011frenildi. Kazaya neden oldu\u011fu iddia edilen otomobil s\u00fcr\u00fcc\u00fcs\u00fc ise olay yerinden ka\u00e7t\u0131.<\/p>\n\n\n\n<p>Kazada kaburgalar\u0131 ezilen Erbil, g\u00f6rd\u00fc\u011f\u00fc tedavinin ard\u0131ndan taburcu edildi. Evinde, ge\u00e7irdi\u011fi kazay\u0131 anlatan Mehmet Ali Erbil, &#8220;Fenerbah\u00e7e ma\u00e7\u0131na gittim, ikinci yar\u0131 ba\u015flad\u0131ktan sonra \u00fc\u00e7\u00fcnc\u00fc gol\u00fc yiyince stad\u0131 terk ettim. Nerdeyse a\u011flayarak terk edece\u011fim. O g\u00fcn biraz hafif ya\u011fmurluydu hava, Sar\u0131yer Caddesi&#8217;nden a\u015fa\u011f\u0131ya inerken \u00f6n\u00fcm\u00fcze bir tane kamyonet \u00e7\u0131kt\u0131. Kamyonetin \u00f6n\u00fcnde de bir tane araba yanl\u0131\u015f sola giri\u015f yap\u0131yor, yanl\u0131\u015f girdi\u011fini anlay\u0131p geri geri geliyor ayn\u0131 yoldan.<\/p>\n\n\n\n<p>\u00d6n\u00fcm\u00fczdeki kamyonet durunca biz de ona \u00e7arp\u0131yoruz. 80 ile 90 ile \u00e7arp\u0131yoruz ama araban\u0131n hava yast\u0131\u011f\u0131 a\u00e7\u0131lm\u0131yor. Normalde bakt\u0131k internetten 20 kilometre ile bile a\u00e7\u0131lmas\u0131 gerekiyormu\u015f. Sens\u00f6rleri devreye girmiyor. Otomatik freni var, normalde bir yaya bile \u00f6n\u00fcnden ge\u00e7se otomatik olarak durur ama hi\u00e7 biri devreye girmiyor \u015faka gibi. Allah&#8217;tan emniyet kemerim ba\u011fl\u0131. Ama tabi arabadan inince anlad\u0131m emniyet kemeri bask\u0131 yaparm\u0131\u015f, kaburgam ezilmi\u015f, sol taraf. Daha hala \u00e7ekiyorum onun ac\u0131s\u0131n\u0131.<\/p>\n\n\n\n<p>Polis geldi, zab\u0131t tuttular. Tabi y\u00fczde y\u00fcz o yanl\u0131\u015f yola giren arkada\u015fta \u00e7\u0131kt\u0131 hata. Zaten arabas\u0131n\u0131 terk edip, b\u0131rak\u0131p ka\u00e7m\u0131\u015f. \u015eof\u00f6r\u00fcmde de bir \u015fey yok. Verilmi\u015f sadakam\u0131z varm\u0131\u015f. Arabay\u0131 al\u0131rken kan d\u00f6km\u00fc\u015ft\u00fck, o kan d\u00f6k\u00fclm\u00fc\u015f bizim kan\u0131m\u0131z d\u00f6k\u00fclmedi. D\u00fc\u015f\u00fcnebiliyor musunuz, \u00f6yle bir vurmu\u015fuz ki, \u00f6n plakam\u0131z cama yap\u0131\u015fm\u0131\u015f. O an\u0131 unutam\u0131yorum. Hani derler ya g\u00f6z\u00fcn\u00fcn \u00f6n\u00fcnden \u00e7ocuklu\u011fun ge\u00e7er diye. Hi\u00e7 \u00f6yle bir \u015fey ge\u00e7medi bende; ama dedim bu nereye gidecek, bu vuru\u015fun sonu ne olacak. Ne kadar az hasarla kurulaca\u011f\u0131z bundan&#8221; ifadelerini kulland\u0131.<\/p>\n\n\n\n<p><\/p>\n","protected":false},"excerpt":{"rendered":"<p>Mehmet Ali Erbil, Sar\u0131yer&#8217;de evine giderken trafik kazas\u0131 ge\u00e7irdi. Arac\u0131 hurdaya d\u00f6nen Erbil&#8217;in kaburgalar\u0131nda ezilmeler oldu\u011fu \u00f6\u011frenildi. Kazay\u0131 anlatan Erbil, &#8220;Allah&#8217;tan emniyet kemerim ba\u011fl\u0131. Ama tabi arabadan inince anlad\u0131m emniyet kemeri bask\u0131 yaparm\u0131\u015f, kaburgam ezilmi\u015f. Verilmi\u015f sadakam\u0131z varm\u0131\u015f, kazay\u0131 ucuz atlatt\u0131k&#8221; dedi. Mehmet Ali Erbil, ge\u00e7en Cumartesi g\u00fcn\u00fc Fenerbah\u00e7e- Trabzonspor ma\u00e7\u0131n\u0131 izledikten sonra evine d\u00f6nd\u00fc\u011f\u00fc [&hellip;]<\/p>\n","protected":false},"author":2,"featured_media":169,"comment_status":"open","ping_status":"open","sticky":false,"template":"","format":"standard","meta":{"footnotes":""},"categories":[8,20],"tags":[],"class_list":["post-166","post","type-post","status-publish","format-standard","has-post-thumbnail","hentry","category-gundem","category-magazin-turkiye"],"yoast_head":"<!-- This site is optimized with the Yoast SEO plugin v27.4 - https:\/\/yoast.com\/product\/yoast-seo-wordpress\/ -->\n<title>Mehmet Ali Erbil kaza yapt\u0131; Verilmi\u015f sadakam\u0131z varm\u0131\u015f - Avrupal\u0131 T\u00fcrklerin en Yeni Haber Portal\u0131<\/title>\n<meta name=\"robots\" content=\"index, follow, max-snippet:-1, max-image-preview:large, max-video-preview:-1\" \/>\n<link rel=\"canonical\" href=\"https:\/\/avrupatv.eu\/index.php\/2023\/11\/08\/mehmet-ali-erbil-kaza-yapti-verilmis-sadakamiz-varmis\/\" \/>\n<meta property=\"og:locale\" content=\"tr_TR\" \/>\n<meta property=\"og:type\" content=\"article\" \/>\n<meta property=\"og:title\" content=\"Mehmet Ali Erbil kaza yapt\u0131; Verilmi\u015f sadakam\u0131z varm\u0131\u015f - Avrupal\u0131 T\u00fcrklerin en Yeni Haber Portal\u0131\" \/>\n<meta property=\"og:description\" content=\"Mehmet Ali Erbil, Sar\u0131yer&#8217;de evine giderken trafik kazas\u0131 ge\u00e7irdi. Arac\u0131 hurdaya d\u00f6nen Erbil&#8217;in kaburgalar\u0131nda ezilmeler oldu\u011fu \u00f6\u011frenildi. Kazay\u0131 anlatan Erbil, &#8220;Allah&#8217;tan emniyet kemerim ba\u011fl\u0131. Ama tabi arabadan inince anlad\u0131m emniyet kemeri bask\u0131 yaparm\u0131\u015f, kaburgam ezilmi\u015f. Verilmi\u015f sadakam\u0131z varm\u0131\u015f, kazay\u0131 ucuz atlatt\u0131k&#8221; dedi. Mehmet Ali Erbil, ge\u00e7en Cumartesi g\u00fcn\u00fc Fenerbah\u00e7e- Trabzonspor ma\u00e7\u0131n\u0131 izledikten sonra evine d\u00f6nd\u00fc\u011f\u00fc [&hellip;]\" \/>\n<meta property=\"og:url\" content=\"https:\/\/avrupatv.eu\/index.php\/2023\/11\/08\/mehmet-ali-erbil-kaza-yapti-verilmis-sadakamiz-varmis\/\" \/>\n<meta property=\"og:site_name\" content=\"Avrupal\u0131 T\u00fcrklerin en Yeni Haber Portal\u0131\" \/>\n<meta property=\"article:published_time\" content=\"2023-11-08T20:01:56+00:00\" \/>\n<meta property=\"article:modified_time\" content=\"2023-11-08T20:01:57+00:00\" \/>\n<meta property=\"og:image\" content=\"https:\/\/avrupatv.eu\/wp-content\/uploads\/2023\/11\/654b7dd850acca75c06a04e4.webp\" \/>\n\t<meta property=\"og:image:width\" content=\"750\" \/>\n\t<meta property=\"og:image:height\" content=\"421\" \/>\n\t<meta property=\"og:image:type\" content=\"image\/webp\" \/>\n<meta name=\"author\" content=\"Onur Akpinar\" \/>\n<meta name=\"twitter:card\" content=\"summary_large_image\" \/>\n<meta name=\"twitter:label1\" content=\"Yazan:\" \/>\n\t<meta name=\"twitter:data1\" content=\"Onur Akpinar\" \/>\n\t<meta name=\"twitter:label2\" content=\"Tahmini okuma s\u00fcresi\" \/>\n\t<meta name=\"twitter:data2\" content=\"2 dakika\" \/>\n<script type=\"application\/ld+json\" class=\"yoast-schema-graph\">{\"@context\":\"https:\\\/\\\/schema.org\",\"@graph\":[{\"@type\":\"Article\",\"@id\":\"https:\\\/\\\/avrupatv.eu\\\/index.php\\\/2023\\\/11\\\/08\\\/mehmet-ali-erbil-kaza-yapti-verilmis-sadakamiz-varmis\\\/#article\",\"isPartOf\":{\"@id\":\"https:\\\/\\\/avrupatv.eu\\\/index.php\\\/2023\\\/11\\\/08\\\/mehmet-ali-erbil-kaza-yapti-verilmis-sadakamiz-varmis\\\/\"},\"author\":{\"name\":\"Onur Akpinar\",\"@id\":\"https:\\\/\\\/avrupatv.eu\\\/#\\\/schema\\\/person\\\/d56afa5d5569da4029d483da36c0c17d\"},\"headline\":\"Mehmet Ali Erbil kaza yapt\u0131; Verilmi\u015f sadakam\u0131z varm\u0131\u015f\",\"datePublished\":\"2023-11-08T20:01:56+00:00\",\"dateModified\":\"2023-11-08T20:01:57+00:00\",\"mainEntityOfPage\":{\"@id\":\"https:\\\/\\\/avrupatv.eu\\\/index.php\\\/2023\\\/11\\\/08\\\/mehmet-ali-erbil-kaza-yapti-verilmis-sadakamiz-varmis\\\/\"},\"wordCount\":467,\"commentCount\":0,\"publisher\":{\"@id\":\"https:\\\/\\\/avrupatv.eu\\\/#organization\"},\"image\":{\"@id\":\"https:\\\/\\\/avrupatv.eu\\\/index.php\\\/2023\\\/11\\\/08\\\/mehmet-ali-erbil-kaza-yapti-verilmis-sadakamiz-varmis\\\/#primaryimage\"},\"thumbnailUrl\":\"https:\\\/\\\/avrupatv.eu\\\/wp-content\\\/uploads\\\/2023\\\/11\\\/654b7dd850acca75c06a04e4.webp\",\"articleSection\":[\"G\u00fcndem\",\"Magazin T\u00fcrkiye\"],\"inLanguage\":\"tr\",\"potentialAction\":[{\"@type\":\"CommentAction\",\"name\":\"Comment\",\"target\":[\"https:\\\/\\\/avrupatv.eu\\\/index.php\\\/2023\\\/11\\\/08\\\/mehmet-ali-erbil-kaza-yapti-verilmis-sadakamiz-varmis\\\/#respond\"]}]},{\"@type\":\"WebPage\",\"@id\":\"https:\\\/\\\/avrupatv.eu\\\/index.php\\\/2023\\\/11\\\/08\\\/mehmet-ali-erbil-kaza-yapti-verilmis-sadakamiz-varmis\\\/\",\"url\":\"https:\\\/\\\/avrupatv.eu\\\/index.php\\\/2023\\\/11\\\/08\\\/mehmet-ali-erbil-kaza-yapti-verilmis-sadakamiz-varmis\\\/\",\"name\":\"Mehmet Ali Erbil kaza yapt\u0131; Verilmi\u015f sadakam\u0131z varm\u0131\u015f - Avrupal\u0131 T\u00fcrklerin en Yeni Haber Portal\u0131\",\"isPartOf\":{\"@id\":\"https:\\\/\\\/avrupatv.eu\\\/#website\"},\"primaryImageOfPage\":{\"@id\":\"https:\\\/\\\/avrupatv.eu\\\/index.php\\\/2023\\\/11\\\/08\\\/mehmet-ali-erbil-kaza-yapti-verilmis-sadakamiz-varmis\\\/#primaryimage\"},\"image\":{\"@id\":\"https:\\\/\\\/avrupatv.eu\\\/index.php\\\/2023\\\/11\\\/08\\\/mehmet-ali-erbil-kaza-yapti-verilmis-sadakamiz-varmis\\\/#primaryimage\"},\"thumbnailUrl\":\"https:\\\/\\\/avrupatv.eu\\\/wp-content\\\/uploads\\\/2023\\\/11\\\/654b7dd850acca75c06a04e4.webp\",\"datePublished\":\"2023-11-08T20:01:56+00:00\",\"dateModified\":\"2023-11-08T20:01:57+00:00\",\"breadcrumb\":{\"@id\":\"https:\\\/\\\/avrupatv.eu\\\/index.php\\\/2023\\\/11\\\/08\\\/mehmet-ali-erbil-kaza-yapti-verilmis-sadakamiz-varmis\\\/#breadcrumb\"},\"inLanguage\":\"tr\",\"potentialAction\":[{\"@type\":\"ReadAction\",\"target\":[\"https:\\\/\\\/avrupatv.eu\\\/index.php\\\/2023\\\/11\\\/08\\\/mehmet-ali-erbil-kaza-yapti-verilmis-sadakamiz-varmis\\\/\"]}]},{\"@type\":\"ImageObject\",\"inLanguage\":\"tr\",\"@id\":\"https:\\\/\\\/avrupatv.eu\\\/index.php\\\/2023\\\/11\\\/08\\\/mehmet-ali-erbil-kaza-yapti-verilmis-sadakamiz-varmis\\\/#primaryimage\",\"url\":\"https:\\\/\\\/avrupatv.eu\\\/wp-content\\\/uploads\\\/2023\\\/11\\\/654b7dd850acca75c06a04e4.webp\",\"contentUrl\":\"https:\\\/\\\/avrupatv.eu\\\/wp-content\\\/uploads\\\/2023\\\/11\\\/654b7dd850acca75c06a04e4.webp\",\"width\":750,\"height\":421},{\"@type\":\"BreadcrumbList\",\"@id\":\"https:\\\/\\\/avrupatv.eu\\\/index.php\\\/2023\\\/11\\\/08\\\/mehmet-ali-erbil-kaza-yapti-verilmis-sadakamiz-varmis\\\/#breadcrumb\",\"itemListElement\":[{\"@type\":\"ListItem\",\"position\":1,\"name\":\"Anasayfa\",\"item\":\"https:\\\/\\\/avrupatv.eu\\\/\"},{\"@type\":\"ListItem\",\"position\":2,\"name\":\"Mehmet Ali Erbil kaza yapt\u0131; Verilmi\u015f sadakam\u0131z varm\u0131\u015f\"}]},{\"@type\":\"WebSite\",\"@id\":\"https:\\\/\\\/avrupatv.eu\\\/#website\",\"url\":\"https:\\\/\\\/avrupatv.eu\\\/\",\"name\":\"Avrupal\u0131 T\u00fcrklerin en Yeni Haber Portal\u0131\",\"description\":\"\",\"publisher\":{\"@id\":\"https:\\\/\\\/avrupatv.eu\\\/#organization\"},\"alternateName\":\"Avrupa tv\",\"potentialAction\":[{\"@type\":\"SearchAction\",\"target\":{\"@type\":\"EntryPoint\",\"urlTemplate\":\"https:\\\/\\\/avrupatv.eu\\\/?s={search_term_string}\"},\"query-input\":{\"@type\":\"PropertyValueSpecification\",\"valueRequired\":true,\"valueName\":\"search_term_string\"}}],\"inLanguage\":\"tr\"},{\"@type\":\"Organization\",\"@id\":\"https:\\\/\\\/avrupatv.eu\\\/#organization\",\"name\":\"Avrupa Haber\",\"url\":\"https:\\\/\\\/avrupatv.eu\\\/\",\"logo\":{\"@type\":\"ImageObject\",\"inLanguage\":\"tr\",\"@id\":\"https:\\\/\\\/avrupatv.eu\\\/#\\\/schema\\\/logo\\\/image\\\/\",\"url\":\"https:\\\/\\\/avrupatv.eu\\\/wp-content\\\/uploads\\\/2023\\\/10\\\/cropped-thumbnail_logo.png\",\"contentUrl\":\"https:\\\/\\\/avrupatv.eu\\\/wp-content\\\/uploads\\\/2023\\\/10\\\/cropped-thumbnail_logo.png\",\"width\":1025,\"height\":302,\"caption\":\"Avrupa Haber\"},\"image\":{\"@id\":\"https:\\\/\\\/avrupatv.eu\\\/#\\\/schema\\\/logo\\\/image\\\/\"}},{\"@type\":\"Person\",\"@id\":\"https:\\\/\\\/avrupatv.eu\\\/#\\\/schema\\\/person\\\/d56afa5d5569da4029d483da36c0c17d\",\"name\":\"Onur Akpinar\",\"image\":{\"@type\":\"ImageObject\",\"inLanguage\":\"tr\",\"@id\":\"https:\\\/\\\/secure.gravatar.com\\\/avatar\\\/67a1a0bdf34f82da209334e4684b7e7171a58a5a2b0a8f836b61044f5c1f5d6a?s=96&d=mm&r=g\",\"url\":\"https:\\\/\\\/secure.gravatar.com\\\/avatar\\\/67a1a0bdf34f82da209334e4684b7e7171a58a5a2b0a8f836b61044f5c1f5d6a?s=96&d=mm&r=g\",\"contentUrl\":\"https:\\\/\\\/secure.gravatar.com\\\/avatar\\\/67a1a0bdf34f82da209334e4684b7e7171a58a5a2b0a8f836b61044f5c1f5d6a?s=96&d=mm&r=g\",\"caption\":\"Onur Akpinar\"},\"url\":\"https:\\\/\\\/avrupatv.eu\\\/index.php\\\/author\\\/onur-akpinar\\\/\"}]}<\/script>\n<!-- \/ Yoast SEO plugin. -->","yoast_head_json":{"title":"Mehmet Ali Erbil kaza yapt\u0131; Verilmi\u015f sadakam\u0131z varm\u0131\u015f - Avrupal\u0131 T\u00fcrklerin en Yeni Haber Portal\u0131","robots":{"index":"index","follow":"follow","max-snippet":"max-snippet:-1","max-image-preview":"max-image-preview:large","max-video-preview":"max-video-preview:-1"},"canonical":"https:\/\/avrupatv.eu\/index.php\/2023\/11\/08\/mehmet-ali-erbil-kaza-yapti-verilmis-sadakamiz-varmis\/","og_locale":"tr_TR","og_type":"article","og_title":"Mehmet Ali Erbil kaza yapt\u0131; Verilmi\u015f sadakam\u0131z varm\u0131\u015f - Avrupal\u0131 T\u00fcrklerin en Yeni Haber Portal\u0131","og_description":"Mehmet Ali Erbil, Sar\u0131yer&#8217;de evine giderken trafik kazas\u0131 ge\u00e7irdi. Arac\u0131 hurdaya d\u00f6nen Erbil&#8217;in kaburgalar\u0131nda ezilmeler oldu\u011fu \u00f6\u011frenildi. Kazay\u0131 anlatan Erbil, &#8220;Allah&#8217;tan emniyet kemerim ba\u011fl\u0131. Ama tabi arabadan inince anlad\u0131m emniyet kemeri bask\u0131 yaparm\u0131\u015f, kaburgam ezilmi\u015f. Verilmi\u015f sadakam\u0131z varm\u0131\u015f, kazay\u0131 ucuz atlatt\u0131k&#8221; dedi. Mehmet Ali Erbil, ge\u00e7en Cumartesi g\u00fcn\u00fc Fenerbah\u00e7e- Trabzonspor ma\u00e7\u0131n\u0131 izledikten sonra evine d\u00f6nd\u00fc\u011f\u00fc [&hellip;]","og_url":"https:\/\/avrupatv.eu\/index.php\/2023\/11\/08\/mehmet-ali-erbil-kaza-yapti-verilmis-sadakamiz-varmis\/","og_site_name":"Avrupal\u0131 T\u00fcrklerin en Yeni Haber Portal\u0131","article_published_time":"2023-11-08T20:01:56+00:00","article_modified_time":"2023-11-08T20:01:57+00:00","og_image":[{"width":750,"height":421,"url":"https:\/\/avrupatv.eu\/wp-content\/uploads\/2023\/11\/654b7dd850acca75c06a04e4.webp","type":"image\/webp"}],"author":"Onur Akpinar","twitter_card":"summary_large_image","twitter_misc":{"Yazan:":"Onur Akpinar","Tahmini okuma s\u00fcresi":"2 dakika"},"schema":{"@context":"https:\/\/schema.org","@graph":[{"@type":"Article","@id":"https:\/\/avrupatv.eu\/index.php\/2023\/11\/08\/mehmet-ali-erbil-kaza-yapti-verilmis-sadakamiz-varmis\/#article","isPartOf":{"@id":"https:\/\/avrupatv.eu\/index.php\/2023\/11\/08\/mehmet-ali-erbil-kaza-yapti-verilmis-sadakamiz-varmis\/"},"author":{"name":"Onur Akpinar","@id":"https:\/\/avrupatv.eu\/#\/schema\/person\/d56afa5d5569da4029d483da36c0c17d"},"headline":"Mehmet Ali Erbil kaza yapt\u0131; Verilmi\u015f sadakam\u0131z varm\u0131\u015f","datePublished":"2023-11-08T20:01:56+00:00","dateModified":"2023-11-08T20:01:57+00:00","mainEntityOfPage":{"@id":"https:\/\/avrupatv.eu\/index.php\/2023\/11\/08\/mehmet-ali-erbil-kaza-yapti-verilmis-sadakamiz-varmis\/"},"wordCount":467,"commentCount":0,"publisher":{"@id":"https:\/\/avrupatv.eu\/#organization"},"image":{"@id":"https:\/\/avrupatv.eu\/index.php\/2023\/11\/08\/mehmet-ali-erbil-kaza-yapti-verilmis-sadakamiz-varmis\/#primaryimage"},"thumbnailUrl":"https:\/\/avrupatv.eu\/wp-content\/uploads\/2023\/11\/654b7dd850acca75c06a04e4.webp","articleSection":["G\u00fcndem","Magazin T\u00fcrkiye"],"inLanguage":"tr","potentialAction":[{"@type":"CommentAction","name":"Comment","target":["https:\/\/avrupatv.eu\/index.php\/2023\/11\/08\/mehmet-ali-erbil-kaza-yapti-verilmis-sadakamiz-varmis\/#respond"]}]},{"@type":"WebPage","@id":"https:\/\/avrupatv.eu\/index.php\/2023\/11\/08\/mehmet-ali-erbil-kaza-yapti-verilmis-sadakamiz-varmis\/","url":"https:\/\/avrupatv.eu\/index.php\/2023\/11\/08\/mehmet-ali-erbil-kaza-yapti-verilmis-sadakamiz-varmis\/","name":"Mehmet Ali Erbil kaza yapt\u0131; Verilmi\u015f sadakam\u0131z varm\u0131\u015f - Avrupal\u0131 T\u00fcrklerin en Yeni Haber Portal\u0131","isPartOf":{"@id":"https:\/\/avrupatv.eu\/#website"},"primaryImageOfPage":{"@id":"https:\/\/avrupatv.eu\/index.php\/2023\/11\/08\/mehmet-ali-erbil-kaza-yapti-verilmis-sadakamiz-varmis\/#primaryimage"},"image":{"@id":"https:\/\/avrupatv.eu\/index.php\/2023\/11\/08\/mehmet-ali-erbil-kaza-yapti-verilmis-sadakamiz-varmis\/#primaryimage"},"thumbnailUrl":"https:\/\/avrupatv.eu\/wp-content\/uploads\/2023\/11\/654b7dd850acca75c06a04e4.webp","datePublished":"2023-11-08T20:01:56+00:00","dateModified":"2023-11-08T20:01:57+00:00","breadcrumb":{"@id":"https:\/\/avrupatv.eu\/index.php\/2023\/11\/08\/mehmet-ali-erbil-kaza-yapti-verilmis-sadakamiz-varmis\/#breadcrumb"},"inLanguage":"tr","potentialAction":[{"@type":"ReadAction","target":["https:\/\/avrupatv.eu\/index.php\/2023\/11\/08\/mehmet-ali-erbil-kaza-yapti-verilmis-sadakamiz-varmis\/"]}]},{"@type":"ImageObject","inLanguage":"tr","@id":"https:\/\/avrupatv.eu\/index.php\/2023\/11\/08\/mehmet-ali-erbil-kaza-yapti-verilmis-sadakamiz-varmis\/#primaryimage","url":"https:\/\/avrupatv.eu\/wp-content\/uploads\/2023\/11\/654b7dd850acca75c06a04e4.webp","contentUrl":"https:\/\/avrupatv.eu\/wp-content\/uploads\/2023\/11\/654b7dd850acca75c06a04e4.webp","width":750,"height":421},{"@type":"BreadcrumbList","@id":"https:\/\/avrupatv.eu\/index.php\/2023\/11\/08\/mehmet-ali-erbil-kaza-yapti-verilmis-sadakamiz-varmis\/#breadcrumb","itemListElement":[{"@type":"ListItem","position":1,"name":"Anasayfa","item":"https:\/\/avrupatv.eu\/"},{"@type":"ListItem","position":2,"name":"Mehmet Ali Erbil kaza yapt\u0131; Verilmi\u015f sadakam\u0131z varm\u0131\u015f"}]},{"@type":"WebSite","@id":"https:\/\/avrupatv.eu\/#website","url":"https:\/\/avrupatv.eu\/","name":"Avrupal\u0131 T\u00fcrklerin en Yeni Haber Portal\u0131","description":"","publisher":{"@id":"https:\/\/avrupatv.eu\/#organization"},"alternateName":"Avrupa tv","potentialAction":[{"@type":"SearchAction","target":{"@type":"EntryPoint","urlTemplate":"https:\/\/avrupatv.eu\/?s={search_term_string}"},"query-input":{"@type":"PropertyValueSpecification","valueRequired":true,"valueName":"search_term_string"}}],"inLanguage":"tr"},{"@type":"Organization","@id":"https:\/\/avrupatv.eu\/#organization","name":"Avrupa Haber","url":"https:\/\/avrupatv.eu\/","logo":{"@type":"ImageObject","inLanguage":"tr","@id":"https:\/\/avrupatv.eu\/#\/schema\/logo\/image\/","url":"https:\/\/avrupatv.eu\/wp-content\/uploads\/2023\/10\/cropped-thumbnail_logo.png","contentUrl":"https:\/\/avrupatv.eu\/wp-content\/uploads\/2023\/10\/cropped-thumbnail_logo.png","width":1025,"height":302,"caption":"Avrupa Haber"},"image":{"@id":"https:\/\/avrupatv.eu\/#\/schema\/logo\/image\/"}},{"@type":"Person","@id":"https:\/\/avrupatv.eu\/#\/schema\/person\/d56afa5d5569da4029d483da36c0c17d","name":"Onur Akpinar","image":{"@type":"ImageObject","inLanguage":"tr","@id":"https:\/\/secure.gravatar.com\/avatar\/67a1a0bdf34f82da209334e4684b7e7171a58a5a2b0a8f836b61044f5c1f5d6a?s=96&d=mm&r=g","url":"https:\/\/secure.gravatar.com\/avatar\/67a1a0bdf34f82da209334e4684b7e7171a58a5a2b0a8f836b61044f5c1f5d6a?s=96&d=mm&r=g","contentUrl":"https:\/\/secure.gravatar.com\/avatar\/67a1a0bdf34f82da209334e4684b7e7171a58a5a2b0a8f836b61044f5c1f5d6a?s=96&d=mm&r=g","caption":"Onur Akpinar"},"url":"https:\/\/avrupatv.eu\/index.php\/author\/onur-akpinar\/"}]}},"_links":{"self":[{"href":"https:\/\/avrupatv.eu\/index.php\/wp-json\/wp\/v2\/posts\/166","targetHints":{"allow":["GET"]}}],"collection":[{"href":"https:\/\/avrupatv.eu\/index.php\/wp-json\/wp\/v2\/posts"}],"about":[{"href":"https:\/\/avrupatv.eu\/index.php\/wp-json\/wp\/v2\/types\/post"}],"author":[{"embeddable":true,"href":"https:\/\/avrupatv.eu\/index.php\/wp-json\/wp\/v2\/users\/2"}],"replies":[{"embeddable":true,"href":"https:\/\/avrupatv.eu\/index.php\/wp-json\/wp\/v2\/comments?post=166"}],"version-history":[{"count":1,"href":"https:\/\/avrupatv.eu\/index.php\/wp-json\/wp\/v2\/posts\/166\/revisions"}],"predecessor-version":[{"id":170,"href":"https:\/\/avrupatv.eu\/index.php\/wp-json\/wp\/v2\/posts\/166\/revisions\/170"}],"wp:featuredmedia":[{"embeddable":true,"href":"https:\/\/avrupatv.eu\/index.php\/wp-json\/wp\/v2\/media\/169"}],"wp:attachment":[{"href":"https:\/\/avrupatv.eu\/index.php\/wp-json\/wp\/v2\/media?parent=166"}],"wp:term":[{"taxonomy":"category","embeddable":true,"href":"https:\/\/avrupatv.eu\/index.php\/wp-json\/wp\/v2\/categories?post=166"},{"taxonomy":"post_tag","embeddable":true,"href":"https:\/\/avrupatv.eu\/index.php\/wp-json\/wp\/v2\/tags?post=166"}],"curies":[{"name":"wp","href":"https:\/\/api.w.org\/{rel}","templated":true}]}}