{"id":1606,"date":"2026-03-16T06:19:17","date_gmt":"2026-03-16T06:19:17","guid":{"rendered":"https:\/\/avrupatv.eu\/?p=1606"},"modified":"2026-03-16T06:19:17","modified_gmt":"2026-03-16T06:19:17","slug":"trabzon-dusseldorf-ucagi-frankfurta-acil-inis-yapti","status":"publish","type":"post","link":"https:\/\/avrupatv.eu\/index.php\/2026\/03\/16\/trabzon-dusseldorf-ucagi-frankfurta-acil-inis-yapti\/","title":{"rendered":"Trabzon\u2013D\u00fcsseldorf U\u00e7a\u011f\u0131 Frankfurt\u2019a Acil \u0130ni\u015f Yapt\u0131"},"content":{"rendered":"\n<p>Trabzon\u2019dan D\u00fcsseldorf\u2019a gitmek \u00fczere havalanan yolcu u\u00e7a\u011f\u0131, u\u00e7u\u015f s\u0131ras\u0131nda bir yolcunun rahats\u0131zlanmas\u0131 \u00fczerine Almanya\u2019n\u0131n Frankfurt kentine acil ini\u015f yapmak zorunda kald\u0131.<\/p>\n\n\n\n<p><br>Edinilen bilgilere g\u00f6re u\u00e7akta bulunan bir yolcu kalp krizi ge\u00e7irdi. Kabin ekibi ve u\u00e7akta bulunan sa\u011fl\u0131k bilgisine sahip ki\u015filer taraf\u0131ndan yolcuya yakla\u015f\u0131k 30 dakika boyunca kalp masaj\u0131 yap\u0131ld\u0131.<\/p>\n\n\n\n<p><br>Durumun ciddiyeti \u00fczerine pilot, en yak\u0131n b\u00fcy\u00fck havalimanlar\u0131ndan biri olan Frankfurt\u2019a acil ini\u015f karar\u0131 ald\u0131. U\u00e7ak piste indikten sonra sa\u011fl\u0131k ekipleri h\u0131zla u\u00e7a\u011fa gelerek m\u00fcdahaleyi devrald\u0131.<\/p>\n\n\n\n<p><br>Ya\u015fanan olay nedeniyle u\u00e7u\u015fta k\u0131sa s\u00fcreli gecikme ya\u015fan\u0131rken, yolcular\u0131n bir s\u00fcre u\u00e7akta bekledi\u011fi ve u\u00e7a\u011fa yak\u0131t ikmali yap\u0131ld\u0131\u011f\u0131 \u00f6\u011frenildi. Pilotun yolculara yapt\u0131\u011f\u0131 bilgilendirmede teknik ve ekipman kontrollerinin ard\u0131ndan u\u00e7u\u015fun devam edebilece\u011fi ifade edildi.<\/p>\n\n\n\n<p><br>Kalp krizi ge\u00e7iren yolcunun sa\u011fl\u0131k durumuna ili\u015fkin hen\u00fcz resmi bir a\u00e7\u0131klama yap\u0131lmad\u0131.<\/p>\n","protected":false},"excerpt":{"rendered":"<p>Trabzon\u2019dan D\u00fcsseldorf\u2019a gitmek \u00fczere havalanan yolcu u\u00e7a\u011f\u0131, u\u00e7u\u015f s\u0131ras\u0131nda bir yolcunun rahats\u0131zlanmas\u0131 \u00fczerine Almanya\u2019n\u0131n Frankfurt kentine acil ini\u015f yapmak zorunda kald\u0131. Edinilen bilgilere g\u00f6re u\u00e7akta bulunan bir yolcu kalp krizi ge\u00e7irdi. Kabin ekibi ve u\u00e7akta bulunan sa\u011fl\u0131k bilgisine sahip ki\u015filer taraf\u0131ndan yolcuya yakla\u015f\u0131k 30 dakika boyunca kalp masaj\u0131 yap\u0131ld\u0131. Durumun ciddiyeti \u00fczerine pilot, en yak\u0131n [&hellip;]<\/p>\n","protected":false},"author":2,"featured_media":1607,"comment_status":"open","ping_status":"open","sticky":false,"template":"","format":"standard","meta":{"footnotes":""},"categories":[9],"tags":[],"class_list":["post-1606","post","type-post","status-publish","format-standard","has-post-thumbnail","hentry","category-avrupa"],"yoast_head":"<!-- This site is optimized with the Yoast SEO plugin v27.5 - https:\/\/yoast.com\/product\/yoast-seo-wordpress\/ -->\n<title>Trabzon\u2013D\u00fcsseldorf U\u00e7a\u011f\u0131 Frankfurt\u2019a Acil \u0130ni\u015f Yapt\u0131 - Avrupal\u0131 T\u00fcrklerin en Yeni Haber Portal\u0131<\/title>\n<meta name=\"robots\" content=\"index, follow, max-snippet:-1, max-image-preview:large, max-video-preview:-1\" \/>\n<link rel=\"canonical\" href=\"https:\/\/avrupatv.eu\/index.php\/2026\/03\/16\/trabzon-dusseldorf-ucagi-frankfurta-acil-inis-yapti\/\" \/>\n<meta property=\"og:locale\" content=\"tr_TR\" \/>\n<meta property=\"og:type\" content=\"article\" \/>\n<meta property=\"og:title\" content=\"Trabzon\u2013D\u00fcsseldorf U\u00e7a\u011f\u0131 Frankfurt\u2019a Acil \u0130ni\u015f Yapt\u0131 - Avrupal\u0131 T\u00fcrklerin en Yeni Haber Portal\u0131\" \/>\n<meta property=\"og:description\" content=\"Trabzon\u2019dan D\u00fcsseldorf\u2019a gitmek \u00fczere havalanan yolcu u\u00e7a\u011f\u0131, u\u00e7u\u015f s\u0131ras\u0131nda bir yolcunun rahats\u0131zlanmas\u0131 \u00fczerine Almanya\u2019n\u0131n Frankfurt kentine acil ini\u015f yapmak zorunda kald\u0131. Edinilen bilgilere g\u00f6re u\u00e7akta bulunan bir yolcu kalp krizi ge\u00e7irdi. Kabin ekibi ve u\u00e7akta bulunan sa\u011fl\u0131k bilgisine sahip ki\u015filer taraf\u0131ndan yolcuya yakla\u015f\u0131k 30 dakika boyunca kalp masaj\u0131 yap\u0131ld\u0131. Durumun ciddiyeti \u00fczerine pilot, en yak\u0131n [&hellip;]\" \/>\n<meta property=\"og:url\" content=\"https:\/\/avrupatv.eu\/index.php\/2026\/03\/16\/trabzon-dusseldorf-ucagi-frankfurta-acil-inis-yapti\/\" \/>\n<meta property=\"og:site_name\" content=\"Avrupal\u0131 T\u00fcrklerin en Yeni Haber Portal\u0131\" \/>\n<meta property=\"article:published_time\" content=\"2026-03-16T06:19:17+00:00\" \/>\n<meta property=\"og:image\" content=\"https:\/\/avrupatv.eu\/wp-content\/uploads\/2026\/03\/frankfurt_havalimani.webp\" \/>\n\t<meta property=\"og:image:width\" content=\"900\" \/>\n\t<meta property=\"og:image:height\" content=\"514\" \/>\n\t<meta property=\"og:image:type\" content=\"image\/webp\" \/>\n<meta name=\"author\" content=\"Onur Akpinar\" \/>\n<meta name=\"twitter:card\" content=\"summary_large_image\" \/>\n<meta name=\"twitter:label1\" content=\"Yazan:\" \/>\n\t<meta name=\"twitter:data1\" content=\"Onur Akpinar\" \/>\n\t<meta name=\"twitter:label2\" content=\"Tahmini okuma s\u00fcresi\" \/>\n\t<meta name=\"twitter:data2\" content=\"1 dakika\" \/>\n<script type=\"application\/ld+json\" class=\"yoast-schema-graph\">{\"@context\":\"https:\\\/\\\/schema.org\",\"@graph\":[{\"@type\":\"Article\",\"@id\":\"https:\\\/\\\/avrupatv.eu\\\/index.php\\\/2026\\\/03\\\/16\\\/trabzon-dusseldorf-ucagi-frankfurta-acil-inis-yapti\\\/#article\",\"isPartOf\":{\"@id\":\"https:\\\/\\\/avrupatv.eu\\\/index.php\\\/2026\\\/03\\\/16\\\/trabzon-dusseldorf-ucagi-frankfurta-acil-inis-yapti\\\/\"},\"author\":{\"name\":\"Onur Akpinar\",\"@id\":\"https:\\\/\\\/avrupatv.eu\\\/#\\\/schema\\\/person\\\/d56afa5d5569da4029d483da36c0c17d\"},\"headline\":\"Trabzon\u2013D\u00fcsseldorf U\u00e7a\u011f\u0131 Frankfurt\u2019a Acil \u0130ni\u015f Yapt\u0131\",\"datePublished\":\"2026-03-16T06:19:17+00:00\",\"mainEntityOfPage\":{\"@id\":\"https:\\\/\\\/avrupatv.eu\\\/index.php\\\/2026\\\/03\\\/16\\\/trabzon-dusseldorf-ucagi-frankfurta-acil-inis-yapti\\\/\"},\"wordCount\":187,\"commentCount\":0,\"publisher\":{\"@id\":\"https:\\\/\\\/avrupatv.eu\\\/#organization\"},\"image\":{\"@id\":\"https:\\\/\\\/avrupatv.eu\\\/index.php\\\/2026\\\/03\\\/16\\\/trabzon-dusseldorf-ucagi-frankfurta-acil-inis-yapti\\\/#primaryimage\"},\"thumbnailUrl\":\"https:\\\/\\\/avrupatv.eu\\\/wp-content\\\/uploads\\\/2026\\\/03\\\/frankfurt_havalimani.webp\",\"articleSection\":[\"Avrupa\"],\"inLanguage\":\"tr\",\"potentialAction\":[{\"@type\":\"CommentAction\",\"name\":\"Comment\",\"target\":[\"https:\\\/\\\/avrupatv.eu\\\/index.php\\\/2026\\\/03\\\/16\\\/trabzon-dusseldorf-ucagi-frankfurta-acil-inis-yapti\\\/#respond\"]}]},{\"@type\":\"WebPage\",\"@id\":\"https:\\\/\\\/avrupatv.eu\\\/index.php\\\/2026\\\/03\\\/16\\\/trabzon-dusseldorf-ucagi-frankfurta-acil-inis-yapti\\\/\",\"url\":\"https:\\\/\\\/avrupatv.eu\\\/index.php\\\/2026\\\/03\\\/16\\\/trabzon-dusseldorf-ucagi-frankfurta-acil-inis-yapti\\\/\",\"name\":\"Trabzon\u2013D\u00fcsseldorf U\u00e7a\u011f\u0131 Frankfurt\u2019a Acil \u0130ni\u015f Yapt\u0131 - Avrupal\u0131 T\u00fcrklerin en Yeni Haber Portal\u0131\",\"isPartOf\":{\"@id\":\"https:\\\/\\\/avrupatv.eu\\\/#website\"},\"primaryImageOfPage\":{\"@id\":\"https:\\\/\\\/avrupatv.eu\\\/index.php\\\/2026\\\/03\\\/16\\\/trabzon-dusseldorf-ucagi-frankfurta-acil-inis-yapti\\\/#primaryimage\"},\"image\":{\"@id\":\"https:\\\/\\\/avrupatv.eu\\\/index.php\\\/2026\\\/03\\\/16\\\/trabzon-dusseldorf-ucagi-frankfurta-acil-inis-yapti\\\/#primaryimage\"},\"thumbnailUrl\":\"https:\\\/\\\/avrupatv.eu\\\/wp-content\\\/uploads\\\/2026\\\/03\\\/frankfurt_havalimani.webp\",\"datePublished\":\"2026-03-16T06:19:17+00:00\",\"breadcrumb\":{\"@id\":\"https:\\\/\\\/avrupatv.eu\\\/index.php\\\/2026\\\/03\\\/16\\\/trabzon-dusseldorf-ucagi-frankfurta-acil-inis-yapti\\\/#breadcrumb\"},\"inLanguage\":\"tr\",\"potentialAction\":[{\"@type\":\"ReadAction\",\"target\":[\"https:\\\/\\\/avrupatv.eu\\\/index.php\\\/2026\\\/03\\\/16\\\/trabzon-dusseldorf-ucagi-frankfurta-acil-inis-yapti\\\/\"]}]},{\"@type\":\"ImageObject\",\"inLanguage\":\"tr\",\"@id\":\"https:\\\/\\\/avrupatv.eu\\\/index.php\\\/2026\\\/03\\\/16\\\/trabzon-dusseldorf-ucagi-frankfurta-acil-inis-yapti\\\/#primaryimage\",\"url\":\"https:\\\/\\\/avrupatv.eu\\\/wp-content\\\/uploads\\\/2026\\\/03\\\/frankfurt_havalimani.webp\",\"contentUrl\":\"https:\\\/\\\/avrupatv.eu\\\/wp-content\\\/uploads\\\/2026\\\/03\\\/frankfurt_havalimani.webp\",\"width\":900,\"height\":514},{\"@type\":\"BreadcrumbList\",\"@id\":\"https:\\\/\\\/avrupatv.eu\\\/index.php\\\/2026\\\/03\\\/16\\\/trabzon-dusseldorf-ucagi-frankfurta-acil-inis-yapti\\\/#breadcrumb\",\"itemListElement\":[{\"@type\":\"ListItem\",\"position\":1,\"name\":\"Anasayfa\",\"item\":\"https:\\\/\\\/avrupatv.eu\\\/\"},{\"@type\":\"ListItem\",\"position\":2,\"name\":\"Trabzon\u2013D\u00fcsseldorf U\u00e7a\u011f\u0131 Frankfurt\u2019a Acil \u0130ni\u015f Yapt\u0131\"}]},{\"@type\":\"WebSite\",\"@id\":\"https:\\\/\\\/avrupatv.eu\\\/#website\",\"url\":\"https:\\\/\\\/avrupatv.eu\\\/\",\"name\":\"Avrupal\u0131 T\u00fcrklerin en Yeni Haber Portal\u0131\",\"description\":\"\",\"publisher\":{\"@id\":\"https:\\\/\\\/avrupatv.eu\\\/#organization\"},\"alternateName\":\"Avrupa tv\",\"potentialAction\":[{\"@type\":\"SearchAction\",\"target\":{\"@type\":\"EntryPoint\",\"urlTemplate\":\"https:\\\/\\\/avrupatv.eu\\\/?s={search_term_string}\"},\"query-input\":{\"@type\":\"PropertyValueSpecification\",\"valueRequired\":true,\"valueName\":\"search_term_string\"}}],\"inLanguage\":\"tr\"},{\"@type\":\"Organization\",\"@id\":\"https:\\\/\\\/avrupatv.eu\\\/#organization\",\"name\":\"Avrupa Haber\",\"url\":\"https:\\\/\\\/avrupatv.eu\\\/\",\"logo\":{\"@type\":\"ImageObject\",\"inLanguage\":\"tr\",\"@id\":\"https:\\\/\\\/avrupatv.eu\\\/#\\\/schema\\\/logo\\\/image\\\/\",\"url\":\"https:\\\/\\\/avrupatv.eu\\\/wp-content\\\/uploads\\\/2023\\\/10\\\/cropped-thumbnail_logo.png\",\"contentUrl\":\"https:\\\/\\\/avrupatv.eu\\\/wp-content\\\/uploads\\\/2023\\\/10\\\/cropped-thumbnail_logo.png\",\"width\":1025,\"height\":302,\"caption\":\"Avrupa Haber\"},\"image\":{\"@id\":\"https:\\\/\\\/avrupatv.eu\\\/#\\\/schema\\\/logo\\\/image\\\/\"}},{\"@type\":\"Person\",\"@id\":\"https:\\\/\\\/avrupatv.eu\\\/#\\\/schema\\\/person\\\/d56afa5d5569da4029d483da36c0c17d\",\"name\":\"Onur Akpinar\",\"image\":{\"@type\":\"ImageObject\",\"inLanguage\":\"tr\",\"@id\":\"https:\\\/\\\/secure.gravatar.com\\\/avatar\\\/67a1a0bdf34f82da209334e4684b7e7171a58a5a2b0a8f836b61044f5c1f5d6a?s=96&d=mm&r=g\",\"url\":\"https:\\\/\\\/secure.gravatar.com\\\/avatar\\\/67a1a0bdf34f82da209334e4684b7e7171a58a5a2b0a8f836b61044f5c1f5d6a?s=96&d=mm&r=g\",\"contentUrl\":\"https:\\\/\\\/secure.gravatar.com\\\/avatar\\\/67a1a0bdf34f82da209334e4684b7e7171a58a5a2b0a8f836b61044f5c1f5d6a?s=96&d=mm&r=g\",\"caption\":\"Onur Akpinar\"},\"url\":\"https:\\\/\\\/avrupatv.eu\\\/index.php\\\/author\\\/onur-akpinar\\\/\"}]}<\/script>\n<!-- \/ Yoast SEO plugin. -->","yoast_head_json":{"title":"Trabzon\u2013D\u00fcsseldorf U\u00e7a\u011f\u0131 Frankfurt\u2019a Acil \u0130ni\u015f Yapt\u0131 - Avrupal\u0131 T\u00fcrklerin en Yeni Haber Portal\u0131","robots":{"index":"index","follow":"follow","max-snippet":"max-snippet:-1","max-image-preview":"max-image-preview:large","max-video-preview":"max-video-preview:-1"},"canonical":"https:\/\/avrupatv.eu\/index.php\/2026\/03\/16\/trabzon-dusseldorf-ucagi-frankfurta-acil-inis-yapti\/","og_locale":"tr_TR","og_type":"article","og_title":"Trabzon\u2013D\u00fcsseldorf U\u00e7a\u011f\u0131 Frankfurt\u2019a Acil \u0130ni\u015f Yapt\u0131 - Avrupal\u0131 T\u00fcrklerin en Yeni Haber Portal\u0131","og_description":"Trabzon\u2019dan D\u00fcsseldorf\u2019a gitmek \u00fczere havalanan yolcu u\u00e7a\u011f\u0131, u\u00e7u\u015f s\u0131ras\u0131nda bir yolcunun rahats\u0131zlanmas\u0131 \u00fczerine Almanya\u2019n\u0131n Frankfurt kentine acil ini\u015f yapmak zorunda kald\u0131. Edinilen bilgilere g\u00f6re u\u00e7akta bulunan bir yolcu kalp krizi ge\u00e7irdi. Kabin ekibi ve u\u00e7akta bulunan sa\u011fl\u0131k bilgisine sahip ki\u015filer taraf\u0131ndan yolcuya yakla\u015f\u0131k 30 dakika boyunca kalp masaj\u0131 yap\u0131ld\u0131. Durumun ciddiyeti \u00fczerine pilot, en yak\u0131n [&hellip;]","og_url":"https:\/\/avrupatv.eu\/index.php\/2026\/03\/16\/trabzon-dusseldorf-ucagi-frankfurta-acil-inis-yapti\/","og_site_name":"Avrupal\u0131 T\u00fcrklerin en Yeni Haber Portal\u0131","article_published_time":"2026-03-16T06:19:17+00:00","og_image":[{"width":900,"height":514,"url":"https:\/\/avrupatv.eu\/wp-content\/uploads\/2026\/03\/frankfurt_havalimani.webp","type":"image\/webp"}],"author":"Onur Akpinar","twitter_card":"summary_large_image","twitter_misc":{"Yazan:":"Onur Akpinar","Tahmini okuma s\u00fcresi":"1 dakika"},"schema":{"@context":"https:\/\/schema.org","@graph":[{"@type":"Article","@id":"https:\/\/avrupatv.eu\/index.php\/2026\/03\/16\/trabzon-dusseldorf-ucagi-frankfurta-acil-inis-yapti\/#article","isPartOf":{"@id":"https:\/\/avrupatv.eu\/index.php\/2026\/03\/16\/trabzon-dusseldorf-ucagi-frankfurta-acil-inis-yapti\/"},"author":{"name":"Onur Akpinar","@id":"https:\/\/avrupatv.eu\/#\/schema\/person\/d56afa5d5569da4029d483da36c0c17d"},"headline":"Trabzon\u2013D\u00fcsseldorf U\u00e7a\u011f\u0131 Frankfurt\u2019a Acil \u0130ni\u015f Yapt\u0131","datePublished":"2026-03-16T06:19:17+00:00","mainEntityOfPage":{"@id":"https:\/\/avrupatv.eu\/index.php\/2026\/03\/16\/trabzon-dusseldorf-ucagi-frankfurta-acil-inis-yapti\/"},"wordCount":187,"commentCount":0,"publisher":{"@id":"https:\/\/avrupatv.eu\/#organization"},"image":{"@id":"https:\/\/avrupatv.eu\/index.php\/2026\/03\/16\/trabzon-dusseldorf-ucagi-frankfurta-acil-inis-yapti\/#primaryimage"},"thumbnailUrl":"https:\/\/avrupatv.eu\/wp-content\/uploads\/2026\/03\/frankfurt_havalimani.webp","articleSection":["Avrupa"],"inLanguage":"tr","potentialAction":[{"@type":"CommentAction","name":"Comment","target":["https:\/\/avrupatv.eu\/index.php\/2026\/03\/16\/trabzon-dusseldorf-ucagi-frankfurta-acil-inis-yapti\/#respond"]}]},{"@type":"WebPage","@id":"https:\/\/avrupatv.eu\/index.php\/2026\/03\/16\/trabzon-dusseldorf-ucagi-frankfurta-acil-inis-yapti\/","url":"https:\/\/avrupatv.eu\/index.php\/2026\/03\/16\/trabzon-dusseldorf-ucagi-frankfurta-acil-inis-yapti\/","name":"Trabzon\u2013D\u00fcsseldorf U\u00e7a\u011f\u0131 Frankfurt\u2019a Acil \u0130ni\u015f Yapt\u0131 - Avrupal\u0131 T\u00fcrklerin en Yeni Haber Portal\u0131","isPartOf":{"@id":"https:\/\/avrupatv.eu\/#website"},"primaryImageOfPage":{"@id":"https:\/\/avrupatv.eu\/index.php\/2026\/03\/16\/trabzon-dusseldorf-ucagi-frankfurta-acil-inis-yapti\/#primaryimage"},"image":{"@id":"https:\/\/avrupatv.eu\/index.php\/2026\/03\/16\/trabzon-dusseldorf-ucagi-frankfurta-acil-inis-yapti\/#primaryimage"},"thumbnailUrl":"https:\/\/avrupatv.eu\/wp-content\/uploads\/2026\/03\/frankfurt_havalimani.webp","datePublished":"2026-03-16T06:19:17+00:00","breadcrumb":{"@id":"https:\/\/avrupatv.eu\/index.php\/2026\/03\/16\/trabzon-dusseldorf-ucagi-frankfurta-acil-inis-yapti\/#breadcrumb"},"inLanguage":"tr","potentialAction":[{"@type":"ReadAction","target":["https:\/\/avrupatv.eu\/index.php\/2026\/03\/16\/trabzon-dusseldorf-ucagi-frankfurta-acil-inis-yapti\/"]}]},{"@type":"ImageObject","inLanguage":"tr","@id":"https:\/\/avrupatv.eu\/index.php\/2026\/03\/16\/trabzon-dusseldorf-ucagi-frankfurta-acil-inis-yapti\/#primaryimage","url":"https:\/\/avrupatv.eu\/wp-content\/uploads\/2026\/03\/frankfurt_havalimani.webp","contentUrl":"https:\/\/avrupatv.eu\/wp-content\/uploads\/2026\/03\/frankfurt_havalimani.webp","width":900,"height":514},{"@type":"BreadcrumbList","@id":"https:\/\/avrupatv.eu\/index.php\/2026\/03\/16\/trabzon-dusseldorf-ucagi-frankfurta-acil-inis-yapti\/#breadcrumb","itemListElement":[{"@type":"ListItem","position":1,"name":"Anasayfa","item":"https:\/\/avrupatv.eu\/"},{"@type":"ListItem","position":2,"name":"Trabzon\u2013D\u00fcsseldorf U\u00e7a\u011f\u0131 Frankfurt\u2019a Acil \u0130ni\u015f Yapt\u0131"}]},{"@type":"WebSite","@id":"https:\/\/avrupatv.eu\/#website","url":"https:\/\/avrupatv.eu\/","name":"Avrupal\u0131 T\u00fcrklerin en Yeni Haber Portal\u0131","description":"","publisher":{"@id":"https:\/\/avrupatv.eu\/#organization"},"alternateName":"Avrupa tv","potentialAction":[{"@type":"SearchAction","target":{"@type":"EntryPoint","urlTemplate":"https:\/\/avrupatv.eu\/?s={search_term_string}"},"query-input":{"@type":"PropertyValueSpecification","valueRequired":true,"valueName":"search_term_string"}}],"inLanguage":"tr"},{"@type":"Organization","@id":"https:\/\/avrupatv.eu\/#organization","name":"Avrupa Haber","url":"https:\/\/avrupatv.eu\/","logo":{"@type":"ImageObject","inLanguage":"tr","@id":"https:\/\/avrupatv.eu\/#\/schema\/logo\/image\/","url":"https:\/\/avrupatv.eu\/wp-content\/uploads\/2023\/10\/cropped-thumbnail_logo.png","contentUrl":"https:\/\/avrupatv.eu\/wp-content\/uploads\/2023\/10\/cropped-thumbnail_logo.png","width":1025,"height":302,"caption":"Avrupa Haber"},"image":{"@id":"https:\/\/avrupatv.eu\/#\/schema\/logo\/image\/"}},{"@type":"Person","@id":"https:\/\/avrupatv.eu\/#\/schema\/person\/d56afa5d5569da4029d483da36c0c17d","name":"Onur Akpinar","image":{"@type":"ImageObject","inLanguage":"tr","@id":"https:\/\/secure.gravatar.com\/avatar\/67a1a0bdf34f82da209334e4684b7e7171a58a5a2b0a8f836b61044f5c1f5d6a?s=96&d=mm&r=g","url":"https:\/\/secure.gravatar.com\/avatar\/67a1a0bdf34f82da209334e4684b7e7171a58a5a2b0a8f836b61044f5c1f5d6a?s=96&d=mm&r=g","contentUrl":"https:\/\/secure.gravatar.com\/avatar\/67a1a0bdf34f82da209334e4684b7e7171a58a5a2b0a8f836b61044f5c1f5d6a?s=96&d=mm&r=g","caption":"Onur Akpinar"},"url":"https:\/\/avrupatv.eu\/index.php\/author\/onur-akpinar\/"}]}},"_links":{"self":[{"href":"https:\/\/avrupatv.eu\/index.php\/wp-json\/wp\/v2\/posts\/1606","targetHints":{"allow":["GET"]}}],"collection":[{"href":"https:\/\/avrupatv.eu\/index.php\/wp-json\/wp\/v2\/posts"}],"about":[{"href":"https:\/\/avrupatv.eu\/index.php\/wp-json\/wp\/v2\/types\/post"}],"author":[{"embeddable":true,"href":"https:\/\/avrupatv.eu\/index.php\/wp-json\/wp\/v2\/users\/2"}],"replies":[{"embeddable":true,"href":"https:\/\/avrupatv.eu\/index.php\/wp-json\/wp\/v2\/comments?post=1606"}],"version-history":[{"count":1,"href":"https:\/\/avrupatv.eu\/index.php\/wp-json\/wp\/v2\/posts\/1606\/revisions"}],"predecessor-version":[{"id":1608,"href":"https:\/\/avrupatv.eu\/index.php\/wp-json\/wp\/v2\/posts\/1606\/revisions\/1608"}],"wp:featuredmedia":[{"embeddable":true,"href":"https:\/\/avrupatv.eu\/index.php\/wp-json\/wp\/v2\/media\/1607"}],"wp:attachment":[{"href":"https:\/\/avrupatv.eu\/index.php\/wp-json\/wp\/v2\/media?parent=1606"}],"wp:term":[{"taxonomy":"category","embeddable":true,"href":"https:\/\/avrupatv.eu\/index.php\/wp-json\/wp\/v2\/categories?post=1606"},{"taxonomy":"post_tag","embeddable":true,"href":"https:\/\/avrupatv.eu\/index.php\/wp-json\/wp\/v2\/tags?post=1606"}],"curies":[{"name":"wp","href":"https:\/\/api.w.org\/{rel}","templated":true}]}}