{"id":160,"date":"2023-11-08T19:50:06","date_gmt":"2023-11-08T19:50:06","guid":{"rendered":"https:\/\/avrupatv.eu\/?p=160"},"modified":"2023-11-08T19:50:06","modified_gmt":"2023-11-08T19:50:06","slug":"bayern-munih-galatasaray-maci-ne-zaman-saat-kacta-hangi-kanalda-ve-sifresiz-mi-canli-yayinlanacak-galatasaray-avrupada-tarih-yazmak-icin-sahada","status":"publish","type":"post","link":"https:\/\/avrupatv.eu\/index.php\/2023\/11\/08\/bayern-munih-galatasaray-maci-ne-zaman-saat-kacta-hangi-kanalda-ve-sifresiz-mi-canli-yayinlanacak-galatasaray-avrupada-tarih-yazmak-icin-sahada\/","title":{"rendered":"Bayern M\u00fcnih-Galatasaray ma\u00e7\u0131 ne zaman, saat ka\u00e7ta, hangi kanalda ve \u015fifresiz mi canl\u0131 yay\u0131nlanacak? Galatasaray Avrupa&#8217;da tarih yazmak i\u00e7in sahada"},"content":{"rendered":"\n<p>Galatasaray, UEFA \u015eampiyonlar Ligi A Grubu d\u00f6rd\u00fcnc\u00fc ma\u00e7\u0131nda bu ak\u015fam deplasmanda Almanya&#8217;n\u0131n g\u00fc\u00e7l\u00fc ekibi Bayern M\u00fcnih ile kozlar\u0131n\u0131 payla\u015facak. \u015eampiyonlar Ligi&#8217;nde oynad\u0131\u011f\u0131 3 ma\u00e7\u0131n ard\u0131ndan 4 puanla 2. s\u0131rada yer alan temsilcimiz Galatasaray, Bayern M\u00fcnih deplasman\u0131nda kazanmak ve gruplarda \u00f6nemli bir avantaj elde etmek istiyor. Heyecan dolu m\u00fccadele \u00f6ncesinde kar\u015f\u0131la\u015fman\u0131n canl\u0131 yay\u0131n bilgileri ve Galatasaray&#8217; teknik direkt\u00f6r\u00fc Okan Buruk&#8217;un sahaya s\u00fcrmeyi planlad\u0131\u011f\u0131 muhtemel 11&#8217;i belli oldu. Peki, Bayern M\u00fcnih-Galatasaray ma\u00e7\u0131 ne zaman, saat ka\u00e7ta ve hangi kanalda canl\u0131 olarak yay\u0131nlanacak?<\/p>\n\n\n\n<p>UEFA \u015eampiyonlar Ligi A Grubu 4. hafta ma\u00e7\u0131nda Galatasaray, deplasmanda Almanya&#8217;n\u0131n k\u00f6kl\u00fc ekibi Bayern M\u00fcnih&#8217;e konuk olacak. Bayern M\u00fcnih ile kendi sahas\u0131nda oynad\u0131\u011f\u0131 ma\u00e7\u0131 3-1 kaybeden Galatasaray, r\u00f6van\u015f m\u00fccadelesinde kazanmak ve gruplardaki yerini korumak istiyor. Peki, Bayern M\u00fcnih-Galatasaray ma\u00e7\u0131 ne zaman, saat ka\u00e7ta ve hangi kanalda?<\/p>\n\n\n\n<h2 class=\"wp-block-heading\">BAYERN M\u00dcN\u0130H-GALATASARAY MA\u00c7I NE ZAMAN, SAAT KA\u00c7TA VE HANG\u0130 KANALDA?<\/h2>\n\n\n\n<p>Galatasaray, UEFA \u015eampiyonlar Ligi A Grubu 4. hafta ma\u00e7\u0131nda bu ak\u015fam deplasmanda Almanya temsilcisi Bayern M\u00fcnih ile kar\u015f\u0131la\u015facak.<br><br>M\u00fcnih kentindeki Allianz Arena&#8217;da yap\u0131lacak ma\u00e7 saat 23.00&#8217;te ba\u015flayacak. M\u00fccadele EXXEN&#8217;den canl\u0131 olarak yay\u0131nlanacak.<\/p>\n\n\n\n<p><\/p>\n","protected":false},"excerpt":{"rendered":"<p>Galatasaray, UEFA \u015eampiyonlar Ligi A Grubu d\u00f6rd\u00fcnc\u00fc ma\u00e7\u0131nda bu ak\u015fam deplasmanda Almanya&#8217;n\u0131n g\u00fc\u00e7l\u00fc ekibi Bayern M\u00fcnih ile kozlar\u0131n\u0131 payla\u015facak. \u015eampiyonlar Ligi&#8217;nde oynad\u0131\u011f\u0131 3 ma\u00e7\u0131n ard\u0131ndan 4 puanla 2. s\u0131rada yer alan temsilcimiz Galatasaray, Bayern M\u00fcnih deplasman\u0131nda kazanmak ve gruplarda \u00f6nemli bir avantaj elde etmek istiyor. Heyecan dolu m\u00fccadele \u00f6ncesinde kar\u015f\u0131la\u015fman\u0131n canl\u0131 yay\u0131n bilgileri ve Galatasaray&#8217; [&hellip;]<\/p>\n","protected":false},"author":2,"featured_media":161,"comment_status":"open","ping_status":"open","sticky":false,"template":"","format":"standard","meta":{"footnotes":""},"categories":[9,10,11],"tags":[],"class_list":["post-160","post","type-post","status-publish","format-standard","has-post-thumbnail","hentry","category-avrupa","category-futbol","category-turkiye"],"yoast_head":"<!-- This site is optimized with the Yoast SEO plugin v27.4 - https:\/\/yoast.com\/product\/yoast-seo-wordpress\/ -->\n<title>Bayern M\u00fcnih-Galatasaray ma\u00e7\u0131 ne zaman, saat ka\u00e7ta, hangi kanalda ve \u015fifresiz mi canl\u0131 yay\u0131nlanacak? Galatasaray Avrupa&#039;da tarih yazmak i\u00e7in sahada - Avrupal\u0131 T\u00fcrklerin en Yeni Haber Portal\u0131<\/title>\n<meta name=\"robots\" content=\"index, follow, max-snippet:-1, max-image-preview:large, max-video-preview:-1\" \/>\n<link rel=\"canonical\" href=\"https:\/\/avrupatv.eu\/index.php\/2023\/11\/08\/bayern-munih-galatasaray-maci-ne-zaman-saat-kacta-hangi-kanalda-ve-sifresiz-mi-canli-yayinlanacak-galatasaray-avrupada-tarih-yazmak-icin-sahada\/\" \/>\n<meta property=\"og:locale\" content=\"tr_TR\" \/>\n<meta property=\"og:type\" content=\"article\" \/>\n<meta property=\"og:title\" content=\"Bayern M\u00fcnih-Galatasaray ma\u00e7\u0131 ne zaman, saat ka\u00e7ta, hangi kanalda ve \u015fifresiz mi canl\u0131 yay\u0131nlanacak? Galatasaray Avrupa&#039;da tarih yazmak i\u00e7in sahada - Avrupal\u0131 T\u00fcrklerin en Yeni Haber Portal\u0131\" \/>\n<meta property=\"og:description\" content=\"Galatasaray, UEFA \u015eampiyonlar Ligi A Grubu d\u00f6rd\u00fcnc\u00fc ma\u00e7\u0131nda bu ak\u015fam deplasmanda Almanya&#8217;n\u0131n g\u00fc\u00e7l\u00fc ekibi Bayern M\u00fcnih ile kozlar\u0131n\u0131 payla\u015facak. \u015eampiyonlar Ligi&#8217;nde oynad\u0131\u011f\u0131 3 ma\u00e7\u0131n ard\u0131ndan 4 puanla 2. s\u0131rada yer alan temsilcimiz Galatasaray, Bayern M\u00fcnih deplasman\u0131nda kazanmak ve gruplarda \u00f6nemli bir avantaj elde etmek istiyor. Heyecan dolu m\u00fccadele \u00f6ncesinde kar\u015f\u0131la\u015fman\u0131n canl\u0131 yay\u0131n bilgileri ve Galatasaray&#8217; [&hellip;]\" \/>\n<meta property=\"og:url\" content=\"https:\/\/avrupatv.eu\/index.php\/2023\/11\/08\/bayern-munih-galatasaray-maci-ne-zaman-saat-kacta-hangi-kanalda-ve-sifresiz-mi-canli-yayinlanacak-galatasaray-avrupada-tarih-yazmak-icin-sahada\/\" \/>\n<meta property=\"og:site_name\" content=\"Avrupal\u0131 T\u00fcrklerin en Yeni Haber Portal\u0131\" \/>\n<meta property=\"article:published_time\" content=\"2023-11-08T19:50:06+00:00\" \/>\n<meta property=\"og:image\" content=\"https:\/\/avrupatv.eu\/wp-content\/uploads\/2023\/11\/yuRbtTAN50CkiTBvDceeAg.webp\" \/>\n\t<meta property=\"og:image:width\" content=\"1000\" \/>\n\t<meta property=\"og:image:height\" content=\"562\" \/>\n\t<meta property=\"og:image:type\" content=\"image\/webp\" \/>\n<meta name=\"author\" content=\"Onur Akpinar\" \/>\n<meta name=\"twitter:card\" content=\"summary_large_image\" \/>\n<meta name=\"twitter:label1\" content=\"Yazan:\" \/>\n\t<meta name=\"twitter:data1\" content=\"Onur Akpinar\" \/>\n\t<meta name=\"twitter:label2\" content=\"Tahmini okuma s\u00fcresi\" \/>\n\t<meta name=\"twitter:data2\" content=\"1 dakika\" \/>\n<script type=\"application\/ld+json\" class=\"yoast-schema-graph\">{\"@context\":\"https:\\\/\\\/schema.org\",\"@graph\":[{\"@type\":\"Article\",\"@id\":\"https:\\\/\\\/avrupatv.eu\\\/index.php\\\/2023\\\/11\\\/08\\\/bayern-munih-galatasaray-maci-ne-zaman-saat-kacta-hangi-kanalda-ve-sifresiz-mi-canli-yayinlanacak-galatasaray-avrupada-tarih-yazmak-icin-sahada\\\/#article\",\"isPartOf\":{\"@id\":\"https:\\\/\\\/avrupatv.eu\\\/index.php\\\/2023\\\/11\\\/08\\\/bayern-munih-galatasaray-maci-ne-zaman-saat-kacta-hangi-kanalda-ve-sifresiz-mi-canli-yayinlanacak-galatasaray-avrupada-tarih-yazmak-icin-sahada\\\/\"},\"author\":{\"name\":\"Onur Akpinar\",\"@id\":\"https:\\\/\\\/avrupatv.eu\\\/#\\\/schema\\\/person\\\/d56afa5d5569da4029d483da36c0c17d\"},\"headline\":\"Bayern M\u00fcnih-Galatasaray ma\u00e7\u0131 ne zaman, saat ka\u00e7ta, hangi kanalda ve \u015fifresiz mi canl\u0131 yay\u0131nlanacak? Galatasaray Avrupa&#8217;da tarih yazmak i\u00e7in sahada\",\"datePublished\":\"2023-11-08T19:50:06+00:00\",\"mainEntityOfPage\":{\"@id\":\"https:\\\/\\\/avrupatv.eu\\\/index.php\\\/2023\\\/11\\\/08\\\/bayern-munih-galatasaray-maci-ne-zaman-saat-kacta-hangi-kanalda-ve-sifresiz-mi-canli-yayinlanacak-galatasaray-avrupada-tarih-yazmak-icin-sahada\\\/\"},\"wordCount\":243,\"commentCount\":0,\"publisher\":{\"@id\":\"https:\\\/\\\/avrupatv.eu\\\/#organization\"},\"image\":{\"@id\":\"https:\\\/\\\/avrupatv.eu\\\/index.php\\\/2023\\\/11\\\/08\\\/bayern-munih-galatasaray-maci-ne-zaman-saat-kacta-hangi-kanalda-ve-sifresiz-mi-canli-yayinlanacak-galatasaray-avrupada-tarih-yazmak-icin-sahada\\\/#primaryimage\"},\"thumbnailUrl\":\"https:\\\/\\\/avrupatv.eu\\\/wp-content\\\/uploads\\\/2023\\\/11\\\/yuRbtTAN50CkiTBvDceeAg.webp\",\"articleSection\":[\"Avrupa\",\"Futbol\",\"T\u00fcrkiye\"],\"inLanguage\":\"tr\",\"potentialAction\":[{\"@type\":\"CommentAction\",\"name\":\"Comment\",\"target\":[\"https:\\\/\\\/avrupatv.eu\\\/index.php\\\/2023\\\/11\\\/08\\\/bayern-munih-galatasaray-maci-ne-zaman-saat-kacta-hangi-kanalda-ve-sifresiz-mi-canli-yayinlanacak-galatasaray-avrupada-tarih-yazmak-icin-sahada\\\/#respond\"]}]},{\"@type\":\"WebPage\",\"@id\":\"https:\\\/\\\/avrupatv.eu\\\/index.php\\\/2023\\\/11\\\/08\\\/bayern-munih-galatasaray-maci-ne-zaman-saat-kacta-hangi-kanalda-ve-sifresiz-mi-canli-yayinlanacak-galatasaray-avrupada-tarih-yazmak-icin-sahada\\\/\",\"url\":\"https:\\\/\\\/avrupatv.eu\\\/index.php\\\/2023\\\/11\\\/08\\\/bayern-munih-galatasaray-maci-ne-zaman-saat-kacta-hangi-kanalda-ve-sifresiz-mi-canli-yayinlanacak-galatasaray-avrupada-tarih-yazmak-icin-sahada\\\/\",\"name\":\"Bayern M\u00fcnih-Galatasaray ma\u00e7\u0131 ne zaman, saat ka\u00e7ta, hangi kanalda ve \u015fifresiz mi canl\u0131 yay\u0131nlanacak? Galatasaray Avrupa'da tarih yazmak i\u00e7in sahada - Avrupal\u0131 T\u00fcrklerin en Yeni Haber Portal\u0131\",\"isPartOf\":{\"@id\":\"https:\\\/\\\/avrupatv.eu\\\/#website\"},\"primaryImageOfPage\":{\"@id\":\"https:\\\/\\\/avrupatv.eu\\\/index.php\\\/2023\\\/11\\\/08\\\/bayern-munih-galatasaray-maci-ne-zaman-saat-kacta-hangi-kanalda-ve-sifresiz-mi-canli-yayinlanacak-galatasaray-avrupada-tarih-yazmak-icin-sahada\\\/#primaryimage\"},\"image\":{\"@id\":\"https:\\\/\\\/avrupatv.eu\\\/index.php\\\/2023\\\/11\\\/08\\\/bayern-munih-galatasaray-maci-ne-zaman-saat-kacta-hangi-kanalda-ve-sifresiz-mi-canli-yayinlanacak-galatasaray-avrupada-tarih-yazmak-icin-sahada\\\/#primaryimage\"},\"thumbnailUrl\":\"https:\\\/\\\/avrupatv.eu\\\/wp-content\\\/uploads\\\/2023\\\/11\\\/yuRbtTAN50CkiTBvDceeAg.webp\",\"datePublished\":\"2023-11-08T19:50:06+00:00\",\"breadcrumb\":{\"@id\":\"https:\\\/\\\/avrupatv.eu\\\/index.php\\\/2023\\\/11\\\/08\\\/bayern-munih-galatasaray-maci-ne-zaman-saat-kacta-hangi-kanalda-ve-sifresiz-mi-canli-yayinlanacak-galatasaray-avrupada-tarih-yazmak-icin-sahada\\\/#breadcrumb\"},\"inLanguage\":\"tr\",\"potentialAction\":[{\"@type\":\"ReadAction\",\"target\":[\"https:\\\/\\\/avrupatv.eu\\\/index.php\\\/2023\\\/11\\\/08\\\/bayern-munih-galatasaray-maci-ne-zaman-saat-kacta-hangi-kanalda-ve-sifresiz-mi-canli-yayinlanacak-galatasaray-avrupada-tarih-yazmak-icin-sahada\\\/\"]}]},{\"@type\":\"ImageObject\",\"inLanguage\":\"tr\",\"@id\":\"https:\\\/\\\/avrupatv.eu\\\/index.php\\\/2023\\\/11\\\/08\\\/bayern-munih-galatasaray-maci-ne-zaman-saat-kacta-hangi-kanalda-ve-sifresiz-mi-canli-yayinlanacak-galatasaray-avrupada-tarih-yazmak-icin-sahada\\\/#primaryimage\",\"url\":\"https:\\\/\\\/avrupatv.eu\\\/wp-content\\\/uploads\\\/2023\\\/11\\\/yuRbtTAN50CkiTBvDceeAg.webp\",\"contentUrl\":\"https:\\\/\\\/avrupatv.eu\\\/wp-content\\\/uploads\\\/2023\\\/11\\\/yuRbtTAN50CkiTBvDceeAg.webp\",\"width\":1000,\"height\":562},{\"@type\":\"BreadcrumbList\",\"@id\":\"https:\\\/\\\/avrupatv.eu\\\/index.php\\\/2023\\\/11\\\/08\\\/bayern-munih-galatasaray-maci-ne-zaman-saat-kacta-hangi-kanalda-ve-sifresiz-mi-canli-yayinlanacak-galatasaray-avrupada-tarih-yazmak-icin-sahada\\\/#breadcrumb\",\"itemListElement\":[{\"@type\":\"ListItem\",\"position\":1,\"name\":\"Anasayfa\",\"item\":\"https:\\\/\\\/avrupatv.eu\\\/\"},{\"@type\":\"ListItem\",\"position\":2,\"name\":\"Bayern M\u00fcnih-Galatasaray ma\u00e7\u0131 ne zaman, saat ka\u00e7ta, hangi kanalda ve \u015fifresiz mi canl\u0131 yay\u0131nlanacak? Galatasaray Avrupa&#8217;da tarih yazmak i\u00e7in sahada\"}]},{\"@type\":\"WebSite\",\"@id\":\"https:\\\/\\\/avrupatv.eu\\\/#website\",\"url\":\"https:\\\/\\\/avrupatv.eu\\\/\",\"name\":\"Avrupal\u0131 T\u00fcrklerin en Yeni Haber Portal\u0131\",\"description\":\"\",\"publisher\":{\"@id\":\"https:\\\/\\\/avrupatv.eu\\\/#organization\"},\"alternateName\":\"Avrupa tv\",\"potentialAction\":[{\"@type\":\"SearchAction\",\"target\":{\"@type\":\"EntryPoint\",\"urlTemplate\":\"https:\\\/\\\/avrupatv.eu\\\/?s={search_term_string}\"},\"query-input\":{\"@type\":\"PropertyValueSpecification\",\"valueRequired\":true,\"valueName\":\"search_term_string\"}}],\"inLanguage\":\"tr\"},{\"@type\":\"Organization\",\"@id\":\"https:\\\/\\\/avrupatv.eu\\\/#organization\",\"name\":\"Avrupa Haber\",\"url\":\"https:\\\/\\\/avrupatv.eu\\\/\",\"logo\":{\"@type\":\"ImageObject\",\"inLanguage\":\"tr\",\"@id\":\"https:\\\/\\\/avrupatv.eu\\\/#\\\/schema\\\/logo\\\/image\\\/\",\"url\":\"https:\\\/\\\/avrupatv.eu\\\/wp-content\\\/uploads\\\/2023\\\/10\\\/cropped-thumbnail_logo.png\",\"contentUrl\":\"https:\\\/\\\/avrupatv.eu\\\/wp-content\\\/uploads\\\/2023\\\/10\\\/cropped-thumbnail_logo.png\",\"width\":1025,\"height\":302,\"caption\":\"Avrupa Haber\"},\"image\":{\"@id\":\"https:\\\/\\\/avrupatv.eu\\\/#\\\/schema\\\/logo\\\/image\\\/\"}},{\"@type\":\"Person\",\"@id\":\"https:\\\/\\\/avrupatv.eu\\\/#\\\/schema\\\/person\\\/d56afa5d5569da4029d483da36c0c17d\",\"name\":\"Onur Akpinar\",\"image\":{\"@type\":\"ImageObject\",\"inLanguage\":\"tr\",\"@id\":\"https:\\\/\\\/secure.gravatar.com\\\/avatar\\\/67a1a0bdf34f82da209334e4684b7e7171a58a5a2b0a8f836b61044f5c1f5d6a?s=96&d=mm&r=g\",\"url\":\"https:\\\/\\\/secure.gravatar.com\\\/avatar\\\/67a1a0bdf34f82da209334e4684b7e7171a58a5a2b0a8f836b61044f5c1f5d6a?s=96&d=mm&r=g\",\"contentUrl\":\"https:\\\/\\\/secure.gravatar.com\\\/avatar\\\/67a1a0bdf34f82da209334e4684b7e7171a58a5a2b0a8f836b61044f5c1f5d6a?s=96&d=mm&r=g\",\"caption\":\"Onur Akpinar\"},\"url\":\"https:\\\/\\\/avrupatv.eu\\\/index.php\\\/author\\\/onur-akpinar\\\/\"}]}<\/script>\n<!-- \/ Yoast SEO plugin. -->","yoast_head_json":{"title":"Bayern M\u00fcnih-Galatasaray ma\u00e7\u0131 ne zaman, saat ka\u00e7ta, hangi kanalda ve \u015fifresiz mi canl\u0131 yay\u0131nlanacak? Galatasaray Avrupa'da tarih yazmak i\u00e7in sahada - Avrupal\u0131 T\u00fcrklerin en Yeni Haber Portal\u0131","robots":{"index":"index","follow":"follow","max-snippet":"max-snippet:-1","max-image-preview":"max-image-preview:large","max-video-preview":"max-video-preview:-1"},"canonical":"https:\/\/avrupatv.eu\/index.php\/2023\/11\/08\/bayern-munih-galatasaray-maci-ne-zaman-saat-kacta-hangi-kanalda-ve-sifresiz-mi-canli-yayinlanacak-galatasaray-avrupada-tarih-yazmak-icin-sahada\/","og_locale":"tr_TR","og_type":"article","og_title":"Bayern M\u00fcnih-Galatasaray ma\u00e7\u0131 ne zaman, saat ka\u00e7ta, hangi kanalda ve \u015fifresiz mi canl\u0131 yay\u0131nlanacak? Galatasaray Avrupa'da tarih yazmak i\u00e7in sahada - Avrupal\u0131 T\u00fcrklerin en Yeni Haber Portal\u0131","og_description":"Galatasaray, UEFA \u015eampiyonlar Ligi A Grubu d\u00f6rd\u00fcnc\u00fc ma\u00e7\u0131nda bu ak\u015fam deplasmanda Almanya&#8217;n\u0131n g\u00fc\u00e7l\u00fc ekibi Bayern M\u00fcnih ile kozlar\u0131n\u0131 payla\u015facak. \u015eampiyonlar Ligi&#8217;nde oynad\u0131\u011f\u0131 3 ma\u00e7\u0131n ard\u0131ndan 4 puanla 2. s\u0131rada yer alan temsilcimiz Galatasaray, Bayern M\u00fcnih deplasman\u0131nda kazanmak ve gruplarda \u00f6nemli bir avantaj elde etmek istiyor. Heyecan dolu m\u00fccadele \u00f6ncesinde kar\u015f\u0131la\u015fman\u0131n canl\u0131 yay\u0131n bilgileri ve Galatasaray&#8217; [&hellip;]","og_url":"https:\/\/avrupatv.eu\/index.php\/2023\/11\/08\/bayern-munih-galatasaray-maci-ne-zaman-saat-kacta-hangi-kanalda-ve-sifresiz-mi-canli-yayinlanacak-galatasaray-avrupada-tarih-yazmak-icin-sahada\/","og_site_name":"Avrupal\u0131 T\u00fcrklerin en Yeni Haber Portal\u0131","article_published_time":"2023-11-08T19:50:06+00:00","og_image":[{"width":1000,"height":562,"url":"https:\/\/avrupatv.eu\/wp-content\/uploads\/2023\/11\/yuRbtTAN50CkiTBvDceeAg.webp","type":"image\/webp"}],"author":"Onur Akpinar","twitter_card":"summary_large_image","twitter_misc":{"Yazan:":"Onur Akpinar","Tahmini okuma s\u00fcresi":"1 dakika"},"schema":{"@context":"https:\/\/schema.org","@graph":[{"@type":"Article","@id":"https:\/\/avrupatv.eu\/index.php\/2023\/11\/08\/bayern-munih-galatasaray-maci-ne-zaman-saat-kacta-hangi-kanalda-ve-sifresiz-mi-canli-yayinlanacak-galatasaray-avrupada-tarih-yazmak-icin-sahada\/#article","isPartOf":{"@id":"https:\/\/avrupatv.eu\/index.php\/2023\/11\/08\/bayern-munih-galatasaray-maci-ne-zaman-saat-kacta-hangi-kanalda-ve-sifresiz-mi-canli-yayinlanacak-galatasaray-avrupada-tarih-yazmak-icin-sahada\/"},"author":{"name":"Onur Akpinar","@id":"https:\/\/avrupatv.eu\/#\/schema\/person\/d56afa5d5569da4029d483da36c0c17d"},"headline":"Bayern M\u00fcnih-Galatasaray ma\u00e7\u0131 ne zaman, saat ka\u00e7ta, hangi kanalda ve \u015fifresiz mi canl\u0131 yay\u0131nlanacak? Galatasaray Avrupa&#8217;da tarih yazmak i\u00e7in sahada","datePublished":"2023-11-08T19:50:06+00:00","mainEntityOfPage":{"@id":"https:\/\/avrupatv.eu\/index.php\/2023\/11\/08\/bayern-munih-galatasaray-maci-ne-zaman-saat-kacta-hangi-kanalda-ve-sifresiz-mi-canli-yayinlanacak-galatasaray-avrupada-tarih-yazmak-icin-sahada\/"},"wordCount":243,"commentCount":0,"publisher":{"@id":"https:\/\/avrupatv.eu\/#organization"},"image":{"@id":"https:\/\/avrupatv.eu\/index.php\/2023\/11\/08\/bayern-munih-galatasaray-maci-ne-zaman-saat-kacta-hangi-kanalda-ve-sifresiz-mi-canli-yayinlanacak-galatasaray-avrupada-tarih-yazmak-icin-sahada\/#primaryimage"},"thumbnailUrl":"https:\/\/avrupatv.eu\/wp-content\/uploads\/2023\/11\/yuRbtTAN50CkiTBvDceeAg.webp","articleSection":["Avrupa","Futbol","T\u00fcrkiye"],"inLanguage":"tr","potentialAction":[{"@type":"CommentAction","name":"Comment","target":["https:\/\/avrupatv.eu\/index.php\/2023\/11\/08\/bayern-munih-galatasaray-maci-ne-zaman-saat-kacta-hangi-kanalda-ve-sifresiz-mi-canli-yayinlanacak-galatasaray-avrupada-tarih-yazmak-icin-sahada\/#respond"]}]},{"@type":"WebPage","@id":"https:\/\/avrupatv.eu\/index.php\/2023\/11\/08\/bayern-munih-galatasaray-maci-ne-zaman-saat-kacta-hangi-kanalda-ve-sifresiz-mi-canli-yayinlanacak-galatasaray-avrupada-tarih-yazmak-icin-sahada\/","url":"https:\/\/avrupatv.eu\/index.php\/2023\/11\/08\/bayern-munih-galatasaray-maci-ne-zaman-saat-kacta-hangi-kanalda-ve-sifresiz-mi-canli-yayinlanacak-galatasaray-avrupada-tarih-yazmak-icin-sahada\/","name":"Bayern M\u00fcnih-Galatasaray ma\u00e7\u0131 ne zaman, saat ka\u00e7ta, hangi kanalda ve \u015fifresiz mi canl\u0131 yay\u0131nlanacak? Galatasaray Avrupa'da tarih yazmak i\u00e7in sahada - Avrupal\u0131 T\u00fcrklerin en Yeni Haber Portal\u0131","isPartOf":{"@id":"https:\/\/avrupatv.eu\/#website"},"primaryImageOfPage":{"@id":"https:\/\/avrupatv.eu\/index.php\/2023\/11\/08\/bayern-munih-galatasaray-maci-ne-zaman-saat-kacta-hangi-kanalda-ve-sifresiz-mi-canli-yayinlanacak-galatasaray-avrupada-tarih-yazmak-icin-sahada\/#primaryimage"},"image":{"@id":"https:\/\/avrupatv.eu\/index.php\/2023\/11\/08\/bayern-munih-galatasaray-maci-ne-zaman-saat-kacta-hangi-kanalda-ve-sifresiz-mi-canli-yayinlanacak-galatasaray-avrupada-tarih-yazmak-icin-sahada\/#primaryimage"},"thumbnailUrl":"https:\/\/avrupatv.eu\/wp-content\/uploads\/2023\/11\/yuRbtTAN50CkiTBvDceeAg.webp","datePublished":"2023-11-08T19:50:06+00:00","breadcrumb":{"@id":"https:\/\/avrupatv.eu\/index.php\/2023\/11\/08\/bayern-munih-galatasaray-maci-ne-zaman-saat-kacta-hangi-kanalda-ve-sifresiz-mi-canli-yayinlanacak-galatasaray-avrupada-tarih-yazmak-icin-sahada\/#breadcrumb"},"inLanguage":"tr","potentialAction":[{"@type":"ReadAction","target":["https:\/\/avrupatv.eu\/index.php\/2023\/11\/08\/bayern-munih-galatasaray-maci-ne-zaman-saat-kacta-hangi-kanalda-ve-sifresiz-mi-canli-yayinlanacak-galatasaray-avrupada-tarih-yazmak-icin-sahada\/"]}]},{"@type":"ImageObject","inLanguage":"tr","@id":"https:\/\/avrupatv.eu\/index.php\/2023\/11\/08\/bayern-munih-galatasaray-maci-ne-zaman-saat-kacta-hangi-kanalda-ve-sifresiz-mi-canli-yayinlanacak-galatasaray-avrupada-tarih-yazmak-icin-sahada\/#primaryimage","url":"https:\/\/avrupatv.eu\/wp-content\/uploads\/2023\/11\/yuRbtTAN50CkiTBvDceeAg.webp","contentUrl":"https:\/\/avrupatv.eu\/wp-content\/uploads\/2023\/11\/yuRbtTAN50CkiTBvDceeAg.webp","width":1000,"height":562},{"@type":"BreadcrumbList","@id":"https:\/\/avrupatv.eu\/index.php\/2023\/11\/08\/bayern-munih-galatasaray-maci-ne-zaman-saat-kacta-hangi-kanalda-ve-sifresiz-mi-canli-yayinlanacak-galatasaray-avrupada-tarih-yazmak-icin-sahada\/#breadcrumb","itemListElement":[{"@type":"ListItem","position":1,"name":"Anasayfa","item":"https:\/\/avrupatv.eu\/"},{"@type":"ListItem","position":2,"name":"Bayern M\u00fcnih-Galatasaray ma\u00e7\u0131 ne zaman, saat ka\u00e7ta, hangi kanalda ve \u015fifresiz mi canl\u0131 yay\u0131nlanacak? Galatasaray Avrupa&#8217;da tarih yazmak i\u00e7in sahada"}]},{"@type":"WebSite","@id":"https:\/\/avrupatv.eu\/#website","url":"https:\/\/avrupatv.eu\/","name":"Avrupal\u0131 T\u00fcrklerin en Yeni Haber Portal\u0131","description":"","publisher":{"@id":"https:\/\/avrupatv.eu\/#organization"},"alternateName":"Avrupa tv","potentialAction":[{"@type":"SearchAction","target":{"@type":"EntryPoint","urlTemplate":"https:\/\/avrupatv.eu\/?s={search_term_string}"},"query-input":{"@type":"PropertyValueSpecification","valueRequired":true,"valueName":"search_term_string"}}],"inLanguage":"tr"},{"@type":"Organization","@id":"https:\/\/avrupatv.eu\/#organization","name":"Avrupa Haber","url":"https:\/\/avrupatv.eu\/","logo":{"@type":"ImageObject","inLanguage":"tr","@id":"https:\/\/avrupatv.eu\/#\/schema\/logo\/image\/","url":"https:\/\/avrupatv.eu\/wp-content\/uploads\/2023\/10\/cropped-thumbnail_logo.png","contentUrl":"https:\/\/avrupatv.eu\/wp-content\/uploads\/2023\/10\/cropped-thumbnail_logo.png","width":1025,"height":302,"caption":"Avrupa Haber"},"image":{"@id":"https:\/\/avrupatv.eu\/#\/schema\/logo\/image\/"}},{"@type":"Person","@id":"https:\/\/avrupatv.eu\/#\/schema\/person\/d56afa5d5569da4029d483da36c0c17d","name":"Onur Akpinar","image":{"@type":"ImageObject","inLanguage":"tr","@id":"https:\/\/secure.gravatar.com\/avatar\/67a1a0bdf34f82da209334e4684b7e7171a58a5a2b0a8f836b61044f5c1f5d6a?s=96&d=mm&r=g","url":"https:\/\/secure.gravatar.com\/avatar\/67a1a0bdf34f82da209334e4684b7e7171a58a5a2b0a8f836b61044f5c1f5d6a?s=96&d=mm&r=g","contentUrl":"https:\/\/secure.gravatar.com\/avatar\/67a1a0bdf34f82da209334e4684b7e7171a58a5a2b0a8f836b61044f5c1f5d6a?s=96&d=mm&r=g","caption":"Onur Akpinar"},"url":"https:\/\/avrupatv.eu\/index.php\/author\/onur-akpinar\/"}]}},"_links":{"self":[{"href":"https:\/\/avrupatv.eu\/index.php\/wp-json\/wp\/v2\/posts\/160","targetHints":{"allow":["GET"]}}],"collection":[{"href":"https:\/\/avrupatv.eu\/index.php\/wp-json\/wp\/v2\/posts"}],"about":[{"href":"https:\/\/avrupatv.eu\/index.php\/wp-json\/wp\/v2\/types\/post"}],"author":[{"embeddable":true,"href":"https:\/\/avrupatv.eu\/index.php\/wp-json\/wp\/v2\/users\/2"}],"replies":[{"embeddable":true,"href":"https:\/\/avrupatv.eu\/index.php\/wp-json\/wp\/v2\/comments?post=160"}],"version-history":[{"count":1,"href":"https:\/\/avrupatv.eu\/index.php\/wp-json\/wp\/v2\/posts\/160\/revisions"}],"predecessor-version":[{"id":162,"href":"https:\/\/avrupatv.eu\/index.php\/wp-json\/wp\/v2\/posts\/160\/revisions\/162"}],"wp:featuredmedia":[{"embeddable":true,"href":"https:\/\/avrupatv.eu\/index.php\/wp-json\/wp\/v2\/media\/161"}],"wp:attachment":[{"href":"https:\/\/avrupatv.eu\/index.php\/wp-json\/wp\/v2\/media?parent=160"}],"wp:term":[{"taxonomy":"category","embeddable":true,"href":"https:\/\/avrupatv.eu\/index.php\/wp-json\/wp\/v2\/categories?post=160"},{"taxonomy":"post_tag","embeddable":true,"href":"https:\/\/avrupatv.eu\/index.php\/wp-json\/wp\/v2\/tags?post=160"}],"curies":[{"name":"wp","href":"https:\/\/api.w.org\/{rel}","templated":true}]}}