{"id":1597,"date":"2026-03-03T08:02:07","date_gmt":"2026-03-03T08:02:07","guid":{"rendered":"https:\/\/avrupatv.eu\/?p=1597"},"modified":"2026-03-03T08:02:08","modified_gmt":"2026-03-03T08:02:08","slug":"enerji-piyasalarinda-deprem-iran-gerilimi-pompa-fiyatlarini-yarina-vuruyor","status":"publish","type":"post","link":"https:\/\/avrupatv.eu\/index.php\/2026\/03\/03\/enerji-piyasalarinda-deprem-iran-gerilimi-pompa-fiyatlarini-yarina-vuruyor\/","title":{"rendered":"Enerji Piyasalar\u0131nda Deprem: \u0130ran Gerilimi Pompa Fiyatlar\u0131n\u0131 Yar\u0131na Vuruyor"},"content":{"rendered":"\n<p>Orta Do\u011fu\u2019da \u0130ran merkezli artan askeri gerilim, k\u00fcresel enerji piyasalar\u0131nda sert dalgalanmalara yol a\u00e7t\u0131. Uluslararas\u0131 piyasalarda s\u0131v\u0131la\u015ft\u0131r\u0131lm\u0131\u015f do\u011fal gaz (LNG) fiyatlar\u0131 bir g\u00fcnde yakla\u015f\u0131k y\u00fczde 40 oran\u0131nda y\u00fckselirken, petrol fiyatlar\u0131ndaki art\u0131\u015f da akaryak\u0131t \u00fcr\u00fcnlerine do\u011frudan yans\u0131maya ba\u015flad\u0131.<\/p>\n\n\n\n<p>Uzmanlar, \u00f6zellikle Avrupa\u2019n\u0131n enerji arz g\u00fcvenli\u011fi konusunda yeniden k\u0131r\u0131lgan bir s\u00fcrece girdi\u011fine dikkat \u00e7ekiyor. Bel\u00e7ika ba\u015fta olmak \u00fczere bir\u00e7ok Avrupa \u00fclkesinde \u00e7ar\u015famba g\u00fcn\u00fcnden itibaren benzin ve dizel fiyatlar\u0131nda litre ba\u015f\u0131na 10 ila 20 cent aras\u0131nda art\u0131\u015f bekleniyor.<\/p>\n\n\n\n<p>Pompa Fiyatlar\u0131 Neden Y\u00fckseliyor?<\/p>\n\n\n\n<p>Enerji piyasalar\u0131nda fiyatlar, jeopolitik risklere kar\u015f\u0131 son derece hassas. \u0130ran\u2019daki geli\u015fmelerin b\u00fcy\u00fcmesi ve \u00f6zellikle H\u00fcrm\u00fcz Bo\u011faz\u0131\u2019nda olas\u0131 bir sevkiyat aksamas\u0131 ihtimali, yat\u0131r\u0131mc\u0131lar\u0131 tedirgin etti. Bu durum petrol ve gaz kontratlar\u0131nda ani y\u00fckseli\u015flere neden oldu.<\/p>\n\n\n\n<p>Bel\u00e7ika gibi enerji ithalat\u0131na ba\u011f\u0131ml\u0131 \u00fclkelerde bu art\u0131\u015f, k\u0131sa s\u00fcrede t\u00fcketiciye yans\u0131yor. Akaryak\u0131t fiyatlar\u0131ndaki art\u0131\u015f sadece ara\u00e7 sahiplerini de\u011fil; lojistik, ta\u015f\u0131mac\u0131l\u0131k ve \u00fcretim sekt\u00f6rlerini de do\u011frudan etkiliyor.<\/p>\n\n\n\n<p>Zincirleme Etki Kap\u0131da<\/p>\n\n\n\n<p>Akaryak\u0131t ve do\u011fal gaz fiyatlar\u0131ndaki y\u00fckseli\u015fin, \u00f6n\u00fcm\u00fczdeki g\u00fcnlerde g\u0131da fiyatlar\u0131ndan elektrik faturalar\u0131na kadar geni\u015f bir alanda maliyet bask\u0131s\u0131 olu\u015fturabilece\u011fi belirtiliyor. Uzmanlar, bu durumun enflasyon \u00fczerinde yeni bir bask\u0131 dalgas\u0131 yaratabilece\u011fi uyar\u0131s\u0131nda bulunuyor.<\/p>\n\n\n\n<p>Enerji piyasalar\u0131ndaki geli\u015fmeler yak\u0131ndan takip edilirken, g\u00f6zler Orta Do\u011fu\u2019daki s\u00fcrecin nas\u0131l \u015fekillenece\u011fine \u00e7evrildi. B\u00f6lgedeki gerilimin t\u0131rmanmas\u0131 halinde fiyat art\u0131\u015flar\u0131n\u0131n daha da h\u0131zlanabilece\u011fi ifade ediliyor.<\/p>\n\n\n\n<p>Avrupa\u2019da vatanda\u015flar ise \u00e7ar\u015famba g\u00fcn\u00fcnden itibaren pompaya yans\u0131yacak yeni fiyatlar\u0131 bekliyor.<\/p>\n","protected":false},"excerpt":{"rendered":"<p>Orta Do\u011fu\u2019da \u0130ran merkezli artan askeri gerilim, k\u00fcresel enerji piyasalar\u0131nda sert dalgalanmalara yol a\u00e7t\u0131. Uluslararas\u0131 piyasalarda s\u0131v\u0131la\u015ft\u0131r\u0131lm\u0131\u015f do\u011fal gaz (LNG) fiyatlar\u0131 bir g\u00fcnde yakla\u015f\u0131k y\u00fczde 40 oran\u0131nda y\u00fckselirken, petrol fiyatlar\u0131ndaki art\u0131\u015f da akaryak\u0131t \u00fcr\u00fcnlerine do\u011frudan yans\u0131maya ba\u015flad\u0131. Uzmanlar, \u00f6zellikle Avrupa\u2019n\u0131n enerji arz g\u00fcvenli\u011fi konusunda yeniden k\u0131r\u0131lgan bir s\u00fcrece girdi\u011fine dikkat \u00e7ekiyor. Bel\u00e7ika ba\u015fta olmak \u00fczere [&hellip;]<\/p>\n","protected":false},"author":2,"featured_media":1598,"comment_status":"open","ping_status":"open","sticky":false,"template":"","format":"standard","meta":{"footnotes":""},"categories":[1],"tags":[],"class_list":["post-1597","post","type-post","status-publish","format-standard","has-post-thumbnail","hentry","category-blog"],"yoast_head":"<!-- This site is optimized with the Yoast SEO plugin v27.5 - https:\/\/yoast.com\/product\/yoast-seo-wordpress\/ -->\n<title>Enerji Piyasalar\u0131nda Deprem: \u0130ran Gerilimi Pompa Fiyatlar\u0131n\u0131 Yar\u0131na Vuruyor - Avrupal\u0131 T\u00fcrklerin en Yeni Haber Portal\u0131<\/title>\n<meta name=\"robots\" content=\"index, follow, max-snippet:-1, max-image-preview:large, max-video-preview:-1\" \/>\n<link rel=\"canonical\" href=\"https:\/\/avrupatv.eu\/index.php\/2026\/03\/03\/enerji-piyasalarinda-deprem-iran-gerilimi-pompa-fiyatlarini-yarina-vuruyor\/\" \/>\n<meta property=\"og:locale\" content=\"tr_TR\" \/>\n<meta property=\"og:type\" content=\"article\" \/>\n<meta property=\"og:title\" content=\"Enerji Piyasalar\u0131nda Deprem: \u0130ran Gerilimi Pompa Fiyatlar\u0131n\u0131 Yar\u0131na Vuruyor - Avrupal\u0131 T\u00fcrklerin en Yeni Haber Portal\u0131\" \/>\n<meta property=\"og:description\" content=\"Orta Do\u011fu\u2019da \u0130ran merkezli artan askeri gerilim, k\u00fcresel enerji piyasalar\u0131nda sert dalgalanmalara yol a\u00e7t\u0131. Uluslararas\u0131 piyasalarda s\u0131v\u0131la\u015ft\u0131r\u0131lm\u0131\u015f do\u011fal gaz (LNG) fiyatlar\u0131 bir g\u00fcnde yakla\u015f\u0131k y\u00fczde 40 oran\u0131nda y\u00fckselirken, petrol fiyatlar\u0131ndaki art\u0131\u015f da akaryak\u0131t \u00fcr\u00fcnlerine do\u011frudan yans\u0131maya ba\u015flad\u0131. Uzmanlar, \u00f6zellikle Avrupa\u2019n\u0131n enerji arz g\u00fcvenli\u011fi konusunda yeniden k\u0131r\u0131lgan bir s\u00fcrece girdi\u011fine dikkat \u00e7ekiyor. Bel\u00e7ika ba\u015fta olmak \u00fczere [&hellip;]\" \/>\n<meta property=\"og:url\" content=\"https:\/\/avrupatv.eu\/index.php\/2026\/03\/03\/enerji-piyasalarinda-deprem-iran-gerilimi-pompa-fiyatlarini-yarina-vuruyor\/\" \/>\n<meta property=\"og:site_name\" content=\"Avrupal\u0131 T\u00fcrklerin en Yeni Haber Portal\u0131\" \/>\n<meta property=\"article:published_time\" content=\"2026-03-03T08:02:07+00:00\" \/>\n<meta property=\"article:modified_time\" content=\"2026-03-03T08:02:08+00:00\" \/>\n<meta property=\"og:image\" content=\"https:\/\/avrupatv.eu\/wp-content\/uploads\/2026\/03\/file_00000000712c71f4be322c7f44395587-683x1024.png\" \/>\n\t<meta property=\"og:image:width\" content=\"683\" \/>\n\t<meta property=\"og:image:height\" content=\"1024\" \/>\n\t<meta property=\"og:image:type\" content=\"image\/png\" \/>\n<meta name=\"author\" content=\"Onur Akpinar\" \/>\n<meta name=\"twitter:card\" content=\"summary_large_image\" \/>\n<meta name=\"twitter:label1\" content=\"Yazan:\" \/>\n\t<meta name=\"twitter:data1\" content=\"Onur Akpinar\" \/>\n\t<meta name=\"twitter:label2\" content=\"Tahmini okuma s\u00fcresi\" \/>\n\t<meta name=\"twitter:data2\" content=\"2 dakika\" \/>\n<script type=\"application\/ld+json\" class=\"yoast-schema-graph\">{\"@context\":\"https:\\\/\\\/schema.org\",\"@graph\":[{\"@type\":\"Article\",\"@id\":\"https:\\\/\\\/avrupatv.eu\\\/index.php\\\/2026\\\/03\\\/03\\\/enerji-piyasalarinda-deprem-iran-gerilimi-pompa-fiyatlarini-yarina-vuruyor\\\/#article\",\"isPartOf\":{\"@id\":\"https:\\\/\\\/avrupatv.eu\\\/index.php\\\/2026\\\/03\\\/03\\\/enerji-piyasalarinda-deprem-iran-gerilimi-pompa-fiyatlarini-yarina-vuruyor\\\/\"},\"author\":{\"name\":\"Onur Akpinar\",\"@id\":\"https:\\\/\\\/avrupatv.eu\\\/#\\\/schema\\\/person\\\/d56afa5d5569da4029d483da36c0c17d\"},\"headline\":\"Enerji Piyasalar\u0131nda Deprem: \u0130ran Gerilimi Pompa Fiyatlar\u0131n\u0131 Yar\u0131na Vuruyor\",\"datePublished\":\"2026-03-03T08:02:07+00:00\",\"dateModified\":\"2026-03-03T08:02:08+00:00\",\"mainEntityOfPage\":{\"@id\":\"https:\\\/\\\/avrupatv.eu\\\/index.php\\\/2026\\\/03\\\/03\\\/enerji-piyasalarinda-deprem-iran-gerilimi-pompa-fiyatlarini-yarina-vuruyor\\\/\"},\"wordCount\":328,\"commentCount\":0,\"publisher\":{\"@id\":\"https:\\\/\\\/avrupatv.eu\\\/#organization\"},\"image\":{\"@id\":\"https:\\\/\\\/avrupatv.eu\\\/index.php\\\/2026\\\/03\\\/03\\\/enerji-piyasalarinda-deprem-iran-gerilimi-pompa-fiyatlarini-yarina-vuruyor\\\/#primaryimage\"},\"thumbnailUrl\":\"https:\\\/\\\/avrupatv.eu\\\/wp-content\\\/uploads\\\/2026\\\/03\\\/file_00000000712c71f4be322c7f44395587.png\",\"articleSection\":[\"Blog\"],\"inLanguage\":\"tr\",\"potentialAction\":[{\"@type\":\"CommentAction\",\"name\":\"Comment\",\"target\":[\"https:\\\/\\\/avrupatv.eu\\\/index.php\\\/2026\\\/03\\\/03\\\/enerji-piyasalarinda-deprem-iran-gerilimi-pompa-fiyatlarini-yarina-vuruyor\\\/#respond\"]}]},{\"@type\":\"WebPage\",\"@id\":\"https:\\\/\\\/avrupatv.eu\\\/index.php\\\/2026\\\/03\\\/03\\\/enerji-piyasalarinda-deprem-iran-gerilimi-pompa-fiyatlarini-yarina-vuruyor\\\/\",\"url\":\"https:\\\/\\\/avrupatv.eu\\\/index.php\\\/2026\\\/03\\\/03\\\/enerji-piyasalarinda-deprem-iran-gerilimi-pompa-fiyatlarini-yarina-vuruyor\\\/\",\"name\":\"Enerji Piyasalar\u0131nda Deprem: \u0130ran Gerilimi Pompa Fiyatlar\u0131n\u0131 Yar\u0131na Vuruyor - Avrupal\u0131 T\u00fcrklerin en Yeni Haber Portal\u0131\",\"isPartOf\":{\"@id\":\"https:\\\/\\\/avrupatv.eu\\\/#website\"},\"primaryImageOfPage\":{\"@id\":\"https:\\\/\\\/avrupatv.eu\\\/index.php\\\/2026\\\/03\\\/03\\\/enerji-piyasalarinda-deprem-iran-gerilimi-pompa-fiyatlarini-yarina-vuruyor\\\/#primaryimage\"},\"image\":{\"@id\":\"https:\\\/\\\/avrupatv.eu\\\/index.php\\\/2026\\\/03\\\/03\\\/enerji-piyasalarinda-deprem-iran-gerilimi-pompa-fiyatlarini-yarina-vuruyor\\\/#primaryimage\"},\"thumbnailUrl\":\"https:\\\/\\\/avrupatv.eu\\\/wp-content\\\/uploads\\\/2026\\\/03\\\/file_00000000712c71f4be322c7f44395587.png\",\"datePublished\":\"2026-03-03T08:02:07+00:00\",\"dateModified\":\"2026-03-03T08:02:08+00:00\",\"breadcrumb\":{\"@id\":\"https:\\\/\\\/avrupatv.eu\\\/index.php\\\/2026\\\/03\\\/03\\\/enerji-piyasalarinda-deprem-iran-gerilimi-pompa-fiyatlarini-yarina-vuruyor\\\/#breadcrumb\"},\"inLanguage\":\"tr\",\"potentialAction\":[{\"@type\":\"ReadAction\",\"target\":[\"https:\\\/\\\/avrupatv.eu\\\/index.php\\\/2026\\\/03\\\/03\\\/enerji-piyasalarinda-deprem-iran-gerilimi-pompa-fiyatlarini-yarina-vuruyor\\\/\"]}]},{\"@type\":\"ImageObject\",\"inLanguage\":\"tr\",\"@id\":\"https:\\\/\\\/avrupatv.eu\\\/index.php\\\/2026\\\/03\\\/03\\\/enerji-piyasalarinda-deprem-iran-gerilimi-pompa-fiyatlarini-yarina-vuruyor\\\/#primaryimage\",\"url\":\"https:\\\/\\\/avrupatv.eu\\\/wp-content\\\/uploads\\\/2026\\\/03\\\/file_00000000712c71f4be322c7f44395587.png\",\"contentUrl\":\"https:\\\/\\\/avrupatv.eu\\\/wp-content\\\/uploads\\\/2026\\\/03\\\/file_00000000712c71f4be322c7f44395587.png\",\"width\":1024,\"height\":1536},{\"@type\":\"BreadcrumbList\",\"@id\":\"https:\\\/\\\/avrupatv.eu\\\/index.php\\\/2026\\\/03\\\/03\\\/enerji-piyasalarinda-deprem-iran-gerilimi-pompa-fiyatlarini-yarina-vuruyor\\\/#breadcrumb\",\"itemListElement\":[{\"@type\":\"ListItem\",\"position\":1,\"name\":\"Anasayfa\",\"item\":\"https:\\\/\\\/avrupatv.eu\\\/\"},{\"@type\":\"ListItem\",\"position\":2,\"name\":\"Enerji Piyasalar\u0131nda Deprem: \u0130ran Gerilimi Pompa Fiyatlar\u0131n\u0131 Yar\u0131na Vuruyor\"}]},{\"@type\":\"WebSite\",\"@id\":\"https:\\\/\\\/avrupatv.eu\\\/#website\",\"url\":\"https:\\\/\\\/avrupatv.eu\\\/\",\"name\":\"Avrupal\u0131 T\u00fcrklerin en Yeni Haber Portal\u0131\",\"description\":\"\",\"publisher\":{\"@id\":\"https:\\\/\\\/avrupatv.eu\\\/#organization\"},\"alternateName\":\"Avrupa tv\",\"potentialAction\":[{\"@type\":\"SearchAction\",\"target\":{\"@type\":\"EntryPoint\",\"urlTemplate\":\"https:\\\/\\\/avrupatv.eu\\\/?s={search_term_string}\"},\"query-input\":{\"@type\":\"PropertyValueSpecification\",\"valueRequired\":true,\"valueName\":\"search_term_string\"}}],\"inLanguage\":\"tr\"},{\"@type\":\"Organization\",\"@id\":\"https:\\\/\\\/avrupatv.eu\\\/#organization\",\"name\":\"Avrupa Haber\",\"url\":\"https:\\\/\\\/avrupatv.eu\\\/\",\"logo\":{\"@type\":\"ImageObject\",\"inLanguage\":\"tr\",\"@id\":\"https:\\\/\\\/avrupatv.eu\\\/#\\\/schema\\\/logo\\\/image\\\/\",\"url\":\"https:\\\/\\\/avrupatv.eu\\\/wp-content\\\/uploads\\\/2023\\\/10\\\/cropped-thumbnail_logo.png\",\"contentUrl\":\"https:\\\/\\\/avrupatv.eu\\\/wp-content\\\/uploads\\\/2023\\\/10\\\/cropped-thumbnail_logo.png\",\"width\":1025,\"height\":302,\"caption\":\"Avrupa Haber\"},\"image\":{\"@id\":\"https:\\\/\\\/avrupatv.eu\\\/#\\\/schema\\\/logo\\\/image\\\/\"}},{\"@type\":\"Person\",\"@id\":\"https:\\\/\\\/avrupatv.eu\\\/#\\\/schema\\\/person\\\/d56afa5d5569da4029d483da36c0c17d\",\"name\":\"Onur Akpinar\",\"image\":{\"@type\":\"ImageObject\",\"inLanguage\":\"tr\",\"@id\":\"https:\\\/\\\/secure.gravatar.com\\\/avatar\\\/67a1a0bdf34f82da209334e4684b7e7171a58a5a2b0a8f836b61044f5c1f5d6a?s=96&d=mm&r=g\",\"url\":\"https:\\\/\\\/secure.gravatar.com\\\/avatar\\\/67a1a0bdf34f82da209334e4684b7e7171a58a5a2b0a8f836b61044f5c1f5d6a?s=96&d=mm&r=g\",\"contentUrl\":\"https:\\\/\\\/secure.gravatar.com\\\/avatar\\\/67a1a0bdf34f82da209334e4684b7e7171a58a5a2b0a8f836b61044f5c1f5d6a?s=96&d=mm&r=g\",\"caption\":\"Onur Akpinar\"},\"url\":\"https:\\\/\\\/avrupatv.eu\\\/index.php\\\/author\\\/onur-akpinar\\\/\"}]}<\/script>\n<!-- \/ Yoast SEO plugin. -->","yoast_head_json":{"title":"Enerji Piyasalar\u0131nda Deprem: \u0130ran Gerilimi Pompa Fiyatlar\u0131n\u0131 Yar\u0131na Vuruyor - Avrupal\u0131 T\u00fcrklerin en Yeni Haber Portal\u0131","robots":{"index":"index","follow":"follow","max-snippet":"max-snippet:-1","max-image-preview":"max-image-preview:large","max-video-preview":"max-video-preview:-1"},"canonical":"https:\/\/avrupatv.eu\/index.php\/2026\/03\/03\/enerji-piyasalarinda-deprem-iran-gerilimi-pompa-fiyatlarini-yarina-vuruyor\/","og_locale":"tr_TR","og_type":"article","og_title":"Enerji Piyasalar\u0131nda Deprem: \u0130ran Gerilimi Pompa Fiyatlar\u0131n\u0131 Yar\u0131na Vuruyor - Avrupal\u0131 T\u00fcrklerin en Yeni Haber Portal\u0131","og_description":"Orta Do\u011fu\u2019da \u0130ran merkezli artan askeri gerilim, k\u00fcresel enerji piyasalar\u0131nda sert dalgalanmalara yol a\u00e7t\u0131. Uluslararas\u0131 piyasalarda s\u0131v\u0131la\u015ft\u0131r\u0131lm\u0131\u015f do\u011fal gaz (LNG) fiyatlar\u0131 bir g\u00fcnde yakla\u015f\u0131k y\u00fczde 40 oran\u0131nda y\u00fckselirken, petrol fiyatlar\u0131ndaki art\u0131\u015f da akaryak\u0131t \u00fcr\u00fcnlerine do\u011frudan yans\u0131maya ba\u015flad\u0131. Uzmanlar, \u00f6zellikle Avrupa\u2019n\u0131n enerji arz g\u00fcvenli\u011fi konusunda yeniden k\u0131r\u0131lgan bir s\u00fcrece girdi\u011fine dikkat \u00e7ekiyor. Bel\u00e7ika ba\u015fta olmak \u00fczere [&hellip;]","og_url":"https:\/\/avrupatv.eu\/index.php\/2026\/03\/03\/enerji-piyasalarinda-deprem-iran-gerilimi-pompa-fiyatlarini-yarina-vuruyor\/","og_site_name":"Avrupal\u0131 T\u00fcrklerin en Yeni Haber Portal\u0131","article_published_time":"2026-03-03T08:02:07+00:00","article_modified_time":"2026-03-03T08:02:08+00:00","og_image":[{"width":683,"height":1024,"url":"https:\/\/avrupatv.eu\/wp-content\/uploads\/2026\/03\/file_00000000712c71f4be322c7f44395587-683x1024.png","type":"image\/png"}],"author":"Onur Akpinar","twitter_card":"summary_large_image","twitter_misc":{"Yazan:":"Onur Akpinar","Tahmini okuma s\u00fcresi":"2 dakika"},"schema":{"@context":"https:\/\/schema.org","@graph":[{"@type":"Article","@id":"https:\/\/avrupatv.eu\/index.php\/2026\/03\/03\/enerji-piyasalarinda-deprem-iran-gerilimi-pompa-fiyatlarini-yarina-vuruyor\/#article","isPartOf":{"@id":"https:\/\/avrupatv.eu\/index.php\/2026\/03\/03\/enerji-piyasalarinda-deprem-iran-gerilimi-pompa-fiyatlarini-yarina-vuruyor\/"},"author":{"name":"Onur Akpinar","@id":"https:\/\/avrupatv.eu\/#\/schema\/person\/d56afa5d5569da4029d483da36c0c17d"},"headline":"Enerji Piyasalar\u0131nda Deprem: \u0130ran Gerilimi Pompa Fiyatlar\u0131n\u0131 Yar\u0131na Vuruyor","datePublished":"2026-03-03T08:02:07+00:00","dateModified":"2026-03-03T08:02:08+00:00","mainEntityOfPage":{"@id":"https:\/\/avrupatv.eu\/index.php\/2026\/03\/03\/enerji-piyasalarinda-deprem-iran-gerilimi-pompa-fiyatlarini-yarina-vuruyor\/"},"wordCount":328,"commentCount":0,"publisher":{"@id":"https:\/\/avrupatv.eu\/#organization"},"image":{"@id":"https:\/\/avrupatv.eu\/index.php\/2026\/03\/03\/enerji-piyasalarinda-deprem-iran-gerilimi-pompa-fiyatlarini-yarina-vuruyor\/#primaryimage"},"thumbnailUrl":"https:\/\/avrupatv.eu\/wp-content\/uploads\/2026\/03\/file_00000000712c71f4be322c7f44395587.png","articleSection":["Blog"],"inLanguage":"tr","potentialAction":[{"@type":"CommentAction","name":"Comment","target":["https:\/\/avrupatv.eu\/index.php\/2026\/03\/03\/enerji-piyasalarinda-deprem-iran-gerilimi-pompa-fiyatlarini-yarina-vuruyor\/#respond"]}]},{"@type":"WebPage","@id":"https:\/\/avrupatv.eu\/index.php\/2026\/03\/03\/enerji-piyasalarinda-deprem-iran-gerilimi-pompa-fiyatlarini-yarina-vuruyor\/","url":"https:\/\/avrupatv.eu\/index.php\/2026\/03\/03\/enerji-piyasalarinda-deprem-iran-gerilimi-pompa-fiyatlarini-yarina-vuruyor\/","name":"Enerji Piyasalar\u0131nda Deprem: \u0130ran Gerilimi Pompa Fiyatlar\u0131n\u0131 Yar\u0131na Vuruyor - Avrupal\u0131 T\u00fcrklerin en Yeni Haber Portal\u0131","isPartOf":{"@id":"https:\/\/avrupatv.eu\/#website"},"primaryImageOfPage":{"@id":"https:\/\/avrupatv.eu\/index.php\/2026\/03\/03\/enerji-piyasalarinda-deprem-iran-gerilimi-pompa-fiyatlarini-yarina-vuruyor\/#primaryimage"},"image":{"@id":"https:\/\/avrupatv.eu\/index.php\/2026\/03\/03\/enerji-piyasalarinda-deprem-iran-gerilimi-pompa-fiyatlarini-yarina-vuruyor\/#primaryimage"},"thumbnailUrl":"https:\/\/avrupatv.eu\/wp-content\/uploads\/2026\/03\/file_00000000712c71f4be322c7f44395587.png","datePublished":"2026-03-03T08:02:07+00:00","dateModified":"2026-03-03T08:02:08+00:00","breadcrumb":{"@id":"https:\/\/avrupatv.eu\/index.php\/2026\/03\/03\/enerji-piyasalarinda-deprem-iran-gerilimi-pompa-fiyatlarini-yarina-vuruyor\/#breadcrumb"},"inLanguage":"tr","potentialAction":[{"@type":"ReadAction","target":["https:\/\/avrupatv.eu\/index.php\/2026\/03\/03\/enerji-piyasalarinda-deprem-iran-gerilimi-pompa-fiyatlarini-yarina-vuruyor\/"]}]},{"@type":"ImageObject","inLanguage":"tr","@id":"https:\/\/avrupatv.eu\/index.php\/2026\/03\/03\/enerji-piyasalarinda-deprem-iran-gerilimi-pompa-fiyatlarini-yarina-vuruyor\/#primaryimage","url":"https:\/\/avrupatv.eu\/wp-content\/uploads\/2026\/03\/file_00000000712c71f4be322c7f44395587.png","contentUrl":"https:\/\/avrupatv.eu\/wp-content\/uploads\/2026\/03\/file_00000000712c71f4be322c7f44395587.png","width":1024,"height":1536},{"@type":"BreadcrumbList","@id":"https:\/\/avrupatv.eu\/index.php\/2026\/03\/03\/enerji-piyasalarinda-deprem-iran-gerilimi-pompa-fiyatlarini-yarina-vuruyor\/#breadcrumb","itemListElement":[{"@type":"ListItem","position":1,"name":"Anasayfa","item":"https:\/\/avrupatv.eu\/"},{"@type":"ListItem","position":2,"name":"Enerji Piyasalar\u0131nda Deprem: \u0130ran Gerilimi Pompa Fiyatlar\u0131n\u0131 Yar\u0131na Vuruyor"}]},{"@type":"WebSite","@id":"https:\/\/avrupatv.eu\/#website","url":"https:\/\/avrupatv.eu\/","name":"Avrupal\u0131 T\u00fcrklerin en Yeni Haber Portal\u0131","description":"","publisher":{"@id":"https:\/\/avrupatv.eu\/#organization"},"alternateName":"Avrupa tv","potentialAction":[{"@type":"SearchAction","target":{"@type":"EntryPoint","urlTemplate":"https:\/\/avrupatv.eu\/?s={search_term_string}"},"query-input":{"@type":"PropertyValueSpecification","valueRequired":true,"valueName":"search_term_string"}}],"inLanguage":"tr"},{"@type":"Organization","@id":"https:\/\/avrupatv.eu\/#organization","name":"Avrupa Haber","url":"https:\/\/avrupatv.eu\/","logo":{"@type":"ImageObject","inLanguage":"tr","@id":"https:\/\/avrupatv.eu\/#\/schema\/logo\/image\/","url":"https:\/\/avrupatv.eu\/wp-content\/uploads\/2023\/10\/cropped-thumbnail_logo.png","contentUrl":"https:\/\/avrupatv.eu\/wp-content\/uploads\/2023\/10\/cropped-thumbnail_logo.png","width":1025,"height":302,"caption":"Avrupa Haber"},"image":{"@id":"https:\/\/avrupatv.eu\/#\/schema\/logo\/image\/"}},{"@type":"Person","@id":"https:\/\/avrupatv.eu\/#\/schema\/person\/d56afa5d5569da4029d483da36c0c17d","name":"Onur Akpinar","image":{"@type":"ImageObject","inLanguage":"tr","@id":"https:\/\/secure.gravatar.com\/avatar\/67a1a0bdf34f82da209334e4684b7e7171a58a5a2b0a8f836b61044f5c1f5d6a?s=96&d=mm&r=g","url":"https:\/\/secure.gravatar.com\/avatar\/67a1a0bdf34f82da209334e4684b7e7171a58a5a2b0a8f836b61044f5c1f5d6a?s=96&d=mm&r=g","contentUrl":"https:\/\/secure.gravatar.com\/avatar\/67a1a0bdf34f82da209334e4684b7e7171a58a5a2b0a8f836b61044f5c1f5d6a?s=96&d=mm&r=g","caption":"Onur Akpinar"},"url":"https:\/\/avrupatv.eu\/index.php\/author\/onur-akpinar\/"}]}},"_links":{"self":[{"href":"https:\/\/avrupatv.eu\/index.php\/wp-json\/wp\/v2\/posts\/1597","targetHints":{"allow":["GET"]}}],"collection":[{"href":"https:\/\/avrupatv.eu\/index.php\/wp-json\/wp\/v2\/posts"}],"about":[{"href":"https:\/\/avrupatv.eu\/index.php\/wp-json\/wp\/v2\/types\/post"}],"author":[{"embeddable":true,"href":"https:\/\/avrupatv.eu\/index.php\/wp-json\/wp\/v2\/users\/2"}],"replies":[{"embeddable":true,"href":"https:\/\/avrupatv.eu\/index.php\/wp-json\/wp\/v2\/comments?post=1597"}],"version-history":[{"count":1,"href":"https:\/\/avrupatv.eu\/index.php\/wp-json\/wp\/v2\/posts\/1597\/revisions"}],"predecessor-version":[{"id":1599,"href":"https:\/\/avrupatv.eu\/index.php\/wp-json\/wp\/v2\/posts\/1597\/revisions\/1599"}],"wp:featuredmedia":[{"embeddable":true,"href":"https:\/\/avrupatv.eu\/index.php\/wp-json\/wp\/v2\/media\/1598"}],"wp:attachment":[{"href":"https:\/\/avrupatv.eu\/index.php\/wp-json\/wp\/v2\/media?parent=1597"}],"wp:term":[{"taxonomy":"category","embeddable":true,"href":"https:\/\/avrupatv.eu\/index.php\/wp-json\/wp\/v2\/categories?post=1597"},{"taxonomy":"post_tag","embeddable":true,"href":"https:\/\/avrupatv.eu\/index.php\/wp-json\/wp\/v2\/tags?post=1597"}],"curies":[{"name":"wp","href":"https:\/\/api.w.org\/{rel}","templated":true}]}}