{"id":1544,"date":"2026-01-26T11:07:26","date_gmt":"2026-01-26T11:07:26","guid":{"rendered":"https:\/\/avrupatv.eu\/?p=1544"},"modified":"2026-01-26T11:07:27","modified_gmt":"2026-01-26T11:07:27","slug":"belcikada-dijital-tolvignet-donemi-basliyor-suruculeri-yeni-sistem-bekliyor","status":"publish","type":"post","link":"https:\/\/avrupatv.eu\/index.php\/2026\/01\/26\/belcikada-dijital-tolvignet-donemi-basliyor-suruculeri-yeni-sistem-bekliyor\/","title":{"rendered":"Bel\u00e7ika\u2019da Dijital Tolvignet D\u00f6nemi Ba\u015fl\u0131yor: S\u00fcr\u00fcc\u00fcleri Yeni Sistem Bekliyor"},"content":{"rendered":"\n<p>Bel\u00e7ika\u2019da uzun s\u00fcredir g\u00fcndemde olan tolvignet uygulamas\u0131 hayata ge\u00e7meye haz\u0131rlan\u0131yor. Flandre ve Valonya b\u00f6lgeleri, hem yerli hem de yabanc\u0131 s\u00fcr\u00fcc\u00fcler i\u00e7in ge\u00e7erli olacak ortak bir dijital sistem \u00fczerinde \u00e7al\u0131\u015f\u0131yor. <\/p>\n\n\n\n<p>Yeni uygulaman\u0131n \u00f6n\u00fcm\u00fczdeki y\u0131ldan itibaren devreye al\u0131nmas\u0131 bekleniyor.<br>Planlanan sisteme g\u00f6re, otoyollar ve \u00f6nemli b\u00f6lgesel yollar art\u0131k dijital tolvignet ile kullan\u0131labilecek. Yerel yollar ile Br\u00fcksel b\u00f6lgesi \u015fimdilik kapsam d\u0131\u015f\u0131nda tutulurken, ilerleyen d\u00f6nemde Br\u00fcksel\u2019in de sisteme dahil edilmesi hedefleniyor.<\/p>\n\n\n\n<p><br>Tol sistemi tamamen dijital olacak. Fiziksel sticker yerine ara\u00e7 plakalar\u0131 kamera sistemleriyle otomatik olarak kontrol edilecek. Vinyet, do\u011frudan ara\u00e7 plakas\u0131na tan\u0131mlanacak ve binek otomobiller ile motosikletleri kapsayacak. Sat\u0131n alma i\u015flemleri merkezi bir internet sitesi \u00fczerinden yap\u0131lacak.<\/p>\n\n\n\n<p><br>Hen\u00fcz resmi fiyatlar a\u00e7\u0131klanmasa da kulislerde y\u0131ll\u0131k vinyet bedelinin yakla\u015f\u0131k 100 euro olmas\u0131 konu\u015fuluyor. 20 ya\u015f\u0131ndan b\u00fcy\u00fck ara\u00e7lar i\u00e7in bu rakam\u0131n 125 euroya kadar \u00e7\u0131kabilece\u011fi belirtiliyor. Ayr\u0131ca g\u00fcnl\u00fck veya k\u0131sa s\u00fcreli vinyet se\u00e7eneklerinin de sunulmas\u0131 planlan\u0131yor. Bu se\u00e7eneklerin \u00f6zellikle turistler ve transit ge\u00e7en s\u00fcr\u00fcc\u00fcler i\u00e7in kolayl\u0131k sa\u011flamas\u0131 ama\u00e7lan\u0131yor.<\/p>\n\n\n\n<p><br>Yetkililer, yeni sistemle birlikte Bel\u00e7ika\u2019daki motorlu ta\u015f\u0131tlar vergisinin d\u00fc\u015f\u00fcr\u00fclece\u011fini ve b\u00f6ylece yerel s\u00fcr\u00fcc\u00fcler i\u00e7in toplam maliyetin artmayaca\u011f\u0131n\u0131 ifade ediyor. Uygulama, Bel\u00e7ika yollar\u0131nda yap\u0131lan kilometrelerin yar\u0131s\u0131ndan fazlas\u0131n\u0131 ger\u00e7ekle\u015ftiren yabanc\u0131 s\u00fcr\u00fcc\u00fcleri de kapsayacak.<\/p>\n\n\n\n<p><br>Yeni dijital tolvignet sistemiyle Bel\u00e7ika, yol kullan\u0131m\u0131n\u0131 daha merkezi ve teknolojik bir yap\u0131ya kavu\u015fturmay\u0131 hedefliyor.<\/p>\n","protected":false},"excerpt":{"rendered":"<p>Bel\u00e7ika\u2019da uzun s\u00fcredir g\u00fcndemde olan tolvignet uygulamas\u0131 hayata ge\u00e7meye haz\u0131rlan\u0131yor. Flandre ve Valonya b\u00f6lgeleri, hem yerli hem de yabanc\u0131 s\u00fcr\u00fcc\u00fcler i\u00e7in ge\u00e7erli olacak ortak bir dijital sistem \u00fczerinde \u00e7al\u0131\u015f\u0131yor. Yeni uygulaman\u0131n \u00f6n\u00fcm\u00fczdeki y\u0131ldan itibaren devreye al\u0131nmas\u0131 bekleniyor.Planlanan sisteme g\u00f6re, otoyollar ve \u00f6nemli b\u00f6lgesel yollar art\u0131k dijital tolvignet ile kullan\u0131labilecek. Yerel yollar ile Br\u00fcksel b\u00f6lgesi \u015fimdilik [&hellip;]<\/p>\n","protected":false},"author":2,"featured_media":1545,"comment_status":"open","ping_status":"open","sticky":false,"template":"","format":"standard","meta":{"footnotes":""},"categories":[21,13],"tags":[],"class_list":["post-1544","post","type-post","status-publish","format-standard","has-post-thumbnail","hentry","category-belcika","category-ekonomi"],"yoast_head":"<!-- This site is optimized with the Yoast SEO plugin v27.5 - https:\/\/yoast.com\/product\/yoast-seo-wordpress\/ -->\n<title>Bel\u00e7ika\u2019da Dijital Tolvignet D\u00f6nemi Ba\u015fl\u0131yor: S\u00fcr\u00fcc\u00fcleri Yeni Sistem Bekliyor - Avrupal\u0131 T\u00fcrklerin en Yeni Haber Portal\u0131<\/title>\n<meta name=\"robots\" content=\"index, follow, max-snippet:-1, max-image-preview:large, max-video-preview:-1\" \/>\n<link rel=\"canonical\" href=\"https:\/\/avrupatv.eu\/index.php\/2026\/01\/26\/belcikada-dijital-tolvignet-donemi-basliyor-suruculeri-yeni-sistem-bekliyor\/\" \/>\n<meta property=\"og:locale\" content=\"tr_TR\" \/>\n<meta property=\"og:type\" content=\"article\" \/>\n<meta property=\"og:title\" content=\"Bel\u00e7ika\u2019da Dijital Tolvignet D\u00f6nemi Ba\u015fl\u0131yor: S\u00fcr\u00fcc\u00fcleri Yeni Sistem Bekliyor - Avrupal\u0131 T\u00fcrklerin en Yeni Haber Portal\u0131\" \/>\n<meta property=\"og:description\" content=\"Bel\u00e7ika\u2019da uzun s\u00fcredir g\u00fcndemde olan tolvignet uygulamas\u0131 hayata ge\u00e7meye haz\u0131rlan\u0131yor. Flandre ve Valonya b\u00f6lgeleri, hem yerli hem de yabanc\u0131 s\u00fcr\u00fcc\u00fcler i\u00e7in ge\u00e7erli olacak ortak bir dijital sistem \u00fczerinde \u00e7al\u0131\u015f\u0131yor. Yeni uygulaman\u0131n \u00f6n\u00fcm\u00fczdeki y\u0131ldan itibaren devreye al\u0131nmas\u0131 bekleniyor.Planlanan sisteme g\u00f6re, otoyollar ve \u00f6nemli b\u00f6lgesel yollar art\u0131k dijital tolvignet ile kullan\u0131labilecek. Yerel yollar ile Br\u00fcksel b\u00f6lgesi \u015fimdilik [&hellip;]\" \/>\n<meta property=\"og:url\" content=\"https:\/\/avrupatv.eu\/index.php\/2026\/01\/26\/belcikada-dijital-tolvignet-donemi-basliyor-suruculeri-yeni-sistem-bekliyor\/\" \/>\n<meta property=\"og:site_name\" content=\"Avrupal\u0131 T\u00fcrklerin en Yeni Haber Portal\u0131\" \/>\n<meta property=\"article:published_time\" content=\"2026-01-26T11:07:26+00:00\" \/>\n<meta property=\"article:modified_time\" content=\"2026-01-26T11:07:27+00:00\" \/>\n<meta property=\"og:image\" content=\"https:\/\/avrupatv.eu\/wp-content\/uploads\/2026\/01\/images-1.png\" \/>\n\t<meta property=\"og:image:width\" content=\"500\" \/>\n\t<meta property=\"og:image:height\" content=\"500\" \/>\n\t<meta property=\"og:image:type\" content=\"image\/png\" \/>\n<meta name=\"author\" content=\"Onur Akpinar\" \/>\n<meta name=\"twitter:card\" content=\"summary_large_image\" \/>\n<meta name=\"twitter:label1\" content=\"Yazan:\" \/>\n\t<meta name=\"twitter:data1\" content=\"Onur Akpinar\" \/>\n\t<meta name=\"twitter:label2\" content=\"Tahmini okuma s\u00fcresi\" \/>\n\t<meta name=\"twitter:data2\" content=\"2 dakika\" \/>\n<script type=\"application\/ld+json\" class=\"yoast-schema-graph\">{\"@context\":\"https:\\\/\\\/schema.org\",\"@graph\":[{\"@type\":\"Article\",\"@id\":\"https:\\\/\\\/avrupatv.eu\\\/index.php\\\/2026\\\/01\\\/26\\\/belcikada-dijital-tolvignet-donemi-basliyor-suruculeri-yeni-sistem-bekliyor\\\/#article\",\"isPartOf\":{\"@id\":\"https:\\\/\\\/avrupatv.eu\\\/index.php\\\/2026\\\/01\\\/26\\\/belcikada-dijital-tolvignet-donemi-basliyor-suruculeri-yeni-sistem-bekliyor\\\/\"},\"author\":{\"name\":\"Onur Akpinar\",\"@id\":\"https:\\\/\\\/avrupatv.eu\\\/#\\\/schema\\\/person\\\/d56afa5d5569da4029d483da36c0c17d\"},\"headline\":\"Bel\u00e7ika\u2019da Dijital Tolvignet D\u00f6nemi Ba\u015fl\u0131yor: S\u00fcr\u00fcc\u00fcleri Yeni Sistem Bekliyor\",\"datePublished\":\"2026-01-26T11:07:26+00:00\",\"dateModified\":\"2026-01-26T11:07:27+00:00\",\"mainEntityOfPage\":{\"@id\":\"https:\\\/\\\/avrupatv.eu\\\/index.php\\\/2026\\\/01\\\/26\\\/belcikada-dijital-tolvignet-donemi-basliyor-suruculeri-yeni-sistem-bekliyor\\\/\"},\"wordCount\":304,\"commentCount\":0,\"publisher\":{\"@id\":\"https:\\\/\\\/avrupatv.eu\\\/#organization\"},\"image\":{\"@id\":\"https:\\\/\\\/avrupatv.eu\\\/index.php\\\/2026\\\/01\\\/26\\\/belcikada-dijital-tolvignet-donemi-basliyor-suruculeri-yeni-sistem-bekliyor\\\/#primaryimage\"},\"thumbnailUrl\":\"https:\\\/\\\/avrupatv.eu\\\/wp-content\\\/uploads\\\/2026\\\/01\\\/images-1.png\",\"articleSection\":[\"Bel\u00e7ika\",\"Ekonomi\"],\"inLanguage\":\"tr\",\"potentialAction\":[{\"@type\":\"CommentAction\",\"name\":\"Comment\",\"target\":[\"https:\\\/\\\/avrupatv.eu\\\/index.php\\\/2026\\\/01\\\/26\\\/belcikada-dijital-tolvignet-donemi-basliyor-suruculeri-yeni-sistem-bekliyor\\\/#respond\"]}]},{\"@type\":\"WebPage\",\"@id\":\"https:\\\/\\\/avrupatv.eu\\\/index.php\\\/2026\\\/01\\\/26\\\/belcikada-dijital-tolvignet-donemi-basliyor-suruculeri-yeni-sistem-bekliyor\\\/\",\"url\":\"https:\\\/\\\/avrupatv.eu\\\/index.php\\\/2026\\\/01\\\/26\\\/belcikada-dijital-tolvignet-donemi-basliyor-suruculeri-yeni-sistem-bekliyor\\\/\",\"name\":\"Bel\u00e7ika\u2019da Dijital Tolvignet D\u00f6nemi Ba\u015fl\u0131yor: S\u00fcr\u00fcc\u00fcleri Yeni Sistem Bekliyor - Avrupal\u0131 T\u00fcrklerin en Yeni Haber Portal\u0131\",\"isPartOf\":{\"@id\":\"https:\\\/\\\/avrupatv.eu\\\/#website\"},\"primaryImageOfPage\":{\"@id\":\"https:\\\/\\\/avrupatv.eu\\\/index.php\\\/2026\\\/01\\\/26\\\/belcikada-dijital-tolvignet-donemi-basliyor-suruculeri-yeni-sistem-bekliyor\\\/#primaryimage\"},\"image\":{\"@id\":\"https:\\\/\\\/avrupatv.eu\\\/index.php\\\/2026\\\/01\\\/26\\\/belcikada-dijital-tolvignet-donemi-basliyor-suruculeri-yeni-sistem-bekliyor\\\/#primaryimage\"},\"thumbnailUrl\":\"https:\\\/\\\/avrupatv.eu\\\/wp-content\\\/uploads\\\/2026\\\/01\\\/images-1.png\",\"datePublished\":\"2026-01-26T11:07:26+00:00\",\"dateModified\":\"2026-01-26T11:07:27+00:00\",\"breadcrumb\":{\"@id\":\"https:\\\/\\\/avrupatv.eu\\\/index.php\\\/2026\\\/01\\\/26\\\/belcikada-dijital-tolvignet-donemi-basliyor-suruculeri-yeni-sistem-bekliyor\\\/#breadcrumb\"},\"inLanguage\":\"tr\",\"potentialAction\":[{\"@type\":\"ReadAction\",\"target\":[\"https:\\\/\\\/avrupatv.eu\\\/index.php\\\/2026\\\/01\\\/26\\\/belcikada-dijital-tolvignet-donemi-basliyor-suruculeri-yeni-sistem-bekliyor\\\/\"]}]},{\"@type\":\"ImageObject\",\"inLanguage\":\"tr\",\"@id\":\"https:\\\/\\\/avrupatv.eu\\\/index.php\\\/2026\\\/01\\\/26\\\/belcikada-dijital-tolvignet-donemi-basliyor-suruculeri-yeni-sistem-bekliyor\\\/#primaryimage\",\"url\":\"https:\\\/\\\/avrupatv.eu\\\/wp-content\\\/uploads\\\/2026\\\/01\\\/images-1.png\",\"contentUrl\":\"https:\\\/\\\/avrupatv.eu\\\/wp-content\\\/uploads\\\/2026\\\/01\\\/images-1.png\",\"width\":500,\"height\":500},{\"@type\":\"BreadcrumbList\",\"@id\":\"https:\\\/\\\/avrupatv.eu\\\/index.php\\\/2026\\\/01\\\/26\\\/belcikada-dijital-tolvignet-donemi-basliyor-suruculeri-yeni-sistem-bekliyor\\\/#breadcrumb\",\"itemListElement\":[{\"@type\":\"ListItem\",\"position\":1,\"name\":\"Anasayfa\",\"item\":\"https:\\\/\\\/avrupatv.eu\\\/\"},{\"@type\":\"ListItem\",\"position\":2,\"name\":\"Bel\u00e7ika\u2019da Dijital Tolvignet D\u00f6nemi Ba\u015fl\u0131yor: S\u00fcr\u00fcc\u00fcleri Yeni Sistem Bekliyor\"}]},{\"@type\":\"WebSite\",\"@id\":\"https:\\\/\\\/avrupatv.eu\\\/#website\",\"url\":\"https:\\\/\\\/avrupatv.eu\\\/\",\"name\":\"Avrupal\u0131 T\u00fcrklerin en Yeni Haber Portal\u0131\",\"description\":\"\",\"publisher\":{\"@id\":\"https:\\\/\\\/avrupatv.eu\\\/#organization\"},\"alternateName\":\"Avrupa tv\",\"potentialAction\":[{\"@type\":\"SearchAction\",\"target\":{\"@type\":\"EntryPoint\",\"urlTemplate\":\"https:\\\/\\\/avrupatv.eu\\\/?s={search_term_string}\"},\"query-input\":{\"@type\":\"PropertyValueSpecification\",\"valueRequired\":true,\"valueName\":\"search_term_string\"}}],\"inLanguage\":\"tr\"},{\"@type\":\"Organization\",\"@id\":\"https:\\\/\\\/avrupatv.eu\\\/#organization\",\"name\":\"Avrupa Haber\",\"url\":\"https:\\\/\\\/avrupatv.eu\\\/\",\"logo\":{\"@type\":\"ImageObject\",\"inLanguage\":\"tr\",\"@id\":\"https:\\\/\\\/avrupatv.eu\\\/#\\\/schema\\\/logo\\\/image\\\/\",\"url\":\"https:\\\/\\\/avrupatv.eu\\\/wp-content\\\/uploads\\\/2023\\\/10\\\/cropped-thumbnail_logo.png\",\"contentUrl\":\"https:\\\/\\\/avrupatv.eu\\\/wp-content\\\/uploads\\\/2023\\\/10\\\/cropped-thumbnail_logo.png\",\"width\":1025,\"height\":302,\"caption\":\"Avrupa Haber\"},\"image\":{\"@id\":\"https:\\\/\\\/avrupatv.eu\\\/#\\\/schema\\\/logo\\\/image\\\/\"}},{\"@type\":\"Person\",\"@id\":\"https:\\\/\\\/avrupatv.eu\\\/#\\\/schema\\\/person\\\/d56afa5d5569da4029d483da36c0c17d\",\"name\":\"Onur Akpinar\",\"image\":{\"@type\":\"ImageObject\",\"inLanguage\":\"tr\",\"@id\":\"https:\\\/\\\/secure.gravatar.com\\\/avatar\\\/67a1a0bdf34f82da209334e4684b7e7171a58a5a2b0a8f836b61044f5c1f5d6a?s=96&d=mm&r=g\",\"url\":\"https:\\\/\\\/secure.gravatar.com\\\/avatar\\\/67a1a0bdf34f82da209334e4684b7e7171a58a5a2b0a8f836b61044f5c1f5d6a?s=96&d=mm&r=g\",\"contentUrl\":\"https:\\\/\\\/secure.gravatar.com\\\/avatar\\\/67a1a0bdf34f82da209334e4684b7e7171a58a5a2b0a8f836b61044f5c1f5d6a?s=96&d=mm&r=g\",\"caption\":\"Onur Akpinar\"},\"url\":\"https:\\\/\\\/avrupatv.eu\\\/index.php\\\/author\\\/onur-akpinar\\\/\"}]}<\/script>\n<!-- \/ Yoast SEO plugin. -->","yoast_head_json":{"title":"Bel\u00e7ika\u2019da Dijital Tolvignet D\u00f6nemi Ba\u015fl\u0131yor: S\u00fcr\u00fcc\u00fcleri Yeni Sistem Bekliyor - Avrupal\u0131 T\u00fcrklerin en Yeni Haber Portal\u0131","robots":{"index":"index","follow":"follow","max-snippet":"max-snippet:-1","max-image-preview":"max-image-preview:large","max-video-preview":"max-video-preview:-1"},"canonical":"https:\/\/avrupatv.eu\/index.php\/2026\/01\/26\/belcikada-dijital-tolvignet-donemi-basliyor-suruculeri-yeni-sistem-bekliyor\/","og_locale":"tr_TR","og_type":"article","og_title":"Bel\u00e7ika\u2019da Dijital Tolvignet D\u00f6nemi Ba\u015fl\u0131yor: S\u00fcr\u00fcc\u00fcleri Yeni Sistem Bekliyor - Avrupal\u0131 T\u00fcrklerin en Yeni Haber Portal\u0131","og_description":"Bel\u00e7ika\u2019da uzun s\u00fcredir g\u00fcndemde olan tolvignet uygulamas\u0131 hayata ge\u00e7meye haz\u0131rlan\u0131yor. Flandre ve Valonya b\u00f6lgeleri, hem yerli hem de yabanc\u0131 s\u00fcr\u00fcc\u00fcler i\u00e7in ge\u00e7erli olacak ortak bir dijital sistem \u00fczerinde \u00e7al\u0131\u015f\u0131yor. Yeni uygulaman\u0131n \u00f6n\u00fcm\u00fczdeki y\u0131ldan itibaren devreye al\u0131nmas\u0131 bekleniyor.Planlanan sisteme g\u00f6re, otoyollar ve \u00f6nemli b\u00f6lgesel yollar art\u0131k dijital tolvignet ile kullan\u0131labilecek. Yerel yollar ile Br\u00fcksel b\u00f6lgesi \u015fimdilik [&hellip;]","og_url":"https:\/\/avrupatv.eu\/index.php\/2026\/01\/26\/belcikada-dijital-tolvignet-donemi-basliyor-suruculeri-yeni-sistem-bekliyor\/","og_site_name":"Avrupal\u0131 T\u00fcrklerin en Yeni Haber Portal\u0131","article_published_time":"2026-01-26T11:07:26+00:00","article_modified_time":"2026-01-26T11:07:27+00:00","og_image":[{"width":500,"height":500,"url":"https:\/\/avrupatv.eu\/wp-content\/uploads\/2026\/01\/images-1.png","type":"image\/png"}],"author":"Onur Akpinar","twitter_card":"summary_large_image","twitter_misc":{"Yazan:":"Onur Akpinar","Tahmini okuma s\u00fcresi":"2 dakika"},"schema":{"@context":"https:\/\/schema.org","@graph":[{"@type":"Article","@id":"https:\/\/avrupatv.eu\/index.php\/2026\/01\/26\/belcikada-dijital-tolvignet-donemi-basliyor-suruculeri-yeni-sistem-bekliyor\/#article","isPartOf":{"@id":"https:\/\/avrupatv.eu\/index.php\/2026\/01\/26\/belcikada-dijital-tolvignet-donemi-basliyor-suruculeri-yeni-sistem-bekliyor\/"},"author":{"name":"Onur Akpinar","@id":"https:\/\/avrupatv.eu\/#\/schema\/person\/d56afa5d5569da4029d483da36c0c17d"},"headline":"Bel\u00e7ika\u2019da Dijital Tolvignet D\u00f6nemi Ba\u015fl\u0131yor: S\u00fcr\u00fcc\u00fcleri Yeni Sistem Bekliyor","datePublished":"2026-01-26T11:07:26+00:00","dateModified":"2026-01-26T11:07:27+00:00","mainEntityOfPage":{"@id":"https:\/\/avrupatv.eu\/index.php\/2026\/01\/26\/belcikada-dijital-tolvignet-donemi-basliyor-suruculeri-yeni-sistem-bekliyor\/"},"wordCount":304,"commentCount":0,"publisher":{"@id":"https:\/\/avrupatv.eu\/#organization"},"image":{"@id":"https:\/\/avrupatv.eu\/index.php\/2026\/01\/26\/belcikada-dijital-tolvignet-donemi-basliyor-suruculeri-yeni-sistem-bekliyor\/#primaryimage"},"thumbnailUrl":"https:\/\/avrupatv.eu\/wp-content\/uploads\/2026\/01\/images-1.png","articleSection":["Bel\u00e7ika","Ekonomi"],"inLanguage":"tr","potentialAction":[{"@type":"CommentAction","name":"Comment","target":["https:\/\/avrupatv.eu\/index.php\/2026\/01\/26\/belcikada-dijital-tolvignet-donemi-basliyor-suruculeri-yeni-sistem-bekliyor\/#respond"]}]},{"@type":"WebPage","@id":"https:\/\/avrupatv.eu\/index.php\/2026\/01\/26\/belcikada-dijital-tolvignet-donemi-basliyor-suruculeri-yeni-sistem-bekliyor\/","url":"https:\/\/avrupatv.eu\/index.php\/2026\/01\/26\/belcikada-dijital-tolvignet-donemi-basliyor-suruculeri-yeni-sistem-bekliyor\/","name":"Bel\u00e7ika\u2019da Dijital Tolvignet D\u00f6nemi Ba\u015fl\u0131yor: S\u00fcr\u00fcc\u00fcleri Yeni Sistem Bekliyor - Avrupal\u0131 T\u00fcrklerin en Yeni Haber Portal\u0131","isPartOf":{"@id":"https:\/\/avrupatv.eu\/#website"},"primaryImageOfPage":{"@id":"https:\/\/avrupatv.eu\/index.php\/2026\/01\/26\/belcikada-dijital-tolvignet-donemi-basliyor-suruculeri-yeni-sistem-bekliyor\/#primaryimage"},"image":{"@id":"https:\/\/avrupatv.eu\/index.php\/2026\/01\/26\/belcikada-dijital-tolvignet-donemi-basliyor-suruculeri-yeni-sistem-bekliyor\/#primaryimage"},"thumbnailUrl":"https:\/\/avrupatv.eu\/wp-content\/uploads\/2026\/01\/images-1.png","datePublished":"2026-01-26T11:07:26+00:00","dateModified":"2026-01-26T11:07:27+00:00","breadcrumb":{"@id":"https:\/\/avrupatv.eu\/index.php\/2026\/01\/26\/belcikada-dijital-tolvignet-donemi-basliyor-suruculeri-yeni-sistem-bekliyor\/#breadcrumb"},"inLanguage":"tr","potentialAction":[{"@type":"ReadAction","target":["https:\/\/avrupatv.eu\/index.php\/2026\/01\/26\/belcikada-dijital-tolvignet-donemi-basliyor-suruculeri-yeni-sistem-bekliyor\/"]}]},{"@type":"ImageObject","inLanguage":"tr","@id":"https:\/\/avrupatv.eu\/index.php\/2026\/01\/26\/belcikada-dijital-tolvignet-donemi-basliyor-suruculeri-yeni-sistem-bekliyor\/#primaryimage","url":"https:\/\/avrupatv.eu\/wp-content\/uploads\/2026\/01\/images-1.png","contentUrl":"https:\/\/avrupatv.eu\/wp-content\/uploads\/2026\/01\/images-1.png","width":500,"height":500},{"@type":"BreadcrumbList","@id":"https:\/\/avrupatv.eu\/index.php\/2026\/01\/26\/belcikada-dijital-tolvignet-donemi-basliyor-suruculeri-yeni-sistem-bekliyor\/#breadcrumb","itemListElement":[{"@type":"ListItem","position":1,"name":"Anasayfa","item":"https:\/\/avrupatv.eu\/"},{"@type":"ListItem","position":2,"name":"Bel\u00e7ika\u2019da Dijital Tolvignet D\u00f6nemi Ba\u015fl\u0131yor: S\u00fcr\u00fcc\u00fcleri Yeni Sistem Bekliyor"}]},{"@type":"WebSite","@id":"https:\/\/avrupatv.eu\/#website","url":"https:\/\/avrupatv.eu\/","name":"Avrupal\u0131 T\u00fcrklerin en Yeni Haber Portal\u0131","description":"","publisher":{"@id":"https:\/\/avrupatv.eu\/#organization"},"alternateName":"Avrupa tv","potentialAction":[{"@type":"SearchAction","target":{"@type":"EntryPoint","urlTemplate":"https:\/\/avrupatv.eu\/?s={search_term_string}"},"query-input":{"@type":"PropertyValueSpecification","valueRequired":true,"valueName":"search_term_string"}}],"inLanguage":"tr"},{"@type":"Organization","@id":"https:\/\/avrupatv.eu\/#organization","name":"Avrupa Haber","url":"https:\/\/avrupatv.eu\/","logo":{"@type":"ImageObject","inLanguage":"tr","@id":"https:\/\/avrupatv.eu\/#\/schema\/logo\/image\/","url":"https:\/\/avrupatv.eu\/wp-content\/uploads\/2023\/10\/cropped-thumbnail_logo.png","contentUrl":"https:\/\/avrupatv.eu\/wp-content\/uploads\/2023\/10\/cropped-thumbnail_logo.png","width":1025,"height":302,"caption":"Avrupa Haber"},"image":{"@id":"https:\/\/avrupatv.eu\/#\/schema\/logo\/image\/"}},{"@type":"Person","@id":"https:\/\/avrupatv.eu\/#\/schema\/person\/d56afa5d5569da4029d483da36c0c17d","name":"Onur Akpinar","image":{"@type":"ImageObject","inLanguage":"tr","@id":"https:\/\/secure.gravatar.com\/avatar\/67a1a0bdf34f82da209334e4684b7e7171a58a5a2b0a8f836b61044f5c1f5d6a?s=96&d=mm&r=g","url":"https:\/\/secure.gravatar.com\/avatar\/67a1a0bdf34f82da209334e4684b7e7171a58a5a2b0a8f836b61044f5c1f5d6a?s=96&d=mm&r=g","contentUrl":"https:\/\/secure.gravatar.com\/avatar\/67a1a0bdf34f82da209334e4684b7e7171a58a5a2b0a8f836b61044f5c1f5d6a?s=96&d=mm&r=g","caption":"Onur Akpinar"},"url":"https:\/\/avrupatv.eu\/index.php\/author\/onur-akpinar\/"}]}},"_links":{"self":[{"href":"https:\/\/avrupatv.eu\/index.php\/wp-json\/wp\/v2\/posts\/1544","targetHints":{"allow":["GET"]}}],"collection":[{"href":"https:\/\/avrupatv.eu\/index.php\/wp-json\/wp\/v2\/posts"}],"about":[{"href":"https:\/\/avrupatv.eu\/index.php\/wp-json\/wp\/v2\/types\/post"}],"author":[{"embeddable":true,"href":"https:\/\/avrupatv.eu\/index.php\/wp-json\/wp\/v2\/users\/2"}],"replies":[{"embeddable":true,"href":"https:\/\/avrupatv.eu\/index.php\/wp-json\/wp\/v2\/comments?post=1544"}],"version-history":[{"count":1,"href":"https:\/\/avrupatv.eu\/index.php\/wp-json\/wp\/v2\/posts\/1544\/revisions"}],"predecessor-version":[{"id":1546,"href":"https:\/\/avrupatv.eu\/index.php\/wp-json\/wp\/v2\/posts\/1544\/revisions\/1546"}],"wp:featuredmedia":[{"embeddable":true,"href":"https:\/\/avrupatv.eu\/index.php\/wp-json\/wp\/v2\/media\/1545"}],"wp:attachment":[{"href":"https:\/\/avrupatv.eu\/index.php\/wp-json\/wp\/v2\/media?parent=1544"}],"wp:term":[{"taxonomy":"category","embeddable":true,"href":"https:\/\/avrupatv.eu\/index.php\/wp-json\/wp\/v2\/categories?post=1544"},{"taxonomy":"post_tag","embeddable":true,"href":"https:\/\/avrupatv.eu\/index.php\/wp-json\/wp\/v2\/tags?post=1544"}],"curies":[{"name":"wp","href":"https:\/\/api.w.org\/{rel}","templated":true}]}}