{"id":1526,"date":"2026-01-01T17:07:26","date_gmt":"2026-01-01T17:07:26","guid":{"rendered":"https:\/\/avrupatv.eu\/?p=1526"},"modified":"2026-01-01T17:07:27","modified_gmt":"2026-01-01T17:07:27","slug":"belcikada-yilbasi-gecesi-golgede-kaldi","status":"publish","type":"post","link":"https:\/\/avrupatv.eu\/index.php\/2026\/01\/01\/belcikada-yilbasi-gecesi-golgede-kaldi\/","title":{"rendered":"BEL\u00c7\u0130KA\u2019DA YILBA\u015eI GECES\u0130 G\u00d6LGEDE KALDI"},"content":{"rendered":"\n<h3 class=\"wp-block-heading\">Polis ve yard\u0131m ekipleri hedef al\u0131nd\u0131, \u00e7ok say\u0131da g\u00f6zalt\u0131, yaral\u0131lar var<\/h3>\n\n\n\n<p>Bel\u00e7ika\u2019da 2025\u2019ten 2026\u2019ya ge\u00e7i\u015f, bir\u00e7ok \u015fehirde ciddi g\u00fcvenlik olaylar\u0131yla g\u00f6lgelendi. Ba\u015fta <strong>Br\u00fcksel ve Antwerpen<\/strong> olmak \u00fczere \u00e7ok say\u0131da kentte polis, ambulans ve itfaiye ekipleri <strong>havai fi\u015fek, ta\u015f ve yan\u0131c\u0131 maddelerle hedef al\u0131nd\u0131<\/strong>.<\/p>\n\n\n\n<h3 class=\"wp-block-heading\">ANTWERPEN: \u201cYARDIM EK\u0130PLER\u0130 \u0130\u00c7\u0130N G\u00dcVENL\u0130 DE\u011e\u0130LD\u0130\u201d<\/h3>\n\n\n\n<p>Antwerpen Polisi, gece boyunca \u00e7ok say\u0131da olay nedeniyle m\u00fcdahale etmek zorunda kald\u0131klar\u0131n\u0131 a\u00e7\u0131klad\u0131. Driekoningenstraat \u00e7evresinde ara\u00e7lar ate\u015fe verildi, polis ve yard\u0131m ara\u00e7lar\u0131na havai fi\u015fek ve ta\u015f at\u0131ld\u0131.<br>Polis, \u201cYard\u0131m ekiplerinin g\u00fcvenli \u015fekilde g\u00f6rev yapmas\u0131 m\u00fcmk\u00fcn de\u011fildi\u201d a\u00e7\u0131klamas\u0131nda bulundu.<\/p>\n\n\n\n<p>Ayn\u0131 kentte <strong>12 ya\u015f\u0131ndaki bir \u00e7ocuk<\/strong>, havai fi\u015fek nedeniyle a\u011f\u0131r yaraland\u0131 ve hastaneye kald\u0131r\u0131ld\u0131. Hayati tehlikesinin bulunmad\u0131\u011f\u0131 bildirildi.<\/p>\n\n\n\n<h3 class=\"wp-block-heading\">BR\u00dcKSEL VE MOLENBEEK\u2019TE OLAYLAR<\/h3>\n\n\n\n<p>Br\u00fcksel\u2019de de y\u0131lba\u015f\u0131 gecesi boyunca polis ve itfaiye ara\u00e7lar\u0131 yatay at\u0131lan havai fi\u015feklerle hedef al\u0131nd\u0131. Molenbeek\u2019te Zwarte Vijvers metro istasyonu \u00e7evresinde \u00e7\u0131kan olaylarda polis <strong>tazyikli su<\/strong> kulland\u0131.<\/p>\n\n\n\n<p>Br\u00fcksel polisi, gece boyunca <strong>63 ki\u015finin g\u00f6zalt\u0131na al\u0131nd\u0131\u011f\u0131n\u0131<\/strong>, 2 polisin trafik kontrol\u00fc s\u0131ras\u0131nda, 1 polisin ise havai fi\u015fekle yaraland\u0131\u011f\u0131n\u0131 duyurdu. \u00c7ok say\u0131da tramvay, otob\u00fcs ve sokak mobilyas\u0131 zarar g\u00f6rd\u00fc.<\/p>\n\n\n\n<h3 class=\"wp-block-heading\">G\u00d6ZALTILAR, YARALILAR VE HASAR<\/h3>\n\n\n\n<ul class=\"wp-block-list\">\n<li><strong>Antwerpen<\/strong>: 100\u2019\u00fcn \u00fczerinde g\u00f6zalt\u0131<\/li>\n\n\n\n<li><strong>Br\u00fcksel<\/strong>: 63 g\u00f6zalt\u0131<\/li>\n\n\n\n<li><strong>Gent<\/strong>: 28 g\u00f6zalt\u0131 (18\u2019i re\u015fit de\u011fil)<\/li>\n\n\n\n<li><strong>Rivierenland (Mechelen)<\/strong>: 10 g\u00f6zalt\u0131<\/li>\n\n\n\n<li><strong>Bat\u0131 Flandre<\/strong>: Yakla\u015f\u0131k 20 g\u00f6zalt\u0131<\/li>\n<\/ul>\n\n\n\n<p>Antwerpen\u2019de Ziekenhuis aan de Stroom hastane grubunda yaln\u0131zca bir gecede <strong>200 ki\u015fi tedavi edildi<\/strong>. Bunlar\u0131n 6\u2019s\u0131 havai fi\u015fek yaralanmas\u0131yd\u0131 ve \u00e7o\u011fu <strong>re\u015fit olmayanlardan<\/strong> olu\u015ftu.<\/p>\n\n\n\n<h3 class=\"wp-block-heading\">\u201cFA\u0130LLER G\u0130DEREK DAHA DA GEN\u00c7\u201d<\/h3>\n\n\n\n<p>Antwerpen Belediye Ba\u015fkan Yard\u0131mc\u0131s\u0131 Els van Doesburg, olaylara kar\u0131\u015fanlar\u0131n ya\u015f\u0131na dikkat \u00e7ekerek, \u201cBunlar art\u0131k gen\u00e7ler de\u011fil, \u00e7ocuklar. 10-11 ya\u015f\u0131nda olanlar var. Bu ciddi bir norm kayb\u0131d\u0131r\u201d dedi.<\/p>\n\n\n\n<h3 class=\"wp-block-heading\">HEIZEL\u2019DE FARKLI TABLO<\/h3>\n\n\n\n<p>T\u00fcm bu olaylara kar\u015f\u0131n Br\u00fcksel Heizel b\u00f6lgesinde <strong>90 binden fazla ki\u015fi<\/strong> yeni y\u0131l\u0131 sorunsuz \u015fekilde kar\u015f\u0131lad\u0131. Atomium \u00e7evresindeki kutlamalar ve Brussels Expo\u2019daki festivalde ciddi bir olay ya\u015fanmad\u0131.<\/p>\n\n\n\n<h3 class=\"wp-block-heading\">YETK\u0130L\u0130LERDEN MESAJ<\/h3>\n\n\n\n<p>Polis ve yerel y\u00f6netimler, \u00f6zellikle <strong>yasad\u0131\u015f\u0131 havai fi\u015fek kullan\u0131m\u0131<\/strong>, re\u015fit olmayanlar\u0131n kar\u0131\u015ft\u0131\u011f\u0131 olaylar ve yard\u0131m ekiplerinin hedef al\u0131nmas\u0131n\u0131n kabul edilemez oldu\u011funu vurgulad\u0131. Yetkililer, olaylara kar\u0131\u015fanlar hakk\u0131nda <strong>idari ve adli i\u015flemlerin s\u00fcrece\u011fini<\/strong> bildirdi.<\/p>\n","protected":false},"excerpt":{"rendered":"<p>Polis ve yard\u0131m ekipleri hedef al\u0131nd\u0131, \u00e7ok say\u0131da g\u00f6zalt\u0131, yaral\u0131lar var Bel\u00e7ika\u2019da 2025\u2019ten 2026\u2019ya ge\u00e7i\u015f, bir\u00e7ok \u015fehirde ciddi g\u00fcvenlik olaylar\u0131yla g\u00f6lgelendi. Ba\u015fta Br\u00fcksel ve Antwerpen olmak \u00fczere \u00e7ok say\u0131da kentte polis, ambulans ve itfaiye ekipleri havai fi\u015fek, ta\u015f ve yan\u0131c\u0131 maddelerle hedef al\u0131nd\u0131. ANTWERPEN: \u201cYARDIM EK\u0130PLER\u0130 \u0130\u00c7\u0130N G\u00dcVENL\u0130 DE\u011e\u0130LD\u0130\u201d Antwerpen Polisi, gece boyunca \u00e7ok say\u0131da [&hellip;]<\/p>\n","protected":false},"author":2,"featured_media":1527,"comment_status":"open","ping_status":"open","sticky":false,"template":"","format":"standard","meta":{"footnotes":""},"categories":[21],"tags":[],"class_list":["post-1526","post","type-post","status-publish","format-standard","has-post-thumbnail","hentry","category-belcika"],"yoast_head":"<!-- This site is optimized with the Yoast SEO plugin v27.5 - https:\/\/yoast.com\/product\/yoast-seo-wordpress\/ -->\n<title>BEL\u00c7\u0130KA\u2019DA YILBA\u015eI GECES\u0130 G\u00d6LGEDE KALDI - Avrupal\u0131 T\u00fcrklerin en Yeni Haber Portal\u0131<\/title>\n<meta name=\"robots\" content=\"index, follow, max-snippet:-1, max-image-preview:large, max-video-preview:-1\" \/>\n<link rel=\"canonical\" href=\"https:\/\/avrupatv.eu\/index.php\/2026\/01\/01\/belcikada-yilbasi-gecesi-golgede-kaldi\/\" \/>\n<meta property=\"og:locale\" content=\"tr_TR\" \/>\n<meta property=\"og:type\" content=\"article\" \/>\n<meta property=\"og:title\" content=\"BEL\u00c7\u0130KA\u2019DA YILBA\u015eI GECES\u0130 G\u00d6LGEDE KALDI - Avrupal\u0131 T\u00fcrklerin en Yeni Haber Portal\u0131\" \/>\n<meta property=\"og:description\" content=\"Polis ve yard\u0131m ekipleri hedef al\u0131nd\u0131, \u00e7ok say\u0131da g\u00f6zalt\u0131, yaral\u0131lar var Bel\u00e7ika\u2019da 2025\u2019ten 2026\u2019ya ge\u00e7i\u015f, bir\u00e7ok \u015fehirde ciddi g\u00fcvenlik olaylar\u0131yla g\u00f6lgelendi. Ba\u015fta Br\u00fcksel ve Antwerpen olmak \u00fczere \u00e7ok say\u0131da kentte polis, ambulans ve itfaiye ekipleri havai fi\u015fek, ta\u015f ve yan\u0131c\u0131 maddelerle hedef al\u0131nd\u0131. ANTWERPEN: \u201cYARDIM EK\u0130PLER\u0130 \u0130\u00c7\u0130N G\u00dcVENL\u0130 DE\u011e\u0130LD\u0130\u201d Antwerpen Polisi, gece boyunca \u00e7ok say\u0131da [&hellip;]\" \/>\n<meta property=\"og:url\" content=\"https:\/\/avrupatv.eu\/index.php\/2026\/01\/01\/belcikada-yilbasi-gecesi-golgede-kaldi\/\" \/>\n<meta property=\"og:site_name\" content=\"Avrupal\u0131 T\u00fcrklerin en Yeni Haber Portal\u0131\" \/>\n<meta property=\"article:published_time\" content=\"2026-01-01T17:07:26+00:00\" \/>\n<meta property=\"article:modified_time\" content=\"2026-01-01T17:07:27+00:00\" \/>\n<meta property=\"og:image\" content=\"https:\/\/avrupatv.eu\/wp-content\/uploads\/2026\/01\/atomium-todaylife-1368-Version-2-scaled.jpg\" \/>\n\t<meta property=\"og:image:width\" content=\"2560\" \/>\n\t<meta property=\"og:image:height\" content=\"1439\" \/>\n\t<meta property=\"og:image:type\" content=\"image\/jpeg\" \/>\n<meta name=\"author\" content=\"Onur Akpinar\" \/>\n<meta name=\"twitter:card\" content=\"summary_large_image\" \/>\n<meta name=\"twitter:label1\" content=\"Yazan:\" \/>\n\t<meta name=\"twitter:data1\" content=\"Onur Akpinar\" \/>\n\t<meta name=\"twitter:label2\" content=\"Tahmini okuma s\u00fcresi\" \/>\n\t<meta name=\"twitter:data2\" content=\"3 dakika\" \/>\n<script type=\"application\/ld+json\" class=\"yoast-schema-graph\">{\"@context\":\"https:\\\/\\\/schema.org\",\"@graph\":[{\"@type\":\"Article\",\"@id\":\"https:\\\/\\\/avrupatv.eu\\\/index.php\\\/2026\\\/01\\\/01\\\/belcikada-yilbasi-gecesi-golgede-kaldi\\\/#article\",\"isPartOf\":{\"@id\":\"https:\\\/\\\/avrupatv.eu\\\/index.php\\\/2026\\\/01\\\/01\\\/belcikada-yilbasi-gecesi-golgede-kaldi\\\/\"},\"author\":{\"name\":\"Onur Akpinar\",\"@id\":\"https:\\\/\\\/avrupatv.eu\\\/#\\\/schema\\\/person\\\/d56afa5d5569da4029d483da36c0c17d\"},\"headline\":\"BEL\u00c7\u0130KA\u2019DA YILBA\u015eI GECES\u0130 G\u00d6LGEDE KALDI\",\"datePublished\":\"2026-01-01T17:07:26+00:00\",\"dateModified\":\"2026-01-01T17:07:27+00:00\",\"mainEntityOfPage\":{\"@id\":\"https:\\\/\\\/avrupatv.eu\\\/index.php\\\/2026\\\/01\\\/01\\\/belcikada-yilbasi-gecesi-golgede-kaldi\\\/\"},\"wordCount\":440,\"commentCount\":0,\"publisher\":{\"@id\":\"https:\\\/\\\/avrupatv.eu\\\/#organization\"},\"image\":{\"@id\":\"https:\\\/\\\/avrupatv.eu\\\/index.php\\\/2026\\\/01\\\/01\\\/belcikada-yilbasi-gecesi-golgede-kaldi\\\/#primaryimage\"},\"thumbnailUrl\":\"https:\\\/\\\/avrupatv.eu\\\/wp-content\\\/uploads\\\/2026\\\/01\\\/atomium-todaylife-1368-Version-2-scaled.jpg\",\"articleSection\":[\"Bel\u00e7ika\"],\"inLanguage\":\"tr\",\"potentialAction\":[{\"@type\":\"CommentAction\",\"name\":\"Comment\",\"target\":[\"https:\\\/\\\/avrupatv.eu\\\/index.php\\\/2026\\\/01\\\/01\\\/belcikada-yilbasi-gecesi-golgede-kaldi\\\/#respond\"]}]},{\"@type\":\"WebPage\",\"@id\":\"https:\\\/\\\/avrupatv.eu\\\/index.php\\\/2026\\\/01\\\/01\\\/belcikada-yilbasi-gecesi-golgede-kaldi\\\/\",\"url\":\"https:\\\/\\\/avrupatv.eu\\\/index.php\\\/2026\\\/01\\\/01\\\/belcikada-yilbasi-gecesi-golgede-kaldi\\\/\",\"name\":\"BEL\u00c7\u0130KA\u2019DA YILBA\u015eI GECES\u0130 G\u00d6LGEDE KALDI - Avrupal\u0131 T\u00fcrklerin en Yeni Haber Portal\u0131\",\"isPartOf\":{\"@id\":\"https:\\\/\\\/avrupatv.eu\\\/#website\"},\"primaryImageOfPage\":{\"@id\":\"https:\\\/\\\/avrupatv.eu\\\/index.php\\\/2026\\\/01\\\/01\\\/belcikada-yilbasi-gecesi-golgede-kaldi\\\/#primaryimage\"},\"image\":{\"@id\":\"https:\\\/\\\/avrupatv.eu\\\/index.php\\\/2026\\\/01\\\/01\\\/belcikada-yilbasi-gecesi-golgede-kaldi\\\/#primaryimage\"},\"thumbnailUrl\":\"https:\\\/\\\/avrupatv.eu\\\/wp-content\\\/uploads\\\/2026\\\/01\\\/atomium-todaylife-1368-Version-2-scaled.jpg\",\"datePublished\":\"2026-01-01T17:07:26+00:00\",\"dateModified\":\"2026-01-01T17:07:27+00:00\",\"breadcrumb\":{\"@id\":\"https:\\\/\\\/avrupatv.eu\\\/index.php\\\/2026\\\/01\\\/01\\\/belcikada-yilbasi-gecesi-golgede-kaldi\\\/#breadcrumb\"},\"inLanguage\":\"tr\",\"potentialAction\":[{\"@type\":\"ReadAction\",\"target\":[\"https:\\\/\\\/avrupatv.eu\\\/index.php\\\/2026\\\/01\\\/01\\\/belcikada-yilbasi-gecesi-golgede-kaldi\\\/\"]}]},{\"@type\":\"ImageObject\",\"inLanguage\":\"tr\",\"@id\":\"https:\\\/\\\/avrupatv.eu\\\/index.php\\\/2026\\\/01\\\/01\\\/belcikada-yilbasi-gecesi-golgede-kaldi\\\/#primaryimage\",\"url\":\"https:\\\/\\\/avrupatv.eu\\\/wp-content\\\/uploads\\\/2026\\\/01\\\/atomium-todaylife-1368-Version-2-scaled.jpg\",\"contentUrl\":\"https:\\\/\\\/avrupatv.eu\\\/wp-content\\\/uploads\\\/2026\\\/01\\\/atomium-todaylife-1368-Version-2-scaled.jpg\",\"width\":2560,\"height\":1439},{\"@type\":\"BreadcrumbList\",\"@id\":\"https:\\\/\\\/avrupatv.eu\\\/index.php\\\/2026\\\/01\\\/01\\\/belcikada-yilbasi-gecesi-golgede-kaldi\\\/#breadcrumb\",\"itemListElement\":[{\"@type\":\"ListItem\",\"position\":1,\"name\":\"Anasayfa\",\"item\":\"https:\\\/\\\/avrupatv.eu\\\/\"},{\"@type\":\"ListItem\",\"position\":2,\"name\":\"BEL\u00c7\u0130KA\u2019DA YILBA\u015eI GECES\u0130 G\u00d6LGEDE KALDI\"}]},{\"@type\":\"WebSite\",\"@id\":\"https:\\\/\\\/avrupatv.eu\\\/#website\",\"url\":\"https:\\\/\\\/avrupatv.eu\\\/\",\"name\":\"Avrupal\u0131 T\u00fcrklerin en Yeni Haber Portal\u0131\",\"description\":\"\",\"publisher\":{\"@id\":\"https:\\\/\\\/avrupatv.eu\\\/#organization\"},\"alternateName\":\"Avrupa tv\",\"potentialAction\":[{\"@type\":\"SearchAction\",\"target\":{\"@type\":\"EntryPoint\",\"urlTemplate\":\"https:\\\/\\\/avrupatv.eu\\\/?s={search_term_string}\"},\"query-input\":{\"@type\":\"PropertyValueSpecification\",\"valueRequired\":true,\"valueName\":\"search_term_string\"}}],\"inLanguage\":\"tr\"},{\"@type\":\"Organization\",\"@id\":\"https:\\\/\\\/avrupatv.eu\\\/#organization\",\"name\":\"Avrupa Haber\",\"url\":\"https:\\\/\\\/avrupatv.eu\\\/\",\"logo\":{\"@type\":\"ImageObject\",\"inLanguage\":\"tr\",\"@id\":\"https:\\\/\\\/avrupatv.eu\\\/#\\\/schema\\\/logo\\\/image\\\/\",\"url\":\"https:\\\/\\\/avrupatv.eu\\\/wp-content\\\/uploads\\\/2023\\\/10\\\/cropped-thumbnail_logo.png\",\"contentUrl\":\"https:\\\/\\\/avrupatv.eu\\\/wp-content\\\/uploads\\\/2023\\\/10\\\/cropped-thumbnail_logo.png\",\"width\":1025,\"height\":302,\"caption\":\"Avrupa Haber\"},\"image\":{\"@id\":\"https:\\\/\\\/avrupatv.eu\\\/#\\\/schema\\\/logo\\\/image\\\/\"}},{\"@type\":\"Person\",\"@id\":\"https:\\\/\\\/avrupatv.eu\\\/#\\\/schema\\\/person\\\/d56afa5d5569da4029d483da36c0c17d\",\"name\":\"Onur Akpinar\",\"image\":{\"@type\":\"ImageObject\",\"inLanguage\":\"tr\",\"@id\":\"https:\\\/\\\/secure.gravatar.com\\\/avatar\\\/67a1a0bdf34f82da209334e4684b7e7171a58a5a2b0a8f836b61044f5c1f5d6a?s=96&d=mm&r=g\",\"url\":\"https:\\\/\\\/secure.gravatar.com\\\/avatar\\\/67a1a0bdf34f82da209334e4684b7e7171a58a5a2b0a8f836b61044f5c1f5d6a?s=96&d=mm&r=g\",\"contentUrl\":\"https:\\\/\\\/secure.gravatar.com\\\/avatar\\\/67a1a0bdf34f82da209334e4684b7e7171a58a5a2b0a8f836b61044f5c1f5d6a?s=96&d=mm&r=g\",\"caption\":\"Onur Akpinar\"},\"url\":\"https:\\\/\\\/avrupatv.eu\\\/index.php\\\/author\\\/onur-akpinar\\\/\"}]}<\/script>\n<!-- \/ Yoast SEO plugin. -->","yoast_head_json":{"title":"BEL\u00c7\u0130KA\u2019DA YILBA\u015eI GECES\u0130 G\u00d6LGEDE KALDI - Avrupal\u0131 T\u00fcrklerin en Yeni Haber Portal\u0131","robots":{"index":"index","follow":"follow","max-snippet":"max-snippet:-1","max-image-preview":"max-image-preview:large","max-video-preview":"max-video-preview:-1"},"canonical":"https:\/\/avrupatv.eu\/index.php\/2026\/01\/01\/belcikada-yilbasi-gecesi-golgede-kaldi\/","og_locale":"tr_TR","og_type":"article","og_title":"BEL\u00c7\u0130KA\u2019DA YILBA\u015eI GECES\u0130 G\u00d6LGEDE KALDI - Avrupal\u0131 T\u00fcrklerin en Yeni Haber Portal\u0131","og_description":"Polis ve yard\u0131m ekipleri hedef al\u0131nd\u0131, \u00e7ok say\u0131da g\u00f6zalt\u0131, yaral\u0131lar var Bel\u00e7ika\u2019da 2025\u2019ten 2026\u2019ya ge\u00e7i\u015f, bir\u00e7ok \u015fehirde ciddi g\u00fcvenlik olaylar\u0131yla g\u00f6lgelendi. Ba\u015fta Br\u00fcksel ve Antwerpen olmak \u00fczere \u00e7ok say\u0131da kentte polis, ambulans ve itfaiye ekipleri havai fi\u015fek, ta\u015f ve yan\u0131c\u0131 maddelerle hedef al\u0131nd\u0131. ANTWERPEN: \u201cYARDIM EK\u0130PLER\u0130 \u0130\u00c7\u0130N G\u00dcVENL\u0130 DE\u011e\u0130LD\u0130\u201d Antwerpen Polisi, gece boyunca \u00e7ok say\u0131da [&hellip;]","og_url":"https:\/\/avrupatv.eu\/index.php\/2026\/01\/01\/belcikada-yilbasi-gecesi-golgede-kaldi\/","og_site_name":"Avrupal\u0131 T\u00fcrklerin en Yeni Haber Portal\u0131","article_published_time":"2026-01-01T17:07:26+00:00","article_modified_time":"2026-01-01T17:07:27+00:00","og_image":[{"width":2560,"height":1439,"url":"https:\/\/avrupatv.eu\/wp-content\/uploads\/2026\/01\/atomium-todaylife-1368-Version-2-scaled.jpg","type":"image\/jpeg"}],"author":"Onur Akpinar","twitter_card":"summary_large_image","twitter_misc":{"Yazan:":"Onur Akpinar","Tahmini okuma s\u00fcresi":"3 dakika"},"schema":{"@context":"https:\/\/schema.org","@graph":[{"@type":"Article","@id":"https:\/\/avrupatv.eu\/index.php\/2026\/01\/01\/belcikada-yilbasi-gecesi-golgede-kaldi\/#article","isPartOf":{"@id":"https:\/\/avrupatv.eu\/index.php\/2026\/01\/01\/belcikada-yilbasi-gecesi-golgede-kaldi\/"},"author":{"name":"Onur Akpinar","@id":"https:\/\/avrupatv.eu\/#\/schema\/person\/d56afa5d5569da4029d483da36c0c17d"},"headline":"BEL\u00c7\u0130KA\u2019DA YILBA\u015eI GECES\u0130 G\u00d6LGEDE KALDI","datePublished":"2026-01-01T17:07:26+00:00","dateModified":"2026-01-01T17:07:27+00:00","mainEntityOfPage":{"@id":"https:\/\/avrupatv.eu\/index.php\/2026\/01\/01\/belcikada-yilbasi-gecesi-golgede-kaldi\/"},"wordCount":440,"commentCount":0,"publisher":{"@id":"https:\/\/avrupatv.eu\/#organization"},"image":{"@id":"https:\/\/avrupatv.eu\/index.php\/2026\/01\/01\/belcikada-yilbasi-gecesi-golgede-kaldi\/#primaryimage"},"thumbnailUrl":"https:\/\/avrupatv.eu\/wp-content\/uploads\/2026\/01\/atomium-todaylife-1368-Version-2-scaled.jpg","articleSection":["Bel\u00e7ika"],"inLanguage":"tr","potentialAction":[{"@type":"CommentAction","name":"Comment","target":["https:\/\/avrupatv.eu\/index.php\/2026\/01\/01\/belcikada-yilbasi-gecesi-golgede-kaldi\/#respond"]}]},{"@type":"WebPage","@id":"https:\/\/avrupatv.eu\/index.php\/2026\/01\/01\/belcikada-yilbasi-gecesi-golgede-kaldi\/","url":"https:\/\/avrupatv.eu\/index.php\/2026\/01\/01\/belcikada-yilbasi-gecesi-golgede-kaldi\/","name":"BEL\u00c7\u0130KA\u2019DA YILBA\u015eI GECES\u0130 G\u00d6LGEDE KALDI - Avrupal\u0131 T\u00fcrklerin en Yeni Haber Portal\u0131","isPartOf":{"@id":"https:\/\/avrupatv.eu\/#website"},"primaryImageOfPage":{"@id":"https:\/\/avrupatv.eu\/index.php\/2026\/01\/01\/belcikada-yilbasi-gecesi-golgede-kaldi\/#primaryimage"},"image":{"@id":"https:\/\/avrupatv.eu\/index.php\/2026\/01\/01\/belcikada-yilbasi-gecesi-golgede-kaldi\/#primaryimage"},"thumbnailUrl":"https:\/\/avrupatv.eu\/wp-content\/uploads\/2026\/01\/atomium-todaylife-1368-Version-2-scaled.jpg","datePublished":"2026-01-01T17:07:26+00:00","dateModified":"2026-01-01T17:07:27+00:00","breadcrumb":{"@id":"https:\/\/avrupatv.eu\/index.php\/2026\/01\/01\/belcikada-yilbasi-gecesi-golgede-kaldi\/#breadcrumb"},"inLanguage":"tr","potentialAction":[{"@type":"ReadAction","target":["https:\/\/avrupatv.eu\/index.php\/2026\/01\/01\/belcikada-yilbasi-gecesi-golgede-kaldi\/"]}]},{"@type":"ImageObject","inLanguage":"tr","@id":"https:\/\/avrupatv.eu\/index.php\/2026\/01\/01\/belcikada-yilbasi-gecesi-golgede-kaldi\/#primaryimage","url":"https:\/\/avrupatv.eu\/wp-content\/uploads\/2026\/01\/atomium-todaylife-1368-Version-2-scaled.jpg","contentUrl":"https:\/\/avrupatv.eu\/wp-content\/uploads\/2026\/01\/atomium-todaylife-1368-Version-2-scaled.jpg","width":2560,"height":1439},{"@type":"BreadcrumbList","@id":"https:\/\/avrupatv.eu\/index.php\/2026\/01\/01\/belcikada-yilbasi-gecesi-golgede-kaldi\/#breadcrumb","itemListElement":[{"@type":"ListItem","position":1,"name":"Anasayfa","item":"https:\/\/avrupatv.eu\/"},{"@type":"ListItem","position":2,"name":"BEL\u00c7\u0130KA\u2019DA YILBA\u015eI GECES\u0130 G\u00d6LGEDE KALDI"}]},{"@type":"WebSite","@id":"https:\/\/avrupatv.eu\/#website","url":"https:\/\/avrupatv.eu\/","name":"Avrupal\u0131 T\u00fcrklerin en Yeni Haber Portal\u0131","description":"","publisher":{"@id":"https:\/\/avrupatv.eu\/#organization"},"alternateName":"Avrupa tv","potentialAction":[{"@type":"SearchAction","target":{"@type":"EntryPoint","urlTemplate":"https:\/\/avrupatv.eu\/?s={search_term_string}"},"query-input":{"@type":"PropertyValueSpecification","valueRequired":true,"valueName":"search_term_string"}}],"inLanguage":"tr"},{"@type":"Organization","@id":"https:\/\/avrupatv.eu\/#organization","name":"Avrupa Haber","url":"https:\/\/avrupatv.eu\/","logo":{"@type":"ImageObject","inLanguage":"tr","@id":"https:\/\/avrupatv.eu\/#\/schema\/logo\/image\/","url":"https:\/\/avrupatv.eu\/wp-content\/uploads\/2023\/10\/cropped-thumbnail_logo.png","contentUrl":"https:\/\/avrupatv.eu\/wp-content\/uploads\/2023\/10\/cropped-thumbnail_logo.png","width":1025,"height":302,"caption":"Avrupa Haber"},"image":{"@id":"https:\/\/avrupatv.eu\/#\/schema\/logo\/image\/"}},{"@type":"Person","@id":"https:\/\/avrupatv.eu\/#\/schema\/person\/d56afa5d5569da4029d483da36c0c17d","name":"Onur Akpinar","image":{"@type":"ImageObject","inLanguage":"tr","@id":"https:\/\/secure.gravatar.com\/avatar\/67a1a0bdf34f82da209334e4684b7e7171a58a5a2b0a8f836b61044f5c1f5d6a?s=96&d=mm&r=g","url":"https:\/\/secure.gravatar.com\/avatar\/67a1a0bdf34f82da209334e4684b7e7171a58a5a2b0a8f836b61044f5c1f5d6a?s=96&d=mm&r=g","contentUrl":"https:\/\/secure.gravatar.com\/avatar\/67a1a0bdf34f82da209334e4684b7e7171a58a5a2b0a8f836b61044f5c1f5d6a?s=96&d=mm&r=g","caption":"Onur Akpinar"},"url":"https:\/\/avrupatv.eu\/index.php\/author\/onur-akpinar\/"}]}},"_links":{"self":[{"href":"https:\/\/avrupatv.eu\/index.php\/wp-json\/wp\/v2\/posts\/1526","targetHints":{"allow":["GET"]}}],"collection":[{"href":"https:\/\/avrupatv.eu\/index.php\/wp-json\/wp\/v2\/posts"}],"about":[{"href":"https:\/\/avrupatv.eu\/index.php\/wp-json\/wp\/v2\/types\/post"}],"author":[{"embeddable":true,"href":"https:\/\/avrupatv.eu\/index.php\/wp-json\/wp\/v2\/users\/2"}],"replies":[{"embeddable":true,"href":"https:\/\/avrupatv.eu\/index.php\/wp-json\/wp\/v2\/comments?post=1526"}],"version-history":[{"count":1,"href":"https:\/\/avrupatv.eu\/index.php\/wp-json\/wp\/v2\/posts\/1526\/revisions"}],"predecessor-version":[{"id":1528,"href":"https:\/\/avrupatv.eu\/index.php\/wp-json\/wp\/v2\/posts\/1526\/revisions\/1528"}],"wp:featuredmedia":[{"embeddable":true,"href":"https:\/\/avrupatv.eu\/index.php\/wp-json\/wp\/v2\/media\/1527"}],"wp:attachment":[{"href":"https:\/\/avrupatv.eu\/index.php\/wp-json\/wp\/v2\/media?parent=1526"}],"wp:term":[{"taxonomy":"category","embeddable":true,"href":"https:\/\/avrupatv.eu\/index.php\/wp-json\/wp\/v2\/categories?post=1526"},{"taxonomy":"post_tag","embeddable":true,"href":"https:\/\/avrupatv.eu\/index.php\/wp-json\/wp\/v2\/tags?post=1526"}],"curies":[{"name":"wp","href":"https:\/\/api.w.org\/{rel}","templated":true}]}}