{"id":150,"date":"2023-11-08T19:34:19","date_gmt":"2023-11-08T19:34:19","guid":{"rendered":"https:\/\/avrupatv.eu\/?p=150"},"modified":"2023-11-08T19:34:19","modified_gmt":"2023-11-08T19:34:19","slug":"cumhurbaskani-erdogan-ozbekistan-cumhurbaskani-mirziyoyev-ile-gorustu","status":"publish","type":"post","link":"https:\/\/avrupatv.eu\/index.php\/2023\/11\/08\/cumhurbaskani-erdogan-ozbekistan-cumhurbaskani-mirziyoyev-ile-gorustu\/","title":{"rendered":"Cumhurba\u015fkan\u0131 Erdo\u011fan, \u00d6zbekistan Cumhurba\u015fkan\u0131 Mirziyoyev ile g\u00f6r\u00fc\u015ft\u00fc"},"content":{"rendered":"\n<p><strong>Cumhurba\u015fkan\u0131 Recep Tayyip Erdo\u011fan, \u00d6zbekistan Cumhurba\u015fkan\u0131 \u015eevket Mirziyoyev ile g\u00f6r\u00fc\u015fme ger\u00e7ekle\u015ftirdi.<\/strong><\/p>\n\n\n\n<p>Ekonomik \u0130\u015fbirli\u011fi Te\u015fkilat\u0131 16&#8217;nc\u0131 Zirvesi&#8217;ne kat\u0131lmak \u00fczere \u00d6zbekistan&#8217;\u0131n ba\u015fkenti Ta\u015fkent&#8217;e gelen Erdo\u011fan, Mirziyoyev ile Ta\u015fkent Uluslararas\u0131 \u0130\u015f ve Kongre Merkezi&#8217;nde bir araya geldi.<\/p>\n\n\n\n<p>G\u00f6r\u00fc\u015fme bas\u0131na kapal\u0131 ger\u00e7ekle\u015fti.<\/p>\n\n\n\n<p>Cumhurba\u015fkanl\u0131\u011f\u0131 \u0130leti\u015fim Ba\u015fkanl\u0131\u011f\u0131, Ekonomik \u0130\u015fbirli\u011fi Te\u015fkilat\u0131 16&#8217;nc\u0131 Zirvesi i\u00e7in \u00d6zbekistan&#8217;\u0131n ba\u015fkenti Ta\u015fkent&#8217;te bulunan Cumhurba\u015fkan\u0131 Erdo\u011fan&#8217;\u0131n, \u00d6zbekistan Cumhurba\u015fkan\u0131 Mirziyoyev ile g\u00f6r\u00fc\u015fmesine ili\u015fkin a\u00e7\u0131klama yapt\u0131.<\/p>\n\n\n\n<p>G\u00f6r\u00fc\u015fmede, \u00d6zbekistan ve T\u00fcrkiye aras\u0131ndaki ikili i\u015fbirli\u011finin geli\u015ftirilmesine y\u00f6nelik at\u0131lacak ad\u0131mlar, g\u00fcncel b\u00f6lgesel ve k\u00fcresel meseleler ile \u0130srail&#8217;in Gazze&#8217;ye y\u00f6nelik sald\u0131r\u0131lar\u0131n\u0131n ula\u015ft\u0131\u011f\u0131 nokta ve sivillere insani yard\u0131m ula\u015ft\u0131rma \u00e7abalar\u0131n\u0131n ele al\u0131nd\u0131\u011f\u0131 belirtilen a\u00e7\u0131klamada, \u015fu ifadelere yer verildi:<\/p>\n\n\n\n<p>&#8220;Cumhurba\u015fkan\u0131 Erdo\u011fan g\u00f6r\u00fc\u015fmede, \u0130srail&#8217;in Gazze&#8217;ye y\u00f6nelik i\u015fgalinin sonland\u0131r\u0131lmas\u0131 i\u00e7in d\u00fcnyan\u0131n sesini daha da y\u00fckseltmesi ve \u0130srail&#8217;i durduracak etkin ad\u0131mlar\u0131n at\u0131lmas\u0131 gerekti\u011fini ifade etti. Cumhurba\u015fkan\u0131 Erdo\u011fan, T\u00fcrkiye ile \u00d6zbekistan aras\u0131nda her ge\u00e7en y\u0131l artan ticaret hacminden duydu\u011fu memnuniyeti dile getirerek, enerji, madencilik, g\u0131da, tekstil ve di\u011fer sekt\u00f6rler de dahil olmak \u00fczere end\u00fcstriyel i\u015fbirli\u011finde yeni projelerin te\u015fvik edilmesinin \u00f6nemini vurgulad\u0131.&#8221;<\/p>\n\n\n\n<p>Kaynak: Anadolu Ajans\u0131<\/p>\n","protected":false},"excerpt":{"rendered":"<p>Cumhurba\u015fkan\u0131 Recep Tayyip Erdo\u011fan, \u00d6zbekistan Cumhurba\u015fkan\u0131 \u015eevket Mirziyoyev ile g\u00f6r\u00fc\u015fme ger\u00e7ekle\u015ftirdi. Ekonomik \u0130\u015fbirli\u011fi Te\u015fkilat\u0131 16&#8217;nc\u0131 Zirvesi&#8217;ne kat\u0131lmak \u00fczere \u00d6zbekistan&#8217;\u0131n ba\u015fkenti Ta\u015fkent&#8217;e gelen Erdo\u011fan, Mirziyoyev ile Ta\u015fkent Uluslararas\u0131 \u0130\u015f ve Kongre Merkezi&#8217;nde bir araya geldi. G\u00f6r\u00fc\u015fme bas\u0131na kapal\u0131 ger\u00e7ekle\u015fti. Cumhurba\u015fkanl\u0131\u011f\u0131 \u0130leti\u015fim Ba\u015fkanl\u0131\u011f\u0131, Ekonomik \u0130\u015fbirli\u011fi Te\u015fkilat\u0131 16&#8217;nc\u0131 Zirvesi i\u00e7in \u00d6zbekistan&#8217;\u0131n ba\u015fkenti Ta\u015fkent&#8217;te bulunan Cumhurba\u015fkan\u0131 Erdo\u011fan&#8217;\u0131n, \u00d6zbekistan Cumhurba\u015fkan\u0131 [&hellip;]<\/p>\n","protected":false},"author":2,"featured_media":151,"comment_status":"open","ping_status":"open","sticky":false,"template":"","format":"standard","meta":{"footnotes":""},"categories":[11],"tags":[],"class_list":["post-150","post","type-post","status-publish","format-standard","has-post-thumbnail","hentry","category-turkiye"],"yoast_head":"<!-- This site is optimized with the Yoast SEO plugin v27.4 - https:\/\/yoast.com\/product\/yoast-seo-wordpress\/ -->\n<title>Cumhurba\u015fkan\u0131 Erdo\u011fan, \u00d6zbekistan Cumhurba\u015fkan\u0131 Mirziyoyev ile g\u00f6r\u00fc\u015ft\u00fc - Avrupal\u0131 T\u00fcrklerin en Yeni Haber Portal\u0131<\/title>\n<meta name=\"robots\" content=\"index, follow, max-snippet:-1, max-image-preview:large, max-video-preview:-1\" \/>\n<link rel=\"canonical\" href=\"https:\/\/avrupatv.eu\/index.php\/2023\/11\/08\/cumhurbaskani-erdogan-ozbekistan-cumhurbaskani-mirziyoyev-ile-gorustu\/\" \/>\n<meta property=\"og:locale\" content=\"tr_TR\" \/>\n<meta property=\"og:type\" content=\"article\" \/>\n<meta property=\"og:title\" content=\"Cumhurba\u015fkan\u0131 Erdo\u011fan, \u00d6zbekistan Cumhurba\u015fkan\u0131 Mirziyoyev ile g\u00f6r\u00fc\u015ft\u00fc - Avrupal\u0131 T\u00fcrklerin en Yeni Haber Portal\u0131\" \/>\n<meta property=\"og:description\" content=\"Cumhurba\u015fkan\u0131 Recep Tayyip Erdo\u011fan, \u00d6zbekistan Cumhurba\u015fkan\u0131 \u015eevket Mirziyoyev ile g\u00f6r\u00fc\u015fme ger\u00e7ekle\u015ftirdi. Ekonomik \u0130\u015fbirli\u011fi Te\u015fkilat\u0131 16&#8217;nc\u0131 Zirvesi&#8217;ne kat\u0131lmak \u00fczere \u00d6zbekistan&#8217;\u0131n ba\u015fkenti Ta\u015fkent&#8217;e gelen Erdo\u011fan, Mirziyoyev ile Ta\u015fkent Uluslararas\u0131 \u0130\u015f ve Kongre Merkezi&#8217;nde bir araya geldi. G\u00f6r\u00fc\u015fme bas\u0131na kapal\u0131 ger\u00e7ekle\u015fti. Cumhurba\u015fkanl\u0131\u011f\u0131 \u0130leti\u015fim Ba\u015fkanl\u0131\u011f\u0131, Ekonomik \u0130\u015fbirli\u011fi Te\u015fkilat\u0131 16&#8217;nc\u0131 Zirvesi i\u00e7in \u00d6zbekistan&#8217;\u0131n ba\u015fkenti Ta\u015fkent&#8217;te bulunan Cumhurba\u015fkan\u0131 Erdo\u011fan&#8217;\u0131n, \u00d6zbekistan Cumhurba\u015fkan\u0131 [&hellip;]\" \/>\n<meta property=\"og:url\" content=\"https:\/\/avrupatv.eu\/index.php\/2023\/11\/08\/cumhurbaskani-erdogan-ozbekistan-cumhurbaskani-mirziyoyev-ile-gorustu\/\" \/>\n<meta property=\"og:site_name\" content=\"Avrupal\u0131 T\u00fcrklerin en Yeni Haber Portal\u0131\" \/>\n<meta property=\"article:published_time\" content=\"2023-11-08T19:34:19+00:00\" \/>\n<meta property=\"og:image\" content=\"https:\/\/avrupatv.eu\/wp-content\/uploads\/2023\/11\/thumbs_b_c_d95047f7e3aa530bbe84e198608bb8df.jpg\" \/>\n\t<meta property=\"og:image:width\" content=\"864\" \/>\n\t<meta property=\"og:image:height\" content=\"486\" \/>\n\t<meta property=\"og:image:type\" content=\"image\/jpeg\" \/>\n<meta name=\"author\" content=\"Onur Akpinar\" \/>\n<meta name=\"twitter:card\" content=\"summary_large_image\" \/>\n<meta name=\"twitter:label1\" content=\"Yazan:\" \/>\n\t<meta name=\"twitter:data1\" content=\"Onur Akpinar\" \/>\n\t<meta name=\"twitter:label2\" content=\"Tahmini okuma s\u00fcresi\" \/>\n\t<meta name=\"twitter:data2\" content=\"1 dakika\" \/>\n<script type=\"application\/ld+json\" class=\"yoast-schema-graph\">{\"@context\":\"https:\\\/\\\/schema.org\",\"@graph\":[{\"@type\":\"Article\",\"@id\":\"https:\\\/\\\/avrupatv.eu\\\/index.php\\\/2023\\\/11\\\/08\\\/cumhurbaskani-erdogan-ozbekistan-cumhurbaskani-mirziyoyev-ile-gorustu\\\/#article\",\"isPartOf\":{\"@id\":\"https:\\\/\\\/avrupatv.eu\\\/index.php\\\/2023\\\/11\\\/08\\\/cumhurbaskani-erdogan-ozbekistan-cumhurbaskani-mirziyoyev-ile-gorustu\\\/\"},\"author\":{\"name\":\"Onur Akpinar\",\"@id\":\"https:\\\/\\\/avrupatv.eu\\\/#\\\/schema\\\/person\\\/d56afa5d5569da4029d483da36c0c17d\"},\"headline\":\"Cumhurba\u015fkan\u0131 Erdo\u011fan, \u00d6zbekistan Cumhurba\u015fkan\u0131 Mirziyoyev ile g\u00f6r\u00fc\u015ft\u00fc\",\"datePublished\":\"2023-11-08T19:34:19+00:00\",\"mainEntityOfPage\":{\"@id\":\"https:\\\/\\\/avrupatv.eu\\\/index.php\\\/2023\\\/11\\\/08\\\/cumhurbaskani-erdogan-ozbekistan-cumhurbaskani-mirziyoyev-ile-gorustu\\\/\"},\"wordCount\":272,\"commentCount\":0,\"publisher\":{\"@id\":\"https:\\\/\\\/avrupatv.eu\\\/#organization\"},\"image\":{\"@id\":\"https:\\\/\\\/avrupatv.eu\\\/index.php\\\/2023\\\/11\\\/08\\\/cumhurbaskani-erdogan-ozbekistan-cumhurbaskani-mirziyoyev-ile-gorustu\\\/#primaryimage\"},\"thumbnailUrl\":\"https:\\\/\\\/avrupatv.eu\\\/wp-content\\\/uploads\\\/2023\\\/11\\\/thumbs_b_c_d95047f7e3aa530bbe84e198608bb8df.jpg\",\"articleSection\":[\"T\u00fcrkiye\"],\"inLanguage\":\"tr\",\"potentialAction\":[{\"@type\":\"CommentAction\",\"name\":\"Comment\",\"target\":[\"https:\\\/\\\/avrupatv.eu\\\/index.php\\\/2023\\\/11\\\/08\\\/cumhurbaskani-erdogan-ozbekistan-cumhurbaskani-mirziyoyev-ile-gorustu\\\/#respond\"]}]},{\"@type\":\"WebPage\",\"@id\":\"https:\\\/\\\/avrupatv.eu\\\/index.php\\\/2023\\\/11\\\/08\\\/cumhurbaskani-erdogan-ozbekistan-cumhurbaskani-mirziyoyev-ile-gorustu\\\/\",\"url\":\"https:\\\/\\\/avrupatv.eu\\\/index.php\\\/2023\\\/11\\\/08\\\/cumhurbaskani-erdogan-ozbekistan-cumhurbaskani-mirziyoyev-ile-gorustu\\\/\",\"name\":\"Cumhurba\u015fkan\u0131 Erdo\u011fan, \u00d6zbekistan Cumhurba\u015fkan\u0131 Mirziyoyev ile g\u00f6r\u00fc\u015ft\u00fc - Avrupal\u0131 T\u00fcrklerin en Yeni Haber Portal\u0131\",\"isPartOf\":{\"@id\":\"https:\\\/\\\/avrupatv.eu\\\/#website\"},\"primaryImageOfPage\":{\"@id\":\"https:\\\/\\\/avrupatv.eu\\\/index.php\\\/2023\\\/11\\\/08\\\/cumhurbaskani-erdogan-ozbekistan-cumhurbaskani-mirziyoyev-ile-gorustu\\\/#primaryimage\"},\"image\":{\"@id\":\"https:\\\/\\\/avrupatv.eu\\\/index.php\\\/2023\\\/11\\\/08\\\/cumhurbaskani-erdogan-ozbekistan-cumhurbaskani-mirziyoyev-ile-gorustu\\\/#primaryimage\"},\"thumbnailUrl\":\"https:\\\/\\\/avrupatv.eu\\\/wp-content\\\/uploads\\\/2023\\\/11\\\/thumbs_b_c_d95047f7e3aa530bbe84e198608bb8df.jpg\",\"datePublished\":\"2023-11-08T19:34:19+00:00\",\"breadcrumb\":{\"@id\":\"https:\\\/\\\/avrupatv.eu\\\/index.php\\\/2023\\\/11\\\/08\\\/cumhurbaskani-erdogan-ozbekistan-cumhurbaskani-mirziyoyev-ile-gorustu\\\/#breadcrumb\"},\"inLanguage\":\"tr\",\"potentialAction\":[{\"@type\":\"ReadAction\",\"target\":[\"https:\\\/\\\/avrupatv.eu\\\/index.php\\\/2023\\\/11\\\/08\\\/cumhurbaskani-erdogan-ozbekistan-cumhurbaskani-mirziyoyev-ile-gorustu\\\/\"]}]},{\"@type\":\"ImageObject\",\"inLanguage\":\"tr\",\"@id\":\"https:\\\/\\\/avrupatv.eu\\\/index.php\\\/2023\\\/11\\\/08\\\/cumhurbaskani-erdogan-ozbekistan-cumhurbaskani-mirziyoyev-ile-gorustu\\\/#primaryimage\",\"url\":\"https:\\\/\\\/avrupatv.eu\\\/wp-content\\\/uploads\\\/2023\\\/11\\\/thumbs_b_c_d95047f7e3aa530bbe84e198608bb8df.jpg\",\"contentUrl\":\"https:\\\/\\\/avrupatv.eu\\\/wp-content\\\/uploads\\\/2023\\\/11\\\/thumbs_b_c_d95047f7e3aa530bbe84e198608bb8df.jpg\",\"width\":864,\"height\":486},{\"@type\":\"BreadcrumbList\",\"@id\":\"https:\\\/\\\/avrupatv.eu\\\/index.php\\\/2023\\\/11\\\/08\\\/cumhurbaskani-erdogan-ozbekistan-cumhurbaskani-mirziyoyev-ile-gorustu\\\/#breadcrumb\",\"itemListElement\":[{\"@type\":\"ListItem\",\"position\":1,\"name\":\"Anasayfa\",\"item\":\"https:\\\/\\\/avrupatv.eu\\\/\"},{\"@type\":\"ListItem\",\"position\":2,\"name\":\"Cumhurba\u015fkan\u0131 Erdo\u011fan, \u00d6zbekistan Cumhurba\u015fkan\u0131 Mirziyoyev ile g\u00f6r\u00fc\u015ft\u00fc\"}]},{\"@type\":\"WebSite\",\"@id\":\"https:\\\/\\\/avrupatv.eu\\\/#website\",\"url\":\"https:\\\/\\\/avrupatv.eu\\\/\",\"name\":\"Avrupal\u0131 T\u00fcrklerin en Yeni Haber Portal\u0131\",\"description\":\"\",\"publisher\":{\"@id\":\"https:\\\/\\\/avrupatv.eu\\\/#organization\"},\"alternateName\":\"Avrupa tv\",\"potentialAction\":[{\"@type\":\"SearchAction\",\"target\":{\"@type\":\"EntryPoint\",\"urlTemplate\":\"https:\\\/\\\/avrupatv.eu\\\/?s={search_term_string}\"},\"query-input\":{\"@type\":\"PropertyValueSpecification\",\"valueRequired\":true,\"valueName\":\"search_term_string\"}}],\"inLanguage\":\"tr\"},{\"@type\":\"Organization\",\"@id\":\"https:\\\/\\\/avrupatv.eu\\\/#organization\",\"name\":\"Avrupa Haber\",\"url\":\"https:\\\/\\\/avrupatv.eu\\\/\",\"logo\":{\"@type\":\"ImageObject\",\"inLanguage\":\"tr\",\"@id\":\"https:\\\/\\\/avrupatv.eu\\\/#\\\/schema\\\/logo\\\/image\\\/\",\"url\":\"https:\\\/\\\/avrupatv.eu\\\/wp-content\\\/uploads\\\/2023\\\/10\\\/cropped-thumbnail_logo.png\",\"contentUrl\":\"https:\\\/\\\/avrupatv.eu\\\/wp-content\\\/uploads\\\/2023\\\/10\\\/cropped-thumbnail_logo.png\",\"width\":1025,\"height\":302,\"caption\":\"Avrupa Haber\"},\"image\":{\"@id\":\"https:\\\/\\\/avrupatv.eu\\\/#\\\/schema\\\/logo\\\/image\\\/\"}},{\"@type\":\"Person\",\"@id\":\"https:\\\/\\\/avrupatv.eu\\\/#\\\/schema\\\/person\\\/d56afa5d5569da4029d483da36c0c17d\",\"name\":\"Onur Akpinar\",\"image\":{\"@type\":\"ImageObject\",\"inLanguage\":\"tr\",\"@id\":\"https:\\\/\\\/secure.gravatar.com\\\/avatar\\\/67a1a0bdf34f82da209334e4684b7e7171a58a5a2b0a8f836b61044f5c1f5d6a?s=96&d=mm&r=g\",\"url\":\"https:\\\/\\\/secure.gravatar.com\\\/avatar\\\/67a1a0bdf34f82da209334e4684b7e7171a58a5a2b0a8f836b61044f5c1f5d6a?s=96&d=mm&r=g\",\"contentUrl\":\"https:\\\/\\\/secure.gravatar.com\\\/avatar\\\/67a1a0bdf34f82da209334e4684b7e7171a58a5a2b0a8f836b61044f5c1f5d6a?s=96&d=mm&r=g\",\"caption\":\"Onur Akpinar\"},\"url\":\"https:\\\/\\\/avrupatv.eu\\\/index.php\\\/author\\\/onur-akpinar\\\/\"}]}<\/script>\n<!-- \/ Yoast SEO plugin. -->","yoast_head_json":{"title":"Cumhurba\u015fkan\u0131 Erdo\u011fan, \u00d6zbekistan Cumhurba\u015fkan\u0131 Mirziyoyev ile g\u00f6r\u00fc\u015ft\u00fc - Avrupal\u0131 T\u00fcrklerin en Yeni Haber Portal\u0131","robots":{"index":"index","follow":"follow","max-snippet":"max-snippet:-1","max-image-preview":"max-image-preview:large","max-video-preview":"max-video-preview:-1"},"canonical":"https:\/\/avrupatv.eu\/index.php\/2023\/11\/08\/cumhurbaskani-erdogan-ozbekistan-cumhurbaskani-mirziyoyev-ile-gorustu\/","og_locale":"tr_TR","og_type":"article","og_title":"Cumhurba\u015fkan\u0131 Erdo\u011fan, \u00d6zbekistan Cumhurba\u015fkan\u0131 Mirziyoyev ile g\u00f6r\u00fc\u015ft\u00fc - Avrupal\u0131 T\u00fcrklerin en Yeni Haber Portal\u0131","og_description":"Cumhurba\u015fkan\u0131 Recep Tayyip Erdo\u011fan, \u00d6zbekistan Cumhurba\u015fkan\u0131 \u015eevket Mirziyoyev ile g\u00f6r\u00fc\u015fme ger\u00e7ekle\u015ftirdi. Ekonomik \u0130\u015fbirli\u011fi Te\u015fkilat\u0131 16&#8217;nc\u0131 Zirvesi&#8217;ne kat\u0131lmak \u00fczere \u00d6zbekistan&#8217;\u0131n ba\u015fkenti Ta\u015fkent&#8217;e gelen Erdo\u011fan, Mirziyoyev ile Ta\u015fkent Uluslararas\u0131 \u0130\u015f ve Kongre Merkezi&#8217;nde bir araya geldi. G\u00f6r\u00fc\u015fme bas\u0131na kapal\u0131 ger\u00e7ekle\u015fti. Cumhurba\u015fkanl\u0131\u011f\u0131 \u0130leti\u015fim Ba\u015fkanl\u0131\u011f\u0131, Ekonomik \u0130\u015fbirli\u011fi Te\u015fkilat\u0131 16&#8217;nc\u0131 Zirvesi i\u00e7in \u00d6zbekistan&#8217;\u0131n ba\u015fkenti Ta\u015fkent&#8217;te bulunan Cumhurba\u015fkan\u0131 Erdo\u011fan&#8217;\u0131n, \u00d6zbekistan Cumhurba\u015fkan\u0131 [&hellip;]","og_url":"https:\/\/avrupatv.eu\/index.php\/2023\/11\/08\/cumhurbaskani-erdogan-ozbekistan-cumhurbaskani-mirziyoyev-ile-gorustu\/","og_site_name":"Avrupal\u0131 T\u00fcrklerin en Yeni Haber Portal\u0131","article_published_time":"2023-11-08T19:34:19+00:00","og_image":[{"width":864,"height":486,"url":"https:\/\/avrupatv.eu\/wp-content\/uploads\/2023\/11\/thumbs_b_c_d95047f7e3aa530bbe84e198608bb8df.jpg","type":"image\/jpeg"}],"author":"Onur Akpinar","twitter_card":"summary_large_image","twitter_misc":{"Yazan:":"Onur Akpinar","Tahmini okuma s\u00fcresi":"1 dakika"},"schema":{"@context":"https:\/\/schema.org","@graph":[{"@type":"Article","@id":"https:\/\/avrupatv.eu\/index.php\/2023\/11\/08\/cumhurbaskani-erdogan-ozbekistan-cumhurbaskani-mirziyoyev-ile-gorustu\/#article","isPartOf":{"@id":"https:\/\/avrupatv.eu\/index.php\/2023\/11\/08\/cumhurbaskani-erdogan-ozbekistan-cumhurbaskani-mirziyoyev-ile-gorustu\/"},"author":{"name":"Onur Akpinar","@id":"https:\/\/avrupatv.eu\/#\/schema\/person\/d56afa5d5569da4029d483da36c0c17d"},"headline":"Cumhurba\u015fkan\u0131 Erdo\u011fan, \u00d6zbekistan Cumhurba\u015fkan\u0131 Mirziyoyev ile g\u00f6r\u00fc\u015ft\u00fc","datePublished":"2023-11-08T19:34:19+00:00","mainEntityOfPage":{"@id":"https:\/\/avrupatv.eu\/index.php\/2023\/11\/08\/cumhurbaskani-erdogan-ozbekistan-cumhurbaskani-mirziyoyev-ile-gorustu\/"},"wordCount":272,"commentCount":0,"publisher":{"@id":"https:\/\/avrupatv.eu\/#organization"},"image":{"@id":"https:\/\/avrupatv.eu\/index.php\/2023\/11\/08\/cumhurbaskani-erdogan-ozbekistan-cumhurbaskani-mirziyoyev-ile-gorustu\/#primaryimage"},"thumbnailUrl":"https:\/\/avrupatv.eu\/wp-content\/uploads\/2023\/11\/thumbs_b_c_d95047f7e3aa530bbe84e198608bb8df.jpg","articleSection":["T\u00fcrkiye"],"inLanguage":"tr","potentialAction":[{"@type":"CommentAction","name":"Comment","target":["https:\/\/avrupatv.eu\/index.php\/2023\/11\/08\/cumhurbaskani-erdogan-ozbekistan-cumhurbaskani-mirziyoyev-ile-gorustu\/#respond"]}]},{"@type":"WebPage","@id":"https:\/\/avrupatv.eu\/index.php\/2023\/11\/08\/cumhurbaskani-erdogan-ozbekistan-cumhurbaskani-mirziyoyev-ile-gorustu\/","url":"https:\/\/avrupatv.eu\/index.php\/2023\/11\/08\/cumhurbaskani-erdogan-ozbekistan-cumhurbaskani-mirziyoyev-ile-gorustu\/","name":"Cumhurba\u015fkan\u0131 Erdo\u011fan, \u00d6zbekistan Cumhurba\u015fkan\u0131 Mirziyoyev ile g\u00f6r\u00fc\u015ft\u00fc - Avrupal\u0131 T\u00fcrklerin en Yeni Haber Portal\u0131","isPartOf":{"@id":"https:\/\/avrupatv.eu\/#website"},"primaryImageOfPage":{"@id":"https:\/\/avrupatv.eu\/index.php\/2023\/11\/08\/cumhurbaskani-erdogan-ozbekistan-cumhurbaskani-mirziyoyev-ile-gorustu\/#primaryimage"},"image":{"@id":"https:\/\/avrupatv.eu\/index.php\/2023\/11\/08\/cumhurbaskani-erdogan-ozbekistan-cumhurbaskani-mirziyoyev-ile-gorustu\/#primaryimage"},"thumbnailUrl":"https:\/\/avrupatv.eu\/wp-content\/uploads\/2023\/11\/thumbs_b_c_d95047f7e3aa530bbe84e198608bb8df.jpg","datePublished":"2023-11-08T19:34:19+00:00","breadcrumb":{"@id":"https:\/\/avrupatv.eu\/index.php\/2023\/11\/08\/cumhurbaskani-erdogan-ozbekistan-cumhurbaskani-mirziyoyev-ile-gorustu\/#breadcrumb"},"inLanguage":"tr","potentialAction":[{"@type":"ReadAction","target":["https:\/\/avrupatv.eu\/index.php\/2023\/11\/08\/cumhurbaskani-erdogan-ozbekistan-cumhurbaskani-mirziyoyev-ile-gorustu\/"]}]},{"@type":"ImageObject","inLanguage":"tr","@id":"https:\/\/avrupatv.eu\/index.php\/2023\/11\/08\/cumhurbaskani-erdogan-ozbekistan-cumhurbaskani-mirziyoyev-ile-gorustu\/#primaryimage","url":"https:\/\/avrupatv.eu\/wp-content\/uploads\/2023\/11\/thumbs_b_c_d95047f7e3aa530bbe84e198608bb8df.jpg","contentUrl":"https:\/\/avrupatv.eu\/wp-content\/uploads\/2023\/11\/thumbs_b_c_d95047f7e3aa530bbe84e198608bb8df.jpg","width":864,"height":486},{"@type":"BreadcrumbList","@id":"https:\/\/avrupatv.eu\/index.php\/2023\/11\/08\/cumhurbaskani-erdogan-ozbekistan-cumhurbaskani-mirziyoyev-ile-gorustu\/#breadcrumb","itemListElement":[{"@type":"ListItem","position":1,"name":"Anasayfa","item":"https:\/\/avrupatv.eu\/"},{"@type":"ListItem","position":2,"name":"Cumhurba\u015fkan\u0131 Erdo\u011fan, \u00d6zbekistan Cumhurba\u015fkan\u0131 Mirziyoyev ile g\u00f6r\u00fc\u015ft\u00fc"}]},{"@type":"WebSite","@id":"https:\/\/avrupatv.eu\/#website","url":"https:\/\/avrupatv.eu\/","name":"Avrupal\u0131 T\u00fcrklerin en Yeni Haber Portal\u0131","description":"","publisher":{"@id":"https:\/\/avrupatv.eu\/#organization"},"alternateName":"Avrupa tv","potentialAction":[{"@type":"SearchAction","target":{"@type":"EntryPoint","urlTemplate":"https:\/\/avrupatv.eu\/?s={search_term_string}"},"query-input":{"@type":"PropertyValueSpecification","valueRequired":true,"valueName":"search_term_string"}}],"inLanguage":"tr"},{"@type":"Organization","@id":"https:\/\/avrupatv.eu\/#organization","name":"Avrupa Haber","url":"https:\/\/avrupatv.eu\/","logo":{"@type":"ImageObject","inLanguage":"tr","@id":"https:\/\/avrupatv.eu\/#\/schema\/logo\/image\/","url":"https:\/\/avrupatv.eu\/wp-content\/uploads\/2023\/10\/cropped-thumbnail_logo.png","contentUrl":"https:\/\/avrupatv.eu\/wp-content\/uploads\/2023\/10\/cropped-thumbnail_logo.png","width":1025,"height":302,"caption":"Avrupa Haber"},"image":{"@id":"https:\/\/avrupatv.eu\/#\/schema\/logo\/image\/"}},{"@type":"Person","@id":"https:\/\/avrupatv.eu\/#\/schema\/person\/d56afa5d5569da4029d483da36c0c17d","name":"Onur Akpinar","image":{"@type":"ImageObject","inLanguage":"tr","@id":"https:\/\/secure.gravatar.com\/avatar\/67a1a0bdf34f82da209334e4684b7e7171a58a5a2b0a8f836b61044f5c1f5d6a?s=96&d=mm&r=g","url":"https:\/\/secure.gravatar.com\/avatar\/67a1a0bdf34f82da209334e4684b7e7171a58a5a2b0a8f836b61044f5c1f5d6a?s=96&d=mm&r=g","contentUrl":"https:\/\/secure.gravatar.com\/avatar\/67a1a0bdf34f82da209334e4684b7e7171a58a5a2b0a8f836b61044f5c1f5d6a?s=96&d=mm&r=g","caption":"Onur Akpinar"},"url":"https:\/\/avrupatv.eu\/index.php\/author\/onur-akpinar\/"}]}},"_links":{"self":[{"href":"https:\/\/avrupatv.eu\/index.php\/wp-json\/wp\/v2\/posts\/150","targetHints":{"allow":["GET"]}}],"collection":[{"href":"https:\/\/avrupatv.eu\/index.php\/wp-json\/wp\/v2\/posts"}],"about":[{"href":"https:\/\/avrupatv.eu\/index.php\/wp-json\/wp\/v2\/types\/post"}],"author":[{"embeddable":true,"href":"https:\/\/avrupatv.eu\/index.php\/wp-json\/wp\/v2\/users\/2"}],"replies":[{"embeddable":true,"href":"https:\/\/avrupatv.eu\/index.php\/wp-json\/wp\/v2\/comments?post=150"}],"version-history":[{"count":1,"href":"https:\/\/avrupatv.eu\/index.php\/wp-json\/wp\/v2\/posts\/150\/revisions"}],"predecessor-version":[{"id":153,"href":"https:\/\/avrupatv.eu\/index.php\/wp-json\/wp\/v2\/posts\/150\/revisions\/153"}],"wp:featuredmedia":[{"embeddable":true,"href":"https:\/\/avrupatv.eu\/index.php\/wp-json\/wp\/v2\/media\/151"}],"wp:attachment":[{"href":"https:\/\/avrupatv.eu\/index.php\/wp-json\/wp\/v2\/media?parent=150"}],"wp:term":[{"taxonomy":"category","embeddable":true,"href":"https:\/\/avrupatv.eu\/index.php\/wp-json\/wp\/v2\/categories?post=150"},{"taxonomy":"post_tag","embeddable":true,"href":"https:\/\/avrupatv.eu\/index.php\/wp-json\/wp\/v2\/tags?post=150"}],"curies":[{"name":"wp","href":"https:\/\/api.w.org\/{rel}","templated":true}]}}