{"id":1471,"date":"2025-12-09T07:48:32","date_gmt":"2025-12-09T07:48:32","guid":{"rendered":"https:\/\/avrupatv.eu\/?p=1471"},"modified":"2025-12-09T07:48:32","modified_gmt":"2025-12-09T07:48:32","slug":"chp-belcikadan-limburgda-dayanisma-kahvaltisi","status":"publish","type":"post","link":"https:\/\/avrupatv.eu\/index.php\/2025\/12\/09\/chp-belcikadan-limburgda-dayanisma-kahvaltisi\/","title":{"rendered":"CHP Bel\u00e7ika&#8217;dan Limburg\u2019da Dayan\u0131\u015fma Kahvalt\u0131s\u0131"},"content":{"rendered":"\n<p>CHP Bel\u00e7ika&#8217;dan Limburg\u2019da Dayan\u0131\u015fma Kahvalt\u0131s\u0131<\/p>\n\n\n\n<p>CHP Bel\u00e7ika Limburg Birli\u011fi, 14 Aral\u0131k 2025 Pazar g\u00fcn\u00fc dayan\u0131\u015fma kahvalt\u0131s\u0131 d\u00fczenliyor. Etkinlik, 09.30 \u2013 12.30 saatleri aras\u0131nda Eetcafe Kompels (Vennestraat 92, 3600 Genk) adresinde ger\u00e7ekle\u015fecek.<\/p>\n\n\n\n<p>Giri\u015f \u00fccreti 10 euro olup, \u00e7ocuklar ve gen\u00e7lik \u00f6rg\u00fct\u00fc \u00fcyeleri i\u00e7in \u00fccretsiz olacak.<\/p>\n\n\n\n<p>Kat\u0131l\u0131m t\u00fcm vatanda\u015flara a\u00e7\u0131k.<\/p>\n\n\n\n<figure class=\"wp-block-gallery has-nested-images columns-default is-cropped wp-block-gallery-1 is-layout-flex wp-block-gallery-is-layout-flex\">\n<figure class=\"wp-block-image size-large\"><img loading=\"lazy\" decoding=\"async\" width=\"820\" height=\"1024\" data-id=\"1472\" src=\"https:\/\/avrupatv.eu\/wp-content\/uploads\/2025\/12\/1000318039-820x1024.jpg\" alt=\"\" class=\"wp-image-1472\" srcset=\"https:\/\/avrupatv.eu\/wp-content\/uploads\/2025\/12\/1000318039-820x1024.jpg 820w, https:\/\/avrupatv.eu\/wp-content\/uploads\/2025\/12\/1000318039-240x300.jpg 240w, https:\/\/avrupatv.eu\/wp-content\/uploads\/2025\/12\/1000318039-768x959.jpg 768w, https:\/\/avrupatv.eu\/wp-content\/uploads\/2025\/12\/1000318039.jpg 1079w\" sizes=\"auto, (max-width: 820px) 100vw, 820px\" \/><\/figure>\n<\/figure>\n","protected":false},"excerpt":{"rendered":"<p>CHP Bel\u00e7ika&#8217;dan Limburg\u2019da Dayan\u0131\u015fma Kahvalt\u0131s\u0131 CHP Bel\u00e7ika Limburg Birli\u011fi, 14 Aral\u0131k 2025 Pazar g\u00fcn\u00fc dayan\u0131\u015fma kahvalt\u0131s\u0131 d\u00fczenliyor. Etkinlik, 09.30 \u2013 12.30 saatleri aras\u0131nda Eetcafe Kompels (Vennestraat 92, 3600 Genk) adresinde ger\u00e7ekle\u015fecek. Giri\u015f \u00fccreti 10 euro olup, \u00e7ocuklar ve gen\u00e7lik \u00f6rg\u00fct\u00fc \u00fcyeleri i\u00e7in \u00fccretsiz olacak. Kat\u0131l\u0131m t\u00fcm vatanda\u015flara a\u00e7\u0131k.<\/p>\n","protected":false},"author":2,"featured_media":1472,"comment_status":"open","ping_status":"open","sticky":false,"template":"","format":"standard","meta":{"footnotes":""},"categories":[21],"tags":[],"class_list":["post-1471","post","type-post","status-publish","format-standard","has-post-thumbnail","hentry","category-belcika"],"yoast_head":"<!-- This site is optimized with the Yoast SEO plugin v27.4 - https:\/\/yoast.com\/product\/yoast-seo-wordpress\/ -->\n<title>CHP Bel\u00e7ika&#039;dan Limburg\u2019da Dayan\u0131\u015fma Kahvalt\u0131s\u0131 - Avrupal\u0131 T\u00fcrklerin en Yeni Haber Portal\u0131<\/title>\n<meta name=\"robots\" content=\"index, follow, max-snippet:-1, max-image-preview:large, max-video-preview:-1\" \/>\n<link rel=\"canonical\" href=\"https:\/\/avrupatv.eu\/index.php\/2025\/12\/09\/chp-belcikadan-limburgda-dayanisma-kahvaltisi\/\" \/>\n<meta property=\"og:locale\" content=\"tr_TR\" \/>\n<meta property=\"og:type\" content=\"article\" \/>\n<meta property=\"og:title\" content=\"CHP Bel\u00e7ika&#039;dan Limburg\u2019da Dayan\u0131\u015fma Kahvalt\u0131s\u0131 - Avrupal\u0131 T\u00fcrklerin en Yeni Haber Portal\u0131\" \/>\n<meta property=\"og:description\" content=\"CHP Bel\u00e7ika&#8217;dan Limburg\u2019da Dayan\u0131\u015fma Kahvalt\u0131s\u0131 CHP Bel\u00e7ika Limburg Birli\u011fi, 14 Aral\u0131k 2025 Pazar g\u00fcn\u00fc dayan\u0131\u015fma kahvalt\u0131s\u0131 d\u00fczenliyor. Etkinlik, 09.30 \u2013 12.30 saatleri aras\u0131nda Eetcafe Kompels (Vennestraat 92, 3600 Genk) adresinde ger\u00e7ekle\u015fecek. Giri\u015f \u00fccreti 10 euro olup, \u00e7ocuklar ve gen\u00e7lik \u00f6rg\u00fct\u00fc \u00fcyeleri i\u00e7in \u00fccretsiz olacak. Kat\u0131l\u0131m t\u00fcm vatanda\u015flara a\u00e7\u0131k.\" \/>\n<meta property=\"og:url\" content=\"https:\/\/avrupatv.eu\/index.php\/2025\/12\/09\/chp-belcikadan-limburgda-dayanisma-kahvaltisi\/\" \/>\n<meta property=\"og:site_name\" content=\"Avrupal\u0131 T\u00fcrklerin en Yeni Haber Portal\u0131\" \/>\n<meta property=\"article:published_time\" content=\"2025-12-09T07:48:32+00:00\" \/>\n<meta property=\"og:image\" content=\"https:\/\/avrupatv.eu\/wp-content\/uploads\/2025\/12\/1000318039.jpg\" \/>\n\t<meta property=\"og:image:width\" content=\"1079\" \/>\n\t<meta property=\"og:image:height\" content=\"1348\" \/>\n\t<meta property=\"og:image:type\" content=\"image\/jpeg\" \/>\n<meta name=\"author\" content=\"Onur Akpinar\" \/>\n<meta name=\"twitter:card\" content=\"summary_large_image\" \/>\n<meta name=\"twitter:label1\" content=\"Yazan:\" \/>\n\t<meta name=\"twitter:data1\" content=\"Onur Akpinar\" \/>\n\t<meta name=\"twitter:label2\" content=\"Tahmini okuma s\u00fcresi\" \/>\n\t<meta name=\"twitter:data2\" content=\"1 dakika\" \/>\n<script type=\"application\/ld+json\" class=\"yoast-schema-graph\">{\"@context\":\"https:\\\/\\\/schema.org\",\"@graph\":[{\"@type\":\"Article\",\"@id\":\"https:\\\/\\\/avrupatv.eu\\\/index.php\\\/2025\\\/12\\\/09\\\/chp-belcikadan-limburgda-dayanisma-kahvaltisi\\\/#article\",\"isPartOf\":{\"@id\":\"https:\\\/\\\/avrupatv.eu\\\/index.php\\\/2025\\\/12\\\/09\\\/chp-belcikadan-limburgda-dayanisma-kahvaltisi\\\/\"},\"author\":{\"name\":\"Onur Akpinar\",\"@id\":\"https:\\\/\\\/avrupatv.eu\\\/#\\\/schema\\\/person\\\/d56afa5d5569da4029d483da36c0c17d\"},\"headline\":\"CHP Bel\u00e7ika&#8217;dan Limburg\u2019da Dayan\u0131\u015fma Kahvalt\u0131s\u0131\",\"datePublished\":\"2025-12-09T07:48:32+00:00\",\"mainEntityOfPage\":{\"@id\":\"https:\\\/\\\/avrupatv.eu\\\/index.php\\\/2025\\\/12\\\/09\\\/chp-belcikadan-limburgda-dayanisma-kahvaltisi\\\/\"},\"wordCount\":73,\"commentCount\":0,\"publisher\":{\"@id\":\"https:\\\/\\\/avrupatv.eu\\\/#organization\"},\"image\":{\"@id\":\"https:\\\/\\\/avrupatv.eu\\\/index.php\\\/2025\\\/12\\\/09\\\/chp-belcikadan-limburgda-dayanisma-kahvaltisi\\\/#primaryimage\"},\"thumbnailUrl\":\"https:\\\/\\\/avrupatv.eu\\\/wp-content\\\/uploads\\\/2025\\\/12\\\/1000318039.jpg\",\"articleSection\":[\"Bel\u00e7ika\"],\"inLanguage\":\"tr\",\"potentialAction\":[{\"@type\":\"CommentAction\",\"name\":\"Comment\",\"target\":[\"https:\\\/\\\/avrupatv.eu\\\/index.php\\\/2025\\\/12\\\/09\\\/chp-belcikadan-limburgda-dayanisma-kahvaltisi\\\/#respond\"]}]},{\"@type\":\"WebPage\",\"@id\":\"https:\\\/\\\/avrupatv.eu\\\/index.php\\\/2025\\\/12\\\/09\\\/chp-belcikadan-limburgda-dayanisma-kahvaltisi\\\/\",\"url\":\"https:\\\/\\\/avrupatv.eu\\\/index.php\\\/2025\\\/12\\\/09\\\/chp-belcikadan-limburgda-dayanisma-kahvaltisi\\\/\",\"name\":\"CHP Bel\u00e7ika'dan Limburg\u2019da Dayan\u0131\u015fma Kahvalt\u0131s\u0131 - Avrupal\u0131 T\u00fcrklerin en Yeni Haber Portal\u0131\",\"isPartOf\":{\"@id\":\"https:\\\/\\\/avrupatv.eu\\\/#website\"},\"primaryImageOfPage\":{\"@id\":\"https:\\\/\\\/avrupatv.eu\\\/index.php\\\/2025\\\/12\\\/09\\\/chp-belcikadan-limburgda-dayanisma-kahvaltisi\\\/#primaryimage\"},\"image\":{\"@id\":\"https:\\\/\\\/avrupatv.eu\\\/index.php\\\/2025\\\/12\\\/09\\\/chp-belcikadan-limburgda-dayanisma-kahvaltisi\\\/#primaryimage\"},\"thumbnailUrl\":\"https:\\\/\\\/avrupatv.eu\\\/wp-content\\\/uploads\\\/2025\\\/12\\\/1000318039.jpg\",\"datePublished\":\"2025-12-09T07:48:32+00:00\",\"breadcrumb\":{\"@id\":\"https:\\\/\\\/avrupatv.eu\\\/index.php\\\/2025\\\/12\\\/09\\\/chp-belcikadan-limburgda-dayanisma-kahvaltisi\\\/#breadcrumb\"},\"inLanguage\":\"tr\",\"potentialAction\":[{\"@type\":\"ReadAction\",\"target\":[\"https:\\\/\\\/avrupatv.eu\\\/index.php\\\/2025\\\/12\\\/09\\\/chp-belcikadan-limburgda-dayanisma-kahvaltisi\\\/\"]}]},{\"@type\":\"ImageObject\",\"inLanguage\":\"tr\",\"@id\":\"https:\\\/\\\/avrupatv.eu\\\/index.php\\\/2025\\\/12\\\/09\\\/chp-belcikadan-limburgda-dayanisma-kahvaltisi\\\/#primaryimage\",\"url\":\"https:\\\/\\\/avrupatv.eu\\\/wp-content\\\/uploads\\\/2025\\\/12\\\/1000318039.jpg\",\"contentUrl\":\"https:\\\/\\\/avrupatv.eu\\\/wp-content\\\/uploads\\\/2025\\\/12\\\/1000318039.jpg\",\"width\":1079,\"height\":1348},{\"@type\":\"BreadcrumbList\",\"@id\":\"https:\\\/\\\/avrupatv.eu\\\/index.php\\\/2025\\\/12\\\/09\\\/chp-belcikadan-limburgda-dayanisma-kahvaltisi\\\/#breadcrumb\",\"itemListElement\":[{\"@type\":\"ListItem\",\"position\":1,\"name\":\"Anasayfa\",\"item\":\"https:\\\/\\\/avrupatv.eu\\\/\"},{\"@type\":\"ListItem\",\"position\":2,\"name\":\"CHP Bel\u00e7ika&#8217;dan Limburg\u2019da Dayan\u0131\u015fma Kahvalt\u0131s\u0131\"}]},{\"@type\":\"WebSite\",\"@id\":\"https:\\\/\\\/avrupatv.eu\\\/#website\",\"url\":\"https:\\\/\\\/avrupatv.eu\\\/\",\"name\":\"Avrupal\u0131 T\u00fcrklerin en Yeni Haber Portal\u0131\",\"description\":\"\",\"publisher\":{\"@id\":\"https:\\\/\\\/avrupatv.eu\\\/#organization\"},\"alternateName\":\"Avrupa tv\",\"potentialAction\":[{\"@type\":\"SearchAction\",\"target\":{\"@type\":\"EntryPoint\",\"urlTemplate\":\"https:\\\/\\\/avrupatv.eu\\\/?s={search_term_string}\"},\"query-input\":{\"@type\":\"PropertyValueSpecification\",\"valueRequired\":true,\"valueName\":\"search_term_string\"}}],\"inLanguage\":\"tr\"},{\"@type\":\"Organization\",\"@id\":\"https:\\\/\\\/avrupatv.eu\\\/#organization\",\"name\":\"Avrupa Haber\",\"url\":\"https:\\\/\\\/avrupatv.eu\\\/\",\"logo\":{\"@type\":\"ImageObject\",\"inLanguage\":\"tr\",\"@id\":\"https:\\\/\\\/avrupatv.eu\\\/#\\\/schema\\\/logo\\\/image\\\/\",\"url\":\"https:\\\/\\\/avrupatv.eu\\\/wp-content\\\/uploads\\\/2023\\\/10\\\/cropped-thumbnail_logo.png\",\"contentUrl\":\"https:\\\/\\\/avrupatv.eu\\\/wp-content\\\/uploads\\\/2023\\\/10\\\/cropped-thumbnail_logo.png\",\"width\":1025,\"height\":302,\"caption\":\"Avrupa Haber\"},\"image\":{\"@id\":\"https:\\\/\\\/avrupatv.eu\\\/#\\\/schema\\\/logo\\\/image\\\/\"}},{\"@type\":\"Person\",\"@id\":\"https:\\\/\\\/avrupatv.eu\\\/#\\\/schema\\\/person\\\/d56afa5d5569da4029d483da36c0c17d\",\"name\":\"Onur Akpinar\",\"image\":{\"@type\":\"ImageObject\",\"inLanguage\":\"tr\",\"@id\":\"https:\\\/\\\/secure.gravatar.com\\\/avatar\\\/67a1a0bdf34f82da209334e4684b7e7171a58a5a2b0a8f836b61044f5c1f5d6a?s=96&d=mm&r=g\",\"url\":\"https:\\\/\\\/secure.gravatar.com\\\/avatar\\\/67a1a0bdf34f82da209334e4684b7e7171a58a5a2b0a8f836b61044f5c1f5d6a?s=96&d=mm&r=g\",\"contentUrl\":\"https:\\\/\\\/secure.gravatar.com\\\/avatar\\\/67a1a0bdf34f82da209334e4684b7e7171a58a5a2b0a8f836b61044f5c1f5d6a?s=96&d=mm&r=g\",\"caption\":\"Onur Akpinar\"},\"url\":\"https:\\\/\\\/avrupatv.eu\\\/index.php\\\/author\\\/onur-akpinar\\\/\"}]}<\/script>\n<!-- \/ Yoast SEO plugin. -->","yoast_head_json":{"title":"CHP Bel\u00e7ika'dan Limburg\u2019da Dayan\u0131\u015fma Kahvalt\u0131s\u0131 - Avrupal\u0131 T\u00fcrklerin en Yeni Haber Portal\u0131","robots":{"index":"index","follow":"follow","max-snippet":"max-snippet:-1","max-image-preview":"max-image-preview:large","max-video-preview":"max-video-preview:-1"},"canonical":"https:\/\/avrupatv.eu\/index.php\/2025\/12\/09\/chp-belcikadan-limburgda-dayanisma-kahvaltisi\/","og_locale":"tr_TR","og_type":"article","og_title":"CHP Bel\u00e7ika'dan Limburg\u2019da Dayan\u0131\u015fma Kahvalt\u0131s\u0131 - Avrupal\u0131 T\u00fcrklerin en Yeni Haber Portal\u0131","og_description":"CHP Bel\u00e7ika&#8217;dan Limburg\u2019da Dayan\u0131\u015fma Kahvalt\u0131s\u0131 CHP Bel\u00e7ika Limburg Birli\u011fi, 14 Aral\u0131k 2025 Pazar g\u00fcn\u00fc dayan\u0131\u015fma kahvalt\u0131s\u0131 d\u00fczenliyor. Etkinlik, 09.30 \u2013 12.30 saatleri aras\u0131nda Eetcafe Kompels (Vennestraat 92, 3600 Genk) adresinde ger\u00e7ekle\u015fecek. Giri\u015f \u00fccreti 10 euro olup, \u00e7ocuklar ve gen\u00e7lik \u00f6rg\u00fct\u00fc \u00fcyeleri i\u00e7in \u00fccretsiz olacak. Kat\u0131l\u0131m t\u00fcm vatanda\u015flara a\u00e7\u0131k.","og_url":"https:\/\/avrupatv.eu\/index.php\/2025\/12\/09\/chp-belcikadan-limburgda-dayanisma-kahvaltisi\/","og_site_name":"Avrupal\u0131 T\u00fcrklerin en Yeni Haber Portal\u0131","article_published_time":"2025-12-09T07:48:32+00:00","og_image":[{"width":1079,"height":1348,"url":"https:\/\/avrupatv.eu\/wp-content\/uploads\/2025\/12\/1000318039.jpg","type":"image\/jpeg"}],"author":"Onur Akpinar","twitter_card":"summary_large_image","twitter_misc":{"Yazan:":"Onur Akpinar","Tahmini okuma s\u00fcresi":"1 dakika"},"schema":{"@context":"https:\/\/schema.org","@graph":[{"@type":"Article","@id":"https:\/\/avrupatv.eu\/index.php\/2025\/12\/09\/chp-belcikadan-limburgda-dayanisma-kahvaltisi\/#article","isPartOf":{"@id":"https:\/\/avrupatv.eu\/index.php\/2025\/12\/09\/chp-belcikadan-limburgda-dayanisma-kahvaltisi\/"},"author":{"name":"Onur Akpinar","@id":"https:\/\/avrupatv.eu\/#\/schema\/person\/d56afa5d5569da4029d483da36c0c17d"},"headline":"CHP Bel\u00e7ika&#8217;dan Limburg\u2019da Dayan\u0131\u015fma Kahvalt\u0131s\u0131","datePublished":"2025-12-09T07:48:32+00:00","mainEntityOfPage":{"@id":"https:\/\/avrupatv.eu\/index.php\/2025\/12\/09\/chp-belcikadan-limburgda-dayanisma-kahvaltisi\/"},"wordCount":73,"commentCount":0,"publisher":{"@id":"https:\/\/avrupatv.eu\/#organization"},"image":{"@id":"https:\/\/avrupatv.eu\/index.php\/2025\/12\/09\/chp-belcikadan-limburgda-dayanisma-kahvaltisi\/#primaryimage"},"thumbnailUrl":"https:\/\/avrupatv.eu\/wp-content\/uploads\/2025\/12\/1000318039.jpg","articleSection":["Bel\u00e7ika"],"inLanguage":"tr","potentialAction":[{"@type":"CommentAction","name":"Comment","target":["https:\/\/avrupatv.eu\/index.php\/2025\/12\/09\/chp-belcikadan-limburgda-dayanisma-kahvaltisi\/#respond"]}]},{"@type":"WebPage","@id":"https:\/\/avrupatv.eu\/index.php\/2025\/12\/09\/chp-belcikadan-limburgda-dayanisma-kahvaltisi\/","url":"https:\/\/avrupatv.eu\/index.php\/2025\/12\/09\/chp-belcikadan-limburgda-dayanisma-kahvaltisi\/","name":"CHP Bel\u00e7ika'dan Limburg\u2019da Dayan\u0131\u015fma Kahvalt\u0131s\u0131 - Avrupal\u0131 T\u00fcrklerin en Yeni Haber Portal\u0131","isPartOf":{"@id":"https:\/\/avrupatv.eu\/#website"},"primaryImageOfPage":{"@id":"https:\/\/avrupatv.eu\/index.php\/2025\/12\/09\/chp-belcikadan-limburgda-dayanisma-kahvaltisi\/#primaryimage"},"image":{"@id":"https:\/\/avrupatv.eu\/index.php\/2025\/12\/09\/chp-belcikadan-limburgda-dayanisma-kahvaltisi\/#primaryimage"},"thumbnailUrl":"https:\/\/avrupatv.eu\/wp-content\/uploads\/2025\/12\/1000318039.jpg","datePublished":"2025-12-09T07:48:32+00:00","breadcrumb":{"@id":"https:\/\/avrupatv.eu\/index.php\/2025\/12\/09\/chp-belcikadan-limburgda-dayanisma-kahvaltisi\/#breadcrumb"},"inLanguage":"tr","potentialAction":[{"@type":"ReadAction","target":["https:\/\/avrupatv.eu\/index.php\/2025\/12\/09\/chp-belcikadan-limburgda-dayanisma-kahvaltisi\/"]}]},{"@type":"ImageObject","inLanguage":"tr","@id":"https:\/\/avrupatv.eu\/index.php\/2025\/12\/09\/chp-belcikadan-limburgda-dayanisma-kahvaltisi\/#primaryimage","url":"https:\/\/avrupatv.eu\/wp-content\/uploads\/2025\/12\/1000318039.jpg","contentUrl":"https:\/\/avrupatv.eu\/wp-content\/uploads\/2025\/12\/1000318039.jpg","width":1079,"height":1348},{"@type":"BreadcrumbList","@id":"https:\/\/avrupatv.eu\/index.php\/2025\/12\/09\/chp-belcikadan-limburgda-dayanisma-kahvaltisi\/#breadcrumb","itemListElement":[{"@type":"ListItem","position":1,"name":"Anasayfa","item":"https:\/\/avrupatv.eu\/"},{"@type":"ListItem","position":2,"name":"CHP Bel\u00e7ika&#8217;dan Limburg\u2019da Dayan\u0131\u015fma Kahvalt\u0131s\u0131"}]},{"@type":"WebSite","@id":"https:\/\/avrupatv.eu\/#website","url":"https:\/\/avrupatv.eu\/","name":"Avrupal\u0131 T\u00fcrklerin en Yeni Haber Portal\u0131","description":"","publisher":{"@id":"https:\/\/avrupatv.eu\/#organization"},"alternateName":"Avrupa tv","potentialAction":[{"@type":"SearchAction","target":{"@type":"EntryPoint","urlTemplate":"https:\/\/avrupatv.eu\/?s={search_term_string}"},"query-input":{"@type":"PropertyValueSpecification","valueRequired":true,"valueName":"search_term_string"}}],"inLanguage":"tr"},{"@type":"Organization","@id":"https:\/\/avrupatv.eu\/#organization","name":"Avrupa Haber","url":"https:\/\/avrupatv.eu\/","logo":{"@type":"ImageObject","inLanguage":"tr","@id":"https:\/\/avrupatv.eu\/#\/schema\/logo\/image\/","url":"https:\/\/avrupatv.eu\/wp-content\/uploads\/2023\/10\/cropped-thumbnail_logo.png","contentUrl":"https:\/\/avrupatv.eu\/wp-content\/uploads\/2023\/10\/cropped-thumbnail_logo.png","width":1025,"height":302,"caption":"Avrupa Haber"},"image":{"@id":"https:\/\/avrupatv.eu\/#\/schema\/logo\/image\/"}},{"@type":"Person","@id":"https:\/\/avrupatv.eu\/#\/schema\/person\/d56afa5d5569da4029d483da36c0c17d","name":"Onur Akpinar","image":{"@type":"ImageObject","inLanguage":"tr","@id":"https:\/\/secure.gravatar.com\/avatar\/67a1a0bdf34f82da209334e4684b7e7171a58a5a2b0a8f836b61044f5c1f5d6a?s=96&d=mm&r=g","url":"https:\/\/secure.gravatar.com\/avatar\/67a1a0bdf34f82da209334e4684b7e7171a58a5a2b0a8f836b61044f5c1f5d6a?s=96&d=mm&r=g","contentUrl":"https:\/\/secure.gravatar.com\/avatar\/67a1a0bdf34f82da209334e4684b7e7171a58a5a2b0a8f836b61044f5c1f5d6a?s=96&d=mm&r=g","caption":"Onur Akpinar"},"url":"https:\/\/avrupatv.eu\/index.php\/author\/onur-akpinar\/"}]}},"_links":{"self":[{"href":"https:\/\/avrupatv.eu\/index.php\/wp-json\/wp\/v2\/posts\/1471","targetHints":{"allow":["GET"]}}],"collection":[{"href":"https:\/\/avrupatv.eu\/index.php\/wp-json\/wp\/v2\/posts"}],"about":[{"href":"https:\/\/avrupatv.eu\/index.php\/wp-json\/wp\/v2\/types\/post"}],"author":[{"embeddable":true,"href":"https:\/\/avrupatv.eu\/index.php\/wp-json\/wp\/v2\/users\/2"}],"replies":[{"embeddable":true,"href":"https:\/\/avrupatv.eu\/index.php\/wp-json\/wp\/v2\/comments?post=1471"}],"version-history":[{"count":1,"href":"https:\/\/avrupatv.eu\/index.php\/wp-json\/wp\/v2\/posts\/1471\/revisions"}],"predecessor-version":[{"id":1473,"href":"https:\/\/avrupatv.eu\/index.php\/wp-json\/wp\/v2\/posts\/1471\/revisions\/1473"}],"wp:featuredmedia":[{"embeddable":true,"href":"https:\/\/avrupatv.eu\/index.php\/wp-json\/wp\/v2\/media\/1472"}],"wp:attachment":[{"href":"https:\/\/avrupatv.eu\/index.php\/wp-json\/wp\/v2\/media?parent=1471"}],"wp:term":[{"taxonomy":"category","embeddable":true,"href":"https:\/\/avrupatv.eu\/index.php\/wp-json\/wp\/v2\/categories?post=1471"},{"taxonomy":"post_tag","embeddable":true,"href":"https:\/\/avrupatv.eu\/index.php\/wp-json\/wp\/v2\/tags?post=1471"}],"curies":[{"name":"wp","href":"https:\/\/api.w.org\/{rel}","templated":true}]}}