{"id":1462,"date":"2025-11-29T13:06:23","date_gmt":"2025-11-29T13:06:23","guid":{"rendered":"https:\/\/avrupatv.eu\/?p=1462"},"modified":"2025-11-29T13:11:01","modified_gmt":"2025-11-29T13:11:01","slug":"onur-akpinar-papa-14-leonun-ilk-ziyareti-neden-turkiye","status":"publish","type":"post","link":"https:\/\/avrupatv.eu\/index.php\/2025\/11\/29\/onur-akpinar-papa-14-leonun-ilk-ziyareti-neden-turkiye\/","title":{"rendered":"Onur Akp\u0131nar: Papa 14. Leo\u2019nun \u0130lk Ziyareti Neden T\u00fcrkiye?"},"content":{"rendered":"\n<p>Papa 14. Leo\u2019nun \u0130lk Ziyareti Neden T\u00fcrkiye?<\/p>\n\n\n\n<p>Papa 14. Leo\u2019nun ilk yurtd\u0131\u015f\u0131 ziyaretini T\u00fcrkiye\u2019ye ger\u00e7ekle\u015ftirmesi uluslararas\u0131 siyasette dikkat \u00e7ekici bir ad\u0131m olarak kayda ge\u00e7ti. Daha \u00fclkeye ayak basar basmaz An\u0131tkabir\u2019e gitmesi ise tarihi bir ironi bar\u0131nd\u0131r\u0131yor. Zira Atat\u00fcrk d\u00f6neminde Papa\u2019n\u0131n ziyareti kabul edilmemi\u015fti.<\/p>\n\n\n\n<p>Elbette her dine sayg\u0131 duymak, her inanca kap\u0131lar\u0131n a\u00e7\u0131k olmas\u0131 gerekir. Katolik d\u00fcnyas\u0131n\u0131n ruhani liderinin T\u00fcrkiye\u2019ye gelmesi, ayinlerini icra etmesi demokratik ve insani a\u00e7\u0131dan bir sorun te\u015fkil etmez. Ancak burada as\u0131l sorulmas\u0131 gereken kritik soru \u015fudur:<\/p>\n\n\n\n<p>Neden ilk ziyaret Ortado\u011fu\u2019da bir M\u00fcsl\u00fcman \u00fclkesi? Neden T\u00fcrkiye?<\/p>\n\n\n\n<p>Filistin\u2019de ya\u015fanan katliamlar d\u00fcnyan\u0131n g\u00f6z\u00fc \u00f6n\u00fcnde s\u00fcrerken\u2026 Siyonistler g\u00fc\u00e7 g\u00f6sterisine devam ederken\u2026 \u0130srail devleti uluslararas\u0131 hukuku hi\u00e7e sayarken\u2026 B\u00fct\u00fcn d\u00fcnya, T\u00fcrkiye de dahil, olup biteni adeta seyrederken Papa\u2019n\u0131n do\u011fruca T\u00fcrkiye\u2019ye gelmesi, elbette siyasi bir anlam ta\u015f\u0131maktad\u0131r.<\/p>\n\n\n\n<p>Bug\u00fcn T\u00fcrkiye, \u0130slam d\u00fcnyas\u0131n\u0131n en g\u00fc\u00e7l\u00fc \u00fclkesi olarak g\u00f6r\u00fcl\u00fcyor. Peki Katoliklerin ruhani liderinin ilk ziyaret i\u00e7in T\u00fcrkiye\u2019yi se\u00e7mesi bir g\u00fc\u00e7 g\u00f6sterisi midir?<\/p>\n\n\n\n<p>2017 y\u0131l\u0131nda Avrupal\u0131 liderler Vatikan\u2019da topland\u0131\u011f\u0131nda Cumhurba\u015fkan\u0131m\u0131z, \u201cNeyi planl\u0131yorsunuz?\u201d diye tepki g\u00f6stermi\u015fti. Bug\u00fcn ayn\u0131 soru yeniden g\u00fcndeme geliyor:<\/p>\n\n\n\n<p>Papa T\u00fcrkiye\u2019deyken, \u2018Say\u0131n Cumhurba\u015fkan\u0131m siz neyi planl\u0131yorsunuz?\u2019 diye sorulmayacak m\u0131?<\/p>\n\n\n\n<p>Filistin\u2019de bir soyk\u0131r\u0131m ya\u015fan\u0131rken, milyonlarca M\u00fcsl\u00fcman\u0131n ac\u0131s\u0131 dinmemi\u015fken, Papa\u2019n\u0131n bu d\u00f6nemde d\u00fcnyan\u0131n en kritik M\u00fcsl\u00fcman \u00fclkesine gelmesi sadece diplomatik bir ziyaret de\u011fildir. Uluslararas\u0131 mesaj ta\u015f\u0131r. Semboliktir. Ve kimi zaman semboller s\u00f6zlerden daha y\u00fcksek konu\u015fur.<\/p>\n\n\n\n<p>Ama tarihten biliyoruz ki din, dil, \u0131rk, cinsiyet fark etmeksizin olan yine d\u00fcnya halklar\u0131na olur. Liderler k\u0131nar, a\u00e7\u0131klamalar yap\u0131l\u0131r, toplant\u0131lar d\u00fczenlenir\u2026 ancak mazlumun ac\u0131s\u0131 son bulmaz.<\/p>\n\n\n\n<p>Bug\u00fcn ya\u015fananlar bir kez daha g\u00f6steriyor ki d\u00fcnya d\u00fczeni g\u00fc\u00e7 \u00fczerinden kuruluyor. Hakl\u0131 olan de\u011fil, g\u00fc\u00e7l\u00fc olan kazan\u0131yor. Ve ne yaz\u0131k ki bu d\u00fczen de\u011fi\u015fmedi\u011fi s\u00fcrece biz sadece \u201ck\u0131nayan\u201d d\u00fcnya liderleri izlemeye devam edece\u011fiz.<\/p>\n\n\n\n<p>\u2014 Onur Akp\u0131nar<\/p>\n","protected":false},"excerpt":{"rendered":"<p>Papa 14. Leo\u2019nun \u0130lk Ziyareti Neden T\u00fcrkiye? Papa 14. Leo\u2019nun ilk yurtd\u0131\u015f\u0131 ziyaretini T\u00fcrkiye\u2019ye ger\u00e7ekle\u015ftirmesi uluslararas\u0131 siyasette dikkat \u00e7ekici bir ad\u0131m olarak kayda ge\u00e7ti. Daha \u00fclkeye ayak basar basmaz An\u0131tkabir\u2019e gitmesi ise tarihi bir ironi bar\u0131nd\u0131r\u0131yor. Zira Atat\u00fcrk d\u00f6neminde Papa\u2019n\u0131n ziyareti kabul edilmemi\u015fti. Elbette her dine sayg\u0131 duymak, her inanca kap\u0131lar\u0131n a\u00e7\u0131k olmas\u0131 gerekir. Katolik [&hellip;]<\/p>\n","protected":false},"author":2,"featured_media":1463,"comment_status":"open","ping_status":"open","sticky":false,"template":"","format":"standard","meta":{"footnotes":""},"categories":[1],"tags":[],"class_list":["post-1462","post","type-post","status-publish","format-standard","has-post-thumbnail","hentry","category-blog"],"yoast_head":"<!-- This site is optimized with the Yoast SEO plugin v27.4 - https:\/\/yoast.com\/product\/yoast-seo-wordpress\/ -->\n<title>Onur Akp\u0131nar: Papa 14. Leo\u2019nun \u0130lk Ziyareti Neden T\u00fcrkiye? - Avrupal\u0131 T\u00fcrklerin en Yeni Haber Portal\u0131<\/title>\n<meta name=\"robots\" content=\"index, follow, max-snippet:-1, max-image-preview:large, max-video-preview:-1\" \/>\n<link rel=\"canonical\" href=\"https:\/\/avrupatv.eu\/index.php\/2025\/11\/29\/onur-akpinar-papa-14-leonun-ilk-ziyareti-neden-turkiye\/\" \/>\n<meta property=\"og:locale\" content=\"tr_TR\" \/>\n<meta property=\"og:type\" content=\"article\" \/>\n<meta property=\"og:title\" content=\"Onur Akp\u0131nar: Papa 14. Leo\u2019nun \u0130lk Ziyareti Neden T\u00fcrkiye? - Avrupal\u0131 T\u00fcrklerin en Yeni Haber Portal\u0131\" \/>\n<meta property=\"og:description\" content=\"Papa 14. Leo\u2019nun \u0130lk Ziyareti Neden T\u00fcrkiye? Papa 14. Leo\u2019nun ilk yurtd\u0131\u015f\u0131 ziyaretini T\u00fcrkiye\u2019ye ger\u00e7ekle\u015ftirmesi uluslararas\u0131 siyasette dikkat \u00e7ekici bir ad\u0131m olarak kayda ge\u00e7ti. Daha \u00fclkeye ayak basar basmaz An\u0131tkabir\u2019e gitmesi ise tarihi bir ironi bar\u0131nd\u0131r\u0131yor. Zira Atat\u00fcrk d\u00f6neminde Papa\u2019n\u0131n ziyareti kabul edilmemi\u015fti. Elbette her dine sayg\u0131 duymak, her inanca kap\u0131lar\u0131n a\u00e7\u0131k olmas\u0131 gerekir. Katolik [&hellip;]\" \/>\n<meta property=\"og:url\" content=\"https:\/\/avrupatv.eu\/index.php\/2025\/11\/29\/onur-akpinar-papa-14-leonun-ilk-ziyareti-neden-turkiye\/\" \/>\n<meta property=\"og:site_name\" content=\"Avrupal\u0131 T\u00fcrklerin en Yeni Haber Portal\u0131\" \/>\n<meta property=\"article:published_time\" content=\"2025-11-29T13:06:23+00:00\" \/>\n<meta property=\"article:modified_time\" content=\"2025-11-29T13:11:01+00:00\" \/>\n<meta property=\"og:image\" content=\"https:\/\/avrupatv.eu\/wp-content\/uploads\/2025\/11\/20250609_212048-1320x1413-1.jpg\" \/>\n\t<meta property=\"og:image:width\" content=\"1320\" \/>\n\t<meta property=\"og:image:height\" content=\"1413\" \/>\n\t<meta property=\"og:image:type\" content=\"image\/jpeg\" \/>\n<meta name=\"author\" content=\"Onur Akpinar\" \/>\n<meta name=\"twitter:card\" content=\"summary_large_image\" \/>\n<meta name=\"twitter:label1\" content=\"Yazan:\" \/>\n\t<meta name=\"twitter:data1\" content=\"Onur Akpinar\" \/>\n\t<meta name=\"twitter:label2\" content=\"Tahmini okuma s\u00fcresi\" \/>\n\t<meta name=\"twitter:data2\" content=\"2 dakika\" \/>\n<script type=\"application\/ld+json\" class=\"yoast-schema-graph\">{\"@context\":\"https:\\\/\\\/schema.org\",\"@graph\":[{\"@type\":\"Article\",\"@id\":\"https:\\\/\\\/avrupatv.eu\\\/index.php\\\/2025\\\/11\\\/29\\\/onur-akpinar-papa-14-leonun-ilk-ziyareti-neden-turkiye\\\/#article\",\"isPartOf\":{\"@id\":\"https:\\\/\\\/avrupatv.eu\\\/index.php\\\/2025\\\/11\\\/29\\\/onur-akpinar-papa-14-leonun-ilk-ziyareti-neden-turkiye\\\/\"},\"author\":{\"name\":\"Onur Akpinar\",\"@id\":\"https:\\\/\\\/avrupatv.eu\\\/#\\\/schema\\\/person\\\/d56afa5d5569da4029d483da36c0c17d\"},\"headline\":\"Onur Akp\u0131nar: Papa 14. Leo\u2019nun \u0130lk Ziyareti Neden T\u00fcrkiye?\",\"datePublished\":\"2025-11-29T13:06:23+00:00\",\"dateModified\":\"2025-11-29T13:11:01+00:00\",\"mainEntityOfPage\":{\"@id\":\"https:\\\/\\\/avrupatv.eu\\\/index.php\\\/2025\\\/11\\\/29\\\/onur-akpinar-papa-14-leonun-ilk-ziyareti-neden-turkiye\\\/\"},\"wordCount\":414,\"commentCount\":0,\"publisher\":{\"@id\":\"https:\\\/\\\/avrupatv.eu\\\/#organization\"},\"image\":{\"@id\":\"https:\\\/\\\/avrupatv.eu\\\/index.php\\\/2025\\\/11\\\/29\\\/onur-akpinar-papa-14-leonun-ilk-ziyareti-neden-turkiye\\\/#primaryimage\"},\"thumbnailUrl\":\"https:\\\/\\\/avrupatv.eu\\\/wp-content\\\/uploads\\\/2025\\\/11\\\/20250609_212048-1320x1413-1.jpg\",\"articleSection\":[\"Blog\"],\"inLanguage\":\"tr\",\"potentialAction\":[{\"@type\":\"CommentAction\",\"name\":\"Comment\",\"target\":[\"https:\\\/\\\/avrupatv.eu\\\/index.php\\\/2025\\\/11\\\/29\\\/onur-akpinar-papa-14-leonun-ilk-ziyareti-neden-turkiye\\\/#respond\"]}]},{\"@type\":\"WebPage\",\"@id\":\"https:\\\/\\\/avrupatv.eu\\\/index.php\\\/2025\\\/11\\\/29\\\/onur-akpinar-papa-14-leonun-ilk-ziyareti-neden-turkiye\\\/\",\"url\":\"https:\\\/\\\/avrupatv.eu\\\/index.php\\\/2025\\\/11\\\/29\\\/onur-akpinar-papa-14-leonun-ilk-ziyareti-neden-turkiye\\\/\",\"name\":\"Onur Akp\u0131nar: Papa 14. Leo\u2019nun \u0130lk Ziyareti Neden T\u00fcrkiye? - Avrupal\u0131 T\u00fcrklerin en Yeni Haber Portal\u0131\",\"isPartOf\":{\"@id\":\"https:\\\/\\\/avrupatv.eu\\\/#website\"},\"primaryImageOfPage\":{\"@id\":\"https:\\\/\\\/avrupatv.eu\\\/index.php\\\/2025\\\/11\\\/29\\\/onur-akpinar-papa-14-leonun-ilk-ziyareti-neden-turkiye\\\/#primaryimage\"},\"image\":{\"@id\":\"https:\\\/\\\/avrupatv.eu\\\/index.php\\\/2025\\\/11\\\/29\\\/onur-akpinar-papa-14-leonun-ilk-ziyareti-neden-turkiye\\\/#primaryimage\"},\"thumbnailUrl\":\"https:\\\/\\\/avrupatv.eu\\\/wp-content\\\/uploads\\\/2025\\\/11\\\/20250609_212048-1320x1413-1.jpg\",\"datePublished\":\"2025-11-29T13:06:23+00:00\",\"dateModified\":\"2025-11-29T13:11:01+00:00\",\"breadcrumb\":{\"@id\":\"https:\\\/\\\/avrupatv.eu\\\/index.php\\\/2025\\\/11\\\/29\\\/onur-akpinar-papa-14-leonun-ilk-ziyareti-neden-turkiye\\\/#breadcrumb\"},\"inLanguage\":\"tr\",\"potentialAction\":[{\"@type\":\"ReadAction\",\"target\":[\"https:\\\/\\\/avrupatv.eu\\\/index.php\\\/2025\\\/11\\\/29\\\/onur-akpinar-papa-14-leonun-ilk-ziyareti-neden-turkiye\\\/\"]}]},{\"@type\":\"ImageObject\",\"inLanguage\":\"tr\",\"@id\":\"https:\\\/\\\/avrupatv.eu\\\/index.php\\\/2025\\\/11\\\/29\\\/onur-akpinar-papa-14-leonun-ilk-ziyareti-neden-turkiye\\\/#primaryimage\",\"url\":\"https:\\\/\\\/avrupatv.eu\\\/wp-content\\\/uploads\\\/2025\\\/11\\\/20250609_212048-1320x1413-1.jpg\",\"contentUrl\":\"https:\\\/\\\/avrupatv.eu\\\/wp-content\\\/uploads\\\/2025\\\/11\\\/20250609_212048-1320x1413-1.jpg\",\"width\":1320,\"height\":1413},{\"@type\":\"BreadcrumbList\",\"@id\":\"https:\\\/\\\/avrupatv.eu\\\/index.php\\\/2025\\\/11\\\/29\\\/onur-akpinar-papa-14-leonun-ilk-ziyareti-neden-turkiye\\\/#breadcrumb\",\"itemListElement\":[{\"@type\":\"ListItem\",\"position\":1,\"name\":\"Anasayfa\",\"item\":\"https:\\\/\\\/avrupatv.eu\\\/\"},{\"@type\":\"ListItem\",\"position\":2,\"name\":\"Onur Akp\u0131nar: Papa 14. Leo\u2019nun \u0130lk Ziyareti Neden T\u00fcrkiye?\"}]},{\"@type\":\"WebSite\",\"@id\":\"https:\\\/\\\/avrupatv.eu\\\/#website\",\"url\":\"https:\\\/\\\/avrupatv.eu\\\/\",\"name\":\"Avrupal\u0131 T\u00fcrklerin en Yeni Haber Portal\u0131\",\"description\":\"\",\"publisher\":{\"@id\":\"https:\\\/\\\/avrupatv.eu\\\/#organization\"},\"alternateName\":\"Avrupa tv\",\"potentialAction\":[{\"@type\":\"SearchAction\",\"target\":{\"@type\":\"EntryPoint\",\"urlTemplate\":\"https:\\\/\\\/avrupatv.eu\\\/?s={search_term_string}\"},\"query-input\":{\"@type\":\"PropertyValueSpecification\",\"valueRequired\":true,\"valueName\":\"search_term_string\"}}],\"inLanguage\":\"tr\"},{\"@type\":\"Organization\",\"@id\":\"https:\\\/\\\/avrupatv.eu\\\/#organization\",\"name\":\"Avrupa Haber\",\"url\":\"https:\\\/\\\/avrupatv.eu\\\/\",\"logo\":{\"@type\":\"ImageObject\",\"inLanguage\":\"tr\",\"@id\":\"https:\\\/\\\/avrupatv.eu\\\/#\\\/schema\\\/logo\\\/image\\\/\",\"url\":\"https:\\\/\\\/avrupatv.eu\\\/wp-content\\\/uploads\\\/2023\\\/10\\\/cropped-thumbnail_logo.png\",\"contentUrl\":\"https:\\\/\\\/avrupatv.eu\\\/wp-content\\\/uploads\\\/2023\\\/10\\\/cropped-thumbnail_logo.png\",\"width\":1025,\"height\":302,\"caption\":\"Avrupa Haber\"},\"image\":{\"@id\":\"https:\\\/\\\/avrupatv.eu\\\/#\\\/schema\\\/logo\\\/image\\\/\"}},{\"@type\":\"Person\",\"@id\":\"https:\\\/\\\/avrupatv.eu\\\/#\\\/schema\\\/person\\\/d56afa5d5569da4029d483da36c0c17d\",\"name\":\"Onur Akpinar\",\"image\":{\"@type\":\"ImageObject\",\"inLanguage\":\"tr\",\"@id\":\"https:\\\/\\\/secure.gravatar.com\\\/avatar\\\/67a1a0bdf34f82da209334e4684b7e7171a58a5a2b0a8f836b61044f5c1f5d6a?s=96&d=mm&r=g\",\"url\":\"https:\\\/\\\/secure.gravatar.com\\\/avatar\\\/67a1a0bdf34f82da209334e4684b7e7171a58a5a2b0a8f836b61044f5c1f5d6a?s=96&d=mm&r=g\",\"contentUrl\":\"https:\\\/\\\/secure.gravatar.com\\\/avatar\\\/67a1a0bdf34f82da209334e4684b7e7171a58a5a2b0a8f836b61044f5c1f5d6a?s=96&d=mm&r=g\",\"caption\":\"Onur Akpinar\"},\"url\":\"https:\\\/\\\/avrupatv.eu\\\/index.php\\\/author\\\/onur-akpinar\\\/\"}]}<\/script>\n<!-- \/ Yoast SEO plugin. -->","yoast_head_json":{"title":"Onur Akp\u0131nar: Papa 14. Leo\u2019nun \u0130lk Ziyareti Neden T\u00fcrkiye? - Avrupal\u0131 T\u00fcrklerin en Yeni Haber Portal\u0131","robots":{"index":"index","follow":"follow","max-snippet":"max-snippet:-1","max-image-preview":"max-image-preview:large","max-video-preview":"max-video-preview:-1"},"canonical":"https:\/\/avrupatv.eu\/index.php\/2025\/11\/29\/onur-akpinar-papa-14-leonun-ilk-ziyareti-neden-turkiye\/","og_locale":"tr_TR","og_type":"article","og_title":"Onur Akp\u0131nar: Papa 14. Leo\u2019nun \u0130lk Ziyareti Neden T\u00fcrkiye? - Avrupal\u0131 T\u00fcrklerin en Yeni Haber Portal\u0131","og_description":"Papa 14. Leo\u2019nun \u0130lk Ziyareti Neden T\u00fcrkiye? Papa 14. Leo\u2019nun ilk yurtd\u0131\u015f\u0131 ziyaretini T\u00fcrkiye\u2019ye ger\u00e7ekle\u015ftirmesi uluslararas\u0131 siyasette dikkat \u00e7ekici bir ad\u0131m olarak kayda ge\u00e7ti. Daha \u00fclkeye ayak basar basmaz An\u0131tkabir\u2019e gitmesi ise tarihi bir ironi bar\u0131nd\u0131r\u0131yor. Zira Atat\u00fcrk d\u00f6neminde Papa\u2019n\u0131n ziyareti kabul edilmemi\u015fti. Elbette her dine sayg\u0131 duymak, her inanca kap\u0131lar\u0131n a\u00e7\u0131k olmas\u0131 gerekir. Katolik [&hellip;]","og_url":"https:\/\/avrupatv.eu\/index.php\/2025\/11\/29\/onur-akpinar-papa-14-leonun-ilk-ziyareti-neden-turkiye\/","og_site_name":"Avrupal\u0131 T\u00fcrklerin en Yeni Haber Portal\u0131","article_published_time":"2025-11-29T13:06:23+00:00","article_modified_time":"2025-11-29T13:11:01+00:00","og_image":[{"width":1320,"height":1413,"url":"https:\/\/avrupatv.eu\/wp-content\/uploads\/2025\/11\/20250609_212048-1320x1413-1.jpg","type":"image\/jpeg"}],"author":"Onur Akpinar","twitter_card":"summary_large_image","twitter_misc":{"Yazan:":"Onur Akpinar","Tahmini okuma s\u00fcresi":"2 dakika"},"schema":{"@context":"https:\/\/schema.org","@graph":[{"@type":"Article","@id":"https:\/\/avrupatv.eu\/index.php\/2025\/11\/29\/onur-akpinar-papa-14-leonun-ilk-ziyareti-neden-turkiye\/#article","isPartOf":{"@id":"https:\/\/avrupatv.eu\/index.php\/2025\/11\/29\/onur-akpinar-papa-14-leonun-ilk-ziyareti-neden-turkiye\/"},"author":{"name":"Onur Akpinar","@id":"https:\/\/avrupatv.eu\/#\/schema\/person\/d56afa5d5569da4029d483da36c0c17d"},"headline":"Onur Akp\u0131nar: Papa 14. Leo\u2019nun \u0130lk Ziyareti Neden T\u00fcrkiye?","datePublished":"2025-11-29T13:06:23+00:00","dateModified":"2025-11-29T13:11:01+00:00","mainEntityOfPage":{"@id":"https:\/\/avrupatv.eu\/index.php\/2025\/11\/29\/onur-akpinar-papa-14-leonun-ilk-ziyareti-neden-turkiye\/"},"wordCount":414,"commentCount":0,"publisher":{"@id":"https:\/\/avrupatv.eu\/#organization"},"image":{"@id":"https:\/\/avrupatv.eu\/index.php\/2025\/11\/29\/onur-akpinar-papa-14-leonun-ilk-ziyareti-neden-turkiye\/#primaryimage"},"thumbnailUrl":"https:\/\/avrupatv.eu\/wp-content\/uploads\/2025\/11\/20250609_212048-1320x1413-1.jpg","articleSection":["Blog"],"inLanguage":"tr","potentialAction":[{"@type":"CommentAction","name":"Comment","target":["https:\/\/avrupatv.eu\/index.php\/2025\/11\/29\/onur-akpinar-papa-14-leonun-ilk-ziyareti-neden-turkiye\/#respond"]}]},{"@type":"WebPage","@id":"https:\/\/avrupatv.eu\/index.php\/2025\/11\/29\/onur-akpinar-papa-14-leonun-ilk-ziyareti-neden-turkiye\/","url":"https:\/\/avrupatv.eu\/index.php\/2025\/11\/29\/onur-akpinar-papa-14-leonun-ilk-ziyareti-neden-turkiye\/","name":"Onur Akp\u0131nar: Papa 14. Leo\u2019nun \u0130lk Ziyareti Neden T\u00fcrkiye? - Avrupal\u0131 T\u00fcrklerin en Yeni Haber Portal\u0131","isPartOf":{"@id":"https:\/\/avrupatv.eu\/#website"},"primaryImageOfPage":{"@id":"https:\/\/avrupatv.eu\/index.php\/2025\/11\/29\/onur-akpinar-papa-14-leonun-ilk-ziyareti-neden-turkiye\/#primaryimage"},"image":{"@id":"https:\/\/avrupatv.eu\/index.php\/2025\/11\/29\/onur-akpinar-papa-14-leonun-ilk-ziyareti-neden-turkiye\/#primaryimage"},"thumbnailUrl":"https:\/\/avrupatv.eu\/wp-content\/uploads\/2025\/11\/20250609_212048-1320x1413-1.jpg","datePublished":"2025-11-29T13:06:23+00:00","dateModified":"2025-11-29T13:11:01+00:00","breadcrumb":{"@id":"https:\/\/avrupatv.eu\/index.php\/2025\/11\/29\/onur-akpinar-papa-14-leonun-ilk-ziyareti-neden-turkiye\/#breadcrumb"},"inLanguage":"tr","potentialAction":[{"@type":"ReadAction","target":["https:\/\/avrupatv.eu\/index.php\/2025\/11\/29\/onur-akpinar-papa-14-leonun-ilk-ziyareti-neden-turkiye\/"]}]},{"@type":"ImageObject","inLanguage":"tr","@id":"https:\/\/avrupatv.eu\/index.php\/2025\/11\/29\/onur-akpinar-papa-14-leonun-ilk-ziyareti-neden-turkiye\/#primaryimage","url":"https:\/\/avrupatv.eu\/wp-content\/uploads\/2025\/11\/20250609_212048-1320x1413-1.jpg","contentUrl":"https:\/\/avrupatv.eu\/wp-content\/uploads\/2025\/11\/20250609_212048-1320x1413-1.jpg","width":1320,"height":1413},{"@type":"BreadcrumbList","@id":"https:\/\/avrupatv.eu\/index.php\/2025\/11\/29\/onur-akpinar-papa-14-leonun-ilk-ziyareti-neden-turkiye\/#breadcrumb","itemListElement":[{"@type":"ListItem","position":1,"name":"Anasayfa","item":"https:\/\/avrupatv.eu\/"},{"@type":"ListItem","position":2,"name":"Onur Akp\u0131nar: Papa 14. Leo\u2019nun \u0130lk Ziyareti Neden T\u00fcrkiye?"}]},{"@type":"WebSite","@id":"https:\/\/avrupatv.eu\/#website","url":"https:\/\/avrupatv.eu\/","name":"Avrupal\u0131 T\u00fcrklerin en Yeni Haber Portal\u0131","description":"","publisher":{"@id":"https:\/\/avrupatv.eu\/#organization"},"alternateName":"Avrupa tv","potentialAction":[{"@type":"SearchAction","target":{"@type":"EntryPoint","urlTemplate":"https:\/\/avrupatv.eu\/?s={search_term_string}"},"query-input":{"@type":"PropertyValueSpecification","valueRequired":true,"valueName":"search_term_string"}}],"inLanguage":"tr"},{"@type":"Organization","@id":"https:\/\/avrupatv.eu\/#organization","name":"Avrupa Haber","url":"https:\/\/avrupatv.eu\/","logo":{"@type":"ImageObject","inLanguage":"tr","@id":"https:\/\/avrupatv.eu\/#\/schema\/logo\/image\/","url":"https:\/\/avrupatv.eu\/wp-content\/uploads\/2023\/10\/cropped-thumbnail_logo.png","contentUrl":"https:\/\/avrupatv.eu\/wp-content\/uploads\/2023\/10\/cropped-thumbnail_logo.png","width":1025,"height":302,"caption":"Avrupa Haber"},"image":{"@id":"https:\/\/avrupatv.eu\/#\/schema\/logo\/image\/"}},{"@type":"Person","@id":"https:\/\/avrupatv.eu\/#\/schema\/person\/d56afa5d5569da4029d483da36c0c17d","name":"Onur Akpinar","image":{"@type":"ImageObject","inLanguage":"tr","@id":"https:\/\/secure.gravatar.com\/avatar\/67a1a0bdf34f82da209334e4684b7e7171a58a5a2b0a8f836b61044f5c1f5d6a?s=96&d=mm&r=g","url":"https:\/\/secure.gravatar.com\/avatar\/67a1a0bdf34f82da209334e4684b7e7171a58a5a2b0a8f836b61044f5c1f5d6a?s=96&d=mm&r=g","contentUrl":"https:\/\/secure.gravatar.com\/avatar\/67a1a0bdf34f82da209334e4684b7e7171a58a5a2b0a8f836b61044f5c1f5d6a?s=96&d=mm&r=g","caption":"Onur Akpinar"},"url":"https:\/\/avrupatv.eu\/index.php\/author\/onur-akpinar\/"}]}},"_links":{"self":[{"href":"https:\/\/avrupatv.eu\/index.php\/wp-json\/wp\/v2\/posts\/1462","targetHints":{"allow":["GET"]}}],"collection":[{"href":"https:\/\/avrupatv.eu\/index.php\/wp-json\/wp\/v2\/posts"}],"about":[{"href":"https:\/\/avrupatv.eu\/index.php\/wp-json\/wp\/v2\/types\/post"}],"author":[{"embeddable":true,"href":"https:\/\/avrupatv.eu\/index.php\/wp-json\/wp\/v2\/users\/2"}],"replies":[{"embeddable":true,"href":"https:\/\/avrupatv.eu\/index.php\/wp-json\/wp\/v2\/comments?post=1462"}],"version-history":[{"count":1,"href":"https:\/\/avrupatv.eu\/index.php\/wp-json\/wp\/v2\/posts\/1462\/revisions"}],"predecessor-version":[{"id":1464,"href":"https:\/\/avrupatv.eu\/index.php\/wp-json\/wp\/v2\/posts\/1462\/revisions\/1464"}],"wp:featuredmedia":[{"embeddable":true,"href":"https:\/\/avrupatv.eu\/index.php\/wp-json\/wp\/v2\/media\/1463"}],"wp:attachment":[{"href":"https:\/\/avrupatv.eu\/index.php\/wp-json\/wp\/v2\/media?parent=1462"}],"wp:term":[{"taxonomy":"category","embeddable":true,"href":"https:\/\/avrupatv.eu\/index.php\/wp-json\/wp\/v2\/categories?post=1462"},{"taxonomy":"post_tag","embeddable":true,"href":"https:\/\/avrupatv.eu\/index.php\/wp-json\/wp\/v2\/tags?post=1462"}],"curies":[{"name":"wp","href":"https:\/\/api.w.org\/{rel}","templated":true}]}}