{"id":1459,"date":"2025-11-24T13:32:28","date_gmt":"2025-11-24T13:32:28","guid":{"rendered":"https:\/\/avrupatv.eu\/?p=1459"},"modified":"2025-11-24T13:32:29","modified_gmt":"2025-11-24T13:32:29","slug":"heusden-zolderda-sevilen-is-insaninin-aci-kaybi-murat-al-vefat-etti","status":"publish","type":"post","link":"https:\/\/avrupatv.eu\/index.php\/2025\/11\/24\/heusden-zolderda-sevilen-is-insaninin-aci-kaybi-murat-al-vefat-etti\/","title":{"rendered":"Heusden-Zolder\u2019da Sevilen \u0130\u015f \u0130nsan\u0131n\u0131n Ac\u0131 Kayb\u0131: Murat Al Vefat Etti"},"content":{"rendered":"\n<p>Heusden-Zolder\u2019da Sevilen \u0130\u015f \u0130nsan\u0131n\u0131n Ac\u0131 Kayb\u0131: Murat Al Vefat Etti<\/p>\n\n\n\n<p>Bel\u00e7ika\u2019n\u0131n Heusden-Zolder kentinde ya\u015fayan sevilen i\u015f insan\u0131 Murat Al hayat\u0131n\u0131 kaybetti.<\/p>\n\n\n\n<p>Merhum i\u00e7in yap\u0131lan a\u00e7\u0131klamada, \u201cDe\u011ferli karde\u015fimiz Murat Al, Hakk\u2019\u0131n rahmetine kavu\u015fmu\u015ftur. Kendisine Allah\u2019tan rahmet, ailesi ve yak\u0131nlar\u0131na ba\u015fsa\u011fl\u0131\u011f\u0131 dileriz.\u201d denildi.<\/p>\n\n\n\n<p>Cenaze Bilgileri:<br>Cenaze namaz\u0131 25 Kas\u0131m 2025 Sal\u0131 g\u00fcn\u00fc, \u00f6\u011fle namaz\u0131na m\u00fcteakip Heusden-Zolder Selimiye Camiinde k\u0131l\u0131nacak. Merhum, namaz\u0131n ard\u0131ndan Heusden-Zolder M\u00fcsl\u00fcman Mezarl\u0131\u011f\u0131na defnedilecektir.<\/p>\n\n\n\n<p>Allah rahmet eylesin, mek\u00e2n\u0131 cennet olsun.<\/p>\n","protected":false},"excerpt":{"rendered":"<p>Heusden-Zolder\u2019da Sevilen \u0130\u015f \u0130nsan\u0131n\u0131n Ac\u0131 Kayb\u0131: Murat Al Vefat Etti Bel\u00e7ika\u2019n\u0131n Heusden-Zolder kentinde ya\u015fayan sevilen i\u015f insan\u0131 Murat Al hayat\u0131n\u0131 kaybetti. Merhum i\u00e7in yap\u0131lan a\u00e7\u0131klamada, \u201cDe\u011ferli karde\u015fimiz Murat Al, Hakk\u2019\u0131n rahmetine kavu\u015fmu\u015ftur. Kendisine Allah\u2019tan rahmet, ailesi ve yak\u0131nlar\u0131na ba\u015fsa\u011fl\u0131\u011f\u0131 dileriz.\u201d denildi. Cenaze Bilgileri:Cenaze namaz\u0131 25 Kas\u0131m 2025 Sal\u0131 g\u00fcn\u00fc, \u00f6\u011fle namaz\u0131na m\u00fcteakip Heusden-Zolder Selimiye Camiinde [&hellip;]<\/p>\n","protected":false},"author":2,"featured_media":1460,"comment_status":"open","ping_status":"open","sticky":false,"template":"","format":"standard","meta":{"footnotes":""},"categories":[21],"tags":[],"class_list":["post-1459","post","type-post","status-publish","format-standard","has-post-thumbnail","hentry","category-belcika"],"yoast_head":"<!-- This site is optimized with the Yoast SEO plugin v27.4 - https:\/\/yoast.com\/product\/yoast-seo-wordpress\/ -->\n<title>Heusden-Zolder\u2019da Sevilen \u0130\u015f \u0130nsan\u0131n\u0131n Ac\u0131 Kayb\u0131: Murat Al Vefat Etti - Avrupal\u0131 T\u00fcrklerin en Yeni Haber Portal\u0131<\/title>\n<meta name=\"robots\" content=\"index, follow, max-snippet:-1, max-image-preview:large, max-video-preview:-1\" \/>\n<link rel=\"canonical\" href=\"https:\/\/avrupatv.eu\/index.php\/2025\/11\/24\/heusden-zolderda-sevilen-is-insaninin-aci-kaybi-murat-al-vefat-etti\/\" \/>\n<meta property=\"og:locale\" content=\"tr_TR\" \/>\n<meta property=\"og:type\" content=\"article\" \/>\n<meta property=\"og:title\" content=\"Heusden-Zolder\u2019da Sevilen \u0130\u015f \u0130nsan\u0131n\u0131n Ac\u0131 Kayb\u0131: Murat Al Vefat Etti - Avrupal\u0131 T\u00fcrklerin en Yeni Haber Portal\u0131\" \/>\n<meta property=\"og:description\" content=\"Heusden-Zolder\u2019da Sevilen \u0130\u015f \u0130nsan\u0131n\u0131n Ac\u0131 Kayb\u0131: Murat Al Vefat Etti Bel\u00e7ika\u2019n\u0131n Heusden-Zolder kentinde ya\u015fayan sevilen i\u015f insan\u0131 Murat Al hayat\u0131n\u0131 kaybetti. Merhum i\u00e7in yap\u0131lan a\u00e7\u0131klamada, \u201cDe\u011ferli karde\u015fimiz Murat Al, Hakk\u2019\u0131n rahmetine kavu\u015fmu\u015ftur. Kendisine Allah\u2019tan rahmet, ailesi ve yak\u0131nlar\u0131na ba\u015fsa\u011fl\u0131\u011f\u0131 dileriz.\u201d denildi. Cenaze Bilgileri:Cenaze namaz\u0131 25 Kas\u0131m 2025 Sal\u0131 g\u00fcn\u00fc, \u00f6\u011fle namaz\u0131na m\u00fcteakip Heusden-Zolder Selimiye Camiinde [&hellip;]\" \/>\n<meta property=\"og:url\" content=\"https:\/\/avrupatv.eu\/index.php\/2025\/11\/24\/heusden-zolderda-sevilen-is-insaninin-aci-kaybi-murat-al-vefat-etti\/\" \/>\n<meta property=\"og:site_name\" content=\"Avrupal\u0131 T\u00fcrklerin en Yeni Haber Portal\u0131\" \/>\n<meta property=\"article:published_time\" content=\"2025-11-24T13:32:28+00:00\" \/>\n<meta property=\"article:modified_time\" content=\"2025-11-24T13:32:29+00:00\" \/>\n<meta property=\"og:image\" content=\"https:\/\/avrupatv.eu\/wp-content\/uploads\/2025\/11\/FB_IMG_1763990991767.jpg\" \/>\n\t<meta property=\"og:image:width\" content=\"945\" \/>\n\t<meta property=\"og:image:height\" content=\"929\" \/>\n\t<meta property=\"og:image:type\" content=\"image\/jpeg\" \/>\n<meta name=\"author\" content=\"Onur Akpinar\" \/>\n<meta name=\"twitter:card\" content=\"summary_large_image\" \/>\n<meta name=\"twitter:label1\" content=\"Yazan:\" \/>\n\t<meta name=\"twitter:data1\" content=\"Onur Akpinar\" \/>\n\t<meta name=\"twitter:label2\" content=\"Tahmini okuma s\u00fcresi\" \/>\n\t<meta name=\"twitter:data2\" content=\"1 dakika\" \/>\n<script type=\"application\/ld+json\" class=\"yoast-schema-graph\">{\"@context\":\"https:\\\/\\\/schema.org\",\"@graph\":[{\"@type\":\"Article\",\"@id\":\"https:\\\/\\\/avrupatv.eu\\\/index.php\\\/2025\\\/11\\\/24\\\/heusden-zolderda-sevilen-is-insaninin-aci-kaybi-murat-al-vefat-etti\\\/#article\",\"isPartOf\":{\"@id\":\"https:\\\/\\\/avrupatv.eu\\\/index.php\\\/2025\\\/11\\\/24\\\/heusden-zolderda-sevilen-is-insaninin-aci-kaybi-murat-al-vefat-etti\\\/\"},\"author\":{\"name\":\"Onur Akpinar\",\"@id\":\"https:\\\/\\\/avrupatv.eu\\\/#\\\/schema\\\/person\\\/d56afa5d5569da4029d483da36c0c17d\"},\"headline\":\"Heusden-Zolder\u2019da Sevilen \u0130\u015f \u0130nsan\u0131n\u0131n Ac\u0131 Kayb\u0131: Murat Al Vefat Etti\",\"datePublished\":\"2025-11-24T13:32:28+00:00\",\"dateModified\":\"2025-11-24T13:32:29+00:00\",\"mainEntityOfPage\":{\"@id\":\"https:\\\/\\\/avrupatv.eu\\\/index.php\\\/2025\\\/11\\\/24\\\/heusden-zolderda-sevilen-is-insaninin-aci-kaybi-murat-al-vefat-etti\\\/\"},\"wordCount\":112,\"commentCount\":0,\"publisher\":{\"@id\":\"https:\\\/\\\/avrupatv.eu\\\/#organization\"},\"image\":{\"@id\":\"https:\\\/\\\/avrupatv.eu\\\/index.php\\\/2025\\\/11\\\/24\\\/heusden-zolderda-sevilen-is-insaninin-aci-kaybi-murat-al-vefat-etti\\\/#primaryimage\"},\"thumbnailUrl\":\"https:\\\/\\\/avrupatv.eu\\\/wp-content\\\/uploads\\\/2025\\\/11\\\/FB_IMG_1763990991767.jpg\",\"articleSection\":[\"Bel\u00e7ika\"],\"inLanguage\":\"tr\",\"potentialAction\":[{\"@type\":\"CommentAction\",\"name\":\"Comment\",\"target\":[\"https:\\\/\\\/avrupatv.eu\\\/index.php\\\/2025\\\/11\\\/24\\\/heusden-zolderda-sevilen-is-insaninin-aci-kaybi-murat-al-vefat-etti\\\/#respond\"]}]},{\"@type\":\"WebPage\",\"@id\":\"https:\\\/\\\/avrupatv.eu\\\/index.php\\\/2025\\\/11\\\/24\\\/heusden-zolderda-sevilen-is-insaninin-aci-kaybi-murat-al-vefat-etti\\\/\",\"url\":\"https:\\\/\\\/avrupatv.eu\\\/index.php\\\/2025\\\/11\\\/24\\\/heusden-zolderda-sevilen-is-insaninin-aci-kaybi-murat-al-vefat-etti\\\/\",\"name\":\"Heusden-Zolder\u2019da Sevilen \u0130\u015f \u0130nsan\u0131n\u0131n Ac\u0131 Kayb\u0131: Murat Al Vefat Etti - Avrupal\u0131 T\u00fcrklerin en Yeni Haber Portal\u0131\",\"isPartOf\":{\"@id\":\"https:\\\/\\\/avrupatv.eu\\\/#website\"},\"primaryImageOfPage\":{\"@id\":\"https:\\\/\\\/avrupatv.eu\\\/index.php\\\/2025\\\/11\\\/24\\\/heusden-zolderda-sevilen-is-insaninin-aci-kaybi-murat-al-vefat-etti\\\/#primaryimage\"},\"image\":{\"@id\":\"https:\\\/\\\/avrupatv.eu\\\/index.php\\\/2025\\\/11\\\/24\\\/heusden-zolderda-sevilen-is-insaninin-aci-kaybi-murat-al-vefat-etti\\\/#primaryimage\"},\"thumbnailUrl\":\"https:\\\/\\\/avrupatv.eu\\\/wp-content\\\/uploads\\\/2025\\\/11\\\/FB_IMG_1763990991767.jpg\",\"datePublished\":\"2025-11-24T13:32:28+00:00\",\"dateModified\":\"2025-11-24T13:32:29+00:00\",\"breadcrumb\":{\"@id\":\"https:\\\/\\\/avrupatv.eu\\\/index.php\\\/2025\\\/11\\\/24\\\/heusden-zolderda-sevilen-is-insaninin-aci-kaybi-murat-al-vefat-etti\\\/#breadcrumb\"},\"inLanguage\":\"tr\",\"potentialAction\":[{\"@type\":\"ReadAction\",\"target\":[\"https:\\\/\\\/avrupatv.eu\\\/index.php\\\/2025\\\/11\\\/24\\\/heusden-zolderda-sevilen-is-insaninin-aci-kaybi-murat-al-vefat-etti\\\/\"]}]},{\"@type\":\"ImageObject\",\"inLanguage\":\"tr\",\"@id\":\"https:\\\/\\\/avrupatv.eu\\\/index.php\\\/2025\\\/11\\\/24\\\/heusden-zolderda-sevilen-is-insaninin-aci-kaybi-murat-al-vefat-etti\\\/#primaryimage\",\"url\":\"https:\\\/\\\/avrupatv.eu\\\/wp-content\\\/uploads\\\/2025\\\/11\\\/FB_IMG_1763990991767.jpg\",\"contentUrl\":\"https:\\\/\\\/avrupatv.eu\\\/wp-content\\\/uploads\\\/2025\\\/11\\\/FB_IMG_1763990991767.jpg\",\"width\":945,\"height\":929},{\"@type\":\"BreadcrumbList\",\"@id\":\"https:\\\/\\\/avrupatv.eu\\\/index.php\\\/2025\\\/11\\\/24\\\/heusden-zolderda-sevilen-is-insaninin-aci-kaybi-murat-al-vefat-etti\\\/#breadcrumb\",\"itemListElement\":[{\"@type\":\"ListItem\",\"position\":1,\"name\":\"Anasayfa\",\"item\":\"https:\\\/\\\/avrupatv.eu\\\/\"},{\"@type\":\"ListItem\",\"position\":2,\"name\":\"Heusden-Zolder\u2019da Sevilen \u0130\u015f \u0130nsan\u0131n\u0131n Ac\u0131 Kayb\u0131: Murat Al Vefat Etti\"}]},{\"@type\":\"WebSite\",\"@id\":\"https:\\\/\\\/avrupatv.eu\\\/#website\",\"url\":\"https:\\\/\\\/avrupatv.eu\\\/\",\"name\":\"Avrupal\u0131 T\u00fcrklerin en Yeni Haber Portal\u0131\",\"description\":\"\",\"publisher\":{\"@id\":\"https:\\\/\\\/avrupatv.eu\\\/#organization\"},\"alternateName\":\"Avrupa tv\",\"potentialAction\":[{\"@type\":\"SearchAction\",\"target\":{\"@type\":\"EntryPoint\",\"urlTemplate\":\"https:\\\/\\\/avrupatv.eu\\\/?s={search_term_string}\"},\"query-input\":{\"@type\":\"PropertyValueSpecification\",\"valueRequired\":true,\"valueName\":\"search_term_string\"}}],\"inLanguage\":\"tr\"},{\"@type\":\"Organization\",\"@id\":\"https:\\\/\\\/avrupatv.eu\\\/#organization\",\"name\":\"Avrupa Haber\",\"url\":\"https:\\\/\\\/avrupatv.eu\\\/\",\"logo\":{\"@type\":\"ImageObject\",\"inLanguage\":\"tr\",\"@id\":\"https:\\\/\\\/avrupatv.eu\\\/#\\\/schema\\\/logo\\\/image\\\/\",\"url\":\"https:\\\/\\\/avrupatv.eu\\\/wp-content\\\/uploads\\\/2023\\\/10\\\/cropped-thumbnail_logo.png\",\"contentUrl\":\"https:\\\/\\\/avrupatv.eu\\\/wp-content\\\/uploads\\\/2023\\\/10\\\/cropped-thumbnail_logo.png\",\"width\":1025,\"height\":302,\"caption\":\"Avrupa Haber\"},\"image\":{\"@id\":\"https:\\\/\\\/avrupatv.eu\\\/#\\\/schema\\\/logo\\\/image\\\/\"}},{\"@type\":\"Person\",\"@id\":\"https:\\\/\\\/avrupatv.eu\\\/#\\\/schema\\\/person\\\/d56afa5d5569da4029d483da36c0c17d\",\"name\":\"Onur Akpinar\",\"image\":{\"@type\":\"ImageObject\",\"inLanguage\":\"tr\",\"@id\":\"https:\\\/\\\/secure.gravatar.com\\\/avatar\\\/67a1a0bdf34f82da209334e4684b7e7171a58a5a2b0a8f836b61044f5c1f5d6a?s=96&d=mm&r=g\",\"url\":\"https:\\\/\\\/secure.gravatar.com\\\/avatar\\\/67a1a0bdf34f82da209334e4684b7e7171a58a5a2b0a8f836b61044f5c1f5d6a?s=96&d=mm&r=g\",\"contentUrl\":\"https:\\\/\\\/secure.gravatar.com\\\/avatar\\\/67a1a0bdf34f82da209334e4684b7e7171a58a5a2b0a8f836b61044f5c1f5d6a?s=96&d=mm&r=g\",\"caption\":\"Onur Akpinar\"},\"url\":\"https:\\\/\\\/avrupatv.eu\\\/index.php\\\/author\\\/onur-akpinar\\\/\"}]}<\/script>\n<!-- \/ Yoast SEO plugin. -->","yoast_head_json":{"title":"Heusden-Zolder\u2019da Sevilen \u0130\u015f \u0130nsan\u0131n\u0131n Ac\u0131 Kayb\u0131: Murat Al Vefat Etti - Avrupal\u0131 T\u00fcrklerin en Yeni Haber Portal\u0131","robots":{"index":"index","follow":"follow","max-snippet":"max-snippet:-1","max-image-preview":"max-image-preview:large","max-video-preview":"max-video-preview:-1"},"canonical":"https:\/\/avrupatv.eu\/index.php\/2025\/11\/24\/heusden-zolderda-sevilen-is-insaninin-aci-kaybi-murat-al-vefat-etti\/","og_locale":"tr_TR","og_type":"article","og_title":"Heusden-Zolder\u2019da Sevilen \u0130\u015f \u0130nsan\u0131n\u0131n Ac\u0131 Kayb\u0131: Murat Al Vefat Etti - Avrupal\u0131 T\u00fcrklerin en Yeni Haber Portal\u0131","og_description":"Heusden-Zolder\u2019da Sevilen \u0130\u015f \u0130nsan\u0131n\u0131n Ac\u0131 Kayb\u0131: Murat Al Vefat Etti Bel\u00e7ika\u2019n\u0131n Heusden-Zolder kentinde ya\u015fayan sevilen i\u015f insan\u0131 Murat Al hayat\u0131n\u0131 kaybetti. Merhum i\u00e7in yap\u0131lan a\u00e7\u0131klamada, \u201cDe\u011ferli karde\u015fimiz Murat Al, Hakk\u2019\u0131n rahmetine kavu\u015fmu\u015ftur. Kendisine Allah\u2019tan rahmet, ailesi ve yak\u0131nlar\u0131na ba\u015fsa\u011fl\u0131\u011f\u0131 dileriz.\u201d denildi. Cenaze Bilgileri:Cenaze namaz\u0131 25 Kas\u0131m 2025 Sal\u0131 g\u00fcn\u00fc, \u00f6\u011fle namaz\u0131na m\u00fcteakip Heusden-Zolder Selimiye Camiinde [&hellip;]","og_url":"https:\/\/avrupatv.eu\/index.php\/2025\/11\/24\/heusden-zolderda-sevilen-is-insaninin-aci-kaybi-murat-al-vefat-etti\/","og_site_name":"Avrupal\u0131 T\u00fcrklerin en Yeni Haber Portal\u0131","article_published_time":"2025-11-24T13:32:28+00:00","article_modified_time":"2025-11-24T13:32:29+00:00","og_image":[{"width":945,"height":929,"url":"https:\/\/avrupatv.eu\/wp-content\/uploads\/2025\/11\/FB_IMG_1763990991767.jpg","type":"image\/jpeg"}],"author":"Onur Akpinar","twitter_card":"summary_large_image","twitter_misc":{"Yazan:":"Onur Akpinar","Tahmini okuma s\u00fcresi":"1 dakika"},"schema":{"@context":"https:\/\/schema.org","@graph":[{"@type":"Article","@id":"https:\/\/avrupatv.eu\/index.php\/2025\/11\/24\/heusden-zolderda-sevilen-is-insaninin-aci-kaybi-murat-al-vefat-etti\/#article","isPartOf":{"@id":"https:\/\/avrupatv.eu\/index.php\/2025\/11\/24\/heusden-zolderda-sevilen-is-insaninin-aci-kaybi-murat-al-vefat-etti\/"},"author":{"name":"Onur Akpinar","@id":"https:\/\/avrupatv.eu\/#\/schema\/person\/d56afa5d5569da4029d483da36c0c17d"},"headline":"Heusden-Zolder\u2019da Sevilen \u0130\u015f \u0130nsan\u0131n\u0131n Ac\u0131 Kayb\u0131: Murat Al Vefat Etti","datePublished":"2025-11-24T13:32:28+00:00","dateModified":"2025-11-24T13:32:29+00:00","mainEntityOfPage":{"@id":"https:\/\/avrupatv.eu\/index.php\/2025\/11\/24\/heusden-zolderda-sevilen-is-insaninin-aci-kaybi-murat-al-vefat-etti\/"},"wordCount":112,"commentCount":0,"publisher":{"@id":"https:\/\/avrupatv.eu\/#organization"},"image":{"@id":"https:\/\/avrupatv.eu\/index.php\/2025\/11\/24\/heusden-zolderda-sevilen-is-insaninin-aci-kaybi-murat-al-vefat-etti\/#primaryimage"},"thumbnailUrl":"https:\/\/avrupatv.eu\/wp-content\/uploads\/2025\/11\/FB_IMG_1763990991767.jpg","articleSection":["Bel\u00e7ika"],"inLanguage":"tr","potentialAction":[{"@type":"CommentAction","name":"Comment","target":["https:\/\/avrupatv.eu\/index.php\/2025\/11\/24\/heusden-zolderda-sevilen-is-insaninin-aci-kaybi-murat-al-vefat-etti\/#respond"]}]},{"@type":"WebPage","@id":"https:\/\/avrupatv.eu\/index.php\/2025\/11\/24\/heusden-zolderda-sevilen-is-insaninin-aci-kaybi-murat-al-vefat-etti\/","url":"https:\/\/avrupatv.eu\/index.php\/2025\/11\/24\/heusden-zolderda-sevilen-is-insaninin-aci-kaybi-murat-al-vefat-etti\/","name":"Heusden-Zolder\u2019da Sevilen \u0130\u015f \u0130nsan\u0131n\u0131n Ac\u0131 Kayb\u0131: Murat Al Vefat Etti - Avrupal\u0131 T\u00fcrklerin en Yeni Haber Portal\u0131","isPartOf":{"@id":"https:\/\/avrupatv.eu\/#website"},"primaryImageOfPage":{"@id":"https:\/\/avrupatv.eu\/index.php\/2025\/11\/24\/heusden-zolderda-sevilen-is-insaninin-aci-kaybi-murat-al-vefat-etti\/#primaryimage"},"image":{"@id":"https:\/\/avrupatv.eu\/index.php\/2025\/11\/24\/heusden-zolderda-sevilen-is-insaninin-aci-kaybi-murat-al-vefat-etti\/#primaryimage"},"thumbnailUrl":"https:\/\/avrupatv.eu\/wp-content\/uploads\/2025\/11\/FB_IMG_1763990991767.jpg","datePublished":"2025-11-24T13:32:28+00:00","dateModified":"2025-11-24T13:32:29+00:00","breadcrumb":{"@id":"https:\/\/avrupatv.eu\/index.php\/2025\/11\/24\/heusden-zolderda-sevilen-is-insaninin-aci-kaybi-murat-al-vefat-etti\/#breadcrumb"},"inLanguage":"tr","potentialAction":[{"@type":"ReadAction","target":["https:\/\/avrupatv.eu\/index.php\/2025\/11\/24\/heusden-zolderda-sevilen-is-insaninin-aci-kaybi-murat-al-vefat-etti\/"]}]},{"@type":"ImageObject","inLanguage":"tr","@id":"https:\/\/avrupatv.eu\/index.php\/2025\/11\/24\/heusden-zolderda-sevilen-is-insaninin-aci-kaybi-murat-al-vefat-etti\/#primaryimage","url":"https:\/\/avrupatv.eu\/wp-content\/uploads\/2025\/11\/FB_IMG_1763990991767.jpg","contentUrl":"https:\/\/avrupatv.eu\/wp-content\/uploads\/2025\/11\/FB_IMG_1763990991767.jpg","width":945,"height":929},{"@type":"BreadcrumbList","@id":"https:\/\/avrupatv.eu\/index.php\/2025\/11\/24\/heusden-zolderda-sevilen-is-insaninin-aci-kaybi-murat-al-vefat-etti\/#breadcrumb","itemListElement":[{"@type":"ListItem","position":1,"name":"Anasayfa","item":"https:\/\/avrupatv.eu\/"},{"@type":"ListItem","position":2,"name":"Heusden-Zolder\u2019da Sevilen \u0130\u015f \u0130nsan\u0131n\u0131n Ac\u0131 Kayb\u0131: Murat Al Vefat Etti"}]},{"@type":"WebSite","@id":"https:\/\/avrupatv.eu\/#website","url":"https:\/\/avrupatv.eu\/","name":"Avrupal\u0131 T\u00fcrklerin en Yeni Haber Portal\u0131","description":"","publisher":{"@id":"https:\/\/avrupatv.eu\/#organization"},"alternateName":"Avrupa tv","potentialAction":[{"@type":"SearchAction","target":{"@type":"EntryPoint","urlTemplate":"https:\/\/avrupatv.eu\/?s={search_term_string}"},"query-input":{"@type":"PropertyValueSpecification","valueRequired":true,"valueName":"search_term_string"}}],"inLanguage":"tr"},{"@type":"Organization","@id":"https:\/\/avrupatv.eu\/#organization","name":"Avrupa Haber","url":"https:\/\/avrupatv.eu\/","logo":{"@type":"ImageObject","inLanguage":"tr","@id":"https:\/\/avrupatv.eu\/#\/schema\/logo\/image\/","url":"https:\/\/avrupatv.eu\/wp-content\/uploads\/2023\/10\/cropped-thumbnail_logo.png","contentUrl":"https:\/\/avrupatv.eu\/wp-content\/uploads\/2023\/10\/cropped-thumbnail_logo.png","width":1025,"height":302,"caption":"Avrupa Haber"},"image":{"@id":"https:\/\/avrupatv.eu\/#\/schema\/logo\/image\/"}},{"@type":"Person","@id":"https:\/\/avrupatv.eu\/#\/schema\/person\/d56afa5d5569da4029d483da36c0c17d","name":"Onur Akpinar","image":{"@type":"ImageObject","inLanguage":"tr","@id":"https:\/\/secure.gravatar.com\/avatar\/67a1a0bdf34f82da209334e4684b7e7171a58a5a2b0a8f836b61044f5c1f5d6a?s=96&d=mm&r=g","url":"https:\/\/secure.gravatar.com\/avatar\/67a1a0bdf34f82da209334e4684b7e7171a58a5a2b0a8f836b61044f5c1f5d6a?s=96&d=mm&r=g","contentUrl":"https:\/\/secure.gravatar.com\/avatar\/67a1a0bdf34f82da209334e4684b7e7171a58a5a2b0a8f836b61044f5c1f5d6a?s=96&d=mm&r=g","caption":"Onur Akpinar"},"url":"https:\/\/avrupatv.eu\/index.php\/author\/onur-akpinar\/"}]}},"_links":{"self":[{"href":"https:\/\/avrupatv.eu\/index.php\/wp-json\/wp\/v2\/posts\/1459","targetHints":{"allow":["GET"]}}],"collection":[{"href":"https:\/\/avrupatv.eu\/index.php\/wp-json\/wp\/v2\/posts"}],"about":[{"href":"https:\/\/avrupatv.eu\/index.php\/wp-json\/wp\/v2\/types\/post"}],"author":[{"embeddable":true,"href":"https:\/\/avrupatv.eu\/index.php\/wp-json\/wp\/v2\/users\/2"}],"replies":[{"embeddable":true,"href":"https:\/\/avrupatv.eu\/index.php\/wp-json\/wp\/v2\/comments?post=1459"}],"version-history":[{"count":1,"href":"https:\/\/avrupatv.eu\/index.php\/wp-json\/wp\/v2\/posts\/1459\/revisions"}],"predecessor-version":[{"id":1461,"href":"https:\/\/avrupatv.eu\/index.php\/wp-json\/wp\/v2\/posts\/1459\/revisions\/1461"}],"wp:featuredmedia":[{"embeddable":true,"href":"https:\/\/avrupatv.eu\/index.php\/wp-json\/wp\/v2\/media\/1460"}],"wp:attachment":[{"href":"https:\/\/avrupatv.eu\/index.php\/wp-json\/wp\/v2\/media?parent=1459"}],"wp:term":[{"taxonomy":"category","embeddable":true,"href":"https:\/\/avrupatv.eu\/index.php\/wp-json\/wp\/v2\/categories?post=1459"},{"taxonomy":"post_tag","embeddable":true,"href":"https:\/\/avrupatv.eu\/index.php\/wp-json\/wp\/v2\/tags?post=1459"}],"curies":[{"name":"wp","href":"https:\/\/api.w.org\/{rel}","templated":true}]}}