{"id":1456,"date":"2025-11-24T10:27:55","date_gmt":"2025-11-24T10:27:55","guid":{"rendered":"https:\/\/avrupatv.eu\/?p=1456"},"modified":"2025-11-24T10:27:56","modified_gmt":"2025-11-24T10:27:56","slug":"zeki-yalcinin-kizi-milletvekili-hilal-yalcinin-kardesi-vefat-etti","status":"publish","type":"post","link":"https:\/\/avrupatv.eu\/index.php\/2025\/11\/24\/zeki-yalcinin-kizi-milletvekili-hilal-yalcinin-kardesi-vefat-etti\/","title":{"rendered":"Zeki Yal\u00e7\u0131n\u2019\u0131n K\u0131z\u0131, Milletvekili Hilal Yal\u00e7\u0131n\u2019\u0131n Karde\u015fi Vefat Etti"},"content":{"rendered":"\n<p>Zeki Yal\u00e7\u0131n\u2019\u0131n K\u0131z\u0131, Milletvekili Hilal Yal\u00e7\u0131n\u2019\u0131n Karde\u015fi Vefat Etti<\/p>\n\n\n\n<p>Bel\u00e7ika\u2019da ya\u015fayan i\u015f insan\u0131 Zeki Yal\u00e7\u0131n\u2019\u0131n k\u0131z\u0131 ve Bel\u00e7ika Milletvekili Hilal Yal\u00e7\u0131n\u2019\u0131n karde\u015fi hayat\u0131n\u0131 kaybetti. Ac\u0131 haberi baba Zeki Yal\u00e7\u0131n, duygusal bir mesajla duyurdu:<\/p>\n\n\n\n<blockquote class=\"wp-block-quote is-layout-flow wp-block-quote-is-layout-flow\">\n<p>\u201cDe\u011ferli e\u015f dost yak\u0131nlar\u0131m\u0131z\u2026 Yunus\u2019un tabiriyle \u2018Ana rahminden geldik pazara, 3 metre bez ald\u0131k d\u00f6nd\u00fck mezara\u2019\u2026 Allah\u2019tan gelen ba\u015f\u0131m\u0131z \u00fcst\u00fcne\u2026\u201d<\/p>\n<\/blockquote>\n\n\n\n<p>Vefat eden Emine Hatun i\u00e7in cenaze merasimi, 25 Kas\u0131m 2025 Sal\u0131 g\u00fcn\u00fc, ikindi namaz\u0131n\u0131 m\u00fcteakiben (yakla\u015f\u0131k 14.30) Heusden-Zolder Selimiye Camiinde k\u0131l\u0131nacak.<br>Adres: Valentinusstraat 61, Heusden<br>Merhume, t\u00f6renin ard\u0131ndan Heusden Mezarl\u0131\u011f\u0131na defnedilecek.<\/p>\n\n\n\n<p>Avrupa TV ailesi olarak, merhumeye Allah\u2019tan rahmet; ailesine, yak\u0131nlar\u0131na ve sevenlerine ba\u015fsa\u011fl\u0131\u011f\u0131, sab\u0131r ve metanet diliyoruz.<\/p>\n","protected":false},"excerpt":{"rendered":"<p>Zeki Yal\u00e7\u0131n\u2019\u0131n K\u0131z\u0131, Milletvekili Hilal Yal\u00e7\u0131n\u2019\u0131n Karde\u015fi Vefat Etti Bel\u00e7ika\u2019da ya\u015fayan i\u015f insan\u0131 Zeki Yal\u00e7\u0131n\u2019\u0131n k\u0131z\u0131 ve Bel\u00e7ika Milletvekili Hilal Yal\u00e7\u0131n\u2019\u0131n karde\u015fi hayat\u0131n\u0131 kaybetti. Ac\u0131 haberi baba Zeki Yal\u00e7\u0131n, duygusal bir mesajla duyurdu: \u201cDe\u011ferli e\u015f dost yak\u0131nlar\u0131m\u0131z\u2026 Yunus\u2019un tabiriyle \u2018Ana rahminden geldik pazara, 3 metre bez ald\u0131k d\u00f6nd\u00fck mezara\u2019\u2026 Allah\u2019tan gelen ba\u015f\u0131m\u0131z \u00fcst\u00fcne\u2026\u201d Vefat eden [&hellip;]<\/p>\n","protected":false},"author":2,"featured_media":1457,"comment_status":"open","ping_status":"open","sticky":false,"template":"","format":"standard","meta":{"footnotes":""},"categories":[9],"tags":[],"class_list":["post-1456","post","type-post","status-publish","format-standard","has-post-thumbnail","hentry","category-avrupa"],"yoast_head":"<!-- This site is optimized with the Yoast SEO plugin v27.5 - https:\/\/yoast.com\/product\/yoast-seo-wordpress\/ -->\n<title>Zeki Yal\u00e7\u0131n\u2019\u0131n K\u0131z\u0131, Milletvekili Hilal Yal\u00e7\u0131n\u2019\u0131n Karde\u015fi Vefat Etti - Avrupal\u0131 T\u00fcrklerin en Yeni Haber Portal\u0131<\/title>\n<meta name=\"robots\" content=\"index, follow, max-snippet:-1, max-image-preview:large, max-video-preview:-1\" \/>\n<link rel=\"canonical\" href=\"https:\/\/avrupatv.eu\/index.php\/2025\/11\/24\/zeki-yalcinin-kizi-milletvekili-hilal-yalcinin-kardesi-vefat-etti\/\" \/>\n<meta property=\"og:locale\" content=\"tr_TR\" \/>\n<meta property=\"og:type\" content=\"article\" \/>\n<meta property=\"og:title\" content=\"Zeki Yal\u00e7\u0131n\u2019\u0131n K\u0131z\u0131, Milletvekili Hilal Yal\u00e7\u0131n\u2019\u0131n Karde\u015fi Vefat Etti - Avrupal\u0131 T\u00fcrklerin en Yeni Haber Portal\u0131\" \/>\n<meta property=\"og:description\" content=\"Zeki Yal\u00e7\u0131n\u2019\u0131n K\u0131z\u0131, Milletvekili Hilal Yal\u00e7\u0131n\u2019\u0131n Karde\u015fi Vefat Etti Bel\u00e7ika\u2019da ya\u015fayan i\u015f insan\u0131 Zeki Yal\u00e7\u0131n\u2019\u0131n k\u0131z\u0131 ve Bel\u00e7ika Milletvekili Hilal Yal\u00e7\u0131n\u2019\u0131n karde\u015fi hayat\u0131n\u0131 kaybetti. Ac\u0131 haberi baba Zeki Yal\u00e7\u0131n, duygusal bir mesajla duyurdu: \u201cDe\u011ferli e\u015f dost yak\u0131nlar\u0131m\u0131z\u2026 Yunus\u2019un tabiriyle \u2018Ana rahminden geldik pazara, 3 metre bez ald\u0131k d\u00f6nd\u00fck mezara\u2019\u2026 Allah\u2019tan gelen ba\u015f\u0131m\u0131z \u00fcst\u00fcne\u2026\u201d Vefat eden [&hellip;]\" \/>\n<meta property=\"og:url\" content=\"https:\/\/avrupatv.eu\/index.php\/2025\/11\/24\/zeki-yalcinin-kizi-milletvekili-hilal-yalcinin-kardesi-vefat-etti\/\" \/>\n<meta property=\"og:site_name\" content=\"Avrupal\u0131 T\u00fcrklerin en Yeni Haber Portal\u0131\" \/>\n<meta property=\"article:published_time\" content=\"2025-11-24T10:27:55+00:00\" \/>\n<meta property=\"article:modified_time\" content=\"2025-11-24T10:27:56+00:00\" \/>\n<meta property=\"og:image\" content=\"https:\/\/avrupatv.eu\/wp-content\/uploads\/2025\/11\/FB_IMG_1763980044157.jpg\" \/>\n\t<meta property=\"og:image:width\" content=\"930\" \/>\n\t<meta property=\"og:image:height\" content=\"1343\" \/>\n\t<meta property=\"og:image:type\" content=\"image\/jpeg\" \/>\n<meta name=\"author\" content=\"Onur Akpinar\" \/>\n<meta name=\"twitter:card\" content=\"summary_large_image\" \/>\n<meta name=\"twitter:label1\" content=\"Yazan:\" \/>\n\t<meta name=\"twitter:data1\" content=\"Onur Akpinar\" \/>\n\t<meta name=\"twitter:label2\" content=\"Tahmini okuma s\u00fcresi\" \/>\n\t<meta name=\"twitter:data2\" content=\"1 dakika\" \/>\n<script type=\"application\/ld+json\" class=\"yoast-schema-graph\">{\"@context\":\"https:\\\/\\\/schema.org\",\"@graph\":[{\"@type\":\"Article\",\"@id\":\"https:\\\/\\\/avrupatv.eu\\\/index.php\\\/2025\\\/11\\\/24\\\/zeki-yalcinin-kizi-milletvekili-hilal-yalcinin-kardesi-vefat-etti\\\/#article\",\"isPartOf\":{\"@id\":\"https:\\\/\\\/avrupatv.eu\\\/index.php\\\/2025\\\/11\\\/24\\\/zeki-yalcinin-kizi-milletvekili-hilal-yalcinin-kardesi-vefat-etti\\\/\"},\"author\":{\"name\":\"Onur Akpinar\",\"@id\":\"https:\\\/\\\/avrupatv.eu\\\/#\\\/schema\\\/person\\\/d56afa5d5569da4029d483da36c0c17d\"},\"headline\":\"Zeki Yal\u00e7\u0131n\u2019\u0131n K\u0131z\u0131, Milletvekili Hilal Yal\u00e7\u0131n\u2019\u0131n Karde\u015fi Vefat Etti\",\"datePublished\":\"2025-11-24T10:27:55+00:00\",\"dateModified\":\"2025-11-24T10:27:56+00:00\",\"mainEntityOfPage\":{\"@id\":\"https:\\\/\\\/avrupatv.eu\\\/index.php\\\/2025\\\/11\\\/24\\\/zeki-yalcinin-kizi-milletvekili-hilal-yalcinin-kardesi-vefat-etti\\\/\"},\"wordCount\":156,\"commentCount\":0,\"publisher\":{\"@id\":\"https:\\\/\\\/avrupatv.eu\\\/#organization\"},\"image\":{\"@id\":\"https:\\\/\\\/avrupatv.eu\\\/index.php\\\/2025\\\/11\\\/24\\\/zeki-yalcinin-kizi-milletvekili-hilal-yalcinin-kardesi-vefat-etti\\\/#primaryimage\"},\"thumbnailUrl\":\"https:\\\/\\\/avrupatv.eu\\\/wp-content\\\/uploads\\\/2025\\\/11\\\/FB_IMG_1763980044157.jpg\",\"articleSection\":[\"Avrupa\"],\"inLanguage\":\"tr\",\"potentialAction\":[{\"@type\":\"CommentAction\",\"name\":\"Comment\",\"target\":[\"https:\\\/\\\/avrupatv.eu\\\/index.php\\\/2025\\\/11\\\/24\\\/zeki-yalcinin-kizi-milletvekili-hilal-yalcinin-kardesi-vefat-etti\\\/#respond\"]}]},{\"@type\":\"WebPage\",\"@id\":\"https:\\\/\\\/avrupatv.eu\\\/index.php\\\/2025\\\/11\\\/24\\\/zeki-yalcinin-kizi-milletvekili-hilal-yalcinin-kardesi-vefat-etti\\\/\",\"url\":\"https:\\\/\\\/avrupatv.eu\\\/index.php\\\/2025\\\/11\\\/24\\\/zeki-yalcinin-kizi-milletvekili-hilal-yalcinin-kardesi-vefat-etti\\\/\",\"name\":\"Zeki Yal\u00e7\u0131n\u2019\u0131n K\u0131z\u0131, Milletvekili Hilal Yal\u00e7\u0131n\u2019\u0131n Karde\u015fi Vefat Etti - Avrupal\u0131 T\u00fcrklerin en Yeni Haber Portal\u0131\",\"isPartOf\":{\"@id\":\"https:\\\/\\\/avrupatv.eu\\\/#website\"},\"primaryImageOfPage\":{\"@id\":\"https:\\\/\\\/avrupatv.eu\\\/index.php\\\/2025\\\/11\\\/24\\\/zeki-yalcinin-kizi-milletvekili-hilal-yalcinin-kardesi-vefat-etti\\\/#primaryimage\"},\"image\":{\"@id\":\"https:\\\/\\\/avrupatv.eu\\\/index.php\\\/2025\\\/11\\\/24\\\/zeki-yalcinin-kizi-milletvekili-hilal-yalcinin-kardesi-vefat-etti\\\/#primaryimage\"},\"thumbnailUrl\":\"https:\\\/\\\/avrupatv.eu\\\/wp-content\\\/uploads\\\/2025\\\/11\\\/FB_IMG_1763980044157.jpg\",\"datePublished\":\"2025-11-24T10:27:55+00:00\",\"dateModified\":\"2025-11-24T10:27:56+00:00\",\"breadcrumb\":{\"@id\":\"https:\\\/\\\/avrupatv.eu\\\/index.php\\\/2025\\\/11\\\/24\\\/zeki-yalcinin-kizi-milletvekili-hilal-yalcinin-kardesi-vefat-etti\\\/#breadcrumb\"},\"inLanguage\":\"tr\",\"potentialAction\":[{\"@type\":\"ReadAction\",\"target\":[\"https:\\\/\\\/avrupatv.eu\\\/index.php\\\/2025\\\/11\\\/24\\\/zeki-yalcinin-kizi-milletvekili-hilal-yalcinin-kardesi-vefat-etti\\\/\"]}]},{\"@type\":\"ImageObject\",\"inLanguage\":\"tr\",\"@id\":\"https:\\\/\\\/avrupatv.eu\\\/index.php\\\/2025\\\/11\\\/24\\\/zeki-yalcinin-kizi-milletvekili-hilal-yalcinin-kardesi-vefat-etti\\\/#primaryimage\",\"url\":\"https:\\\/\\\/avrupatv.eu\\\/wp-content\\\/uploads\\\/2025\\\/11\\\/FB_IMG_1763980044157.jpg\",\"contentUrl\":\"https:\\\/\\\/avrupatv.eu\\\/wp-content\\\/uploads\\\/2025\\\/11\\\/FB_IMG_1763980044157.jpg\",\"width\":930,\"height\":1343},{\"@type\":\"BreadcrumbList\",\"@id\":\"https:\\\/\\\/avrupatv.eu\\\/index.php\\\/2025\\\/11\\\/24\\\/zeki-yalcinin-kizi-milletvekili-hilal-yalcinin-kardesi-vefat-etti\\\/#breadcrumb\",\"itemListElement\":[{\"@type\":\"ListItem\",\"position\":1,\"name\":\"Anasayfa\",\"item\":\"https:\\\/\\\/avrupatv.eu\\\/\"},{\"@type\":\"ListItem\",\"position\":2,\"name\":\"Zeki Yal\u00e7\u0131n\u2019\u0131n K\u0131z\u0131, Milletvekili Hilal Yal\u00e7\u0131n\u2019\u0131n Karde\u015fi Vefat Etti\"}]},{\"@type\":\"WebSite\",\"@id\":\"https:\\\/\\\/avrupatv.eu\\\/#website\",\"url\":\"https:\\\/\\\/avrupatv.eu\\\/\",\"name\":\"Avrupal\u0131 T\u00fcrklerin en Yeni Haber Portal\u0131\",\"description\":\"\",\"publisher\":{\"@id\":\"https:\\\/\\\/avrupatv.eu\\\/#organization\"},\"alternateName\":\"Avrupa tv\",\"potentialAction\":[{\"@type\":\"SearchAction\",\"target\":{\"@type\":\"EntryPoint\",\"urlTemplate\":\"https:\\\/\\\/avrupatv.eu\\\/?s={search_term_string}\"},\"query-input\":{\"@type\":\"PropertyValueSpecification\",\"valueRequired\":true,\"valueName\":\"search_term_string\"}}],\"inLanguage\":\"tr\"},{\"@type\":\"Organization\",\"@id\":\"https:\\\/\\\/avrupatv.eu\\\/#organization\",\"name\":\"Avrupa Haber\",\"url\":\"https:\\\/\\\/avrupatv.eu\\\/\",\"logo\":{\"@type\":\"ImageObject\",\"inLanguage\":\"tr\",\"@id\":\"https:\\\/\\\/avrupatv.eu\\\/#\\\/schema\\\/logo\\\/image\\\/\",\"url\":\"https:\\\/\\\/avrupatv.eu\\\/wp-content\\\/uploads\\\/2023\\\/10\\\/cropped-thumbnail_logo.png\",\"contentUrl\":\"https:\\\/\\\/avrupatv.eu\\\/wp-content\\\/uploads\\\/2023\\\/10\\\/cropped-thumbnail_logo.png\",\"width\":1025,\"height\":302,\"caption\":\"Avrupa Haber\"},\"image\":{\"@id\":\"https:\\\/\\\/avrupatv.eu\\\/#\\\/schema\\\/logo\\\/image\\\/\"}},{\"@type\":\"Person\",\"@id\":\"https:\\\/\\\/avrupatv.eu\\\/#\\\/schema\\\/person\\\/d56afa5d5569da4029d483da36c0c17d\",\"name\":\"Onur Akpinar\",\"image\":{\"@type\":\"ImageObject\",\"inLanguage\":\"tr\",\"@id\":\"https:\\\/\\\/secure.gravatar.com\\\/avatar\\\/67a1a0bdf34f82da209334e4684b7e7171a58a5a2b0a8f836b61044f5c1f5d6a?s=96&d=mm&r=g\",\"url\":\"https:\\\/\\\/secure.gravatar.com\\\/avatar\\\/67a1a0bdf34f82da209334e4684b7e7171a58a5a2b0a8f836b61044f5c1f5d6a?s=96&d=mm&r=g\",\"contentUrl\":\"https:\\\/\\\/secure.gravatar.com\\\/avatar\\\/67a1a0bdf34f82da209334e4684b7e7171a58a5a2b0a8f836b61044f5c1f5d6a?s=96&d=mm&r=g\",\"caption\":\"Onur Akpinar\"},\"url\":\"https:\\\/\\\/avrupatv.eu\\\/index.php\\\/author\\\/onur-akpinar\\\/\"}]}<\/script>\n<!-- \/ Yoast SEO plugin. -->","yoast_head_json":{"title":"Zeki Yal\u00e7\u0131n\u2019\u0131n K\u0131z\u0131, Milletvekili Hilal Yal\u00e7\u0131n\u2019\u0131n Karde\u015fi Vefat Etti - Avrupal\u0131 T\u00fcrklerin en Yeni Haber Portal\u0131","robots":{"index":"index","follow":"follow","max-snippet":"max-snippet:-1","max-image-preview":"max-image-preview:large","max-video-preview":"max-video-preview:-1"},"canonical":"https:\/\/avrupatv.eu\/index.php\/2025\/11\/24\/zeki-yalcinin-kizi-milletvekili-hilal-yalcinin-kardesi-vefat-etti\/","og_locale":"tr_TR","og_type":"article","og_title":"Zeki Yal\u00e7\u0131n\u2019\u0131n K\u0131z\u0131, Milletvekili Hilal Yal\u00e7\u0131n\u2019\u0131n Karde\u015fi Vefat Etti - Avrupal\u0131 T\u00fcrklerin en Yeni Haber Portal\u0131","og_description":"Zeki Yal\u00e7\u0131n\u2019\u0131n K\u0131z\u0131, Milletvekili Hilal Yal\u00e7\u0131n\u2019\u0131n Karde\u015fi Vefat Etti Bel\u00e7ika\u2019da ya\u015fayan i\u015f insan\u0131 Zeki Yal\u00e7\u0131n\u2019\u0131n k\u0131z\u0131 ve Bel\u00e7ika Milletvekili Hilal Yal\u00e7\u0131n\u2019\u0131n karde\u015fi hayat\u0131n\u0131 kaybetti. Ac\u0131 haberi baba Zeki Yal\u00e7\u0131n, duygusal bir mesajla duyurdu: \u201cDe\u011ferli e\u015f dost yak\u0131nlar\u0131m\u0131z\u2026 Yunus\u2019un tabiriyle \u2018Ana rahminden geldik pazara, 3 metre bez ald\u0131k d\u00f6nd\u00fck mezara\u2019\u2026 Allah\u2019tan gelen ba\u015f\u0131m\u0131z \u00fcst\u00fcne\u2026\u201d Vefat eden [&hellip;]","og_url":"https:\/\/avrupatv.eu\/index.php\/2025\/11\/24\/zeki-yalcinin-kizi-milletvekili-hilal-yalcinin-kardesi-vefat-etti\/","og_site_name":"Avrupal\u0131 T\u00fcrklerin en Yeni Haber Portal\u0131","article_published_time":"2025-11-24T10:27:55+00:00","article_modified_time":"2025-11-24T10:27:56+00:00","og_image":[{"width":930,"height":1343,"url":"https:\/\/avrupatv.eu\/wp-content\/uploads\/2025\/11\/FB_IMG_1763980044157.jpg","type":"image\/jpeg"}],"author":"Onur Akpinar","twitter_card":"summary_large_image","twitter_misc":{"Yazan:":"Onur Akpinar","Tahmini okuma s\u00fcresi":"1 dakika"},"schema":{"@context":"https:\/\/schema.org","@graph":[{"@type":"Article","@id":"https:\/\/avrupatv.eu\/index.php\/2025\/11\/24\/zeki-yalcinin-kizi-milletvekili-hilal-yalcinin-kardesi-vefat-etti\/#article","isPartOf":{"@id":"https:\/\/avrupatv.eu\/index.php\/2025\/11\/24\/zeki-yalcinin-kizi-milletvekili-hilal-yalcinin-kardesi-vefat-etti\/"},"author":{"name":"Onur Akpinar","@id":"https:\/\/avrupatv.eu\/#\/schema\/person\/d56afa5d5569da4029d483da36c0c17d"},"headline":"Zeki Yal\u00e7\u0131n\u2019\u0131n K\u0131z\u0131, Milletvekili Hilal Yal\u00e7\u0131n\u2019\u0131n Karde\u015fi Vefat Etti","datePublished":"2025-11-24T10:27:55+00:00","dateModified":"2025-11-24T10:27:56+00:00","mainEntityOfPage":{"@id":"https:\/\/avrupatv.eu\/index.php\/2025\/11\/24\/zeki-yalcinin-kizi-milletvekili-hilal-yalcinin-kardesi-vefat-etti\/"},"wordCount":156,"commentCount":0,"publisher":{"@id":"https:\/\/avrupatv.eu\/#organization"},"image":{"@id":"https:\/\/avrupatv.eu\/index.php\/2025\/11\/24\/zeki-yalcinin-kizi-milletvekili-hilal-yalcinin-kardesi-vefat-etti\/#primaryimage"},"thumbnailUrl":"https:\/\/avrupatv.eu\/wp-content\/uploads\/2025\/11\/FB_IMG_1763980044157.jpg","articleSection":["Avrupa"],"inLanguage":"tr","potentialAction":[{"@type":"CommentAction","name":"Comment","target":["https:\/\/avrupatv.eu\/index.php\/2025\/11\/24\/zeki-yalcinin-kizi-milletvekili-hilal-yalcinin-kardesi-vefat-etti\/#respond"]}]},{"@type":"WebPage","@id":"https:\/\/avrupatv.eu\/index.php\/2025\/11\/24\/zeki-yalcinin-kizi-milletvekili-hilal-yalcinin-kardesi-vefat-etti\/","url":"https:\/\/avrupatv.eu\/index.php\/2025\/11\/24\/zeki-yalcinin-kizi-milletvekili-hilal-yalcinin-kardesi-vefat-etti\/","name":"Zeki Yal\u00e7\u0131n\u2019\u0131n K\u0131z\u0131, Milletvekili Hilal Yal\u00e7\u0131n\u2019\u0131n Karde\u015fi Vefat Etti - Avrupal\u0131 T\u00fcrklerin en Yeni Haber Portal\u0131","isPartOf":{"@id":"https:\/\/avrupatv.eu\/#website"},"primaryImageOfPage":{"@id":"https:\/\/avrupatv.eu\/index.php\/2025\/11\/24\/zeki-yalcinin-kizi-milletvekili-hilal-yalcinin-kardesi-vefat-etti\/#primaryimage"},"image":{"@id":"https:\/\/avrupatv.eu\/index.php\/2025\/11\/24\/zeki-yalcinin-kizi-milletvekili-hilal-yalcinin-kardesi-vefat-etti\/#primaryimage"},"thumbnailUrl":"https:\/\/avrupatv.eu\/wp-content\/uploads\/2025\/11\/FB_IMG_1763980044157.jpg","datePublished":"2025-11-24T10:27:55+00:00","dateModified":"2025-11-24T10:27:56+00:00","breadcrumb":{"@id":"https:\/\/avrupatv.eu\/index.php\/2025\/11\/24\/zeki-yalcinin-kizi-milletvekili-hilal-yalcinin-kardesi-vefat-etti\/#breadcrumb"},"inLanguage":"tr","potentialAction":[{"@type":"ReadAction","target":["https:\/\/avrupatv.eu\/index.php\/2025\/11\/24\/zeki-yalcinin-kizi-milletvekili-hilal-yalcinin-kardesi-vefat-etti\/"]}]},{"@type":"ImageObject","inLanguage":"tr","@id":"https:\/\/avrupatv.eu\/index.php\/2025\/11\/24\/zeki-yalcinin-kizi-milletvekili-hilal-yalcinin-kardesi-vefat-etti\/#primaryimage","url":"https:\/\/avrupatv.eu\/wp-content\/uploads\/2025\/11\/FB_IMG_1763980044157.jpg","contentUrl":"https:\/\/avrupatv.eu\/wp-content\/uploads\/2025\/11\/FB_IMG_1763980044157.jpg","width":930,"height":1343},{"@type":"BreadcrumbList","@id":"https:\/\/avrupatv.eu\/index.php\/2025\/11\/24\/zeki-yalcinin-kizi-milletvekili-hilal-yalcinin-kardesi-vefat-etti\/#breadcrumb","itemListElement":[{"@type":"ListItem","position":1,"name":"Anasayfa","item":"https:\/\/avrupatv.eu\/"},{"@type":"ListItem","position":2,"name":"Zeki Yal\u00e7\u0131n\u2019\u0131n K\u0131z\u0131, Milletvekili Hilal Yal\u00e7\u0131n\u2019\u0131n Karde\u015fi Vefat Etti"}]},{"@type":"WebSite","@id":"https:\/\/avrupatv.eu\/#website","url":"https:\/\/avrupatv.eu\/","name":"Avrupal\u0131 T\u00fcrklerin en Yeni Haber Portal\u0131","description":"","publisher":{"@id":"https:\/\/avrupatv.eu\/#organization"},"alternateName":"Avrupa tv","potentialAction":[{"@type":"SearchAction","target":{"@type":"EntryPoint","urlTemplate":"https:\/\/avrupatv.eu\/?s={search_term_string}"},"query-input":{"@type":"PropertyValueSpecification","valueRequired":true,"valueName":"search_term_string"}}],"inLanguage":"tr"},{"@type":"Organization","@id":"https:\/\/avrupatv.eu\/#organization","name":"Avrupa Haber","url":"https:\/\/avrupatv.eu\/","logo":{"@type":"ImageObject","inLanguage":"tr","@id":"https:\/\/avrupatv.eu\/#\/schema\/logo\/image\/","url":"https:\/\/avrupatv.eu\/wp-content\/uploads\/2023\/10\/cropped-thumbnail_logo.png","contentUrl":"https:\/\/avrupatv.eu\/wp-content\/uploads\/2023\/10\/cropped-thumbnail_logo.png","width":1025,"height":302,"caption":"Avrupa Haber"},"image":{"@id":"https:\/\/avrupatv.eu\/#\/schema\/logo\/image\/"}},{"@type":"Person","@id":"https:\/\/avrupatv.eu\/#\/schema\/person\/d56afa5d5569da4029d483da36c0c17d","name":"Onur Akpinar","image":{"@type":"ImageObject","inLanguage":"tr","@id":"https:\/\/secure.gravatar.com\/avatar\/67a1a0bdf34f82da209334e4684b7e7171a58a5a2b0a8f836b61044f5c1f5d6a?s=96&d=mm&r=g","url":"https:\/\/secure.gravatar.com\/avatar\/67a1a0bdf34f82da209334e4684b7e7171a58a5a2b0a8f836b61044f5c1f5d6a?s=96&d=mm&r=g","contentUrl":"https:\/\/secure.gravatar.com\/avatar\/67a1a0bdf34f82da209334e4684b7e7171a58a5a2b0a8f836b61044f5c1f5d6a?s=96&d=mm&r=g","caption":"Onur Akpinar"},"url":"https:\/\/avrupatv.eu\/index.php\/author\/onur-akpinar\/"}]}},"_links":{"self":[{"href":"https:\/\/avrupatv.eu\/index.php\/wp-json\/wp\/v2\/posts\/1456","targetHints":{"allow":["GET"]}}],"collection":[{"href":"https:\/\/avrupatv.eu\/index.php\/wp-json\/wp\/v2\/posts"}],"about":[{"href":"https:\/\/avrupatv.eu\/index.php\/wp-json\/wp\/v2\/types\/post"}],"author":[{"embeddable":true,"href":"https:\/\/avrupatv.eu\/index.php\/wp-json\/wp\/v2\/users\/2"}],"replies":[{"embeddable":true,"href":"https:\/\/avrupatv.eu\/index.php\/wp-json\/wp\/v2\/comments?post=1456"}],"version-history":[{"count":1,"href":"https:\/\/avrupatv.eu\/index.php\/wp-json\/wp\/v2\/posts\/1456\/revisions"}],"predecessor-version":[{"id":1458,"href":"https:\/\/avrupatv.eu\/index.php\/wp-json\/wp\/v2\/posts\/1456\/revisions\/1458"}],"wp:featuredmedia":[{"embeddable":true,"href":"https:\/\/avrupatv.eu\/index.php\/wp-json\/wp\/v2\/media\/1457"}],"wp:attachment":[{"href":"https:\/\/avrupatv.eu\/index.php\/wp-json\/wp\/v2\/media?parent=1456"}],"wp:term":[{"taxonomy":"category","embeddable":true,"href":"https:\/\/avrupatv.eu\/index.php\/wp-json\/wp\/v2\/categories?post=1456"},{"taxonomy":"post_tag","embeddable":true,"href":"https:\/\/avrupatv.eu\/index.php\/wp-json\/wp\/v2\/tags?post=1456"}],"curies":[{"name":"wp","href":"https:\/\/api.w.org\/{rel}","templated":true}]}}