{"id":1451,"date":"2025-11-22T19:46:26","date_gmt":"2025-11-22T19:46:26","guid":{"rendered":"https:\/\/avrupatv.eu\/?p=1451"},"modified":"2025-11-22T19:46:26","modified_gmt":"2025-11-22T19:46:26","slug":"hakem-yonetimi-tartisma-yaratti-galatasaray-genclerbirligi-icin-carpici-tespitler-tartismali-pozisyonlar-yorumladi","status":"publish","type":"post","link":"https:\/\/avrupatv.eu\/index.php\/2025\/11\/22\/hakem-yonetimi-tartisma-yaratti-galatasaray-genclerbirligi-icin-carpici-tespitler-tartismali-pozisyonlar-yorumladi\/","title":{"rendered":"Hakem Y\u00f6netimi Tart\u0131\u015fma Yaratt\u0131: Galatasaray\u2013Gen\u00e7lerbirli\u011fi \u0130\u00e7in \u00c7arp\u0131c\u0131 Tespitler. &#8220;Tart\u0131\u015fmal\u0131 Pozisyonlar Yorumlad\u0131&#8221;"},"content":{"rendered":"\n<p>S\u00fcper Lig\u2019de oynanan Galatasaray\u2013Gen\u00e7lerbirli\u011fi kar\u015f\u0131la\u015fmas\u0131n\u0131n ard\u0131ndan \u201cTart\u0131\u015fmal\u0131 Pozisyonlar\u201d hesab\u0131, m\u00fccadelenin kritik anlar\u0131n\u0131 detayl\u0131 bir \u015fekilde analiz ederek hakem kararlar\u0131n\u0131 de\u011ferlendirdi. Yap\u0131lan yorumlar sosyal medyada geni\u015f yank\u0131 uyand\u0131rd\u0131. \u0130\u015fte \u00f6ne \u00e7\u0131kan tespitler:<\/p>\n\n\n\n<p>Gen\u00e7lerbirli\u011fi\u2019nin gol\u00fcn\u00fcn geldi\u011fi serbest vuru\u015f \u00f6ncesinde Torreira\u2019n\u0131n umut vaat eden ata\u011f\u0131 kesti\u011fi ve bu pozisyonda sar\u0131 kart g\u00f6rmesi gerekti\u011fi belirtildi.<\/p>\n\n\n\n<p>Hakem Ozan Erg\u00fcn\u2019\u00fcn ma\u00e7 y\u00f6netimi sert \u015fekilde ele\u015ftirildi. Topun oyuncunun kafas\u0131na gelmesiyle oyunun durmas\u0131 gerekti\u011fi halde devam ettirilmesi, yerde kalan oyuncuya ra\u011fmen oyunun s\u00fcrmesi, Kaz\u0131mcan\u2019\u0131n m\u00fcdahalesine kart \u00e7\u0131kmamas\u0131 ve ard\u0131ndan iki oyuncuya birden sar\u0131 kart g\u00f6sterilmesi \u201cba\u015ftan sona yanl\u0131\u015f\u201d olarak de\u011ferlendirildi.<\/p>\n\n\n\n<ol start=\"47\" class=\"wp-block-list\">\n<li>dakikada Velho\u2019nun zaman ge\u00e7irmesi nedeniyle uyar\u0131lmas\u0131 hat\u0131rlat\u0131larak, ayn\u0131 hareket tekrarland\u0131\u011f\u0131nda kart \u00e7\u0131kmas\u0131 gerekti\u011fi ifade edildi.<\/li>\n<\/ol>\n\n\n\n<p>Davinson Sanchez\u2019in O\u011fulcan\u2019\u0131n aya\u011f\u0131na bast\u0131\u011f\u0131 pozisyonda kart gerekmedi\u011fi ancak dikkatsiz faul sebebiyle serbest vuru\u015f verilmesi gerekti\u011fi vurguland\u0131.<\/p>\n\n\n\n<p>Tongya\u2019n\u0131n Singo\u2019ya yapt\u0131\u011f\u0131 kayarak m\u00fcdahalenin kontrols\u00fcz oldu\u011fu ve sar\u0131 kartla cezaland\u0131r\u0131lmas\u0131 gerekti\u011fi belirtildi.<\/p>\n\n\n\n<p>Galatasaray\u2019\u0131n penalt\u0131 bekledi\u011fi pozisyonda Bar\u0131\u015f\u2019a ge\u00e7 yap\u0131lan temas\u0131n kontrols\u00fcz olmad\u0131\u011f\u0131 ve VAR m\u00fcdahalesi gerektirmedi\u011fi, hakemin devam karar\u0131n\u0131n do\u011fru oldu\u011fu aktar\u0131ld\u0131.<\/p>\n\n\n\n<p>Thalisson\u2019un ikinci sar\u0131 karttan oyundan at\u0131lmas\u0131 ise yanl\u0131\u015f karar olarak de\u011ferlendirildi. Oyuncunun hamlesini fark ederek aya\u011f\u0131n\u0131 sak\u0131nd\u0131\u011f\u0131, m\u00fcdahalenin kontrols\u00fcz olmad\u0131\u011f\u0131 ve k\u0131rm\u0131z\u0131 kart\u0131n oturmad\u0131\u011f\u0131 belirtildi.<\/p>\n\n\n\n<p>Koita\u2019n\u0131n Abd\u00fclkerim\u2019in aya\u011f\u0131na yapt\u0131\u011f\u0131 temas\u0131n kart gerektirmedi\u011fi, Dilhan\u2019\u0131n Bar\u0131\u015f\u2019a kontrols\u00fcz m\u00fcdahalesinde g\u00f6sterilen sar\u0131 kart\u0131n do\u011fru oldu\u011fu ifade edildi.<\/p>\n\n\n\n<p>Tongya\u2019n\u0131n dizinden sekip koluna gelen pozisyonda devam karar\u0131n\u0131n isabetli oldu\u011fu belirtildi.<\/p>\n\n\n\n<p>\u0130lkay\u2019\u0131n kontrols\u00fcz faul ve umut vaat eden ata\u011f\u0131 kesmesi nedeniyle sar\u0131 kart\u0131n\u0131n do\u011fru oldu\u011fu bildirildi.<\/p>\n\n\n\n<p>Onyekuru\u2019nun pozisyonunda ofsayt olmad\u0131\u011f\u0131, yard\u0131mc\u0131 hakemin emin de\u011filse ata\u011f\u0131n sonlanmas\u0131n\u0131 beklemesi gerekti\u011fi vurguland\u0131.<\/p>\n\n\n\n<p>Sallai\u2019nin faul\u00fc sonras\u0131 g\u00f6rd\u00fc\u011f\u00fc sar\u0131 kart\u0131n do\u011fru oldu\u011fu, rakibin kafas\u0131na y\u00f6nelik m\u00fcdahalesinde verilen k\u0131rm\u0131z\u0131 kart\u0131n da isabetli oldu\u011fu ifade edildi.<\/p>\n\n\n\n<p>Thalisson\u2019un ikinci sar\u0131dan g\u00f6rd\u00fc\u011f\u00fc k\u0131rm\u0131z\u0131 kartla ilgili ek de\u011ferlendirmede, oyuncunun temas gelmeden hamlesini kesmesi nedeniyle kart\u0131n do\u011fru olmad\u0131\u011f\u0131 tekrarlad\u0131.<\/p>\n","protected":false},"excerpt":{"rendered":"<p>S\u00fcper Lig\u2019de oynanan Galatasaray\u2013Gen\u00e7lerbirli\u011fi kar\u015f\u0131la\u015fmas\u0131n\u0131n ard\u0131ndan \u201cTart\u0131\u015fmal\u0131 Pozisyonlar\u201d hesab\u0131, m\u00fccadelenin kritik anlar\u0131n\u0131 detayl\u0131 bir \u015fekilde analiz ederek hakem kararlar\u0131n\u0131 de\u011ferlendirdi. Yap\u0131lan yorumlar sosyal medyada geni\u015f yank\u0131 uyand\u0131rd\u0131. \u0130\u015fte \u00f6ne \u00e7\u0131kan tespitler: Gen\u00e7lerbirli\u011fi\u2019nin gol\u00fcn\u00fcn geldi\u011fi serbest vuru\u015f \u00f6ncesinde Torreira\u2019n\u0131n umut vaat eden ata\u011f\u0131 kesti\u011fi ve bu pozisyonda sar\u0131 kart g\u00f6rmesi gerekti\u011fi belirtildi. Hakem Ozan Erg\u00fcn\u2019\u00fcn ma\u00e7 [&hellip;]<\/p>\n","protected":false},"author":2,"featured_media":1452,"comment_status":"open","ping_status":"open","sticky":false,"template":"","format":"standard","meta":{"footnotes":""},"categories":[10,11],"tags":[],"class_list":["post-1451","post","type-post","status-publish","format-standard","has-post-thumbnail","hentry","category-futbol","category-turkiye"],"yoast_head":"<!-- This site is optimized with the Yoast SEO plugin v27.4 - https:\/\/yoast.com\/product\/yoast-seo-wordpress\/ -->\n<title>Hakem Y\u00f6netimi Tart\u0131\u015fma Yaratt\u0131: Galatasaray\u2013Gen\u00e7lerbirli\u011fi \u0130\u00e7in \u00c7arp\u0131c\u0131 Tespitler. &quot;Tart\u0131\u015fmal\u0131 Pozisyonlar Yorumlad\u0131&quot; - Avrupal\u0131 T\u00fcrklerin en Yeni Haber Portal\u0131<\/title>\n<meta name=\"robots\" content=\"index, follow, max-snippet:-1, max-image-preview:large, max-video-preview:-1\" \/>\n<link rel=\"canonical\" href=\"https:\/\/avrupatv.eu\/index.php\/2025\/11\/22\/hakem-yonetimi-tartisma-yaratti-galatasaray-genclerbirligi-icin-carpici-tespitler-tartismali-pozisyonlar-yorumladi\/\" \/>\n<meta property=\"og:locale\" content=\"tr_TR\" \/>\n<meta property=\"og:type\" content=\"article\" \/>\n<meta property=\"og:title\" content=\"Hakem Y\u00f6netimi Tart\u0131\u015fma Yaratt\u0131: Galatasaray\u2013Gen\u00e7lerbirli\u011fi \u0130\u00e7in \u00c7arp\u0131c\u0131 Tespitler. &quot;Tart\u0131\u015fmal\u0131 Pozisyonlar Yorumlad\u0131&quot; - Avrupal\u0131 T\u00fcrklerin en Yeni Haber Portal\u0131\" \/>\n<meta property=\"og:description\" content=\"S\u00fcper Lig\u2019de oynanan Galatasaray\u2013Gen\u00e7lerbirli\u011fi kar\u015f\u0131la\u015fmas\u0131n\u0131n ard\u0131ndan \u201cTart\u0131\u015fmal\u0131 Pozisyonlar\u201d hesab\u0131, m\u00fccadelenin kritik anlar\u0131n\u0131 detayl\u0131 bir \u015fekilde analiz ederek hakem kararlar\u0131n\u0131 de\u011ferlendirdi. Yap\u0131lan yorumlar sosyal medyada geni\u015f yank\u0131 uyand\u0131rd\u0131. \u0130\u015fte \u00f6ne \u00e7\u0131kan tespitler: Gen\u00e7lerbirli\u011fi\u2019nin gol\u00fcn\u00fcn geldi\u011fi serbest vuru\u015f \u00f6ncesinde Torreira\u2019n\u0131n umut vaat eden ata\u011f\u0131 kesti\u011fi ve bu pozisyonda sar\u0131 kart g\u00f6rmesi gerekti\u011fi belirtildi. Hakem Ozan Erg\u00fcn\u2019\u00fcn ma\u00e7 [&hellip;]\" \/>\n<meta property=\"og:url\" content=\"https:\/\/avrupatv.eu\/index.php\/2025\/11\/22\/hakem-yonetimi-tartisma-yaratti-galatasaray-genclerbirligi-icin-carpici-tespitler-tartismali-pozisyonlar-yorumladi\/\" \/>\n<meta property=\"og:site_name\" content=\"Avrupal\u0131 T\u00fcrklerin en Yeni Haber Portal\u0131\" \/>\n<meta property=\"article:published_time\" content=\"2025-11-22T19:46:26+00:00\" \/>\n<meta property=\"og:image\" content=\"https:\/\/avrupatv.eu\/wp-content\/uploads\/2025\/11\/20251122_204602.jpg\" \/>\n\t<meta property=\"og:image:width\" content=\"400\" \/>\n\t<meta property=\"og:image:height\" content=\"400\" \/>\n\t<meta property=\"og:image:type\" content=\"image\/jpeg\" \/>\n<meta name=\"author\" content=\"Onur Akpinar\" \/>\n<meta name=\"twitter:card\" content=\"summary_large_image\" \/>\n<meta name=\"twitter:label1\" content=\"Yazan:\" \/>\n\t<meta name=\"twitter:data1\" content=\"Onur Akpinar\" \/>\n\t<meta name=\"twitter:label2\" content=\"Tahmini okuma s\u00fcresi\" \/>\n\t<meta name=\"twitter:data2\" content=\"2 dakika\" \/>\n<script type=\"application\/ld+json\" class=\"yoast-schema-graph\">{\"@context\":\"https:\\\/\\\/schema.org\",\"@graph\":[{\"@type\":\"Article\",\"@id\":\"https:\\\/\\\/avrupatv.eu\\\/index.php\\\/2025\\\/11\\\/22\\\/hakem-yonetimi-tartisma-yaratti-galatasaray-genclerbirligi-icin-carpici-tespitler-tartismali-pozisyonlar-yorumladi\\\/#article\",\"isPartOf\":{\"@id\":\"https:\\\/\\\/avrupatv.eu\\\/index.php\\\/2025\\\/11\\\/22\\\/hakem-yonetimi-tartisma-yaratti-galatasaray-genclerbirligi-icin-carpici-tespitler-tartismali-pozisyonlar-yorumladi\\\/\"},\"author\":{\"name\":\"Onur Akpinar\",\"@id\":\"https:\\\/\\\/avrupatv.eu\\\/#\\\/schema\\\/person\\\/d56afa5d5569da4029d483da36c0c17d\"},\"headline\":\"Hakem Y\u00f6netimi Tart\u0131\u015fma Yaratt\u0131: Galatasaray\u2013Gen\u00e7lerbirli\u011fi \u0130\u00e7in \u00c7arp\u0131c\u0131 Tespitler. &#8220;Tart\u0131\u015fmal\u0131 Pozisyonlar Yorumlad\u0131&#8221;\",\"datePublished\":\"2025-11-22T19:46:26+00:00\",\"mainEntityOfPage\":{\"@id\":\"https:\\\/\\\/avrupatv.eu\\\/index.php\\\/2025\\\/11\\\/22\\\/hakem-yonetimi-tartisma-yaratti-galatasaray-genclerbirligi-icin-carpici-tespitler-tartismali-pozisyonlar-yorumladi\\\/\"},\"wordCount\":436,\"commentCount\":0,\"publisher\":{\"@id\":\"https:\\\/\\\/avrupatv.eu\\\/#organization\"},\"image\":{\"@id\":\"https:\\\/\\\/avrupatv.eu\\\/index.php\\\/2025\\\/11\\\/22\\\/hakem-yonetimi-tartisma-yaratti-galatasaray-genclerbirligi-icin-carpici-tespitler-tartismali-pozisyonlar-yorumladi\\\/#primaryimage\"},\"thumbnailUrl\":\"https:\\\/\\\/avrupatv.eu\\\/wp-content\\\/uploads\\\/2025\\\/11\\\/20251122_204602.jpg\",\"articleSection\":[\"Futbol\",\"T\u00fcrkiye\"],\"inLanguage\":\"tr\",\"potentialAction\":[{\"@type\":\"CommentAction\",\"name\":\"Comment\",\"target\":[\"https:\\\/\\\/avrupatv.eu\\\/index.php\\\/2025\\\/11\\\/22\\\/hakem-yonetimi-tartisma-yaratti-galatasaray-genclerbirligi-icin-carpici-tespitler-tartismali-pozisyonlar-yorumladi\\\/#respond\"]}]},{\"@type\":\"WebPage\",\"@id\":\"https:\\\/\\\/avrupatv.eu\\\/index.php\\\/2025\\\/11\\\/22\\\/hakem-yonetimi-tartisma-yaratti-galatasaray-genclerbirligi-icin-carpici-tespitler-tartismali-pozisyonlar-yorumladi\\\/\",\"url\":\"https:\\\/\\\/avrupatv.eu\\\/index.php\\\/2025\\\/11\\\/22\\\/hakem-yonetimi-tartisma-yaratti-galatasaray-genclerbirligi-icin-carpici-tespitler-tartismali-pozisyonlar-yorumladi\\\/\",\"name\":\"Hakem Y\u00f6netimi Tart\u0131\u015fma Yaratt\u0131: Galatasaray\u2013Gen\u00e7lerbirli\u011fi \u0130\u00e7in \u00c7arp\u0131c\u0131 Tespitler. \\\"Tart\u0131\u015fmal\u0131 Pozisyonlar Yorumlad\u0131\\\" - Avrupal\u0131 T\u00fcrklerin en Yeni Haber Portal\u0131\",\"isPartOf\":{\"@id\":\"https:\\\/\\\/avrupatv.eu\\\/#website\"},\"primaryImageOfPage\":{\"@id\":\"https:\\\/\\\/avrupatv.eu\\\/index.php\\\/2025\\\/11\\\/22\\\/hakem-yonetimi-tartisma-yaratti-galatasaray-genclerbirligi-icin-carpici-tespitler-tartismali-pozisyonlar-yorumladi\\\/#primaryimage\"},\"image\":{\"@id\":\"https:\\\/\\\/avrupatv.eu\\\/index.php\\\/2025\\\/11\\\/22\\\/hakem-yonetimi-tartisma-yaratti-galatasaray-genclerbirligi-icin-carpici-tespitler-tartismali-pozisyonlar-yorumladi\\\/#primaryimage\"},\"thumbnailUrl\":\"https:\\\/\\\/avrupatv.eu\\\/wp-content\\\/uploads\\\/2025\\\/11\\\/20251122_204602.jpg\",\"datePublished\":\"2025-11-22T19:46:26+00:00\",\"breadcrumb\":{\"@id\":\"https:\\\/\\\/avrupatv.eu\\\/index.php\\\/2025\\\/11\\\/22\\\/hakem-yonetimi-tartisma-yaratti-galatasaray-genclerbirligi-icin-carpici-tespitler-tartismali-pozisyonlar-yorumladi\\\/#breadcrumb\"},\"inLanguage\":\"tr\",\"potentialAction\":[{\"@type\":\"ReadAction\",\"target\":[\"https:\\\/\\\/avrupatv.eu\\\/index.php\\\/2025\\\/11\\\/22\\\/hakem-yonetimi-tartisma-yaratti-galatasaray-genclerbirligi-icin-carpici-tespitler-tartismali-pozisyonlar-yorumladi\\\/\"]}]},{\"@type\":\"ImageObject\",\"inLanguage\":\"tr\",\"@id\":\"https:\\\/\\\/avrupatv.eu\\\/index.php\\\/2025\\\/11\\\/22\\\/hakem-yonetimi-tartisma-yaratti-galatasaray-genclerbirligi-icin-carpici-tespitler-tartismali-pozisyonlar-yorumladi\\\/#primaryimage\",\"url\":\"https:\\\/\\\/avrupatv.eu\\\/wp-content\\\/uploads\\\/2025\\\/11\\\/20251122_204602.jpg\",\"contentUrl\":\"https:\\\/\\\/avrupatv.eu\\\/wp-content\\\/uploads\\\/2025\\\/11\\\/20251122_204602.jpg\",\"width\":400,\"height\":400},{\"@type\":\"BreadcrumbList\",\"@id\":\"https:\\\/\\\/avrupatv.eu\\\/index.php\\\/2025\\\/11\\\/22\\\/hakem-yonetimi-tartisma-yaratti-galatasaray-genclerbirligi-icin-carpici-tespitler-tartismali-pozisyonlar-yorumladi\\\/#breadcrumb\",\"itemListElement\":[{\"@type\":\"ListItem\",\"position\":1,\"name\":\"Anasayfa\",\"item\":\"https:\\\/\\\/avrupatv.eu\\\/\"},{\"@type\":\"ListItem\",\"position\":2,\"name\":\"Hakem Y\u00f6netimi Tart\u0131\u015fma Yaratt\u0131: Galatasaray\u2013Gen\u00e7lerbirli\u011fi \u0130\u00e7in \u00c7arp\u0131c\u0131 Tespitler. &#8220;Tart\u0131\u015fmal\u0131 Pozisyonlar Yorumlad\u0131&#8221;\"}]},{\"@type\":\"WebSite\",\"@id\":\"https:\\\/\\\/avrupatv.eu\\\/#website\",\"url\":\"https:\\\/\\\/avrupatv.eu\\\/\",\"name\":\"Avrupal\u0131 T\u00fcrklerin en Yeni Haber Portal\u0131\",\"description\":\"\",\"publisher\":{\"@id\":\"https:\\\/\\\/avrupatv.eu\\\/#organization\"},\"alternateName\":\"Avrupa tv\",\"potentialAction\":[{\"@type\":\"SearchAction\",\"target\":{\"@type\":\"EntryPoint\",\"urlTemplate\":\"https:\\\/\\\/avrupatv.eu\\\/?s={search_term_string}\"},\"query-input\":{\"@type\":\"PropertyValueSpecification\",\"valueRequired\":true,\"valueName\":\"search_term_string\"}}],\"inLanguage\":\"tr\"},{\"@type\":\"Organization\",\"@id\":\"https:\\\/\\\/avrupatv.eu\\\/#organization\",\"name\":\"Avrupa Haber\",\"url\":\"https:\\\/\\\/avrupatv.eu\\\/\",\"logo\":{\"@type\":\"ImageObject\",\"inLanguage\":\"tr\",\"@id\":\"https:\\\/\\\/avrupatv.eu\\\/#\\\/schema\\\/logo\\\/image\\\/\",\"url\":\"https:\\\/\\\/avrupatv.eu\\\/wp-content\\\/uploads\\\/2023\\\/10\\\/cropped-thumbnail_logo.png\",\"contentUrl\":\"https:\\\/\\\/avrupatv.eu\\\/wp-content\\\/uploads\\\/2023\\\/10\\\/cropped-thumbnail_logo.png\",\"width\":1025,\"height\":302,\"caption\":\"Avrupa Haber\"},\"image\":{\"@id\":\"https:\\\/\\\/avrupatv.eu\\\/#\\\/schema\\\/logo\\\/image\\\/\"}},{\"@type\":\"Person\",\"@id\":\"https:\\\/\\\/avrupatv.eu\\\/#\\\/schema\\\/person\\\/d56afa5d5569da4029d483da36c0c17d\",\"name\":\"Onur Akpinar\",\"image\":{\"@type\":\"ImageObject\",\"inLanguage\":\"tr\",\"@id\":\"https:\\\/\\\/secure.gravatar.com\\\/avatar\\\/67a1a0bdf34f82da209334e4684b7e7171a58a5a2b0a8f836b61044f5c1f5d6a?s=96&d=mm&r=g\",\"url\":\"https:\\\/\\\/secure.gravatar.com\\\/avatar\\\/67a1a0bdf34f82da209334e4684b7e7171a58a5a2b0a8f836b61044f5c1f5d6a?s=96&d=mm&r=g\",\"contentUrl\":\"https:\\\/\\\/secure.gravatar.com\\\/avatar\\\/67a1a0bdf34f82da209334e4684b7e7171a58a5a2b0a8f836b61044f5c1f5d6a?s=96&d=mm&r=g\",\"caption\":\"Onur Akpinar\"},\"url\":\"https:\\\/\\\/avrupatv.eu\\\/index.php\\\/author\\\/onur-akpinar\\\/\"}]}<\/script>\n<!-- \/ Yoast SEO plugin. -->","yoast_head_json":{"title":"Hakem Y\u00f6netimi Tart\u0131\u015fma Yaratt\u0131: Galatasaray\u2013Gen\u00e7lerbirli\u011fi \u0130\u00e7in \u00c7arp\u0131c\u0131 Tespitler. \"Tart\u0131\u015fmal\u0131 Pozisyonlar Yorumlad\u0131\" - Avrupal\u0131 T\u00fcrklerin en Yeni Haber Portal\u0131","robots":{"index":"index","follow":"follow","max-snippet":"max-snippet:-1","max-image-preview":"max-image-preview:large","max-video-preview":"max-video-preview:-1"},"canonical":"https:\/\/avrupatv.eu\/index.php\/2025\/11\/22\/hakem-yonetimi-tartisma-yaratti-galatasaray-genclerbirligi-icin-carpici-tespitler-tartismali-pozisyonlar-yorumladi\/","og_locale":"tr_TR","og_type":"article","og_title":"Hakem Y\u00f6netimi Tart\u0131\u015fma Yaratt\u0131: Galatasaray\u2013Gen\u00e7lerbirli\u011fi \u0130\u00e7in \u00c7arp\u0131c\u0131 Tespitler. \"Tart\u0131\u015fmal\u0131 Pozisyonlar Yorumlad\u0131\" - Avrupal\u0131 T\u00fcrklerin en Yeni Haber Portal\u0131","og_description":"S\u00fcper Lig\u2019de oynanan Galatasaray\u2013Gen\u00e7lerbirli\u011fi kar\u015f\u0131la\u015fmas\u0131n\u0131n ard\u0131ndan \u201cTart\u0131\u015fmal\u0131 Pozisyonlar\u201d hesab\u0131, m\u00fccadelenin kritik anlar\u0131n\u0131 detayl\u0131 bir \u015fekilde analiz ederek hakem kararlar\u0131n\u0131 de\u011ferlendirdi. Yap\u0131lan yorumlar sosyal medyada geni\u015f yank\u0131 uyand\u0131rd\u0131. \u0130\u015fte \u00f6ne \u00e7\u0131kan tespitler: Gen\u00e7lerbirli\u011fi\u2019nin gol\u00fcn\u00fcn geldi\u011fi serbest vuru\u015f \u00f6ncesinde Torreira\u2019n\u0131n umut vaat eden ata\u011f\u0131 kesti\u011fi ve bu pozisyonda sar\u0131 kart g\u00f6rmesi gerekti\u011fi belirtildi. Hakem Ozan Erg\u00fcn\u2019\u00fcn ma\u00e7 [&hellip;]","og_url":"https:\/\/avrupatv.eu\/index.php\/2025\/11\/22\/hakem-yonetimi-tartisma-yaratti-galatasaray-genclerbirligi-icin-carpici-tespitler-tartismali-pozisyonlar-yorumladi\/","og_site_name":"Avrupal\u0131 T\u00fcrklerin en Yeni Haber Portal\u0131","article_published_time":"2025-11-22T19:46:26+00:00","og_image":[{"width":400,"height":400,"url":"https:\/\/avrupatv.eu\/wp-content\/uploads\/2025\/11\/20251122_204602.jpg","type":"image\/jpeg"}],"author":"Onur Akpinar","twitter_card":"summary_large_image","twitter_misc":{"Yazan:":"Onur Akpinar","Tahmini okuma s\u00fcresi":"2 dakika"},"schema":{"@context":"https:\/\/schema.org","@graph":[{"@type":"Article","@id":"https:\/\/avrupatv.eu\/index.php\/2025\/11\/22\/hakem-yonetimi-tartisma-yaratti-galatasaray-genclerbirligi-icin-carpici-tespitler-tartismali-pozisyonlar-yorumladi\/#article","isPartOf":{"@id":"https:\/\/avrupatv.eu\/index.php\/2025\/11\/22\/hakem-yonetimi-tartisma-yaratti-galatasaray-genclerbirligi-icin-carpici-tespitler-tartismali-pozisyonlar-yorumladi\/"},"author":{"name":"Onur Akpinar","@id":"https:\/\/avrupatv.eu\/#\/schema\/person\/d56afa5d5569da4029d483da36c0c17d"},"headline":"Hakem Y\u00f6netimi Tart\u0131\u015fma Yaratt\u0131: Galatasaray\u2013Gen\u00e7lerbirli\u011fi \u0130\u00e7in \u00c7arp\u0131c\u0131 Tespitler. &#8220;Tart\u0131\u015fmal\u0131 Pozisyonlar Yorumlad\u0131&#8221;","datePublished":"2025-11-22T19:46:26+00:00","mainEntityOfPage":{"@id":"https:\/\/avrupatv.eu\/index.php\/2025\/11\/22\/hakem-yonetimi-tartisma-yaratti-galatasaray-genclerbirligi-icin-carpici-tespitler-tartismali-pozisyonlar-yorumladi\/"},"wordCount":436,"commentCount":0,"publisher":{"@id":"https:\/\/avrupatv.eu\/#organization"},"image":{"@id":"https:\/\/avrupatv.eu\/index.php\/2025\/11\/22\/hakem-yonetimi-tartisma-yaratti-galatasaray-genclerbirligi-icin-carpici-tespitler-tartismali-pozisyonlar-yorumladi\/#primaryimage"},"thumbnailUrl":"https:\/\/avrupatv.eu\/wp-content\/uploads\/2025\/11\/20251122_204602.jpg","articleSection":["Futbol","T\u00fcrkiye"],"inLanguage":"tr","potentialAction":[{"@type":"CommentAction","name":"Comment","target":["https:\/\/avrupatv.eu\/index.php\/2025\/11\/22\/hakem-yonetimi-tartisma-yaratti-galatasaray-genclerbirligi-icin-carpici-tespitler-tartismali-pozisyonlar-yorumladi\/#respond"]}]},{"@type":"WebPage","@id":"https:\/\/avrupatv.eu\/index.php\/2025\/11\/22\/hakem-yonetimi-tartisma-yaratti-galatasaray-genclerbirligi-icin-carpici-tespitler-tartismali-pozisyonlar-yorumladi\/","url":"https:\/\/avrupatv.eu\/index.php\/2025\/11\/22\/hakem-yonetimi-tartisma-yaratti-galatasaray-genclerbirligi-icin-carpici-tespitler-tartismali-pozisyonlar-yorumladi\/","name":"Hakem Y\u00f6netimi Tart\u0131\u015fma Yaratt\u0131: Galatasaray\u2013Gen\u00e7lerbirli\u011fi \u0130\u00e7in \u00c7arp\u0131c\u0131 Tespitler. \"Tart\u0131\u015fmal\u0131 Pozisyonlar Yorumlad\u0131\" - Avrupal\u0131 T\u00fcrklerin en Yeni Haber Portal\u0131","isPartOf":{"@id":"https:\/\/avrupatv.eu\/#website"},"primaryImageOfPage":{"@id":"https:\/\/avrupatv.eu\/index.php\/2025\/11\/22\/hakem-yonetimi-tartisma-yaratti-galatasaray-genclerbirligi-icin-carpici-tespitler-tartismali-pozisyonlar-yorumladi\/#primaryimage"},"image":{"@id":"https:\/\/avrupatv.eu\/index.php\/2025\/11\/22\/hakem-yonetimi-tartisma-yaratti-galatasaray-genclerbirligi-icin-carpici-tespitler-tartismali-pozisyonlar-yorumladi\/#primaryimage"},"thumbnailUrl":"https:\/\/avrupatv.eu\/wp-content\/uploads\/2025\/11\/20251122_204602.jpg","datePublished":"2025-11-22T19:46:26+00:00","breadcrumb":{"@id":"https:\/\/avrupatv.eu\/index.php\/2025\/11\/22\/hakem-yonetimi-tartisma-yaratti-galatasaray-genclerbirligi-icin-carpici-tespitler-tartismali-pozisyonlar-yorumladi\/#breadcrumb"},"inLanguage":"tr","potentialAction":[{"@type":"ReadAction","target":["https:\/\/avrupatv.eu\/index.php\/2025\/11\/22\/hakem-yonetimi-tartisma-yaratti-galatasaray-genclerbirligi-icin-carpici-tespitler-tartismali-pozisyonlar-yorumladi\/"]}]},{"@type":"ImageObject","inLanguage":"tr","@id":"https:\/\/avrupatv.eu\/index.php\/2025\/11\/22\/hakem-yonetimi-tartisma-yaratti-galatasaray-genclerbirligi-icin-carpici-tespitler-tartismali-pozisyonlar-yorumladi\/#primaryimage","url":"https:\/\/avrupatv.eu\/wp-content\/uploads\/2025\/11\/20251122_204602.jpg","contentUrl":"https:\/\/avrupatv.eu\/wp-content\/uploads\/2025\/11\/20251122_204602.jpg","width":400,"height":400},{"@type":"BreadcrumbList","@id":"https:\/\/avrupatv.eu\/index.php\/2025\/11\/22\/hakem-yonetimi-tartisma-yaratti-galatasaray-genclerbirligi-icin-carpici-tespitler-tartismali-pozisyonlar-yorumladi\/#breadcrumb","itemListElement":[{"@type":"ListItem","position":1,"name":"Anasayfa","item":"https:\/\/avrupatv.eu\/"},{"@type":"ListItem","position":2,"name":"Hakem Y\u00f6netimi Tart\u0131\u015fma Yaratt\u0131: Galatasaray\u2013Gen\u00e7lerbirli\u011fi \u0130\u00e7in \u00c7arp\u0131c\u0131 Tespitler. &#8220;Tart\u0131\u015fmal\u0131 Pozisyonlar Yorumlad\u0131&#8221;"}]},{"@type":"WebSite","@id":"https:\/\/avrupatv.eu\/#website","url":"https:\/\/avrupatv.eu\/","name":"Avrupal\u0131 T\u00fcrklerin en Yeni Haber Portal\u0131","description":"","publisher":{"@id":"https:\/\/avrupatv.eu\/#organization"},"alternateName":"Avrupa tv","potentialAction":[{"@type":"SearchAction","target":{"@type":"EntryPoint","urlTemplate":"https:\/\/avrupatv.eu\/?s={search_term_string}"},"query-input":{"@type":"PropertyValueSpecification","valueRequired":true,"valueName":"search_term_string"}}],"inLanguage":"tr"},{"@type":"Organization","@id":"https:\/\/avrupatv.eu\/#organization","name":"Avrupa Haber","url":"https:\/\/avrupatv.eu\/","logo":{"@type":"ImageObject","inLanguage":"tr","@id":"https:\/\/avrupatv.eu\/#\/schema\/logo\/image\/","url":"https:\/\/avrupatv.eu\/wp-content\/uploads\/2023\/10\/cropped-thumbnail_logo.png","contentUrl":"https:\/\/avrupatv.eu\/wp-content\/uploads\/2023\/10\/cropped-thumbnail_logo.png","width":1025,"height":302,"caption":"Avrupa Haber"},"image":{"@id":"https:\/\/avrupatv.eu\/#\/schema\/logo\/image\/"}},{"@type":"Person","@id":"https:\/\/avrupatv.eu\/#\/schema\/person\/d56afa5d5569da4029d483da36c0c17d","name":"Onur Akpinar","image":{"@type":"ImageObject","inLanguage":"tr","@id":"https:\/\/secure.gravatar.com\/avatar\/67a1a0bdf34f82da209334e4684b7e7171a58a5a2b0a8f836b61044f5c1f5d6a?s=96&d=mm&r=g","url":"https:\/\/secure.gravatar.com\/avatar\/67a1a0bdf34f82da209334e4684b7e7171a58a5a2b0a8f836b61044f5c1f5d6a?s=96&d=mm&r=g","contentUrl":"https:\/\/secure.gravatar.com\/avatar\/67a1a0bdf34f82da209334e4684b7e7171a58a5a2b0a8f836b61044f5c1f5d6a?s=96&d=mm&r=g","caption":"Onur Akpinar"},"url":"https:\/\/avrupatv.eu\/index.php\/author\/onur-akpinar\/"}]}},"_links":{"self":[{"href":"https:\/\/avrupatv.eu\/index.php\/wp-json\/wp\/v2\/posts\/1451","targetHints":{"allow":["GET"]}}],"collection":[{"href":"https:\/\/avrupatv.eu\/index.php\/wp-json\/wp\/v2\/posts"}],"about":[{"href":"https:\/\/avrupatv.eu\/index.php\/wp-json\/wp\/v2\/types\/post"}],"author":[{"embeddable":true,"href":"https:\/\/avrupatv.eu\/index.php\/wp-json\/wp\/v2\/users\/2"}],"replies":[{"embeddable":true,"href":"https:\/\/avrupatv.eu\/index.php\/wp-json\/wp\/v2\/comments?post=1451"}],"version-history":[{"count":1,"href":"https:\/\/avrupatv.eu\/index.php\/wp-json\/wp\/v2\/posts\/1451\/revisions"}],"predecessor-version":[{"id":1453,"href":"https:\/\/avrupatv.eu\/index.php\/wp-json\/wp\/v2\/posts\/1451\/revisions\/1453"}],"wp:featuredmedia":[{"embeddable":true,"href":"https:\/\/avrupatv.eu\/index.php\/wp-json\/wp\/v2\/media\/1452"}],"wp:attachment":[{"href":"https:\/\/avrupatv.eu\/index.php\/wp-json\/wp\/v2\/media?parent=1451"}],"wp:term":[{"taxonomy":"category","embeddable":true,"href":"https:\/\/avrupatv.eu\/index.php\/wp-json\/wp\/v2\/categories?post=1451"},{"taxonomy":"post_tag","embeddable":true,"href":"https:\/\/avrupatv.eu\/index.php\/wp-json\/wp\/v2\/tags?post=1451"}],"curies":[{"name":"wp","href":"https:\/\/api.w.org\/{rel}","templated":true}]}}