{"id":140,"date":"2023-11-06T21:38:45","date_gmt":"2023-11-06T21:38:45","guid":{"rendered":"https:\/\/avrupatv.eu\/?p=140"},"modified":"2023-11-06T21:38:45","modified_gmt":"2023-11-06T21:38:45","slug":"gozler-ankarada-fidan-ve-blinken-gorusmesi-sona-erdihalen-daha-aciklama-yok","status":"publish","type":"post","link":"https:\/\/avrupatv.eu\/index.php\/2023\/11\/06\/gozler-ankarada-fidan-ve-blinken-gorusmesi-sona-erdihalen-daha-aciklama-yok\/","title":{"rendered":"G\u00f6zler Ankara&#8217;da! Fidan ve Blinken g\u00f6r\u00fc\u015fmesi sona erdi,halen daha a\u00e7\u0131klama yok?"},"content":{"rendered":"\n<p><strong>D\u0131\u015fi\u015fleri Bakan\u0131 Hakan Fidan, Ankara&#8217;ya gelen ABD D\u0131\u015fi\u015fleri Bakan\u0131 Antony Blinken ile bir araya geldi. 2 bu\u00e7uk saat s\u00fcren g\u00f6r\u00fc\u015fme sona erdi.<\/strong><\/p>\n\n\n\n<p>D\u0131\u015fi\u015fleri Bakan\u0131 Hakan Fidan, Ankara&#8217;ya gelen ABD D\u0131\u015fi\u015fleri Bakan\u0131 Antony Blinken ile bir araya geldi.<\/p>\n\n\n\n<p>2 bu\u00e7uk saat s\u00fcren g\u00f6r\u00fc\u015fme sona erdi.\u00a0G\u00f6r\u00fc\u015fmenin ana\u00a0g\u00fcndem\u00a0maddesini \u0130srail&#8217;in Gazze&#8217;ye y\u00f6nelik sald\u0131r\u0131lar\u0131 olu\u015fturdu.<\/p>\n\n\n\n<p>T\u00fcrkiye, Gazze&#8217;de acil ate\u015fkes ilan edilmesini ve b\u00f6lgeye insani yard\u0131mlar\u0131n ula\u015ft\u0131r\u0131lmas\u0131n\u0131n \u00f6n\u00fcndeki engellerin kald\u0131r\u0131lmas\u0131 gerekti\u011fini vurguluyor.<\/p>\n\n\n\n<p><strong>BLINKEN&#8217;A &#8220;MESAFEL\u0130&#8221; AYAR D\u0130KKAT \u00c7EKT\u0130<\/strong><\/p>\n\n\n\n<p>ABD D\u0131\u015fi\u015fleri Bakan\u0131 Antony Blinken&#8217;\u0131n Fidan&#8217;la ilk kar\u015f\u0131la\u015ft\u0131\u011f\u0131 an Fidan&#8217;a sar\u0131lmak istemesine kar\u015f\u0131l\u0131k Fidan&#8217;\u0131n dikkatli bir manevra ile kucakla\u015fmadan ka\u00e7\u0131nmas\u0131 sosyal medyada g\u00fcndem oldu.<\/p>\n\n\n\n<p><strong>BLINKEN GECE ANKARA&#8217;YA GELD\u0130<\/strong><\/p>\n\n\n\n<p>ABD D\u0131\u015fi\u015fleri Bakan\u0131 Antony Blinken, D\u0131\u015fi\u015fleri Bakan\u0131 Hakan Fidan ile g\u00f6r\u00fc\u015fmek \u00fczere d\u00fcn gece saatlerinde Ankara&#8217;ya geldi.<\/p>\n\n\n\n<p>Blinken ve beraberindeki heyeti Ankara&#8217;ya getiren u\u00e7ak, saat 23.58&#8217;de Esenbo\u011fa Havaliman\u0131&#8217;na indi.<\/p>\n","protected":false},"excerpt":{"rendered":"<p>D\u0131\u015fi\u015fleri Bakan\u0131 Hakan Fidan, Ankara&#8217;ya gelen ABD D\u0131\u015fi\u015fleri Bakan\u0131 Antony Blinken ile bir araya geldi. 2 bu\u00e7uk saat s\u00fcren g\u00f6r\u00fc\u015fme sona erdi. D\u0131\u015fi\u015fleri Bakan\u0131 Hakan Fidan, Ankara&#8217;ya gelen ABD D\u0131\u015fi\u015fleri Bakan\u0131 Antony Blinken ile bir araya geldi. 2 bu\u00e7uk saat s\u00fcren g\u00f6r\u00fc\u015fme sona erdi.\u00a0G\u00f6r\u00fc\u015fmenin ana\u00a0g\u00fcndem\u00a0maddesini \u0130srail&#8217;in Gazze&#8217;ye y\u00f6nelik sald\u0131r\u0131lar\u0131 olu\u015fturdu. T\u00fcrkiye, Gazze&#8217;de acil ate\u015fkes ilan [&hellip;]<\/p>\n","protected":false},"author":2,"featured_media":141,"comment_status":"open","ping_status":"open","sticky":false,"template":"","format":"standard","meta":{"footnotes":""},"categories":[6,8,11],"tags":[],"class_list":["post-140","post","type-post","status-publish","format-standard","has-post-thumbnail","hentry","category-dunya","category-gundem","category-turkiye"],"yoast_head":"<!-- This site is optimized with the Yoast SEO plugin v27.4 - https:\/\/yoast.com\/product\/yoast-seo-wordpress\/ -->\n<title>G\u00f6zler Ankara&#039;da! Fidan ve Blinken g\u00f6r\u00fc\u015fmesi sona erdi,halen daha a\u00e7\u0131klama yok? - Avrupal\u0131 T\u00fcrklerin en Yeni Haber Portal\u0131<\/title>\n<meta name=\"robots\" content=\"index, follow, max-snippet:-1, max-image-preview:large, max-video-preview:-1\" \/>\n<link rel=\"canonical\" href=\"https:\/\/avrupatv.eu\/index.php\/2023\/11\/06\/gozler-ankarada-fidan-ve-blinken-gorusmesi-sona-erdihalen-daha-aciklama-yok\/\" \/>\n<meta property=\"og:locale\" content=\"tr_TR\" \/>\n<meta property=\"og:type\" content=\"article\" \/>\n<meta property=\"og:title\" content=\"G\u00f6zler Ankara&#039;da! Fidan ve Blinken g\u00f6r\u00fc\u015fmesi sona erdi,halen daha a\u00e7\u0131klama yok? - Avrupal\u0131 T\u00fcrklerin en Yeni Haber Portal\u0131\" \/>\n<meta property=\"og:description\" content=\"D\u0131\u015fi\u015fleri Bakan\u0131 Hakan Fidan, Ankara&#8217;ya gelen ABD D\u0131\u015fi\u015fleri Bakan\u0131 Antony Blinken ile bir araya geldi. 2 bu\u00e7uk saat s\u00fcren g\u00f6r\u00fc\u015fme sona erdi. D\u0131\u015fi\u015fleri Bakan\u0131 Hakan Fidan, Ankara&#8217;ya gelen ABD D\u0131\u015fi\u015fleri Bakan\u0131 Antony Blinken ile bir araya geldi. 2 bu\u00e7uk saat s\u00fcren g\u00f6r\u00fc\u015fme sona erdi.\u00a0G\u00f6r\u00fc\u015fmenin ana\u00a0g\u00fcndem\u00a0maddesini \u0130srail&#8217;in Gazze&#8217;ye y\u00f6nelik sald\u0131r\u0131lar\u0131 olu\u015fturdu. T\u00fcrkiye, Gazze&#8217;de acil ate\u015fkes ilan [&hellip;]\" \/>\n<meta property=\"og:url\" content=\"https:\/\/avrupatv.eu\/index.php\/2023\/11\/06\/gozler-ankarada-fidan-ve-blinken-gorusmesi-sona-erdihalen-daha-aciklama-yok\/\" \/>\n<meta property=\"og:site_name\" content=\"Avrupal\u0131 T\u00fcrklerin en Yeni Haber Portal\u0131\" \/>\n<meta property=\"article:published_time\" content=\"2023-11-06T21:38:45+00:00\" \/>\n<meta property=\"og:image\" content=\"https:\/\/avrupatv.eu\/wp-content\/uploads\/2023\/11\/sarilmak-isteyen-blinken-i-tek-hamlede-bosa-16505172-7999-z1.webp\" \/>\n\t<meta property=\"og:image:width\" content=\"1280\" \/>\n\t<meta property=\"og:image:height\" content=\"720\" \/>\n\t<meta property=\"og:image:type\" content=\"image\/webp\" \/>\n<meta name=\"author\" content=\"Onur Akpinar\" \/>\n<meta name=\"twitter:card\" content=\"summary_large_image\" \/>\n<meta name=\"twitter:label1\" content=\"Yazan:\" \/>\n\t<meta name=\"twitter:data1\" content=\"Onur Akpinar\" \/>\n\t<meta name=\"twitter:label2\" content=\"Tahmini okuma s\u00fcresi\" \/>\n\t<meta name=\"twitter:data2\" content=\"1 dakika\" \/>\n<script type=\"application\/ld+json\" class=\"yoast-schema-graph\">{\"@context\":\"https:\\\/\\\/schema.org\",\"@graph\":[{\"@type\":\"Article\",\"@id\":\"https:\\\/\\\/avrupatv.eu\\\/index.php\\\/2023\\\/11\\\/06\\\/gozler-ankarada-fidan-ve-blinken-gorusmesi-sona-erdihalen-daha-aciklama-yok\\\/#article\",\"isPartOf\":{\"@id\":\"https:\\\/\\\/avrupatv.eu\\\/index.php\\\/2023\\\/11\\\/06\\\/gozler-ankarada-fidan-ve-blinken-gorusmesi-sona-erdihalen-daha-aciklama-yok\\\/\"},\"author\":{\"name\":\"Onur Akpinar\",\"@id\":\"https:\\\/\\\/avrupatv.eu\\\/#\\\/schema\\\/person\\\/d56afa5d5569da4029d483da36c0c17d\"},\"headline\":\"G\u00f6zler Ankara&#8217;da! Fidan ve Blinken g\u00f6r\u00fc\u015fmesi sona erdi,halen daha a\u00e7\u0131klama yok?\",\"datePublished\":\"2023-11-06T21:38:45+00:00\",\"mainEntityOfPage\":{\"@id\":\"https:\\\/\\\/avrupatv.eu\\\/index.php\\\/2023\\\/11\\\/06\\\/gozler-ankarada-fidan-ve-blinken-gorusmesi-sona-erdihalen-daha-aciklama-yok\\\/\"},\"wordCount\":217,\"commentCount\":0,\"publisher\":{\"@id\":\"https:\\\/\\\/avrupatv.eu\\\/#organization\"},\"image\":{\"@id\":\"https:\\\/\\\/avrupatv.eu\\\/index.php\\\/2023\\\/11\\\/06\\\/gozler-ankarada-fidan-ve-blinken-gorusmesi-sona-erdihalen-daha-aciklama-yok\\\/#primaryimage\"},\"thumbnailUrl\":\"https:\\\/\\\/avrupatv.eu\\\/wp-content\\\/uploads\\\/2023\\\/11\\\/sarilmak-isteyen-blinken-i-tek-hamlede-bosa-16505172-7999-z1.webp\",\"articleSection\":[\"D\u00fcnya\",\"G\u00fcndem\",\"T\u00fcrkiye\"],\"inLanguage\":\"tr\",\"potentialAction\":[{\"@type\":\"CommentAction\",\"name\":\"Comment\",\"target\":[\"https:\\\/\\\/avrupatv.eu\\\/index.php\\\/2023\\\/11\\\/06\\\/gozler-ankarada-fidan-ve-blinken-gorusmesi-sona-erdihalen-daha-aciklama-yok\\\/#respond\"]}]},{\"@type\":\"WebPage\",\"@id\":\"https:\\\/\\\/avrupatv.eu\\\/index.php\\\/2023\\\/11\\\/06\\\/gozler-ankarada-fidan-ve-blinken-gorusmesi-sona-erdihalen-daha-aciklama-yok\\\/\",\"url\":\"https:\\\/\\\/avrupatv.eu\\\/index.php\\\/2023\\\/11\\\/06\\\/gozler-ankarada-fidan-ve-blinken-gorusmesi-sona-erdihalen-daha-aciklama-yok\\\/\",\"name\":\"G\u00f6zler Ankara'da! Fidan ve Blinken g\u00f6r\u00fc\u015fmesi sona erdi,halen daha a\u00e7\u0131klama yok? - Avrupal\u0131 T\u00fcrklerin en Yeni Haber Portal\u0131\",\"isPartOf\":{\"@id\":\"https:\\\/\\\/avrupatv.eu\\\/#website\"},\"primaryImageOfPage\":{\"@id\":\"https:\\\/\\\/avrupatv.eu\\\/index.php\\\/2023\\\/11\\\/06\\\/gozler-ankarada-fidan-ve-blinken-gorusmesi-sona-erdihalen-daha-aciklama-yok\\\/#primaryimage\"},\"image\":{\"@id\":\"https:\\\/\\\/avrupatv.eu\\\/index.php\\\/2023\\\/11\\\/06\\\/gozler-ankarada-fidan-ve-blinken-gorusmesi-sona-erdihalen-daha-aciklama-yok\\\/#primaryimage\"},\"thumbnailUrl\":\"https:\\\/\\\/avrupatv.eu\\\/wp-content\\\/uploads\\\/2023\\\/11\\\/sarilmak-isteyen-blinken-i-tek-hamlede-bosa-16505172-7999-z1.webp\",\"datePublished\":\"2023-11-06T21:38:45+00:00\",\"breadcrumb\":{\"@id\":\"https:\\\/\\\/avrupatv.eu\\\/index.php\\\/2023\\\/11\\\/06\\\/gozler-ankarada-fidan-ve-blinken-gorusmesi-sona-erdihalen-daha-aciklama-yok\\\/#breadcrumb\"},\"inLanguage\":\"tr\",\"potentialAction\":[{\"@type\":\"ReadAction\",\"target\":[\"https:\\\/\\\/avrupatv.eu\\\/index.php\\\/2023\\\/11\\\/06\\\/gozler-ankarada-fidan-ve-blinken-gorusmesi-sona-erdihalen-daha-aciklama-yok\\\/\"]}]},{\"@type\":\"ImageObject\",\"inLanguage\":\"tr\",\"@id\":\"https:\\\/\\\/avrupatv.eu\\\/index.php\\\/2023\\\/11\\\/06\\\/gozler-ankarada-fidan-ve-blinken-gorusmesi-sona-erdihalen-daha-aciklama-yok\\\/#primaryimage\",\"url\":\"https:\\\/\\\/avrupatv.eu\\\/wp-content\\\/uploads\\\/2023\\\/11\\\/sarilmak-isteyen-blinken-i-tek-hamlede-bosa-16505172-7999-z1.webp\",\"contentUrl\":\"https:\\\/\\\/avrupatv.eu\\\/wp-content\\\/uploads\\\/2023\\\/11\\\/sarilmak-isteyen-blinken-i-tek-hamlede-bosa-16505172-7999-z1.webp\",\"width\":1280,\"height\":720},{\"@type\":\"BreadcrumbList\",\"@id\":\"https:\\\/\\\/avrupatv.eu\\\/index.php\\\/2023\\\/11\\\/06\\\/gozler-ankarada-fidan-ve-blinken-gorusmesi-sona-erdihalen-daha-aciklama-yok\\\/#breadcrumb\",\"itemListElement\":[{\"@type\":\"ListItem\",\"position\":1,\"name\":\"Anasayfa\",\"item\":\"https:\\\/\\\/avrupatv.eu\\\/\"},{\"@type\":\"ListItem\",\"position\":2,\"name\":\"G\u00f6zler Ankara&#8217;da! Fidan ve Blinken g\u00f6r\u00fc\u015fmesi sona erdi,halen daha a\u00e7\u0131klama yok?\"}]},{\"@type\":\"WebSite\",\"@id\":\"https:\\\/\\\/avrupatv.eu\\\/#website\",\"url\":\"https:\\\/\\\/avrupatv.eu\\\/\",\"name\":\"Avrupal\u0131 T\u00fcrklerin en Yeni Haber Portal\u0131\",\"description\":\"\",\"publisher\":{\"@id\":\"https:\\\/\\\/avrupatv.eu\\\/#organization\"},\"alternateName\":\"Avrupa tv\",\"potentialAction\":[{\"@type\":\"SearchAction\",\"target\":{\"@type\":\"EntryPoint\",\"urlTemplate\":\"https:\\\/\\\/avrupatv.eu\\\/?s={search_term_string}\"},\"query-input\":{\"@type\":\"PropertyValueSpecification\",\"valueRequired\":true,\"valueName\":\"search_term_string\"}}],\"inLanguage\":\"tr\"},{\"@type\":\"Organization\",\"@id\":\"https:\\\/\\\/avrupatv.eu\\\/#organization\",\"name\":\"Avrupa Haber\",\"url\":\"https:\\\/\\\/avrupatv.eu\\\/\",\"logo\":{\"@type\":\"ImageObject\",\"inLanguage\":\"tr\",\"@id\":\"https:\\\/\\\/avrupatv.eu\\\/#\\\/schema\\\/logo\\\/image\\\/\",\"url\":\"https:\\\/\\\/avrupatv.eu\\\/wp-content\\\/uploads\\\/2023\\\/10\\\/cropped-thumbnail_logo.png\",\"contentUrl\":\"https:\\\/\\\/avrupatv.eu\\\/wp-content\\\/uploads\\\/2023\\\/10\\\/cropped-thumbnail_logo.png\",\"width\":1025,\"height\":302,\"caption\":\"Avrupa Haber\"},\"image\":{\"@id\":\"https:\\\/\\\/avrupatv.eu\\\/#\\\/schema\\\/logo\\\/image\\\/\"}},{\"@type\":\"Person\",\"@id\":\"https:\\\/\\\/avrupatv.eu\\\/#\\\/schema\\\/person\\\/d56afa5d5569da4029d483da36c0c17d\",\"name\":\"Onur Akpinar\",\"image\":{\"@type\":\"ImageObject\",\"inLanguage\":\"tr\",\"@id\":\"https:\\\/\\\/secure.gravatar.com\\\/avatar\\\/67a1a0bdf34f82da209334e4684b7e7171a58a5a2b0a8f836b61044f5c1f5d6a?s=96&d=mm&r=g\",\"url\":\"https:\\\/\\\/secure.gravatar.com\\\/avatar\\\/67a1a0bdf34f82da209334e4684b7e7171a58a5a2b0a8f836b61044f5c1f5d6a?s=96&d=mm&r=g\",\"contentUrl\":\"https:\\\/\\\/secure.gravatar.com\\\/avatar\\\/67a1a0bdf34f82da209334e4684b7e7171a58a5a2b0a8f836b61044f5c1f5d6a?s=96&d=mm&r=g\",\"caption\":\"Onur Akpinar\"},\"url\":\"https:\\\/\\\/avrupatv.eu\\\/index.php\\\/author\\\/onur-akpinar\\\/\"}]}<\/script>\n<!-- \/ Yoast SEO plugin. -->","yoast_head_json":{"title":"G\u00f6zler Ankara'da! Fidan ve Blinken g\u00f6r\u00fc\u015fmesi sona erdi,halen daha a\u00e7\u0131klama yok? - Avrupal\u0131 T\u00fcrklerin en Yeni Haber Portal\u0131","robots":{"index":"index","follow":"follow","max-snippet":"max-snippet:-1","max-image-preview":"max-image-preview:large","max-video-preview":"max-video-preview:-1"},"canonical":"https:\/\/avrupatv.eu\/index.php\/2023\/11\/06\/gozler-ankarada-fidan-ve-blinken-gorusmesi-sona-erdihalen-daha-aciklama-yok\/","og_locale":"tr_TR","og_type":"article","og_title":"G\u00f6zler Ankara'da! Fidan ve Blinken g\u00f6r\u00fc\u015fmesi sona erdi,halen daha a\u00e7\u0131klama yok? - Avrupal\u0131 T\u00fcrklerin en Yeni Haber Portal\u0131","og_description":"D\u0131\u015fi\u015fleri Bakan\u0131 Hakan Fidan, Ankara&#8217;ya gelen ABD D\u0131\u015fi\u015fleri Bakan\u0131 Antony Blinken ile bir araya geldi. 2 bu\u00e7uk saat s\u00fcren g\u00f6r\u00fc\u015fme sona erdi. D\u0131\u015fi\u015fleri Bakan\u0131 Hakan Fidan, Ankara&#8217;ya gelen ABD D\u0131\u015fi\u015fleri Bakan\u0131 Antony Blinken ile bir araya geldi. 2 bu\u00e7uk saat s\u00fcren g\u00f6r\u00fc\u015fme sona erdi.\u00a0G\u00f6r\u00fc\u015fmenin ana\u00a0g\u00fcndem\u00a0maddesini \u0130srail&#8217;in Gazze&#8217;ye y\u00f6nelik sald\u0131r\u0131lar\u0131 olu\u015fturdu. T\u00fcrkiye, Gazze&#8217;de acil ate\u015fkes ilan [&hellip;]","og_url":"https:\/\/avrupatv.eu\/index.php\/2023\/11\/06\/gozler-ankarada-fidan-ve-blinken-gorusmesi-sona-erdihalen-daha-aciklama-yok\/","og_site_name":"Avrupal\u0131 T\u00fcrklerin en Yeni Haber Portal\u0131","article_published_time":"2023-11-06T21:38:45+00:00","og_image":[{"width":1280,"height":720,"url":"https:\/\/avrupatv.eu\/wp-content\/uploads\/2023\/11\/sarilmak-isteyen-blinken-i-tek-hamlede-bosa-16505172-7999-z1.webp","type":"image\/webp"}],"author":"Onur Akpinar","twitter_card":"summary_large_image","twitter_misc":{"Yazan:":"Onur Akpinar","Tahmini okuma s\u00fcresi":"1 dakika"},"schema":{"@context":"https:\/\/schema.org","@graph":[{"@type":"Article","@id":"https:\/\/avrupatv.eu\/index.php\/2023\/11\/06\/gozler-ankarada-fidan-ve-blinken-gorusmesi-sona-erdihalen-daha-aciklama-yok\/#article","isPartOf":{"@id":"https:\/\/avrupatv.eu\/index.php\/2023\/11\/06\/gozler-ankarada-fidan-ve-blinken-gorusmesi-sona-erdihalen-daha-aciklama-yok\/"},"author":{"name":"Onur Akpinar","@id":"https:\/\/avrupatv.eu\/#\/schema\/person\/d56afa5d5569da4029d483da36c0c17d"},"headline":"G\u00f6zler Ankara&#8217;da! Fidan ve Blinken g\u00f6r\u00fc\u015fmesi sona erdi,halen daha a\u00e7\u0131klama yok?","datePublished":"2023-11-06T21:38:45+00:00","mainEntityOfPage":{"@id":"https:\/\/avrupatv.eu\/index.php\/2023\/11\/06\/gozler-ankarada-fidan-ve-blinken-gorusmesi-sona-erdihalen-daha-aciklama-yok\/"},"wordCount":217,"commentCount":0,"publisher":{"@id":"https:\/\/avrupatv.eu\/#organization"},"image":{"@id":"https:\/\/avrupatv.eu\/index.php\/2023\/11\/06\/gozler-ankarada-fidan-ve-blinken-gorusmesi-sona-erdihalen-daha-aciklama-yok\/#primaryimage"},"thumbnailUrl":"https:\/\/avrupatv.eu\/wp-content\/uploads\/2023\/11\/sarilmak-isteyen-blinken-i-tek-hamlede-bosa-16505172-7999-z1.webp","articleSection":["D\u00fcnya","G\u00fcndem","T\u00fcrkiye"],"inLanguage":"tr","potentialAction":[{"@type":"CommentAction","name":"Comment","target":["https:\/\/avrupatv.eu\/index.php\/2023\/11\/06\/gozler-ankarada-fidan-ve-blinken-gorusmesi-sona-erdihalen-daha-aciklama-yok\/#respond"]}]},{"@type":"WebPage","@id":"https:\/\/avrupatv.eu\/index.php\/2023\/11\/06\/gozler-ankarada-fidan-ve-blinken-gorusmesi-sona-erdihalen-daha-aciklama-yok\/","url":"https:\/\/avrupatv.eu\/index.php\/2023\/11\/06\/gozler-ankarada-fidan-ve-blinken-gorusmesi-sona-erdihalen-daha-aciklama-yok\/","name":"G\u00f6zler Ankara'da! Fidan ve Blinken g\u00f6r\u00fc\u015fmesi sona erdi,halen daha a\u00e7\u0131klama yok? - Avrupal\u0131 T\u00fcrklerin en Yeni Haber Portal\u0131","isPartOf":{"@id":"https:\/\/avrupatv.eu\/#website"},"primaryImageOfPage":{"@id":"https:\/\/avrupatv.eu\/index.php\/2023\/11\/06\/gozler-ankarada-fidan-ve-blinken-gorusmesi-sona-erdihalen-daha-aciklama-yok\/#primaryimage"},"image":{"@id":"https:\/\/avrupatv.eu\/index.php\/2023\/11\/06\/gozler-ankarada-fidan-ve-blinken-gorusmesi-sona-erdihalen-daha-aciklama-yok\/#primaryimage"},"thumbnailUrl":"https:\/\/avrupatv.eu\/wp-content\/uploads\/2023\/11\/sarilmak-isteyen-blinken-i-tek-hamlede-bosa-16505172-7999-z1.webp","datePublished":"2023-11-06T21:38:45+00:00","breadcrumb":{"@id":"https:\/\/avrupatv.eu\/index.php\/2023\/11\/06\/gozler-ankarada-fidan-ve-blinken-gorusmesi-sona-erdihalen-daha-aciklama-yok\/#breadcrumb"},"inLanguage":"tr","potentialAction":[{"@type":"ReadAction","target":["https:\/\/avrupatv.eu\/index.php\/2023\/11\/06\/gozler-ankarada-fidan-ve-blinken-gorusmesi-sona-erdihalen-daha-aciklama-yok\/"]}]},{"@type":"ImageObject","inLanguage":"tr","@id":"https:\/\/avrupatv.eu\/index.php\/2023\/11\/06\/gozler-ankarada-fidan-ve-blinken-gorusmesi-sona-erdihalen-daha-aciklama-yok\/#primaryimage","url":"https:\/\/avrupatv.eu\/wp-content\/uploads\/2023\/11\/sarilmak-isteyen-blinken-i-tek-hamlede-bosa-16505172-7999-z1.webp","contentUrl":"https:\/\/avrupatv.eu\/wp-content\/uploads\/2023\/11\/sarilmak-isteyen-blinken-i-tek-hamlede-bosa-16505172-7999-z1.webp","width":1280,"height":720},{"@type":"BreadcrumbList","@id":"https:\/\/avrupatv.eu\/index.php\/2023\/11\/06\/gozler-ankarada-fidan-ve-blinken-gorusmesi-sona-erdihalen-daha-aciklama-yok\/#breadcrumb","itemListElement":[{"@type":"ListItem","position":1,"name":"Anasayfa","item":"https:\/\/avrupatv.eu\/"},{"@type":"ListItem","position":2,"name":"G\u00f6zler Ankara&#8217;da! Fidan ve Blinken g\u00f6r\u00fc\u015fmesi sona erdi,halen daha a\u00e7\u0131klama yok?"}]},{"@type":"WebSite","@id":"https:\/\/avrupatv.eu\/#website","url":"https:\/\/avrupatv.eu\/","name":"Avrupal\u0131 T\u00fcrklerin en Yeni Haber Portal\u0131","description":"","publisher":{"@id":"https:\/\/avrupatv.eu\/#organization"},"alternateName":"Avrupa tv","potentialAction":[{"@type":"SearchAction","target":{"@type":"EntryPoint","urlTemplate":"https:\/\/avrupatv.eu\/?s={search_term_string}"},"query-input":{"@type":"PropertyValueSpecification","valueRequired":true,"valueName":"search_term_string"}}],"inLanguage":"tr"},{"@type":"Organization","@id":"https:\/\/avrupatv.eu\/#organization","name":"Avrupa Haber","url":"https:\/\/avrupatv.eu\/","logo":{"@type":"ImageObject","inLanguage":"tr","@id":"https:\/\/avrupatv.eu\/#\/schema\/logo\/image\/","url":"https:\/\/avrupatv.eu\/wp-content\/uploads\/2023\/10\/cropped-thumbnail_logo.png","contentUrl":"https:\/\/avrupatv.eu\/wp-content\/uploads\/2023\/10\/cropped-thumbnail_logo.png","width":1025,"height":302,"caption":"Avrupa Haber"},"image":{"@id":"https:\/\/avrupatv.eu\/#\/schema\/logo\/image\/"}},{"@type":"Person","@id":"https:\/\/avrupatv.eu\/#\/schema\/person\/d56afa5d5569da4029d483da36c0c17d","name":"Onur Akpinar","image":{"@type":"ImageObject","inLanguage":"tr","@id":"https:\/\/secure.gravatar.com\/avatar\/67a1a0bdf34f82da209334e4684b7e7171a58a5a2b0a8f836b61044f5c1f5d6a?s=96&d=mm&r=g","url":"https:\/\/secure.gravatar.com\/avatar\/67a1a0bdf34f82da209334e4684b7e7171a58a5a2b0a8f836b61044f5c1f5d6a?s=96&d=mm&r=g","contentUrl":"https:\/\/secure.gravatar.com\/avatar\/67a1a0bdf34f82da209334e4684b7e7171a58a5a2b0a8f836b61044f5c1f5d6a?s=96&d=mm&r=g","caption":"Onur Akpinar"},"url":"https:\/\/avrupatv.eu\/index.php\/author\/onur-akpinar\/"}]}},"_links":{"self":[{"href":"https:\/\/avrupatv.eu\/index.php\/wp-json\/wp\/v2\/posts\/140","targetHints":{"allow":["GET"]}}],"collection":[{"href":"https:\/\/avrupatv.eu\/index.php\/wp-json\/wp\/v2\/posts"}],"about":[{"href":"https:\/\/avrupatv.eu\/index.php\/wp-json\/wp\/v2\/types\/post"}],"author":[{"embeddable":true,"href":"https:\/\/avrupatv.eu\/index.php\/wp-json\/wp\/v2\/users\/2"}],"replies":[{"embeddable":true,"href":"https:\/\/avrupatv.eu\/index.php\/wp-json\/wp\/v2\/comments?post=140"}],"version-history":[{"count":1,"href":"https:\/\/avrupatv.eu\/index.php\/wp-json\/wp\/v2\/posts\/140\/revisions"}],"predecessor-version":[{"id":142,"href":"https:\/\/avrupatv.eu\/index.php\/wp-json\/wp\/v2\/posts\/140\/revisions\/142"}],"wp:featuredmedia":[{"embeddable":true,"href":"https:\/\/avrupatv.eu\/index.php\/wp-json\/wp\/v2\/media\/141"}],"wp:attachment":[{"href":"https:\/\/avrupatv.eu\/index.php\/wp-json\/wp\/v2\/media?parent=140"}],"wp:term":[{"taxonomy":"category","embeddable":true,"href":"https:\/\/avrupatv.eu\/index.php\/wp-json\/wp\/v2\/categories?post=140"},{"taxonomy":"post_tag","embeddable":true,"href":"https:\/\/avrupatv.eu\/index.php\/wp-json\/wp\/v2\/tags?post=140"}],"curies":[{"name":"wp","href":"https:\/\/api.w.org\/{rel}","templated":true}]}}