{"id":1377,"date":"2025-10-06T06:59:00","date_gmt":"2025-10-06T06:59:00","guid":{"rendered":"https:\/\/avrupatv.eu\/?p=1377"},"modified":"2025-10-06T06:59:01","modified_gmt":"2025-10-06T06:59:01","slug":"belcikada-turk-gencleri-mikail-25-musa-26-ve-ibrahim-15-trafik-kazasinda-hayatini-kaybetti","status":"publish","type":"post","link":"https:\/\/avrupatv.eu\/index.php\/2025\/10\/06\/belcikada-turk-gencleri-mikail-25-musa-26-ve-ibrahim-15-trafik-kazasinda-hayatini-kaybetti\/","title":{"rendered":"Bel\u00e7ika\u2019da T\u00fcrk Gen\u00e7leri Mikail (25), Musa (26) ve \u0130brahim (15) Trafik Kazas\u0131nda Hayat\u0131n\u0131 Kaybetti"},"content":{"rendered":"\n<p><strong>Onur Akp\u0131nar <\/strong><\/p>\n\n\n\n<p>Bel\u00e7ika\u2019n\u0131n Evergem kenti yak\u0131nlar\u0131nda meydana gelen feci kazada, \u00fc\u00e7 T\u00fcrk genci ya\u015fam\u0131n\u0131 yitirdi. D\u00fc\u011f\u00fcn d\u00f6n\u00fc\u015f\u00fc yola \u00e7\u0131kan Mikail Kandemir (25), Musa \u00c7al\u0131\u015fkan (26) ve \u0130brahim Kaymak (15) isimli gen\u00e7ler, kulland\u0131klar\u0131 BMW M5 arac\u0131n kaygan zeminde kontrolden \u00e7\u0131kmas\u0131 sonucu a\u011faca \u00e7arpt\u0131.<\/p>\n\n\n\n<p>Kaza, Pazar sabah\u0131 saat 02.00 s\u0131ralar\u0131nda Doornzele Dries b\u00f6lgesinde meydana geldi. \u0130lk belirlemelere g\u00f6re kazaya ba\u015fka bir arac\u0131n kar\u0131\u015fmad\u0131\u011f\u0131, ya\u011fmur nedeniyle \u0131slanan yolda arac\u0131n kontrol\u00fcn\u00fc kaybetti\u011fi tahmin ediliyor. \u00c7arpman\u0131n etkisiyle ara\u00e7 hurdaya d\u00f6nerken, Mikail ve Musa olay yerinde ya\u015fam\u0131n\u0131 yitirdi. A\u011f\u0131r yaralanan 15 ya\u015f\u0131ndaki \u0130brahim ise kald\u0131r\u0131ld\u0131\u011f\u0131 hastanede t\u00fcm m\u00fcdahalelere ra\u011fmen kurtar\u0131lamad\u0131.<\/p>\n\n\n\n<p>Gen\u00e7lerin, Kruisem\u2019deki bir d\u00fc\u011f\u00fcnden d\u00f6nd\u00fckleri \u00f6\u011frenildi. Olay sonras\u0131 b\u00f6lgeye \u00e7ok say\u0131da ambulans ve itfaiye ekibi sevk edildi. Evergem\u2019deki T\u00fcrk toplumu, ya\u015fanan ac\u0131 haberle sars\u0131ld\u0131. Aileler, sabah\u0131n erken saatlerinden itibaren kaza yerinde toplanarak g\u00f6zya\u015flar\u0131na bo\u011fuldu.<\/p>\n\n\n\n<p>3 gencin cenazelerinin T\u00fcrkiye\u2019ye, Afyonkarahisar\u2019\u0131n \u00d6zburun k\u00f6y\u00fcne g\u00f6nderilmesinin planland\u0131\u011f\u0131 \u00f6\u011frenildi.<\/p>\n\n\n\n<p>Yerel polis, kazayla ilgili soru\u015fturman\u0131n devam etti\u011fini ve kesin nedenin yap\u0131lacak teknik incelemelerin ard\u0131ndan belirlenece\u011fini a\u00e7\u0131klad\u0131.<\/p>\n\n\n\n<p><strong>Avrupa TV y\u00f6netim kurulu olarak \u00f6lenlere rahmet yak\u0131nlar\u0131na sab\u0131rlar diliyoruz.<\/strong><\/p>\n","protected":false},"excerpt":{"rendered":"<p>Onur Akp\u0131nar Bel\u00e7ika\u2019n\u0131n Evergem kenti yak\u0131nlar\u0131nda meydana gelen feci kazada, \u00fc\u00e7 T\u00fcrk genci ya\u015fam\u0131n\u0131 yitirdi. D\u00fc\u011f\u00fcn d\u00f6n\u00fc\u015f\u00fc yola \u00e7\u0131kan Mikail Kandemir (25), Musa \u00c7al\u0131\u015fkan (26) ve \u0130brahim Kaymak (15) isimli gen\u00e7ler, kulland\u0131klar\u0131 BMW M5 arac\u0131n kaygan zeminde kontrolden \u00e7\u0131kmas\u0131 sonucu a\u011faca \u00e7arpt\u0131. Kaza, Pazar sabah\u0131 saat 02.00 s\u0131ralar\u0131nda Doornzele Dries b\u00f6lgesinde meydana geldi. \u0130lk belirlemelere [&hellip;]<\/p>\n","protected":false},"author":2,"featured_media":1379,"comment_status":"open","ping_status":"open","sticky":false,"template":"","format":"standard","meta":{"footnotes":""},"categories":[21],"tags":[],"class_list":["post-1377","post","type-post","status-publish","format-standard","has-post-thumbnail","hentry","category-belcika"],"yoast_head":"<!-- This site is optimized with the Yoast SEO plugin v27.4 - https:\/\/yoast.com\/product\/yoast-seo-wordpress\/ -->\n<title>Bel\u00e7ika\u2019da T\u00fcrk Gen\u00e7leri Mikail (25), Musa (26) ve \u0130brahim (15) Trafik Kazas\u0131nda Hayat\u0131n\u0131 Kaybetti - Avrupal\u0131 T\u00fcrklerin en Yeni Haber Portal\u0131<\/title>\n<meta name=\"robots\" content=\"index, follow, max-snippet:-1, max-image-preview:large, max-video-preview:-1\" \/>\n<link rel=\"canonical\" href=\"https:\/\/avrupatv.eu\/index.php\/2025\/10\/06\/belcikada-turk-gencleri-mikail-25-musa-26-ve-ibrahim-15-trafik-kazasinda-hayatini-kaybetti\/\" \/>\n<meta property=\"og:locale\" content=\"tr_TR\" \/>\n<meta property=\"og:type\" content=\"article\" \/>\n<meta property=\"og:title\" content=\"Bel\u00e7ika\u2019da T\u00fcrk Gen\u00e7leri Mikail (25), Musa (26) ve \u0130brahim (15) Trafik Kazas\u0131nda Hayat\u0131n\u0131 Kaybetti - Avrupal\u0131 T\u00fcrklerin en Yeni Haber Portal\u0131\" \/>\n<meta property=\"og:description\" content=\"Onur Akp\u0131nar Bel\u00e7ika\u2019n\u0131n Evergem kenti yak\u0131nlar\u0131nda meydana gelen feci kazada, \u00fc\u00e7 T\u00fcrk genci ya\u015fam\u0131n\u0131 yitirdi. D\u00fc\u011f\u00fcn d\u00f6n\u00fc\u015f\u00fc yola \u00e7\u0131kan Mikail Kandemir (25), Musa \u00c7al\u0131\u015fkan (26) ve \u0130brahim Kaymak (15) isimli gen\u00e7ler, kulland\u0131klar\u0131 BMW M5 arac\u0131n kaygan zeminde kontrolden \u00e7\u0131kmas\u0131 sonucu a\u011faca \u00e7arpt\u0131. Kaza, Pazar sabah\u0131 saat 02.00 s\u0131ralar\u0131nda Doornzele Dries b\u00f6lgesinde meydana geldi. \u0130lk belirlemelere [&hellip;]\" \/>\n<meta property=\"og:url\" content=\"https:\/\/avrupatv.eu\/index.php\/2025\/10\/06\/belcikada-turk-gencleri-mikail-25-musa-26-ve-ibrahim-15-trafik-kazasinda-hayatini-kaybetti\/\" \/>\n<meta property=\"og:site_name\" content=\"Avrupal\u0131 T\u00fcrklerin en Yeni Haber Portal\u0131\" \/>\n<meta property=\"article:published_time\" content=\"2025-10-06T06:59:00+00:00\" \/>\n<meta property=\"article:modified_time\" content=\"2025-10-06T06:59:01+00:00\" \/>\n<meta property=\"og:image\" content=\"https:\/\/avrupatv.eu\/wp-content\/uploads\/2025\/10\/slachtoffers1-1.png\" \/>\n\t<meta property=\"og:image:width\" content=\"1\" \/>\n\t<meta property=\"og:image:height\" content=\"1\" \/>\n\t<meta property=\"og:image:type\" content=\"image\/png\" \/>\n<meta name=\"author\" content=\"Onur Akpinar\" \/>\n<meta name=\"twitter:card\" content=\"summary_large_image\" \/>\n<meta name=\"twitter:label1\" content=\"Yazan:\" \/>\n\t<meta name=\"twitter:data1\" content=\"Onur Akpinar\" \/>\n\t<meta name=\"twitter:label2\" content=\"Tahmini okuma s\u00fcresi\" \/>\n\t<meta name=\"twitter:data2\" content=\"2 dakika\" \/>\n<script type=\"application\/ld+json\" class=\"yoast-schema-graph\">{\"@context\":\"https:\\\/\\\/schema.org\",\"@graph\":[{\"@type\":\"Article\",\"@id\":\"https:\\\/\\\/avrupatv.eu\\\/index.php\\\/2025\\\/10\\\/06\\\/belcikada-turk-gencleri-mikail-25-musa-26-ve-ibrahim-15-trafik-kazasinda-hayatini-kaybetti\\\/#article\",\"isPartOf\":{\"@id\":\"https:\\\/\\\/avrupatv.eu\\\/index.php\\\/2025\\\/10\\\/06\\\/belcikada-turk-gencleri-mikail-25-musa-26-ve-ibrahim-15-trafik-kazasinda-hayatini-kaybetti\\\/\"},\"author\":{\"name\":\"Onur Akpinar\",\"@id\":\"https:\\\/\\\/avrupatv.eu\\\/#\\\/schema\\\/person\\\/d56afa5d5569da4029d483da36c0c17d\"},\"headline\":\"Bel\u00e7ika\u2019da T\u00fcrk Gen\u00e7leri Mikail (25), Musa (26) ve \u0130brahim (15) Trafik Kazas\u0131nda Hayat\u0131n\u0131 Kaybetti\",\"datePublished\":\"2025-10-06T06:59:00+00:00\",\"dateModified\":\"2025-10-06T06:59:01+00:00\",\"mainEntityOfPage\":{\"@id\":\"https:\\\/\\\/avrupatv.eu\\\/index.php\\\/2025\\\/10\\\/06\\\/belcikada-turk-gencleri-mikail-25-musa-26-ve-ibrahim-15-trafik-kazasinda-hayatini-kaybetti\\\/\"},\"wordCount\":246,\"commentCount\":0,\"publisher\":{\"@id\":\"https:\\\/\\\/avrupatv.eu\\\/#organization\"},\"image\":{\"@id\":\"https:\\\/\\\/avrupatv.eu\\\/index.php\\\/2025\\\/10\\\/06\\\/belcikada-turk-gencleri-mikail-25-musa-26-ve-ibrahim-15-trafik-kazasinda-hayatini-kaybetti\\\/#primaryimage\"},\"thumbnailUrl\":\"https:\\\/\\\/avrupatv.eu\\\/wp-content\\\/uploads\\\/2025\\\/10\\\/slachtoffers1-1-scaled.png\",\"articleSection\":[\"Bel\u00e7ika\"],\"inLanguage\":\"tr\",\"potentialAction\":[{\"@type\":\"CommentAction\",\"name\":\"Comment\",\"target\":[\"https:\\\/\\\/avrupatv.eu\\\/index.php\\\/2025\\\/10\\\/06\\\/belcikada-turk-gencleri-mikail-25-musa-26-ve-ibrahim-15-trafik-kazasinda-hayatini-kaybetti\\\/#respond\"]}]},{\"@type\":\"WebPage\",\"@id\":\"https:\\\/\\\/avrupatv.eu\\\/index.php\\\/2025\\\/10\\\/06\\\/belcikada-turk-gencleri-mikail-25-musa-26-ve-ibrahim-15-trafik-kazasinda-hayatini-kaybetti\\\/\",\"url\":\"https:\\\/\\\/avrupatv.eu\\\/index.php\\\/2025\\\/10\\\/06\\\/belcikada-turk-gencleri-mikail-25-musa-26-ve-ibrahim-15-trafik-kazasinda-hayatini-kaybetti\\\/\",\"name\":\"Bel\u00e7ika\u2019da T\u00fcrk Gen\u00e7leri Mikail (25), Musa (26) ve \u0130brahim (15) Trafik Kazas\u0131nda Hayat\u0131n\u0131 Kaybetti - Avrupal\u0131 T\u00fcrklerin en Yeni Haber Portal\u0131\",\"isPartOf\":{\"@id\":\"https:\\\/\\\/avrupatv.eu\\\/#website\"},\"primaryImageOfPage\":{\"@id\":\"https:\\\/\\\/avrupatv.eu\\\/index.php\\\/2025\\\/10\\\/06\\\/belcikada-turk-gencleri-mikail-25-musa-26-ve-ibrahim-15-trafik-kazasinda-hayatini-kaybetti\\\/#primaryimage\"},\"image\":{\"@id\":\"https:\\\/\\\/avrupatv.eu\\\/index.php\\\/2025\\\/10\\\/06\\\/belcikada-turk-gencleri-mikail-25-musa-26-ve-ibrahim-15-trafik-kazasinda-hayatini-kaybetti\\\/#primaryimage\"},\"thumbnailUrl\":\"https:\\\/\\\/avrupatv.eu\\\/wp-content\\\/uploads\\\/2025\\\/10\\\/slachtoffers1-1-scaled.png\",\"datePublished\":\"2025-10-06T06:59:00+00:00\",\"dateModified\":\"2025-10-06T06:59:01+00:00\",\"breadcrumb\":{\"@id\":\"https:\\\/\\\/avrupatv.eu\\\/index.php\\\/2025\\\/10\\\/06\\\/belcikada-turk-gencleri-mikail-25-musa-26-ve-ibrahim-15-trafik-kazasinda-hayatini-kaybetti\\\/#breadcrumb\"},\"inLanguage\":\"tr\",\"potentialAction\":[{\"@type\":\"ReadAction\",\"target\":[\"https:\\\/\\\/avrupatv.eu\\\/index.php\\\/2025\\\/10\\\/06\\\/belcikada-turk-gencleri-mikail-25-musa-26-ve-ibrahim-15-trafik-kazasinda-hayatini-kaybetti\\\/\"]}]},{\"@type\":\"ImageObject\",\"inLanguage\":\"tr\",\"@id\":\"https:\\\/\\\/avrupatv.eu\\\/index.php\\\/2025\\\/10\\\/06\\\/belcikada-turk-gencleri-mikail-25-musa-26-ve-ibrahim-15-trafik-kazasinda-hayatini-kaybetti\\\/#primaryimage\",\"url\":\"https:\\\/\\\/avrupatv.eu\\\/wp-content\\\/uploads\\\/2025\\\/10\\\/slachtoffers1-1-scaled.png\",\"contentUrl\":\"https:\\\/\\\/avrupatv.eu\\\/wp-content\\\/uploads\\\/2025\\\/10\\\/slachtoffers1-1-scaled.png\",\"width\":2560,\"height\":1921},{\"@type\":\"BreadcrumbList\",\"@id\":\"https:\\\/\\\/avrupatv.eu\\\/index.php\\\/2025\\\/10\\\/06\\\/belcikada-turk-gencleri-mikail-25-musa-26-ve-ibrahim-15-trafik-kazasinda-hayatini-kaybetti\\\/#breadcrumb\",\"itemListElement\":[{\"@type\":\"ListItem\",\"position\":1,\"name\":\"Anasayfa\",\"item\":\"https:\\\/\\\/avrupatv.eu\\\/\"},{\"@type\":\"ListItem\",\"position\":2,\"name\":\"Bel\u00e7ika\u2019da T\u00fcrk Gen\u00e7leri Mikail (25), Musa (26) ve \u0130brahim (15) Trafik Kazas\u0131nda Hayat\u0131n\u0131 Kaybetti\"}]},{\"@type\":\"WebSite\",\"@id\":\"https:\\\/\\\/avrupatv.eu\\\/#website\",\"url\":\"https:\\\/\\\/avrupatv.eu\\\/\",\"name\":\"Avrupal\u0131 T\u00fcrklerin en Yeni Haber Portal\u0131\",\"description\":\"\",\"publisher\":{\"@id\":\"https:\\\/\\\/avrupatv.eu\\\/#organization\"},\"alternateName\":\"Avrupa tv\",\"potentialAction\":[{\"@type\":\"SearchAction\",\"target\":{\"@type\":\"EntryPoint\",\"urlTemplate\":\"https:\\\/\\\/avrupatv.eu\\\/?s={search_term_string}\"},\"query-input\":{\"@type\":\"PropertyValueSpecification\",\"valueRequired\":true,\"valueName\":\"search_term_string\"}}],\"inLanguage\":\"tr\"},{\"@type\":\"Organization\",\"@id\":\"https:\\\/\\\/avrupatv.eu\\\/#organization\",\"name\":\"Avrupa Haber\",\"url\":\"https:\\\/\\\/avrupatv.eu\\\/\",\"logo\":{\"@type\":\"ImageObject\",\"inLanguage\":\"tr\",\"@id\":\"https:\\\/\\\/avrupatv.eu\\\/#\\\/schema\\\/logo\\\/image\\\/\",\"url\":\"https:\\\/\\\/avrupatv.eu\\\/wp-content\\\/uploads\\\/2023\\\/10\\\/cropped-thumbnail_logo.png\",\"contentUrl\":\"https:\\\/\\\/avrupatv.eu\\\/wp-content\\\/uploads\\\/2023\\\/10\\\/cropped-thumbnail_logo.png\",\"width\":1025,\"height\":302,\"caption\":\"Avrupa Haber\"},\"image\":{\"@id\":\"https:\\\/\\\/avrupatv.eu\\\/#\\\/schema\\\/logo\\\/image\\\/\"}},{\"@type\":\"Person\",\"@id\":\"https:\\\/\\\/avrupatv.eu\\\/#\\\/schema\\\/person\\\/d56afa5d5569da4029d483da36c0c17d\",\"name\":\"Onur Akpinar\",\"image\":{\"@type\":\"ImageObject\",\"inLanguage\":\"tr\",\"@id\":\"https:\\\/\\\/secure.gravatar.com\\\/avatar\\\/67a1a0bdf34f82da209334e4684b7e7171a58a5a2b0a8f836b61044f5c1f5d6a?s=96&d=mm&r=g\",\"url\":\"https:\\\/\\\/secure.gravatar.com\\\/avatar\\\/67a1a0bdf34f82da209334e4684b7e7171a58a5a2b0a8f836b61044f5c1f5d6a?s=96&d=mm&r=g\",\"contentUrl\":\"https:\\\/\\\/secure.gravatar.com\\\/avatar\\\/67a1a0bdf34f82da209334e4684b7e7171a58a5a2b0a8f836b61044f5c1f5d6a?s=96&d=mm&r=g\",\"caption\":\"Onur Akpinar\"},\"url\":\"https:\\\/\\\/avrupatv.eu\\\/index.php\\\/author\\\/onur-akpinar\\\/\"}]}<\/script>\n<!-- \/ Yoast SEO plugin. -->","yoast_head_json":{"title":"Bel\u00e7ika\u2019da T\u00fcrk Gen\u00e7leri Mikail (25), Musa (26) ve \u0130brahim (15) Trafik Kazas\u0131nda Hayat\u0131n\u0131 Kaybetti - Avrupal\u0131 T\u00fcrklerin en Yeni Haber Portal\u0131","robots":{"index":"index","follow":"follow","max-snippet":"max-snippet:-1","max-image-preview":"max-image-preview:large","max-video-preview":"max-video-preview:-1"},"canonical":"https:\/\/avrupatv.eu\/index.php\/2025\/10\/06\/belcikada-turk-gencleri-mikail-25-musa-26-ve-ibrahim-15-trafik-kazasinda-hayatini-kaybetti\/","og_locale":"tr_TR","og_type":"article","og_title":"Bel\u00e7ika\u2019da T\u00fcrk Gen\u00e7leri Mikail (25), Musa (26) ve \u0130brahim (15) Trafik Kazas\u0131nda Hayat\u0131n\u0131 Kaybetti - Avrupal\u0131 T\u00fcrklerin en Yeni Haber Portal\u0131","og_description":"Onur Akp\u0131nar Bel\u00e7ika\u2019n\u0131n Evergem kenti yak\u0131nlar\u0131nda meydana gelen feci kazada, \u00fc\u00e7 T\u00fcrk genci ya\u015fam\u0131n\u0131 yitirdi. D\u00fc\u011f\u00fcn d\u00f6n\u00fc\u015f\u00fc yola \u00e7\u0131kan Mikail Kandemir (25), Musa \u00c7al\u0131\u015fkan (26) ve \u0130brahim Kaymak (15) isimli gen\u00e7ler, kulland\u0131klar\u0131 BMW M5 arac\u0131n kaygan zeminde kontrolden \u00e7\u0131kmas\u0131 sonucu a\u011faca \u00e7arpt\u0131. Kaza, Pazar sabah\u0131 saat 02.00 s\u0131ralar\u0131nda Doornzele Dries b\u00f6lgesinde meydana geldi. \u0130lk belirlemelere [&hellip;]","og_url":"https:\/\/avrupatv.eu\/index.php\/2025\/10\/06\/belcikada-turk-gencleri-mikail-25-musa-26-ve-ibrahim-15-trafik-kazasinda-hayatini-kaybetti\/","og_site_name":"Avrupal\u0131 T\u00fcrklerin en Yeni Haber Portal\u0131","article_published_time":"2025-10-06T06:59:00+00:00","article_modified_time":"2025-10-06T06:59:01+00:00","og_image":[{"url":"https:\/\/avrupatv.eu\/wp-content\/uploads\/2025\/10\/slachtoffers1-1.png","width":1,"height":1,"type":"image\/png"}],"author":"Onur Akpinar","twitter_card":"summary_large_image","twitter_misc":{"Yazan:":"Onur Akpinar","Tahmini okuma s\u00fcresi":"2 dakika"},"schema":{"@context":"https:\/\/schema.org","@graph":[{"@type":"Article","@id":"https:\/\/avrupatv.eu\/index.php\/2025\/10\/06\/belcikada-turk-gencleri-mikail-25-musa-26-ve-ibrahim-15-trafik-kazasinda-hayatini-kaybetti\/#article","isPartOf":{"@id":"https:\/\/avrupatv.eu\/index.php\/2025\/10\/06\/belcikada-turk-gencleri-mikail-25-musa-26-ve-ibrahim-15-trafik-kazasinda-hayatini-kaybetti\/"},"author":{"name":"Onur Akpinar","@id":"https:\/\/avrupatv.eu\/#\/schema\/person\/d56afa5d5569da4029d483da36c0c17d"},"headline":"Bel\u00e7ika\u2019da T\u00fcrk Gen\u00e7leri Mikail (25), Musa (26) ve \u0130brahim (15) Trafik Kazas\u0131nda Hayat\u0131n\u0131 Kaybetti","datePublished":"2025-10-06T06:59:00+00:00","dateModified":"2025-10-06T06:59:01+00:00","mainEntityOfPage":{"@id":"https:\/\/avrupatv.eu\/index.php\/2025\/10\/06\/belcikada-turk-gencleri-mikail-25-musa-26-ve-ibrahim-15-trafik-kazasinda-hayatini-kaybetti\/"},"wordCount":246,"commentCount":0,"publisher":{"@id":"https:\/\/avrupatv.eu\/#organization"},"image":{"@id":"https:\/\/avrupatv.eu\/index.php\/2025\/10\/06\/belcikada-turk-gencleri-mikail-25-musa-26-ve-ibrahim-15-trafik-kazasinda-hayatini-kaybetti\/#primaryimage"},"thumbnailUrl":"https:\/\/avrupatv.eu\/wp-content\/uploads\/2025\/10\/slachtoffers1-1-scaled.png","articleSection":["Bel\u00e7ika"],"inLanguage":"tr","potentialAction":[{"@type":"CommentAction","name":"Comment","target":["https:\/\/avrupatv.eu\/index.php\/2025\/10\/06\/belcikada-turk-gencleri-mikail-25-musa-26-ve-ibrahim-15-trafik-kazasinda-hayatini-kaybetti\/#respond"]}]},{"@type":"WebPage","@id":"https:\/\/avrupatv.eu\/index.php\/2025\/10\/06\/belcikada-turk-gencleri-mikail-25-musa-26-ve-ibrahim-15-trafik-kazasinda-hayatini-kaybetti\/","url":"https:\/\/avrupatv.eu\/index.php\/2025\/10\/06\/belcikada-turk-gencleri-mikail-25-musa-26-ve-ibrahim-15-trafik-kazasinda-hayatini-kaybetti\/","name":"Bel\u00e7ika\u2019da T\u00fcrk Gen\u00e7leri Mikail (25), Musa (26) ve \u0130brahim (15) Trafik Kazas\u0131nda Hayat\u0131n\u0131 Kaybetti - Avrupal\u0131 T\u00fcrklerin en Yeni Haber Portal\u0131","isPartOf":{"@id":"https:\/\/avrupatv.eu\/#website"},"primaryImageOfPage":{"@id":"https:\/\/avrupatv.eu\/index.php\/2025\/10\/06\/belcikada-turk-gencleri-mikail-25-musa-26-ve-ibrahim-15-trafik-kazasinda-hayatini-kaybetti\/#primaryimage"},"image":{"@id":"https:\/\/avrupatv.eu\/index.php\/2025\/10\/06\/belcikada-turk-gencleri-mikail-25-musa-26-ve-ibrahim-15-trafik-kazasinda-hayatini-kaybetti\/#primaryimage"},"thumbnailUrl":"https:\/\/avrupatv.eu\/wp-content\/uploads\/2025\/10\/slachtoffers1-1-scaled.png","datePublished":"2025-10-06T06:59:00+00:00","dateModified":"2025-10-06T06:59:01+00:00","breadcrumb":{"@id":"https:\/\/avrupatv.eu\/index.php\/2025\/10\/06\/belcikada-turk-gencleri-mikail-25-musa-26-ve-ibrahim-15-trafik-kazasinda-hayatini-kaybetti\/#breadcrumb"},"inLanguage":"tr","potentialAction":[{"@type":"ReadAction","target":["https:\/\/avrupatv.eu\/index.php\/2025\/10\/06\/belcikada-turk-gencleri-mikail-25-musa-26-ve-ibrahim-15-trafik-kazasinda-hayatini-kaybetti\/"]}]},{"@type":"ImageObject","inLanguage":"tr","@id":"https:\/\/avrupatv.eu\/index.php\/2025\/10\/06\/belcikada-turk-gencleri-mikail-25-musa-26-ve-ibrahim-15-trafik-kazasinda-hayatini-kaybetti\/#primaryimage","url":"https:\/\/avrupatv.eu\/wp-content\/uploads\/2025\/10\/slachtoffers1-1-scaled.png","contentUrl":"https:\/\/avrupatv.eu\/wp-content\/uploads\/2025\/10\/slachtoffers1-1-scaled.png","width":2560,"height":1921},{"@type":"BreadcrumbList","@id":"https:\/\/avrupatv.eu\/index.php\/2025\/10\/06\/belcikada-turk-gencleri-mikail-25-musa-26-ve-ibrahim-15-trafik-kazasinda-hayatini-kaybetti\/#breadcrumb","itemListElement":[{"@type":"ListItem","position":1,"name":"Anasayfa","item":"https:\/\/avrupatv.eu\/"},{"@type":"ListItem","position":2,"name":"Bel\u00e7ika\u2019da T\u00fcrk Gen\u00e7leri Mikail (25), Musa (26) ve \u0130brahim (15) Trafik Kazas\u0131nda Hayat\u0131n\u0131 Kaybetti"}]},{"@type":"WebSite","@id":"https:\/\/avrupatv.eu\/#website","url":"https:\/\/avrupatv.eu\/","name":"Avrupal\u0131 T\u00fcrklerin en Yeni Haber Portal\u0131","description":"","publisher":{"@id":"https:\/\/avrupatv.eu\/#organization"},"alternateName":"Avrupa tv","potentialAction":[{"@type":"SearchAction","target":{"@type":"EntryPoint","urlTemplate":"https:\/\/avrupatv.eu\/?s={search_term_string}"},"query-input":{"@type":"PropertyValueSpecification","valueRequired":true,"valueName":"search_term_string"}}],"inLanguage":"tr"},{"@type":"Organization","@id":"https:\/\/avrupatv.eu\/#organization","name":"Avrupa Haber","url":"https:\/\/avrupatv.eu\/","logo":{"@type":"ImageObject","inLanguage":"tr","@id":"https:\/\/avrupatv.eu\/#\/schema\/logo\/image\/","url":"https:\/\/avrupatv.eu\/wp-content\/uploads\/2023\/10\/cropped-thumbnail_logo.png","contentUrl":"https:\/\/avrupatv.eu\/wp-content\/uploads\/2023\/10\/cropped-thumbnail_logo.png","width":1025,"height":302,"caption":"Avrupa Haber"},"image":{"@id":"https:\/\/avrupatv.eu\/#\/schema\/logo\/image\/"}},{"@type":"Person","@id":"https:\/\/avrupatv.eu\/#\/schema\/person\/d56afa5d5569da4029d483da36c0c17d","name":"Onur Akpinar","image":{"@type":"ImageObject","inLanguage":"tr","@id":"https:\/\/secure.gravatar.com\/avatar\/67a1a0bdf34f82da209334e4684b7e7171a58a5a2b0a8f836b61044f5c1f5d6a?s=96&d=mm&r=g","url":"https:\/\/secure.gravatar.com\/avatar\/67a1a0bdf34f82da209334e4684b7e7171a58a5a2b0a8f836b61044f5c1f5d6a?s=96&d=mm&r=g","contentUrl":"https:\/\/secure.gravatar.com\/avatar\/67a1a0bdf34f82da209334e4684b7e7171a58a5a2b0a8f836b61044f5c1f5d6a?s=96&d=mm&r=g","caption":"Onur Akpinar"},"url":"https:\/\/avrupatv.eu\/index.php\/author\/onur-akpinar\/"}]}},"_links":{"self":[{"href":"https:\/\/avrupatv.eu\/index.php\/wp-json\/wp\/v2\/posts\/1377","targetHints":{"allow":["GET"]}}],"collection":[{"href":"https:\/\/avrupatv.eu\/index.php\/wp-json\/wp\/v2\/posts"}],"about":[{"href":"https:\/\/avrupatv.eu\/index.php\/wp-json\/wp\/v2\/types\/post"}],"author":[{"embeddable":true,"href":"https:\/\/avrupatv.eu\/index.php\/wp-json\/wp\/v2\/users\/2"}],"replies":[{"embeddable":true,"href":"https:\/\/avrupatv.eu\/index.php\/wp-json\/wp\/v2\/comments?post=1377"}],"version-history":[{"count":1,"href":"https:\/\/avrupatv.eu\/index.php\/wp-json\/wp\/v2\/posts\/1377\/revisions"}],"predecessor-version":[{"id":1380,"href":"https:\/\/avrupatv.eu\/index.php\/wp-json\/wp\/v2\/posts\/1377\/revisions\/1380"}],"wp:featuredmedia":[{"embeddable":true,"href":"https:\/\/avrupatv.eu\/index.php\/wp-json\/wp\/v2\/media\/1379"}],"wp:attachment":[{"href":"https:\/\/avrupatv.eu\/index.php\/wp-json\/wp\/v2\/media?parent=1377"}],"wp:term":[{"taxonomy":"category","embeddable":true,"href":"https:\/\/avrupatv.eu\/index.php\/wp-json\/wp\/v2\/categories?post=1377"},{"taxonomy":"post_tag","embeddable":true,"href":"https:\/\/avrupatv.eu\/index.php\/wp-json\/wp\/v2\/tags?post=1377"}],"curies":[{"name":"wp","href":"https:\/\/api.w.org\/{rel}","templated":true}]}}