{"id":1372,"date":"2025-10-01T21:44:37","date_gmt":"2025-10-01T21:44:37","guid":{"rendered":"https:\/\/avrupatv.eu\/?p=1372"},"modified":"2025-10-01T21:44:38","modified_gmt":"2025-10-01T21:44:38","slug":"israil-6-gemiyi-alikoydu-aralarinda-18-turk-bulunuyor","status":"publish","type":"post","link":"https:\/\/avrupatv.eu\/index.php\/2025\/10\/01\/israil-6-gemiyi-alikoydu-aralarinda-18-turk-bulunuyor\/","title":{"rendered":"\u0130srail 6 Gemiyi Al\u0131koydu: Aralar\u0131nda 18 T\u00fcrk Bulunuyor"},"content":{"rendered":"\n<p>\u0130srail 6 Gemiyi Al\u0131koydu: Aralar\u0131nda 18 T\u00fcrk Bulunuyor<\/p>\n\n\n\n<p>\u0130srail donanmas\u0131, Do\u011fu Akdeniz\u2019de seyreden 6 gemiye el koydu. Gemilerde bulunan m\u00fcrettebat aras\u0131nda 18 T\u00fcrk vatanda\u015f\u0131n\u0131n da oldu\u011fu bildirildi.<\/p>\n\n\n\n<p>T\u00fcrk m\u00fcrettebat\u0131n sa\u011fl\u0131k durumuna ili\u015fkin hen\u00fcz resmi bir a\u00e7\u0131klama yap\u0131lmazken, Ankara\u2019n\u0131n geli\u015fmeleri yak\u0131ndan takip etti\u011fi \u00f6\u011frenildi.<\/p>\n\n\n\n<p>Konuya dair D\u0131\u015fi\u015fleri Bakanl\u0131\u011f\u0131\u2019n\u0131n \u00f6n\u00fcm\u00fczdeki saatlerde yaz\u0131l\u0131 a\u00e7\u0131klama yapmas\u0131 bekleniyor.<\/p>\n","protected":false},"excerpt":{"rendered":"<p>\u0130srail 6 Gemiyi Al\u0131koydu: Aralar\u0131nda 18 T\u00fcrk Bulunuyor \u0130srail donanmas\u0131, Do\u011fu Akdeniz\u2019de seyreden 6 gemiye el koydu. Gemilerde bulunan m\u00fcrettebat aras\u0131nda 18 T\u00fcrk vatanda\u015f\u0131n\u0131n da oldu\u011fu bildirildi. T\u00fcrk m\u00fcrettebat\u0131n sa\u011fl\u0131k durumuna ili\u015fkin hen\u00fcz resmi bir a\u00e7\u0131klama yap\u0131lmazken, Ankara\u2019n\u0131n geli\u015fmeleri yak\u0131ndan takip etti\u011fi \u00f6\u011frenildi. Konuya dair D\u0131\u015fi\u015fleri Bakanl\u0131\u011f\u0131\u2019n\u0131n \u00f6n\u00fcm\u00fczdeki saatlerde yaz\u0131l\u0131 a\u00e7\u0131klama yapmas\u0131 bekleniyor.<\/p>\n","protected":false},"author":2,"featured_media":1371,"comment_status":"open","ping_status":"open","sticky":false,"template":"","format":"standard","meta":{"footnotes":""},"categories":[1],"tags":[],"class_list":["post-1372","post","type-post","status-publish","format-standard","has-post-thumbnail","hentry","category-blog"],"yoast_head":"<!-- This site is optimized with the Yoast SEO plugin v27.5 - https:\/\/yoast.com\/product\/yoast-seo-wordpress\/ -->\n<title>\u0130srail 6 Gemiyi Al\u0131koydu: Aralar\u0131nda 18 T\u00fcrk Bulunuyor - Avrupal\u0131 T\u00fcrklerin en Yeni Haber Portal\u0131<\/title>\n<meta name=\"robots\" content=\"index, follow, max-snippet:-1, max-image-preview:large, max-video-preview:-1\" \/>\n<link rel=\"canonical\" href=\"https:\/\/avrupatv.eu\/index.php\/2025\/10\/01\/israil-6-gemiyi-alikoydu-aralarinda-18-turk-bulunuyor\/\" \/>\n<meta property=\"og:locale\" content=\"tr_TR\" \/>\n<meta property=\"og:type\" content=\"article\" \/>\n<meta property=\"og:title\" content=\"\u0130srail 6 Gemiyi Al\u0131koydu: Aralar\u0131nda 18 T\u00fcrk Bulunuyor - Avrupal\u0131 T\u00fcrklerin en Yeni Haber Portal\u0131\" \/>\n<meta property=\"og:description\" content=\"\u0130srail 6 Gemiyi Al\u0131koydu: Aralar\u0131nda 18 T\u00fcrk Bulunuyor \u0130srail donanmas\u0131, Do\u011fu Akdeniz\u2019de seyreden 6 gemiye el koydu. Gemilerde bulunan m\u00fcrettebat aras\u0131nda 18 T\u00fcrk vatanda\u015f\u0131n\u0131n da oldu\u011fu bildirildi. T\u00fcrk m\u00fcrettebat\u0131n sa\u011fl\u0131k durumuna ili\u015fkin hen\u00fcz resmi bir a\u00e7\u0131klama yap\u0131lmazken, Ankara\u2019n\u0131n geli\u015fmeleri yak\u0131ndan takip etti\u011fi \u00f6\u011frenildi. Konuya dair D\u0131\u015fi\u015fleri Bakanl\u0131\u011f\u0131\u2019n\u0131n \u00f6n\u00fcm\u00fczdeki saatlerde yaz\u0131l\u0131 a\u00e7\u0131klama yapmas\u0131 bekleniyor.\" \/>\n<meta property=\"og:url\" content=\"https:\/\/avrupatv.eu\/index.php\/2025\/10\/01\/israil-6-gemiyi-alikoydu-aralarinda-18-turk-bulunuyor\/\" \/>\n<meta property=\"og:site_name\" content=\"Avrupal\u0131 T\u00fcrklerin en Yeni Haber Portal\u0131\" \/>\n<meta property=\"article:published_time\" content=\"2025-10-01T21:44:37+00:00\" \/>\n<meta property=\"article:modified_time\" content=\"2025-10-01T21:44:38+00:00\" \/>\n<meta property=\"og:image\" content=\"https:\/\/avrupatv.eu\/wp-content\/uploads\/2025\/10\/sumud-filosu-nedir-sumud-filosu-ne-tasiyor-hangi-ulkeler-katildi.jpg\" \/>\n\t<meta property=\"og:image:width\" content=\"1280\" \/>\n\t<meta property=\"og:image:height\" content=\"720\" \/>\n\t<meta property=\"og:image:type\" content=\"image\/jpeg\" \/>\n<meta name=\"author\" content=\"Onur Akpinar\" \/>\n<meta name=\"twitter:card\" content=\"summary_large_image\" \/>\n<meta name=\"twitter:label1\" content=\"Yazan:\" \/>\n\t<meta name=\"twitter:data1\" content=\"Onur Akpinar\" \/>\n\t<meta name=\"twitter:label2\" content=\"Tahmini okuma s\u00fcresi\" \/>\n\t<meta name=\"twitter:data2\" content=\"1 dakika\" \/>\n<script type=\"application\/ld+json\" class=\"yoast-schema-graph\">{\"@context\":\"https:\\\/\\\/schema.org\",\"@graph\":[{\"@type\":\"Article\",\"@id\":\"https:\\\/\\\/avrupatv.eu\\\/index.php\\\/2025\\\/10\\\/01\\\/israil-6-gemiyi-alikoydu-aralarinda-18-turk-bulunuyor\\\/#article\",\"isPartOf\":{\"@id\":\"https:\\\/\\\/avrupatv.eu\\\/index.php\\\/2025\\\/10\\\/01\\\/israil-6-gemiyi-alikoydu-aralarinda-18-turk-bulunuyor\\\/\"},\"author\":{\"name\":\"Onur Akpinar\",\"@id\":\"https:\\\/\\\/avrupatv.eu\\\/#\\\/schema\\\/person\\\/d56afa5d5569da4029d483da36c0c17d\"},\"headline\":\"\u0130srail 6 Gemiyi Al\u0131koydu: Aralar\u0131nda 18 T\u00fcrk Bulunuyor\",\"datePublished\":\"2025-10-01T21:44:37+00:00\",\"dateModified\":\"2025-10-01T21:44:38+00:00\",\"mainEntityOfPage\":{\"@id\":\"https:\\\/\\\/avrupatv.eu\\\/index.php\\\/2025\\\/10\\\/01\\\/israil-6-gemiyi-alikoydu-aralarinda-18-turk-bulunuyor\\\/\"},\"wordCount\":91,\"commentCount\":0,\"publisher\":{\"@id\":\"https:\\\/\\\/avrupatv.eu\\\/#organization\"},\"image\":{\"@id\":\"https:\\\/\\\/avrupatv.eu\\\/index.php\\\/2025\\\/10\\\/01\\\/israil-6-gemiyi-alikoydu-aralarinda-18-turk-bulunuyor\\\/#primaryimage\"},\"thumbnailUrl\":\"https:\\\/\\\/avrupatv.eu\\\/wp-content\\\/uploads\\\/2025\\\/10\\\/sumud-filosu-nedir-sumud-filosu-ne-tasiyor-hangi-ulkeler-katildi.jpg\",\"articleSection\":[\"Blog\"],\"inLanguage\":\"tr\",\"potentialAction\":[{\"@type\":\"CommentAction\",\"name\":\"Comment\",\"target\":[\"https:\\\/\\\/avrupatv.eu\\\/index.php\\\/2025\\\/10\\\/01\\\/israil-6-gemiyi-alikoydu-aralarinda-18-turk-bulunuyor\\\/#respond\"]}]},{\"@type\":\"WebPage\",\"@id\":\"https:\\\/\\\/avrupatv.eu\\\/index.php\\\/2025\\\/10\\\/01\\\/israil-6-gemiyi-alikoydu-aralarinda-18-turk-bulunuyor\\\/\",\"url\":\"https:\\\/\\\/avrupatv.eu\\\/index.php\\\/2025\\\/10\\\/01\\\/israil-6-gemiyi-alikoydu-aralarinda-18-turk-bulunuyor\\\/\",\"name\":\"\u0130srail 6 Gemiyi Al\u0131koydu: Aralar\u0131nda 18 T\u00fcrk Bulunuyor - Avrupal\u0131 T\u00fcrklerin en Yeni Haber Portal\u0131\",\"isPartOf\":{\"@id\":\"https:\\\/\\\/avrupatv.eu\\\/#website\"},\"primaryImageOfPage\":{\"@id\":\"https:\\\/\\\/avrupatv.eu\\\/index.php\\\/2025\\\/10\\\/01\\\/israil-6-gemiyi-alikoydu-aralarinda-18-turk-bulunuyor\\\/#primaryimage\"},\"image\":{\"@id\":\"https:\\\/\\\/avrupatv.eu\\\/index.php\\\/2025\\\/10\\\/01\\\/israil-6-gemiyi-alikoydu-aralarinda-18-turk-bulunuyor\\\/#primaryimage\"},\"thumbnailUrl\":\"https:\\\/\\\/avrupatv.eu\\\/wp-content\\\/uploads\\\/2025\\\/10\\\/sumud-filosu-nedir-sumud-filosu-ne-tasiyor-hangi-ulkeler-katildi.jpg\",\"datePublished\":\"2025-10-01T21:44:37+00:00\",\"dateModified\":\"2025-10-01T21:44:38+00:00\",\"breadcrumb\":{\"@id\":\"https:\\\/\\\/avrupatv.eu\\\/index.php\\\/2025\\\/10\\\/01\\\/israil-6-gemiyi-alikoydu-aralarinda-18-turk-bulunuyor\\\/#breadcrumb\"},\"inLanguage\":\"tr\",\"potentialAction\":[{\"@type\":\"ReadAction\",\"target\":[\"https:\\\/\\\/avrupatv.eu\\\/index.php\\\/2025\\\/10\\\/01\\\/israil-6-gemiyi-alikoydu-aralarinda-18-turk-bulunuyor\\\/\"]}]},{\"@type\":\"ImageObject\",\"inLanguage\":\"tr\",\"@id\":\"https:\\\/\\\/avrupatv.eu\\\/index.php\\\/2025\\\/10\\\/01\\\/israil-6-gemiyi-alikoydu-aralarinda-18-turk-bulunuyor\\\/#primaryimage\",\"url\":\"https:\\\/\\\/avrupatv.eu\\\/wp-content\\\/uploads\\\/2025\\\/10\\\/sumud-filosu-nedir-sumud-filosu-ne-tasiyor-hangi-ulkeler-katildi.jpg\",\"contentUrl\":\"https:\\\/\\\/avrupatv.eu\\\/wp-content\\\/uploads\\\/2025\\\/10\\\/sumud-filosu-nedir-sumud-filosu-ne-tasiyor-hangi-ulkeler-katildi.jpg\",\"width\":1280,\"height\":720},{\"@type\":\"BreadcrumbList\",\"@id\":\"https:\\\/\\\/avrupatv.eu\\\/index.php\\\/2025\\\/10\\\/01\\\/israil-6-gemiyi-alikoydu-aralarinda-18-turk-bulunuyor\\\/#breadcrumb\",\"itemListElement\":[{\"@type\":\"ListItem\",\"position\":1,\"name\":\"Anasayfa\",\"item\":\"https:\\\/\\\/avrupatv.eu\\\/\"},{\"@type\":\"ListItem\",\"position\":2,\"name\":\"\u0130srail 6 Gemiyi Al\u0131koydu: Aralar\u0131nda 18 T\u00fcrk Bulunuyor\"}]},{\"@type\":\"WebSite\",\"@id\":\"https:\\\/\\\/avrupatv.eu\\\/#website\",\"url\":\"https:\\\/\\\/avrupatv.eu\\\/\",\"name\":\"Avrupal\u0131 T\u00fcrklerin en Yeni Haber Portal\u0131\",\"description\":\"\",\"publisher\":{\"@id\":\"https:\\\/\\\/avrupatv.eu\\\/#organization\"},\"alternateName\":\"Avrupa tv\",\"potentialAction\":[{\"@type\":\"SearchAction\",\"target\":{\"@type\":\"EntryPoint\",\"urlTemplate\":\"https:\\\/\\\/avrupatv.eu\\\/?s={search_term_string}\"},\"query-input\":{\"@type\":\"PropertyValueSpecification\",\"valueRequired\":true,\"valueName\":\"search_term_string\"}}],\"inLanguage\":\"tr\"},{\"@type\":\"Organization\",\"@id\":\"https:\\\/\\\/avrupatv.eu\\\/#organization\",\"name\":\"Avrupa Haber\",\"url\":\"https:\\\/\\\/avrupatv.eu\\\/\",\"logo\":{\"@type\":\"ImageObject\",\"inLanguage\":\"tr\",\"@id\":\"https:\\\/\\\/avrupatv.eu\\\/#\\\/schema\\\/logo\\\/image\\\/\",\"url\":\"https:\\\/\\\/avrupatv.eu\\\/wp-content\\\/uploads\\\/2023\\\/10\\\/cropped-thumbnail_logo.png\",\"contentUrl\":\"https:\\\/\\\/avrupatv.eu\\\/wp-content\\\/uploads\\\/2023\\\/10\\\/cropped-thumbnail_logo.png\",\"width\":1025,\"height\":302,\"caption\":\"Avrupa Haber\"},\"image\":{\"@id\":\"https:\\\/\\\/avrupatv.eu\\\/#\\\/schema\\\/logo\\\/image\\\/\"}},{\"@type\":\"Person\",\"@id\":\"https:\\\/\\\/avrupatv.eu\\\/#\\\/schema\\\/person\\\/d56afa5d5569da4029d483da36c0c17d\",\"name\":\"Onur Akpinar\",\"image\":{\"@type\":\"ImageObject\",\"inLanguage\":\"tr\",\"@id\":\"https:\\\/\\\/secure.gravatar.com\\\/avatar\\\/67a1a0bdf34f82da209334e4684b7e7171a58a5a2b0a8f836b61044f5c1f5d6a?s=96&d=mm&r=g\",\"url\":\"https:\\\/\\\/secure.gravatar.com\\\/avatar\\\/67a1a0bdf34f82da209334e4684b7e7171a58a5a2b0a8f836b61044f5c1f5d6a?s=96&d=mm&r=g\",\"contentUrl\":\"https:\\\/\\\/secure.gravatar.com\\\/avatar\\\/67a1a0bdf34f82da209334e4684b7e7171a58a5a2b0a8f836b61044f5c1f5d6a?s=96&d=mm&r=g\",\"caption\":\"Onur Akpinar\"},\"url\":\"https:\\\/\\\/avrupatv.eu\\\/index.php\\\/author\\\/onur-akpinar\\\/\"}]}<\/script>\n<!-- \/ Yoast SEO plugin. -->","yoast_head_json":{"title":"\u0130srail 6 Gemiyi Al\u0131koydu: Aralar\u0131nda 18 T\u00fcrk Bulunuyor - Avrupal\u0131 T\u00fcrklerin en Yeni Haber Portal\u0131","robots":{"index":"index","follow":"follow","max-snippet":"max-snippet:-1","max-image-preview":"max-image-preview:large","max-video-preview":"max-video-preview:-1"},"canonical":"https:\/\/avrupatv.eu\/index.php\/2025\/10\/01\/israil-6-gemiyi-alikoydu-aralarinda-18-turk-bulunuyor\/","og_locale":"tr_TR","og_type":"article","og_title":"\u0130srail 6 Gemiyi Al\u0131koydu: Aralar\u0131nda 18 T\u00fcrk Bulunuyor - Avrupal\u0131 T\u00fcrklerin en Yeni Haber Portal\u0131","og_description":"\u0130srail 6 Gemiyi Al\u0131koydu: Aralar\u0131nda 18 T\u00fcrk Bulunuyor \u0130srail donanmas\u0131, Do\u011fu Akdeniz\u2019de seyreden 6 gemiye el koydu. Gemilerde bulunan m\u00fcrettebat aras\u0131nda 18 T\u00fcrk vatanda\u015f\u0131n\u0131n da oldu\u011fu bildirildi. T\u00fcrk m\u00fcrettebat\u0131n sa\u011fl\u0131k durumuna ili\u015fkin hen\u00fcz resmi bir a\u00e7\u0131klama yap\u0131lmazken, Ankara\u2019n\u0131n geli\u015fmeleri yak\u0131ndan takip etti\u011fi \u00f6\u011frenildi. Konuya dair D\u0131\u015fi\u015fleri Bakanl\u0131\u011f\u0131\u2019n\u0131n \u00f6n\u00fcm\u00fczdeki saatlerde yaz\u0131l\u0131 a\u00e7\u0131klama yapmas\u0131 bekleniyor.","og_url":"https:\/\/avrupatv.eu\/index.php\/2025\/10\/01\/israil-6-gemiyi-alikoydu-aralarinda-18-turk-bulunuyor\/","og_site_name":"Avrupal\u0131 T\u00fcrklerin en Yeni Haber Portal\u0131","article_published_time":"2025-10-01T21:44:37+00:00","article_modified_time":"2025-10-01T21:44:38+00:00","og_image":[{"width":1280,"height":720,"url":"https:\/\/avrupatv.eu\/wp-content\/uploads\/2025\/10\/sumud-filosu-nedir-sumud-filosu-ne-tasiyor-hangi-ulkeler-katildi.jpg","type":"image\/jpeg"}],"author":"Onur Akpinar","twitter_card":"summary_large_image","twitter_misc":{"Yazan:":"Onur Akpinar","Tahmini okuma s\u00fcresi":"1 dakika"},"schema":{"@context":"https:\/\/schema.org","@graph":[{"@type":"Article","@id":"https:\/\/avrupatv.eu\/index.php\/2025\/10\/01\/israil-6-gemiyi-alikoydu-aralarinda-18-turk-bulunuyor\/#article","isPartOf":{"@id":"https:\/\/avrupatv.eu\/index.php\/2025\/10\/01\/israil-6-gemiyi-alikoydu-aralarinda-18-turk-bulunuyor\/"},"author":{"name":"Onur Akpinar","@id":"https:\/\/avrupatv.eu\/#\/schema\/person\/d56afa5d5569da4029d483da36c0c17d"},"headline":"\u0130srail 6 Gemiyi Al\u0131koydu: Aralar\u0131nda 18 T\u00fcrk Bulunuyor","datePublished":"2025-10-01T21:44:37+00:00","dateModified":"2025-10-01T21:44:38+00:00","mainEntityOfPage":{"@id":"https:\/\/avrupatv.eu\/index.php\/2025\/10\/01\/israil-6-gemiyi-alikoydu-aralarinda-18-turk-bulunuyor\/"},"wordCount":91,"commentCount":0,"publisher":{"@id":"https:\/\/avrupatv.eu\/#organization"},"image":{"@id":"https:\/\/avrupatv.eu\/index.php\/2025\/10\/01\/israil-6-gemiyi-alikoydu-aralarinda-18-turk-bulunuyor\/#primaryimage"},"thumbnailUrl":"https:\/\/avrupatv.eu\/wp-content\/uploads\/2025\/10\/sumud-filosu-nedir-sumud-filosu-ne-tasiyor-hangi-ulkeler-katildi.jpg","articleSection":["Blog"],"inLanguage":"tr","potentialAction":[{"@type":"CommentAction","name":"Comment","target":["https:\/\/avrupatv.eu\/index.php\/2025\/10\/01\/israil-6-gemiyi-alikoydu-aralarinda-18-turk-bulunuyor\/#respond"]}]},{"@type":"WebPage","@id":"https:\/\/avrupatv.eu\/index.php\/2025\/10\/01\/israil-6-gemiyi-alikoydu-aralarinda-18-turk-bulunuyor\/","url":"https:\/\/avrupatv.eu\/index.php\/2025\/10\/01\/israil-6-gemiyi-alikoydu-aralarinda-18-turk-bulunuyor\/","name":"\u0130srail 6 Gemiyi Al\u0131koydu: Aralar\u0131nda 18 T\u00fcrk Bulunuyor - Avrupal\u0131 T\u00fcrklerin en Yeni Haber Portal\u0131","isPartOf":{"@id":"https:\/\/avrupatv.eu\/#website"},"primaryImageOfPage":{"@id":"https:\/\/avrupatv.eu\/index.php\/2025\/10\/01\/israil-6-gemiyi-alikoydu-aralarinda-18-turk-bulunuyor\/#primaryimage"},"image":{"@id":"https:\/\/avrupatv.eu\/index.php\/2025\/10\/01\/israil-6-gemiyi-alikoydu-aralarinda-18-turk-bulunuyor\/#primaryimage"},"thumbnailUrl":"https:\/\/avrupatv.eu\/wp-content\/uploads\/2025\/10\/sumud-filosu-nedir-sumud-filosu-ne-tasiyor-hangi-ulkeler-katildi.jpg","datePublished":"2025-10-01T21:44:37+00:00","dateModified":"2025-10-01T21:44:38+00:00","breadcrumb":{"@id":"https:\/\/avrupatv.eu\/index.php\/2025\/10\/01\/israil-6-gemiyi-alikoydu-aralarinda-18-turk-bulunuyor\/#breadcrumb"},"inLanguage":"tr","potentialAction":[{"@type":"ReadAction","target":["https:\/\/avrupatv.eu\/index.php\/2025\/10\/01\/israil-6-gemiyi-alikoydu-aralarinda-18-turk-bulunuyor\/"]}]},{"@type":"ImageObject","inLanguage":"tr","@id":"https:\/\/avrupatv.eu\/index.php\/2025\/10\/01\/israil-6-gemiyi-alikoydu-aralarinda-18-turk-bulunuyor\/#primaryimage","url":"https:\/\/avrupatv.eu\/wp-content\/uploads\/2025\/10\/sumud-filosu-nedir-sumud-filosu-ne-tasiyor-hangi-ulkeler-katildi.jpg","contentUrl":"https:\/\/avrupatv.eu\/wp-content\/uploads\/2025\/10\/sumud-filosu-nedir-sumud-filosu-ne-tasiyor-hangi-ulkeler-katildi.jpg","width":1280,"height":720},{"@type":"BreadcrumbList","@id":"https:\/\/avrupatv.eu\/index.php\/2025\/10\/01\/israil-6-gemiyi-alikoydu-aralarinda-18-turk-bulunuyor\/#breadcrumb","itemListElement":[{"@type":"ListItem","position":1,"name":"Anasayfa","item":"https:\/\/avrupatv.eu\/"},{"@type":"ListItem","position":2,"name":"\u0130srail 6 Gemiyi Al\u0131koydu: Aralar\u0131nda 18 T\u00fcrk Bulunuyor"}]},{"@type":"WebSite","@id":"https:\/\/avrupatv.eu\/#website","url":"https:\/\/avrupatv.eu\/","name":"Avrupal\u0131 T\u00fcrklerin en Yeni Haber Portal\u0131","description":"","publisher":{"@id":"https:\/\/avrupatv.eu\/#organization"},"alternateName":"Avrupa tv","potentialAction":[{"@type":"SearchAction","target":{"@type":"EntryPoint","urlTemplate":"https:\/\/avrupatv.eu\/?s={search_term_string}"},"query-input":{"@type":"PropertyValueSpecification","valueRequired":true,"valueName":"search_term_string"}}],"inLanguage":"tr"},{"@type":"Organization","@id":"https:\/\/avrupatv.eu\/#organization","name":"Avrupa Haber","url":"https:\/\/avrupatv.eu\/","logo":{"@type":"ImageObject","inLanguage":"tr","@id":"https:\/\/avrupatv.eu\/#\/schema\/logo\/image\/","url":"https:\/\/avrupatv.eu\/wp-content\/uploads\/2023\/10\/cropped-thumbnail_logo.png","contentUrl":"https:\/\/avrupatv.eu\/wp-content\/uploads\/2023\/10\/cropped-thumbnail_logo.png","width":1025,"height":302,"caption":"Avrupa Haber"},"image":{"@id":"https:\/\/avrupatv.eu\/#\/schema\/logo\/image\/"}},{"@type":"Person","@id":"https:\/\/avrupatv.eu\/#\/schema\/person\/d56afa5d5569da4029d483da36c0c17d","name":"Onur Akpinar","image":{"@type":"ImageObject","inLanguage":"tr","@id":"https:\/\/secure.gravatar.com\/avatar\/67a1a0bdf34f82da209334e4684b7e7171a58a5a2b0a8f836b61044f5c1f5d6a?s=96&d=mm&r=g","url":"https:\/\/secure.gravatar.com\/avatar\/67a1a0bdf34f82da209334e4684b7e7171a58a5a2b0a8f836b61044f5c1f5d6a?s=96&d=mm&r=g","contentUrl":"https:\/\/secure.gravatar.com\/avatar\/67a1a0bdf34f82da209334e4684b7e7171a58a5a2b0a8f836b61044f5c1f5d6a?s=96&d=mm&r=g","caption":"Onur Akpinar"},"url":"https:\/\/avrupatv.eu\/index.php\/author\/onur-akpinar\/"}]}},"_links":{"self":[{"href":"https:\/\/avrupatv.eu\/index.php\/wp-json\/wp\/v2\/posts\/1372","targetHints":{"allow":["GET"]}}],"collection":[{"href":"https:\/\/avrupatv.eu\/index.php\/wp-json\/wp\/v2\/posts"}],"about":[{"href":"https:\/\/avrupatv.eu\/index.php\/wp-json\/wp\/v2\/types\/post"}],"author":[{"embeddable":true,"href":"https:\/\/avrupatv.eu\/index.php\/wp-json\/wp\/v2\/users\/2"}],"replies":[{"embeddable":true,"href":"https:\/\/avrupatv.eu\/index.php\/wp-json\/wp\/v2\/comments?post=1372"}],"version-history":[{"count":1,"href":"https:\/\/avrupatv.eu\/index.php\/wp-json\/wp\/v2\/posts\/1372\/revisions"}],"predecessor-version":[{"id":1373,"href":"https:\/\/avrupatv.eu\/index.php\/wp-json\/wp\/v2\/posts\/1372\/revisions\/1373"}],"wp:featuredmedia":[{"embeddable":true,"href":"https:\/\/avrupatv.eu\/index.php\/wp-json\/wp\/v2\/media\/1371"}],"wp:attachment":[{"href":"https:\/\/avrupatv.eu\/index.php\/wp-json\/wp\/v2\/media?parent=1372"}],"wp:term":[{"taxonomy":"category","embeddable":true,"href":"https:\/\/avrupatv.eu\/index.php\/wp-json\/wp\/v2\/categories?post=1372"},{"taxonomy":"post_tag","embeddable":true,"href":"https:\/\/avrupatv.eu\/index.php\/wp-json\/wp\/v2\/tags?post=1372"}],"curies":[{"name":"wp","href":"https:\/\/api.w.org\/{rel}","templated":true}]}}