{"id":1324,"date":"2025-07-16T20:19:54","date_gmt":"2025-07-16T20:19:54","guid":{"rendered":"https:\/\/avrupatv.eu\/?p=1324"},"modified":"2025-07-16T20:19:54","modified_gmt":"2025-07-16T20:19:54","slug":"vlaanderen-hukumetinden-tartismali-karar-26-dini-topluluga-onay-32sine-ret","status":"publish","type":"post","link":"https:\/\/avrupatv.eu\/index.php\/2025\/07\/16\/vlaanderen-hukumetinden-tartismali-karar-26-dini-topluluga-onay-32sine-ret\/","title":{"rendered":"Vlaanderen H\u00fck\u00fcmetinden Tart\u0131\u015fmal\u0131 Karar: 26 Dini Toplulu\u011fa Onay, 32&#8217;sine Ret"},"content":{"rendered":"\n<p><strong>BR\u00dcKSEL \u2013 16 Temmuz 2025<\/strong><br>Flanders b\u00f6lgesinde \u0130\u00e7i\u015fleri ve Toplumsal Birlik Bakan\u0131 Hilde Crevits\u2019in a\u00e7\u0131klad\u0131\u011f\u0131 son karar, dini topluluklar aras\u0131nda ciddi rahats\u0131zl\u0131k yaratt\u0131. Toplam 64 ba\u015fvurudan yaln\u0131zca 26&#8217;s\u0131 kabul edilirken, 32 dini toplulu\u011fa resm\u00ee tan\u0131nma verilmedi. Karar\u0131n gerek\u00e7esi olarak \u201cmali \u015feffafl\u0131k eksikli\u011fi\u201d, \u201cyabanc\u0131 etki riski\u201d ve \u201ctoplumsal b\u00fct\u00fcnle\u015fmeye katk\u0131 sa\u011flamama\u201d gibi kriterler \u00f6ne s\u00fcr\u00fcld\u00fc.<\/p>\n\n\n\n<p>Ancak kamuoyunun akl\u0131nda b\u00fcy\u00fck soru i\u015faretleri var: <strong>Bu kriterler objektif mi, yoksa belirli topluluklar\u0131 d\u0131\u015flama arac\u0131 m\u0131?<\/strong><\/p>\n\n\n\n<h3 class=\"wp-block-heading\"><strong>Ele\u015ftirilerin Oda\u011f\u0131nda M\u00fcsl\u00fcman Topluluklar Var<\/strong><\/h3>\n\n\n\n<p>Tan\u0131nmayan dini topluluklar\u0131n \u00f6nemli bir b\u00f6l\u00fcm\u00fcn\u00fc M\u00fcsl\u00fcman kurulu\u015flar olu\u015fturuyor. T\u00fcrkiye k\u00f6kenli cami dernekleri, \u00f6zellikle Diyanet ve Milli G\u00f6r\u00fc\u015f \u00e7izgisindeki yap\u0131lar hedefte. Bu durum, \u201cideolojik ayr\u0131mc\u0131l\u0131k m\u0131 yap\u0131l\u0131yor?\u201d sorusunu g\u00fcndeme getirdi.<\/p>\n\n\n\n<p>Baz\u0131 sivil toplum kurulu\u015flar\u0131 ve insan haklar\u0131 savunucular\u0131, h\u00fck\u00fcmetin karar\u0131nda <strong>dini \u00e7e\u015fitlili\u011fe de\u011fil, siyasi ajandalara<\/strong> \u00f6ncelik verildi\u011fini savunuyor.<\/p>\n\n\n\n<h3 class=\"wp-block-heading\"><strong>\u015eeffafl\u0131k Nerede?<\/strong><\/h3>\n\n\n\n<p>Bakanl\u0131k ret gerek\u00e7elerini genel ba\u015fl\u0131klarla duyursa da, hangi toplulu\u011fun neden reddedildi\u011fi konusunda detayl\u0131 bir a\u00e7\u0131klama yap\u0131lmad\u0131. Ret alan bir\u00e7ok dini topluluk, \u201changi kriterde eksik oldu\u011fumuzu dahi bilmiyoruz\u201d diyerek s\u00fcrece tepki g\u00f6sterdi.<\/p>\n\n\n\n<h3 class=\"wp-block-heading\"><strong>Toplumsal Kutupla\u015fma Uyar\u0131s\u0131<\/strong><\/h3>\n\n\n\n<p>Vlaams Belang gibi a\u015f\u0131r\u0131 sa\u011f partiler \u201cvergiler camilere gitmesin\u201d \u015feklindeki s\u00f6ylemlerle kamuoyunu etkilemeye \u00e7al\u0131\u015f\u0131rken, bu karar\u0131n <strong>toplumsal kutupla\u015fmay\u0131 art\u0131rabilece\u011fi<\/strong> uyar\u0131s\u0131 yap\u0131l\u0131yor. Uzmanlara g\u00f6re, inan\u00e7 gruplar\u0131n\u0131 d\u0131\u015flayan politikalar, entegrasyonu de\u011fil, ayr\u0131\u015fmay\u0131 k\u00f6r\u00fckler.<\/p>\n\n\n\n<hr class=\"wp-block-separator has-alpha-channel-opacity\"\/>\n\n\n\n<p><strong>Avrupa TV olarak \u00e7a\u011fr\u0131m\u0131z nettir:<\/strong><\/p>\n\n\n\n<p>Toplumun t\u00fcm kesimlerini kapsayan, \u015feffaf ve adil bir tan\u0131ma s\u00fcreci i\u015fletilmelidir. Dini topluluklar aras\u0131nda ayr\u0131mc\u0131l\u0131\u011fa neden olabilecek siyasi yakla\u015f\u0131mlardan uzak durulmal\u0131; karar s\u00fcre\u00e7leri ba\u011f\u0131ms\u0131z kurumlarca denetlenmelidir.<\/p>\n","protected":false},"excerpt":{"rendered":"<p>BR\u00dcKSEL \u2013 16 Temmuz 2025Flanders b\u00f6lgesinde \u0130\u00e7i\u015fleri ve Toplumsal Birlik Bakan\u0131 Hilde Crevits\u2019in a\u00e7\u0131klad\u0131\u011f\u0131 son karar, dini topluluklar aras\u0131nda ciddi rahats\u0131zl\u0131k yaratt\u0131. Toplam 64 ba\u015fvurudan yaln\u0131zca 26&#8217;s\u0131 kabul edilirken, 32 dini toplulu\u011fa resm\u00ee tan\u0131nma verilmedi. Karar\u0131n gerek\u00e7esi olarak \u201cmali \u015feffafl\u0131k eksikli\u011fi\u201d, \u201cyabanc\u0131 etki riski\u201d ve \u201ctoplumsal b\u00fct\u00fcnle\u015fmeye katk\u0131 sa\u011flamama\u201d gibi kriterler \u00f6ne s\u00fcr\u00fcld\u00fc. Ancak kamuoyunun [&hellip;]<\/p>\n","protected":false},"author":2,"featured_media":1325,"comment_status":"open","ping_status":"open","sticky":false,"template":"","format":"standard","meta":{"footnotes":""},"categories":[9,21],"tags":[],"class_list":["post-1324","post","type-post","status-publish","format-standard","has-post-thumbnail","hentry","category-avrupa","category-belcika"],"yoast_head":"<!-- This site is optimized with the Yoast SEO plugin v27.4 - https:\/\/yoast.com\/product\/yoast-seo-wordpress\/ -->\n<title>Vlaanderen H\u00fck\u00fcmetinden Tart\u0131\u015fmal\u0131 Karar: 26 Dini Toplulu\u011fa Onay, 32&#039;sine Ret - Avrupal\u0131 T\u00fcrklerin en Yeni Haber Portal\u0131<\/title>\n<meta name=\"description\" content=\"Vlaanderen H\u00fck\u00fcmetinden Tart\u0131\u015fmal\u0131 Karar: 26 Dini Toplulu\u011fa Onay, 32&#039;sine Ret\" \/>\n<meta name=\"robots\" content=\"index, follow, max-snippet:-1, max-image-preview:large, max-video-preview:-1\" \/>\n<link rel=\"canonical\" href=\"https:\/\/avrupatv.eu\/index.php\/2025\/07\/16\/vlaanderen-hukumetinden-tartismali-karar-26-dini-topluluga-onay-32sine-ret\/\" \/>\n<meta property=\"og:locale\" content=\"tr_TR\" \/>\n<meta property=\"og:type\" content=\"article\" \/>\n<meta property=\"og:title\" content=\"Vlaanderen H\u00fck\u00fcmetinden Tart\u0131\u015fmal\u0131 Karar: 26 Dini Toplulu\u011fa Onay, 32&#039;sine Ret - Avrupal\u0131 T\u00fcrklerin en Yeni Haber Portal\u0131\" \/>\n<meta property=\"og:description\" content=\"Vlaanderen H\u00fck\u00fcmetinden Tart\u0131\u015fmal\u0131 Karar: 26 Dini Toplulu\u011fa Onay, 32&#039;sine Ret\" \/>\n<meta property=\"og:url\" content=\"https:\/\/avrupatv.eu\/index.php\/2025\/07\/16\/vlaanderen-hukumetinden-tartismali-karar-26-dini-topluluga-onay-32sine-ret\/\" \/>\n<meta property=\"og:site_name\" content=\"Avrupal\u0131 T\u00fcrklerin en Yeni Haber Portal\u0131\" \/>\n<meta property=\"article:published_time\" content=\"2025-07-16T20:19:54+00:00\" \/>\n<meta property=\"og:image\" content=\"https:\/\/avrupatv.eu\/wp-content\/uploads\/2025\/07\/https___static.nieuwsblad.be_Assets_Images_Upload_2019_09_11_98df57b6-d4c8-11e9-b385-1ae92c8458a7_web_scale_0.0757576_0.0757576__.jpg\" \/>\n\t<meta property=\"og:image:width\" content=\"960\" \/>\n\t<meta property=\"og:image:height\" content=\"640\" \/>\n\t<meta property=\"og:image:type\" content=\"image\/jpeg\" \/>\n<meta name=\"author\" content=\"Onur Akpinar\" \/>\n<meta name=\"twitter:card\" content=\"summary_large_image\" \/>\n<meta name=\"twitter:label1\" content=\"Yazan:\" \/>\n\t<meta name=\"twitter:data1\" content=\"Onur Akpinar\" \/>\n\t<meta name=\"twitter:label2\" content=\"Tahmini okuma s\u00fcresi\" \/>\n\t<meta name=\"twitter:data2\" content=\"2 dakika\" \/>\n<script type=\"application\/ld+json\" class=\"yoast-schema-graph\">{\"@context\":\"https:\\\/\\\/schema.org\",\"@graph\":[{\"@type\":\"Article\",\"@id\":\"https:\\\/\\\/avrupatv.eu\\\/index.php\\\/2025\\\/07\\\/16\\\/vlaanderen-hukumetinden-tartismali-karar-26-dini-topluluga-onay-32sine-ret\\\/#article\",\"isPartOf\":{\"@id\":\"https:\\\/\\\/avrupatv.eu\\\/index.php\\\/2025\\\/07\\\/16\\\/vlaanderen-hukumetinden-tartismali-karar-26-dini-topluluga-onay-32sine-ret\\\/\"},\"author\":{\"name\":\"Onur Akpinar\",\"@id\":\"https:\\\/\\\/avrupatv.eu\\\/#\\\/schema\\\/person\\\/d56afa5d5569da4029d483da36c0c17d\"},\"headline\":\"Vlaanderen H\u00fck\u00fcmetinden Tart\u0131\u015fmal\u0131 Karar: 26 Dini Toplulu\u011fa Onay, 32&#8217;sine Ret\",\"datePublished\":\"2025-07-16T20:19:54+00:00\",\"mainEntityOfPage\":{\"@id\":\"https:\\\/\\\/avrupatv.eu\\\/index.php\\\/2025\\\/07\\\/16\\\/vlaanderen-hukumetinden-tartismali-karar-26-dini-topluluga-onay-32sine-ret\\\/\"},\"wordCount\":336,\"commentCount\":0,\"publisher\":{\"@id\":\"https:\\\/\\\/avrupatv.eu\\\/#organization\"},\"image\":{\"@id\":\"https:\\\/\\\/avrupatv.eu\\\/index.php\\\/2025\\\/07\\\/16\\\/vlaanderen-hukumetinden-tartismali-karar-26-dini-topluluga-onay-32sine-ret\\\/#primaryimage\"},\"thumbnailUrl\":\"https:\\\/\\\/avrupatv.eu\\\/wp-content\\\/uploads\\\/2025\\\/07\\\/https___static.nieuwsblad.be_Assets_Images_Upload_2019_09_11_98df57b6-d4c8-11e9-b385-1ae92c8458a7_web_scale_0.0757576_0.0757576__.jpg\",\"articleSection\":[\"Avrupa\",\"Bel\u00e7ika\"],\"inLanguage\":\"tr\",\"potentialAction\":[{\"@type\":\"CommentAction\",\"name\":\"Comment\",\"target\":[\"https:\\\/\\\/avrupatv.eu\\\/index.php\\\/2025\\\/07\\\/16\\\/vlaanderen-hukumetinden-tartismali-karar-26-dini-topluluga-onay-32sine-ret\\\/#respond\"]}]},{\"@type\":\"WebPage\",\"@id\":\"https:\\\/\\\/avrupatv.eu\\\/index.php\\\/2025\\\/07\\\/16\\\/vlaanderen-hukumetinden-tartismali-karar-26-dini-topluluga-onay-32sine-ret\\\/\",\"url\":\"https:\\\/\\\/avrupatv.eu\\\/index.php\\\/2025\\\/07\\\/16\\\/vlaanderen-hukumetinden-tartismali-karar-26-dini-topluluga-onay-32sine-ret\\\/\",\"name\":\"Vlaanderen H\u00fck\u00fcmetinden Tart\u0131\u015fmal\u0131 Karar: 26 Dini Toplulu\u011fa Onay, 32'sine Ret - Avrupal\u0131 T\u00fcrklerin en Yeni Haber Portal\u0131\",\"isPartOf\":{\"@id\":\"https:\\\/\\\/avrupatv.eu\\\/#website\"},\"primaryImageOfPage\":{\"@id\":\"https:\\\/\\\/avrupatv.eu\\\/index.php\\\/2025\\\/07\\\/16\\\/vlaanderen-hukumetinden-tartismali-karar-26-dini-topluluga-onay-32sine-ret\\\/#primaryimage\"},\"image\":{\"@id\":\"https:\\\/\\\/avrupatv.eu\\\/index.php\\\/2025\\\/07\\\/16\\\/vlaanderen-hukumetinden-tartismali-karar-26-dini-topluluga-onay-32sine-ret\\\/#primaryimage\"},\"thumbnailUrl\":\"https:\\\/\\\/avrupatv.eu\\\/wp-content\\\/uploads\\\/2025\\\/07\\\/https___static.nieuwsblad.be_Assets_Images_Upload_2019_09_11_98df57b6-d4c8-11e9-b385-1ae92c8458a7_web_scale_0.0757576_0.0757576__.jpg\",\"datePublished\":\"2025-07-16T20:19:54+00:00\",\"description\":\"Vlaanderen H\u00fck\u00fcmetinden Tart\u0131\u015fmal\u0131 Karar: 26 Dini Toplulu\u011fa Onay, 32'sine Ret\",\"breadcrumb\":{\"@id\":\"https:\\\/\\\/avrupatv.eu\\\/index.php\\\/2025\\\/07\\\/16\\\/vlaanderen-hukumetinden-tartismali-karar-26-dini-topluluga-onay-32sine-ret\\\/#breadcrumb\"},\"inLanguage\":\"tr\",\"potentialAction\":[{\"@type\":\"ReadAction\",\"target\":[\"https:\\\/\\\/avrupatv.eu\\\/index.php\\\/2025\\\/07\\\/16\\\/vlaanderen-hukumetinden-tartismali-karar-26-dini-topluluga-onay-32sine-ret\\\/\"]}]},{\"@type\":\"ImageObject\",\"inLanguage\":\"tr\",\"@id\":\"https:\\\/\\\/avrupatv.eu\\\/index.php\\\/2025\\\/07\\\/16\\\/vlaanderen-hukumetinden-tartismali-karar-26-dini-topluluga-onay-32sine-ret\\\/#primaryimage\",\"url\":\"https:\\\/\\\/avrupatv.eu\\\/wp-content\\\/uploads\\\/2025\\\/07\\\/https___static.nieuwsblad.be_Assets_Images_Upload_2019_09_11_98df57b6-d4c8-11e9-b385-1ae92c8458a7_web_scale_0.0757576_0.0757576__.jpg\",\"contentUrl\":\"https:\\\/\\\/avrupatv.eu\\\/wp-content\\\/uploads\\\/2025\\\/07\\\/https___static.nieuwsblad.be_Assets_Images_Upload_2019_09_11_98df57b6-d4c8-11e9-b385-1ae92c8458a7_web_scale_0.0757576_0.0757576__.jpg\",\"width\":960,\"height\":640},{\"@type\":\"BreadcrumbList\",\"@id\":\"https:\\\/\\\/avrupatv.eu\\\/index.php\\\/2025\\\/07\\\/16\\\/vlaanderen-hukumetinden-tartismali-karar-26-dini-topluluga-onay-32sine-ret\\\/#breadcrumb\",\"itemListElement\":[{\"@type\":\"ListItem\",\"position\":1,\"name\":\"Anasayfa\",\"item\":\"https:\\\/\\\/avrupatv.eu\\\/\"},{\"@type\":\"ListItem\",\"position\":2,\"name\":\"Vlaanderen H\u00fck\u00fcmetinden Tart\u0131\u015fmal\u0131 Karar: 26 Dini Toplulu\u011fa Onay, 32&#8217;sine Ret\"}]},{\"@type\":\"WebSite\",\"@id\":\"https:\\\/\\\/avrupatv.eu\\\/#website\",\"url\":\"https:\\\/\\\/avrupatv.eu\\\/\",\"name\":\"Avrupal\u0131 T\u00fcrklerin en Yeni Haber Portal\u0131\",\"description\":\"\",\"publisher\":{\"@id\":\"https:\\\/\\\/avrupatv.eu\\\/#organization\"},\"alternateName\":\"Avrupa tv\",\"potentialAction\":[{\"@type\":\"SearchAction\",\"target\":{\"@type\":\"EntryPoint\",\"urlTemplate\":\"https:\\\/\\\/avrupatv.eu\\\/?s={search_term_string}\"},\"query-input\":{\"@type\":\"PropertyValueSpecification\",\"valueRequired\":true,\"valueName\":\"search_term_string\"}}],\"inLanguage\":\"tr\"},{\"@type\":\"Organization\",\"@id\":\"https:\\\/\\\/avrupatv.eu\\\/#organization\",\"name\":\"Avrupa Haber\",\"url\":\"https:\\\/\\\/avrupatv.eu\\\/\",\"logo\":{\"@type\":\"ImageObject\",\"inLanguage\":\"tr\",\"@id\":\"https:\\\/\\\/avrupatv.eu\\\/#\\\/schema\\\/logo\\\/image\\\/\",\"url\":\"https:\\\/\\\/avrupatv.eu\\\/wp-content\\\/uploads\\\/2023\\\/10\\\/cropped-thumbnail_logo.png\",\"contentUrl\":\"https:\\\/\\\/avrupatv.eu\\\/wp-content\\\/uploads\\\/2023\\\/10\\\/cropped-thumbnail_logo.png\",\"width\":1025,\"height\":302,\"caption\":\"Avrupa Haber\"},\"image\":{\"@id\":\"https:\\\/\\\/avrupatv.eu\\\/#\\\/schema\\\/logo\\\/image\\\/\"}},{\"@type\":\"Person\",\"@id\":\"https:\\\/\\\/avrupatv.eu\\\/#\\\/schema\\\/person\\\/d56afa5d5569da4029d483da36c0c17d\",\"name\":\"Onur Akpinar\",\"image\":{\"@type\":\"ImageObject\",\"inLanguage\":\"tr\",\"@id\":\"https:\\\/\\\/secure.gravatar.com\\\/avatar\\\/67a1a0bdf34f82da209334e4684b7e7171a58a5a2b0a8f836b61044f5c1f5d6a?s=96&d=mm&r=g\",\"url\":\"https:\\\/\\\/secure.gravatar.com\\\/avatar\\\/67a1a0bdf34f82da209334e4684b7e7171a58a5a2b0a8f836b61044f5c1f5d6a?s=96&d=mm&r=g\",\"contentUrl\":\"https:\\\/\\\/secure.gravatar.com\\\/avatar\\\/67a1a0bdf34f82da209334e4684b7e7171a58a5a2b0a8f836b61044f5c1f5d6a?s=96&d=mm&r=g\",\"caption\":\"Onur Akpinar\"},\"url\":\"https:\\\/\\\/avrupatv.eu\\\/index.php\\\/author\\\/onur-akpinar\\\/\"}]}<\/script>\n<!-- \/ Yoast SEO plugin. -->","yoast_head_json":{"title":"Vlaanderen H\u00fck\u00fcmetinden Tart\u0131\u015fmal\u0131 Karar: 26 Dini Toplulu\u011fa Onay, 32'sine Ret - Avrupal\u0131 T\u00fcrklerin en Yeni Haber Portal\u0131","description":"Vlaanderen H\u00fck\u00fcmetinden Tart\u0131\u015fmal\u0131 Karar: 26 Dini Toplulu\u011fa Onay, 32'sine Ret","robots":{"index":"index","follow":"follow","max-snippet":"max-snippet:-1","max-image-preview":"max-image-preview:large","max-video-preview":"max-video-preview:-1"},"canonical":"https:\/\/avrupatv.eu\/index.php\/2025\/07\/16\/vlaanderen-hukumetinden-tartismali-karar-26-dini-topluluga-onay-32sine-ret\/","og_locale":"tr_TR","og_type":"article","og_title":"Vlaanderen H\u00fck\u00fcmetinden Tart\u0131\u015fmal\u0131 Karar: 26 Dini Toplulu\u011fa Onay, 32'sine Ret - Avrupal\u0131 T\u00fcrklerin en Yeni Haber Portal\u0131","og_description":"Vlaanderen H\u00fck\u00fcmetinden Tart\u0131\u015fmal\u0131 Karar: 26 Dini Toplulu\u011fa Onay, 32'sine Ret","og_url":"https:\/\/avrupatv.eu\/index.php\/2025\/07\/16\/vlaanderen-hukumetinden-tartismali-karar-26-dini-topluluga-onay-32sine-ret\/","og_site_name":"Avrupal\u0131 T\u00fcrklerin en Yeni Haber Portal\u0131","article_published_time":"2025-07-16T20:19:54+00:00","og_image":[{"width":960,"height":640,"url":"https:\/\/avrupatv.eu\/wp-content\/uploads\/2025\/07\/https___static.nieuwsblad.be_Assets_Images_Upload_2019_09_11_98df57b6-d4c8-11e9-b385-1ae92c8458a7_web_scale_0.0757576_0.0757576__.jpg","type":"image\/jpeg"}],"author":"Onur Akpinar","twitter_card":"summary_large_image","twitter_misc":{"Yazan:":"Onur Akpinar","Tahmini okuma s\u00fcresi":"2 dakika"},"schema":{"@context":"https:\/\/schema.org","@graph":[{"@type":"Article","@id":"https:\/\/avrupatv.eu\/index.php\/2025\/07\/16\/vlaanderen-hukumetinden-tartismali-karar-26-dini-topluluga-onay-32sine-ret\/#article","isPartOf":{"@id":"https:\/\/avrupatv.eu\/index.php\/2025\/07\/16\/vlaanderen-hukumetinden-tartismali-karar-26-dini-topluluga-onay-32sine-ret\/"},"author":{"name":"Onur Akpinar","@id":"https:\/\/avrupatv.eu\/#\/schema\/person\/d56afa5d5569da4029d483da36c0c17d"},"headline":"Vlaanderen H\u00fck\u00fcmetinden Tart\u0131\u015fmal\u0131 Karar: 26 Dini Toplulu\u011fa Onay, 32&#8217;sine Ret","datePublished":"2025-07-16T20:19:54+00:00","mainEntityOfPage":{"@id":"https:\/\/avrupatv.eu\/index.php\/2025\/07\/16\/vlaanderen-hukumetinden-tartismali-karar-26-dini-topluluga-onay-32sine-ret\/"},"wordCount":336,"commentCount":0,"publisher":{"@id":"https:\/\/avrupatv.eu\/#organization"},"image":{"@id":"https:\/\/avrupatv.eu\/index.php\/2025\/07\/16\/vlaanderen-hukumetinden-tartismali-karar-26-dini-topluluga-onay-32sine-ret\/#primaryimage"},"thumbnailUrl":"https:\/\/avrupatv.eu\/wp-content\/uploads\/2025\/07\/https___static.nieuwsblad.be_Assets_Images_Upload_2019_09_11_98df57b6-d4c8-11e9-b385-1ae92c8458a7_web_scale_0.0757576_0.0757576__.jpg","articleSection":["Avrupa","Bel\u00e7ika"],"inLanguage":"tr","potentialAction":[{"@type":"CommentAction","name":"Comment","target":["https:\/\/avrupatv.eu\/index.php\/2025\/07\/16\/vlaanderen-hukumetinden-tartismali-karar-26-dini-topluluga-onay-32sine-ret\/#respond"]}]},{"@type":"WebPage","@id":"https:\/\/avrupatv.eu\/index.php\/2025\/07\/16\/vlaanderen-hukumetinden-tartismali-karar-26-dini-topluluga-onay-32sine-ret\/","url":"https:\/\/avrupatv.eu\/index.php\/2025\/07\/16\/vlaanderen-hukumetinden-tartismali-karar-26-dini-topluluga-onay-32sine-ret\/","name":"Vlaanderen H\u00fck\u00fcmetinden Tart\u0131\u015fmal\u0131 Karar: 26 Dini Toplulu\u011fa Onay, 32'sine Ret - Avrupal\u0131 T\u00fcrklerin en Yeni Haber Portal\u0131","isPartOf":{"@id":"https:\/\/avrupatv.eu\/#website"},"primaryImageOfPage":{"@id":"https:\/\/avrupatv.eu\/index.php\/2025\/07\/16\/vlaanderen-hukumetinden-tartismali-karar-26-dini-topluluga-onay-32sine-ret\/#primaryimage"},"image":{"@id":"https:\/\/avrupatv.eu\/index.php\/2025\/07\/16\/vlaanderen-hukumetinden-tartismali-karar-26-dini-topluluga-onay-32sine-ret\/#primaryimage"},"thumbnailUrl":"https:\/\/avrupatv.eu\/wp-content\/uploads\/2025\/07\/https___static.nieuwsblad.be_Assets_Images_Upload_2019_09_11_98df57b6-d4c8-11e9-b385-1ae92c8458a7_web_scale_0.0757576_0.0757576__.jpg","datePublished":"2025-07-16T20:19:54+00:00","description":"Vlaanderen H\u00fck\u00fcmetinden Tart\u0131\u015fmal\u0131 Karar: 26 Dini Toplulu\u011fa Onay, 32'sine Ret","breadcrumb":{"@id":"https:\/\/avrupatv.eu\/index.php\/2025\/07\/16\/vlaanderen-hukumetinden-tartismali-karar-26-dini-topluluga-onay-32sine-ret\/#breadcrumb"},"inLanguage":"tr","potentialAction":[{"@type":"ReadAction","target":["https:\/\/avrupatv.eu\/index.php\/2025\/07\/16\/vlaanderen-hukumetinden-tartismali-karar-26-dini-topluluga-onay-32sine-ret\/"]}]},{"@type":"ImageObject","inLanguage":"tr","@id":"https:\/\/avrupatv.eu\/index.php\/2025\/07\/16\/vlaanderen-hukumetinden-tartismali-karar-26-dini-topluluga-onay-32sine-ret\/#primaryimage","url":"https:\/\/avrupatv.eu\/wp-content\/uploads\/2025\/07\/https___static.nieuwsblad.be_Assets_Images_Upload_2019_09_11_98df57b6-d4c8-11e9-b385-1ae92c8458a7_web_scale_0.0757576_0.0757576__.jpg","contentUrl":"https:\/\/avrupatv.eu\/wp-content\/uploads\/2025\/07\/https___static.nieuwsblad.be_Assets_Images_Upload_2019_09_11_98df57b6-d4c8-11e9-b385-1ae92c8458a7_web_scale_0.0757576_0.0757576__.jpg","width":960,"height":640},{"@type":"BreadcrumbList","@id":"https:\/\/avrupatv.eu\/index.php\/2025\/07\/16\/vlaanderen-hukumetinden-tartismali-karar-26-dini-topluluga-onay-32sine-ret\/#breadcrumb","itemListElement":[{"@type":"ListItem","position":1,"name":"Anasayfa","item":"https:\/\/avrupatv.eu\/"},{"@type":"ListItem","position":2,"name":"Vlaanderen H\u00fck\u00fcmetinden Tart\u0131\u015fmal\u0131 Karar: 26 Dini Toplulu\u011fa Onay, 32&#8217;sine Ret"}]},{"@type":"WebSite","@id":"https:\/\/avrupatv.eu\/#website","url":"https:\/\/avrupatv.eu\/","name":"Avrupal\u0131 T\u00fcrklerin en Yeni Haber Portal\u0131","description":"","publisher":{"@id":"https:\/\/avrupatv.eu\/#organization"},"alternateName":"Avrupa tv","potentialAction":[{"@type":"SearchAction","target":{"@type":"EntryPoint","urlTemplate":"https:\/\/avrupatv.eu\/?s={search_term_string}"},"query-input":{"@type":"PropertyValueSpecification","valueRequired":true,"valueName":"search_term_string"}}],"inLanguage":"tr"},{"@type":"Organization","@id":"https:\/\/avrupatv.eu\/#organization","name":"Avrupa Haber","url":"https:\/\/avrupatv.eu\/","logo":{"@type":"ImageObject","inLanguage":"tr","@id":"https:\/\/avrupatv.eu\/#\/schema\/logo\/image\/","url":"https:\/\/avrupatv.eu\/wp-content\/uploads\/2023\/10\/cropped-thumbnail_logo.png","contentUrl":"https:\/\/avrupatv.eu\/wp-content\/uploads\/2023\/10\/cropped-thumbnail_logo.png","width":1025,"height":302,"caption":"Avrupa Haber"},"image":{"@id":"https:\/\/avrupatv.eu\/#\/schema\/logo\/image\/"}},{"@type":"Person","@id":"https:\/\/avrupatv.eu\/#\/schema\/person\/d56afa5d5569da4029d483da36c0c17d","name":"Onur Akpinar","image":{"@type":"ImageObject","inLanguage":"tr","@id":"https:\/\/secure.gravatar.com\/avatar\/67a1a0bdf34f82da209334e4684b7e7171a58a5a2b0a8f836b61044f5c1f5d6a?s=96&d=mm&r=g","url":"https:\/\/secure.gravatar.com\/avatar\/67a1a0bdf34f82da209334e4684b7e7171a58a5a2b0a8f836b61044f5c1f5d6a?s=96&d=mm&r=g","contentUrl":"https:\/\/secure.gravatar.com\/avatar\/67a1a0bdf34f82da209334e4684b7e7171a58a5a2b0a8f836b61044f5c1f5d6a?s=96&d=mm&r=g","caption":"Onur Akpinar"},"url":"https:\/\/avrupatv.eu\/index.php\/author\/onur-akpinar\/"}]}},"_links":{"self":[{"href":"https:\/\/avrupatv.eu\/index.php\/wp-json\/wp\/v2\/posts\/1324","targetHints":{"allow":["GET"]}}],"collection":[{"href":"https:\/\/avrupatv.eu\/index.php\/wp-json\/wp\/v2\/posts"}],"about":[{"href":"https:\/\/avrupatv.eu\/index.php\/wp-json\/wp\/v2\/types\/post"}],"author":[{"embeddable":true,"href":"https:\/\/avrupatv.eu\/index.php\/wp-json\/wp\/v2\/users\/2"}],"replies":[{"embeddable":true,"href":"https:\/\/avrupatv.eu\/index.php\/wp-json\/wp\/v2\/comments?post=1324"}],"version-history":[{"count":1,"href":"https:\/\/avrupatv.eu\/index.php\/wp-json\/wp\/v2\/posts\/1324\/revisions"}],"predecessor-version":[{"id":1326,"href":"https:\/\/avrupatv.eu\/index.php\/wp-json\/wp\/v2\/posts\/1324\/revisions\/1326"}],"wp:featuredmedia":[{"embeddable":true,"href":"https:\/\/avrupatv.eu\/index.php\/wp-json\/wp\/v2\/media\/1325"}],"wp:attachment":[{"href":"https:\/\/avrupatv.eu\/index.php\/wp-json\/wp\/v2\/media?parent=1324"}],"wp:term":[{"taxonomy":"category","embeddable":true,"href":"https:\/\/avrupatv.eu\/index.php\/wp-json\/wp\/v2\/categories?post=1324"},{"taxonomy":"post_tag","embeddable":true,"href":"https:\/\/avrupatv.eu\/index.php\/wp-json\/wp\/v2\/tags?post=1324"}],"curies":[{"name":"wp","href":"https:\/\/api.w.org\/{rel}","templated":true}]}}