{"id":132,"date":"2023-11-04T20:05:07","date_gmt":"2023-11-04T20:05:07","guid":{"rendered":"https:\/\/avrupatv.eu\/?p=132"},"modified":"2023-11-04T20:05:07","modified_gmt":"2023-11-04T20:05:07","slug":"polat-ciftinin-tutuklamaya-sevk-gerekcesi-ortaya-cikti","status":"publish","type":"post","link":"https:\/\/avrupatv.eu\/index.php\/2023\/11\/04\/polat-ciftinin-tutuklamaya-sevk-gerekcesi-ortaya-cikti\/","title":{"rendered":"Polat \u00e7iftinin tutuklamaya sevk gerek\u00e7esi ortaya \u00e7\u0131kt\u0131"},"content":{"rendered":"\n<p>Dilan ve Engin Polat&#8217;\u0131n aralar\u0131nda bulundu\u011fu 16 \u015f\u00fcphelinin tutuklanma talebi ile sevk gerek\u00e7esi\u00a0<a href=\"https:\/\/www.dha.com.tr\/haberleri\/ortaya-cikti\" target=\"_blank\" rel=\"noreferrer noopener\">ortaya \u00e7\u0131kt\u0131<\/a>. Savc\u0131l\u0131k gerek\u00e7esinde, \u015f\u00fcpheli Ahmet G\u00fcn&#8217;\u00fcn tasfiye halindeki kendine ait 5 \u015firketten Dilan Polat&#8217;a ait firmaya ger\u00e7ek bir mal al\u0131\u015f ve sat\u0131\u015f olmadan de\u011fi\u015fik zamanlarda 98 milyon 657 bin, 25 milyon 337 bin lira, 20 milyon, 150 milyon ve 29 milyon lira sahte fatura d\u00fczenledi\u011fi belirtildi.<\/p>\n\n\n\n<p>Anadolu Cumhuriyet Ba\u015fsavc\u0131l\u0131\u011f\u0131nca, haklar\u0131nda &#8220;Su\u00e7 Gelirlerinin Aklanmas\u0131n\u0131n \u00d6nlenmesi, Vergi Usul Kanunu ile Futbol ve Di\u011fer Spor M\u00fcsabakalar\u0131nda Bahis ve \u015eans Oyunlar\u0131 D\u00fczenlenmesi kanunlar\u0131na muhalefet&#8221; su\u00e7lar\u0131ndan soru\u015fturma ba\u015flat\u0131lan Engin ve Dilan Polat \u00e7ifti, Mali Su\u00e7larla M\u00fccadele \u015eube M\u00fcd\u00fcrl\u00fc\u011f\u00fc taraf\u0131ndan yap\u0131lan operasyonla g\u00f6zalt\u0131na al\u0131nd\u0131. Operasyon kapsam\u0131nda toplam 24 \u015f\u00fcpheli yakalan\u0131rken, 18 \u015f\u00fcphelinin emniyetteki i\u015flemleri tamamland\u0131. 6 \u015f\u00fcphelinin emniyetteki i\u015flemleri devam ediyor. Adliyeye sevk edilen 18 \u015f\u00fcphelinin ifadeleri yakla\u015f\u0131k 4 saat s\u00fcrd\u00fc. Savc\u0131l\u0131k ifadelerinin ard\u0131ndan Engin Polat, Dilan Polat, S\u0131la Do\u011fu, Sezgin Polat, avukat Ahmet G\u00fcn, Alper K\u00fcr\u015fat Polat, Metin Y\u0131lmaz, G\u00fcrsel Y\u0131lmaz, Ye\u015fim Alt\u0131nkalem Dalk\u0131ran, Beyzanur G\u00fcn, Ceydanur G\u00fcn, Can Polat, Nilg\u00fcn Y\u0131lmaz, Halit Polat, Zekayi Tepe ve Can Do\u011fu tutuklama talebiyle sulh ceza hakimli\u011fine sevk edildi.<\/p>\n\n\n\n<p><strong>\u201cETK\u0130N P\u0130\u015eMAN \u015e\u00dcPHEL\u0130 \u0130FADES\u0130&#8221;<\/strong><\/p>\n\n\n\n<p>Savc\u0131l\u0131k tutuklama talebiyle hakimli\u011fe g\u00f6nderdi\u011fi sevk yaz\u0131s\u0131nda, \u015f\u00fcpheli Ahmet G\u00fcn&#8217;\u00fcn tasfiye halindeki kendine ait 5 \u015firketten Dilan Polat&#8217;a ait firmaya ger\u00e7ek bir mal al\u0131\u015f ve sat\u0131\u015f olmadan de\u011fi\u015fik zamanlarda 98 milyon 657 bin, 25 milyon 337 bin lira, 20 milyon, 150 milyon ve 29 milyon lira sahte fatura d\u00fczenledi\u011fini ifade etti. D\u00fczenlenen sahte faturalar\u0131n MASAK analiz raporunda da tespit edildi\u011fini belirten savc\u0131l\u0131k, \u201cMASAK analiz raporu, toplanan deliller ve etkin pi\u015fman \u015f\u00fcpheli ifadesi gibi t\u00fcm soru\u015fturma evrak\u0131 i\u00e7eri\u011finden \u015f\u00fcphelilerin \u00e7\u0131kar ama\u00e7l\u0131 su\u00e7 \u00f6rg\u00fct\u00fc faaliyeti kapsam\u0131nda sahte fatura ve belgelerle ger\u00e7ek bir i\u015fleme dayanmayan gelirlerini kurmu\u015f olduklar\u0131 \u00e7ok say\u0131da \u015firket \u00fczerinden i\u015fleme tabi tutarak; sonu\u00e7 olarak M\u0130LDA Gayrimenkul Otomotiv Sanayi ve Ticaret Anonim \u015firketi \u00fczerinden aklad\u0131klar\u0131 MASAK raporuna g\u00f6re 250 milyon oldu\u011fu anla\u015f\u0131lmakta&#8221; denildi.<\/p>\n","protected":false},"excerpt":{"rendered":"<p>Dilan ve Engin Polat&#8217;\u0131n aralar\u0131nda bulundu\u011fu 16 \u015f\u00fcphelinin tutuklanma talebi ile sevk gerek\u00e7esi\u00a0ortaya \u00e7\u0131kt\u0131. Savc\u0131l\u0131k gerek\u00e7esinde, \u015f\u00fcpheli Ahmet G\u00fcn&#8217;\u00fcn tasfiye halindeki kendine ait 5 \u015firketten Dilan Polat&#8217;a ait firmaya ger\u00e7ek bir mal al\u0131\u015f ve sat\u0131\u015f olmadan de\u011fi\u015fik zamanlarda 98 milyon 657 bin, 25 milyon 337 bin lira, 20 milyon, 150 milyon ve 29 milyon lira [&hellip;]<\/p>\n","protected":false},"author":2,"featured_media":127,"comment_status":"open","ping_status":"open","sticky":false,"template":"","format":"standard","meta":{"footnotes":""},"categories":[1,16,11],"tags":[],"class_list":["post-132","post","type-post","status-publish","format-standard","has-post-thumbnail","hentry","category-blog","category-magazin","category-turkiye"],"yoast_head":"<!-- This site is optimized with the Yoast SEO plugin v27.4 - https:\/\/yoast.com\/product\/yoast-seo-wordpress\/ -->\n<title>Polat \u00e7iftinin tutuklamaya sevk gerek\u00e7esi ortaya \u00e7\u0131kt\u0131 - Avrupal\u0131 T\u00fcrklerin en Yeni Haber Portal\u0131<\/title>\n<meta name=\"robots\" content=\"index, follow, max-snippet:-1, max-image-preview:large, max-video-preview:-1\" \/>\n<link rel=\"canonical\" href=\"https:\/\/avrupatv.eu\/index.php\/2023\/11\/04\/polat-ciftinin-tutuklamaya-sevk-gerekcesi-ortaya-cikti\/\" \/>\n<meta property=\"og:locale\" content=\"tr_TR\" \/>\n<meta property=\"og:type\" content=\"article\" \/>\n<meta property=\"og:title\" content=\"Polat \u00e7iftinin tutuklamaya sevk gerek\u00e7esi ortaya \u00e7\u0131kt\u0131 - Avrupal\u0131 T\u00fcrklerin en Yeni Haber Portal\u0131\" \/>\n<meta property=\"og:description\" content=\"Dilan ve Engin Polat&#8217;\u0131n aralar\u0131nda bulundu\u011fu 16 \u015f\u00fcphelinin tutuklanma talebi ile sevk gerek\u00e7esi\u00a0ortaya \u00e7\u0131kt\u0131. Savc\u0131l\u0131k gerek\u00e7esinde, \u015f\u00fcpheli Ahmet G\u00fcn&#8217;\u00fcn tasfiye halindeki kendine ait 5 \u015firketten Dilan Polat&#8217;a ait firmaya ger\u00e7ek bir mal al\u0131\u015f ve sat\u0131\u015f olmadan de\u011fi\u015fik zamanlarda 98 milyon 657 bin, 25 milyon 337 bin lira, 20 milyon, 150 milyon ve 29 milyon lira [&hellip;]\" \/>\n<meta property=\"og:url\" content=\"https:\/\/avrupatv.eu\/index.php\/2023\/11\/04\/polat-ciftinin-tutuklamaya-sevk-gerekcesi-ortaya-cikti\/\" \/>\n<meta property=\"og:site_name\" content=\"Avrupal\u0131 T\u00fcrklerin en Yeni Haber Portal\u0131\" \/>\n<meta property=\"article:published_time\" content=\"2023-11-04T20:05:07+00:00\" \/>\n<meta property=\"og:image\" content=\"https:\/\/avrupatv.eu\/wp-content\/uploads\/2023\/11\/dilan-polat-aa-2134018_1.jpg\" \/>\n\t<meta property=\"og:image:width\" content=\"800\" \/>\n\t<meta property=\"og:image:height\" content=\"450\" \/>\n\t<meta property=\"og:image:type\" content=\"image\/jpeg\" \/>\n<meta name=\"author\" content=\"Onur Akpinar\" \/>\n<meta name=\"twitter:card\" content=\"summary_large_image\" \/>\n<meta name=\"twitter:label1\" content=\"Yazan:\" \/>\n\t<meta name=\"twitter:data1\" content=\"Onur Akpinar\" \/>\n\t<meta name=\"twitter:label2\" content=\"Tahmini okuma s\u00fcresi\" \/>\n\t<meta name=\"twitter:data2\" content=\"2 dakika\" \/>\n<script type=\"application\/ld+json\" class=\"yoast-schema-graph\">{\"@context\":\"https:\\\/\\\/schema.org\",\"@graph\":[{\"@type\":\"Article\",\"@id\":\"https:\\\/\\\/avrupatv.eu\\\/index.php\\\/2023\\\/11\\\/04\\\/polat-ciftinin-tutuklamaya-sevk-gerekcesi-ortaya-cikti\\\/#article\",\"isPartOf\":{\"@id\":\"https:\\\/\\\/avrupatv.eu\\\/index.php\\\/2023\\\/11\\\/04\\\/polat-ciftinin-tutuklamaya-sevk-gerekcesi-ortaya-cikti\\\/\"},\"author\":{\"name\":\"Onur Akpinar\",\"@id\":\"https:\\\/\\\/avrupatv.eu\\\/#\\\/schema\\\/person\\\/d56afa5d5569da4029d483da36c0c17d\"},\"headline\":\"Polat \u00e7iftinin tutuklamaya sevk gerek\u00e7esi ortaya \u00e7\u0131kt\u0131\",\"datePublished\":\"2023-11-04T20:05:07+00:00\",\"mainEntityOfPage\":{\"@id\":\"https:\\\/\\\/avrupatv.eu\\\/index.php\\\/2023\\\/11\\\/04\\\/polat-ciftinin-tutuklamaya-sevk-gerekcesi-ortaya-cikti\\\/\"},\"wordCount\":391,\"commentCount\":0,\"publisher\":{\"@id\":\"https:\\\/\\\/avrupatv.eu\\\/#organization\"},\"image\":{\"@id\":\"https:\\\/\\\/avrupatv.eu\\\/index.php\\\/2023\\\/11\\\/04\\\/polat-ciftinin-tutuklamaya-sevk-gerekcesi-ortaya-cikti\\\/#primaryimage\"},\"thumbnailUrl\":\"https:\\\/\\\/avrupatv.eu\\\/wp-content\\\/uploads\\\/2023\\\/11\\\/dilan-polat-aa-2134018_1.jpg\",\"articleSection\":[\"Blog\",\"Magazin\",\"T\u00fcrkiye\"],\"inLanguage\":\"tr\",\"potentialAction\":[{\"@type\":\"CommentAction\",\"name\":\"Comment\",\"target\":[\"https:\\\/\\\/avrupatv.eu\\\/index.php\\\/2023\\\/11\\\/04\\\/polat-ciftinin-tutuklamaya-sevk-gerekcesi-ortaya-cikti\\\/#respond\"]}]},{\"@type\":\"WebPage\",\"@id\":\"https:\\\/\\\/avrupatv.eu\\\/index.php\\\/2023\\\/11\\\/04\\\/polat-ciftinin-tutuklamaya-sevk-gerekcesi-ortaya-cikti\\\/\",\"url\":\"https:\\\/\\\/avrupatv.eu\\\/index.php\\\/2023\\\/11\\\/04\\\/polat-ciftinin-tutuklamaya-sevk-gerekcesi-ortaya-cikti\\\/\",\"name\":\"Polat \u00e7iftinin tutuklamaya sevk gerek\u00e7esi ortaya \u00e7\u0131kt\u0131 - Avrupal\u0131 T\u00fcrklerin en Yeni Haber Portal\u0131\",\"isPartOf\":{\"@id\":\"https:\\\/\\\/avrupatv.eu\\\/#website\"},\"primaryImageOfPage\":{\"@id\":\"https:\\\/\\\/avrupatv.eu\\\/index.php\\\/2023\\\/11\\\/04\\\/polat-ciftinin-tutuklamaya-sevk-gerekcesi-ortaya-cikti\\\/#primaryimage\"},\"image\":{\"@id\":\"https:\\\/\\\/avrupatv.eu\\\/index.php\\\/2023\\\/11\\\/04\\\/polat-ciftinin-tutuklamaya-sevk-gerekcesi-ortaya-cikti\\\/#primaryimage\"},\"thumbnailUrl\":\"https:\\\/\\\/avrupatv.eu\\\/wp-content\\\/uploads\\\/2023\\\/11\\\/dilan-polat-aa-2134018_1.jpg\",\"datePublished\":\"2023-11-04T20:05:07+00:00\",\"breadcrumb\":{\"@id\":\"https:\\\/\\\/avrupatv.eu\\\/index.php\\\/2023\\\/11\\\/04\\\/polat-ciftinin-tutuklamaya-sevk-gerekcesi-ortaya-cikti\\\/#breadcrumb\"},\"inLanguage\":\"tr\",\"potentialAction\":[{\"@type\":\"ReadAction\",\"target\":[\"https:\\\/\\\/avrupatv.eu\\\/index.php\\\/2023\\\/11\\\/04\\\/polat-ciftinin-tutuklamaya-sevk-gerekcesi-ortaya-cikti\\\/\"]}]},{\"@type\":\"ImageObject\",\"inLanguage\":\"tr\",\"@id\":\"https:\\\/\\\/avrupatv.eu\\\/index.php\\\/2023\\\/11\\\/04\\\/polat-ciftinin-tutuklamaya-sevk-gerekcesi-ortaya-cikti\\\/#primaryimage\",\"url\":\"https:\\\/\\\/avrupatv.eu\\\/wp-content\\\/uploads\\\/2023\\\/11\\\/dilan-polat-aa-2134018_1.jpg\",\"contentUrl\":\"https:\\\/\\\/avrupatv.eu\\\/wp-content\\\/uploads\\\/2023\\\/11\\\/dilan-polat-aa-2134018_1.jpg\",\"width\":800,\"height\":450},{\"@type\":\"BreadcrumbList\",\"@id\":\"https:\\\/\\\/avrupatv.eu\\\/index.php\\\/2023\\\/11\\\/04\\\/polat-ciftinin-tutuklamaya-sevk-gerekcesi-ortaya-cikti\\\/#breadcrumb\",\"itemListElement\":[{\"@type\":\"ListItem\",\"position\":1,\"name\":\"Anasayfa\",\"item\":\"https:\\\/\\\/avrupatv.eu\\\/\"},{\"@type\":\"ListItem\",\"position\":2,\"name\":\"Polat \u00e7iftinin tutuklamaya sevk gerek\u00e7esi ortaya \u00e7\u0131kt\u0131\"}]},{\"@type\":\"WebSite\",\"@id\":\"https:\\\/\\\/avrupatv.eu\\\/#website\",\"url\":\"https:\\\/\\\/avrupatv.eu\\\/\",\"name\":\"Avrupal\u0131 T\u00fcrklerin en Yeni Haber Portal\u0131\",\"description\":\"\",\"publisher\":{\"@id\":\"https:\\\/\\\/avrupatv.eu\\\/#organization\"},\"alternateName\":\"Avrupa tv\",\"potentialAction\":[{\"@type\":\"SearchAction\",\"target\":{\"@type\":\"EntryPoint\",\"urlTemplate\":\"https:\\\/\\\/avrupatv.eu\\\/?s={search_term_string}\"},\"query-input\":{\"@type\":\"PropertyValueSpecification\",\"valueRequired\":true,\"valueName\":\"search_term_string\"}}],\"inLanguage\":\"tr\"},{\"@type\":\"Organization\",\"@id\":\"https:\\\/\\\/avrupatv.eu\\\/#organization\",\"name\":\"Avrupa Haber\",\"url\":\"https:\\\/\\\/avrupatv.eu\\\/\",\"logo\":{\"@type\":\"ImageObject\",\"inLanguage\":\"tr\",\"@id\":\"https:\\\/\\\/avrupatv.eu\\\/#\\\/schema\\\/logo\\\/image\\\/\",\"url\":\"https:\\\/\\\/avrupatv.eu\\\/wp-content\\\/uploads\\\/2023\\\/10\\\/cropped-thumbnail_logo.png\",\"contentUrl\":\"https:\\\/\\\/avrupatv.eu\\\/wp-content\\\/uploads\\\/2023\\\/10\\\/cropped-thumbnail_logo.png\",\"width\":1025,\"height\":302,\"caption\":\"Avrupa Haber\"},\"image\":{\"@id\":\"https:\\\/\\\/avrupatv.eu\\\/#\\\/schema\\\/logo\\\/image\\\/\"}},{\"@type\":\"Person\",\"@id\":\"https:\\\/\\\/avrupatv.eu\\\/#\\\/schema\\\/person\\\/d56afa5d5569da4029d483da36c0c17d\",\"name\":\"Onur Akpinar\",\"image\":{\"@type\":\"ImageObject\",\"inLanguage\":\"tr\",\"@id\":\"https:\\\/\\\/secure.gravatar.com\\\/avatar\\\/67a1a0bdf34f82da209334e4684b7e7171a58a5a2b0a8f836b61044f5c1f5d6a?s=96&d=mm&r=g\",\"url\":\"https:\\\/\\\/secure.gravatar.com\\\/avatar\\\/67a1a0bdf34f82da209334e4684b7e7171a58a5a2b0a8f836b61044f5c1f5d6a?s=96&d=mm&r=g\",\"contentUrl\":\"https:\\\/\\\/secure.gravatar.com\\\/avatar\\\/67a1a0bdf34f82da209334e4684b7e7171a58a5a2b0a8f836b61044f5c1f5d6a?s=96&d=mm&r=g\",\"caption\":\"Onur Akpinar\"},\"url\":\"https:\\\/\\\/avrupatv.eu\\\/index.php\\\/author\\\/onur-akpinar\\\/\"}]}<\/script>\n<!-- \/ Yoast SEO plugin. -->","yoast_head_json":{"title":"Polat \u00e7iftinin tutuklamaya sevk gerek\u00e7esi ortaya \u00e7\u0131kt\u0131 - Avrupal\u0131 T\u00fcrklerin en Yeni Haber Portal\u0131","robots":{"index":"index","follow":"follow","max-snippet":"max-snippet:-1","max-image-preview":"max-image-preview:large","max-video-preview":"max-video-preview:-1"},"canonical":"https:\/\/avrupatv.eu\/index.php\/2023\/11\/04\/polat-ciftinin-tutuklamaya-sevk-gerekcesi-ortaya-cikti\/","og_locale":"tr_TR","og_type":"article","og_title":"Polat \u00e7iftinin tutuklamaya sevk gerek\u00e7esi ortaya \u00e7\u0131kt\u0131 - Avrupal\u0131 T\u00fcrklerin en Yeni Haber Portal\u0131","og_description":"Dilan ve Engin Polat&#8217;\u0131n aralar\u0131nda bulundu\u011fu 16 \u015f\u00fcphelinin tutuklanma talebi ile sevk gerek\u00e7esi\u00a0ortaya \u00e7\u0131kt\u0131. Savc\u0131l\u0131k gerek\u00e7esinde, \u015f\u00fcpheli Ahmet G\u00fcn&#8217;\u00fcn tasfiye halindeki kendine ait 5 \u015firketten Dilan Polat&#8217;a ait firmaya ger\u00e7ek bir mal al\u0131\u015f ve sat\u0131\u015f olmadan de\u011fi\u015fik zamanlarda 98 milyon 657 bin, 25 milyon 337 bin lira, 20 milyon, 150 milyon ve 29 milyon lira [&hellip;]","og_url":"https:\/\/avrupatv.eu\/index.php\/2023\/11\/04\/polat-ciftinin-tutuklamaya-sevk-gerekcesi-ortaya-cikti\/","og_site_name":"Avrupal\u0131 T\u00fcrklerin en Yeni Haber Portal\u0131","article_published_time":"2023-11-04T20:05:07+00:00","og_image":[{"width":800,"height":450,"url":"https:\/\/avrupatv.eu\/wp-content\/uploads\/2023\/11\/dilan-polat-aa-2134018_1.jpg","type":"image\/jpeg"}],"author":"Onur Akpinar","twitter_card":"summary_large_image","twitter_misc":{"Yazan:":"Onur Akpinar","Tahmini okuma s\u00fcresi":"2 dakika"},"schema":{"@context":"https:\/\/schema.org","@graph":[{"@type":"Article","@id":"https:\/\/avrupatv.eu\/index.php\/2023\/11\/04\/polat-ciftinin-tutuklamaya-sevk-gerekcesi-ortaya-cikti\/#article","isPartOf":{"@id":"https:\/\/avrupatv.eu\/index.php\/2023\/11\/04\/polat-ciftinin-tutuklamaya-sevk-gerekcesi-ortaya-cikti\/"},"author":{"name":"Onur Akpinar","@id":"https:\/\/avrupatv.eu\/#\/schema\/person\/d56afa5d5569da4029d483da36c0c17d"},"headline":"Polat \u00e7iftinin tutuklamaya sevk gerek\u00e7esi ortaya \u00e7\u0131kt\u0131","datePublished":"2023-11-04T20:05:07+00:00","mainEntityOfPage":{"@id":"https:\/\/avrupatv.eu\/index.php\/2023\/11\/04\/polat-ciftinin-tutuklamaya-sevk-gerekcesi-ortaya-cikti\/"},"wordCount":391,"commentCount":0,"publisher":{"@id":"https:\/\/avrupatv.eu\/#organization"},"image":{"@id":"https:\/\/avrupatv.eu\/index.php\/2023\/11\/04\/polat-ciftinin-tutuklamaya-sevk-gerekcesi-ortaya-cikti\/#primaryimage"},"thumbnailUrl":"https:\/\/avrupatv.eu\/wp-content\/uploads\/2023\/11\/dilan-polat-aa-2134018_1.jpg","articleSection":["Blog","Magazin","T\u00fcrkiye"],"inLanguage":"tr","potentialAction":[{"@type":"CommentAction","name":"Comment","target":["https:\/\/avrupatv.eu\/index.php\/2023\/11\/04\/polat-ciftinin-tutuklamaya-sevk-gerekcesi-ortaya-cikti\/#respond"]}]},{"@type":"WebPage","@id":"https:\/\/avrupatv.eu\/index.php\/2023\/11\/04\/polat-ciftinin-tutuklamaya-sevk-gerekcesi-ortaya-cikti\/","url":"https:\/\/avrupatv.eu\/index.php\/2023\/11\/04\/polat-ciftinin-tutuklamaya-sevk-gerekcesi-ortaya-cikti\/","name":"Polat \u00e7iftinin tutuklamaya sevk gerek\u00e7esi ortaya \u00e7\u0131kt\u0131 - Avrupal\u0131 T\u00fcrklerin en Yeni Haber Portal\u0131","isPartOf":{"@id":"https:\/\/avrupatv.eu\/#website"},"primaryImageOfPage":{"@id":"https:\/\/avrupatv.eu\/index.php\/2023\/11\/04\/polat-ciftinin-tutuklamaya-sevk-gerekcesi-ortaya-cikti\/#primaryimage"},"image":{"@id":"https:\/\/avrupatv.eu\/index.php\/2023\/11\/04\/polat-ciftinin-tutuklamaya-sevk-gerekcesi-ortaya-cikti\/#primaryimage"},"thumbnailUrl":"https:\/\/avrupatv.eu\/wp-content\/uploads\/2023\/11\/dilan-polat-aa-2134018_1.jpg","datePublished":"2023-11-04T20:05:07+00:00","breadcrumb":{"@id":"https:\/\/avrupatv.eu\/index.php\/2023\/11\/04\/polat-ciftinin-tutuklamaya-sevk-gerekcesi-ortaya-cikti\/#breadcrumb"},"inLanguage":"tr","potentialAction":[{"@type":"ReadAction","target":["https:\/\/avrupatv.eu\/index.php\/2023\/11\/04\/polat-ciftinin-tutuklamaya-sevk-gerekcesi-ortaya-cikti\/"]}]},{"@type":"ImageObject","inLanguage":"tr","@id":"https:\/\/avrupatv.eu\/index.php\/2023\/11\/04\/polat-ciftinin-tutuklamaya-sevk-gerekcesi-ortaya-cikti\/#primaryimage","url":"https:\/\/avrupatv.eu\/wp-content\/uploads\/2023\/11\/dilan-polat-aa-2134018_1.jpg","contentUrl":"https:\/\/avrupatv.eu\/wp-content\/uploads\/2023\/11\/dilan-polat-aa-2134018_1.jpg","width":800,"height":450},{"@type":"BreadcrumbList","@id":"https:\/\/avrupatv.eu\/index.php\/2023\/11\/04\/polat-ciftinin-tutuklamaya-sevk-gerekcesi-ortaya-cikti\/#breadcrumb","itemListElement":[{"@type":"ListItem","position":1,"name":"Anasayfa","item":"https:\/\/avrupatv.eu\/"},{"@type":"ListItem","position":2,"name":"Polat \u00e7iftinin tutuklamaya sevk gerek\u00e7esi ortaya \u00e7\u0131kt\u0131"}]},{"@type":"WebSite","@id":"https:\/\/avrupatv.eu\/#website","url":"https:\/\/avrupatv.eu\/","name":"Avrupal\u0131 T\u00fcrklerin en Yeni Haber Portal\u0131","description":"","publisher":{"@id":"https:\/\/avrupatv.eu\/#organization"},"alternateName":"Avrupa tv","potentialAction":[{"@type":"SearchAction","target":{"@type":"EntryPoint","urlTemplate":"https:\/\/avrupatv.eu\/?s={search_term_string}"},"query-input":{"@type":"PropertyValueSpecification","valueRequired":true,"valueName":"search_term_string"}}],"inLanguage":"tr"},{"@type":"Organization","@id":"https:\/\/avrupatv.eu\/#organization","name":"Avrupa Haber","url":"https:\/\/avrupatv.eu\/","logo":{"@type":"ImageObject","inLanguage":"tr","@id":"https:\/\/avrupatv.eu\/#\/schema\/logo\/image\/","url":"https:\/\/avrupatv.eu\/wp-content\/uploads\/2023\/10\/cropped-thumbnail_logo.png","contentUrl":"https:\/\/avrupatv.eu\/wp-content\/uploads\/2023\/10\/cropped-thumbnail_logo.png","width":1025,"height":302,"caption":"Avrupa Haber"},"image":{"@id":"https:\/\/avrupatv.eu\/#\/schema\/logo\/image\/"}},{"@type":"Person","@id":"https:\/\/avrupatv.eu\/#\/schema\/person\/d56afa5d5569da4029d483da36c0c17d","name":"Onur Akpinar","image":{"@type":"ImageObject","inLanguage":"tr","@id":"https:\/\/secure.gravatar.com\/avatar\/67a1a0bdf34f82da209334e4684b7e7171a58a5a2b0a8f836b61044f5c1f5d6a?s=96&d=mm&r=g","url":"https:\/\/secure.gravatar.com\/avatar\/67a1a0bdf34f82da209334e4684b7e7171a58a5a2b0a8f836b61044f5c1f5d6a?s=96&d=mm&r=g","contentUrl":"https:\/\/secure.gravatar.com\/avatar\/67a1a0bdf34f82da209334e4684b7e7171a58a5a2b0a8f836b61044f5c1f5d6a?s=96&d=mm&r=g","caption":"Onur Akpinar"},"url":"https:\/\/avrupatv.eu\/index.php\/author\/onur-akpinar\/"}]}},"_links":{"self":[{"href":"https:\/\/avrupatv.eu\/index.php\/wp-json\/wp\/v2\/posts\/132","targetHints":{"allow":["GET"]}}],"collection":[{"href":"https:\/\/avrupatv.eu\/index.php\/wp-json\/wp\/v2\/posts"}],"about":[{"href":"https:\/\/avrupatv.eu\/index.php\/wp-json\/wp\/v2\/types\/post"}],"author":[{"embeddable":true,"href":"https:\/\/avrupatv.eu\/index.php\/wp-json\/wp\/v2\/users\/2"}],"replies":[{"embeddable":true,"href":"https:\/\/avrupatv.eu\/index.php\/wp-json\/wp\/v2\/comments?post=132"}],"version-history":[{"count":1,"href":"https:\/\/avrupatv.eu\/index.php\/wp-json\/wp\/v2\/posts\/132\/revisions"}],"predecessor-version":[{"id":133,"href":"https:\/\/avrupatv.eu\/index.php\/wp-json\/wp\/v2\/posts\/132\/revisions\/133"}],"wp:featuredmedia":[{"embeddable":true,"href":"https:\/\/avrupatv.eu\/index.php\/wp-json\/wp\/v2\/media\/127"}],"wp:attachment":[{"href":"https:\/\/avrupatv.eu\/index.php\/wp-json\/wp\/v2\/media?parent=132"}],"wp:term":[{"taxonomy":"category","embeddable":true,"href":"https:\/\/avrupatv.eu\/index.php\/wp-json\/wp\/v2\/categories?post=132"},{"taxonomy":"post_tag","embeddable":true,"href":"https:\/\/avrupatv.eu\/index.php\/wp-json\/wp\/v2\/tags?post=132"}],"curies":[{"name":"wp","href":"https:\/\/api.w.org\/{rel}","templated":true}]}}