{"id":1300,"date":"2025-07-12T21:20:45","date_gmt":"2025-07-12T21:20:45","guid":{"rendered":"https:\/\/avrupatv.eu\/?p=1300"},"modified":"2025-07-12T21:20:46","modified_gmt":"2025-07-12T21:20:46","slug":"belcikanin-taninan-ismi-ve-yillarin-stk-yoneticisi-hakan-celikozun-aci-gunu","status":"publish","type":"post","link":"https:\/\/avrupatv.eu\/index.php\/2025\/07\/12\/belcikanin-taninan-ismi-ve-yillarin-stk-yoneticisi-hakan-celikozun-aci-gunu\/","title":{"rendered":"Bel\u00e7ika\u2019n\u0131n Tan\u0131nan \u0130smi ve Y\u0131llar\u0131n STK Y\u00f6neticisi Hakan \u00c7elik\u00f6z\u2019\u00fcn Ac\u0131 G\u00fcn\u00fc"},"content":{"rendered":"\n<p>Bel\u00e7ika\u2019n\u0131n Tan\u0131nan \u0130smi ve Y\u0131llar\u0131n STK Y\u00f6neticisi Hakan \u00c7elik\u00f6z\u2019\u00fcn Ac\u0131 G\u00fcn\u00fc<\/p>\n\n\n\n<p><br><strong>Genk b\u00f6lgesinde bir \u00e7\u0131nar daha devrildi\u2026<\/strong><\/p>\n\n\n\n<p>Bel\u00e7ika T\u00fcrk toplumunun yak\u0131ndan tan\u0131d\u0131\u011f\u0131 sivil toplum g\u00f6n\u00fcll\u00fcs\u00fc Hakan \u00c7elik\u00f6z, derin bir ac\u0131yla sars\u0131ld\u0131. Kolderbos b\u00f6lgesinin sevilen isimlerinden, \u00c7orumlu \u015eahin \u00c7elik\u00f6z hayat\u0131n\u0131 kaybetti.<\/p>\n\n\n\n<p>Merhum \u015eahin \u00c7elik\u00f6z, gerek ailesi gerek \u00e7evresi taraf\u0131ndan sayg\u0131yla an\u0131lan, \u00f6rnek ki\u015fili\u011fiyle haf\u0131zalarda yer eden bir isimdi. Vefat haberi, sadece ailesini de\u011fil, Genk\u2019teki geni\u015f T\u00fcrk toplumunu da yasa bo\u011fdu.<\/p>\n\n\n\n<p>Merhum, daha \u00f6nce vefat eden e\u015fi Fati \u00c7elik\u00f6z ile birlikte hayat\u0131n\u0131 Genk\u2019te s\u00fcrd\u00fcrm\u00fc\u015f, \u00e7ocuklar\u0131 Hakan ve Elvan \u00c7elik\u00f6z ile torunlar\u0131 Kaan Batu, Mikail, \u00c7a\u011flar \u015eahin, Tuana Ya\u011fmur, Haktan S\u00fcha ve Ceylin Sude \u00c7elik\u00f6z&#8217;\u00fc gururla b\u00fcy\u00fctm\u00fc\u015ft\u00fc.<\/p>\n\n\n\n<p>Cenaze namaz\u0131 14 Temmuz 2025 Pazartesi g\u00fcn\u00fc, \u00f6\u011fle namaz\u0131n\u0131 m\u00fcteakip Kolderbos Y\u0131ld\u0131r\u0131m Beyaz\u0131t Camii\u2019nde k\u0131l\u0131nacak, ard\u0131ndan Genk M\u00fcsl\u00fcman Mezarl\u0131\u011f\u0131\u2019na defnedilecektir.<\/p>\n\n\n\n<p>Avrupa TV olarak, merhuma Allah\u2019tan rahmet; ba\u015fta Hakan \u00c7elik\u00f6z olmak \u00fczere t\u00fcm ailesine ve sevenlerine sab\u0131rlar diliyoruz.<\/p>\n\n\n\n<p>\u0130nna lillahi ve inna ileyhi raciun.<\/p>\n","protected":false},"excerpt":{"rendered":"<p>Bel\u00e7ika\u2019n\u0131n Tan\u0131nan \u0130smi ve Y\u0131llar\u0131n STK Y\u00f6neticisi Hakan \u00c7elik\u00f6z\u2019\u00fcn Ac\u0131 G\u00fcn\u00fc Genk b\u00f6lgesinde bir \u00e7\u0131nar daha devrildi\u2026 Bel\u00e7ika T\u00fcrk toplumunun yak\u0131ndan tan\u0131d\u0131\u011f\u0131 sivil toplum g\u00f6n\u00fcll\u00fcs\u00fc Hakan \u00c7elik\u00f6z, derin bir ac\u0131yla sars\u0131ld\u0131. Kolderbos b\u00f6lgesinin sevilen isimlerinden, \u00c7orumlu \u015eahin \u00c7elik\u00f6z hayat\u0131n\u0131 kaybetti. Merhum \u015eahin \u00c7elik\u00f6z, gerek ailesi gerek \u00e7evresi taraf\u0131ndan sayg\u0131yla an\u0131lan, \u00f6rnek ki\u015fili\u011fiyle haf\u0131zalarda yer eden [&hellip;]<\/p>\n","protected":false},"author":2,"featured_media":1301,"comment_status":"open","ping_status":"open","sticky":false,"template":"","format":"standard","meta":{"footnotes":""},"categories":[1],"tags":[],"class_list":["post-1300","post","type-post","status-publish","format-standard","has-post-thumbnail","hentry","category-blog"],"yoast_head":"<!-- This site is optimized with the Yoast SEO plugin v27.4 - https:\/\/yoast.com\/product\/yoast-seo-wordpress\/ -->\n<title>Bel\u00e7ika\u2019n\u0131n Tan\u0131nan \u0130smi ve Y\u0131llar\u0131n STK Y\u00f6neticisi Hakan \u00c7elik\u00f6z\u2019\u00fcn Ac\u0131 G\u00fcn\u00fc - Avrupal\u0131 T\u00fcrklerin en Yeni Haber Portal\u0131<\/title>\n<meta name=\"robots\" content=\"index, follow, max-snippet:-1, max-image-preview:large, max-video-preview:-1\" \/>\n<link rel=\"canonical\" href=\"https:\/\/avrupatv.eu\/index.php\/2025\/07\/12\/belcikanin-taninan-ismi-ve-yillarin-stk-yoneticisi-hakan-celikozun-aci-gunu\/\" \/>\n<meta property=\"og:locale\" content=\"tr_TR\" \/>\n<meta property=\"og:type\" content=\"article\" \/>\n<meta property=\"og:title\" content=\"Bel\u00e7ika\u2019n\u0131n Tan\u0131nan \u0130smi ve Y\u0131llar\u0131n STK Y\u00f6neticisi Hakan \u00c7elik\u00f6z\u2019\u00fcn Ac\u0131 G\u00fcn\u00fc - Avrupal\u0131 T\u00fcrklerin en Yeni Haber Portal\u0131\" \/>\n<meta property=\"og:description\" content=\"Bel\u00e7ika\u2019n\u0131n Tan\u0131nan \u0130smi ve Y\u0131llar\u0131n STK Y\u00f6neticisi Hakan \u00c7elik\u00f6z\u2019\u00fcn Ac\u0131 G\u00fcn\u00fc Genk b\u00f6lgesinde bir \u00e7\u0131nar daha devrildi\u2026 Bel\u00e7ika T\u00fcrk toplumunun yak\u0131ndan tan\u0131d\u0131\u011f\u0131 sivil toplum g\u00f6n\u00fcll\u00fcs\u00fc Hakan \u00c7elik\u00f6z, derin bir ac\u0131yla sars\u0131ld\u0131. Kolderbos b\u00f6lgesinin sevilen isimlerinden, \u00c7orumlu \u015eahin \u00c7elik\u00f6z hayat\u0131n\u0131 kaybetti. Merhum \u015eahin \u00c7elik\u00f6z, gerek ailesi gerek \u00e7evresi taraf\u0131ndan sayg\u0131yla an\u0131lan, \u00f6rnek ki\u015fili\u011fiyle haf\u0131zalarda yer eden [&hellip;]\" \/>\n<meta property=\"og:url\" content=\"https:\/\/avrupatv.eu\/index.php\/2025\/07\/12\/belcikanin-taninan-ismi-ve-yillarin-stk-yoneticisi-hakan-celikozun-aci-gunu\/\" \/>\n<meta property=\"og:site_name\" content=\"Avrupal\u0131 T\u00fcrklerin en Yeni Haber Portal\u0131\" \/>\n<meta property=\"article:published_time\" content=\"2025-07-12T21:20:45+00:00\" \/>\n<meta property=\"article:modified_time\" content=\"2025-07-12T21:20:46+00:00\" \/>\n<meta property=\"og:image\" content=\"https:\/\/avrupatv.eu\/wp-content\/uploads\/2025\/07\/IMG-20250712-WA0007.jpg\" \/>\n\t<meta property=\"og:image:width\" content=\"640\" \/>\n\t<meta property=\"og:image:height\" content=\"640\" \/>\n\t<meta property=\"og:image:type\" content=\"image\/jpeg\" \/>\n<meta name=\"author\" content=\"Onur Akpinar\" \/>\n<meta name=\"twitter:card\" content=\"summary_large_image\" \/>\n<meta name=\"twitter:label1\" content=\"Yazan:\" \/>\n\t<meta name=\"twitter:data1\" content=\"Onur Akpinar\" \/>\n\t<meta name=\"twitter:label2\" content=\"Tahmini okuma s\u00fcresi\" \/>\n\t<meta name=\"twitter:data2\" content=\"2 dakika\" \/>\n<script type=\"application\/ld+json\" class=\"yoast-schema-graph\">{\"@context\":\"https:\\\/\\\/schema.org\",\"@graph\":[{\"@type\":\"Article\",\"@id\":\"https:\\\/\\\/avrupatv.eu\\\/index.php\\\/2025\\\/07\\\/12\\\/belcikanin-taninan-ismi-ve-yillarin-stk-yoneticisi-hakan-celikozun-aci-gunu\\\/#article\",\"isPartOf\":{\"@id\":\"https:\\\/\\\/avrupatv.eu\\\/index.php\\\/2025\\\/07\\\/12\\\/belcikanin-taninan-ismi-ve-yillarin-stk-yoneticisi-hakan-celikozun-aci-gunu\\\/\"},\"author\":{\"name\":\"Onur Akpinar\",\"@id\":\"https:\\\/\\\/avrupatv.eu\\\/#\\\/schema\\\/person\\\/d56afa5d5569da4029d483da36c0c17d\"},\"headline\":\"Bel\u00e7ika\u2019n\u0131n Tan\u0131nan \u0130smi ve Y\u0131llar\u0131n STK Y\u00f6neticisi Hakan \u00c7elik\u00f6z\u2019\u00fcn Ac\u0131 G\u00fcn\u00fc\",\"datePublished\":\"2025-07-12T21:20:45+00:00\",\"dateModified\":\"2025-07-12T21:20:46+00:00\",\"mainEntityOfPage\":{\"@id\":\"https:\\\/\\\/avrupatv.eu\\\/index.php\\\/2025\\\/07\\\/12\\\/belcikanin-taninan-ismi-ve-yillarin-stk-yoneticisi-hakan-celikozun-aci-gunu\\\/\"},\"wordCount\":234,\"commentCount\":0,\"publisher\":{\"@id\":\"https:\\\/\\\/avrupatv.eu\\\/#organization\"},\"image\":{\"@id\":\"https:\\\/\\\/avrupatv.eu\\\/index.php\\\/2025\\\/07\\\/12\\\/belcikanin-taninan-ismi-ve-yillarin-stk-yoneticisi-hakan-celikozun-aci-gunu\\\/#primaryimage\"},\"thumbnailUrl\":\"https:\\\/\\\/avrupatv.eu\\\/wp-content\\\/uploads\\\/2025\\\/07\\\/IMG-20250712-WA0007.jpg\",\"articleSection\":[\"Blog\"],\"inLanguage\":\"tr\",\"potentialAction\":[{\"@type\":\"CommentAction\",\"name\":\"Comment\",\"target\":[\"https:\\\/\\\/avrupatv.eu\\\/index.php\\\/2025\\\/07\\\/12\\\/belcikanin-taninan-ismi-ve-yillarin-stk-yoneticisi-hakan-celikozun-aci-gunu\\\/#respond\"]}]},{\"@type\":\"WebPage\",\"@id\":\"https:\\\/\\\/avrupatv.eu\\\/index.php\\\/2025\\\/07\\\/12\\\/belcikanin-taninan-ismi-ve-yillarin-stk-yoneticisi-hakan-celikozun-aci-gunu\\\/\",\"url\":\"https:\\\/\\\/avrupatv.eu\\\/index.php\\\/2025\\\/07\\\/12\\\/belcikanin-taninan-ismi-ve-yillarin-stk-yoneticisi-hakan-celikozun-aci-gunu\\\/\",\"name\":\"Bel\u00e7ika\u2019n\u0131n Tan\u0131nan \u0130smi ve Y\u0131llar\u0131n STK Y\u00f6neticisi Hakan \u00c7elik\u00f6z\u2019\u00fcn Ac\u0131 G\u00fcn\u00fc - Avrupal\u0131 T\u00fcrklerin en Yeni Haber Portal\u0131\",\"isPartOf\":{\"@id\":\"https:\\\/\\\/avrupatv.eu\\\/#website\"},\"primaryImageOfPage\":{\"@id\":\"https:\\\/\\\/avrupatv.eu\\\/index.php\\\/2025\\\/07\\\/12\\\/belcikanin-taninan-ismi-ve-yillarin-stk-yoneticisi-hakan-celikozun-aci-gunu\\\/#primaryimage\"},\"image\":{\"@id\":\"https:\\\/\\\/avrupatv.eu\\\/index.php\\\/2025\\\/07\\\/12\\\/belcikanin-taninan-ismi-ve-yillarin-stk-yoneticisi-hakan-celikozun-aci-gunu\\\/#primaryimage\"},\"thumbnailUrl\":\"https:\\\/\\\/avrupatv.eu\\\/wp-content\\\/uploads\\\/2025\\\/07\\\/IMG-20250712-WA0007.jpg\",\"datePublished\":\"2025-07-12T21:20:45+00:00\",\"dateModified\":\"2025-07-12T21:20:46+00:00\",\"breadcrumb\":{\"@id\":\"https:\\\/\\\/avrupatv.eu\\\/index.php\\\/2025\\\/07\\\/12\\\/belcikanin-taninan-ismi-ve-yillarin-stk-yoneticisi-hakan-celikozun-aci-gunu\\\/#breadcrumb\"},\"inLanguage\":\"tr\",\"potentialAction\":[{\"@type\":\"ReadAction\",\"target\":[\"https:\\\/\\\/avrupatv.eu\\\/index.php\\\/2025\\\/07\\\/12\\\/belcikanin-taninan-ismi-ve-yillarin-stk-yoneticisi-hakan-celikozun-aci-gunu\\\/\"]}]},{\"@type\":\"ImageObject\",\"inLanguage\":\"tr\",\"@id\":\"https:\\\/\\\/avrupatv.eu\\\/index.php\\\/2025\\\/07\\\/12\\\/belcikanin-taninan-ismi-ve-yillarin-stk-yoneticisi-hakan-celikozun-aci-gunu\\\/#primaryimage\",\"url\":\"https:\\\/\\\/avrupatv.eu\\\/wp-content\\\/uploads\\\/2025\\\/07\\\/IMG-20250712-WA0007.jpg\",\"contentUrl\":\"https:\\\/\\\/avrupatv.eu\\\/wp-content\\\/uploads\\\/2025\\\/07\\\/IMG-20250712-WA0007.jpg\",\"width\":640,\"height\":640},{\"@type\":\"BreadcrumbList\",\"@id\":\"https:\\\/\\\/avrupatv.eu\\\/index.php\\\/2025\\\/07\\\/12\\\/belcikanin-taninan-ismi-ve-yillarin-stk-yoneticisi-hakan-celikozun-aci-gunu\\\/#breadcrumb\",\"itemListElement\":[{\"@type\":\"ListItem\",\"position\":1,\"name\":\"Anasayfa\",\"item\":\"https:\\\/\\\/avrupatv.eu\\\/\"},{\"@type\":\"ListItem\",\"position\":2,\"name\":\"Bel\u00e7ika\u2019n\u0131n Tan\u0131nan \u0130smi ve Y\u0131llar\u0131n STK Y\u00f6neticisi Hakan \u00c7elik\u00f6z\u2019\u00fcn Ac\u0131 G\u00fcn\u00fc\"}]},{\"@type\":\"WebSite\",\"@id\":\"https:\\\/\\\/avrupatv.eu\\\/#website\",\"url\":\"https:\\\/\\\/avrupatv.eu\\\/\",\"name\":\"Avrupal\u0131 T\u00fcrklerin en Yeni Haber Portal\u0131\",\"description\":\"\",\"publisher\":{\"@id\":\"https:\\\/\\\/avrupatv.eu\\\/#organization\"},\"alternateName\":\"Avrupa tv\",\"potentialAction\":[{\"@type\":\"SearchAction\",\"target\":{\"@type\":\"EntryPoint\",\"urlTemplate\":\"https:\\\/\\\/avrupatv.eu\\\/?s={search_term_string}\"},\"query-input\":{\"@type\":\"PropertyValueSpecification\",\"valueRequired\":true,\"valueName\":\"search_term_string\"}}],\"inLanguage\":\"tr\"},{\"@type\":\"Organization\",\"@id\":\"https:\\\/\\\/avrupatv.eu\\\/#organization\",\"name\":\"Avrupa Haber\",\"url\":\"https:\\\/\\\/avrupatv.eu\\\/\",\"logo\":{\"@type\":\"ImageObject\",\"inLanguage\":\"tr\",\"@id\":\"https:\\\/\\\/avrupatv.eu\\\/#\\\/schema\\\/logo\\\/image\\\/\",\"url\":\"https:\\\/\\\/avrupatv.eu\\\/wp-content\\\/uploads\\\/2023\\\/10\\\/cropped-thumbnail_logo.png\",\"contentUrl\":\"https:\\\/\\\/avrupatv.eu\\\/wp-content\\\/uploads\\\/2023\\\/10\\\/cropped-thumbnail_logo.png\",\"width\":1025,\"height\":302,\"caption\":\"Avrupa Haber\"},\"image\":{\"@id\":\"https:\\\/\\\/avrupatv.eu\\\/#\\\/schema\\\/logo\\\/image\\\/\"}},{\"@type\":\"Person\",\"@id\":\"https:\\\/\\\/avrupatv.eu\\\/#\\\/schema\\\/person\\\/d56afa5d5569da4029d483da36c0c17d\",\"name\":\"Onur Akpinar\",\"image\":{\"@type\":\"ImageObject\",\"inLanguage\":\"tr\",\"@id\":\"https:\\\/\\\/secure.gravatar.com\\\/avatar\\\/67a1a0bdf34f82da209334e4684b7e7171a58a5a2b0a8f836b61044f5c1f5d6a?s=96&d=mm&r=g\",\"url\":\"https:\\\/\\\/secure.gravatar.com\\\/avatar\\\/67a1a0bdf34f82da209334e4684b7e7171a58a5a2b0a8f836b61044f5c1f5d6a?s=96&d=mm&r=g\",\"contentUrl\":\"https:\\\/\\\/secure.gravatar.com\\\/avatar\\\/67a1a0bdf34f82da209334e4684b7e7171a58a5a2b0a8f836b61044f5c1f5d6a?s=96&d=mm&r=g\",\"caption\":\"Onur Akpinar\"},\"url\":\"https:\\\/\\\/avrupatv.eu\\\/index.php\\\/author\\\/onur-akpinar\\\/\"}]}<\/script>\n<!-- \/ Yoast SEO plugin. -->","yoast_head_json":{"title":"Bel\u00e7ika\u2019n\u0131n Tan\u0131nan \u0130smi ve Y\u0131llar\u0131n STK Y\u00f6neticisi Hakan \u00c7elik\u00f6z\u2019\u00fcn Ac\u0131 G\u00fcn\u00fc - Avrupal\u0131 T\u00fcrklerin en Yeni Haber Portal\u0131","robots":{"index":"index","follow":"follow","max-snippet":"max-snippet:-1","max-image-preview":"max-image-preview:large","max-video-preview":"max-video-preview:-1"},"canonical":"https:\/\/avrupatv.eu\/index.php\/2025\/07\/12\/belcikanin-taninan-ismi-ve-yillarin-stk-yoneticisi-hakan-celikozun-aci-gunu\/","og_locale":"tr_TR","og_type":"article","og_title":"Bel\u00e7ika\u2019n\u0131n Tan\u0131nan \u0130smi ve Y\u0131llar\u0131n STK Y\u00f6neticisi Hakan \u00c7elik\u00f6z\u2019\u00fcn Ac\u0131 G\u00fcn\u00fc - Avrupal\u0131 T\u00fcrklerin en Yeni Haber Portal\u0131","og_description":"Bel\u00e7ika\u2019n\u0131n Tan\u0131nan \u0130smi ve Y\u0131llar\u0131n STK Y\u00f6neticisi Hakan \u00c7elik\u00f6z\u2019\u00fcn Ac\u0131 G\u00fcn\u00fc Genk b\u00f6lgesinde bir \u00e7\u0131nar daha devrildi\u2026 Bel\u00e7ika T\u00fcrk toplumunun yak\u0131ndan tan\u0131d\u0131\u011f\u0131 sivil toplum g\u00f6n\u00fcll\u00fcs\u00fc Hakan \u00c7elik\u00f6z, derin bir ac\u0131yla sars\u0131ld\u0131. Kolderbos b\u00f6lgesinin sevilen isimlerinden, \u00c7orumlu \u015eahin \u00c7elik\u00f6z hayat\u0131n\u0131 kaybetti. Merhum \u015eahin \u00c7elik\u00f6z, gerek ailesi gerek \u00e7evresi taraf\u0131ndan sayg\u0131yla an\u0131lan, \u00f6rnek ki\u015fili\u011fiyle haf\u0131zalarda yer eden [&hellip;]","og_url":"https:\/\/avrupatv.eu\/index.php\/2025\/07\/12\/belcikanin-taninan-ismi-ve-yillarin-stk-yoneticisi-hakan-celikozun-aci-gunu\/","og_site_name":"Avrupal\u0131 T\u00fcrklerin en Yeni Haber Portal\u0131","article_published_time":"2025-07-12T21:20:45+00:00","article_modified_time":"2025-07-12T21:20:46+00:00","og_image":[{"width":640,"height":640,"url":"https:\/\/avrupatv.eu\/wp-content\/uploads\/2025\/07\/IMG-20250712-WA0007.jpg","type":"image\/jpeg"}],"author":"Onur Akpinar","twitter_card":"summary_large_image","twitter_misc":{"Yazan:":"Onur Akpinar","Tahmini okuma s\u00fcresi":"2 dakika"},"schema":{"@context":"https:\/\/schema.org","@graph":[{"@type":"Article","@id":"https:\/\/avrupatv.eu\/index.php\/2025\/07\/12\/belcikanin-taninan-ismi-ve-yillarin-stk-yoneticisi-hakan-celikozun-aci-gunu\/#article","isPartOf":{"@id":"https:\/\/avrupatv.eu\/index.php\/2025\/07\/12\/belcikanin-taninan-ismi-ve-yillarin-stk-yoneticisi-hakan-celikozun-aci-gunu\/"},"author":{"name":"Onur Akpinar","@id":"https:\/\/avrupatv.eu\/#\/schema\/person\/d56afa5d5569da4029d483da36c0c17d"},"headline":"Bel\u00e7ika\u2019n\u0131n Tan\u0131nan \u0130smi ve Y\u0131llar\u0131n STK Y\u00f6neticisi Hakan \u00c7elik\u00f6z\u2019\u00fcn Ac\u0131 G\u00fcn\u00fc","datePublished":"2025-07-12T21:20:45+00:00","dateModified":"2025-07-12T21:20:46+00:00","mainEntityOfPage":{"@id":"https:\/\/avrupatv.eu\/index.php\/2025\/07\/12\/belcikanin-taninan-ismi-ve-yillarin-stk-yoneticisi-hakan-celikozun-aci-gunu\/"},"wordCount":234,"commentCount":0,"publisher":{"@id":"https:\/\/avrupatv.eu\/#organization"},"image":{"@id":"https:\/\/avrupatv.eu\/index.php\/2025\/07\/12\/belcikanin-taninan-ismi-ve-yillarin-stk-yoneticisi-hakan-celikozun-aci-gunu\/#primaryimage"},"thumbnailUrl":"https:\/\/avrupatv.eu\/wp-content\/uploads\/2025\/07\/IMG-20250712-WA0007.jpg","articleSection":["Blog"],"inLanguage":"tr","potentialAction":[{"@type":"CommentAction","name":"Comment","target":["https:\/\/avrupatv.eu\/index.php\/2025\/07\/12\/belcikanin-taninan-ismi-ve-yillarin-stk-yoneticisi-hakan-celikozun-aci-gunu\/#respond"]}]},{"@type":"WebPage","@id":"https:\/\/avrupatv.eu\/index.php\/2025\/07\/12\/belcikanin-taninan-ismi-ve-yillarin-stk-yoneticisi-hakan-celikozun-aci-gunu\/","url":"https:\/\/avrupatv.eu\/index.php\/2025\/07\/12\/belcikanin-taninan-ismi-ve-yillarin-stk-yoneticisi-hakan-celikozun-aci-gunu\/","name":"Bel\u00e7ika\u2019n\u0131n Tan\u0131nan \u0130smi ve Y\u0131llar\u0131n STK Y\u00f6neticisi Hakan \u00c7elik\u00f6z\u2019\u00fcn Ac\u0131 G\u00fcn\u00fc - Avrupal\u0131 T\u00fcrklerin en Yeni Haber Portal\u0131","isPartOf":{"@id":"https:\/\/avrupatv.eu\/#website"},"primaryImageOfPage":{"@id":"https:\/\/avrupatv.eu\/index.php\/2025\/07\/12\/belcikanin-taninan-ismi-ve-yillarin-stk-yoneticisi-hakan-celikozun-aci-gunu\/#primaryimage"},"image":{"@id":"https:\/\/avrupatv.eu\/index.php\/2025\/07\/12\/belcikanin-taninan-ismi-ve-yillarin-stk-yoneticisi-hakan-celikozun-aci-gunu\/#primaryimage"},"thumbnailUrl":"https:\/\/avrupatv.eu\/wp-content\/uploads\/2025\/07\/IMG-20250712-WA0007.jpg","datePublished":"2025-07-12T21:20:45+00:00","dateModified":"2025-07-12T21:20:46+00:00","breadcrumb":{"@id":"https:\/\/avrupatv.eu\/index.php\/2025\/07\/12\/belcikanin-taninan-ismi-ve-yillarin-stk-yoneticisi-hakan-celikozun-aci-gunu\/#breadcrumb"},"inLanguage":"tr","potentialAction":[{"@type":"ReadAction","target":["https:\/\/avrupatv.eu\/index.php\/2025\/07\/12\/belcikanin-taninan-ismi-ve-yillarin-stk-yoneticisi-hakan-celikozun-aci-gunu\/"]}]},{"@type":"ImageObject","inLanguage":"tr","@id":"https:\/\/avrupatv.eu\/index.php\/2025\/07\/12\/belcikanin-taninan-ismi-ve-yillarin-stk-yoneticisi-hakan-celikozun-aci-gunu\/#primaryimage","url":"https:\/\/avrupatv.eu\/wp-content\/uploads\/2025\/07\/IMG-20250712-WA0007.jpg","contentUrl":"https:\/\/avrupatv.eu\/wp-content\/uploads\/2025\/07\/IMG-20250712-WA0007.jpg","width":640,"height":640},{"@type":"BreadcrumbList","@id":"https:\/\/avrupatv.eu\/index.php\/2025\/07\/12\/belcikanin-taninan-ismi-ve-yillarin-stk-yoneticisi-hakan-celikozun-aci-gunu\/#breadcrumb","itemListElement":[{"@type":"ListItem","position":1,"name":"Anasayfa","item":"https:\/\/avrupatv.eu\/"},{"@type":"ListItem","position":2,"name":"Bel\u00e7ika\u2019n\u0131n Tan\u0131nan \u0130smi ve Y\u0131llar\u0131n STK Y\u00f6neticisi Hakan \u00c7elik\u00f6z\u2019\u00fcn Ac\u0131 G\u00fcn\u00fc"}]},{"@type":"WebSite","@id":"https:\/\/avrupatv.eu\/#website","url":"https:\/\/avrupatv.eu\/","name":"Avrupal\u0131 T\u00fcrklerin en Yeni Haber Portal\u0131","description":"","publisher":{"@id":"https:\/\/avrupatv.eu\/#organization"},"alternateName":"Avrupa tv","potentialAction":[{"@type":"SearchAction","target":{"@type":"EntryPoint","urlTemplate":"https:\/\/avrupatv.eu\/?s={search_term_string}"},"query-input":{"@type":"PropertyValueSpecification","valueRequired":true,"valueName":"search_term_string"}}],"inLanguage":"tr"},{"@type":"Organization","@id":"https:\/\/avrupatv.eu\/#organization","name":"Avrupa Haber","url":"https:\/\/avrupatv.eu\/","logo":{"@type":"ImageObject","inLanguage":"tr","@id":"https:\/\/avrupatv.eu\/#\/schema\/logo\/image\/","url":"https:\/\/avrupatv.eu\/wp-content\/uploads\/2023\/10\/cropped-thumbnail_logo.png","contentUrl":"https:\/\/avrupatv.eu\/wp-content\/uploads\/2023\/10\/cropped-thumbnail_logo.png","width":1025,"height":302,"caption":"Avrupa Haber"},"image":{"@id":"https:\/\/avrupatv.eu\/#\/schema\/logo\/image\/"}},{"@type":"Person","@id":"https:\/\/avrupatv.eu\/#\/schema\/person\/d56afa5d5569da4029d483da36c0c17d","name":"Onur Akpinar","image":{"@type":"ImageObject","inLanguage":"tr","@id":"https:\/\/secure.gravatar.com\/avatar\/67a1a0bdf34f82da209334e4684b7e7171a58a5a2b0a8f836b61044f5c1f5d6a?s=96&d=mm&r=g","url":"https:\/\/secure.gravatar.com\/avatar\/67a1a0bdf34f82da209334e4684b7e7171a58a5a2b0a8f836b61044f5c1f5d6a?s=96&d=mm&r=g","contentUrl":"https:\/\/secure.gravatar.com\/avatar\/67a1a0bdf34f82da209334e4684b7e7171a58a5a2b0a8f836b61044f5c1f5d6a?s=96&d=mm&r=g","caption":"Onur Akpinar"},"url":"https:\/\/avrupatv.eu\/index.php\/author\/onur-akpinar\/"}]}},"_links":{"self":[{"href":"https:\/\/avrupatv.eu\/index.php\/wp-json\/wp\/v2\/posts\/1300","targetHints":{"allow":["GET"]}}],"collection":[{"href":"https:\/\/avrupatv.eu\/index.php\/wp-json\/wp\/v2\/posts"}],"about":[{"href":"https:\/\/avrupatv.eu\/index.php\/wp-json\/wp\/v2\/types\/post"}],"author":[{"embeddable":true,"href":"https:\/\/avrupatv.eu\/index.php\/wp-json\/wp\/v2\/users\/2"}],"replies":[{"embeddable":true,"href":"https:\/\/avrupatv.eu\/index.php\/wp-json\/wp\/v2\/comments?post=1300"}],"version-history":[{"count":1,"href":"https:\/\/avrupatv.eu\/index.php\/wp-json\/wp\/v2\/posts\/1300\/revisions"}],"predecessor-version":[{"id":1302,"href":"https:\/\/avrupatv.eu\/index.php\/wp-json\/wp\/v2\/posts\/1300\/revisions\/1302"}],"wp:featuredmedia":[{"embeddable":true,"href":"https:\/\/avrupatv.eu\/index.php\/wp-json\/wp\/v2\/media\/1301"}],"wp:attachment":[{"href":"https:\/\/avrupatv.eu\/index.php\/wp-json\/wp\/v2\/media?parent=1300"}],"wp:term":[{"taxonomy":"category","embeddable":true,"href":"https:\/\/avrupatv.eu\/index.php\/wp-json\/wp\/v2\/categories?post=1300"},{"taxonomy":"post_tag","embeddable":true,"href":"https:\/\/avrupatv.eu\/index.php\/wp-json\/wp\/v2\/tags?post=1300"}],"curies":[{"name":"wp","href":"https:\/\/api.w.org\/{rel}","templated":true}]}}