{"id":1252,"date":"2025-06-28T09:42:55","date_gmt":"2025-06-28T09:42:55","guid":{"rendered":"https:\/\/avrupatv.eu\/?p=1252"},"modified":"2025-06-28T09:42:56","modified_gmt":"2025-06-28T09:42:56","slug":"israil-askerlerinden-sok-itiraf-ac-filistinlilere-ates-etmemiz-emredildi","status":"publish","type":"post","link":"https:\/\/avrupatv.eu\/index.php\/2025\/06\/28\/israil-askerlerinden-sok-itiraf-ac-filistinlilere-ates-etmemiz-emredildi\/","title":{"rendered":"\u0130srail Askerlerinden \u015eok \u0130tiraf: A\u00e7 Filistinlilere Ate\u015f Etmemiz Emredildi"},"content":{"rendered":"\n<p><strong>\u0130srail Askerlerinden \u015eok \u0130tiraf: A\u00e7 Filistinlilere Ate\u015f Etmemiz Emredildi<\/strong><\/p>\n\n\n\n<p>\u0130srail ordusunda g\u00f6rev yapm\u0131\u015f baz\u0131 askerler, Gazze&#8217;deki operasyonlar s\u0131ras\u0131nda komutanlar\u0131ndan ald\u0131klar\u0131 \u015fok edici emirleri if\u015fa etti. Tan\u0131kl\u0131klara g\u00f6re, Gazze\u2019de a\u00e7l\u0131ktan yiyecek yard\u0131mlar\u0131n\u0131 almaya \u00e7al\u0131\u015fan sivillere dahi ate\u015f a\u00e7\u0131lmas\u0131 emredildi.<\/p>\n\n\n\n<p>Askerlerden biri, yard\u0131m konvoylar\u0131n\u0131n etraf\u0131nda toplanan sivil kalabal\u0131\u011fa do\u011frudan ate\u015f etmelerinin istendi\u011fini ve bu emre uymak zorunda kald\u0131klar\u0131n\u0131 anlatt\u0131. Bu t\u00fcr emirlerin, a\u00e7l\u0131kla bo\u011fu\u015fan Filistinlilerin yard\u0131m malzemelerine ula\u015fmas\u0131n\u0131 engellemeyi hedefledi\u011fi ifade edildi.<\/p>\n\n\n\n<p>Tan\u0131kl\u0131klar, Gazze\u2019deki insani krizin boyutlar\u0131n\u0131 bir kez daha g\u00f6zler \u00f6n\u00fcne seriyor. \u0130srail ordusu ise konuyla ilgili sessizli\u011fini koruyor.<\/p>\n\n\n\n<p>Uluslararas\u0131 kamuoyu, bu t\u00fcr iddialar\u0131n ba\u011f\u0131ms\u0131z bir \u015fekilde ara\u015ft\u0131r\u0131lmas\u0131 ve sorumlular\u0131n hesap vermesi gerekti\u011fini savunuyor.<\/p>\n","protected":false},"excerpt":{"rendered":"<p>\u0130srail Askerlerinden \u015eok \u0130tiraf: A\u00e7 Filistinlilere Ate\u015f Etmemiz Emredildi \u0130srail ordusunda g\u00f6rev yapm\u0131\u015f baz\u0131 askerler, Gazze&#8217;deki operasyonlar s\u0131ras\u0131nda komutanlar\u0131ndan ald\u0131klar\u0131 \u015fok edici emirleri if\u015fa etti. Tan\u0131kl\u0131klara g\u00f6re, Gazze\u2019de a\u00e7l\u0131ktan yiyecek yard\u0131mlar\u0131n\u0131 almaya \u00e7al\u0131\u015fan sivillere dahi ate\u015f a\u00e7\u0131lmas\u0131 emredildi. Askerlerden biri, yard\u0131m konvoylar\u0131n\u0131n etraf\u0131nda toplanan sivil kalabal\u0131\u011fa do\u011frudan ate\u015f etmelerinin istendi\u011fini ve bu emre uymak zorunda [&hellip;]<\/p>\n","protected":false},"author":2,"featured_media":1253,"comment_status":"open","ping_status":"open","sticky":false,"template":"","format":"standard","meta":{"footnotes":""},"categories":[6,7],"tags":[],"class_list":["post-1252","post","type-post","status-publish","format-standard","has-post-thumbnail","hentry","category-dunya","category-savas"],"yoast_head":"<!-- This site is optimized with the Yoast SEO plugin v27.4 - https:\/\/yoast.com\/product\/yoast-seo-wordpress\/ -->\n<title>\u0130srail Askerlerinden \u015eok \u0130tiraf: A\u00e7 Filistinlilere Ate\u015f Etmemiz Emredildi - Avrupal\u0131 T\u00fcrklerin en Yeni Haber Portal\u0131<\/title>\n<meta name=\"robots\" content=\"index, follow, max-snippet:-1, max-image-preview:large, max-video-preview:-1\" \/>\n<link rel=\"canonical\" href=\"https:\/\/avrupatv.eu\/index.php\/2025\/06\/28\/israil-askerlerinden-sok-itiraf-ac-filistinlilere-ates-etmemiz-emredildi\/\" \/>\n<meta property=\"og:locale\" content=\"tr_TR\" \/>\n<meta property=\"og:type\" content=\"article\" \/>\n<meta property=\"og:title\" content=\"\u0130srail Askerlerinden \u015eok \u0130tiraf: A\u00e7 Filistinlilere Ate\u015f Etmemiz Emredildi - Avrupal\u0131 T\u00fcrklerin en Yeni Haber Portal\u0131\" \/>\n<meta property=\"og:description\" content=\"\u0130srail Askerlerinden \u015eok \u0130tiraf: A\u00e7 Filistinlilere Ate\u015f Etmemiz Emredildi \u0130srail ordusunda g\u00f6rev yapm\u0131\u015f baz\u0131 askerler, Gazze&#8217;deki operasyonlar s\u0131ras\u0131nda komutanlar\u0131ndan ald\u0131klar\u0131 \u015fok edici emirleri if\u015fa etti. Tan\u0131kl\u0131klara g\u00f6re, Gazze\u2019de a\u00e7l\u0131ktan yiyecek yard\u0131mlar\u0131n\u0131 almaya \u00e7al\u0131\u015fan sivillere dahi ate\u015f a\u00e7\u0131lmas\u0131 emredildi. Askerlerden biri, yard\u0131m konvoylar\u0131n\u0131n etraf\u0131nda toplanan sivil kalabal\u0131\u011fa do\u011frudan ate\u015f etmelerinin istendi\u011fini ve bu emre uymak zorunda [&hellip;]\" \/>\n<meta property=\"og:url\" content=\"https:\/\/avrupatv.eu\/index.php\/2025\/06\/28\/israil-askerlerinden-sok-itiraf-ac-filistinlilere-ates-etmemiz-emredildi\/\" \/>\n<meta property=\"og:site_name\" content=\"Avrupal\u0131 T\u00fcrklerin en Yeni Haber Portal\u0131\" \/>\n<meta property=\"article:published_time\" content=\"2025-06-28T09:42:55+00:00\" \/>\n<meta property=\"article:modified_time\" content=\"2025-06-28T09:42:56+00:00\" \/>\n<meta property=\"og:image\" content=\"https:\/\/avrupatv.eu\/wp-content\/uploads\/2025\/06\/101538421_hi046795433.jpg\" \/>\n\t<meta property=\"og:image:width\" content=\"976\" \/>\n\t<meta property=\"og:image:height\" content=\"549\" \/>\n\t<meta property=\"og:image:type\" content=\"image\/jpeg\" \/>\n<meta name=\"author\" content=\"Onur Akpinar\" \/>\n<meta name=\"twitter:card\" content=\"summary_large_image\" \/>\n<meta name=\"twitter:label1\" content=\"Yazan:\" \/>\n\t<meta name=\"twitter:data1\" content=\"Onur Akpinar\" \/>\n\t<meta name=\"twitter:label2\" content=\"Tahmini okuma s\u00fcresi\" \/>\n\t<meta name=\"twitter:data2\" content=\"1 dakika\" \/>\n<script type=\"application\/ld+json\" class=\"yoast-schema-graph\">{\"@context\":\"https:\\\/\\\/schema.org\",\"@graph\":[{\"@type\":\"Article\",\"@id\":\"https:\\\/\\\/avrupatv.eu\\\/index.php\\\/2025\\\/06\\\/28\\\/israil-askerlerinden-sok-itiraf-ac-filistinlilere-ates-etmemiz-emredildi\\\/#article\",\"isPartOf\":{\"@id\":\"https:\\\/\\\/avrupatv.eu\\\/index.php\\\/2025\\\/06\\\/28\\\/israil-askerlerinden-sok-itiraf-ac-filistinlilere-ates-etmemiz-emredildi\\\/\"},\"author\":{\"name\":\"Onur Akpinar\",\"@id\":\"https:\\\/\\\/avrupatv.eu\\\/#\\\/schema\\\/person\\\/d56afa5d5569da4029d483da36c0c17d\"},\"headline\":\"\u0130srail Askerlerinden \u015eok \u0130tiraf: A\u00e7 Filistinlilere Ate\u015f Etmemiz Emredildi\",\"datePublished\":\"2025-06-28T09:42:55+00:00\",\"dateModified\":\"2025-06-28T09:42:56+00:00\",\"mainEntityOfPage\":{\"@id\":\"https:\\\/\\\/avrupatv.eu\\\/index.php\\\/2025\\\/06\\\/28\\\/israil-askerlerinden-sok-itiraf-ac-filistinlilere-ates-etmemiz-emredildi\\\/\"},\"wordCount\":163,\"commentCount\":0,\"publisher\":{\"@id\":\"https:\\\/\\\/avrupatv.eu\\\/#organization\"},\"image\":{\"@id\":\"https:\\\/\\\/avrupatv.eu\\\/index.php\\\/2025\\\/06\\\/28\\\/israil-askerlerinden-sok-itiraf-ac-filistinlilere-ates-etmemiz-emredildi\\\/#primaryimage\"},\"thumbnailUrl\":\"https:\\\/\\\/avrupatv.eu\\\/wp-content\\\/uploads\\\/2025\\\/06\\\/101538421_hi046795433.jpg\",\"articleSection\":[\"D\u00fcnya\",\"Sava\u015f\"],\"inLanguage\":\"tr\",\"potentialAction\":[{\"@type\":\"CommentAction\",\"name\":\"Comment\",\"target\":[\"https:\\\/\\\/avrupatv.eu\\\/index.php\\\/2025\\\/06\\\/28\\\/israil-askerlerinden-sok-itiraf-ac-filistinlilere-ates-etmemiz-emredildi\\\/#respond\"]}]},{\"@type\":\"WebPage\",\"@id\":\"https:\\\/\\\/avrupatv.eu\\\/index.php\\\/2025\\\/06\\\/28\\\/israil-askerlerinden-sok-itiraf-ac-filistinlilere-ates-etmemiz-emredildi\\\/\",\"url\":\"https:\\\/\\\/avrupatv.eu\\\/index.php\\\/2025\\\/06\\\/28\\\/israil-askerlerinden-sok-itiraf-ac-filistinlilere-ates-etmemiz-emredildi\\\/\",\"name\":\"\u0130srail Askerlerinden \u015eok \u0130tiraf: A\u00e7 Filistinlilere Ate\u015f Etmemiz Emredildi - Avrupal\u0131 T\u00fcrklerin en Yeni Haber Portal\u0131\",\"isPartOf\":{\"@id\":\"https:\\\/\\\/avrupatv.eu\\\/#website\"},\"primaryImageOfPage\":{\"@id\":\"https:\\\/\\\/avrupatv.eu\\\/index.php\\\/2025\\\/06\\\/28\\\/israil-askerlerinden-sok-itiraf-ac-filistinlilere-ates-etmemiz-emredildi\\\/#primaryimage\"},\"image\":{\"@id\":\"https:\\\/\\\/avrupatv.eu\\\/index.php\\\/2025\\\/06\\\/28\\\/israil-askerlerinden-sok-itiraf-ac-filistinlilere-ates-etmemiz-emredildi\\\/#primaryimage\"},\"thumbnailUrl\":\"https:\\\/\\\/avrupatv.eu\\\/wp-content\\\/uploads\\\/2025\\\/06\\\/101538421_hi046795433.jpg\",\"datePublished\":\"2025-06-28T09:42:55+00:00\",\"dateModified\":\"2025-06-28T09:42:56+00:00\",\"breadcrumb\":{\"@id\":\"https:\\\/\\\/avrupatv.eu\\\/index.php\\\/2025\\\/06\\\/28\\\/israil-askerlerinden-sok-itiraf-ac-filistinlilere-ates-etmemiz-emredildi\\\/#breadcrumb\"},\"inLanguage\":\"tr\",\"potentialAction\":[{\"@type\":\"ReadAction\",\"target\":[\"https:\\\/\\\/avrupatv.eu\\\/index.php\\\/2025\\\/06\\\/28\\\/israil-askerlerinden-sok-itiraf-ac-filistinlilere-ates-etmemiz-emredildi\\\/\"]}]},{\"@type\":\"ImageObject\",\"inLanguage\":\"tr\",\"@id\":\"https:\\\/\\\/avrupatv.eu\\\/index.php\\\/2025\\\/06\\\/28\\\/israil-askerlerinden-sok-itiraf-ac-filistinlilere-ates-etmemiz-emredildi\\\/#primaryimage\",\"url\":\"https:\\\/\\\/avrupatv.eu\\\/wp-content\\\/uploads\\\/2025\\\/06\\\/101538421_hi046795433.jpg\",\"contentUrl\":\"https:\\\/\\\/avrupatv.eu\\\/wp-content\\\/uploads\\\/2025\\\/06\\\/101538421_hi046795433.jpg\",\"width\":976,\"height\":549},{\"@type\":\"BreadcrumbList\",\"@id\":\"https:\\\/\\\/avrupatv.eu\\\/index.php\\\/2025\\\/06\\\/28\\\/israil-askerlerinden-sok-itiraf-ac-filistinlilere-ates-etmemiz-emredildi\\\/#breadcrumb\",\"itemListElement\":[{\"@type\":\"ListItem\",\"position\":1,\"name\":\"Anasayfa\",\"item\":\"https:\\\/\\\/avrupatv.eu\\\/\"},{\"@type\":\"ListItem\",\"position\":2,\"name\":\"\u0130srail Askerlerinden \u015eok \u0130tiraf: A\u00e7 Filistinlilere Ate\u015f Etmemiz Emredildi\"}]},{\"@type\":\"WebSite\",\"@id\":\"https:\\\/\\\/avrupatv.eu\\\/#website\",\"url\":\"https:\\\/\\\/avrupatv.eu\\\/\",\"name\":\"Avrupal\u0131 T\u00fcrklerin en Yeni Haber Portal\u0131\",\"description\":\"\",\"publisher\":{\"@id\":\"https:\\\/\\\/avrupatv.eu\\\/#organization\"},\"alternateName\":\"Avrupa tv\",\"potentialAction\":[{\"@type\":\"SearchAction\",\"target\":{\"@type\":\"EntryPoint\",\"urlTemplate\":\"https:\\\/\\\/avrupatv.eu\\\/?s={search_term_string}\"},\"query-input\":{\"@type\":\"PropertyValueSpecification\",\"valueRequired\":true,\"valueName\":\"search_term_string\"}}],\"inLanguage\":\"tr\"},{\"@type\":\"Organization\",\"@id\":\"https:\\\/\\\/avrupatv.eu\\\/#organization\",\"name\":\"Avrupa Haber\",\"url\":\"https:\\\/\\\/avrupatv.eu\\\/\",\"logo\":{\"@type\":\"ImageObject\",\"inLanguage\":\"tr\",\"@id\":\"https:\\\/\\\/avrupatv.eu\\\/#\\\/schema\\\/logo\\\/image\\\/\",\"url\":\"https:\\\/\\\/avrupatv.eu\\\/wp-content\\\/uploads\\\/2023\\\/10\\\/cropped-thumbnail_logo.png\",\"contentUrl\":\"https:\\\/\\\/avrupatv.eu\\\/wp-content\\\/uploads\\\/2023\\\/10\\\/cropped-thumbnail_logo.png\",\"width\":1025,\"height\":302,\"caption\":\"Avrupa Haber\"},\"image\":{\"@id\":\"https:\\\/\\\/avrupatv.eu\\\/#\\\/schema\\\/logo\\\/image\\\/\"}},{\"@type\":\"Person\",\"@id\":\"https:\\\/\\\/avrupatv.eu\\\/#\\\/schema\\\/person\\\/d56afa5d5569da4029d483da36c0c17d\",\"name\":\"Onur Akpinar\",\"image\":{\"@type\":\"ImageObject\",\"inLanguage\":\"tr\",\"@id\":\"https:\\\/\\\/secure.gravatar.com\\\/avatar\\\/67a1a0bdf34f82da209334e4684b7e7171a58a5a2b0a8f836b61044f5c1f5d6a?s=96&d=mm&r=g\",\"url\":\"https:\\\/\\\/secure.gravatar.com\\\/avatar\\\/67a1a0bdf34f82da209334e4684b7e7171a58a5a2b0a8f836b61044f5c1f5d6a?s=96&d=mm&r=g\",\"contentUrl\":\"https:\\\/\\\/secure.gravatar.com\\\/avatar\\\/67a1a0bdf34f82da209334e4684b7e7171a58a5a2b0a8f836b61044f5c1f5d6a?s=96&d=mm&r=g\",\"caption\":\"Onur Akpinar\"},\"url\":\"https:\\\/\\\/avrupatv.eu\\\/index.php\\\/author\\\/onur-akpinar\\\/\"}]}<\/script>\n<!-- \/ Yoast SEO plugin. -->","yoast_head_json":{"title":"\u0130srail Askerlerinden \u015eok \u0130tiraf: A\u00e7 Filistinlilere Ate\u015f Etmemiz Emredildi - Avrupal\u0131 T\u00fcrklerin en Yeni Haber Portal\u0131","robots":{"index":"index","follow":"follow","max-snippet":"max-snippet:-1","max-image-preview":"max-image-preview:large","max-video-preview":"max-video-preview:-1"},"canonical":"https:\/\/avrupatv.eu\/index.php\/2025\/06\/28\/israil-askerlerinden-sok-itiraf-ac-filistinlilere-ates-etmemiz-emredildi\/","og_locale":"tr_TR","og_type":"article","og_title":"\u0130srail Askerlerinden \u015eok \u0130tiraf: A\u00e7 Filistinlilere Ate\u015f Etmemiz Emredildi - Avrupal\u0131 T\u00fcrklerin en Yeni Haber Portal\u0131","og_description":"\u0130srail Askerlerinden \u015eok \u0130tiraf: A\u00e7 Filistinlilere Ate\u015f Etmemiz Emredildi \u0130srail ordusunda g\u00f6rev yapm\u0131\u015f baz\u0131 askerler, Gazze&#8217;deki operasyonlar s\u0131ras\u0131nda komutanlar\u0131ndan ald\u0131klar\u0131 \u015fok edici emirleri if\u015fa etti. Tan\u0131kl\u0131klara g\u00f6re, Gazze\u2019de a\u00e7l\u0131ktan yiyecek yard\u0131mlar\u0131n\u0131 almaya \u00e7al\u0131\u015fan sivillere dahi ate\u015f a\u00e7\u0131lmas\u0131 emredildi. Askerlerden biri, yard\u0131m konvoylar\u0131n\u0131n etraf\u0131nda toplanan sivil kalabal\u0131\u011fa do\u011frudan ate\u015f etmelerinin istendi\u011fini ve bu emre uymak zorunda [&hellip;]","og_url":"https:\/\/avrupatv.eu\/index.php\/2025\/06\/28\/israil-askerlerinden-sok-itiraf-ac-filistinlilere-ates-etmemiz-emredildi\/","og_site_name":"Avrupal\u0131 T\u00fcrklerin en Yeni Haber Portal\u0131","article_published_time":"2025-06-28T09:42:55+00:00","article_modified_time":"2025-06-28T09:42:56+00:00","og_image":[{"width":976,"height":549,"url":"https:\/\/avrupatv.eu\/wp-content\/uploads\/2025\/06\/101538421_hi046795433.jpg","type":"image\/jpeg"}],"author":"Onur Akpinar","twitter_card":"summary_large_image","twitter_misc":{"Yazan:":"Onur Akpinar","Tahmini okuma s\u00fcresi":"1 dakika"},"schema":{"@context":"https:\/\/schema.org","@graph":[{"@type":"Article","@id":"https:\/\/avrupatv.eu\/index.php\/2025\/06\/28\/israil-askerlerinden-sok-itiraf-ac-filistinlilere-ates-etmemiz-emredildi\/#article","isPartOf":{"@id":"https:\/\/avrupatv.eu\/index.php\/2025\/06\/28\/israil-askerlerinden-sok-itiraf-ac-filistinlilere-ates-etmemiz-emredildi\/"},"author":{"name":"Onur Akpinar","@id":"https:\/\/avrupatv.eu\/#\/schema\/person\/d56afa5d5569da4029d483da36c0c17d"},"headline":"\u0130srail Askerlerinden \u015eok \u0130tiraf: A\u00e7 Filistinlilere Ate\u015f Etmemiz Emredildi","datePublished":"2025-06-28T09:42:55+00:00","dateModified":"2025-06-28T09:42:56+00:00","mainEntityOfPage":{"@id":"https:\/\/avrupatv.eu\/index.php\/2025\/06\/28\/israil-askerlerinden-sok-itiraf-ac-filistinlilere-ates-etmemiz-emredildi\/"},"wordCount":163,"commentCount":0,"publisher":{"@id":"https:\/\/avrupatv.eu\/#organization"},"image":{"@id":"https:\/\/avrupatv.eu\/index.php\/2025\/06\/28\/israil-askerlerinden-sok-itiraf-ac-filistinlilere-ates-etmemiz-emredildi\/#primaryimage"},"thumbnailUrl":"https:\/\/avrupatv.eu\/wp-content\/uploads\/2025\/06\/101538421_hi046795433.jpg","articleSection":["D\u00fcnya","Sava\u015f"],"inLanguage":"tr","potentialAction":[{"@type":"CommentAction","name":"Comment","target":["https:\/\/avrupatv.eu\/index.php\/2025\/06\/28\/israil-askerlerinden-sok-itiraf-ac-filistinlilere-ates-etmemiz-emredildi\/#respond"]}]},{"@type":"WebPage","@id":"https:\/\/avrupatv.eu\/index.php\/2025\/06\/28\/israil-askerlerinden-sok-itiraf-ac-filistinlilere-ates-etmemiz-emredildi\/","url":"https:\/\/avrupatv.eu\/index.php\/2025\/06\/28\/israil-askerlerinden-sok-itiraf-ac-filistinlilere-ates-etmemiz-emredildi\/","name":"\u0130srail Askerlerinden \u015eok \u0130tiraf: A\u00e7 Filistinlilere Ate\u015f Etmemiz Emredildi - Avrupal\u0131 T\u00fcrklerin en Yeni Haber Portal\u0131","isPartOf":{"@id":"https:\/\/avrupatv.eu\/#website"},"primaryImageOfPage":{"@id":"https:\/\/avrupatv.eu\/index.php\/2025\/06\/28\/israil-askerlerinden-sok-itiraf-ac-filistinlilere-ates-etmemiz-emredildi\/#primaryimage"},"image":{"@id":"https:\/\/avrupatv.eu\/index.php\/2025\/06\/28\/israil-askerlerinden-sok-itiraf-ac-filistinlilere-ates-etmemiz-emredildi\/#primaryimage"},"thumbnailUrl":"https:\/\/avrupatv.eu\/wp-content\/uploads\/2025\/06\/101538421_hi046795433.jpg","datePublished":"2025-06-28T09:42:55+00:00","dateModified":"2025-06-28T09:42:56+00:00","breadcrumb":{"@id":"https:\/\/avrupatv.eu\/index.php\/2025\/06\/28\/israil-askerlerinden-sok-itiraf-ac-filistinlilere-ates-etmemiz-emredildi\/#breadcrumb"},"inLanguage":"tr","potentialAction":[{"@type":"ReadAction","target":["https:\/\/avrupatv.eu\/index.php\/2025\/06\/28\/israil-askerlerinden-sok-itiraf-ac-filistinlilere-ates-etmemiz-emredildi\/"]}]},{"@type":"ImageObject","inLanguage":"tr","@id":"https:\/\/avrupatv.eu\/index.php\/2025\/06\/28\/israil-askerlerinden-sok-itiraf-ac-filistinlilere-ates-etmemiz-emredildi\/#primaryimage","url":"https:\/\/avrupatv.eu\/wp-content\/uploads\/2025\/06\/101538421_hi046795433.jpg","contentUrl":"https:\/\/avrupatv.eu\/wp-content\/uploads\/2025\/06\/101538421_hi046795433.jpg","width":976,"height":549},{"@type":"BreadcrumbList","@id":"https:\/\/avrupatv.eu\/index.php\/2025\/06\/28\/israil-askerlerinden-sok-itiraf-ac-filistinlilere-ates-etmemiz-emredildi\/#breadcrumb","itemListElement":[{"@type":"ListItem","position":1,"name":"Anasayfa","item":"https:\/\/avrupatv.eu\/"},{"@type":"ListItem","position":2,"name":"\u0130srail Askerlerinden \u015eok \u0130tiraf: A\u00e7 Filistinlilere Ate\u015f Etmemiz Emredildi"}]},{"@type":"WebSite","@id":"https:\/\/avrupatv.eu\/#website","url":"https:\/\/avrupatv.eu\/","name":"Avrupal\u0131 T\u00fcrklerin en Yeni Haber Portal\u0131","description":"","publisher":{"@id":"https:\/\/avrupatv.eu\/#organization"},"alternateName":"Avrupa tv","potentialAction":[{"@type":"SearchAction","target":{"@type":"EntryPoint","urlTemplate":"https:\/\/avrupatv.eu\/?s={search_term_string}"},"query-input":{"@type":"PropertyValueSpecification","valueRequired":true,"valueName":"search_term_string"}}],"inLanguage":"tr"},{"@type":"Organization","@id":"https:\/\/avrupatv.eu\/#organization","name":"Avrupa Haber","url":"https:\/\/avrupatv.eu\/","logo":{"@type":"ImageObject","inLanguage":"tr","@id":"https:\/\/avrupatv.eu\/#\/schema\/logo\/image\/","url":"https:\/\/avrupatv.eu\/wp-content\/uploads\/2023\/10\/cropped-thumbnail_logo.png","contentUrl":"https:\/\/avrupatv.eu\/wp-content\/uploads\/2023\/10\/cropped-thumbnail_logo.png","width":1025,"height":302,"caption":"Avrupa Haber"},"image":{"@id":"https:\/\/avrupatv.eu\/#\/schema\/logo\/image\/"}},{"@type":"Person","@id":"https:\/\/avrupatv.eu\/#\/schema\/person\/d56afa5d5569da4029d483da36c0c17d","name":"Onur Akpinar","image":{"@type":"ImageObject","inLanguage":"tr","@id":"https:\/\/secure.gravatar.com\/avatar\/67a1a0bdf34f82da209334e4684b7e7171a58a5a2b0a8f836b61044f5c1f5d6a?s=96&d=mm&r=g","url":"https:\/\/secure.gravatar.com\/avatar\/67a1a0bdf34f82da209334e4684b7e7171a58a5a2b0a8f836b61044f5c1f5d6a?s=96&d=mm&r=g","contentUrl":"https:\/\/secure.gravatar.com\/avatar\/67a1a0bdf34f82da209334e4684b7e7171a58a5a2b0a8f836b61044f5c1f5d6a?s=96&d=mm&r=g","caption":"Onur Akpinar"},"url":"https:\/\/avrupatv.eu\/index.php\/author\/onur-akpinar\/"}]}},"_links":{"self":[{"href":"https:\/\/avrupatv.eu\/index.php\/wp-json\/wp\/v2\/posts\/1252","targetHints":{"allow":["GET"]}}],"collection":[{"href":"https:\/\/avrupatv.eu\/index.php\/wp-json\/wp\/v2\/posts"}],"about":[{"href":"https:\/\/avrupatv.eu\/index.php\/wp-json\/wp\/v2\/types\/post"}],"author":[{"embeddable":true,"href":"https:\/\/avrupatv.eu\/index.php\/wp-json\/wp\/v2\/users\/2"}],"replies":[{"embeddable":true,"href":"https:\/\/avrupatv.eu\/index.php\/wp-json\/wp\/v2\/comments?post=1252"}],"version-history":[{"count":1,"href":"https:\/\/avrupatv.eu\/index.php\/wp-json\/wp\/v2\/posts\/1252\/revisions"}],"predecessor-version":[{"id":1254,"href":"https:\/\/avrupatv.eu\/index.php\/wp-json\/wp\/v2\/posts\/1252\/revisions\/1254"}],"wp:featuredmedia":[{"embeddable":true,"href":"https:\/\/avrupatv.eu\/index.php\/wp-json\/wp\/v2\/media\/1253"}],"wp:attachment":[{"href":"https:\/\/avrupatv.eu\/index.php\/wp-json\/wp\/v2\/media?parent=1252"}],"wp:term":[{"taxonomy":"category","embeddable":true,"href":"https:\/\/avrupatv.eu\/index.php\/wp-json\/wp\/v2\/categories?post=1252"},{"taxonomy":"post_tag","embeddable":true,"href":"https:\/\/avrupatv.eu\/index.php\/wp-json\/wp\/v2\/tags?post=1252"}],"curies":[{"name":"wp","href":"https:\/\/api.w.org\/{rel}","templated":true}]}}