{"id":1243,"date":"2025-06-23T19:46:40","date_gmt":"2025-06-23T19:46:40","guid":{"rendered":"https:\/\/avrupatv.eu\/?p=1243"},"modified":"2025-06-23T19:50:07","modified_gmt":"2025-06-23T19:50:07","slug":"maasmechelende-korkunc-patlama-evde-kalan-kisi-gazi-acmakla-tehdit-etmis","status":"publish","type":"post","link":"https:\/\/avrupatv.eu\/index.php\/2025\/06\/23\/maasmechelende-korkunc-patlama-evde-kalan-kisi-gazi-acmakla-tehdit-etmis\/","title":{"rendered":"Maasmechelen\u2019de Korkun\u00e7 Patlama: Evde Kalan Ki\u015fi Gaz\u0131 A\u00e7makla Tehdit Etmi\u015f!"},"content":{"rendered":"\n<p>Maasmechelen, Bel\u00e7ika \u2013 23 Haziran 2025<br>Limburg\u2019un Maasmechelen b\u00f6lgesinde bug\u00fcn ak\u015fam saatlerinde meydana gelen \u015fiddetli gaz patlamas\u0131nda iki ev tamamen y\u0131k\u0131ld\u0131. \u0130lk anda bir kaza san\u0131lan olay\u0131n arkas\u0131ndan \u015foke eden bir ger\u00e7ek \u00e7\u0131kt\u0131: Belediye Ba\u015fkan\u0131 Raf Terwingen\u2019e g\u00f6re, evde kalan ki\u015fi patlamadan \u00f6nce do\u011falgaz\u0131 a\u00e7makla tehdit etmi\u015fti.<\/p>\n\n\n\n<p>Ev Yeni Al\u0131nm\u0131\u015ft\u0131, Tehdit Etti, Patlama Ger\u00e7ekle\u015fti<\/p>\n\n\n\n<p>Patlaman\u0131n ya\u015fand\u0131\u011f\u0131 evin k\u0131sa s\u00fcre \u00f6nce el de\u011fi\u015ftirdi\u011fi \u00f6\u011frenildi. Belediye Ba\u015fkan\u0131 Terwingen (CD&amp;V), olay\u0131n ard\u0131ndan yapt\u0131\u011f\u0131 a\u00e7\u0131klamada, evde kalan \u015fahs\u0131n do\u011falgaz hatt\u0131n\u0131 bilerek a\u00e7aca\u011f\u0131n\u0131 s\u00f6yledi\u011fini ve yard\u0131m ekiplerinin bu bilgiden haberdar oldu\u011funu belirtti.<\/p>\n\n\n\n<blockquote class=\"wp-block-quote is-layout-flow wp-block-quote-is-layout-flow\">\n<p>\u201cBu ki\u015finin do\u011falgaz\u0131 a\u00e7makla tehdit etti\u011fi bize bildirildi. Yard\u0131m ekipleri hemen mahalleyi tahliye etmeye ba\u015flad\u0131. B\u00fcy\u00fck bir faciadan d\u00f6n\u00fcld\u00fc,\u201d dedi Ba\u015fkan.<\/p>\n<\/blockquote>\n\n\n\n<p>H\u0131zl\u0131 Tahliye Can Kayb\u0131n\u0131 \u00d6nledi<\/p>\n\n\n\n<p>Patlama \u00f6ncesi al\u0131nan \u00f6nlemler sayesinde, \u00e7evredeki vatanda\u015flar zaman\u0131nda tahliye edildi ve ba\u015fka kimse yaralanmad\u0131. Yetkililer, gaz\u0131 a\u00e7an ki\u015finin halen enkaz alt\u0131nda ve hayatta olabilece\u011fini a\u00e7\u0131klad\u0131.<\/p>\n\n\n\n<p>Kaza De\u011fil, Bilin\u00e7li Bir Eylem \u015e\u00fcphesi<\/p>\n\n\n\n<p>Olay bir do\u011falgaz kazas\u0131 gibi g\u00f6r\u00fcnse de, \u015fu anki bulgular bilin\u00e7li bir eylem olabilece\u011fini g\u00f6steriyor. Psikolojik sorunlar ya\u015fad\u0131\u011f\u0131 d\u00fc\u015f\u00fcn\u00fclen \u015fahs\u0131n, bu patlamay\u0131 umutsuzluk i\u00e7inde kas\u0131tl\u0131 olarak ger\u00e7ekle\u015ftirmi\u015f olabilece\u011fi \u00fczerinde duruluyor.<\/p>\n\n\n\n<p>Soru\u015fturma S\u00fcr\u00fcyor<\/p>\n\n\n\n<p>Teknik ekipler evdeki gaz hatt\u0131, saya\u00e7lar ve tesisat \u00fczerinde detayl\u0131 inceleme yap\u0131yor. Polis olay\u0131n t\u00fcm y\u00f6nleriyle ara\u015ft\u0131r\u0131ld\u0131\u011f\u0131n\u0131 belirtti. Sabotaj m\u0131, intihar giri\u015fimi mi, yoksa ba\u015fka bir neden mi? Bu sorular\u0131n yan\u0131t\u0131 \u00f6n\u00fcm\u00fczdeki g\u00fcnlerde netlik kazanacak.<\/p>\n","protected":false},"excerpt":{"rendered":"<p>Maasmechelen, Bel\u00e7ika \u2013 23 Haziran 2025Limburg\u2019un Maasmechelen b\u00f6lgesinde bug\u00fcn ak\u015fam saatlerinde meydana gelen \u015fiddetli gaz patlamas\u0131nda iki ev tamamen y\u0131k\u0131ld\u0131. \u0130lk anda bir kaza san\u0131lan olay\u0131n arkas\u0131ndan \u015foke eden bir ger\u00e7ek \u00e7\u0131kt\u0131: Belediye Ba\u015fkan\u0131 Raf Terwingen\u2019e g\u00f6re, evde kalan ki\u015fi patlamadan \u00f6nce do\u011falgaz\u0131 a\u00e7makla tehdit etmi\u015fti. Ev Yeni Al\u0131nm\u0131\u015ft\u0131, Tehdit Etti, Patlama Ger\u00e7ekle\u015fti Patlaman\u0131n ya\u015fand\u0131\u011f\u0131 [&hellip;]<\/p>\n","protected":false},"author":2,"featured_media":1244,"comment_status":"open","ping_status":"open","sticky":false,"template":"","format":"standard","meta":{"footnotes":""},"categories":[1],"tags":[],"class_list":["post-1243","post","type-post","status-publish","format-standard","has-post-thumbnail","hentry","category-blog"],"yoast_head":"<!-- This site is optimized with the Yoast SEO plugin v27.4 - https:\/\/yoast.com\/product\/yoast-seo-wordpress\/ -->\n<title>Maasmechelen\u2019de Korkun\u00e7 Patlama: Evde Kalan Ki\u015fi Gaz\u0131 A\u00e7makla Tehdit Etmi\u015f! - Avrupal\u0131 T\u00fcrklerin en Yeni Haber Portal\u0131<\/title>\n<meta name=\"robots\" content=\"index, follow, max-snippet:-1, max-image-preview:large, max-video-preview:-1\" \/>\n<link rel=\"canonical\" href=\"https:\/\/avrupatv.eu\/index.php\/2025\/06\/23\/maasmechelende-korkunc-patlama-evde-kalan-kisi-gazi-acmakla-tehdit-etmis\/\" \/>\n<meta property=\"og:locale\" content=\"tr_TR\" \/>\n<meta property=\"og:type\" content=\"article\" \/>\n<meta property=\"og:title\" content=\"Maasmechelen\u2019de Korkun\u00e7 Patlama: Evde Kalan Ki\u015fi Gaz\u0131 A\u00e7makla Tehdit Etmi\u015f! - Avrupal\u0131 T\u00fcrklerin en Yeni Haber Portal\u0131\" \/>\n<meta property=\"og:description\" content=\"Maasmechelen, Bel\u00e7ika \u2013 23 Haziran 2025Limburg\u2019un Maasmechelen b\u00f6lgesinde bug\u00fcn ak\u015fam saatlerinde meydana gelen \u015fiddetli gaz patlamas\u0131nda iki ev tamamen y\u0131k\u0131ld\u0131. \u0130lk anda bir kaza san\u0131lan olay\u0131n arkas\u0131ndan \u015foke eden bir ger\u00e7ek \u00e7\u0131kt\u0131: Belediye Ba\u015fkan\u0131 Raf Terwingen\u2019e g\u00f6re, evde kalan ki\u015fi patlamadan \u00f6nce do\u011falgaz\u0131 a\u00e7makla tehdit etmi\u015fti. Ev Yeni Al\u0131nm\u0131\u015ft\u0131, Tehdit Etti, Patlama Ger\u00e7ekle\u015fti Patlaman\u0131n ya\u015fand\u0131\u011f\u0131 [&hellip;]\" \/>\n<meta property=\"og:url\" content=\"https:\/\/avrupatv.eu\/index.php\/2025\/06\/23\/maasmechelende-korkunc-patlama-evde-kalan-kisi-gazi-acmakla-tehdit-etmis\/\" \/>\n<meta property=\"og:site_name\" content=\"Avrupal\u0131 T\u00fcrklerin en Yeni Haber Portal\u0131\" \/>\n<meta property=\"article:published_time\" content=\"2025-06-23T19:46:40+00:00\" \/>\n<meta property=\"article:modified_time\" content=\"2025-06-23T19:50:07+00:00\" \/>\n<meta property=\"og:image\" content=\"https:\/\/avrupatv.eu\/wp-content\/uploads\/2025\/06\/Screenshot_20250623_214524_Chrome.jpg\" \/>\n\t<meta property=\"og:image:width\" content=\"1460\" \/>\n\t<meta property=\"og:image:height\" content=\"1928\" \/>\n\t<meta property=\"og:image:type\" content=\"image\/jpeg\" \/>\n<meta name=\"author\" content=\"Onur Akpinar\" \/>\n<meta name=\"twitter:card\" content=\"summary_large_image\" \/>\n<meta name=\"twitter:label1\" content=\"Yazan:\" \/>\n\t<meta name=\"twitter:data1\" content=\"Onur Akpinar\" \/>\n\t<meta name=\"twitter:label2\" content=\"Tahmini okuma s\u00fcresi\" \/>\n\t<meta name=\"twitter:data2\" content=\"2 dakika\" \/>\n<script type=\"application\/ld+json\" class=\"yoast-schema-graph\">{\"@context\":\"https:\\\/\\\/schema.org\",\"@graph\":[{\"@type\":\"Article\",\"@id\":\"https:\\\/\\\/avrupatv.eu\\\/index.php\\\/2025\\\/06\\\/23\\\/maasmechelende-korkunc-patlama-evde-kalan-kisi-gazi-acmakla-tehdit-etmis\\\/#article\",\"isPartOf\":{\"@id\":\"https:\\\/\\\/avrupatv.eu\\\/index.php\\\/2025\\\/06\\\/23\\\/maasmechelende-korkunc-patlama-evde-kalan-kisi-gazi-acmakla-tehdit-etmis\\\/\"},\"author\":{\"name\":\"Onur Akpinar\",\"@id\":\"https:\\\/\\\/avrupatv.eu\\\/#\\\/schema\\\/person\\\/d56afa5d5569da4029d483da36c0c17d\"},\"headline\":\"Maasmechelen\u2019de Korkun\u00e7 Patlama: Evde Kalan Ki\u015fi Gaz\u0131 A\u00e7makla Tehdit Etmi\u015f!\",\"datePublished\":\"2025-06-23T19:46:40+00:00\",\"dateModified\":\"2025-06-23T19:50:07+00:00\",\"mainEntityOfPage\":{\"@id\":\"https:\\\/\\\/avrupatv.eu\\\/index.php\\\/2025\\\/06\\\/23\\\/maasmechelende-korkunc-patlama-evde-kalan-kisi-gazi-acmakla-tehdit-etmis\\\/\"},\"wordCount\":324,\"commentCount\":0,\"publisher\":{\"@id\":\"https:\\\/\\\/avrupatv.eu\\\/#organization\"},\"image\":{\"@id\":\"https:\\\/\\\/avrupatv.eu\\\/index.php\\\/2025\\\/06\\\/23\\\/maasmechelende-korkunc-patlama-evde-kalan-kisi-gazi-acmakla-tehdit-etmis\\\/#primaryimage\"},\"thumbnailUrl\":\"https:\\\/\\\/avrupatv.eu\\\/wp-content\\\/uploads\\\/2025\\\/06\\\/Screenshot_20250623_214524_Chrome.jpg\",\"articleSection\":[\"Blog\"],\"inLanguage\":\"tr\",\"potentialAction\":[{\"@type\":\"CommentAction\",\"name\":\"Comment\",\"target\":[\"https:\\\/\\\/avrupatv.eu\\\/index.php\\\/2025\\\/06\\\/23\\\/maasmechelende-korkunc-patlama-evde-kalan-kisi-gazi-acmakla-tehdit-etmis\\\/#respond\"]}]},{\"@type\":\"WebPage\",\"@id\":\"https:\\\/\\\/avrupatv.eu\\\/index.php\\\/2025\\\/06\\\/23\\\/maasmechelende-korkunc-patlama-evde-kalan-kisi-gazi-acmakla-tehdit-etmis\\\/\",\"url\":\"https:\\\/\\\/avrupatv.eu\\\/index.php\\\/2025\\\/06\\\/23\\\/maasmechelende-korkunc-patlama-evde-kalan-kisi-gazi-acmakla-tehdit-etmis\\\/\",\"name\":\"Maasmechelen\u2019de Korkun\u00e7 Patlama: Evde Kalan Ki\u015fi Gaz\u0131 A\u00e7makla Tehdit Etmi\u015f! - Avrupal\u0131 T\u00fcrklerin en Yeni Haber Portal\u0131\",\"isPartOf\":{\"@id\":\"https:\\\/\\\/avrupatv.eu\\\/#website\"},\"primaryImageOfPage\":{\"@id\":\"https:\\\/\\\/avrupatv.eu\\\/index.php\\\/2025\\\/06\\\/23\\\/maasmechelende-korkunc-patlama-evde-kalan-kisi-gazi-acmakla-tehdit-etmis\\\/#primaryimage\"},\"image\":{\"@id\":\"https:\\\/\\\/avrupatv.eu\\\/index.php\\\/2025\\\/06\\\/23\\\/maasmechelende-korkunc-patlama-evde-kalan-kisi-gazi-acmakla-tehdit-etmis\\\/#primaryimage\"},\"thumbnailUrl\":\"https:\\\/\\\/avrupatv.eu\\\/wp-content\\\/uploads\\\/2025\\\/06\\\/Screenshot_20250623_214524_Chrome.jpg\",\"datePublished\":\"2025-06-23T19:46:40+00:00\",\"dateModified\":\"2025-06-23T19:50:07+00:00\",\"breadcrumb\":{\"@id\":\"https:\\\/\\\/avrupatv.eu\\\/index.php\\\/2025\\\/06\\\/23\\\/maasmechelende-korkunc-patlama-evde-kalan-kisi-gazi-acmakla-tehdit-etmis\\\/#breadcrumb\"},\"inLanguage\":\"tr\",\"potentialAction\":[{\"@type\":\"ReadAction\",\"target\":[\"https:\\\/\\\/avrupatv.eu\\\/index.php\\\/2025\\\/06\\\/23\\\/maasmechelende-korkunc-patlama-evde-kalan-kisi-gazi-acmakla-tehdit-etmis\\\/\"]}]},{\"@type\":\"ImageObject\",\"inLanguage\":\"tr\",\"@id\":\"https:\\\/\\\/avrupatv.eu\\\/index.php\\\/2025\\\/06\\\/23\\\/maasmechelende-korkunc-patlama-evde-kalan-kisi-gazi-acmakla-tehdit-etmis\\\/#primaryimage\",\"url\":\"https:\\\/\\\/avrupatv.eu\\\/wp-content\\\/uploads\\\/2025\\\/06\\\/Screenshot_20250623_214524_Chrome.jpg\",\"contentUrl\":\"https:\\\/\\\/avrupatv.eu\\\/wp-content\\\/uploads\\\/2025\\\/06\\\/Screenshot_20250623_214524_Chrome.jpg\",\"width\":1460,\"height\":1928},{\"@type\":\"BreadcrumbList\",\"@id\":\"https:\\\/\\\/avrupatv.eu\\\/index.php\\\/2025\\\/06\\\/23\\\/maasmechelende-korkunc-patlama-evde-kalan-kisi-gazi-acmakla-tehdit-etmis\\\/#breadcrumb\",\"itemListElement\":[{\"@type\":\"ListItem\",\"position\":1,\"name\":\"Anasayfa\",\"item\":\"https:\\\/\\\/avrupatv.eu\\\/\"},{\"@type\":\"ListItem\",\"position\":2,\"name\":\"Maasmechelen\u2019de Korkun\u00e7 Patlama: Evde Kalan Ki\u015fi Gaz\u0131 A\u00e7makla Tehdit Etmi\u015f!\"}]},{\"@type\":\"WebSite\",\"@id\":\"https:\\\/\\\/avrupatv.eu\\\/#website\",\"url\":\"https:\\\/\\\/avrupatv.eu\\\/\",\"name\":\"Avrupal\u0131 T\u00fcrklerin en Yeni Haber Portal\u0131\",\"description\":\"\",\"publisher\":{\"@id\":\"https:\\\/\\\/avrupatv.eu\\\/#organization\"},\"alternateName\":\"Avrupa tv\",\"potentialAction\":[{\"@type\":\"SearchAction\",\"target\":{\"@type\":\"EntryPoint\",\"urlTemplate\":\"https:\\\/\\\/avrupatv.eu\\\/?s={search_term_string}\"},\"query-input\":{\"@type\":\"PropertyValueSpecification\",\"valueRequired\":true,\"valueName\":\"search_term_string\"}}],\"inLanguage\":\"tr\"},{\"@type\":\"Organization\",\"@id\":\"https:\\\/\\\/avrupatv.eu\\\/#organization\",\"name\":\"Avrupa Haber\",\"url\":\"https:\\\/\\\/avrupatv.eu\\\/\",\"logo\":{\"@type\":\"ImageObject\",\"inLanguage\":\"tr\",\"@id\":\"https:\\\/\\\/avrupatv.eu\\\/#\\\/schema\\\/logo\\\/image\\\/\",\"url\":\"https:\\\/\\\/avrupatv.eu\\\/wp-content\\\/uploads\\\/2023\\\/10\\\/cropped-thumbnail_logo.png\",\"contentUrl\":\"https:\\\/\\\/avrupatv.eu\\\/wp-content\\\/uploads\\\/2023\\\/10\\\/cropped-thumbnail_logo.png\",\"width\":1025,\"height\":302,\"caption\":\"Avrupa Haber\"},\"image\":{\"@id\":\"https:\\\/\\\/avrupatv.eu\\\/#\\\/schema\\\/logo\\\/image\\\/\"}},{\"@type\":\"Person\",\"@id\":\"https:\\\/\\\/avrupatv.eu\\\/#\\\/schema\\\/person\\\/d56afa5d5569da4029d483da36c0c17d\",\"name\":\"Onur Akpinar\",\"image\":{\"@type\":\"ImageObject\",\"inLanguage\":\"tr\",\"@id\":\"https:\\\/\\\/secure.gravatar.com\\\/avatar\\\/67a1a0bdf34f82da209334e4684b7e7171a58a5a2b0a8f836b61044f5c1f5d6a?s=96&d=mm&r=g\",\"url\":\"https:\\\/\\\/secure.gravatar.com\\\/avatar\\\/67a1a0bdf34f82da209334e4684b7e7171a58a5a2b0a8f836b61044f5c1f5d6a?s=96&d=mm&r=g\",\"contentUrl\":\"https:\\\/\\\/secure.gravatar.com\\\/avatar\\\/67a1a0bdf34f82da209334e4684b7e7171a58a5a2b0a8f836b61044f5c1f5d6a?s=96&d=mm&r=g\",\"caption\":\"Onur Akpinar\"},\"url\":\"https:\\\/\\\/avrupatv.eu\\\/index.php\\\/author\\\/onur-akpinar\\\/\"}]}<\/script>\n<!-- \/ Yoast SEO plugin. -->","yoast_head_json":{"title":"Maasmechelen\u2019de Korkun\u00e7 Patlama: Evde Kalan Ki\u015fi Gaz\u0131 A\u00e7makla Tehdit Etmi\u015f! - Avrupal\u0131 T\u00fcrklerin en Yeni Haber Portal\u0131","robots":{"index":"index","follow":"follow","max-snippet":"max-snippet:-1","max-image-preview":"max-image-preview:large","max-video-preview":"max-video-preview:-1"},"canonical":"https:\/\/avrupatv.eu\/index.php\/2025\/06\/23\/maasmechelende-korkunc-patlama-evde-kalan-kisi-gazi-acmakla-tehdit-etmis\/","og_locale":"tr_TR","og_type":"article","og_title":"Maasmechelen\u2019de Korkun\u00e7 Patlama: Evde Kalan Ki\u015fi Gaz\u0131 A\u00e7makla Tehdit Etmi\u015f! - Avrupal\u0131 T\u00fcrklerin en Yeni Haber Portal\u0131","og_description":"Maasmechelen, Bel\u00e7ika \u2013 23 Haziran 2025Limburg\u2019un Maasmechelen b\u00f6lgesinde bug\u00fcn ak\u015fam saatlerinde meydana gelen \u015fiddetli gaz patlamas\u0131nda iki ev tamamen y\u0131k\u0131ld\u0131. \u0130lk anda bir kaza san\u0131lan olay\u0131n arkas\u0131ndan \u015foke eden bir ger\u00e7ek \u00e7\u0131kt\u0131: Belediye Ba\u015fkan\u0131 Raf Terwingen\u2019e g\u00f6re, evde kalan ki\u015fi patlamadan \u00f6nce do\u011falgaz\u0131 a\u00e7makla tehdit etmi\u015fti. Ev Yeni Al\u0131nm\u0131\u015ft\u0131, Tehdit Etti, Patlama Ger\u00e7ekle\u015fti Patlaman\u0131n ya\u015fand\u0131\u011f\u0131 [&hellip;]","og_url":"https:\/\/avrupatv.eu\/index.php\/2025\/06\/23\/maasmechelende-korkunc-patlama-evde-kalan-kisi-gazi-acmakla-tehdit-etmis\/","og_site_name":"Avrupal\u0131 T\u00fcrklerin en Yeni Haber Portal\u0131","article_published_time":"2025-06-23T19:46:40+00:00","article_modified_time":"2025-06-23T19:50:07+00:00","og_image":[{"width":1460,"height":1928,"url":"https:\/\/avrupatv.eu\/wp-content\/uploads\/2025\/06\/Screenshot_20250623_214524_Chrome.jpg","type":"image\/jpeg"}],"author":"Onur Akpinar","twitter_card":"summary_large_image","twitter_misc":{"Yazan:":"Onur Akpinar","Tahmini okuma s\u00fcresi":"2 dakika"},"schema":{"@context":"https:\/\/schema.org","@graph":[{"@type":"Article","@id":"https:\/\/avrupatv.eu\/index.php\/2025\/06\/23\/maasmechelende-korkunc-patlama-evde-kalan-kisi-gazi-acmakla-tehdit-etmis\/#article","isPartOf":{"@id":"https:\/\/avrupatv.eu\/index.php\/2025\/06\/23\/maasmechelende-korkunc-patlama-evde-kalan-kisi-gazi-acmakla-tehdit-etmis\/"},"author":{"name":"Onur Akpinar","@id":"https:\/\/avrupatv.eu\/#\/schema\/person\/d56afa5d5569da4029d483da36c0c17d"},"headline":"Maasmechelen\u2019de Korkun\u00e7 Patlama: Evde Kalan Ki\u015fi Gaz\u0131 A\u00e7makla Tehdit Etmi\u015f!","datePublished":"2025-06-23T19:46:40+00:00","dateModified":"2025-06-23T19:50:07+00:00","mainEntityOfPage":{"@id":"https:\/\/avrupatv.eu\/index.php\/2025\/06\/23\/maasmechelende-korkunc-patlama-evde-kalan-kisi-gazi-acmakla-tehdit-etmis\/"},"wordCount":324,"commentCount":0,"publisher":{"@id":"https:\/\/avrupatv.eu\/#organization"},"image":{"@id":"https:\/\/avrupatv.eu\/index.php\/2025\/06\/23\/maasmechelende-korkunc-patlama-evde-kalan-kisi-gazi-acmakla-tehdit-etmis\/#primaryimage"},"thumbnailUrl":"https:\/\/avrupatv.eu\/wp-content\/uploads\/2025\/06\/Screenshot_20250623_214524_Chrome.jpg","articleSection":["Blog"],"inLanguage":"tr","potentialAction":[{"@type":"CommentAction","name":"Comment","target":["https:\/\/avrupatv.eu\/index.php\/2025\/06\/23\/maasmechelende-korkunc-patlama-evde-kalan-kisi-gazi-acmakla-tehdit-etmis\/#respond"]}]},{"@type":"WebPage","@id":"https:\/\/avrupatv.eu\/index.php\/2025\/06\/23\/maasmechelende-korkunc-patlama-evde-kalan-kisi-gazi-acmakla-tehdit-etmis\/","url":"https:\/\/avrupatv.eu\/index.php\/2025\/06\/23\/maasmechelende-korkunc-patlama-evde-kalan-kisi-gazi-acmakla-tehdit-etmis\/","name":"Maasmechelen\u2019de Korkun\u00e7 Patlama: Evde Kalan Ki\u015fi Gaz\u0131 A\u00e7makla Tehdit Etmi\u015f! - Avrupal\u0131 T\u00fcrklerin en Yeni Haber Portal\u0131","isPartOf":{"@id":"https:\/\/avrupatv.eu\/#website"},"primaryImageOfPage":{"@id":"https:\/\/avrupatv.eu\/index.php\/2025\/06\/23\/maasmechelende-korkunc-patlama-evde-kalan-kisi-gazi-acmakla-tehdit-etmis\/#primaryimage"},"image":{"@id":"https:\/\/avrupatv.eu\/index.php\/2025\/06\/23\/maasmechelende-korkunc-patlama-evde-kalan-kisi-gazi-acmakla-tehdit-etmis\/#primaryimage"},"thumbnailUrl":"https:\/\/avrupatv.eu\/wp-content\/uploads\/2025\/06\/Screenshot_20250623_214524_Chrome.jpg","datePublished":"2025-06-23T19:46:40+00:00","dateModified":"2025-06-23T19:50:07+00:00","breadcrumb":{"@id":"https:\/\/avrupatv.eu\/index.php\/2025\/06\/23\/maasmechelende-korkunc-patlama-evde-kalan-kisi-gazi-acmakla-tehdit-etmis\/#breadcrumb"},"inLanguage":"tr","potentialAction":[{"@type":"ReadAction","target":["https:\/\/avrupatv.eu\/index.php\/2025\/06\/23\/maasmechelende-korkunc-patlama-evde-kalan-kisi-gazi-acmakla-tehdit-etmis\/"]}]},{"@type":"ImageObject","inLanguage":"tr","@id":"https:\/\/avrupatv.eu\/index.php\/2025\/06\/23\/maasmechelende-korkunc-patlama-evde-kalan-kisi-gazi-acmakla-tehdit-etmis\/#primaryimage","url":"https:\/\/avrupatv.eu\/wp-content\/uploads\/2025\/06\/Screenshot_20250623_214524_Chrome.jpg","contentUrl":"https:\/\/avrupatv.eu\/wp-content\/uploads\/2025\/06\/Screenshot_20250623_214524_Chrome.jpg","width":1460,"height":1928},{"@type":"BreadcrumbList","@id":"https:\/\/avrupatv.eu\/index.php\/2025\/06\/23\/maasmechelende-korkunc-patlama-evde-kalan-kisi-gazi-acmakla-tehdit-etmis\/#breadcrumb","itemListElement":[{"@type":"ListItem","position":1,"name":"Anasayfa","item":"https:\/\/avrupatv.eu\/"},{"@type":"ListItem","position":2,"name":"Maasmechelen\u2019de Korkun\u00e7 Patlama: Evde Kalan Ki\u015fi Gaz\u0131 A\u00e7makla Tehdit Etmi\u015f!"}]},{"@type":"WebSite","@id":"https:\/\/avrupatv.eu\/#website","url":"https:\/\/avrupatv.eu\/","name":"Avrupal\u0131 T\u00fcrklerin en Yeni Haber Portal\u0131","description":"","publisher":{"@id":"https:\/\/avrupatv.eu\/#organization"},"alternateName":"Avrupa tv","potentialAction":[{"@type":"SearchAction","target":{"@type":"EntryPoint","urlTemplate":"https:\/\/avrupatv.eu\/?s={search_term_string}"},"query-input":{"@type":"PropertyValueSpecification","valueRequired":true,"valueName":"search_term_string"}}],"inLanguage":"tr"},{"@type":"Organization","@id":"https:\/\/avrupatv.eu\/#organization","name":"Avrupa Haber","url":"https:\/\/avrupatv.eu\/","logo":{"@type":"ImageObject","inLanguage":"tr","@id":"https:\/\/avrupatv.eu\/#\/schema\/logo\/image\/","url":"https:\/\/avrupatv.eu\/wp-content\/uploads\/2023\/10\/cropped-thumbnail_logo.png","contentUrl":"https:\/\/avrupatv.eu\/wp-content\/uploads\/2023\/10\/cropped-thumbnail_logo.png","width":1025,"height":302,"caption":"Avrupa Haber"},"image":{"@id":"https:\/\/avrupatv.eu\/#\/schema\/logo\/image\/"}},{"@type":"Person","@id":"https:\/\/avrupatv.eu\/#\/schema\/person\/d56afa5d5569da4029d483da36c0c17d","name":"Onur Akpinar","image":{"@type":"ImageObject","inLanguage":"tr","@id":"https:\/\/secure.gravatar.com\/avatar\/67a1a0bdf34f82da209334e4684b7e7171a58a5a2b0a8f836b61044f5c1f5d6a?s=96&d=mm&r=g","url":"https:\/\/secure.gravatar.com\/avatar\/67a1a0bdf34f82da209334e4684b7e7171a58a5a2b0a8f836b61044f5c1f5d6a?s=96&d=mm&r=g","contentUrl":"https:\/\/secure.gravatar.com\/avatar\/67a1a0bdf34f82da209334e4684b7e7171a58a5a2b0a8f836b61044f5c1f5d6a?s=96&d=mm&r=g","caption":"Onur Akpinar"},"url":"https:\/\/avrupatv.eu\/index.php\/author\/onur-akpinar\/"}]}},"_links":{"self":[{"href":"https:\/\/avrupatv.eu\/index.php\/wp-json\/wp\/v2\/posts\/1243","targetHints":{"allow":["GET"]}}],"collection":[{"href":"https:\/\/avrupatv.eu\/index.php\/wp-json\/wp\/v2\/posts"}],"about":[{"href":"https:\/\/avrupatv.eu\/index.php\/wp-json\/wp\/v2\/types\/post"}],"author":[{"embeddable":true,"href":"https:\/\/avrupatv.eu\/index.php\/wp-json\/wp\/v2\/users\/2"}],"replies":[{"embeddable":true,"href":"https:\/\/avrupatv.eu\/index.php\/wp-json\/wp\/v2\/comments?post=1243"}],"version-history":[{"count":3,"href":"https:\/\/avrupatv.eu\/index.php\/wp-json\/wp\/v2\/posts\/1243\/revisions"}],"predecessor-version":[{"id":1247,"href":"https:\/\/avrupatv.eu\/index.php\/wp-json\/wp\/v2\/posts\/1243\/revisions\/1247"}],"wp:featuredmedia":[{"embeddable":true,"href":"https:\/\/avrupatv.eu\/index.php\/wp-json\/wp\/v2\/media\/1244"}],"wp:attachment":[{"href":"https:\/\/avrupatv.eu\/index.php\/wp-json\/wp\/v2\/media?parent=1243"}],"wp:term":[{"taxonomy":"category","embeddable":true,"href":"https:\/\/avrupatv.eu\/index.php\/wp-json\/wp\/v2\/categories?post=1243"},{"taxonomy":"post_tag","embeddable":true,"href":"https:\/\/avrupatv.eu\/index.php\/wp-json\/wp\/v2\/tags?post=1243"}],"curies":[{"name":"wp","href":"https:\/\/api.w.org\/{rel}","templated":true}]}}