{"id":1240,"date":"2025-06-23T13:37:13","date_gmt":"2025-06-23T13:37:13","guid":{"rendered":"https:\/\/avrupatv.eu\/?p=1240"},"modified":"2025-06-23T13:37:14","modified_gmt":"2025-06-23T13:37:14","slug":"samdaki-kilise-saldirisini-deas-ustlendi-en-az-22-olu-63-yarali","status":"publish","type":"post","link":"https:\/\/avrupatv.eu\/index.php\/2025\/06\/23\/samdaki-kilise-saldirisini-deas-ustlendi-en-az-22-olu-63-yarali\/","title":{"rendered":"\u015eam\u2019daki Kilise Sald\u0131r\u0131s\u0131n\u0131 DEA\u015e \u00dcstlendi: En Az 22 \u00d6l\u00fc, 63 Yaral\u0131"},"content":{"rendered":"\n<p>\u015eam\u2019daki Kilise Sald\u0131r\u0131s\u0131n\u0131 DEA\u015e \u00dcstlendi: En Az 22 \u00d6l\u00fc, 63 Yaral\u0131<\/p>\n\n\n\n<p>Suriye\u2019nin ba\u015fkenti \u015eam\u2019da ge\u00e7ti\u011fimiz g\u00fcnlerde Mar \u0130lyas Kilisesi\u2019ne d\u00fczenlenen kanl\u0131 sald\u0131r\u0131n\u0131n DEA\u015e ba\u011flant\u0131l\u0131 bir ter\u00f6rist taraf\u0131ndan ger\u00e7ekle\u015ftirildi\u011fi a\u00e7\u0131kland\u0131. Olayda en az 22 ki\u015fi hayat\u0131n\u0131 kaybetti, 63 ki\u015fi ise yaraland\u0131.<\/p>\n\n\n\n<p>Suriye \u0130\u00e7i\u015fleri Bakanl\u0131\u011f\u0131\u2019ndan yap\u0131lan a\u00e7\u0131klamaya g\u00f6re, sald\u0131r\u0131 22 Haziran ak\u015fam\u0131 \u015eam\u2019\u0131n Duveyla (Dweila) semtinde yer alan Mar \u0130lyas Kilisesi\u2019nde ger\u00e7ekle\u015fti. Ter\u00f6rist \u00f6nce ibadet halindeki cemaate ate\u015f a\u00e7t\u0131, ard\u0131ndan \u00fczerindeki bombay\u0131 infilak ettirdi.<\/p>\n\n\n\n<p>Bakanl\u0131k S\u00f6zc\u00fcs\u00fc Nureddin Baba, sald\u0131rgan\u0131n DEA\u015e mensubu oldu\u011funu belirtti. Olay yerinde yap\u0131lan ilk incelemelerde sald\u0131r\u0131n\u0131n planl\u0131 bir \u015fekilde ger\u00e7ekle\u015ftirildi\u011fi, ter\u00f6ristin kimli\u011finin belirlendi\u011fi ve soru\u015fturman\u0131n derinle\u015ftirildi\u011fi ifade edildi.<\/p>\n\n\n\n<p>Suriye Sa\u011fl\u0131k Bakanl\u0131\u011f\u0131, \u00f6l\u00fc say\u0131s\u0131n\u0131 22, yaral\u0131 say\u0131s\u0131n\u0131 ise 63 olarak a\u00e7\u0131klad\u0131. Yaral\u0131lar\u0131n \u00e7o\u011funun durumu ciddiyetini koruyor.<\/p>\n\n\n\n<p>Sald\u0131r\u0131 sonras\u0131 a\u00e7\u0131klamalarda bulunan Suriye D\u0131\u015fi\u015fleri Bakanl\u0131\u011f\u0131, sald\u0131r\u0131n\u0131n yaln\u0131zca Hristiyanlara de\u011fil, t\u00fcm Suriye halk\u0131n\u0131n birlik ve beraberli\u011fine yap\u0131lm\u0131\u015f bir sald\u0131r\u0131 oldu\u011funu vurgulad\u0131.<\/p>\n\n\n\n<p>Birle\u015fmi\u015f Milletler Suriye \u00d6zel Temsilcisi Geir O. Pedersen ve ABD&#8217;nin Suriye \u00d6zel Temsilcisi dahil bir\u00e7ok uluslararas\u0131 isim sald\u0131r\u0131y\u0131 k\u0131nad\u0131. Pedersen, sald\u0131r\u0131n\u0131n \u201cen g\u00fc\u00e7l\u00fc ifadelerle\u201d k\u0131nand\u0131\u011f\u0131n\u0131 belirtti.<\/p>\n\n\n\n<p>\u00d6te yandan Kuzey ve Do\u011fu Suriye\u2019de faaliyet g\u00f6steren 33 siyasi parti ve \u00f6rg\u00fct de sald\u0131r\u0131y\u0131 k\u0131nayarak, baz\u0131lar\u0131 olaydan Suriye h\u00fck\u00fcmetini sorumlu tuttu ve ba\u011f\u0131ms\u0131z bir soru\u015fturma \u00e7a\u011fr\u0131s\u0131 yapt\u0131.<\/p>\n\n\n\n<p>Suriye\u2019de g\u00fcvenlik zafiyeti ve radikal gruplar\u0131n yeniden sahneye \u00e7\u0131kma ihtimali, \u00fclkede bar\u0131\u015f ve istikrar aray\u0131\u015f\u0131n\u0131 daha da zora sokuyor.<\/p>\n\n\n\n<p>Avrupa TV geli\u015fmeleri yak\u0131ndan takip etmeye devam edecek.<\/p>\n","protected":false},"excerpt":{"rendered":"<p>\u015eam\u2019daki Kilise Sald\u0131r\u0131s\u0131n\u0131 DEA\u015e \u00dcstlendi: En Az 22 \u00d6l\u00fc, 63 Yaral\u0131 Suriye\u2019nin ba\u015fkenti \u015eam\u2019da ge\u00e7ti\u011fimiz g\u00fcnlerde Mar \u0130lyas Kilisesi\u2019ne d\u00fczenlenen kanl\u0131 sald\u0131r\u0131n\u0131n DEA\u015e ba\u011flant\u0131l\u0131 bir ter\u00f6rist taraf\u0131ndan ger\u00e7ekle\u015ftirildi\u011fi a\u00e7\u0131kland\u0131. Olayda en az 22 ki\u015fi hayat\u0131n\u0131 kaybetti, 63 ki\u015fi ise yaraland\u0131. Suriye \u0130\u00e7i\u015fleri Bakanl\u0131\u011f\u0131\u2019ndan yap\u0131lan a\u00e7\u0131klamaya g\u00f6re, sald\u0131r\u0131 22 Haziran ak\u015fam\u0131 \u015eam\u2019\u0131n Duveyla (Dweila) semtinde yer [&hellip;]<\/p>\n","protected":false},"author":2,"featured_media":1241,"comment_status":"open","ping_status":"open","sticky":false,"template":"","format":"standard","meta":{"footnotes":""},"categories":[6,7],"tags":[],"class_list":["post-1240","post","type-post","status-publish","format-standard","has-post-thumbnail","hentry","category-dunya","category-savas"],"yoast_head":"<!-- This site is optimized with the Yoast SEO plugin v27.4 - https:\/\/yoast.com\/product\/yoast-seo-wordpress\/ -->\n<title>\u015eam\u2019daki Kilise Sald\u0131r\u0131s\u0131n\u0131 DEA\u015e \u00dcstlendi: En Az 22 \u00d6l\u00fc, 63 Yaral\u0131 - Avrupal\u0131 T\u00fcrklerin en Yeni Haber Portal\u0131<\/title>\n<meta name=\"robots\" content=\"index, follow, max-snippet:-1, max-image-preview:large, max-video-preview:-1\" \/>\n<link rel=\"canonical\" href=\"https:\/\/avrupatv.eu\/index.php\/2025\/06\/23\/samdaki-kilise-saldirisini-deas-ustlendi-en-az-22-olu-63-yarali\/\" \/>\n<meta property=\"og:locale\" content=\"tr_TR\" \/>\n<meta property=\"og:type\" content=\"article\" \/>\n<meta property=\"og:title\" content=\"\u015eam\u2019daki Kilise Sald\u0131r\u0131s\u0131n\u0131 DEA\u015e \u00dcstlendi: En Az 22 \u00d6l\u00fc, 63 Yaral\u0131 - Avrupal\u0131 T\u00fcrklerin en Yeni Haber Portal\u0131\" \/>\n<meta property=\"og:description\" content=\"\u015eam\u2019daki Kilise Sald\u0131r\u0131s\u0131n\u0131 DEA\u015e \u00dcstlendi: En Az 22 \u00d6l\u00fc, 63 Yaral\u0131 Suriye\u2019nin ba\u015fkenti \u015eam\u2019da ge\u00e7ti\u011fimiz g\u00fcnlerde Mar \u0130lyas Kilisesi\u2019ne d\u00fczenlenen kanl\u0131 sald\u0131r\u0131n\u0131n DEA\u015e ba\u011flant\u0131l\u0131 bir ter\u00f6rist taraf\u0131ndan ger\u00e7ekle\u015ftirildi\u011fi a\u00e7\u0131kland\u0131. Olayda en az 22 ki\u015fi hayat\u0131n\u0131 kaybetti, 63 ki\u015fi ise yaraland\u0131. Suriye \u0130\u00e7i\u015fleri Bakanl\u0131\u011f\u0131\u2019ndan yap\u0131lan a\u00e7\u0131klamaya g\u00f6re, sald\u0131r\u0131 22 Haziran ak\u015fam\u0131 \u015eam\u2019\u0131n Duveyla (Dweila) semtinde yer [&hellip;]\" \/>\n<meta property=\"og:url\" content=\"https:\/\/avrupatv.eu\/index.php\/2025\/06\/23\/samdaki-kilise-saldirisini-deas-ustlendi-en-az-22-olu-63-yarali\/\" \/>\n<meta property=\"og:site_name\" content=\"Avrupal\u0131 T\u00fcrklerin en Yeni Haber Portal\u0131\" \/>\n<meta property=\"article:published_time\" content=\"2025-06-23T13:37:13+00:00\" \/>\n<meta property=\"article:modified_time\" content=\"2025-06-23T13:37:14+00:00\" \/>\n<meta property=\"og:image\" content=\"https:\/\/avrupatv.eu\/wp-content\/uploads\/2025\/06\/sam-kilise-saldiri.jpg\" \/>\n\t<meta property=\"og:image:width\" content=\"1280\" \/>\n\t<meta property=\"og:image:height\" content=\"960\" \/>\n\t<meta property=\"og:image:type\" content=\"image\/jpeg\" \/>\n<meta name=\"author\" content=\"Onur Akpinar\" \/>\n<meta name=\"twitter:card\" content=\"summary_large_image\" \/>\n<meta name=\"twitter:label1\" content=\"Yazan:\" \/>\n\t<meta name=\"twitter:data1\" content=\"Onur Akpinar\" \/>\n\t<meta name=\"twitter:label2\" content=\"Tahmini okuma s\u00fcresi\" \/>\n\t<meta name=\"twitter:data2\" content=\"2 dakika\" \/>\n<script type=\"application\/ld+json\" class=\"yoast-schema-graph\">{\"@context\":\"https:\\\/\\\/schema.org\",\"@graph\":[{\"@type\":\"Article\",\"@id\":\"https:\\\/\\\/avrupatv.eu\\\/index.php\\\/2025\\\/06\\\/23\\\/samdaki-kilise-saldirisini-deas-ustlendi-en-az-22-olu-63-yarali\\\/#article\",\"isPartOf\":{\"@id\":\"https:\\\/\\\/avrupatv.eu\\\/index.php\\\/2025\\\/06\\\/23\\\/samdaki-kilise-saldirisini-deas-ustlendi-en-az-22-olu-63-yarali\\\/\"},\"author\":{\"name\":\"Onur Akpinar\",\"@id\":\"https:\\\/\\\/avrupatv.eu\\\/#\\\/schema\\\/person\\\/d56afa5d5569da4029d483da36c0c17d\"},\"headline\":\"\u015eam\u2019daki Kilise Sald\u0131r\u0131s\u0131n\u0131 DEA\u015e \u00dcstlendi: En Az 22 \u00d6l\u00fc, 63 Yaral\u0131\",\"datePublished\":\"2025-06-23T13:37:13+00:00\",\"dateModified\":\"2025-06-23T13:37:14+00:00\",\"mainEntityOfPage\":{\"@id\":\"https:\\\/\\\/avrupatv.eu\\\/index.php\\\/2025\\\/06\\\/23\\\/samdaki-kilise-saldirisini-deas-ustlendi-en-az-22-olu-63-yarali\\\/\"},\"wordCount\":343,\"commentCount\":0,\"publisher\":{\"@id\":\"https:\\\/\\\/avrupatv.eu\\\/#organization\"},\"image\":{\"@id\":\"https:\\\/\\\/avrupatv.eu\\\/index.php\\\/2025\\\/06\\\/23\\\/samdaki-kilise-saldirisini-deas-ustlendi-en-az-22-olu-63-yarali\\\/#primaryimage\"},\"thumbnailUrl\":\"https:\\\/\\\/avrupatv.eu\\\/wp-content\\\/uploads\\\/2025\\\/06\\\/sam-kilise-saldiri.jpg\",\"articleSection\":[\"D\u00fcnya\",\"Sava\u015f\"],\"inLanguage\":\"tr\",\"potentialAction\":[{\"@type\":\"CommentAction\",\"name\":\"Comment\",\"target\":[\"https:\\\/\\\/avrupatv.eu\\\/index.php\\\/2025\\\/06\\\/23\\\/samdaki-kilise-saldirisini-deas-ustlendi-en-az-22-olu-63-yarali\\\/#respond\"]}]},{\"@type\":\"WebPage\",\"@id\":\"https:\\\/\\\/avrupatv.eu\\\/index.php\\\/2025\\\/06\\\/23\\\/samdaki-kilise-saldirisini-deas-ustlendi-en-az-22-olu-63-yarali\\\/\",\"url\":\"https:\\\/\\\/avrupatv.eu\\\/index.php\\\/2025\\\/06\\\/23\\\/samdaki-kilise-saldirisini-deas-ustlendi-en-az-22-olu-63-yarali\\\/\",\"name\":\"\u015eam\u2019daki Kilise Sald\u0131r\u0131s\u0131n\u0131 DEA\u015e \u00dcstlendi: En Az 22 \u00d6l\u00fc, 63 Yaral\u0131 - Avrupal\u0131 T\u00fcrklerin en Yeni Haber Portal\u0131\",\"isPartOf\":{\"@id\":\"https:\\\/\\\/avrupatv.eu\\\/#website\"},\"primaryImageOfPage\":{\"@id\":\"https:\\\/\\\/avrupatv.eu\\\/index.php\\\/2025\\\/06\\\/23\\\/samdaki-kilise-saldirisini-deas-ustlendi-en-az-22-olu-63-yarali\\\/#primaryimage\"},\"image\":{\"@id\":\"https:\\\/\\\/avrupatv.eu\\\/index.php\\\/2025\\\/06\\\/23\\\/samdaki-kilise-saldirisini-deas-ustlendi-en-az-22-olu-63-yarali\\\/#primaryimage\"},\"thumbnailUrl\":\"https:\\\/\\\/avrupatv.eu\\\/wp-content\\\/uploads\\\/2025\\\/06\\\/sam-kilise-saldiri.jpg\",\"datePublished\":\"2025-06-23T13:37:13+00:00\",\"dateModified\":\"2025-06-23T13:37:14+00:00\",\"breadcrumb\":{\"@id\":\"https:\\\/\\\/avrupatv.eu\\\/index.php\\\/2025\\\/06\\\/23\\\/samdaki-kilise-saldirisini-deas-ustlendi-en-az-22-olu-63-yarali\\\/#breadcrumb\"},\"inLanguage\":\"tr\",\"potentialAction\":[{\"@type\":\"ReadAction\",\"target\":[\"https:\\\/\\\/avrupatv.eu\\\/index.php\\\/2025\\\/06\\\/23\\\/samdaki-kilise-saldirisini-deas-ustlendi-en-az-22-olu-63-yarali\\\/\"]}]},{\"@type\":\"ImageObject\",\"inLanguage\":\"tr\",\"@id\":\"https:\\\/\\\/avrupatv.eu\\\/index.php\\\/2025\\\/06\\\/23\\\/samdaki-kilise-saldirisini-deas-ustlendi-en-az-22-olu-63-yarali\\\/#primaryimage\",\"url\":\"https:\\\/\\\/avrupatv.eu\\\/wp-content\\\/uploads\\\/2025\\\/06\\\/sam-kilise-saldiri.jpg\",\"contentUrl\":\"https:\\\/\\\/avrupatv.eu\\\/wp-content\\\/uploads\\\/2025\\\/06\\\/sam-kilise-saldiri.jpg\",\"width\":1280,\"height\":960},{\"@type\":\"BreadcrumbList\",\"@id\":\"https:\\\/\\\/avrupatv.eu\\\/index.php\\\/2025\\\/06\\\/23\\\/samdaki-kilise-saldirisini-deas-ustlendi-en-az-22-olu-63-yarali\\\/#breadcrumb\",\"itemListElement\":[{\"@type\":\"ListItem\",\"position\":1,\"name\":\"Anasayfa\",\"item\":\"https:\\\/\\\/avrupatv.eu\\\/\"},{\"@type\":\"ListItem\",\"position\":2,\"name\":\"\u015eam\u2019daki Kilise Sald\u0131r\u0131s\u0131n\u0131 DEA\u015e \u00dcstlendi: En Az 22 \u00d6l\u00fc, 63 Yaral\u0131\"}]},{\"@type\":\"WebSite\",\"@id\":\"https:\\\/\\\/avrupatv.eu\\\/#website\",\"url\":\"https:\\\/\\\/avrupatv.eu\\\/\",\"name\":\"Avrupal\u0131 T\u00fcrklerin en Yeni Haber Portal\u0131\",\"description\":\"\",\"publisher\":{\"@id\":\"https:\\\/\\\/avrupatv.eu\\\/#organization\"},\"alternateName\":\"Avrupa tv\",\"potentialAction\":[{\"@type\":\"SearchAction\",\"target\":{\"@type\":\"EntryPoint\",\"urlTemplate\":\"https:\\\/\\\/avrupatv.eu\\\/?s={search_term_string}\"},\"query-input\":{\"@type\":\"PropertyValueSpecification\",\"valueRequired\":true,\"valueName\":\"search_term_string\"}}],\"inLanguage\":\"tr\"},{\"@type\":\"Organization\",\"@id\":\"https:\\\/\\\/avrupatv.eu\\\/#organization\",\"name\":\"Avrupa Haber\",\"url\":\"https:\\\/\\\/avrupatv.eu\\\/\",\"logo\":{\"@type\":\"ImageObject\",\"inLanguage\":\"tr\",\"@id\":\"https:\\\/\\\/avrupatv.eu\\\/#\\\/schema\\\/logo\\\/image\\\/\",\"url\":\"https:\\\/\\\/avrupatv.eu\\\/wp-content\\\/uploads\\\/2023\\\/10\\\/cropped-thumbnail_logo.png\",\"contentUrl\":\"https:\\\/\\\/avrupatv.eu\\\/wp-content\\\/uploads\\\/2023\\\/10\\\/cropped-thumbnail_logo.png\",\"width\":1025,\"height\":302,\"caption\":\"Avrupa Haber\"},\"image\":{\"@id\":\"https:\\\/\\\/avrupatv.eu\\\/#\\\/schema\\\/logo\\\/image\\\/\"}},{\"@type\":\"Person\",\"@id\":\"https:\\\/\\\/avrupatv.eu\\\/#\\\/schema\\\/person\\\/d56afa5d5569da4029d483da36c0c17d\",\"name\":\"Onur Akpinar\",\"image\":{\"@type\":\"ImageObject\",\"inLanguage\":\"tr\",\"@id\":\"https:\\\/\\\/secure.gravatar.com\\\/avatar\\\/67a1a0bdf34f82da209334e4684b7e7171a58a5a2b0a8f836b61044f5c1f5d6a?s=96&d=mm&r=g\",\"url\":\"https:\\\/\\\/secure.gravatar.com\\\/avatar\\\/67a1a0bdf34f82da209334e4684b7e7171a58a5a2b0a8f836b61044f5c1f5d6a?s=96&d=mm&r=g\",\"contentUrl\":\"https:\\\/\\\/secure.gravatar.com\\\/avatar\\\/67a1a0bdf34f82da209334e4684b7e7171a58a5a2b0a8f836b61044f5c1f5d6a?s=96&d=mm&r=g\",\"caption\":\"Onur Akpinar\"},\"url\":\"https:\\\/\\\/avrupatv.eu\\\/index.php\\\/author\\\/onur-akpinar\\\/\"}]}<\/script>\n<!-- \/ Yoast SEO plugin. -->","yoast_head_json":{"title":"\u015eam\u2019daki Kilise Sald\u0131r\u0131s\u0131n\u0131 DEA\u015e \u00dcstlendi: En Az 22 \u00d6l\u00fc, 63 Yaral\u0131 - Avrupal\u0131 T\u00fcrklerin en Yeni Haber Portal\u0131","robots":{"index":"index","follow":"follow","max-snippet":"max-snippet:-1","max-image-preview":"max-image-preview:large","max-video-preview":"max-video-preview:-1"},"canonical":"https:\/\/avrupatv.eu\/index.php\/2025\/06\/23\/samdaki-kilise-saldirisini-deas-ustlendi-en-az-22-olu-63-yarali\/","og_locale":"tr_TR","og_type":"article","og_title":"\u015eam\u2019daki Kilise Sald\u0131r\u0131s\u0131n\u0131 DEA\u015e \u00dcstlendi: En Az 22 \u00d6l\u00fc, 63 Yaral\u0131 - Avrupal\u0131 T\u00fcrklerin en Yeni Haber Portal\u0131","og_description":"\u015eam\u2019daki Kilise Sald\u0131r\u0131s\u0131n\u0131 DEA\u015e \u00dcstlendi: En Az 22 \u00d6l\u00fc, 63 Yaral\u0131 Suriye\u2019nin ba\u015fkenti \u015eam\u2019da ge\u00e7ti\u011fimiz g\u00fcnlerde Mar \u0130lyas Kilisesi\u2019ne d\u00fczenlenen kanl\u0131 sald\u0131r\u0131n\u0131n DEA\u015e ba\u011flant\u0131l\u0131 bir ter\u00f6rist taraf\u0131ndan ger\u00e7ekle\u015ftirildi\u011fi a\u00e7\u0131kland\u0131. Olayda en az 22 ki\u015fi hayat\u0131n\u0131 kaybetti, 63 ki\u015fi ise yaraland\u0131. Suriye \u0130\u00e7i\u015fleri Bakanl\u0131\u011f\u0131\u2019ndan yap\u0131lan a\u00e7\u0131klamaya g\u00f6re, sald\u0131r\u0131 22 Haziran ak\u015fam\u0131 \u015eam\u2019\u0131n Duveyla (Dweila) semtinde yer [&hellip;]","og_url":"https:\/\/avrupatv.eu\/index.php\/2025\/06\/23\/samdaki-kilise-saldirisini-deas-ustlendi-en-az-22-olu-63-yarali\/","og_site_name":"Avrupal\u0131 T\u00fcrklerin en Yeni Haber Portal\u0131","article_published_time":"2025-06-23T13:37:13+00:00","article_modified_time":"2025-06-23T13:37:14+00:00","og_image":[{"width":1280,"height":960,"url":"https:\/\/avrupatv.eu\/wp-content\/uploads\/2025\/06\/sam-kilise-saldiri.jpg","type":"image\/jpeg"}],"author":"Onur Akpinar","twitter_card":"summary_large_image","twitter_misc":{"Yazan:":"Onur Akpinar","Tahmini okuma s\u00fcresi":"2 dakika"},"schema":{"@context":"https:\/\/schema.org","@graph":[{"@type":"Article","@id":"https:\/\/avrupatv.eu\/index.php\/2025\/06\/23\/samdaki-kilise-saldirisini-deas-ustlendi-en-az-22-olu-63-yarali\/#article","isPartOf":{"@id":"https:\/\/avrupatv.eu\/index.php\/2025\/06\/23\/samdaki-kilise-saldirisini-deas-ustlendi-en-az-22-olu-63-yarali\/"},"author":{"name":"Onur Akpinar","@id":"https:\/\/avrupatv.eu\/#\/schema\/person\/d56afa5d5569da4029d483da36c0c17d"},"headline":"\u015eam\u2019daki Kilise Sald\u0131r\u0131s\u0131n\u0131 DEA\u015e \u00dcstlendi: En Az 22 \u00d6l\u00fc, 63 Yaral\u0131","datePublished":"2025-06-23T13:37:13+00:00","dateModified":"2025-06-23T13:37:14+00:00","mainEntityOfPage":{"@id":"https:\/\/avrupatv.eu\/index.php\/2025\/06\/23\/samdaki-kilise-saldirisini-deas-ustlendi-en-az-22-olu-63-yarali\/"},"wordCount":343,"commentCount":0,"publisher":{"@id":"https:\/\/avrupatv.eu\/#organization"},"image":{"@id":"https:\/\/avrupatv.eu\/index.php\/2025\/06\/23\/samdaki-kilise-saldirisini-deas-ustlendi-en-az-22-olu-63-yarali\/#primaryimage"},"thumbnailUrl":"https:\/\/avrupatv.eu\/wp-content\/uploads\/2025\/06\/sam-kilise-saldiri.jpg","articleSection":["D\u00fcnya","Sava\u015f"],"inLanguage":"tr","potentialAction":[{"@type":"CommentAction","name":"Comment","target":["https:\/\/avrupatv.eu\/index.php\/2025\/06\/23\/samdaki-kilise-saldirisini-deas-ustlendi-en-az-22-olu-63-yarali\/#respond"]}]},{"@type":"WebPage","@id":"https:\/\/avrupatv.eu\/index.php\/2025\/06\/23\/samdaki-kilise-saldirisini-deas-ustlendi-en-az-22-olu-63-yarali\/","url":"https:\/\/avrupatv.eu\/index.php\/2025\/06\/23\/samdaki-kilise-saldirisini-deas-ustlendi-en-az-22-olu-63-yarali\/","name":"\u015eam\u2019daki Kilise Sald\u0131r\u0131s\u0131n\u0131 DEA\u015e \u00dcstlendi: En Az 22 \u00d6l\u00fc, 63 Yaral\u0131 - Avrupal\u0131 T\u00fcrklerin en Yeni Haber Portal\u0131","isPartOf":{"@id":"https:\/\/avrupatv.eu\/#website"},"primaryImageOfPage":{"@id":"https:\/\/avrupatv.eu\/index.php\/2025\/06\/23\/samdaki-kilise-saldirisini-deas-ustlendi-en-az-22-olu-63-yarali\/#primaryimage"},"image":{"@id":"https:\/\/avrupatv.eu\/index.php\/2025\/06\/23\/samdaki-kilise-saldirisini-deas-ustlendi-en-az-22-olu-63-yarali\/#primaryimage"},"thumbnailUrl":"https:\/\/avrupatv.eu\/wp-content\/uploads\/2025\/06\/sam-kilise-saldiri.jpg","datePublished":"2025-06-23T13:37:13+00:00","dateModified":"2025-06-23T13:37:14+00:00","breadcrumb":{"@id":"https:\/\/avrupatv.eu\/index.php\/2025\/06\/23\/samdaki-kilise-saldirisini-deas-ustlendi-en-az-22-olu-63-yarali\/#breadcrumb"},"inLanguage":"tr","potentialAction":[{"@type":"ReadAction","target":["https:\/\/avrupatv.eu\/index.php\/2025\/06\/23\/samdaki-kilise-saldirisini-deas-ustlendi-en-az-22-olu-63-yarali\/"]}]},{"@type":"ImageObject","inLanguage":"tr","@id":"https:\/\/avrupatv.eu\/index.php\/2025\/06\/23\/samdaki-kilise-saldirisini-deas-ustlendi-en-az-22-olu-63-yarali\/#primaryimage","url":"https:\/\/avrupatv.eu\/wp-content\/uploads\/2025\/06\/sam-kilise-saldiri.jpg","contentUrl":"https:\/\/avrupatv.eu\/wp-content\/uploads\/2025\/06\/sam-kilise-saldiri.jpg","width":1280,"height":960},{"@type":"BreadcrumbList","@id":"https:\/\/avrupatv.eu\/index.php\/2025\/06\/23\/samdaki-kilise-saldirisini-deas-ustlendi-en-az-22-olu-63-yarali\/#breadcrumb","itemListElement":[{"@type":"ListItem","position":1,"name":"Anasayfa","item":"https:\/\/avrupatv.eu\/"},{"@type":"ListItem","position":2,"name":"\u015eam\u2019daki Kilise Sald\u0131r\u0131s\u0131n\u0131 DEA\u015e \u00dcstlendi: En Az 22 \u00d6l\u00fc, 63 Yaral\u0131"}]},{"@type":"WebSite","@id":"https:\/\/avrupatv.eu\/#website","url":"https:\/\/avrupatv.eu\/","name":"Avrupal\u0131 T\u00fcrklerin en Yeni Haber Portal\u0131","description":"","publisher":{"@id":"https:\/\/avrupatv.eu\/#organization"},"alternateName":"Avrupa tv","potentialAction":[{"@type":"SearchAction","target":{"@type":"EntryPoint","urlTemplate":"https:\/\/avrupatv.eu\/?s={search_term_string}"},"query-input":{"@type":"PropertyValueSpecification","valueRequired":true,"valueName":"search_term_string"}}],"inLanguage":"tr"},{"@type":"Organization","@id":"https:\/\/avrupatv.eu\/#organization","name":"Avrupa Haber","url":"https:\/\/avrupatv.eu\/","logo":{"@type":"ImageObject","inLanguage":"tr","@id":"https:\/\/avrupatv.eu\/#\/schema\/logo\/image\/","url":"https:\/\/avrupatv.eu\/wp-content\/uploads\/2023\/10\/cropped-thumbnail_logo.png","contentUrl":"https:\/\/avrupatv.eu\/wp-content\/uploads\/2023\/10\/cropped-thumbnail_logo.png","width":1025,"height":302,"caption":"Avrupa Haber"},"image":{"@id":"https:\/\/avrupatv.eu\/#\/schema\/logo\/image\/"}},{"@type":"Person","@id":"https:\/\/avrupatv.eu\/#\/schema\/person\/d56afa5d5569da4029d483da36c0c17d","name":"Onur Akpinar","image":{"@type":"ImageObject","inLanguage":"tr","@id":"https:\/\/secure.gravatar.com\/avatar\/67a1a0bdf34f82da209334e4684b7e7171a58a5a2b0a8f836b61044f5c1f5d6a?s=96&d=mm&r=g","url":"https:\/\/secure.gravatar.com\/avatar\/67a1a0bdf34f82da209334e4684b7e7171a58a5a2b0a8f836b61044f5c1f5d6a?s=96&d=mm&r=g","contentUrl":"https:\/\/secure.gravatar.com\/avatar\/67a1a0bdf34f82da209334e4684b7e7171a58a5a2b0a8f836b61044f5c1f5d6a?s=96&d=mm&r=g","caption":"Onur Akpinar"},"url":"https:\/\/avrupatv.eu\/index.php\/author\/onur-akpinar\/"}]}},"_links":{"self":[{"href":"https:\/\/avrupatv.eu\/index.php\/wp-json\/wp\/v2\/posts\/1240","targetHints":{"allow":["GET"]}}],"collection":[{"href":"https:\/\/avrupatv.eu\/index.php\/wp-json\/wp\/v2\/posts"}],"about":[{"href":"https:\/\/avrupatv.eu\/index.php\/wp-json\/wp\/v2\/types\/post"}],"author":[{"embeddable":true,"href":"https:\/\/avrupatv.eu\/index.php\/wp-json\/wp\/v2\/users\/2"}],"replies":[{"embeddable":true,"href":"https:\/\/avrupatv.eu\/index.php\/wp-json\/wp\/v2\/comments?post=1240"}],"version-history":[{"count":1,"href":"https:\/\/avrupatv.eu\/index.php\/wp-json\/wp\/v2\/posts\/1240\/revisions"}],"predecessor-version":[{"id":1242,"href":"https:\/\/avrupatv.eu\/index.php\/wp-json\/wp\/v2\/posts\/1240\/revisions\/1242"}],"wp:featuredmedia":[{"embeddable":true,"href":"https:\/\/avrupatv.eu\/index.php\/wp-json\/wp\/v2\/media\/1241"}],"wp:attachment":[{"href":"https:\/\/avrupatv.eu\/index.php\/wp-json\/wp\/v2\/media?parent=1240"}],"wp:term":[{"taxonomy":"category","embeddable":true,"href":"https:\/\/avrupatv.eu\/index.php\/wp-json\/wp\/v2\/categories?post=1240"},{"taxonomy":"post_tag","embeddable":true,"href":"https:\/\/avrupatv.eu\/index.php\/wp-json\/wp\/v2\/tags?post=1240"}],"curies":[{"name":"wp","href":"https:\/\/api.w.org\/{rel}","templated":true}]}}