{"id":1237,"date":"2025-06-20T12:23:54","date_gmt":"2025-06-20T12:23:54","guid":{"rendered":"https:\/\/avrupatv.eu\/?p=1237"},"modified":"2025-06-20T12:23:54","modified_gmt":"2025-06-20T12:23:54","slug":"adalet-mi-tiyatro-mu-ahmet-minguzzi-davasinda-mahkeme-heyeti-geri-cekildi","status":"publish","type":"post","link":"https:\/\/avrupatv.eu\/index.php\/2025\/06\/20\/adalet-mi-tiyatro-mu-ahmet-minguzzi-davasinda-mahkeme-heyeti-geri-cekildi\/","title":{"rendered":"Adalet mi, Tiyatro mu? Ahmet Minguzzi Davas\u0131nda Mahkeme Heyeti Geri \u00c7ekildi!"},"content":{"rendered":"\n<p>Bug\u00fcn g\u00f6r\u00fclen Ahmet Mattia Minguzzi davas\u0131n\u0131n \u00fc\u00e7\u00fcnc\u00fc duru\u015fmas\u0131nda, adliye salonunda \u00f6fke ve g\u00f6zya\u015f\u0131 bir aradayd\u0131. Mahkeme heyeti, ailenin \u201ctarafs\u0131z de\u011fil\u201d gerek\u00e7esiyle yapt\u0131\u011f\u0131 reddi hakim talebini kabul ederek davadan \u00e7ekildi. Adalet arayan anne ve ailesi ise mahkemeye ve sisteme sert tepki g\u00f6sterdi.<\/p>\n\n\n\n<p>Ahmet\u2019in annesi Yasemin Minguzzi, duru\u015fmaya o\u011flunun foto\u011fraf\u0131n\u0131n bas\u0131l\u0131 oldu\u011fu ti\u015f\u00f6rtle kat\u0131ld\u0131 ve \u201cBu davan\u0131n pe\u015fini b\u0131rakmayaca\u011f\u0131z!\u201d diyerek kararl\u0131l\u0131\u011f\u0131n\u0131 yineledi. Adliye \u00f6n\u00fcnde toplanan kalabal\u0131k, \u201cAhmet i\u00e7in adalet\u201d sloganlar\u0131yla salonu inletti.<\/p>\n\n\n\n<p>Ailenin avukat\u0131 Rezan Ep\u00f6zdemir, davan\u0131n ba\u015f\u0131ndan bu yana \u015faibelerle y\u00fcr\u00fct\u00fcld\u00fc\u011f\u00fcn\u00fc vurgulayarak \u015funlar\u0131 s\u00f6yledi:<\/p>\n\n\n\n<blockquote class=\"wp-block-quote is-layout-flow wp-block-quote-is-layout-flow\">\n<p>\u201cBu dava art\u0131k yaln\u0131zca bir \u00e7ocuk cinayeti davas\u0131 de\u011fil, T\u00fcrkiye\u2019deki adalet sisteminin g\u00fcvenilirli\u011fiyle ilgili bir turnusol ka\u011f\u0131d\u0131d\u0131r. Heyet geri \u00e7ekildi, ancak biz durmayaca\u011f\u0131z.\u201d<\/p>\n<\/blockquote>\n\n\n\n<p>San\u0131klar BB ve UB\u2019nin \u201c\u00e7ocu\u011fa kar\u015f\u0131 kasten \u00f6ld\u00fcrme\u201d su\u00e7lamas\u0131yla yarg\u0131land\u0131\u011f\u0131 davada, yeni kamera g\u00f6r\u00fcnt\u00fcleri ve tan\u0131k ifadeleriyle birlikte iki yeni \u015f\u00fcpheli ismi daha g\u00fcndemde.<\/p>\n\n\n\n<hr class=\"wp-block-separator has-alpha-channel-opacity\"\/>\n\n\n\n<p>\ud83d\udcc5 Bir sonraki duru\u015fma: 17 Temmuz 2025<\/p>\n\n\n\n<hr class=\"wp-block-separator has-alpha-channel-opacity\"\/>\n\n\n\n<p>Avrupa TV olarak bu davan\u0131n takip\u00e7isi olaca\u011f\u0131z. Sessiz kalmayaca\u011f\u0131z. Susmayaca\u011f\u0131z.<\/p>\n","protected":false},"excerpt":{"rendered":"<p>Bug\u00fcn g\u00f6r\u00fclen Ahmet Mattia Minguzzi davas\u0131n\u0131n \u00fc\u00e7\u00fcnc\u00fc duru\u015fmas\u0131nda, adliye salonunda \u00f6fke ve g\u00f6zya\u015f\u0131 bir aradayd\u0131. Mahkeme heyeti, ailenin \u201ctarafs\u0131z de\u011fil\u201d gerek\u00e7esiyle yapt\u0131\u011f\u0131 reddi hakim talebini kabul ederek davadan \u00e7ekildi. Adalet arayan anne ve ailesi ise mahkemeye ve sisteme sert tepki g\u00f6sterdi. Ahmet\u2019in annesi Yasemin Minguzzi, duru\u015fmaya o\u011flunun foto\u011fraf\u0131n\u0131n bas\u0131l\u0131 oldu\u011fu ti\u015f\u00f6rtle kat\u0131ld\u0131 ve \u201cBu davan\u0131n [&hellip;]<\/p>\n","protected":false},"author":2,"featured_media":1238,"comment_status":"open","ping_status":"open","sticky":false,"template":"","format":"standard","meta":{"footnotes":""},"categories":[11],"tags":[],"class_list":["post-1237","post","type-post","status-publish","format-standard","has-post-thumbnail","hentry","category-turkiye"],"yoast_head":"<!-- This site is optimized with the Yoast SEO plugin v27.4 - https:\/\/yoast.com\/product\/yoast-seo-wordpress\/ -->\n<title>Adalet mi, Tiyatro mu? Ahmet Minguzzi Davas\u0131nda Mahkeme Heyeti Geri \u00c7ekildi! - Avrupal\u0131 T\u00fcrklerin en Yeni Haber Portal\u0131<\/title>\n<meta name=\"robots\" content=\"index, follow, max-snippet:-1, max-image-preview:large, max-video-preview:-1\" \/>\n<link rel=\"canonical\" href=\"https:\/\/avrupatv.eu\/index.php\/2025\/06\/20\/adalet-mi-tiyatro-mu-ahmet-minguzzi-davasinda-mahkeme-heyeti-geri-cekildi\/\" \/>\n<meta property=\"og:locale\" content=\"tr_TR\" \/>\n<meta property=\"og:type\" content=\"article\" \/>\n<meta property=\"og:title\" content=\"Adalet mi, Tiyatro mu? Ahmet Minguzzi Davas\u0131nda Mahkeme Heyeti Geri \u00c7ekildi! - Avrupal\u0131 T\u00fcrklerin en Yeni Haber Portal\u0131\" \/>\n<meta property=\"og:description\" content=\"Bug\u00fcn g\u00f6r\u00fclen Ahmet Mattia Minguzzi davas\u0131n\u0131n \u00fc\u00e7\u00fcnc\u00fc duru\u015fmas\u0131nda, adliye salonunda \u00f6fke ve g\u00f6zya\u015f\u0131 bir aradayd\u0131. Mahkeme heyeti, ailenin \u201ctarafs\u0131z de\u011fil\u201d gerek\u00e7esiyle yapt\u0131\u011f\u0131 reddi hakim talebini kabul ederek davadan \u00e7ekildi. Adalet arayan anne ve ailesi ise mahkemeye ve sisteme sert tepki g\u00f6sterdi. Ahmet\u2019in annesi Yasemin Minguzzi, duru\u015fmaya o\u011flunun foto\u011fraf\u0131n\u0131n bas\u0131l\u0131 oldu\u011fu ti\u015f\u00f6rtle kat\u0131ld\u0131 ve \u201cBu davan\u0131n [&hellip;]\" \/>\n<meta property=\"og:url\" content=\"https:\/\/avrupatv.eu\/index.php\/2025\/06\/20\/adalet-mi-tiyatro-mu-ahmet-minguzzi-davasinda-mahkeme-heyeti-geri-cekildi\/\" \/>\n<meta property=\"og:site_name\" content=\"Avrupal\u0131 T\u00fcrklerin en Yeni Haber Portal\u0131\" \/>\n<meta property=\"article:published_time\" content=\"2025-06-20T12:23:54+00:00\" \/>\n<meta property=\"og:image\" content=\"https:\/\/avrupatv.eu\/wp-content\/uploads\/2025\/06\/mattia-ahmet-minguzzi-icin-trabzonspor-camiasi-ayakta-4.jpg\" \/>\n\t<meta property=\"og:image:width\" content=\"738\" \/>\n\t<meta property=\"og:image:height\" content=\"1600\" \/>\n\t<meta property=\"og:image:type\" content=\"image\/jpeg\" \/>\n<meta name=\"author\" content=\"Onur Akpinar\" \/>\n<meta name=\"twitter:card\" content=\"summary_large_image\" \/>\n<meta name=\"twitter:label1\" content=\"Yazan:\" \/>\n\t<meta name=\"twitter:data1\" content=\"Onur Akpinar\" \/>\n\t<meta name=\"twitter:label2\" content=\"Tahmini okuma s\u00fcresi\" \/>\n\t<meta name=\"twitter:data2\" content=\"1 dakika\" \/>\n<script type=\"application\/ld+json\" class=\"yoast-schema-graph\">{\"@context\":\"https:\\\/\\\/schema.org\",\"@graph\":[{\"@type\":\"Article\",\"@id\":\"https:\\\/\\\/avrupatv.eu\\\/index.php\\\/2025\\\/06\\\/20\\\/adalet-mi-tiyatro-mu-ahmet-minguzzi-davasinda-mahkeme-heyeti-geri-cekildi\\\/#article\",\"isPartOf\":{\"@id\":\"https:\\\/\\\/avrupatv.eu\\\/index.php\\\/2025\\\/06\\\/20\\\/adalet-mi-tiyatro-mu-ahmet-minguzzi-davasinda-mahkeme-heyeti-geri-cekildi\\\/\"},\"author\":{\"name\":\"Onur Akpinar\",\"@id\":\"https:\\\/\\\/avrupatv.eu\\\/#\\\/schema\\\/person\\\/d56afa5d5569da4029d483da36c0c17d\"},\"headline\":\"Adalet mi, Tiyatro mu? Ahmet Minguzzi Davas\u0131nda Mahkeme Heyeti Geri \u00c7ekildi!\",\"datePublished\":\"2025-06-20T12:23:54+00:00\",\"mainEntityOfPage\":{\"@id\":\"https:\\\/\\\/avrupatv.eu\\\/index.php\\\/2025\\\/06\\\/20\\\/adalet-mi-tiyatro-mu-ahmet-minguzzi-davasinda-mahkeme-heyeti-geri-cekildi\\\/\"},\"wordCount\":225,\"commentCount\":0,\"publisher\":{\"@id\":\"https:\\\/\\\/avrupatv.eu\\\/#organization\"},\"image\":{\"@id\":\"https:\\\/\\\/avrupatv.eu\\\/index.php\\\/2025\\\/06\\\/20\\\/adalet-mi-tiyatro-mu-ahmet-minguzzi-davasinda-mahkeme-heyeti-geri-cekildi\\\/#primaryimage\"},\"thumbnailUrl\":\"https:\\\/\\\/avrupatv.eu\\\/wp-content\\\/uploads\\\/2025\\\/06\\\/mattia-ahmet-minguzzi-icin-trabzonspor-camiasi-ayakta-4.jpg\",\"articleSection\":[\"T\u00fcrkiye\"],\"inLanguage\":\"tr\",\"potentialAction\":[{\"@type\":\"CommentAction\",\"name\":\"Comment\",\"target\":[\"https:\\\/\\\/avrupatv.eu\\\/index.php\\\/2025\\\/06\\\/20\\\/adalet-mi-tiyatro-mu-ahmet-minguzzi-davasinda-mahkeme-heyeti-geri-cekildi\\\/#respond\"]}]},{\"@type\":\"WebPage\",\"@id\":\"https:\\\/\\\/avrupatv.eu\\\/index.php\\\/2025\\\/06\\\/20\\\/adalet-mi-tiyatro-mu-ahmet-minguzzi-davasinda-mahkeme-heyeti-geri-cekildi\\\/\",\"url\":\"https:\\\/\\\/avrupatv.eu\\\/index.php\\\/2025\\\/06\\\/20\\\/adalet-mi-tiyatro-mu-ahmet-minguzzi-davasinda-mahkeme-heyeti-geri-cekildi\\\/\",\"name\":\"Adalet mi, Tiyatro mu? Ahmet Minguzzi Davas\u0131nda Mahkeme Heyeti Geri \u00c7ekildi! - Avrupal\u0131 T\u00fcrklerin en Yeni Haber Portal\u0131\",\"isPartOf\":{\"@id\":\"https:\\\/\\\/avrupatv.eu\\\/#website\"},\"primaryImageOfPage\":{\"@id\":\"https:\\\/\\\/avrupatv.eu\\\/index.php\\\/2025\\\/06\\\/20\\\/adalet-mi-tiyatro-mu-ahmet-minguzzi-davasinda-mahkeme-heyeti-geri-cekildi\\\/#primaryimage\"},\"image\":{\"@id\":\"https:\\\/\\\/avrupatv.eu\\\/index.php\\\/2025\\\/06\\\/20\\\/adalet-mi-tiyatro-mu-ahmet-minguzzi-davasinda-mahkeme-heyeti-geri-cekildi\\\/#primaryimage\"},\"thumbnailUrl\":\"https:\\\/\\\/avrupatv.eu\\\/wp-content\\\/uploads\\\/2025\\\/06\\\/mattia-ahmet-minguzzi-icin-trabzonspor-camiasi-ayakta-4.jpg\",\"datePublished\":\"2025-06-20T12:23:54+00:00\",\"breadcrumb\":{\"@id\":\"https:\\\/\\\/avrupatv.eu\\\/index.php\\\/2025\\\/06\\\/20\\\/adalet-mi-tiyatro-mu-ahmet-minguzzi-davasinda-mahkeme-heyeti-geri-cekildi\\\/#breadcrumb\"},\"inLanguage\":\"tr\",\"potentialAction\":[{\"@type\":\"ReadAction\",\"target\":[\"https:\\\/\\\/avrupatv.eu\\\/index.php\\\/2025\\\/06\\\/20\\\/adalet-mi-tiyatro-mu-ahmet-minguzzi-davasinda-mahkeme-heyeti-geri-cekildi\\\/\"]}]},{\"@type\":\"ImageObject\",\"inLanguage\":\"tr\",\"@id\":\"https:\\\/\\\/avrupatv.eu\\\/index.php\\\/2025\\\/06\\\/20\\\/adalet-mi-tiyatro-mu-ahmet-minguzzi-davasinda-mahkeme-heyeti-geri-cekildi\\\/#primaryimage\",\"url\":\"https:\\\/\\\/avrupatv.eu\\\/wp-content\\\/uploads\\\/2025\\\/06\\\/mattia-ahmet-minguzzi-icin-trabzonspor-camiasi-ayakta-4.jpg\",\"contentUrl\":\"https:\\\/\\\/avrupatv.eu\\\/wp-content\\\/uploads\\\/2025\\\/06\\\/mattia-ahmet-minguzzi-icin-trabzonspor-camiasi-ayakta-4.jpg\",\"width\":738,\"height\":1600},{\"@type\":\"BreadcrumbList\",\"@id\":\"https:\\\/\\\/avrupatv.eu\\\/index.php\\\/2025\\\/06\\\/20\\\/adalet-mi-tiyatro-mu-ahmet-minguzzi-davasinda-mahkeme-heyeti-geri-cekildi\\\/#breadcrumb\",\"itemListElement\":[{\"@type\":\"ListItem\",\"position\":1,\"name\":\"Anasayfa\",\"item\":\"https:\\\/\\\/avrupatv.eu\\\/\"},{\"@type\":\"ListItem\",\"position\":2,\"name\":\"Adalet mi, Tiyatro mu? Ahmet Minguzzi Davas\u0131nda Mahkeme Heyeti Geri \u00c7ekildi!\"}]},{\"@type\":\"WebSite\",\"@id\":\"https:\\\/\\\/avrupatv.eu\\\/#website\",\"url\":\"https:\\\/\\\/avrupatv.eu\\\/\",\"name\":\"Avrupal\u0131 T\u00fcrklerin en Yeni Haber Portal\u0131\",\"description\":\"\",\"publisher\":{\"@id\":\"https:\\\/\\\/avrupatv.eu\\\/#organization\"},\"alternateName\":\"Avrupa tv\",\"potentialAction\":[{\"@type\":\"SearchAction\",\"target\":{\"@type\":\"EntryPoint\",\"urlTemplate\":\"https:\\\/\\\/avrupatv.eu\\\/?s={search_term_string}\"},\"query-input\":{\"@type\":\"PropertyValueSpecification\",\"valueRequired\":true,\"valueName\":\"search_term_string\"}}],\"inLanguage\":\"tr\"},{\"@type\":\"Organization\",\"@id\":\"https:\\\/\\\/avrupatv.eu\\\/#organization\",\"name\":\"Avrupa Haber\",\"url\":\"https:\\\/\\\/avrupatv.eu\\\/\",\"logo\":{\"@type\":\"ImageObject\",\"inLanguage\":\"tr\",\"@id\":\"https:\\\/\\\/avrupatv.eu\\\/#\\\/schema\\\/logo\\\/image\\\/\",\"url\":\"https:\\\/\\\/avrupatv.eu\\\/wp-content\\\/uploads\\\/2023\\\/10\\\/cropped-thumbnail_logo.png\",\"contentUrl\":\"https:\\\/\\\/avrupatv.eu\\\/wp-content\\\/uploads\\\/2023\\\/10\\\/cropped-thumbnail_logo.png\",\"width\":1025,\"height\":302,\"caption\":\"Avrupa Haber\"},\"image\":{\"@id\":\"https:\\\/\\\/avrupatv.eu\\\/#\\\/schema\\\/logo\\\/image\\\/\"}},{\"@type\":\"Person\",\"@id\":\"https:\\\/\\\/avrupatv.eu\\\/#\\\/schema\\\/person\\\/d56afa5d5569da4029d483da36c0c17d\",\"name\":\"Onur Akpinar\",\"image\":{\"@type\":\"ImageObject\",\"inLanguage\":\"tr\",\"@id\":\"https:\\\/\\\/secure.gravatar.com\\\/avatar\\\/67a1a0bdf34f82da209334e4684b7e7171a58a5a2b0a8f836b61044f5c1f5d6a?s=96&d=mm&r=g\",\"url\":\"https:\\\/\\\/secure.gravatar.com\\\/avatar\\\/67a1a0bdf34f82da209334e4684b7e7171a58a5a2b0a8f836b61044f5c1f5d6a?s=96&d=mm&r=g\",\"contentUrl\":\"https:\\\/\\\/secure.gravatar.com\\\/avatar\\\/67a1a0bdf34f82da209334e4684b7e7171a58a5a2b0a8f836b61044f5c1f5d6a?s=96&d=mm&r=g\",\"caption\":\"Onur Akpinar\"},\"url\":\"https:\\\/\\\/avrupatv.eu\\\/index.php\\\/author\\\/onur-akpinar\\\/\"}]}<\/script>\n<!-- \/ Yoast SEO plugin. -->","yoast_head_json":{"title":"Adalet mi, Tiyatro mu? Ahmet Minguzzi Davas\u0131nda Mahkeme Heyeti Geri \u00c7ekildi! - Avrupal\u0131 T\u00fcrklerin en Yeni Haber Portal\u0131","robots":{"index":"index","follow":"follow","max-snippet":"max-snippet:-1","max-image-preview":"max-image-preview:large","max-video-preview":"max-video-preview:-1"},"canonical":"https:\/\/avrupatv.eu\/index.php\/2025\/06\/20\/adalet-mi-tiyatro-mu-ahmet-minguzzi-davasinda-mahkeme-heyeti-geri-cekildi\/","og_locale":"tr_TR","og_type":"article","og_title":"Adalet mi, Tiyatro mu? Ahmet Minguzzi Davas\u0131nda Mahkeme Heyeti Geri \u00c7ekildi! - Avrupal\u0131 T\u00fcrklerin en Yeni Haber Portal\u0131","og_description":"Bug\u00fcn g\u00f6r\u00fclen Ahmet Mattia Minguzzi davas\u0131n\u0131n \u00fc\u00e7\u00fcnc\u00fc duru\u015fmas\u0131nda, adliye salonunda \u00f6fke ve g\u00f6zya\u015f\u0131 bir aradayd\u0131. Mahkeme heyeti, ailenin \u201ctarafs\u0131z de\u011fil\u201d gerek\u00e7esiyle yapt\u0131\u011f\u0131 reddi hakim talebini kabul ederek davadan \u00e7ekildi. Adalet arayan anne ve ailesi ise mahkemeye ve sisteme sert tepki g\u00f6sterdi. Ahmet\u2019in annesi Yasemin Minguzzi, duru\u015fmaya o\u011flunun foto\u011fraf\u0131n\u0131n bas\u0131l\u0131 oldu\u011fu ti\u015f\u00f6rtle kat\u0131ld\u0131 ve \u201cBu davan\u0131n [&hellip;]","og_url":"https:\/\/avrupatv.eu\/index.php\/2025\/06\/20\/adalet-mi-tiyatro-mu-ahmet-minguzzi-davasinda-mahkeme-heyeti-geri-cekildi\/","og_site_name":"Avrupal\u0131 T\u00fcrklerin en Yeni Haber Portal\u0131","article_published_time":"2025-06-20T12:23:54+00:00","og_image":[{"width":738,"height":1600,"url":"https:\/\/avrupatv.eu\/wp-content\/uploads\/2025\/06\/mattia-ahmet-minguzzi-icin-trabzonspor-camiasi-ayakta-4.jpg","type":"image\/jpeg"}],"author":"Onur Akpinar","twitter_card":"summary_large_image","twitter_misc":{"Yazan:":"Onur Akpinar","Tahmini okuma s\u00fcresi":"1 dakika"},"schema":{"@context":"https:\/\/schema.org","@graph":[{"@type":"Article","@id":"https:\/\/avrupatv.eu\/index.php\/2025\/06\/20\/adalet-mi-tiyatro-mu-ahmet-minguzzi-davasinda-mahkeme-heyeti-geri-cekildi\/#article","isPartOf":{"@id":"https:\/\/avrupatv.eu\/index.php\/2025\/06\/20\/adalet-mi-tiyatro-mu-ahmet-minguzzi-davasinda-mahkeme-heyeti-geri-cekildi\/"},"author":{"name":"Onur Akpinar","@id":"https:\/\/avrupatv.eu\/#\/schema\/person\/d56afa5d5569da4029d483da36c0c17d"},"headline":"Adalet mi, Tiyatro mu? Ahmet Minguzzi Davas\u0131nda Mahkeme Heyeti Geri \u00c7ekildi!","datePublished":"2025-06-20T12:23:54+00:00","mainEntityOfPage":{"@id":"https:\/\/avrupatv.eu\/index.php\/2025\/06\/20\/adalet-mi-tiyatro-mu-ahmet-minguzzi-davasinda-mahkeme-heyeti-geri-cekildi\/"},"wordCount":225,"commentCount":0,"publisher":{"@id":"https:\/\/avrupatv.eu\/#organization"},"image":{"@id":"https:\/\/avrupatv.eu\/index.php\/2025\/06\/20\/adalet-mi-tiyatro-mu-ahmet-minguzzi-davasinda-mahkeme-heyeti-geri-cekildi\/#primaryimage"},"thumbnailUrl":"https:\/\/avrupatv.eu\/wp-content\/uploads\/2025\/06\/mattia-ahmet-minguzzi-icin-trabzonspor-camiasi-ayakta-4.jpg","articleSection":["T\u00fcrkiye"],"inLanguage":"tr","potentialAction":[{"@type":"CommentAction","name":"Comment","target":["https:\/\/avrupatv.eu\/index.php\/2025\/06\/20\/adalet-mi-tiyatro-mu-ahmet-minguzzi-davasinda-mahkeme-heyeti-geri-cekildi\/#respond"]}]},{"@type":"WebPage","@id":"https:\/\/avrupatv.eu\/index.php\/2025\/06\/20\/adalet-mi-tiyatro-mu-ahmet-minguzzi-davasinda-mahkeme-heyeti-geri-cekildi\/","url":"https:\/\/avrupatv.eu\/index.php\/2025\/06\/20\/adalet-mi-tiyatro-mu-ahmet-minguzzi-davasinda-mahkeme-heyeti-geri-cekildi\/","name":"Adalet mi, Tiyatro mu? Ahmet Minguzzi Davas\u0131nda Mahkeme Heyeti Geri \u00c7ekildi! - Avrupal\u0131 T\u00fcrklerin en Yeni Haber Portal\u0131","isPartOf":{"@id":"https:\/\/avrupatv.eu\/#website"},"primaryImageOfPage":{"@id":"https:\/\/avrupatv.eu\/index.php\/2025\/06\/20\/adalet-mi-tiyatro-mu-ahmet-minguzzi-davasinda-mahkeme-heyeti-geri-cekildi\/#primaryimage"},"image":{"@id":"https:\/\/avrupatv.eu\/index.php\/2025\/06\/20\/adalet-mi-tiyatro-mu-ahmet-minguzzi-davasinda-mahkeme-heyeti-geri-cekildi\/#primaryimage"},"thumbnailUrl":"https:\/\/avrupatv.eu\/wp-content\/uploads\/2025\/06\/mattia-ahmet-minguzzi-icin-trabzonspor-camiasi-ayakta-4.jpg","datePublished":"2025-06-20T12:23:54+00:00","breadcrumb":{"@id":"https:\/\/avrupatv.eu\/index.php\/2025\/06\/20\/adalet-mi-tiyatro-mu-ahmet-minguzzi-davasinda-mahkeme-heyeti-geri-cekildi\/#breadcrumb"},"inLanguage":"tr","potentialAction":[{"@type":"ReadAction","target":["https:\/\/avrupatv.eu\/index.php\/2025\/06\/20\/adalet-mi-tiyatro-mu-ahmet-minguzzi-davasinda-mahkeme-heyeti-geri-cekildi\/"]}]},{"@type":"ImageObject","inLanguage":"tr","@id":"https:\/\/avrupatv.eu\/index.php\/2025\/06\/20\/adalet-mi-tiyatro-mu-ahmet-minguzzi-davasinda-mahkeme-heyeti-geri-cekildi\/#primaryimage","url":"https:\/\/avrupatv.eu\/wp-content\/uploads\/2025\/06\/mattia-ahmet-minguzzi-icin-trabzonspor-camiasi-ayakta-4.jpg","contentUrl":"https:\/\/avrupatv.eu\/wp-content\/uploads\/2025\/06\/mattia-ahmet-minguzzi-icin-trabzonspor-camiasi-ayakta-4.jpg","width":738,"height":1600},{"@type":"BreadcrumbList","@id":"https:\/\/avrupatv.eu\/index.php\/2025\/06\/20\/adalet-mi-tiyatro-mu-ahmet-minguzzi-davasinda-mahkeme-heyeti-geri-cekildi\/#breadcrumb","itemListElement":[{"@type":"ListItem","position":1,"name":"Anasayfa","item":"https:\/\/avrupatv.eu\/"},{"@type":"ListItem","position":2,"name":"Adalet mi, Tiyatro mu? Ahmet Minguzzi Davas\u0131nda Mahkeme Heyeti Geri \u00c7ekildi!"}]},{"@type":"WebSite","@id":"https:\/\/avrupatv.eu\/#website","url":"https:\/\/avrupatv.eu\/","name":"Avrupal\u0131 T\u00fcrklerin en Yeni Haber Portal\u0131","description":"","publisher":{"@id":"https:\/\/avrupatv.eu\/#organization"},"alternateName":"Avrupa tv","potentialAction":[{"@type":"SearchAction","target":{"@type":"EntryPoint","urlTemplate":"https:\/\/avrupatv.eu\/?s={search_term_string}"},"query-input":{"@type":"PropertyValueSpecification","valueRequired":true,"valueName":"search_term_string"}}],"inLanguage":"tr"},{"@type":"Organization","@id":"https:\/\/avrupatv.eu\/#organization","name":"Avrupa Haber","url":"https:\/\/avrupatv.eu\/","logo":{"@type":"ImageObject","inLanguage":"tr","@id":"https:\/\/avrupatv.eu\/#\/schema\/logo\/image\/","url":"https:\/\/avrupatv.eu\/wp-content\/uploads\/2023\/10\/cropped-thumbnail_logo.png","contentUrl":"https:\/\/avrupatv.eu\/wp-content\/uploads\/2023\/10\/cropped-thumbnail_logo.png","width":1025,"height":302,"caption":"Avrupa Haber"},"image":{"@id":"https:\/\/avrupatv.eu\/#\/schema\/logo\/image\/"}},{"@type":"Person","@id":"https:\/\/avrupatv.eu\/#\/schema\/person\/d56afa5d5569da4029d483da36c0c17d","name":"Onur Akpinar","image":{"@type":"ImageObject","inLanguage":"tr","@id":"https:\/\/secure.gravatar.com\/avatar\/67a1a0bdf34f82da209334e4684b7e7171a58a5a2b0a8f836b61044f5c1f5d6a?s=96&d=mm&r=g","url":"https:\/\/secure.gravatar.com\/avatar\/67a1a0bdf34f82da209334e4684b7e7171a58a5a2b0a8f836b61044f5c1f5d6a?s=96&d=mm&r=g","contentUrl":"https:\/\/secure.gravatar.com\/avatar\/67a1a0bdf34f82da209334e4684b7e7171a58a5a2b0a8f836b61044f5c1f5d6a?s=96&d=mm&r=g","caption":"Onur Akpinar"},"url":"https:\/\/avrupatv.eu\/index.php\/author\/onur-akpinar\/"}]}},"_links":{"self":[{"href":"https:\/\/avrupatv.eu\/index.php\/wp-json\/wp\/v2\/posts\/1237","targetHints":{"allow":["GET"]}}],"collection":[{"href":"https:\/\/avrupatv.eu\/index.php\/wp-json\/wp\/v2\/posts"}],"about":[{"href":"https:\/\/avrupatv.eu\/index.php\/wp-json\/wp\/v2\/types\/post"}],"author":[{"embeddable":true,"href":"https:\/\/avrupatv.eu\/index.php\/wp-json\/wp\/v2\/users\/2"}],"replies":[{"embeddable":true,"href":"https:\/\/avrupatv.eu\/index.php\/wp-json\/wp\/v2\/comments?post=1237"}],"version-history":[{"count":1,"href":"https:\/\/avrupatv.eu\/index.php\/wp-json\/wp\/v2\/posts\/1237\/revisions"}],"predecessor-version":[{"id":1239,"href":"https:\/\/avrupatv.eu\/index.php\/wp-json\/wp\/v2\/posts\/1237\/revisions\/1239"}],"wp:featuredmedia":[{"embeddable":true,"href":"https:\/\/avrupatv.eu\/index.php\/wp-json\/wp\/v2\/media\/1238"}],"wp:attachment":[{"href":"https:\/\/avrupatv.eu\/index.php\/wp-json\/wp\/v2\/media?parent=1237"}],"wp:term":[{"taxonomy":"category","embeddable":true,"href":"https:\/\/avrupatv.eu\/index.php\/wp-json\/wp\/v2\/categories?post=1237"},{"taxonomy":"post_tag","embeddable":true,"href":"https:\/\/avrupatv.eu\/index.php\/wp-json\/wp\/v2\/tags?post=1237"}],"curies":[{"name":"wp","href":"https:\/\/api.w.org\/{rel}","templated":true}]}}