{"id":1234,"date":"2025-06-17T11:35:32","date_gmt":"2025-06-17T11:35:32","guid":{"rendered":"https:\/\/avrupatv.eu\/?p=1234"},"modified":"2025-06-17T11:35:45","modified_gmt":"2025-06-17T11:35:45","slug":"tutuklu-umit-ozdag-serbest-birakildi-siyasi-mesaji-sert-oldu","status":"publish","type":"post","link":"https:\/\/avrupatv.eu\/index.php\/2025\/06\/17\/tutuklu-umit-ozdag-serbest-birakildi-siyasi-mesaji-sert-oldu\/","title":{"rendered":"Tutuklu \u00dcmit \u00d6zda\u011f Serbest B\u0131rak\u0131ld\u0131! Siyasi Mesaj\u0131 Sert Oldu"},"content":{"rendered":"\n<p>Zafer Partisi Genel Ba\u015fkan\u0131 \u00dcmit \u00d6zda\u011f, ge\u00e7ti\u011fimiz g\u00fcnlerde g\u00f6zalt\u0131na al\u0131nd\u0131ktan sonra \u00e7\u0131kar\u0131ld\u0131\u011f\u0131 mahkeme taraf\u0131ndan adli kontrol \u015fart\u0131yla serbest b\u0131rak\u0131ld\u0131.<\/p>\n\n\n\n<p>\u00d6zda\u011f\u2019\u0131n, sosyal medya payla\u015f\u0131mlar\u0131nda yer alan baz\u0131 ifadeler nedeniyle ifadeye \u00e7a\u011fr\u0131ld\u0131\u011f\u0131 ve bu kapsamda g\u00f6zalt\u0131na al\u0131nd\u0131\u011f\u0131 \u00f6\u011frenildi. Emniyetteki i\u015flemlerinin ard\u0131ndan adliyeye sevk edilen \u00d6zda\u011f, savc\u0131l\u0131k sorgusunun ard\u0131ndan mahkemeye \u00e7\u0131kar\u0131ld\u0131. Mahkeme, \u00d6zda\u011f\u2019\u0131n adli kontrol \u015fart\u0131yla tahliyesine karar verdi.<\/p>\n\n\n\n<p>Tahliye karar\u0131n\u0131n ard\u0131ndan sosyal medya hesab\u0131ndan a\u00e7\u0131klama yapan \u00d6zda\u011f, \u201cHi\u00e7bir tehdit, bizi T\u00fcrk milletinin \u00e7\u0131karlar\u0131n\u0131 savunmaktan al\u0131koyamaz\u201d ifadelerini kulland\u0131.<\/p>\n\n\n\n<p>\u00dcmit \u00d6zda\u011f\u2019\u0131n serbest b\u0131rak\u0131lmas\u0131, destek\u00e7ileri taraf\u0131ndan memnuniyetle kar\u015f\u0131lan\u0131rken, olay siyaset g\u00fcndeminde de geni\u015f yank\u0131 buldu.<\/p>\n\n\n\n<p>Avrupa TV olarak geli\u015fmeleri aktarmaya devam edece\u011fiz.<\/p>\n","protected":false},"excerpt":{"rendered":"<p>Zafer Partisi Genel Ba\u015fkan\u0131 \u00dcmit \u00d6zda\u011f, ge\u00e7ti\u011fimiz g\u00fcnlerde g\u00f6zalt\u0131na al\u0131nd\u0131ktan sonra \u00e7\u0131kar\u0131ld\u0131\u011f\u0131 mahkeme taraf\u0131ndan adli kontrol \u015fart\u0131yla serbest b\u0131rak\u0131ld\u0131. \u00d6zda\u011f\u2019\u0131n, sosyal medya payla\u015f\u0131mlar\u0131nda yer alan baz\u0131 ifadeler nedeniyle ifadeye \u00e7a\u011fr\u0131ld\u0131\u011f\u0131 ve bu kapsamda g\u00f6zalt\u0131na al\u0131nd\u0131\u011f\u0131 \u00f6\u011frenildi. Emniyetteki i\u015flemlerinin ard\u0131ndan adliyeye sevk edilen \u00d6zda\u011f, savc\u0131l\u0131k sorgusunun ard\u0131ndan mahkemeye \u00e7\u0131kar\u0131ld\u0131. Mahkeme, \u00d6zda\u011f\u2019\u0131n adli kontrol \u015fart\u0131yla tahliyesine karar [&hellip;]<\/p>\n","protected":false},"author":2,"featured_media":1235,"comment_status":"open","ping_status":"open","sticky":false,"template":"","format":"standard","meta":{"footnotes":""},"categories":[1],"tags":[],"class_list":["post-1234","post","type-post","status-publish","format-standard","has-post-thumbnail","hentry","category-blog"],"yoast_head":"<!-- This site is optimized with the Yoast SEO plugin v27.4 - https:\/\/yoast.com\/product\/yoast-seo-wordpress\/ -->\n<title>Tutuklu \u00dcmit \u00d6zda\u011f Serbest B\u0131rak\u0131ld\u0131! Siyasi Mesaj\u0131 Sert Oldu - Avrupal\u0131 T\u00fcrklerin en Yeni Haber Portal\u0131<\/title>\n<meta name=\"robots\" content=\"index, follow, max-snippet:-1, max-image-preview:large, max-video-preview:-1\" \/>\n<link rel=\"canonical\" href=\"https:\/\/avrupatv.eu\/index.php\/2025\/06\/17\/tutuklu-umit-ozdag-serbest-birakildi-siyasi-mesaji-sert-oldu\/\" \/>\n<meta property=\"og:locale\" content=\"tr_TR\" \/>\n<meta property=\"og:type\" content=\"article\" \/>\n<meta property=\"og:title\" content=\"Tutuklu \u00dcmit \u00d6zda\u011f Serbest B\u0131rak\u0131ld\u0131! Siyasi Mesaj\u0131 Sert Oldu - Avrupal\u0131 T\u00fcrklerin en Yeni Haber Portal\u0131\" \/>\n<meta property=\"og:description\" content=\"Zafer Partisi Genel Ba\u015fkan\u0131 \u00dcmit \u00d6zda\u011f, ge\u00e7ti\u011fimiz g\u00fcnlerde g\u00f6zalt\u0131na al\u0131nd\u0131ktan sonra \u00e7\u0131kar\u0131ld\u0131\u011f\u0131 mahkeme taraf\u0131ndan adli kontrol \u015fart\u0131yla serbest b\u0131rak\u0131ld\u0131. \u00d6zda\u011f\u2019\u0131n, sosyal medya payla\u015f\u0131mlar\u0131nda yer alan baz\u0131 ifadeler nedeniyle ifadeye \u00e7a\u011fr\u0131ld\u0131\u011f\u0131 ve bu kapsamda g\u00f6zalt\u0131na al\u0131nd\u0131\u011f\u0131 \u00f6\u011frenildi. Emniyetteki i\u015flemlerinin ard\u0131ndan adliyeye sevk edilen \u00d6zda\u011f, savc\u0131l\u0131k sorgusunun ard\u0131ndan mahkemeye \u00e7\u0131kar\u0131ld\u0131. Mahkeme, \u00d6zda\u011f\u2019\u0131n adli kontrol \u015fart\u0131yla tahliyesine karar [&hellip;]\" \/>\n<meta property=\"og:url\" content=\"https:\/\/avrupatv.eu\/index.php\/2025\/06\/17\/tutuklu-umit-ozdag-serbest-birakildi-siyasi-mesaji-sert-oldu\/\" \/>\n<meta property=\"og:site_name\" content=\"Avrupal\u0131 T\u00fcrklerin en Yeni Haber Portal\u0131\" \/>\n<meta property=\"article:published_time\" content=\"2025-06-17T11:35:32+00:00\" \/>\n<meta property=\"article:modified_time\" content=\"2025-06-17T11:35:45+00:00\" \/>\n<meta property=\"og:image\" content=\"https:\/\/avrupatv.eu\/wp-content\/uploads\/2025\/06\/tutuklama-talebiyle-mahkemeye-sevk-edilen-umit-ozdagin-savciliktaki-ifadesi-ortaya-cikti-jrka.jpg\" \/>\n\t<meta property=\"og:image:width\" content=\"1280\" \/>\n\t<meta property=\"og:image:height\" content=\"720\" \/>\n\t<meta property=\"og:image:type\" content=\"image\/jpeg\" \/>\n<meta name=\"author\" content=\"Onur Akpinar\" \/>\n<meta name=\"twitter:card\" content=\"summary_large_image\" \/>\n<meta name=\"twitter:label1\" content=\"Yazan:\" \/>\n\t<meta name=\"twitter:data1\" content=\"Onur Akpinar\" \/>\n\t<meta name=\"twitter:label2\" content=\"Tahmini okuma s\u00fcresi\" \/>\n\t<meta name=\"twitter:data2\" content=\"1 dakika\" \/>\n<script type=\"application\/ld+json\" class=\"yoast-schema-graph\">{\"@context\":\"https:\\\/\\\/schema.org\",\"@graph\":[{\"@type\":\"Article\",\"@id\":\"https:\\\/\\\/avrupatv.eu\\\/index.php\\\/2025\\\/06\\\/17\\\/tutuklu-umit-ozdag-serbest-birakildi-siyasi-mesaji-sert-oldu\\\/#article\",\"isPartOf\":{\"@id\":\"https:\\\/\\\/avrupatv.eu\\\/index.php\\\/2025\\\/06\\\/17\\\/tutuklu-umit-ozdag-serbest-birakildi-siyasi-mesaji-sert-oldu\\\/\"},\"author\":{\"name\":\"Onur Akpinar\",\"@id\":\"https:\\\/\\\/avrupatv.eu\\\/#\\\/schema\\\/person\\\/d56afa5d5569da4029d483da36c0c17d\"},\"headline\":\"Tutuklu \u00dcmit \u00d6zda\u011f Serbest B\u0131rak\u0131ld\u0131! Siyasi Mesaj\u0131 Sert Oldu\",\"datePublished\":\"2025-06-17T11:35:32+00:00\",\"dateModified\":\"2025-06-17T11:35:45+00:00\",\"mainEntityOfPage\":{\"@id\":\"https:\\\/\\\/avrupatv.eu\\\/index.php\\\/2025\\\/06\\\/17\\\/tutuklu-umit-ozdag-serbest-birakildi-siyasi-mesaji-sert-oldu\\\/\"},\"wordCount\":156,\"commentCount\":0,\"publisher\":{\"@id\":\"https:\\\/\\\/avrupatv.eu\\\/#organization\"},\"image\":{\"@id\":\"https:\\\/\\\/avrupatv.eu\\\/index.php\\\/2025\\\/06\\\/17\\\/tutuklu-umit-ozdag-serbest-birakildi-siyasi-mesaji-sert-oldu\\\/#primaryimage\"},\"thumbnailUrl\":\"https:\\\/\\\/avrupatv.eu\\\/wp-content\\\/uploads\\\/2025\\\/06\\\/tutuklama-talebiyle-mahkemeye-sevk-edilen-umit-ozdagin-savciliktaki-ifadesi-ortaya-cikti-jrka.jpg\",\"articleSection\":[\"Blog\"],\"inLanguage\":\"tr\",\"potentialAction\":[{\"@type\":\"CommentAction\",\"name\":\"Comment\",\"target\":[\"https:\\\/\\\/avrupatv.eu\\\/index.php\\\/2025\\\/06\\\/17\\\/tutuklu-umit-ozdag-serbest-birakildi-siyasi-mesaji-sert-oldu\\\/#respond\"]}]},{\"@type\":\"WebPage\",\"@id\":\"https:\\\/\\\/avrupatv.eu\\\/index.php\\\/2025\\\/06\\\/17\\\/tutuklu-umit-ozdag-serbest-birakildi-siyasi-mesaji-sert-oldu\\\/\",\"url\":\"https:\\\/\\\/avrupatv.eu\\\/index.php\\\/2025\\\/06\\\/17\\\/tutuklu-umit-ozdag-serbest-birakildi-siyasi-mesaji-sert-oldu\\\/\",\"name\":\"Tutuklu \u00dcmit \u00d6zda\u011f Serbest B\u0131rak\u0131ld\u0131! Siyasi Mesaj\u0131 Sert Oldu - Avrupal\u0131 T\u00fcrklerin en Yeni Haber Portal\u0131\",\"isPartOf\":{\"@id\":\"https:\\\/\\\/avrupatv.eu\\\/#website\"},\"primaryImageOfPage\":{\"@id\":\"https:\\\/\\\/avrupatv.eu\\\/index.php\\\/2025\\\/06\\\/17\\\/tutuklu-umit-ozdag-serbest-birakildi-siyasi-mesaji-sert-oldu\\\/#primaryimage\"},\"image\":{\"@id\":\"https:\\\/\\\/avrupatv.eu\\\/index.php\\\/2025\\\/06\\\/17\\\/tutuklu-umit-ozdag-serbest-birakildi-siyasi-mesaji-sert-oldu\\\/#primaryimage\"},\"thumbnailUrl\":\"https:\\\/\\\/avrupatv.eu\\\/wp-content\\\/uploads\\\/2025\\\/06\\\/tutuklama-talebiyle-mahkemeye-sevk-edilen-umit-ozdagin-savciliktaki-ifadesi-ortaya-cikti-jrka.jpg\",\"datePublished\":\"2025-06-17T11:35:32+00:00\",\"dateModified\":\"2025-06-17T11:35:45+00:00\",\"breadcrumb\":{\"@id\":\"https:\\\/\\\/avrupatv.eu\\\/index.php\\\/2025\\\/06\\\/17\\\/tutuklu-umit-ozdag-serbest-birakildi-siyasi-mesaji-sert-oldu\\\/#breadcrumb\"},\"inLanguage\":\"tr\",\"potentialAction\":[{\"@type\":\"ReadAction\",\"target\":[\"https:\\\/\\\/avrupatv.eu\\\/index.php\\\/2025\\\/06\\\/17\\\/tutuklu-umit-ozdag-serbest-birakildi-siyasi-mesaji-sert-oldu\\\/\"]}]},{\"@type\":\"ImageObject\",\"inLanguage\":\"tr\",\"@id\":\"https:\\\/\\\/avrupatv.eu\\\/index.php\\\/2025\\\/06\\\/17\\\/tutuklu-umit-ozdag-serbest-birakildi-siyasi-mesaji-sert-oldu\\\/#primaryimage\",\"url\":\"https:\\\/\\\/avrupatv.eu\\\/wp-content\\\/uploads\\\/2025\\\/06\\\/tutuklama-talebiyle-mahkemeye-sevk-edilen-umit-ozdagin-savciliktaki-ifadesi-ortaya-cikti-jrka.jpg\",\"contentUrl\":\"https:\\\/\\\/avrupatv.eu\\\/wp-content\\\/uploads\\\/2025\\\/06\\\/tutuklama-talebiyle-mahkemeye-sevk-edilen-umit-ozdagin-savciliktaki-ifadesi-ortaya-cikti-jrka.jpg\",\"width\":1280,\"height\":720},{\"@type\":\"BreadcrumbList\",\"@id\":\"https:\\\/\\\/avrupatv.eu\\\/index.php\\\/2025\\\/06\\\/17\\\/tutuklu-umit-ozdag-serbest-birakildi-siyasi-mesaji-sert-oldu\\\/#breadcrumb\",\"itemListElement\":[{\"@type\":\"ListItem\",\"position\":1,\"name\":\"Anasayfa\",\"item\":\"https:\\\/\\\/avrupatv.eu\\\/\"},{\"@type\":\"ListItem\",\"position\":2,\"name\":\"Tutuklu \u00dcmit \u00d6zda\u011f Serbest B\u0131rak\u0131ld\u0131! Siyasi Mesaj\u0131 Sert Oldu\"}]},{\"@type\":\"WebSite\",\"@id\":\"https:\\\/\\\/avrupatv.eu\\\/#website\",\"url\":\"https:\\\/\\\/avrupatv.eu\\\/\",\"name\":\"Avrupal\u0131 T\u00fcrklerin en Yeni Haber Portal\u0131\",\"description\":\"\",\"publisher\":{\"@id\":\"https:\\\/\\\/avrupatv.eu\\\/#organization\"},\"alternateName\":\"Avrupa tv\",\"potentialAction\":[{\"@type\":\"SearchAction\",\"target\":{\"@type\":\"EntryPoint\",\"urlTemplate\":\"https:\\\/\\\/avrupatv.eu\\\/?s={search_term_string}\"},\"query-input\":{\"@type\":\"PropertyValueSpecification\",\"valueRequired\":true,\"valueName\":\"search_term_string\"}}],\"inLanguage\":\"tr\"},{\"@type\":\"Organization\",\"@id\":\"https:\\\/\\\/avrupatv.eu\\\/#organization\",\"name\":\"Avrupa Haber\",\"url\":\"https:\\\/\\\/avrupatv.eu\\\/\",\"logo\":{\"@type\":\"ImageObject\",\"inLanguage\":\"tr\",\"@id\":\"https:\\\/\\\/avrupatv.eu\\\/#\\\/schema\\\/logo\\\/image\\\/\",\"url\":\"https:\\\/\\\/avrupatv.eu\\\/wp-content\\\/uploads\\\/2023\\\/10\\\/cropped-thumbnail_logo.png\",\"contentUrl\":\"https:\\\/\\\/avrupatv.eu\\\/wp-content\\\/uploads\\\/2023\\\/10\\\/cropped-thumbnail_logo.png\",\"width\":1025,\"height\":302,\"caption\":\"Avrupa Haber\"},\"image\":{\"@id\":\"https:\\\/\\\/avrupatv.eu\\\/#\\\/schema\\\/logo\\\/image\\\/\"}},{\"@type\":\"Person\",\"@id\":\"https:\\\/\\\/avrupatv.eu\\\/#\\\/schema\\\/person\\\/d56afa5d5569da4029d483da36c0c17d\",\"name\":\"Onur Akpinar\",\"image\":{\"@type\":\"ImageObject\",\"inLanguage\":\"tr\",\"@id\":\"https:\\\/\\\/secure.gravatar.com\\\/avatar\\\/67a1a0bdf34f82da209334e4684b7e7171a58a5a2b0a8f836b61044f5c1f5d6a?s=96&d=mm&r=g\",\"url\":\"https:\\\/\\\/secure.gravatar.com\\\/avatar\\\/67a1a0bdf34f82da209334e4684b7e7171a58a5a2b0a8f836b61044f5c1f5d6a?s=96&d=mm&r=g\",\"contentUrl\":\"https:\\\/\\\/secure.gravatar.com\\\/avatar\\\/67a1a0bdf34f82da209334e4684b7e7171a58a5a2b0a8f836b61044f5c1f5d6a?s=96&d=mm&r=g\",\"caption\":\"Onur Akpinar\"},\"url\":\"https:\\\/\\\/avrupatv.eu\\\/index.php\\\/author\\\/onur-akpinar\\\/\"}]}<\/script>\n<!-- \/ Yoast SEO plugin. -->","yoast_head_json":{"title":"Tutuklu \u00dcmit \u00d6zda\u011f Serbest B\u0131rak\u0131ld\u0131! Siyasi Mesaj\u0131 Sert Oldu - Avrupal\u0131 T\u00fcrklerin en Yeni Haber Portal\u0131","robots":{"index":"index","follow":"follow","max-snippet":"max-snippet:-1","max-image-preview":"max-image-preview:large","max-video-preview":"max-video-preview:-1"},"canonical":"https:\/\/avrupatv.eu\/index.php\/2025\/06\/17\/tutuklu-umit-ozdag-serbest-birakildi-siyasi-mesaji-sert-oldu\/","og_locale":"tr_TR","og_type":"article","og_title":"Tutuklu \u00dcmit \u00d6zda\u011f Serbest B\u0131rak\u0131ld\u0131! Siyasi Mesaj\u0131 Sert Oldu - Avrupal\u0131 T\u00fcrklerin en Yeni Haber Portal\u0131","og_description":"Zafer Partisi Genel Ba\u015fkan\u0131 \u00dcmit \u00d6zda\u011f, ge\u00e7ti\u011fimiz g\u00fcnlerde g\u00f6zalt\u0131na al\u0131nd\u0131ktan sonra \u00e7\u0131kar\u0131ld\u0131\u011f\u0131 mahkeme taraf\u0131ndan adli kontrol \u015fart\u0131yla serbest b\u0131rak\u0131ld\u0131. \u00d6zda\u011f\u2019\u0131n, sosyal medya payla\u015f\u0131mlar\u0131nda yer alan baz\u0131 ifadeler nedeniyle ifadeye \u00e7a\u011fr\u0131ld\u0131\u011f\u0131 ve bu kapsamda g\u00f6zalt\u0131na al\u0131nd\u0131\u011f\u0131 \u00f6\u011frenildi. Emniyetteki i\u015flemlerinin ard\u0131ndan adliyeye sevk edilen \u00d6zda\u011f, savc\u0131l\u0131k sorgusunun ard\u0131ndan mahkemeye \u00e7\u0131kar\u0131ld\u0131. Mahkeme, \u00d6zda\u011f\u2019\u0131n adli kontrol \u015fart\u0131yla tahliyesine karar [&hellip;]","og_url":"https:\/\/avrupatv.eu\/index.php\/2025\/06\/17\/tutuklu-umit-ozdag-serbest-birakildi-siyasi-mesaji-sert-oldu\/","og_site_name":"Avrupal\u0131 T\u00fcrklerin en Yeni Haber Portal\u0131","article_published_time":"2025-06-17T11:35:32+00:00","article_modified_time":"2025-06-17T11:35:45+00:00","og_image":[{"width":1280,"height":720,"url":"https:\/\/avrupatv.eu\/wp-content\/uploads\/2025\/06\/tutuklama-talebiyle-mahkemeye-sevk-edilen-umit-ozdagin-savciliktaki-ifadesi-ortaya-cikti-jrka.jpg","type":"image\/jpeg"}],"author":"Onur Akpinar","twitter_card":"summary_large_image","twitter_misc":{"Yazan:":"Onur Akpinar","Tahmini okuma s\u00fcresi":"1 dakika"},"schema":{"@context":"https:\/\/schema.org","@graph":[{"@type":"Article","@id":"https:\/\/avrupatv.eu\/index.php\/2025\/06\/17\/tutuklu-umit-ozdag-serbest-birakildi-siyasi-mesaji-sert-oldu\/#article","isPartOf":{"@id":"https:\/\/avrupatv.eu\/index.php\/2025\/06\/17\/tutuklu-umit-ozdag-serbest-birakildi-siyasi-mesaji-sert-oldu\/"},"author":{"name":"Onur Akpinar","@id":"https:\/\/avrupatv.eu\/#\/schema\/person\/d56afa5d5569da4029d483da36c0c17d"},"headline":"Tutuklu \u00dcmit \u00d6zda\u011f Serbest B\u0131rak\u0131ld\u0131! Siyasi Mesaj\u0131 Sert Oldu","datePublished":"2025-06-17T11:35:32+00:00","dateModified":"2025-06-17T11:35:45+00:00","mainEntityOfPage":{"@id":"https:\/\/avrupatv.eu\/index.php\/2025\/06\/17\/tutuklu-umit-ozdag-serbest-birakildi-siyasi-mesaji-sert-oldu\/"},"wordCount":156,"commentCount":0,"publisher":{"@id":"https:\/\/avrupatv.eu\/#organization"},"image":{"@id":"https:\/\/avrupatv.eu\/index.php\/2025\/06\/17\/tutuklu-umit-ozdag-serbest-birakildi-siyasi-mesaji-sert-oldu\/#primaryimage"},"thumbnailUrl":"https:\/\/avrupatv.eu\/wp-content\/uploads\/2025\/06\/tutuklama-talebiyle-mahkemeye-sevk-edilen-umit-ozdagin-savciliktaki-ifadesi-ortaya-cikti-jrka.jpg","articleSection":["Blog"],"inLanguage":"tr","potentialAction":[{"@type":"CommentAction","name":"Comment","target":["https:\/\/avrupatv.eu\/index.php\/2025\/06\/17\/tutuklu-umit-ozdag-serbest-birakildi-siyasi-mesaji-sert-oldu\/#respond"]}]},{"@type":"WebPage","@id":"https:\/\/avrupatv.eu\/index.php\/2025\/06\/17\/tutuklu-umit-ozdag-serbest-birakildi-siyasi-mesaji-sert-oldu\/","url":"https:\/\/avrupatv.eu\/index.php\/2025\/06\/17\/tutuklu-umit-ozdag-serbest-birakildi-siyasi-mesaji-sert-oldu\/","name":"Tutuklu \u00dcmit \u00d6zda\u011f Serbest B\u0131rak\u0131ld\u0131! Siyasi Mesaj\u0131 Sert Oldu - Avrupal\u0131 T\u00fcrklerin en Yeni Haber Portal\u0131","isPartOf":{"@id":"https:\/\/avrupatv.eu\/#website"},"primaryImageOfPage":{"@id":"https:\/\/avrupatv.eu\/index.php\/2025\/06\/17\/tutuklu-umit-ozdag-serbest-birakildi-siyasi-mesaji-sert-oldu\/#primaryimage"},"image":{"@id":"https:\/\/avrupatv.eu\/index.php\/2025\/06\/17\/tutuklu-umit-ozdag-serbest-birakildi-siyasi-mesaji-sert-oldu\/#primaryimage"},"thumbnailUrl":"https:\/\/avrupatv.eu\/wp-content\/uploads\/2025\/06\/tutuklama-talebiyle-mahkemeye-sevk-edilen-umit-ozdagin-savciliktaki-ifadesi-ortaya-cikti-jrka.jpg","datePublished":"2025-06-17T11:35:32+00:00","dateModified":"2025-06-17T11:35:45+00:00","breadcrumb":{"@id":"https:\/\/avrupatv.eu\/index.php\/2025\/06\/17\/tutuklu-umit-ozdag-serbest-birakildi-siyasi-mesaji-sert-oldu\/#breadcrumb"},"inLanguage":"tr","potentialAction":[{"@type":"ReadAction","target":["https:\/\/avrupatv.eu\/index.php\/2025\/06\/17\/tutuklu-umit-ozdag-serbest-birakildi-siyasi-mesaji-sert-oldu\/"]}]},{"@type":"ImageObject","inLanguage":"tr","@id":"https:\/\/avrupatv.eu\/index.php\/2025\/06\/17\/tutuklu-umit-ozdag-serbest-birakildi-siyasi-mesaji-sert-oldu\/#primaryimage","url":"https:\/\/avrupatv.eu\/wp-content\/uploads\/2025\/06\/tutuklama-talebiyle-mahkemeye-sevk-edilen-umit-ozdagin-savciliktaki-ifadesi-ortaya-cikti-jrka.jpg","contentUrl":"https:\/\/avrupatv.eu\/wp-content\/uploads\/2025\/06\/tutuklama-talebiyle-mahkemeye-sevk-edilen-umit-ozdagin-savciliktaki-ifadesi-ortaya-cikti-jrka.jpg","width":1280,"height":720},{"@type":"BreadcrumbList","@id":"https:\/\/avrupatv.eu\/index.php\/2025\/06\/17\/tutuklu-umit-ozdag-serbest-birakildi-siyasi-mesaji-sert-oldu\/#breadcrumb","itemListElement":[{"@type":"ListItem","position":1,"name":"Anasayfa","item":"https:\/\/avrupatv.eu\/"},{"@type":"ListItem","position":2,"name":"Tutuklu \u00dcmit \u00d6zda\u011f Serbest B\u0131rak\u0131ld\u0131! Siyasi Mesaj\u0131 Sert Oldu"}]},{"@type":"WebSite","@id":"https:\/\/avrupatv.eu\/#website","url":"https:\/\/avrupatv.eu\/","name":"Avrupal\u0131 T\u00fcrklerin en Yeni Haber Portal\u0131","description":"","publisher":{"@id":"https:\/\/avrupatv.eu\/#organization"},"alternateName":"Avrupa tv","potentialAction":[{"@type":"SearchAction","target":{"@type":"EntryPoint","urlTemplate":"https:\/\/avrupatv.eu\/?s={search_term_string}"},"query-input":{"@type":"PropertyValueSpecification","valueRequired":true,"valueName":"search_term_string"}}],"inLanguage":"tr"},{"@type":"Organization","@id":"https:\/\/avrupatv.eu\/#organization","name":"Avrupa Haber","url":"https:\/\/avrupatv.eu\/","logo":{"@type":"ImageObject","inLanguage":"tr","@id":"https:\/\/avrupatv.eu\/#\/schema\/logo\/image\/","url":"https:\/\/avrupatv.eu\/wp-content\/uploads\/2023\/10\/cropped-thumbnail_logo.png","contentUrl":"https:\/\/avrupatv.eu\/wp-content\/uploads\/2023\/10\/cropped-thumbnail_logo.png","width":1025,"height":302,"caption":"Avrupa Haber"},"image":{"@id":"https:\/\/avrupatv.eu\/#\/schema\/logo\/image\/"}},{"@type":"Person","@id":"https:\/\/avrupatv.eu\/#\/schema\/person\/d56afa5d5569da4029d483da36c0c17d","name":"Onur Akpinar","image":{"@type":"ImageObject","inLanguage":"tr","@id":"https:\/\/secure.gravatar.com\/avatar\/67a1a0bdf34f82da209334e4684b7e7171a58a5a2b0a8f836b61044f5c1f5d6a?s=96&d=mm&r=g","url":"https:\/\/secure.gravatar.com\/avatar\/67a1a0bdf34f82da209334e4684b7e7171a58a5a2b0a8f836b61044f5c1f5d6a?s=96&d=mm&r=g","contentUrl":"https:\/\/secure.gravatar.com\/avatar\/67a1a0bdf34f82da209334e4684b7e7171a58a5a2b0a8f836b61044f5c1f5d6a?s=96&d=mm&r=g","caption":"Onur Akpinar"},"url":"https:\/\/avrupatv.eu\/index.php\/author\/onur-akpinar\/"}]}},"_links":{"self":[{"href":"https:\/\/avrupatv.eu\/index.php\/wp-json\/wp\/v2\/posts\/1234","targetHints":{"allow":["GET"]}}],"collection":[{"href":"https:\/\/avrupatv.eu\/index.php\/wp-json\/wp\/v2\/posts"}],"about":[{"href":"https:\/\/avrupatv.eu\/index.php\/wp-json\/wp\/v2\/types\/post"}],"author":[{"embeddable":true,"href":"https:\/\/avrupatv.eu\/index.php\/wp-json\/wp\/v2\/users\/2"}],"replies":[{"embeddable":true,"href":"https:\/\/avrupatv.eu\/index.php\/wp-json\/wp\/v2\/comments?post=1234"}],"version-history":[{"count":1,"href":"https:\/\/avrupatv.eu\/index.php\/wp-json\/wp\/v2\/posts\/1234\/revisions"}],"predecessor-version":[{"id":1236,"href":"https:\/\/avrupatv.eu\/index.php\/wp-json\/wp\/v2\/posts\/1234\/revisions\/1236"}],"wp:featuredmedia":[{"embeddable":true,"href":"https:\/\/avrupatv.eu\/index.php\/wp-json\/wp\/v2\/media\/1235"}],"wp:attachment":[{"href":"https:\/\/avrupatv.eu\/index.php\/wp-json\/wp\/v2\/media?parent=1234"}],"wp:term":[{"taxonomy":"category","embeddable":true,"href":"https:\/\/avrupatv.eu\/index.php\/wp-json\/wp\/v2\/categories?post=1234"},{"taxonomy":"post_tag","embeddable":true,"href":"https:\/\/avrupatv.eu\/index.php\/wp-json\/wp\/v2\/tags?post=1234"}],"curies":[{"name":"wp","href":"https:\/\/api.w.org\/{rel}","templated":true}]}}