{"id":1225,"date":"2025-06-15T18:06:42","date_gmt":"2025-06-15T18:06:42","guid":{"rendered":"https:\/\/avrupatv.eu\/?p=1225"},"modified":"2025-06-15T18:06:43","modified_gmt":"2025-06-15T18:06:43","slug":"brukselde-110-bin-kisilik-kirmizi-cizgi-belcika-hukumeti-soykirima-ortak","status":"publish","type":"post","link":"https:\/\/avrupatv.eu\/index.php\/2025\/06\/15\/brukselde-110-bin-kisilik-kirmizi-cizgi-belcika-hukumeti-soykirima-ortak\/","title":{"rendered":"Br\u00fcksel\u2019de 110 Bin Ki\u015filik K\u0131rm\u0131z\u0131 \u00c7izgi: Bel\u00e7ika H\u00fck\u00fcmeti Soyk\u0131r\u0131ma Ortak!"},"content":{"rendered":"\n<p>Bug\u00fcn Br\u00fcksel sokaklar\u0131nda tarihi bir an ya\u015fand\u0131. 110 binden fazla ki\u015fi, Filistin\u2019e destek vermek ve \u0130srail\u2019in Gazze\u2019de s\u00fcrd\u00fcrd\u00fc\u011f\u00fc soyk\u0131r\u0131ma kar\u015f\u0131 durmak i\u00e7in \u201ck\u0131rm\u0131z\u0131 \u00e7izgi\u201d olu\u015fturdu. G\u00f6stericiler, yaln\u0131zca g\u00fc\u00e7l\u00fc bir mesaj vermekle kalmad\u0131, ayn\u0131 zamanda Bel\u00e7ika h\u00fck\u00fcmetinin ikiy\u00fczl\u00fc politikalar\u0131n\u0131 da sert bi\u00e7imde ele\u015ftirdi.<\/p>\n\n\n\n<p>Protestocular, \u201csoyk\u0131r\u0131m\u0131 durdurun\u201d, \u201cyapt\u0131r\u0131mlar \u015fimdi\u201d ve \u201c\u00f6zg\u00fcr Filistin\u201d sloganlar\u0131yla Bel\u00e7ika\u2019n\u0131n \u0130srail\u2019le olan siyasi ve ticari ili\u015fkilerini k\u0131nad\u0131:<\/p>\n\n\n\n<p>Bel\u00e7ika topraklar\u0131ndan h\u00e2l\u00e2 \u0130srail\u2019e silah sevkiyat\u0131 yap\u0131l\u0131yor.<\/p>\n\n\n\n<p>Bel\u00e7ika, \u0130srail ile ticaret yapmaya devam ediyor.<\/p>\n\n\n\n<p>Bel\u00e7ika Ba\u015fbakan\u0131\u2019n\u0131n \u015fehri olan Br\u00fcksel\u2019deki belediye binas\u0131na h\u00e2l\u00e2 \u0130srail bayra\u011f\u0131 \u00e7ekiliyor.<\/p>\n\n\n\n<p>G\u00f6stericiler, \u201cBel\u00e7ika h\u00fck\u00fcmeti \u00e7aresiz de\u011fil, yapt\u0131r\u0131m uygulamad\u0131k\u00e7a bu soyk\u0131r\u0131m\u0131n su\u00e7 orta\u011f\u0131d\u0131r\u201d diyerek siyasi \u00e7\u00f6z\u00fcm \u00e7a\u011fr\u0131lar\u0131n\u0131n yetersizli\u011fine dikkat \u00e7ekti.<\/p>\n\n\n\n<p>Ayn\u0131 g\u00fcn, M\u0131s\u0131r\u2019da da 50 \u00fclkeden gelen binlerce ki\u015fi Refah S\u0131n\u0131r Kap\u0131s\u0131\u2019na y\u00fcr\u00fcyerek \u0130srail ablukas\u0131na kar\u015f\u0131 uluslararas\u0131 bir dayan\u0131\u015fma sergiledi.<\/p>\n\n\n\n<p>Mesaj net: Soyk\u0131r\u0131m durdurulsun. Yapt\u0131r\u0131mlar uygulans\u0131n. Filistin \u00f6zg\u00fcr olsun.<\/p>\n","protected":false},"excerpt":{"rendered":"<p>Bug\u00fcn Br\u00fcksel sokaklar\u0131nda tarihi bir an ya\u015fand\u0131. 110 binden fazla ki\u015fi, Filistin\u2019e destek vermek ve \u0130srail\u2019in Gazze\u2019de s\u00fcrd\u00fcrd\u00fc\u011f\u00fc soyk\u0131r\u0131ma kar\u015f\u0131 durmak i\u00e7in \u201ck\u0131rm\u0131z\u0131 \u00e7izgi\u201d olu\u015fturdu. G\u00f6stericiler, yaln\u0131zca g\u00fc\u00e7l\u00fc bir mesaj vermekle kalmad\u0131, ayn\u0131 zamanda Bel\u00e7ika h\u00fck\u00fcmetinin ikiy\u00fczl\u00fc politikalar\u0131n\u0131 da sert bi\u00e7imde ele\u015ftirdi. Protestocular, \u201csoyk\u0131r\u0131m\u0131 durdurun\u201d, \u201cyapt\u0131r\u0131mlar \u015fimdi\u201d ve \u201c\u00f6zg\u00fcr Filistin\u201d sloganlar\u0131yla Bel\u00e7ika\u2019n\u0131n \u0130srail\u2019le olan siyasi [&hellip;]<\/p>\n","protected":false},"author":2,"featured_media":1226,"comment_status":"open","ping_status":"open","sticky":false,"template":"","format":"standard","meta":{"footnotes":""},"categories":[21],"tags":[],"class_list":["post-1225","post","type-post","status-publish","format-standard","has-post-thumbnail","hentry","category-belcika"],"yoast_head":"<!-- This site is optimized with the Yoast SEO plugin v27.4 - https:\/\/yoast.com\/product\/yoast-seo-wordpress\/ -->\n<title>Br\u00fcksel\u2019de 110 Bin Ki\u015filik K\u0131rm\u0131z\u0131 \u00c7izgi: Bel\u00e7ika H\u00fck\u00fcmeti Soyk\u0131r\u0131ma Ortak! - Avrupal\u0131 T\u00fcrklerin en Yeni Haber Portal\u0131<\/title>\n<meta name=\"robots\" content=\"index, follow, max-snippet:-1, max-image-preview:large, max-video-preview:-1\" \/>\n<link rel=\"canonical\" href=\"https:\/\/avrupatv.eu\/index.php\/2025\/06\/15\/brukselde-110-bin-kisilik-kirmizi-cizgi-belcika-hukumeti-soykirima-ortak\/\" \/>\n<meta property=\"og:locale\" content=\"tr_TR\" \/>\n<meta property=\"og:type\" content=\"article\" \/>\n<meta property=\"og:title\" content=\"Br\u00fcksel\u2019de 110 Bin Ki\u015filik K\u0131rm\u0131z\u0131 \u00c7izgi: Bel\u00e7ika H\u00fck\u00fcmeti Soyk\u0131r\u0131ma Ortak! - Avrupal\u0131 T\u00fcrklerin en Yeni Haber Portal\u0131\" \/>\n<meta property=\"og:description\" content=\"Bug\u00fcn Br\u00fcksel sokaklar\u0131nda tarihi bir an ya\u015fand\u0131. 110 binden fazla ki\u015fi, Filistin\u2019e destek vermek ve \u0130srail\u2019in Gazze\u2019de s\u00fcrd\u00fcrd\u00fc\u011f\u00fc soyk\u0131r\u0131ma kar\u015f\u0131 durmak i\u00e7in \u201ck\u0131rm\u0131z\u0131 \u00e7izgi\u201d olu\u015fturdu. G\u00f6stericiler, yaln\u0131zca g\u00fc\u00e7l\u00fc bir mesaj vermekle kalmad\u0131, ayn\u0131 zamanda Bel\u00e7ika h\u00fck\u00fcmetinin ikiy\u00fczl\u00fc politikalar\u0131n\u0131 da sert bi\u00e7imde ele\u015ftirdi. Protestocular, \u201csoyk\u0131r\u0131m\u0131 durdurun\u201d, \u201cyapt\u0131r\u0131mlar \u015fimdi\u201d ve \u201c\u00f6zg\u00fcr Filistin\u201d sloganlar\u0131yla Bel\u00e7ika\u2019n\u0131n \u0130srail\u2019le olan siyasi [&hellip;]\" \/>\n<meta property=\"og:url\" content=\"https:\/\/avrupatv.eu\/index.php\/2025\/06\/15\/brukselde-110-bin-kisilik-kirmizi-cizgi-belcika-hukumeti-soykirima-ortak\/\" \/>\n<meta property=\"og:site_name\" content=\"Avrupal\u0131 T\u00fcrklerin en Yeni Haber Portal\u0131\" \/>\n<meta property=\"article:published_time\" content=\"2025-06-15T18:06:42+00:00\" \/>\n<meta property=\"article:modified_time\" content=\"2025-06-15T18:06:43+00:00\" \/>\n<meta property=\"og:image\" content=\"https:\/\/avrupatv.eu\/wp-content\/uploads\/2025\/06\/FB_IMG_1750010783006.jpg\" \/>\n\t<meta property=\"og:image:width\" content=\"709\" \/>\n\t<meta property=\"og:image:height\" content=\"886\" \/>\n\t<meta property=\"og:image:type\" content=\"image\/jpeg\" \/>\n<meta name=\"author\" content=\"Onur Akpinar\" \/>\n<meta name=\"twitter:card\" content=\"summary_large_image\" \/>\n<meta name=\"twitter:label1\" content=\"Yazan:\" \/>\n\t<meta name=\"twitter:data1\" content=\"Onur Akpinar\" \/>\n\t<meta name=\"twitter:label2\" content=\"Tahmini okuma s\u00fcresi\" \/>\n\t<meta name=\"twitter:data2\" content=\"1 dakika\" \/>\n<script type=\"application\/ld+json\" class=\"yoast-schema-graph\">{\"@context\":\"https:\\\/\\\/schema.org\",\"@graph\":[{\"@type\":\"Article\",\"@id\":\"https:\\\/\\\/avrupatv.eu\\\/index.php\\\/2025\\\/06\\\/15\\\/brukselde-110-bin-kisilik-kirmizi-cizgi-belcika-hukumeti-soykirima-ortak\\\/#article\",\"isPartOf\":{\"@id\":\"https:\\\/\\\/avrupatv.eu\\\/index.php\\\/2025\\\/06\\\/15\\\/brukselde-110-bin-kisilik-kirmizi-cizgi-belcika-hukumeti-soykirima-ortak\\\/\"},\"author\":{\"name\":\"Onur Akpinar\",\"@id\":\"https:\\\/\\\/avrupatv.eu\\\/#\\\/schema\\\/person\\\/d56afa5d5569da4029d483da36c0c17d\"},\"headline\":\"Br\u00fcksel\u2019de 110 Bin Ki\u015filik K\u0131rm\u0131z\u0131 \u00c7izgi: Bel\u00e7ika H\u00fck\u00fcmeti Soyk\u0131r\u0131ma Ortak!\",\"datePublished\":\"2025-06-15T18:06:42+00:00\",\"dateModified\":\"2025-06-15T18:06:43+00:00\",\"mainEntityOfPage\":{\"@id\":\"https:\\\/\\\/avrupatv.eu\\\/index.php\\\/2025\\\/06\\\/15\\\/brukselde-110-bin-kisilik-kirmizi-cizgi-belcika-hukumeti-soykirima-ortak\\\/\"},\"wordCount\":240,\"commentCount\":0,\"publisher\":{\"@id\":\"https:\\\/\\\/avrupatv.eu\\\/#organization\"},\"image\":{\"@id\":\"https:\\\/\\\/avrupatv.eu\\\/index.php\\\/2025\\\/06\\\/15\\\/brukselde-110-bin-kisilik-kirmizi-cizgi-belcika-hukumeti-soykirima-ortak\\\/#primaryimage\"},\"thumbnailUrl\":\"https:\\\/\\\/avrupatv.eu\\\/wp-content\\\/uploads\\\/2025\\\/06\\\/FB_IMG_1750010783006.jpg\",\"articleSection\":[\"Bel\u00e7ika\"],\"inLanguage\":\"tr\",\"potentialAction\":[{\"@type\":\"CommentAction\",\"name\":\"Comment\",\"target\":[\"https:\\\/\\\/avrupatv.eu\\\/index.php\\\/2025\\\/06\\\/15\\\/brukselde-110-bin-kisilik-kirmizi-cizgi-belcika-hukumeti-soykirima-ortak\\\/#respond\"]}]},{\"@type\":\"WebPage\",\"@id\":\"https:\\\/\\\/avrupatv.eu\\\/index.php\\\/2025\\\/06\\\/15\\\/brukselde-110-bin-kisilik-kirmizi-cizgi-belcika-hukumeti-soykirima-ortak\\\/\",\"url\":\"https:\\\/\\\/avrupatv.eu\\\/index.php\\\/2025\\\/06\\\/15\\\/brukselde-110-bin-kisilik-kirmizi-cizgi-belcika-hukumeti-soykirima-ortak\\\/\",\"name\":\"Br\u00fcksel\u2019de 110 Bin Ki\u015filik K\u0131rm\u0131z\u0131 \u00c7izgi: Bel\u00e7ika H\u00fck\u00fcmeti Soyk\u0131r\u0131ma Ortak! - Avrupal\u0131 T\u00fcrklerin en Yeni Haber Portal\u0131\",\"isPartOf\":{\"@id\":\"https:\\\/\\\/avrupatv.eu\\\/#website\"},\"primaryImageOfPage\":{\"@id\":\"https:\\\/\\\/avrupatv.eu\\\/index.php\\\/2025\\\/06\\\/15\\\/brukselde-110-bin-kisilik-kirmizi-cizgi-belcika-hukumeti-soykirima-ortak\\\/#primaryimage\"},\"image\":{\"@id\":\"https:\\\/\\\/avrupatv.eu\\\/index.php\\\/2025\\\/06\\\/15\\\/brukselde-110-bin-kisilik-kirmizi-cizgi-belcika-hukumeti-soykirima-ortak\\\/#primaryimage\"},\"thumbnailUrl\":\"https:\\\/\\\/avrupatv.eu\\\/wp-content\\\/uploads\\\/2025\\\/06\\\/FB_IMG_1750010783006.jpg\",\"datePublished\":\"2025-06-15T18:06:42+00:00\",\"dateModified\":\"2025-06-15T18:06:43+00:00\",\"breadcrumb\":{\"@id\":\"https:\\\/\\\/avrupatv.eu\\\/index.php\\\/2025\\\/06\\\/15\\\/brukselde-110-bin-kisilik-kirmizi-cizgi-belcika-hukumeti-soykirima-ortak\\\/#breadcrumb\"},\"inLanguage\":\"tr\",\"potentialAction\":[{\"@type\":\"ReadAction\",\"target\":[\"https:\\\/\\\/avrupatv.eu\\\/index.php\\\/2025\\\/06\\\/15\\\/brukselde-110-bin-kisilik-kirmizi-cizgi-belcika-hukumeti-soykirima-ortak\\\/\"]}]},{\"@type\":\"ImageObject\",\"inLanguage\":\"tr\",\"@id\":\"https:\\\/\\\/avrupatv.eu\\\/index.php\\\/2025\\\/06\\\/15\\\/brukselde-110-bin-kisilik-kirmizi-cizgi-belcika-hukumeti-soykirima-ortak\\\/#primaryimage\",\"url\":\"https:\\\/\\\/avrupatv.eu\\\/wp-content\\\/uploads\\\/2025\\\/06\\\/FB_IMG_1750010783006.jpg\",\"contentUrl\":\"https:\\\/\\\/avrupatv.eu\\\/wp-content\\\/uploads\\\/2025\\\/06\\\/FB_IMG_1750010783006.jpg\",\"width\":709,\"height\":886},{\"@type\":\"BreadcrumbList\",\"@id\":\"https:\\\/\\\/avrupatv.eu\\\/index.php\\\/2025\\\/06\\\/15\\\/brukselde-110-bin-kisilik-kirmizi-cizgi-belcika-hukumeti-soykirima-ortak\\\/#breadcrumb\",\"itemListElement\":[{\"@type\":\"ListItem\",\"position\":1,\"name\":\"Anasayfa\",\"item\":\"https:\\\/\\\/avrupatv.eu\\\/\"},{\"@type\":\"ListItem\",\"position\":2,\"name\":\"Br\u00fcksel\u2019de 110 Bin Ki\u015filik K\u0131rm\u0131z\u0131 \u00c7izgi: Bel\u00e7ika H\u00fck\u00fcmeti Soyk\u0131r\u0131ma Ortak!\"}]},{\"@type\":\"WebSite\",\"@id\":\"https:\\\/\\\/avrupatv.eu\\\/#website\",\"url\":\"https:\\\/\\\/avrupatv.eu\\\/\",\"name\":\"Avrupal\u0131 T\u00fcrklerin en Yeni Haber Portal\u0131\",\"description\":\"\",\"publisher\":{\"@id\":\"https:\\\/\\\/avrupatv.eu\\\/#organization\"},\"alternateName\":\"Avrupa tv\",\"potentialAction\":[{\"@type\":\"SearchAction\",\"target\":{\"@type\":\"EntryPoint\",\"urlTemplate\":\"https:\\\/\\\/avrupatv.eu\\\/?s={search_term_string}\"},\"query-input\":{\"@type\":\"PropertyValueSpecification\",\"valueRequired\":true,\"valueName\":\"search_term_string\"}}],\"inLanguage\":\"tr\"},{\"@type\":\"Organization\",\"@id\":\"https:\\\/\\\/avrupatv.eu\\\/#organization\",\"name\":\"Avrupa Haber\",\"url\":\"https:\\\/\\\/avrupatv.eu\\\/\",\"logo\":{\"@type\":\"ImageObject\",\"inLanguage\":\"tr\",\"@id\":\"https:\\\/\\\/avrupatv.eu\\\/#\\\/schema\\\/logo\\\/image\\\/\",\"url\":\"https:\\\/\\\/avrupatv.eu\\\/wp-content\\\/uploads\\\/2023\\\/10\\\/cropped-thumbnail_logo.png\",\"contentUrl\":\"https:\\\/\\\/avrupatv.eu\\\/wp-content\\\/uploads\\\/2023\\\/10\\\/cropped-thumbnail_logo.png\",\"width\":1025,\"height\":302,\"caption\":\"Avrupa Haber\"},\"image\":{\"@id\":\"https:\\\/\\\/avrupatv.eu\\\/#\\\/schema\\\/logo\\\/image\\\/\"}},{\"@type\":\"Person\",\"@id\":\"https:\\\/\\\/avrupatv.eu\\\/#\\\/schema\\\/person\\\/d56afa5d5569da4029d483da36c0c17d\",\"name\":\"Onur Akpinar\",\"image\":{\"@type\":\"ImageObject\",\"inLanguage\":\"tr\",\"@id\":\"https:\\\/\\\/secure.gravatar.com\\\/avatar\\\/67a1a0bdf34f82da209334e4684b7e7171a58a5a2b0a8f836b61044f5c1f5d6a?s=96&d=mm&r=g\",\"url\":\"https:\\\/\\\/secure.gravatar.com\\\/avatar\\\/67a1a0bdf34f82da209334e4684b7e7171a58a5a2b0a8f836b61044f5c1f5d6a?s=96&d=mm&r=g\",\"contentUrl\":\"https:\\\/\\\/secure.gravatar.com\\\/avatar\\\/67a1a0bdf34f82da209334e4684b7e7171a58a5a2b0a8f836b61044f5c1f5d6a?s=96&d=mm&r=g\",\"caption\":\"Onur Akpinar\"},\"url\":\"https:\\\/\\\/avrupatv.eu\\\/index.php\\\/author\\\/onur-akpinar\\\/\"}]}<\/script>\n<!-- \/ Yoast SEO plugin. -->","yoast_head_json":{"title":"Br\u00fcksel\u2019de 110 Bin Ki\u015filik K\u0131rm\u0131z\u0131 \u00c7izgi: Bel\u00e7ika H\u00fck\u00fcmeti Soyk\u0131r\u0131ma Ortak! - Avrupal\u0131 T\u00fcrklerin en Yeni Haber Portal\u0131","robots":{"index":"index","follow":"follow","max-snippet":"max-snippet:-1","max-image-preview":"max-image-preview:large","max-video-preview":"max-video-preview:-1"},"canonical":"https:\/\/avrupatv.eu\/index.php\/2025\/06\/15\/brukselde-110-bin-kisilik-kirmizi-cizgi-belcika-hukumeti-soykirima-ortak\/","og_locale":"tr_TR","og_type":"article","og_title":"Br\u00fcksel\u2019de 110 Bin Ki\u015filik K\u0131rm\u0131z\u0131 \u00c7izgi: Bel\u00e7ika H\u00fck\u00fcmeti Soyk\u0131r\u0131ma Ortak! - Avrupal\u0131 T\u00fcrklerin en Yeni Haber Portal\u0131","og_description":"Bug\u00fcn Br\u00fcksel sokaklar\u0131nda tarihi bir an ya\u015fand\u0131. 110 binden fazla ki\u015fi, Filistin\u2019e destek vermek ve \u0130srail\u2019in Gazze\u2019de s\u00fcrd\u00fcrd\u00fc\u011f\u00fc soyk\u0131r\u0131ma kar\u015f\u0131 durmak i\u00e7in \u201ck\u0131rm\u0131z\u0131 \u00e7izgi\u201d olu\u015fturdu. G\u00f6stericiler, yaln\u0131zca g\u00fc\u00e7l\u00fc bir mesaj vermekle kalmad\u0131, ayn\u0131 zamanda Bel\u00e7ika h\u00fck\u00fcmetinin ikiy\u00fczl\u00fc politikalar\u0131n\u0131 da sert bi\u00e7imde ele\u015ftirdi. Protestocular, \u201csoyk\u0131r\u0131m\u0131 durdurun\u201d, \u201cyapt\u0131r\u0131mlar \u015fimdi\u201d ve \u201c\u00f6zg\u00fcr Filistin\u201d sloganlar\u0131yla Bel\u00e7ika\u2019n\u0131n \u0130srail\u2019le olan siyasi [&hellip;]","og_url":"https:\/\/avrupatv.eu\/index.php\/2025\/06\/15\/brukselde-110-bin-kisilik-kirmizi-cizgi-belcika-hukumeti-soykirima-ortak\/","og_site_name":"Avrupal\u0131 T\u00fcrklerin en Yeni Haber Portal\u0131","article_published_time":"2025-06-15T18:06:42+00:00","article_modified_time":"2025-06-15T18:06:43+00:00","og_image":[{"width":709,"height":886,"url":"https:\/\/avrupatv.eu\/wp-content\/uploads\/2025\/06\/FB_IMG_1750010783006.jpg","type":"image\/jpeg"}],"author":"Onur Akpinar","twitter_card":"summary_large_image","twitter_misc":{"Yazan:":"Onur Akpinar","Tahmini okuma s\u00fcresi":"1 dakika"},"schema":{"@context":"https:\/\/schema.org","@graph":[{"@type":"Article","@id":"https:\/\/avrupatv.eu\/index.php\/2025\/06\/15\/brukselde-110-bin-kisilik-kirmizi-cizgi-belcika-hukumeti-soykirima-ortak\/#article","isPartOf":{"@id":"https:\/\/avrupatv.eu\/index.php\/2025\/06\/15\/brukselde-110-bin-kisilik-kirmizi-cizgi-belcika-hukumeti-soykirima-ortak\/"},"author":{"name":"Onur Akpinar","@id":"https:\/\/avrupatv.eu\/#\/schema\/person\/d56afa5d5569da4029d483da36c0c17d"},"headline":"Br\u00fcksel\u2019de 110 Bin Ki\u015filik K\u0131rm\u0131z\u0131 \u00c7izgi: Bel\u00e7ika H\u00fck\u00fcmeti Soyk\u0131r\u0131ma Ortak!","datePublished":"2025-06-15T18:06:42+00:00","dateModified":"2025-06-15T18:06:43+00:00","mainEntityOfPage":{"@id":"https:\/\/avrupatv.eu\/index.php\/2025\/06\/15\/brukselde-110-bin-kisilik-kirmizi-cizgi-belcika-hukumeti-soykirima-ortak\/"},"wordCount":240,"commentCount":0,"publisher":{"@id":"https:\/\/avrupatv.eu\/#organization"},"image":{"@id":"https:\/\/avrupatv.eu\/index.php\/2025\/06\/15\/brukselde-110-bin-kisilik-kirmizi-cizgi-belcika-hukumeti-soykirima-ortak\/#primaryimage"},"thumbnailUrl":"https:\/\/avrupatv.eu\/wp-content\/uploads\/2025\/06\/FB_IMG_1750010783006.jpg","articleSection":["Bel\u00e7ika"],"inLanguage":"tr","potentialAction":[{"@type":"CommentAction","name":"Comment","target":["https:\/\/avrupatv.eu\/index.php\/2025\/06\/15\/brukselde-110-bin-kisilik-kirmizi-cizgi-belcika-hukumeti-soykirima-ortak\/#respond"]}]},{"@type":"WebPage","@id":"https:\/\/avrupatv.eu\/index.php\/2025\/06\/15\/brukselde-110-bin-kisilik-kirmizi-cizgi-belcika-hukumeti-soykirima-ortak\/","url":"https:\/\/avrupatv.eu\/index.php\/2025\/06\/15\/brukselde-110-bin-kisilik-kirmizi-cizgi-belcika-hukumeti-soykirima-ortak\/","name":"Br\u00fcksel\u2019de 110 Bin Ki\u015filik K\u0131rm\u0131z\u0131 \u00c7izgi: Bel\u00e7ika H\u00fck\u00fcmeti Soyk\u0131r\u0131ma Ortak! - Avrupal\u0131 T\u00fcrklerin en Yeni Haber Portal\u0131","isPartOf":{"@id":"https:\/\/avrupatv.eu\/#website"},"primaryImageOfPage":{"@id":"https:\/\/avrupatv.eu\/index.php\/2025\/06\/15\/brukselde-110-bin-kisilik-kirmizi-cizgi-belcika-hukumeti-soykirima-ortak\/#primaryimage"},"image":{"@id":"https:\/\/avrupatv.eu\/index.php\/2025\/06\/15\/brukselde-110-bin-kisilik-kirmizi-cizgi-belcika-hukumeti-soykirima-ortak\/#primaryimage"},"thumbnailUrl":"https:\/\/avrupatv.eu\/wp-content\/uploads\/2025\/06\/FB_IMG_1750010783006.jpg","datePublished":"2025-06-15T18:06:42+00:00","dateModified":"2025-06-15T18:06:43+00:00","breadcrumb":{"@id":"https:\/\/avrupatv.eu\/index.php\/2025\/06\/15\/brukselde-110-bin-kisilik-kirmizi-cizgi-belcika-hukumeti-soykirima-ortak\/#breadcrumb"},"inLanguage":"tr","potentialAction":[{"@type":"ReadAction","target":["https:\/\/avrupatv.eu\/index.php\/2025\/06\/15\/brukselde-110-bin-kisilik-kirmizi-cizgi-belcika-hukumeti-soykirima-ortak\/"]}]},{"@type":"ImageObject","inLanguage":"tr","@id":"https:\/\/avrupatv.eu\/index.php\/2025\/06\/15\/brukselde-110-bin-kisilik-kirmizi-cizgi-belcika-hukumeti-soykirima-ortak\/#primaryimage","url":"https:\/\/avrupatv.eu\/wp-content\/uploads\/2025\/06\/FB_IMG_1750010783006.jpg","contentUrl":"https:\/\/avrupatv.eu\/wp-content\/uploads\/2025\/06\/FB_IMG_1750010783006.jpg","width":709,"height":886},{"@type":"BreadcrumbList","@id":"https:\/\/avrupatv.eu\/index.php\/2025\/06\/15\/brukselde-110-bin-kisilik-kirmizi-cizgi-belcika-hukumeti-soykirima-ortak\/#breadcrumb","itemListElement":[{"@type":"ListItem","position":1,"name":"Anasayfa","item":"https:\/\/avrupatv.eu\/"},{"@type":"ListItem","position":2,"name":"Br\u00fcksel\u2019de 110 Bin Ki\u015filik K\u0131rm\u0131z\u0131 \u00c7izgi: Bel\u00e7ika H\u00fck\u00fcmeti Soyk\u0131r\u0131ma Ortak!"}]},{"@type":"WebSite","@id":"https:\/\/avrupatv.eu\/#website","url":"https:\/\/avrupatv.eu\/","name":"Avrupal\u0131 T\u00fcrklerin en Yeni Haber Portal\u0131","description":"","publisher":{"@id":"https:\/\/avrupatv.eu\/#organization"},"alternateName":"Avrupa tv","potentialAction":[{"@type":"SearchAction","target":{"@type":"EntryPoint","urlTemplate":"https:\/\/avrupatv.eu\/?s={search_term_string}"},"query-input":{"@type":"PropertyValueSpecification","valueRequired":true,"valueName":"search_term_string"}}],"inLanguage":"tr"},{"@type":"Organization","@id":"https:\/\/avrupatv.eu\/#organization","name":"Avrupa Haber","url":"https:\/\/avrupatv.eu\/","logo":{"@type":"ImageObject","inLanguage":"tr","@id":"https:\/\/avrupatv.eu\/#\/schema\/logo\/image\/","url":"https:\/\/avrupatv.eu\/wp-content\/uploads\/2023\/10\/cropped-thumbnail_logo.png","contentUrl":"https:\/\/avrupatv.eu\/wp-content\/uploads\/2023\/10\/cropped-thumbnail_logo.png","width":1025,"height":302,"caption":"Avrupa Haber"},"image":{"@id":"https:\/\/avrupatv.eu\/#\/schema\/logo\/image\/"}},{"@type":"Person","@id":"https:\/\/avrupatv.eu\/#\/schema\/person\/d56afa5d5569da4029d483da36c0c17d","name":"Onur Akpinar","image":{"@type":"ImageObject","inLanguage":"tr","@id":"https:\/\/secure.gravatar.com\/avatar\/67a1a0bdf34f82da209334e4684b7e7171a58a5a2b0a8f836b61044f5c1f5d6a?s=96&d=mm&r=g","url":"https:\/\/secure.gravatar.com\/avatar\/67a1a0bdf34f82da209334e4684b7e7171a58a5a2b0a8f836b61044f5c1f5d6a?s=96&d=mm&r=g","contentUrl":"https:\/\/secure.gravatar.com\/avatar\/67a1a0bdf34f82da209334e4684b7e7171a58a5a2b0a8f836b61044f5c1f5d6a?s=96&d=mm&r=g","caption":"Onur Akpinar"},"url":"https:\/\/avrupatv.eu\/index.php\/author\/onur-akpinar\/"}]}},"_links":{"self":[{"href":"https:\/\/avrupatv.eu\/index.php\/wp-json\/wp\/v2\/posts\/1225","targetHints":{"allow":["GET"]}}],"collection":[{"href":"https:\/\/avrupatv.eu\/index.php\/wp-json\/wp\/v2\/posts"}],"about":[{"href":"https:\/\/avrupatv.eu\/index.php\/wp-json\/wp\/v2\/types\/post"}],"author":[{"embeddable":true,"href":"https:\/\/avrupatv.eu\/index.php\/wp-json\/wp\/v2\/users\/2"}],"replies":[{"embeddable":true,"href":"https:\/\/avrupatv.eu\/index.php\/wp-json\/wp\/v2\/comments?post=1225"}],"version-history":[{"count":1,"href":"https:\/\/avrupatv.eu\/index.php\/wp-json\/wp\/v2\/posts\/1225\/revisions"}],"predecessor-version":[{"id":1227,"href":"https:\/\/avrupatv.eu\/index.php\/wp-json\/wp\/v2\/posts\/1225\/revisions\/1227"}],"wp:featuredmedia":[{"embeddable":true,"href":"https:\/\/avrupatv.eu\/index.php\/wp-json\/wp\/v2\/media\/1226"}],"wp:attachment":[{"href":"https:\/\/avrupatv.eu\/index.php\/wp-json\/wp\/v2\/media?parent=1225"}],"wp:term":[{"taxonomy":"category","embeddable":true,"href":"https:\/\/avrupatv.eu\/index.php\/wp-json\/wp\/v2\/categories?post=1225"},{"taxonomy":"post_tag","embeddable":true,"href":"https:\/\/avrupatv.eu\/index.php\/wp-json\/wp\/v2\/tags?post=1225"}],"curies":[{"name":"wp","href":"https:\/\/api.w.org\/{rel}","templated":true}]}}