{"id":1178,"date":"2025-05-15T13:38:01","date_gmt":"2025-05-15T13:38:01","guid":{"rendered":"https:\/\/avrupatv.eu\/?p=1178"},"modified":"2025-05-15T13:38:01","modified_gmt":"2025-05-15T13:38:01","slug":"konyada-deprem-korkuttu-7-buyuklugunde-olasi-deprem-konusuluyor","status":"publish","type":"post","link":"https:\/\/avrupatv.eu\/index.php\/2025\/05\/15\/konyada-deprem-korkuttu-7-buyuklugunde-olasi-deprem-konusuluyor\/","title":{"rendered":"Konya&#8217;da deprem korkuttu! 7 B\u00fcy\u00fckl\u00fc\u011f\u00fcnde olas\u0131 deprem konu\u015fuluyor!"},"content":{"rendered":"\n<p>15 May\u0131s 2025 Per\u015fembe g\u00fcn\u00fc saat 15:46&#8217;da, Konya&#8217;n\u0131n Kulu il\u00e7esinde 5,2 b\u00fcy\u00fckl\u00fc\u011f\u00fcnde bir deprem meydana geldi. Afet ve Acil Durum Y\u00f6netimi Ba\u015fkanl\u0131\u011f\u0131 (AFAD) verilerine g\u00f6re, deprem yerin 18,73 kilometre derinli\u011finde ger\u00e7ekle\u015fti. Sars\u0131nt\u0131, ba\u015fta Ankara olmak \u00fczere \u00e7evre illerde de hissedildi.<\/p>\n\n\n\n<p>\u0130\u00e7i\u015fleri Bakan\u0131 Ali Yerlikaya, sosyal medya \u00fczerinden yapt\u0131\u011f\u0131 a\u00e7\u0131klamada, AFAD ve ilgili kurumlar\u0131n saha taramalar\u0131na ba\u015flad\u0131\u011f\u0131n\u0131 ve \u015fu ana kadar herhangi bir olumsuz durumun bildirilmedi\u011fini belirtti.<\/p>\n\n\n\n<p>Deprem Uzman\u0131 Prof. Dr. S\u00fcleyman Pampal, CNN T\u00fcrk canl\u0131 yay\u0131n\u0131nda yapt\u0131\u011f\u0131 de\u011ferlendirmede, depremin Tuz G\u00f6l\u00fc Fay\u0131 \u00fczerinde ger\u00e7ekle\u015fti\u011fini ve bu fay\u0131n uzun aral\u0131klarla deprem \u00fcreten bir yap\u0131ya sahip oldu\u011funu ifade etti. Pampal, bu fay\u0131n k\u0131r\u0131lmas\u0131 durumunda 7 ve \u00fczeri b\u00fcy\u00fckl\u00fckte depremler \u00fcretebilece\u011fi uyar\u0131s\u0131nda bulundu.<\/p>\n\n\n\n<p>Yetkililer, vatanda\u015flar\u0131 resmi kurumlar\u0131n a\u00e7\u0131klamalar\u0131n\u0131 takip etmeye ve panik yapmamaya davet etti.<\/p>\n","protected":false},"excerpt":{"rendered":"<p>15 May\u0131s 2025 Per\u015fembe g\u00fcn\u00fc saat 15:46&#8217;da, Konya&#8217;n\u0131n Kulu il\u00e7esinde 5,2 b\u00fcy\u00fckl\u00fc\u011f\u00fcnde bir deprem meydana geldi. Afet ve Acil Durum Y\u00f6netimi Ba\u015fkanl\u0131\u011f\u0131 (AFAD) verilerine g\u00f6re, deprem yerin 18,73 kilometre derinli\u011finde ger\u00e7ekle\u015fti. Sars\u0131nt\u0131, ba\u015fta Ankara olmak \u00fczere \u00e7evre illerde de hissedildi. \u0130\u00e7i\u015fleri Bakan\u0131 Ali Yerlikaya, sosyal medya \u00fczerinden yapt\u0131\u011f\u0131 a\u00e7\u0131klamada, AFAD ve ilgili kurumlar\u0131n saha taramalar\u0131na [&hellip;]<\/p>\n","protected":false},"author":2,"featured_media":1179,"comment_status":"open","ping_status":"open","sticky":false,"template":"","format":"standard","meta":{"footnotes":""},"categories":[11],"tags":[],"class_list":["post-1178","post","type-post","status-publish","format-standard","has-post-thumbnail","hentry","category-turkiye"],"yoast_head":"<!-- This site is optimized with the Yoast SEO plugin v27.4 - https:\/\/yoast.com\/product\/yoast-seo-wordpress\/ -->\n<title>Konya&#039;da deprem korkuttu! 7 B\u00fcy\u00fckl\u00fc\u011f\u00fcnde olas\u0131 deprem konu\u015fuluyor! - Avrupal\u0131 T\u00fcrklerin en Yeni Haber Portal\u0131<\/title>\n<meta name=\"robots\" content=\"index, follow, max-snippet:-1, max-image-preview:large, max-video-preview:-1\" \/>\n<link rel=\"canonical\" href=\"https:\/\/avrupatv.eu\/index.php\/2025\/05\/15\/konyada-deprem-korkuttu-7-buyuklugunde-olasi-deprem-konusuluyor\/\" \/>\n<meta property=\"og:locale\" content=\"tr_TR\" \/>\n<meta property=\"og:type\" content=\"article\" \/>\n<meta property=\"og:title\" content=\"Konya&#039;da deprem korkuttu! 7 B\u00fcy\u00fckl\u00fc\u011f\u00fcnde olas\u0131 deprem konu\u015fuluyor! - Avrupal\u0131 T\u00fcrklerin en Yeni Haber Portal\u0131\" \/>\n<meta property=\"og:description\" content=\"15 May\u0131s 2025 Per\u015fembe g\u00fcn\u00fc saat 15:46&#8217;da, Konya&#8217;n\u0131n Kulu il\u00e7esinde 5,2 b\u00fcy\u00fckl\u00fc\u011f\u00fcnde bir deprem meydana geldi. Afet ve Acil Durum Y\u00f6netimi Ba\u015fkanl\u0131\u011f\u0131 (AFAD) verilerine g\u00f6re, deprem yerin 18,73 kilometre derinli\u011finde ger\u00e7ekle\u015fti. Sars\u0131nt\u0131, ba\u015fta Ankara olmak \u00fczere \u00e7evre illerde de hissedildi. \u0130\u00e7i\u015fleri Bakan\u0131 Ali Yerlikaya, sosyal medya \u00fczerinden yapt\u0131\u011f\u0131 a\u00e7\u0131klamada, AFAD ve ilgili kurumlar\u0131n saha taramalar\u0131na [&hellip;]\" \/>\n<meta property=\"og:url\" content=\"https:\/\/avrupatv.eu\/index.php\/2025\/05\/15\/konyada-deprem-korkuttu-7-buyuklugunde-olasi-deprem-konusuluyor\/\" \/>\n<meta property=\"og:site_name\" content=\"Avrupal\u0131 T\u00fcrklerin en Yeni Haber Portal\u0131\" \/>\n<meta property=\"article:published_time\" content=\"2025-05-15T13:38:01+00:00\" \/>\n<meta property=\"og:image\" content=\"https:\/\/avrupatv.eu\/wp-content\/uploads\/2025\/05\/1746843152_detay1693292103270349.jpg\" \/>\n\t<meta property=\"og:image:width\" content=\"1280\" \/>\n\t<meta property=\"og:image:height\" content=\"720\" \/>\n\t<meta property=\"og:image:type\" content=\"image\/jpeg\" \/>\n<meta name=\"author\" content=\"Onur Akpinar\" \/>\n<meta name=\"twitter:card\" content=\"summary_large_image\" \/>\n<meta name=\"twitter:label1\" content=\"Yazan:\" \/>\n\t<meta name=\"twitter:data1\" content=\"Onur Akpinar\" \/>\n\t<meta name=\"twitter:label2\" content=\"Tahmini okuma s\u00fcresi\" \/>\n\t<meta name=\"twitter:data2\" content=\"1 dakika\" \/>\n<script type=\"application\/ld+json\" class=\"yoast-schema-graph\">{\"@context\":\"https:\\\/\\\/schema.org\",\"@graph\":[{\"@type\":\"Article\",\"@id\":\"https:\\\/\\\/avrupatv.eu\\\/index.php\\\/2025\\\/05\\\/15\\\/konyada-deprem-korkuttu-7-buyuklugunde-olasi-deprem-konusuluyor\\\/#article\",\"isPartOf\":{\"@id\":\"https:\\\/\\\/avrupatv.eu\\\/index.php\\\/2025\\\/05\\\/15\\\/konyada-deprem-korkuttu-7-buyuklugunde-olasi-deprem-konusuluyor\\\/\"},\"author\":{\"name\":\"Onur Akpinar\",\"@id\":\"https:\\\/\\\/avrupatv.eu\\\/#\\\/schema\\\/person\\\/d56afa5d5569da4029d483da36c0c17d\"},\"headline\":\"Konya&#8217;da deprem korkuttu! 7 B\u00fcy\u00fckl\u00fc\u011f\u00fcnde olas\u0131 deprem konu\u015fuluyor!\",\"datePublished\":\"2025-05-15T13:38:01+00:00\",\"mainEntityOfPage\":{\"@id\":\"https:\\\/\\\/avrupatv.eu\\\/index.php\\\/2025\\\/05\\\/15\\\/konyada-deprem-korkuttu-7-buyuklugunde-olasi-deprem-konusuluyor\\\/\"},\"wordCount\":179,\"commentCount\":0,\"publisher\":{\"@id\":\"https:\\\/\\\/avrupatv.eu\\\/#organization\"},\"image\":{\"@id\":\"https:\\\/\\\/avrupatv.eu\\\/index.php\\\/2025\\\/05\\\/15\\\/konyada-deprem-korkuttu-7-buyuklugunde-olasi-deprem-konusuluyor\\\/#primaryimage\"},\"thumbnailUrl\":\"https:\\\/\\\/avrupatv.eu\\\/wp-content\\\/uploads\\\/2025\\\/05\\\/1746843152_detay1693292103270349.jpg\",\"articleSection\":[\"T\u00fcrkiye\"],\"inLanguage\":\"tr\",\"potentialAction\":[{\"@type\":\"CommentAction\",\"name\":\"Comment\",\"target\":[\"https:\\\/\\\/avrupatv.eu\\\/index.php\\\/2025\\\/05\\\/15\\\/konyada-deprem-korkuttu-7-buyuklugunde-olasi-deprem-konusuluyor\\\/#respond\"]}]},{\"@type\":\"WebPage\",\"@id\":\"https:\\\/\\\/avrupatv.eu\\\/index.php\\\/2025\\\/05\\\/15\\\/konyada-deprem-korkuttu-7-buyuklugunde-olasi-deprem-konusuluyor\\\/\",\"url\":\"https:\\\/\\\/avrupatv.eu\\\/index.php\\\/2025\\\/05\\\/15\\\/konyada-deprem-korkuttu-7-buyuklugunde-olasi-deprem-konusuluyor\\\/\",\"name\":\"Konya'da deprem korkuttu! 7 B\u00fcy\u00fckl\u00fc\u011f\u00fcnde olas\u0131 deprem konu\u015fuluyor! - Avrupal\u0131 T\u00fcrklerin en Yeni Haber Portal\u0131\",\"isPartOf\":{\"@id\":\"https:\\\/\\\/avrupatv.eu\\\/#website\"},\"primaryImageOfPage\":{\"@id\":\"https:\\\/\\\/avrupatv.eu\\\/index.php\\\/2025\\\/05\\\/15\\\/konyada-deprem-korkuttu-7-buyuklugunde-olasi-deprem-konusuluyor\\\/#primaryimage\"},\"image\":{\"@id\":\"https:\\\/\\\/avrupatv.eu\\\/index.php\\\/2025\\\/05\\\/15\\\/konyada-deprem-korkuttu-7-buyuklugunde-olasi-deprem-konusuluyor\\\/#primaryimage\"},\"thumbnailUrl\":\"https:\\\/\\\/avrupatv.eu\\\/wp-content\\\/uploads\\\/2025\\\/05\\\/1746843152_detay1693292103270349.jpg\",\"datePublished\":\"2025-05-15T13:38:01+00:00\",\"breadcrumb\":{\"@id\":\"https:\\\/\\\/avrupatv.eu\\\/index.php\\\/2025\\\/05\\\/15\\\/konyada-deprem-korkuttu-7-buyuklugunde-olasi-deprem-konusuluyor\\\/#breadcrumb\"},\"inLanguage\":\"tr\",\"potentialAction\":[{\"@type\":\"ReadAction\",\"target\":[\"https:\\\/\\\/avrupatv.eu\\\/index.php\\\/2025\\\/05\\\/15\\\/konyada-deprem-korkuttu-7-buyuklugunde-olasi-deprem-konusuluyor\\\/\"]}]},{\"@type\":\"ImageObject\",\"inLanguage\":\"tr\",\"@id\":\"https:\\\/\\\/avrupatv.eu\\\/index.php\\\/2025\\\/05\\\/15\\\/konyada-deprem-korkuttu-7-buyuklugunde-olasi-deprem-konusuluyor\\\/#primaryimage\",\"url\":\"https:\\\/\\\/avrupatv.eu\\\/wp-content\\\/uploads\\\/2025\\\/05\\\/1746843152_detay1693292103270349.jpg\",\"contentUrl\":\"https:\\\/\\\/avrupatv.eu\\\/wp-content\\\/uploads\\\/2025\\\/05\\\/1746843152_detay1693292103270349.jpg\",\"width\":1280,\"height\":720},{\"@type\":\"BreadcrumbList\",\"@id\":\"https:\\\/\\\/avrupatv.eu\\\/index.php\\\/2025\\\/05\\\/15\\\/konyada-deprem-korkuttu-7-buyuklugunde-olasi-deprem-konusuluyor\\\/#breadcrumb\",\"itemListElement\":[{\"@type\":\"ListItem\",\"position\":1,\"name\":\"Anasayfa\",\"item\":\"https:\\\/\\\/avrupatv.eu\\\/\"},{\"@type\":\"ListItem\",\"position\":2,\"name\":\"Konya&#8217;da deprem korkuttu! 7 B\u00fcy\u00fckl\u00fc\u011f\u00fcnde olas\u0131 deprem konu\u015fuluyor!\"}]},{\"@type\":\"WebSite\",\"@id\":\"https:\\\/\\\/avrupatv.eu\\\/#website\",\"url\":\"https:\\\/\\\/avrupatv.eu\\\/\",\"name\":\"Avrupal\u0131 T\u00fcrklerin en Yeni Haber Portal\u0131\",\"description\":\"\",\"publisher\":{\"@id\":\"https:\\\/\\\/avrupatv.eu\\\/#organization\"},\"alternateName\":\"Avrupa tv\",\"potentialAction\":[{\"@type\":\"SearchAction\",\"target\":{\"@type\":\"EntryPoint\",\"urlTemplate\":\"https:\\\/\\\/avrupatv.eu\\\/?s={search_term_string}\"},\"query-input\":{\"@type\":\"PropertyValueSpecification\",\"valueRequired\":true,\"valueName\":\"search_term_string\"}}],\"inLanguage\":\"tr\"},{\"@type\":\"Organization\",\"@id\":\"https:\\\/\\\/avrupatv.eu\\\/#organization\",\"name\":\"Avrupa Haber\",\"url\":\"https:\\\/\\\/avrupatv.eu\\\/\",\"logo\":{\"@type\":\"ImageObject\",\"inLanguage\":\"tr\",\"@id\":\"https:\\\/\\\/avrupatv.eu\\\/#\\\/schema\\\/logo\\\/image\\\/\",\"url\":\"https:\\\/\\\/avrupatv.eu\\\/wp-content\\\/uploads\\\/2023\\\/10\\\/cropped-thumbnail_logo.png\",\"contentUrl\":\"https:\\\/\\\/avrupatv.eu\\\/wp-content\\\/uploads\\\/2023\\\/10\\\/cropped-thumbnail_logo.png\",\"width\":1025,\"height\":302,\"caption\":\"Avrupa Haber\"},\"image\":{\"@id\":\"https:\\\/\\\/avrupatv.eu\\\/#\\\/schema\\\/logo\\\/image\\\/\"}},{\"@type\":\"Person\",\"@id\":\"https:\\\/\\\/avrupatv.eu\\\/#\\\/schema\\\/person\\\/d56afa5d5569da4029d483da36c0c17d\",\"name\":\"Onur Akpinar\",\"image\":{\"@type\":\"ImageObject\",\"inLanguage\":\"tr\",\"@id\":\"https:\\\/\\\/secure.gravatar.com\\\/avatar\\\/67a1a0bdf34f82da209334e4684b7e7171a58a5a2b0a8f836b61044f5c1f5d6a?s=96&d=mm&r=g\",\"url\":\"https:\\\/\\\/secure.gravatar.com\\\/avatar\\\/67a1a0bdf34f82da209334e4684b7e7171a58a5a2b0a8f836b61044f5c1f5d6a?s=96&d=mm&r=g\",\"contentUrl\":\"https:\\\/\\\/secure.gravatar.com\\\/avatar\\\/67a1a0bdf34f82da209334e4684b7e7171a58a5a2b0a8f836b61044f5c1f5d6a?s=96&d=mm&r=g\",\"caption\":\"Onur Akpinar\"},\"url\":\"https:\\\/\\\/avrupatv.eu\\\/index.php\\\/author\\\/onur-akpinar\\\/\"}]}<\/script>\n<!-- \/ Yoast SEO plugin. -->","yoast_head_json":{"title":"Konya'da deprem korkuttu! 7 B\u00fcy\u00fckl\u00fc\u011f\u00fcnde olas\u0131 deprem konu\u015fuluyor! - Avrupal\u0131 T\u00fcrklerin en Yeni Haber Portal\u0131","robots":{"index":"index","follow":"follow","max-snippet":"max-snippet:-1","max-image-preview":"max-image-preview:large","max-video-preview":"max-video-preview:-1"},"canonical":"https:\/\/avrupatv.eu\/index.php\/2025\/05\/15\/konyada-deprem-korkuttu-7-buyuklugunde-olasi-deprem-konusuluyor\/","og_locale":"tr_TR","og_type":"article","og_title":"Konya'da deprem korkuttu! 7 B\u00fcy\u00fckl\u00fc\u011f\u00fcnde olas\u0131 deprem konu\u015fuluyor! - Avrupal\u0131 T\u00fcrklerin en Yeni Haber Portal\u0131","og_description":"15 May\u0131s 2025 Per\u015fembe g\u00fcn\u00fc saat 15:46&#8217;da, Konya&#8217;n\u0131n Kulu il\u00e7esinde 5,2 b\u00fcy\u00fckl\u00fc\u011f\u00fcnde bir deprem meydana geldi. Afet ve Acil Durum Y\u00f6netimi Ba\u015fkanl\u0131\u011f\u0131 (AFAD) verilerine g\u00f6re, deprem yerin 18,73 kilometre derinli\u011finde ger\u00e7ekle\u015fti. Sars\u0131nt\u0131, ba\u015fta Ankara olmak \u00fczere \u00e7evre illerde de hissedildi. \u0130\u00e7i\u015fleri Bakan\u0131 Ali Yerlikaya, sosyal medya \u00fczerinden yapt\u0131\u011f\u0131 a\u00e7\u0131klamada, AFAD ve ilgili kurumlar\u0131n saha taramalar\u0131na [&hellip;]","og_url":"https:\/\/avrupatv.eu\/index.php\/2025\/05\/15\/konyada-deprem-korkuttu-7-buyuklugunde-olasi-deprem-konusuluyor\/","og_site_name":"Avrupal\u0131 T\u00fcrklerin en Yeni Haber Portal\u0131","article_published_time":"2025-05-15T13:38:01+00:00","og_image":[{"width":1280,"height":720,"url":"https:\/\/avrupatv.eu\/wp-content\/uploads\/2025\/05\/1746843152_detay1693292103270349.jpg","type":"image\/jpeg"}],"author":"Onur Akpinar","twitter_card":"summary_large_image","twitter_misc":{"Yazan:":"Onur Akpinar","Tahmini okuma s\u00fcresi":"1 dakika"},"schema":{"@context":"https:\/\/schema.org","@graph":[{"@type":"Article","@id":"https:\/\/avrupatv.eu\/index.php\/2025\/05\/15\/konyada-deprem-korkuttu-7-buyuklugunde-olasi-deprem-konusuluyor\/#article","isPartOf":{"@id":"https:\/\/avrupatv.eu\/index.php\/2025\/05\/15\/konyada-deprem-korkuttu-7-buyuklugunde-olasi-deprem-konusuluyor\/"},"author":{"name":"Onur Akpinar","@id":"https:\/\/avrupatv.eu\/#\/schema\/person\/d56afa5d5569da4029d483da36c0c17d"},"headline":"Konya&#8217;da deprem korkuttu! 7 B\u00fcy\u00fckl\u00fc\u011f\u00fcnde olas\u0131 deprem konu\u015fuluyor!","datePublished":"2025-05-15T13:38:01+00:00","mainEntityOfPage":{"@id":"https:\/\/avrupatv.eu\/index.php\/2025\/05\/15\/konyada-deprem-korkuttu-7-buyuklugunde-olasi-deprem-konusuluyor\/"},"wordCount":179,"commentCount":0,"publisher":{"@id":"https:\/\/avrupatv.eu\/#organization"},"image":{"@id":"https:\/\/avrupatv.eu\/index.php\/2025\/05\/15\/konyada-deprem-korkuttu-7-buyuklugunde-olasi-deprem-konusuluyor\/#primaryimage"},"thumbnailUrl":"https:\/\/avrupatv.eu\/wp-content\/uploads\/2025\/05\/1746843152_detay1693292103270349.jpg","articleSection":["T\u00fcrkiye"],"inLanguage":"tr","potentialAction":[{"@type":"CommentAction","name":"Comment","target":["https:\/\/avrupatv.eu\/index.php\/2025\/05\/15\/konyada-deprem-korkuttu-7-buyuklugunde-olasi-deprem-konusuluyor\/#respond"]}]},{"@type":"WebPage","@id":"https:\/\/avrupatv.eu\/index.php\/2025\/05\/15\/konyada-deprem-korkuttu-7-buyuklugunde-olasi-deprem-konusuluyor\/","url":"https:\/\/avrupatv.eu\/index.php\/2025\/05\/15\/konyada-deprem-korkuttu-7-buyuklugunde-olasi-deprem-konusuluyor\/","name":"Konya'da deprem korkuttu! 7 B\u00fcy\u00fckl\u00fc\u011f\u00fcnde olas\u0131 deprem konu\u015fuluyor! - Avrupal\u0131 T\u00fcrklerin en Yeni Haber Portal\u0131","isPartOf":{"@id":"https:\/\/avrupatv.eu\/#website"},"primaryImageOfPage":{"@id":"https:\/\/avrupatv.eu\/index.php\/2025\/05\/15\/konyada-deprem-korkuttu-7-buyuklugunde-olasi-deprem-konusuluyor\/#primaryimage"},"image":{"@id":"https:\/\/avrupatv.eu\/index.php\/2025\/05\/15\/konyada-deprem-korkuttu-7-buyuklugunde-olasi-deprem-konusuluyor\/#primaryimage"},"thumbnailUrl":"https:\/\/avrupatv.eu\/wp-content\/uploads\/2025\/05\/1746843152_detay1693292103270349.jpg","datePublished":"2025-05-15T13:38:01+00:00","breadcrumb":{"@id":"https:\/\/avrupatv.eu\/index.php\/2025\/05\/15\/konyada-deprem-korkuttu-7-buyuklugunde-olasi-deprem-konusuluyor\/#breadcrumb"},"inLanguage":"tr","potentialAction":[{"@type":"ReadAction","target":["https:\/\/avrupatv.eu\/index.php\/2025\/05\/15\/konyada-deprem-korkuttu-7-buyuklugunde-olasi-deprem-konusuluyor\/"]}]},{"@type":"ImageObject","inLanguage":"tr","@id":"https:\/\/avrupatv.eu\/index.php\/2025\/05\/15\/konyada-deprem-korkuttu-7-buyuklugunde-olasi-deprem-konusuluyor\/#primaryimage","url":"https:\/\/avrupatv.eu\/wp-content\/uploads\/2025\/05\/1746843152_detay1693292103270349.jpg","contentUrl":"https:\/\/avrupatv.eu\/wp-content\/uploads\/2025\/05\/1746843152_detay1693292103270349.jpg","width":1280,"height":720},{"@type":"BreadcrumbList","@id":"https:\/\/avrupatv.eu\/index.php\/2025\/05\/15\/konyada-deprem-korkuttu-7-buyuklugunde-olasi-deprem-konusuluyor\/#breadcrumb","itemListElement":[{"@type":"ListItem","position":1,"name":"Anasayfa","item":"https:\/\/avrupatv.eu\/"},{"@type":"ListItem","position":2,"name":"Konya&#8217;da deprem korkuttu! 7 B\u00fcy\u00fckl\u00fc\u011f\u00fcnde olas\u0131 deprem konu\u015fuluyor!"}]},{"@type":"WebSite","@id":"https:\/\/avrupatv.eu\/#website","url":"https:\/\/avrupatv.eu\/","name":"Avrupal\u0131 T\u00fcrklerin en Yeni Haber Portal\u0131","description":"","publisher":{"@id":"https:\/\/avrupatv.eu\/#organization"},"alternateName":"Avrupa tv","potentialAction":[{"@type":"SearchAction","target":{"@type":"EntryPoint","urlTemplate":"https:\/\/avrupatv.eu\/?s={search_term_string}"},"query-input":{"@type":"PropertyValueSpecification","valueRequired":true,"valueName":"search_term_string"}}],"inLanguage":"tr"},{"@type":"Organization","@id":"https:\/\/avrupatv.eu\/#organization","name":"Avrupa Haber","url":"https:\/\/avrupatv.eu\/","logo":{"@type":"ImageObject","inLanguage":"tr","@id":"https:\/\/avrupatv.eu\/#\/schema\/logo\/image\/","url":"https:\/\/avrupatv.eu\/wp-content\/uploads\/2023\/10\/cropped-thumbnail_logo.png","contentUrl":"https:\/\/avrupatv.eu\/wp-content\/uploads\/2023\/10\/cropped-thumbnail_logo.png","width":1025,"height":302,"caption":"Avrupa Haber"},"image":{"@id":"https:\/\/avrupatv.eu\/#\/schema\/logo\/image\/"}},{"@type":"Person","@id":"https:\/\/avrupatv.eu\/#\/schema\/person\/d56afa5d5569da4029d483da36c0c17d","name":"Onur Akpinar","image":{"@type":"ImageObject","inLanguage":"tr","@id":"https:\/\/secure.gravatar.com\/avatar\/67a1a0bdf34f82da209334e4684b7e7171a58a5a2b0a8f836b61044f5c1f5d6a?s=96&d=mm&r=g","url":"https:\/\/secure.gravatar.com\/avatar\/67a1a0bdf34f82da209334e4684b7e7171a58a5a2b0a8f836b61044f5c1f5d6a?s=96&d=mm&r=g","contentUrl":"https:\/\/secure.gravatar.com\/avatar\/67a1a0bdf34f82da209334e4684b7e7171a58a5a2b0a8f836b61044f5c1f5d6a?s=96&d=mm&r=g","caption":"Onur Akpinar"},"url":"https:\/\/avrupatv.eu\/index.php\/author\/onur-akpinar\/"}]}},"_links":{"self":[{"href":"https:\/\/avrupatv.eu\/index.php\/wp-json\/wp\/v2\/posts\/1178","targetHints":{"allow":["GET"]}}],"collection":[{"href":"https:\/\/avrupatv.eu\/index.php\/wp-json\/wp\/v2\/posts"}],"about":[{"href":"https:\/\/avrupatv.eu\/index.php\/wp-json\/wp\/v2\/types\/post"}],"author":[{"embeddable":true,"href":"https:\/\/avrupatv.eu\/index.php\/wp-json\/wp\/v2\/users\/2"}],"replies":[{"embeddable":true,"href":"https:\/\/avrupatv.eu\/index.php\/wp-json\/wp\/v2\/comments?post=1178"}],"version-history":[{"count":1,"href":"https:\/\/avrupatv.eu\/index.php\/wp-json\/wp\/v2\/posts\/1178\/revisions"}],"predecessor-version":[{"id":1180,"href":"https:\/\/avrupatv.eu\/index.php\/wp-json\/wp\/v2\/posts\/1178\/revisions\/1180"}],"wp:featuredmedia":[{"embeddable":true,"href":"https:\/\/avrupatv.eu\/index.php\/wp-json\/wp\/v2\/media\/1179"}],"wp:attachment":[{"href":"https:\/\/avrupatv.eu\/index.php\/wp-json\/wp\/v2\/media?parent=1178"}],"wp:term":[{"taxonomy":"category","embeddable":true,"href":"https:\/\/avrupatv.eu\/index.php\/wp-json\/wp\/v2\/categories?post=1178"},{"taxonomy":"post_tag","embeddable":true,"href":"https:\/\/avrupatv.eu\/index.php\/wp-json\/wp\/v2\/tags?post=1178"}],"curies":[{"name":"wp","href":"https:\/\/api.w.org\/{rel}","templated":true}]}}