{"id":1175,"date":"2025-05-15T10:05:25","date_gmt":"2025-05-15T10:05:25","guid":{"rendered":"https:\/\/avrupatv.eu\/?p=1175"},"modified":"2025-05-15T10:05:25","modified_gmt":"2025-05-15T10:05:25","slug":"belcikada-egitim-goren-genc-ogrenci-turkiyede-tutuklanmisti-esila-ayik-serbest-birakildi","status":"publish","type":"post","link":"https:\/\/avrupatv.eu\/index.php\/2025\/05\/15\/belcikada-egitim-goren-genc-ogrenci-turkiyede-tutuklanmisti-esila-ayik-serbest-birakildi\/","title":{"rendered":"Bel\u00e7ika\u2019da E\u011fitim G\u00f6ren Gen\u00e7 \u00d6\u011frenci T\u00fcrkiye\u2019de Tutuklanm\u0131\u015ft\u0131: Esila Ay\u0131k Serbest B\u0131rak\u0131ld\u0131"},"content":{"rendered":"\n<p>Bel\u00e7ika\u2019da burslu olarak \u00fcniversite e\u011fitimi g\u00f6ren ve Paskalya tatilinde T\u00fcrkiye\u2019ye geldi\u011fi s\u0131rada Kad\u0131k\u00f6y\u2019deki bir protestoda g\u00f6zalt\u0131na al\u0131nan Esila Ay\u0131k, tutuklu yarg\u0131land\u0131\u011f\u0131 davada 15 May\u0131s 2025\u2019te tahliye edildi. Mahkeme, gen\u00e7 \u00f6\u011frencinin sa\u011fl\u0131k durumunu ve e\u011fitim hakk\u0131n\u0131 dikkate alarak tutuksuz yarg\u0131lanmas\u0131na karar verdi.<\/p>\n\n\n\n<p>8 Nisan 2025 tarihinde \u201cCumhurba\u015fkan\u0131na hakaret\u201d su\u00e7lamas\u0131yla tutuklanan Ay\u0131k, cezaevinde ge\u00e7irdi\u011fi s\u00fcrede ciddi sa\u011fl\u0131k sorunlar\u0131 ya\u015fam\u0131\u015f, kalp ve b\u00f6brek rahats\u0131zl\u0131klar\u0131 nedeniyle hastaneye kald\u0131r\u0131lm\u0131\u015ft\u0131. \u00d6zellikle \u0130stanbul\u2019da ya\u015fanan deprem sonras\u0131 fenala\u015farak bilincini kaybetmesi kamuoyunun dikkatini \u00e7ekmi\u015fti.<\/p>\n\n\n\n<p>Avukatlar\u0131 ve insan haklar\u0131 kurulu\u015flar\u0131n\u0131n yapt\u0131\u011f\u0131 \u00e7a\u011fr\u0131lar sonucu mahkeme tahliye karar\u0131n\u0131 verdi. Esila Ay\u0131k hakk\u0131nda a\u00e7\u0131lan dava ise 1 y\u0131l 2 aydan 4 y\u0131l 8 aya kadar hapis istemiyle devam ediyor.<\/p>\n","protected":false},"excerpt":{"rendered":"<p>Bel\u00e7ika\u2019da burslu olarak \u00fcniversite e\u011fitimi g\u00f6ren ve Paskalya tatilinde T\u00fcrkiye\u2019ye geldi\u011fi s\u0131rada Kad\u0131k\u00f6y\u2019deki bir protestoda g\u00f6zalt\u0131na al\u0131nan Esila Ay\u0131k, tutuklu yarg\u0131land\u0131\u011f\u0131 davada 15 May\u0131s 2025\u2019te tahliye edildi. Mahkeme, gen\u00e7 \u00f6\u011frencinin sa\u011fl\u0131k durumunu ve e\u011fitim hakk\u0131n\u0131 dikkate alarak tutuksuz yarg\u0131lanmas\u0131na karar verdi. 8 Nisan 2025 tarihinde \u201cCumhurba\u015fkan\u0131na hakaret\u201d su\u00e7lamas\u0131yla tutuklanan Ay\u0131k, cezaevinde ge\u00e7irdi\u011fi s\u00fcrede ciddi sa\u011fl\u0131k [&hellip;]<\/p>\n","protected":false},"author":2,"featured_media":1176,"comment_status":"open","ping_status":"open","sticky":false,"template":"","format":"standard","meta":{"footnotes":""},"categories":[21,11],"tags":[],"class_list":["post-1175","post","type-post","status-publish","format-standard","has-post-thumbnail","hentry","category-belcika","category-turkiye"],"yoast_head":"<!-- This site is optimized with the Yoast SEO plugin v27.4 - https:\/\/yoast.com\/product\/yoast-seo-wordpress\/ -->\n<title>Bel\u00e7ika\u2019da E\u011fitim G\u00f6ren Gen\u00e7 \u00d6\u011frenci T\u00fcrkiye\u2019de Tutuklanm\u0131\u015ft\u0131: Esila Ay\u0131k Serbest B\u0131rak\u0131ld\u0131 - Avrupal\u0131 T\u00fcrklerin en Yeni Haber Portal\u0131<\/title>\n<meta name=\"robots\" content=\"index, follow, max-snippet:-1, max-image-preview:large, max-video-preview:-1\" \/>\n<link rel=\"canonical\" href=\"https:\/\/avrupatv.eu\/index.php\/2025\/05\/15\/belcikada-egitim-goren-genc-ogrenci-turkiyede-tutuklanmisti-esila-ayik-serbest-birakildi\/\" \/>\n<meta property=\"og:locale\" content=\"tr_TR\" \/>\n<meta property=\"og:type\" content=\"article\" \/>\n<meta property=\"og:title\" content=\"Bel\u00e7ika\u2019da E\u011fitim G\u00f6ren Gen\u00e7 \u00d6\u011frenci T\u00fcrkiye\u2019de Tutuklanm\u0131\u015ft\u0131: Esila Ay\u0131k Serbest B\u0131rak\u0131ld\u0131 - Avrupal\u0131 T\u00fcrklerin en Yeni Haber Portal\u0131\" \/>\n<meta property=\"og:description\" content=\"Bel\u00e7ika\u2019da burslu olarak \u00fcniversite e\u011fitimi g\u00f6ren ve Paskalya tatilinde T\u00fcrkiye\u2019ye geldi\u011fi s\u0131rada Kad\u0131k\u00f6y\u2019deki bir protestoda g\u00f6zalt\u0131na al\u0131nan Esila Ay\u0131k, tutuklu yarg\u0131land\u0131\u011f\u0131 davada 15 May\u0131s 2025\u2019te tahliye edildi. Mahkeme, gen\u00e7 \u00f6\u011frencinin sa\u011fl\u0131k durumunu ve e\u011fitim hakk\u0131n\u0131 dikkate alarak tutuksuz yarg\u0131lanmas\u0131na karar verdi. 8 Nisan 2025 tarihinde \u201cCumhurba\u015fkan\u0131na hakaret\u201d su\u00e7lamas\u0131yla tutuklanan Ay\u0131k, cezaevinde ge\u00e7irdi\u011fi s\u00fcrede ciddi sa\u011fl\u0131k [&hellip;]\" \/>\n<meta property=\"og:url\" content=\"https:\/\/avrupatv.eu\/index.php\/2025\/05\/15\/belcikada-egitim-goren-genc-ogrenci-turkiyede-tutuklanmisti-esila-ayik-serbest-birakildi\/\" \/>\n<meta property=\"og:site_name\" content=\"Avrupal\u0131 T\u00fcrklerin en Yeni Haber Portal\u0131\" \/>\n<meta property=\"article:published_time\" content=\"2025-05-15T10:05:25+00:00\" \/>\n<meta property=\"og:image\" content=\"https:\/\/avrupatv.eu\/wp-content\/uploads\/2025\/05\/esila-ayik.jpg\" \/>\n\t<meta property=\"og:image:width\" content=\"1280\" \/>\n\t<meta property=\"og:image:height\" content=\"720\" \/>\n\t<meta property=\"og:image:type\" content=\"image\/jpeg\" \/>\n<meta name=\"author\" content=\"Onur Akpinar\" \/>\n<meta name=\"twitter:card\" content=\"summary_large_image\" \/>\n<meta name=\"twitter:label1\" content=\"Yazan:\" \/>\n\t<meta name=\"twitter:data1\" content=\"Onur Akpinar\" \/>\n\t<meta name=\"twitter:label2\" content=\"Tahmini okuma s\u00fcresi\" \/>\n\t<meta name=\"twitter:data2\" content=\"1 dakika\" \/>\n<script type=\"application\/ld+json\" class=\"yoast-schema-graph\">{\"@context\":\"https:\\\/\\\/schema.org\",\"@graph\":[{\"@type\":\"Article\",\"@id\":\"https:\\\/\\\/avrupatv.eu\\\/index.php\\\/2025\\\/05\\\/15\\\/belcikada-egitim-goren-genc-ogrenci-turkiyede-tutuklanmisti-esila-ayik-serbest-birakildi\\\/#article\",\"isPartOf\":{\"@id\":\"https:\\\/\\\/avrupatv.eu\\\/index.php\\\/2025\\\/05\\\/15\\\/belcikada-egitim-goren-genc-ogrenci-turkiyede-tutuklanmisti-esila-ayik-serbest-birakildi\\\/\"},\"author\":{\"name\":\"Onur Akpinar\",\"@id\":\"https:\\\/\\\/avrupatv.eu\\\/#\\\/schema\\\/person\\\/d56afa5d5569da4029d483da36c0c17d\"},\"headline\":\"Bel\u00e7ika\u2019da E\u011fitim G\u00f6ren Gen\u00e7 \u00d6\u011frenci T\u00fcrkiye\u2019de Tutuklanm\u0131\u015ft\u0131: Esila Ay\u0131k Serbest B\u0131rak\u0131ld\u0131\",\"datePublished\":\"2025-05-15T10:05:25+00:00\",\"mainEntityOfPage\":{\"@id\":\"https:\\\/\\\/avrupatv.eu\\\/index.php\\\/2025\\\/05\\\/15\\\/belcikada-egitim-goren-genc-ogrenci-turkiyede-tutuklanmisti-esila-ayik-serbest-birakildi\\\/\"},\"wordCount\":175,\"commentCount\":0,\"publisher\":{\"@id\":\"https:\\\/\\\/avrupatv.eu\\\/#organization\"},\"image\":{\"@id\":\"https:\\\/\\\/avrupatv.eu\\\/index.php\\\/2025\\\/05\\\/15\\\/belcikada-egitim-goren-genc-ogrenci-turkiyede-tutuklanmisti-esila-ayik-serbest-birakildi\\\/#primaryimage\"},\"thumbnailUrl\":\"https:\\\/\\\/avrupatv.eu\\\/wp-content\\\/uploads\\\/2025\\\/05\\\/esila-ayik.jpg\",\"articleSection\":[\"Bel\u00e7ika\",\"T\u00fcrkiye\"],\"inLanguage\":\"tr\",\"potentialAction\":[{\"@type\":\"CommentAction\",\"name\":\"Comment\",\"target\":[\"https:\\\/\\\/avrupatv.eu\\\/index.php\\\/2025\\\/05\\\/15\\\/belcikada-egitim-goren-genc-ogrenci-turkiyede-tutuklanmisti-esila-ayik-serbest-birakildi\\\/#respond\"]}]},{\"@type\":\"WebPage\",\"@id\":\"https:\\\/\\\/avrupatv.eu\\\/index.php\\\/2025\\\/05\\\/15\\\/belcikada-egitim-goren-genc-ogrenci-turkiyede-tutuklanmisti-esila-ayik-serbest-birakildi\\\/\",\"url\":\"https:\\\/\\\/avrupatv.eu\\\/index.php\\\/2025\\\/05\\\/15\\\/belcikada-egitim-goren-genc-ogrenci-turkiyede-tutuklanmisti-esila-ayik-serbest-birakildi\\\/\",\"name\":\"Bel\u00e7ika\u2019da E\u011fitim G\u00f6ren Gen\u00e7 \u00d6\u011frenci T\u00fcrkiye\u2019de Tutuklanm\u0131\u015ft\u0131: Esila Ay\u0131k Serbest B\u0131rak\u0131ld\u0131 - Avrupal\u0131 T\u00fcrklerin en Yeni Haber Portal\u0131\",\"isPartOf\":{\"@id\":\"https:\\\/\\\/avrupatv.eu\\\/#website\"},\"primaryImageOfPage\":{\"@id\":\"https:\\\/\\\/avrupatv.eu\\\/index.php\\\/2025\\\/05\\\/15\\\/belcikada-egitim-goren-genc-ogrenci-turkiyede-tutuklanmisti-esila-ayik-serbest-birakildi\\\/#primaryimage\"},\"image\":{\"@id\":\"https:\\\/\\\/avrupatv.eu\\\/index.php\\\/2025\\\/05\\\/15\\\/belcikada-egitim-goren-genc-ogrenci-turkiyede-tutuklanmisti-esila-ayik-serbest-birakildi\\\/#primaryimage\"},\"thumbnailUrl\":\"https:\\\/\\\/avrupatv.eu\\\/wp-content\\\/uploads\\\/2025\\\/05\\\/esila-ayik.jpg\",\"datePublished\":\"2025-05-15T10:05:25+00:00\",\"breadcrumb\":{\"@id\":\"https:\\\/\\\/avrupatv.eu\\\/index.php\\\/2025\\\/05\\\/15\\\/belcikada-egitim-goren-genc-ogrenci-turkiyede-tutuklanmisti-esila-ayik-serbest-birakildi\\\/#breadcrumb\"},\"inLanguage\":\"tr\",\"potentialAction\":[{\"@type\":\"ReadAction\",\"target\":[\"https:\\\/\\\/avrupatv.eu\\\/index.php\\\/2025\\\/05\\\/15\\\/belcikada-egitim-goren-genc-ogrenci-turkiyede-tutuklanmisti-esila-ayik-serbest-birakildi\\\/\"]}]},{\"@type\":\"ImageObject\",\"inLanguage\":\"tr\",\"@id\":\"https:\\\/\\\/avrupatv.eu\\\/index.php\\\/2025\\\/05\\\/15\\\/belcikada-egitim-goren-genc-ogrenci-turkiyede-tutuklanmisti-esila-ayik-serbest-birakildi\\\/#primaryimage\",\"url\":\"https:\\\/\\\/avrupatv.eu\\\/wp-content\\\/uploads\\\/2025\\\/05\\\/esila-ayik.jpg\",\"contentUrl\":\"https:\\\/\\\/avrupatv.eu\\\/wp-content\\\/uploads\\\/2025\\\/05\\\/esila-ayik.jpg\",\"width\":1280,\"height\":720},{\"@type\":\"BreadcrumbList\",\"@id\":\"https:\\\/\\\/avrupatv.eu\\\/index.php\\\/2025\\\/05\\\/15\\\/belcikada-egitim-goren-genc-ogrenci-turkiyede-tutuklanmisti-esila-ayik-serbest-birakildi\\\/#breadcrumb\",\"itemListElement\":[{\"@type\":\"ListItem\",\"position\":1,\"name\":\"Anasayfa\",\"item\":\"https:\\\/\\\/avrupatv.eu\\\/\"},{\"@type\":\"ListItem\",\"position\":2,\"name\":\"Bel\u00e7ika\u2019da E\u011fitim G\u00f6ren Gen\u00e7 \u00d6\u011frenci T\u00fcrkiye\u2019de Tutuklanm\u0131\u015ft\u0131: Esila Ay\u0131k Serbest B\u0131rak\u0131ld\u0131\"}]},{\"@type\":\"WebSite\",\"@id\":\"https:\\\/\\\/avrupatv.eu\\\/#website\",\"url\":\"https:\\\/\\\/avrupatv.eu\\\/\",\"name\":\"Avrupal\u0131 T\u00fcrklerin en Yeni Haber Portal\u0131\",\"description\":\"\",\"publisher\":{\"@id\":\"https:\\\/\\\/avrupatv.eu\\\/#organization\"},\"alternateName\":\"Avrupa tv\",\"potentialAction\":[{\"@type\":\"SearchAction\",\"target\":{\"@type\":\"EntryPoint\",\"urlTemplate\":\"https:\\\/\\\/avrupatv.eu\\\/?s={search_term_string}\"},\"query-input\":{\"@type\":\"PropertyValueSpecification\",\"valueRequired\":true,\"valueName\":\"search_term_string\"}}],\"inLanguage\":\"tr\"},{\"@type\":\"Organization\",\"@id\":\"https:\\\/\\\/avrupatv.eu\\\/#organization\",\"name\":\"Avrupa Haber\",\"url\":\"https:\\\/\\\/avrupatv.eu\\\/\",\"logo\":{\"@type\":\"ImageObject\",\"inLanguage\":\"tr\",\"@id\":\"https:\\\/\\\/avrupatv.eu\\\/#\\\/schema\\\/logo\\\/image\\\/\",\"url\":\"https:\\\/\\\/avrupatv.eu\\\/wp-content\\\/uploads\\\/2023\\\/10\\\/cropped-thumbnail_logo.png\",\"contentUrl\":\"https:\\\/\\\/avrupatv.eu\\\/wp-content\\\/uploads\\\/2023\\\/10\\\/cropped-thumbnail_logo.png\",\"width\":1025,\"height\":302,\"caption\":\"Avrupa Haber\"},\"image\":{\"@id\":\"https:\\\/\\\/avrupatv.eu\\\/#\\\/schema\\\/logo\\\/image\\\/\"}},{\"@type\":\"Person\",\"@id\":\"https:\\\/\\\/avrupatv.eu\\\/#\\\/schema\\\/person\\\/d56afa5d5569da4029d483da36c0c17d\",\"name\":\"Onur Akpinar\",\"image\":{\"@type\":\"ImageObject\",\"inLanguage\":\"tr\",\"@id\":\"https:\\\/\\\/secure.gravatar.com\\\/avatar\\\/67a1a0bdf34f82da209334e4684b7e7171a58a5a2b0a8f836b61044f5c1f5d6a?s=96&d=mm&r=g\",\"url\":\"https:\\\/\\\/secure.gravatar.com\\\/avatar\\\/67a1a0bdf34f82da209334e4684b7e7171a58a5a2b0a8f836b61044f5c1f5d6a?s=96&d=mm&r=g\",\"contentUrl\":\"https:\\\/\\\/secure.gravatar.com\\\/avatar\\\/67a1a0bdf34f82da209334e4684b7e7171a58a5a2b0a8f836b61044f5c1f5d6a?s=96&d=mm&r=g\",\"caption\":\"Onur Akpinar\"},\"url\":\"https:\\\/\\\/avrupatv.eu\\\/index.php\\\/author\\\/onur-akpinar\\\/\"}]}<\/script>\n<!-- \/ Yoast SEO plugin. -->","yoast_head_json":{"title":"Bel\u00e7ika\u2019da E\u011fitim G\u00f6ren Gen\u00e7 \u00d6\u011frenci T\u00fcrkiye\u2019de Tutuklanm\u0131\u015ft\u0131: Esila Ay\u0131k Serbest B\u0131rak\u0131ld\u0131 - Avrupal\u0131 T\u00fcrklerin en Yeni Haber Portal\u0131","robots":{"index":"index","follow":"follow","max-snippet":"max-snippet:-1","max-image-preview":"max-image-preview:large","max-video-preview":"max-video-preview:-1"},"canonical":"https:\/\/avrupatv.eu\/index.php\/2025\/05\/15\/belcikada-egitim-goren-genc-ogrenci-turkiyede-tutuklanmisti-esila-ayik-serbest-birakildi\/","og_locale":"tr_TR","og_type":"article","og_title":"Bel\u00e7ika\u2019da E\u011fitim G\u00f6ren Gen\u00e7 \u00d6\u011frenci T\u00fcrkiye\u2019de Tutuklanm\u0131\u015ft\u0131: Esila Ay\u0131k Serbest B\u0131rak\u0131ld\u0131 - Avrupal\u0131 T\u00fcrklerin en Yeni Haber Portal\u0131","og_description":"Bel\u00e7ika\u2019da burslu olarak \u00fcniversite e\u011fitimi g\u00f6ren ve Paskalya tatilinde T\u00fcrkiye\u2019ye geldi\u011fi s\u0131rada Kad\u0131k\u00f6y\u2019deki bir protestoda g\u00f6zalt\u0131na al\u0131nan Esila Ay\u0131k, tutuklu yarg\u0131land\u0131\u011f\u0131 davada 15 May\u0131s 2025\u2019te tahliye edildi. Mahkeme, gen\u00e7 \u00f6\u011frencinin sa\u011fl\u0131k durumunu ve e\u011fitim hakk\u0131n\u0131 dikkate alarak tutuksuz yarg\u0131lanmas\u0131na karar verdi. 8 Nisan 2025 tarihinde \u201cCumhurba\u015fkan\u0131na hakaret\u201d su\u00e7lamas\u0131yla tutuklanan Ay\u0131k, cezaevinde ge\u00e7irdi\u011fi s\u00fcrede ciddi sa\u011fl\u0131k [&hellip;]","og_url":"https:\/\/avrupatv.eu\/index.php\/2025\/05\/15\/belcikada-egitim-goren-genc-ogrenci-turkiyede-tutuklanmisti-esila-ayik-serbest-birakildi\/","og_site_name":"Avrupal\u0131 T\u00fcrklerin en Yeni Haber Portal\u0131","article_published_time":"2025-05-15T10:05:25+00:00","og_image":[{"width":1280,"height":720,"url":"https:\/\/avrupatv.eu\/wp-content\/uploads\/2025\/05\/esila-ayik.jpg","type":"image\/jpeg"}],"author":"Onur Akpinar","twitter_card":"summary_large_image","twitter_misc":{"Yazan:":"Onur Akpinar","Tahmini okuma s\u00fcresi":"1 dakika"},"schema":{"@context":"https:\/\/schema.org","@graph":[{"@type":"Article","@id":"https:\/\/avrupatv.eu\/index.php\/2025\/05\/15\/belcikada-egitim-goren-genc-ogrenci-turkiyede-tutuklanmisti-esila-ayik-serbest-birakildi\/#article","isPartOf":{"@id":"https:\/\/avrupatv.eu\/index.php\/2025\/05\/15\/belcikada-egitim-goren-genc-ogrenci-turkiyede-tutuklanmisti-esila-ayik-serbest-birakildi\/"},"author":{"name":"Onur Akpinar","@id":"https:\/\/avrupatv.eu\/#\/schema\/person\/d56afa5d5569da4029d483da36c0c17d"},"headline":"Bel\u00e7ika\u2019da E\u011fitim G\u00f6ren Gen\u00e7 \u00d6\u011frenci T\u00fcrkiye\u2019de Tutuklanm\u0131\u015ft\u0131: Esila Ay\u0131k Serbest B\u0131rak\u0131ld\u0131","datePublished":"2025-05-15T10:05:25+00:00","mainEntityOfPage":{"@id":"https:\/\/avrupatv.eu\/index.php\/2025\/05\/15\/belcikada-egitim-goren-genc-ogrenci-turkiyede-tutuklanmisti-esila-ayik-serbest-birakildi\/"},"wordCount":175,"commentCount":0,"publisher":{"@id":"https:\/\/avrupatv.eu\/#organization"},"image":{"@id":"https:\/\/avrupatv.eu\/index.php\/2025\/05\/15\/belcikada-egitim-goren-genc-ogrenci-turkiyede-tutuklanmisti-esila-ayik-serbest-birakildi\/#primaryimage"},"thumbnailUrl":"https:\/\/avrupatv.eu\/wp-content\/uploads\/2025\/05\/esila-ayik.jpg","articleSection":["Bel\u00e7ika","T\u00fcrkiye"],"inLanguage":"tr","potentialAction":[{"@type":"CommentAction","name":"Comment","target":["https:\/\/avrupatv.eu\/index.php\/2025\/05\/15\/belcikada-egitim-goren-genc-ogrenci-turkiyede-tutuklanmisti-esila-ayik-serbest-birakildi\/#respond"]}]},{"@type":"WebPage","@id":"https:\/\/avrupatv.eu\/index.php\/2025\/05\/15\/belcikada-egitim-goren-genc-ogrenci-turkiyede-tutuklanmisti-esila-ayik-serbest-birakildi\/","url":"https:\/\/avrupatv.eu\/index.php\/2025\/05\/15\/belcikada-egitim-goren-genc-ogrenci-turkiyede-tutuklanmisti-esila-ayik-serbest-birakildi\/","name":"Bel\u00e7ika\u2019da E\u011fitim G\u00f6ren Gen\u00e7 \u00d6\u011frenci T\u00fcrkiye\u2019de Tutuklanm\u0131\u015ft\u0131: Esila Ay\u0131k Serbest B\u0131rak\u0131ld\u0131 - Avrupal\u0131 T\u00fcrklerin en Yeni Haber Portal\u0131","isPartOf":{"@id":"https:\/\/avrupatv.eu\/#website"},"primaryImageOfPage":{"@id":"https:\/\/avrupatv.eu\/index.php\/2025\/05\/15\/belcikada-egitim-goren-genc-ogrenci-turkiyede-tutuklanmisti-esila-ayik-serbest-birakildi\/#primaryimage"},"image":{"@id":"https:\/\/avrupatv.eu\/index.php\/2025\/05\/15\/belcikada-egitim-goren-genc-ogrenci-turkiyede-tutuklanmisti-esila-ayik-serbest-birakildi\/#primaryimage"},"thumbnailUrl":"https:\/\/avrupatv.eu\/wp-content\/uploads\/2025\/05\/esila-ayik.jpg","datePublished":"2025-05-15T10:05:25+00:00","breadcrumb":{"@id":"https:\/\/avrupatv.eu\/index.php\/2025\/05\/15\/belcikada-egitim-goren-genc-ogrenci-turkiyede-tutuklanmisti-esila-ayik-serbest-birakildi\/#breadcrumb"},"inLanguage":"tr","potentialAction":[{"@type":"ReadAction","target":["https:\/\/avrupatv.eu\/index.php\/2025\/05\/15\/belcikada-egitim-goren-genc-ogrenci-turkiyede-tutuklanmisti-esila-ayik-serbest-birakildi\/"]}]},{"@type":"ImageObject","inLanguage":"tr","@id":"https:\/\/avrupatv.eu\/index.php\/2025\/05\/15\/belcikada-egitim-goren-genc-ogrenci-turkiyede-tutuklanmisti-esila-ayik-serbest-birakildi\/#primaryimage","url":"https:\/\/avrupatv.eu\/wp-content\/uploads\/2025\/05\/esila-ayik.jpg","contentUrl":"https:\/\/avrupatv.eu\/wp-content\/uploads\/2025\/05\/esila-ayik.jpg","width":1280,"height":720},{"@type":"BreadcrumbList","@id":"https:\/\/avrupatv.eu\/index.php\/2025\/05\/15\/belcikada-egitim-goren-genc-ogrenci-turkiyede-tutuklanmisti-esila-ayik-serbest-birakildi\/#breadcrumb","itemListElement":[{"@type":"ListItem","position":1,"name":"Anasayfa","item":"https:\/\/avrupatv.eu\/"},{"@type":"ListItem","position":2,"name":"Bel\u00e7ika\u2019da E\u011fitim G\u00f6ren Gen\u00e7 \u00d6\u011frenci T\u00fcrkiye\u2019de Tutuklanm\u0131\u015ft\u0131: Esila Ay\u0131k Serbest B\u0131rak\u0131ld\u0131"}]},{"@type":"WebSite","@id":"https:\/\/avrupatv.eu\/#website","url":"https:\/\/avrupatv.eu\/","name":"Avrupal\u0131 T\u00fcrklerin en Yeni Haber Portal\u0131","description":"","publisher":{"@id":"https:\/\/avrupatv.eu\/#organization"},"alternateName":"Avrupa tv","potentialAction":[{"@type":"SearchAction","target":{"@type":"EntryPoint","urlTemplate":"https:\/\/avrupatv.eu\/?s={search_term_string}"},"query-input":{"@type":"PropertyValueSpecification","valueRequired":true,"valueName":"search_term_string"}}],"inLanguage":"tr"},{"@type":"Organization","@id":"https:\/\/avrupatv.eu\/#organization","name":"Avrupa Haber","url":"https:\/\/avrupatv.eu\/","logo":{"@type":"ImageObject","inLanguage":"tr","@id":"https:\/\/avrupatv.eu\/#\/schema\/logo\/image\/","url":"https:\/\/avrupatv.eu\/wp-content\/uploads\/2023\/10\/cropped-thumbnail_logo.png","contentUrl":"https:\/\/avrupatv.eu\/wp-content\/uploads\/2023\/10\/cropped-thumbnail_logo.png","width":1025,"height":302,"caption":"Avrupa Haber"},"image":{"@id":"https:\/\/avrupatv.eu\/#\/schema\/logo\/image\/"}},{"@type":"Person","@id":"https:\/\/avrupatv.eu\/#\/schema\/person\/d56afa5d5569da4029d483da36c0c17d","name":"Onur Akpinar","image":{"@type":"ImageObject","inLanguage":"tr","@id":"https:\/\/secure.gravatar.com\/avatar\/67a1a0bdf34f82da209334e4684b7e7171a58a5a2b0a8f836b61044f5c1f5d6a?s=96&d=mm&r=g","url":"https:\/\/secure.gravatar.com\/avatar\/67a1a0bdf34f82da209334e4684b7e7171a58a5a2b0a8f836b61044f5c1f5d6a?s=96&d=mm&r=g","contentUrl":"https:\/\/secure.gravatar.com\/avatar\/67a1a0bdf34f82da209334e4684b7e7171a58a5a2b0a8f836b61044f5c1f5d6a?s=96&d=mm&r=g","caption":"Onur Akpinar"},"url":"https:\/\/avrupatv.eu\/index.php\/author\/onur-akpinar\/"}]}},"_links":{"self":[{"href":"https:\/\/avrupatv.eu\/index.php\/wp-json\/wp\/v2\/posts\/1175","targetHints":{"allow":["GET"]}}],"collection":[{"href":"https:\/\/avrupatv.eu\/index.php\/wp-json\/wp\/v2\/posts"}],"about":[{"href":"https:\/\/avrupatv.eu\/index.php\/wp-json\/wp\/v2\/types\/post"}],"author":[{"embeddable":true,"href":"https:\/\/avrupatv.eu\/index.php\/wp-json\/wp\/v2\/users\/2"}],"replies":[{"embeddable":true,"href":"https:\/\/avrupatv.eu\/index.php\/wp-json\/wp\/v2\/comments?post=1175"}],"version-history":[{"count":1,"href":"https:\/\/avrupatv.eu\/index.php\/wp-json\/wp\/v2\/posts\/1175\/revisions"}],"predecessor-version":[{"id":1177,"href":"https:\/\/avrupatv.eu\/index.php\/wp-json\/wp\/v2\/posts\/1175\/revisions\/1177"}],"wp:featuredmedia":[{"embeddable":true,"href":"https:\/\/avrupatv.eu\/index.php\/wp-json\/wp\/v2\/media\/1176"}],"wp:attachment":[{"href":"https:\/\/avrupatv.eu\/index.php\/wp-json\/wp\/v2\/media?parent=1175"}],"wp:term":[{"taxonomy":"category","embeddable":true,"href":"https:\/\/avrupatv.eu\/index.php\/wp-json\/wp\/v2\/categories?post=1175"},{"taxonomy":"post_tag","embeddable":true,"href":"https:\/\/avrupatv.eu\/index.php\/wp-json\/wp\/v2\/tags?post=1175"}],"curies":[{"name":"wp","href":"https:\/\/api.w.org\/{rel}","templated":true}]}}