{"id":1172,"date":"2025-05-13T14:55:05","date_gmt":"2025-05-13T14:55:05","guid":{"rendered":"https:\/\/avrupatv.eu\/?p=1172"},"modified":"2025-05-13T14:55:06","modified_gmt":"2025-05-13T14:55:06","slug":"almanyada-darbe-alarmi-asiri-sagci-gruba-buyuk-operasyon","status":"publish","type":"post","link":"https:\/\/avrupatv.eu\/index.php\/2025\/05\/13\/almanyada-darbe-alarmi-asiri-sagci-gruba-buyuk-operasyon\/","title":{"rendered":"Almanya\u2019da Darbe Alarm\u0131: A\u015f\u0131r\u0131 Sa\u011fc\u0131 Gruba B\u00fcy\u00fck Operasyon!"},"content":{"rendered":"\n<p><strong>Berlin<\/strong> \u2013 Almanya\u2019da anayasal d\u00fczeni tan\u0131mayan ve kendi ideolojik y\u00f6netimlerini kurmay\u0131 hedefleyen a\u015f\u0131r\u0131 sa\u011fc\u0131 &#8220;Reich Yurtta\u015flar\u0131&#8221; (Reichsb\u00fcrger) hareketine y\u00f6nelik b\u00fcy\u00fck \u00e7apl\u0131 bir polis operasyonu ger\u00e7ekle\u015ftirildi. Yedi eyalette e\u015f zamanl\u0131 yap\u0131lan bask\u0131nlarda \u00e7ok say\u0131da silah ve m\u00fchimmat ele ge\u00e7irildi, \u00e7ok say\u0131da ki\u015fi g\u00f6zalt\u0131na al\u0131nd\u0131.<\/p>\n\n\n\n<p>Almanya genelinde federal ve eyalet g\u00fcvenlik birimlerinin ortak y\u00fcr\u00fctt\u00fc\u011f\u00fc operasyonlar kapsam\u0131nda \u015f\u00fcphelilerin evlerinde yap\u0131lan aramalarda ciddi miktarda silah ve m\u00fchimmat bulundu. Alman yetkililer, s\u00f6z konusu silahlar\u0131n olas\u0131 \u015fiddet eylemleri ya da darbe giri\u015fimleri i\u00e7in haz\u0131rland\u0131\u011f\u0131n\u0131 d\u00fc\u015f\u00fcn\u00fcyor.<\/p>\n\n\n\n<p>\u0130\u00e7i\u015fleri Bakan\u0131 <strong>Nancy Faeser<\/strong>, yapt\u0131\u011f\u0131 a\u00e7\u0131klamada, \u201cDemokratik d\u00fczenimize y\u00f6nelen her t\u00fcrl\u00fc tehdide kar\u015f\u0131 kararl\u0131l\u0131kla m\u00fccadele ediyoruz. A\u015f\u0131r\u0131 sa\u011fc\u0131 gruplar devletimizin temellerini hedef al\u0131yor. Bu tehditleri ciddiye al\u0131yor ve gereken t\u00fcm ad\u0131mlar\u0131 at\u0131yoruz\u201d ifadelerini kulland\u0131.<\/p>\n\n\n\n<h3 class=\"wp-block-heading\"><strong>\u201cDevleti tan\u0131m\u0131yor, kendi y\u00f6netimlerini kurmak istiyorlar\u201d<\/strong><\/h3>\n\n\n\n<p>Reich Yurtta\u015flar\u0131 hareketi, Almanya\u2019n\u0131n mevcut anayasal sistemini tan\u0131m\u0131yor ve halen 1871 Alman \u0130mparatorlu\u011fu&#8217;nun ge\u00e7erli oldu\u011funu savunuyor. Bu nedenle devletin otoritesini reddediyor, kendi kimlik belgelerini ve \u2018anayasa\u2019lar\u0131n\u0131 olu\u015fturuyorlar. Uzmanlara g\u00f6re bu grup, Almanya&#8217;n\u0131n i\u00e7 g\u00fcvenli\u011fi a\u00e7\u0131s\u0131ndan giderek b\u00fcy\u00fcyen bir tehdit haline geldi.<\/p>\n\n\n\n<p>Ge\u00e7mi\u015f y\u0131llarda da benzer gruplar\u0131n, h\u00fck\u00fcmet kurumlar\u0131na sald\u0131r\u0131 planlar\u0131 yapt\u0131\u011f\u0131 ortaya \u00e7\u0131km\u0131\u015f ve baz\u0131 \u00fcyeler silahl\u0131 direni\u015ften yarg\u0131lanm\u0131\u015ft\u0131. Alman istihbarat\u0131, bu yap\u0131lar\u0131n yaln\u0131zca marjinal olu\u015fumlar olmad\u0131\u011f\u0131n\u0131, ayn\u0131 zamanda silahl\u0131 eylem haz\u0131rl\u0131\u011f\u0131 i\u00e7inde olan organize yap\u0131lar haline geldiklerini vurguluyor.<\/p>\n\n\n\n<h3 class=\"wp-block-heading\"><strong>Demokrasiyi hedef alan yap\u0131lanmalara ge\u00e7it yok<\/strong><\/h3>\n\n\n\n<p>Operasyon kapsam\u0131nda ka\u00e7 ki\u015finin g\u00f6zalt\u0131na al\u0131nd\u0131\u011f\u0131na dair resmi a\u00e7\u0131klama yap\u0131lmazken, soru\u015fturman\u0131n geni\u015fleyerek devam etti\u011fi bildirildi. Alman savc\u0131l\u0131\u011f\u0131 ve g\u00fcvenlik birimleri, Reich Yurtta\u015flar\u0131 yap\u0131lanmas\u0131na dair yeni deliller \u0131\u015f\u0131\u011f\u0131nda daha fazla operasyonun g\u00fcndeme gelebilece\u011fini ifade etti.<\/p>\n","protected":false},"excerpt":{"rendered":"<p>Berlin \u2013 Almanya\u2019da anayasal d\u00fczeni tan\u0131mayan ve kendi ideolojik y\u00f6netimlerini kurmay\u0131 hedefleyen a\u015f\u0131r\u0131 sa\u011fc\u0131 &#8220;Reich Yurtta\u015flar\u0131&#8221; (Reichsb\u00fcrger) hareketine y\u00f6nelik b\u00fcy\u00fck \u00e7apl\u0131 bir polis operasyonu ger\u00e7ekle\u015ftirildi. Yedi eyalette e\u015f zamanl\u0131 yap\u0131lan bask\u0131nlarda \u00e7ok say\u0131da silah ve m\u00fchimmat ele ge\u00e7irildi, \u00e7ok say\u0131da ki\u015fi g\u00f6zalt\u0131na al\u0131nd\u0131. Almanya genelinde federal ve eyalet g\u00fcvenlik birimlerinin ortak y\u00fcr\u00fctt\u00fc\u011f\u00fc operasyonlar kapsam\u0131nda \u015f\u00fcphelilerin [&hellip;]<\/p>\n","protected":false},"author":2,"featured_media":1173,"comment_status":"open","ping_status":"open","sticky":false,"template":"","format":"standard","meta":{"footnotes":""},"categories":[9],"tags":[],"class_list":["post-1172","post","type-post","status-publish","format-standard","has-post-thumbnail","hentry","category-avrupa"],"yoast_head":"<!-- This site is optimized with the Yoast SEO plugin v27.4 - https:\/\/yoast.com\/product\/yoast-seo-wordpress\/ -->\n<title>Almanya\u2019da Darbe Alarm\u0131: A\u015f\u0131r\u0131 Sa\u011fc\u0131 Gruba B\u00fcy\u00fck Operasyon! - Avrupal\u0131 T\u00fcrklerin en Yeni Haber Portal\u0131<\/title>\n<meta name=\"robots\" content=\"index, follow, max-snippet:-1, max-image-preview:large, max-video-preview:-1\" \/>\n<link rel=\"canonical\" href=\"https:\/\/avrupatv.eu\/index.php\/2025\/05\/13\/almanyada-darbe-alarmi-asiri-sagci-gruba-buyuk-operasyon\/\" \/>\n<meta property=\"og:locale\" content=\"tr_TR\" \/>\n<meta property=\"og:type\" content=\"article\" \/>\n<meta property=\"og:title\" content=\"Almanya\u2019da Darbe Alarm\u0131: A\u015f\u0131r\u0131 Sa\u011fc\u0131 Gruba B\u00fcy\u00fck Operasyon! - Avrupal\u0131 T\u00fcrklerin en Yeni Haber Portal\u0131\" \/>\n<meta property=\"og:description\" content=\"Berlin \u2013 Almanya\u2019da anayasal d\u00fczeni tan\u0131mayan ve kendi ideolojik y\u00f6netimlerini kurmay\u0131 hedefleyen a\u015f\u0131r\u0131 sa\u011fc\u0131 &#8220;Reich Yurtta\u015flar\u0131&#8221; (Reichsb\u00fcrger) hareketine y\u00f6nelik b\u00fcy\u00fck \u00e7apl\u0131 bir polis operasyonu ger\u00e7ekle\u015ftirildi. Yedi eyalette e\u015f zamanl\u0131 yap\u0131lan bask\u0131nlarda \u00e7ok say\u0131da silah ve m\u00fchimmat ele ge\u00e7irildi, \u00e7ok say\u0131da ki\u015fi g\u00f6zalt\u0131na al\u0131nd\u0131. Almanya genelinde federal ve eyalet g\u00fcvenlik birimlerinin ortak y\u00fcr\u00fctt\u00fc\u011f\u00fc operasyonlar kapsam\u0131nda \u015f\u00fcphelilerin [&hellip;]\" \/>\n<meta property=\"og:url\" content=\"https:\/\/avrupatv.eu\/index.php\/2025\/05\/13\/almanyada-darbe-alarmi-asiri-sagci-gruba-buyuk-operasyon\/\" \/>\n<meta property=\"og:site_name\" content=\"Avrupal\u0131 T\u00fcrklerin en Yeni Haber Portal\u0131\" \/>\n<meta property=\"article:published_time\" content=\"2025-05-13T14:55:05+00:00\" \/>\n<meta property=\"article:modified_time\" content=\"2025-05-13T14:55:06+00:00\" \/>\n<meta property=\"og:image\" content=\"https:\/\/avrupatv.eu\/wp-content\/uploads\/2025\/05\/207110.jpg\" \/>\n\t<meta property=\"og:image:width\" content=\"1280\" \/>\n\t<meta property=\"og:image:height\" content=\"720\" \/>\n\t<meta property=\"og:image:type\" content=\"image\/jpeg\" \/>\n<meta name=\"author\" content=\"Onur Akpinar\" \/>\n<meta name=\"twitter:card\" content=\"summary_large_image\" \/>\n<meta name=\"twitter:label1\" content=\"Yazan:\" \/>\n\t<meta name=\"twitter:data1\" content=\"Onur Akpinar\" \/>\n\t<meta name=\"twitter:label2\" content=\"Tahmini okuma s\u00fcresi\" \/>\n\t<meta name=\"twitter:data2\" content=\"2 dakika\" \/>\n<script type=\"application\/ld+json\" class=\"yoast-schema-graph\">{\"@context\":\"https:\\\/\\\/schema.org\",\"@graph\":[{\"@type\":\"Article\",\"@id\":\"https:\\\/\\\/avrupatv.eu\\\/index.php\\\/2025\\\/05\\\/13\\\/almanyada-darbe-alarmi-asiri-sagci-gruba-buyuk-operasyon\\\/#article\",\"isPartOf\":{\"@id\":\"https:\\\/\\\/avrupatv.eu\\\/index.php\\\/2025\\\/05\\\/13\\\/almanyada-darbe-alarmi-asiri-sagci-gruba-buyuk-operasyon\\\/\"},\"author\":{\"name\":\"Onur Akpinar\",\"@id\":\"https:\\\/\\\/avrupatv.eu\\\/#\\\/schema\\\/person\\\/d56afa5d5569da4029d483da36c0c17d\"},\"headline\":\"Almanya\u2019da Darbe Alarm\u0131: A\u015f\u0131r\u0131 Sa\u011fc\u0131 Gruba B\u00fcy\u00fck Operasyon!\",\"datePublished\":\"2025-05-13T14:55:05+00:00\",\"dateModified\":\"2025-05-13T14:55:06+00:00\",\"mainEntityOfPage\":{\"@id\":\"https:\\\/\\\/avrupatv.eu\\\/index.php\\\/2025\\\/05\\\/13\\\/almanyada-darbe-alarmi-asiri-sagci-gruba-buyuk-operasyon\\\/\"},\"wordCount\":364,\"commentCount\":0,\"publisher\":{\"@id\":\"https:\\\/\\\/avrupatv.eu\\\/#organization\"},\"image\":{\"@id\":\"https:\\\/\\\/avrupatv.eu\\\/index.php\\\/2025\\\/05\\\/13\\\/almanyada-darbe-alarmi-asiri-sagci-gruba-buyuk-operasyon\\\/#primaryimage\"},\"thumbnailUrl\":\"https:\\\/\\\/avrupatv.eu\\\/wp-content\\\/uploads\\\/2025\\\/05\\\/207110.jpg\",\"articleSection\":[\"Avrupa\"],\"inLanguage\":\"tr\",\"potentialAction\":[{\"@type\":\"CommentAction\",\"name\":\"Comment\",\"target\":[\"https:\\\/\\\/avrupatv.eu\\\/index.php\\\/2025\\\/05\\\/13\\\/almanyada-darbe-alarmi-asiri-sagci-gruba-buyuk-operasyon\\\/#respond\"]}]},{\"@type\":\"WebPage\",\"@id\":\"https:\\\/\\\/avrupatv.eu\\\/index.php\\\/2025\\\/05\\\/13\\\/almanyada-darbe-alarmi-asiri-sagci-gruba-buyuk-operasyon\\\/\",\"url\":\"https:\\\/\\\/avrupatv.eu\\\/index.php\\\/2025\\\/05\\\/13\\\/almanyada-darbe-alarmi-asiri-sagci-gruba-buyuk-operasyon\\\/\",\"name\":\"Almanya\u2019da Darbe Alarm\u0131: A\u015f\u0131r\u0131 Sa\u011fc\u0131 Gruba B\u00fcy\u00fck Operasyon! - Avrupal\u0131 T\u00fcrklerin en Yeni Haber Portal\u0131\",\"isPartOf\":{\"@id\":\"https:\\\/\\\/avrupatv.eu\\\/#website\"},\"primaryImageOfPage\":{\"@id\":\"https:\\\/\\\/avrupatv.eu\\\/index.php\\\/2025\\\/05\\\/13\\\/almanyada-darbe-alarmi-asiri-sagci-gruba-buyuk-operasyon\\\/#primaryimage\"},\"image\":{\"@id\":\"https:\\\/\\\/avrupatv.eu\\\/index.php\\\/2025\\\/05\\\/13\\\/almanyada-darbe-alarmi-asiri-sagci-gruba-buyuk-operasyon\\\/#primaryimage\"},\"thumbnailUrl\":\"https:\\\/\\\/avrupatv.eu\\\/wp-content\\\/uploads\\\/2025\\\/05\\\/207110.jpg\",\"datePublished\":\"2025-05-13T14:55:05+00:00\",\"dateModified\":\"2025-05-13T14:55:06+00:00\",\"breadcrumb\":{\"@id\":\"https:\\\/\\\/avrupatv.eu\\\/index.php\\\/2025\\\/05\\\/13\\\/almanyada-darbe-alarmi-asiri-sagci-gruba-buyuk-operasyon\\\/#breadcrumb\"},\"inLanguage\":\"tr\",\"potentialAction\":[{\"@type\":\"ReadAction\",\"target\":[\"https:\\\/\\\/avrupatv.eu\\\/index.php\\\/2025\\\/05\\\/13\\\/almanyada-darbe-alarmi-asiri-sagci-gruba-buyuk-operasyon\\\/\"]}]},{\"@type\":\"ImageObject\",\"inLanguage\":\"tr\",\"@id\":\"https:\\\/\\\/avrupatv.eu\\\/index.php\\\/2025\\\/05\\\/13\\\/almanyada-darbe-alarmi-asiri-sagci-gruba-buyuk-operasyon\\\/#primaryimage\",\"url\":\"https:\\\/\\\/avrupatv.eu\\\/wp-content\\\/uploads\\\/2025\\\/05\\\/207110.jpg\",\"contentUrl\":\"https:\\\/\\\/avrupatv.eu\\\/wp-content\\\/uploads\\\/2025\\\/05\\\/207110.jpg\",\"width\":1280,\"height\":720},{\"@type\":\"BreadcrumbList\",\"@id\":\"https:\\\/\\\/avrupatv.eu\\\/index.php\\\/2025\\\/05\\\/13\\\/almanyada-darbe-alarmi-asiri-sagci-gruba-buyuk-operasyon\\\/#breadcrumb\",\"itemListElement\":[{\"@type\":\"ListItem\",\"position\":1,\"name\":\"Anasayfa\",\"item\":\"https:\\\/\\\/avrupatv.eu\\\/\"},{\"@type\":\"ListItem\",\"position\":2,\"name\":\"Almanya\u2019da Darbe Alarm\u0131: A\u015f\u0131r\u0131 Sa\u011fc\u0131 Gruba B\u00fcy\u00fck Operasyon!\"}]},{\"@type\":\"WebSite\",\"@id\":\"https:\\\/\\\/avrupatv.eu\\\/#website\",\"url\":\"https:\\\/\\\/avrupatv.eu\\\/\",\"name\":\"Avrupal\u0131 T\u00fcrklerin en Yeni Haber Portal\u0131\",\"description\":\"\",\"publisher\":{\"@id\":\"https:\\\/\\\/avrupatv.eu\\\/#organization\"},\"alternateName\":\"Avrupa tv\",\"potentialAction\":[{\"@type\":\"SearchAction\",\"target\":{\"@type\":\"EntryPoint\",\"urlTemplate\":\"https:\\\/\\\/avrupatv.eu\\\/?s={search_term_string}\"},\"query-input\":{\"@type\":\"PropertyValueSpecification\",\"valueRequired\":true,\"valueName\":\"search_term_string\"}}],\"inLanguage\":\"tr\"},{\"@type\":\"Organization\",\"@id\":\"https:\\\/\\\/avrupatv.eu\\\/#organization\",\"name\":\"Avrupa Haber\",\"url\":\"https:\\\/\\\/avrupatv.eu\\\/\",\"logo\":{\"@type\":\"ImageObject\",\"inLanguage\":\"tr\",\"@id\":\"https:\\\/\\\/avrupatv.eu\\\/#\\\/schema\\\/logo\\\/image\\\/\",\"url\":\"https:\\\/\\\/avrupatv.eu\\\/wp-content\\\/uploads\\\/2023\\\/10\\\/cropped-thumbnail_logo.png\",\"contentUrl\":\"https:\\\/\\\/avrupatv.eu\\\/wp-content\\\/uploads\\\/2023\\\/10\\\/cropped-thumbnail_logo.png\",\"width\":1025,\"height\":302,\"caption\":\"Avrupa Haber\"},\"image\":{\"@id\":\"https:\\\/\\\/avrupatv.eu\\\/#\\\/schema\\\/logo\\\/image\\\/\"}},{\"@type\":\"Person\",\"@id\":\"https:\\\/\\\/avrupatv.eu\\\/#\\\/schema\\\/person\\\/d56afa5d5569da4029d483da36c0c17d\",\"name\":\"Onur Akpinar\",\"image\":{\"@type\":\"ImageObject\",\"inLanguage\":\"tr\",\"@id\":\"https:\\\/\\\/secure.gravatar.com\\\/avatar\\\/67a1a0bdf34f82da209334e4684b7e7171a58a5a2b0a8f836b61044f5c1f5d6a?s=96&d=mm&r=g\",\"url\":\"https:\\\/\\\/secure.gravatar.com\\\/avatar\\\/67a1a0bdf34f82da209334e4684b7e7171a58a5a2b0a8f836b61044f5c1f5d6a?s=96&d=mm&r=g\",\"contentUrl\":\"https:\\\/\\\/secure.gravatar.com\\\/avatar\\\/67a1a0bdf34f82da209334e4684b7e7171a58a5a2b0a8f836b61044f5c1f5d6a?s=96&d=mm&r=g\",\"caption\":\"Onur Akpinar\"},\"url\":\"https:\\\/\\\/avrupatv.eu\\\/index.php\\\/author\\\/onur-akpinar\\\/\"}]}<\/script>\n<!-- \/ Yoast SEO plugin. -->","yoast_head_json":{"title":"Almanya\u2019da Darbe Alarm\u0131: A\u015f\u0131r\u0131 Sa\u011fc\u0131 Gruba B\u00fcy\u00fck Operasyon! - Avrupal\u0131 T\u00fcrklerin en Yeni Haber Portal\u0131","robots":{"index":"index","follow":"follow","max-snippet":"max-snippet:-1","max-image-preview":"max-image-preview:large","max-video-preview":"max-video-preview:-1"},"canonical":"https:\/\/avrupatv.eu\/index.php\/2025\/05\/13\/almanyada-darbe-alarmi-asiri-sagci-gruba-buyuk-operasyon\/","og_locale":"tr_TR","og_type":"article","og_title":"Almanya\u2019da Darbe Alarm\u0131: A\u015f\u0131r\u0131 Sa\u011fc\u0131 Gruba B\u00fcy\u00fck Operasyon! - Avrupal\u0131 T\u00fcrklerin en Yeni Haber Portal\u0131","og_description":"Berlin \u2013 Almanya\u2019da anayasal d\u00fczeni tan\u0131mayan ve kendi ideolojik y\u00f6netimlerini kurmay\u0131 hedefleyen a\u015f\u0131r\u0131 sa\u011fc\u0131 &#8220;Reich Yurtta\u015flar\u0131&#8221; (Reichsb\u00fcrger) hareketine y\u00f6nelik b\u00fcy\u00fck \u00e7apl\u0131 bir polis operasyonu ger\u00e7ekle\u015ftirildi. Yedi eyalette e\u015f zamanl\u0131 yap\u0131lan bask\u0131nlarda \u00e7ok say\u0131da silah ve m\u00fchimmat ele ge\u00e7irildi, \u00e7ok say\u0131da ki\u015fi g\u00f6zalt\u0131na al\u0131nd\u0131. Almanya genelinde federal ve eyalet g\u00fcvenlik birimlerinin ortak y\u00fcr\u00fctt\u00fc\u011f\u00fc operasyonlar kapsam\u0131nda \u015f\u00fcphelilerin [&hellip;]","og_url":"https:\/\/avrupatv.eu\/index.php\/2025\/05\/13\/almanyada-darbe-alarmi-asiri-sagci-gruba-buyuk-operasyon\/","og_site_name":"Avrupal\u0131 T\u00fcrklerin en Yeni Haber Portal\u0131","article_published_time":"2025-05-13T14:55:05+00:00","article_modified_time":"2025-05-13T14:55:06+00:00","og_image":[{"width":1280,"height":720,"url":"https:\/\/avrupatv.eu\/wp-content\/uploads\/2025\/05\/207110.jpg","type":"image\/jpeg"}],"author":"Onur Akpinar","twitter_card":"summary_large_image","twitter_misc":{"Yazan:":"Onur Akpinar","Tahmini okuma s\u00fcresi":"2 dakika"},"schema":{"@context":"https:\/\/schema.org","@graph":[{"@type":"Article","@id":"https:\/\/avrupatv.eu\/index.php\/2025\/05\/13\/almanyada-darbe-alarmi-asiri-sagci-gruba-buyuk-operasyon\/#article","isPartOf":{"@id":"https:\/\/avrupatv.eu\/index.php\/2025\/05\/13\/almanyada-darbe-alarmi-asiri-sagci-gruba-buyuk-operasyon\/"},"author":{"name":"Onur Akpinar","@id":"https:\/\/avrupatv.eu\/#\/schema\/person\/d56afa5d5569da4029d483da36c0c17d"},"headline":"Almanya\u2019da Darbe Alarm\u0131: A\u015f\u0131r\u0131 Sa\u011fc\u0131 Gruba B\u00fcy\u00fck Operasyon!","datePublished":"2025-05-13T14:55:05+00:00","dateModified":"2025-05-13T14:55:06+00:00","mainEntityOfPage":{"@id":"https:\/\/avrupatv.eu\/index.php\/2025\/05\/13\/almanyada-darbe-alarmi-asiri-sagci-gruba-buyuk-operasyon\/"},"wordCount":364,"commentCount":0,"publisher":{"@id":"https:\/\/avrupatv.eu\/#organization"},"image":{"@id":"https:\/\/avrupatv.eu\/index.php\/2025\/05\/13\/almanyada-darbe-alarmi-asiri-sagci-gruba-buyuk-operasyon\/#primaryimage"},"thumbnailUrl":"https:\/\/avrupatv.eu\/wp-content\/uploads\/2025\/05\/207110.jpg","articleSection":["Avrupa"],"inLanguage":"tr","potentialAction":[{"@type":"CommentAction","name":"Comment","target":["https:\/\/avrupatv.eu\/index.php\/2025\/05\/13\/almanyada-darbe-alarmi-asiri-sagci-gruba-buyuk-operasyon\/#respond"]}]},{"@type":"WebPage","@id":"https:\/\/avrupatv.eu\/index.php\/2025\/05\/13\/almanyada-darbe-alarmi-asiri-sagci-gruba-buyuk-operasyon\/","url":"https:\/\/avrupatv.eu\/index.php\/2025\/05\/13\/almanyada-darbe-alarmi-asiri-sagci-gruba-buyuk-operasyon\/","name":"Almanya\u2019da Darbe Alarm\u0131: A\u015f\u0131r\u0131 Sa\u011fc\u0131 Gruba B\u00fcy\u00fck Operasyon! - Avrupal\u0131 T\u00fcrklerin en Yeni Haber Portal\u0131","isPartOf":{"@id":"https:\/\/avrupatv.eu\/#website"},"primaryImageOfPage":{"@id":"https:\/\/avrupatv.eu\/index.php\/2025\/05\/13\/almanyada-darbe-alarmi-asiri-sagci-gruba-buyuk-operasyon\/#primaryimage"},"image":{"@id":"https:\/\/avrupatv.eu\/index.php\/2025\/05\/13\/almanyada-darbe-alarmi-asiri-sagci-gruba-buyuk-operasyon\/#primaryimage"},"thumbnailUrl":"https:\/\/avrupatv.eu\/wp-content\/uploads\/2025\/05\/207110.jpg","datePublished":"2025-05-13T14:55:05+00:00","dateModified":"2025-05-13T14:55:06+00:00","breadcrumb":{"@id":"https:\/\/avrupatv.eu\/index.php\/2025\/05\/13\/almanyada-darbe-alarmi-asiri-sagci-gruba-buyuk-operasyon\/#breadcrumb"},"inLanguage":"tr","potentialAction":[{"@type":"ReadAction","target":["https:\/\/avrupatv.eu\/index.php\/2025\/05\/13\/almanyada-darbe-alarmi-asiri-sagci-gruba-buyuk-operasyon\/"]}]},{"@type":"ImageObject","inLanguage":"tr","@id":"https:\/\/avrupatv.eu\/index.php\/2025\/05\/13\/almanyada-darbe-alarmi-asiri-sagci-gruba-buyuk-operasyon\/#primaryimage","url":"https:\/\/avrupatv.eu\/wp-content\/uploads\/2025\/05\/207110.jpg","contentUrl":"https:\/\/avrupatv.eu\/wp-content\/uploads\/2025\/05\/207110.jpg","width":1280,"height":720},{"@type":"BreadcrumbList","@id":"https:\/\/avrupatv.eu\/index.php\/2025\/05\/13\/almanyada-darbe-alarmi-asiri-sagci-gruba-buyuk-operasyon\/#breadcrumb","itemListElement":[{"@type":"ListItem","position":1,"name":"Anasayfa","item":"https:\/\/avrupatv.eu\/"},{"@type":"ListItem","position":2,"name":"Almanya\u2019da Darbe Alarm\u0131: A\u015f\u0131r\u0131 Sa\u011fc\u0131 Gruba B\u00fcy\u00fck Operasyon!"}]},{"@type":"WebSite","@id":"https:\/\/avrupatv.eu\/#website","url":"https:\/\/avrupatv.eu\/","name":"Avrupal\u0131 T\u00fcrklerin en Yeni Haber Portal\u0131","description":"","publisher":{"@id":"https:\/\/avrupatv.eu\/#organization"},"alternateName":"Avrupa tv","potentialAction":[{"@type":"SearchAction","target":{"@type":"EntryPoint","urlTemplate":"https:\/\/avrupatv.eu\/?s={search_term_string}"},"query-input":{"@type":"PropertyValueSpecification","valueRequired":true,"valueName":"search_term_string"}}],"inLanguage":"tr"},{"@type":"Organization","@id":"https:\/\/avrupatv.eu\/#organization","name":"Avrupa Haber","url":"https:\/\/avrupatv.eu\/","logo":{"@type":"ImageObject","inLanguage":"tr","@id":"https:\/\/avrupatv.eu\/#\/schema\/logo\/image\/","url":"https:\/\/avrupatv.eu\/wp-content\/uploads\/2023\/10\/cropped-thumbnail_logo.png","contentUrl":"https:\/\/avrupatv.eu\/wp-content\/uploads\/2023\/10\/cropped-thumbnail_logo.png","width":1025,"height":302,"caption":"Avrupa Haber"},"image":{"@id":"https:\/\/avrupatv.eu\/#\/schema\/logo\/image\/"}},{"@type":"Person","@id":"https:\/\/avrupatv.eu\/#\/schema\/person\/d56afa5d5569da4029d483da36c0c17d","name":"Onur Akpinar","image":{"@type":"ImageObject","inLanguage":"tr","@id":"https:\/\/secure.gravatar.com\/avatar\/67a1a0bdf34f82da209334e4684b7e7171a58a5a2b0a8f836b61044f5c1f5d6a?s=96&d=mm&r=g","url":"https:\/\/secure.gravatar.com\/avatar\/67a1a0bdf34f82da209334e4684b7e7171a58a5a2b0a8f836b61044f5c1f5d6a?s=96&d=mm&r=g","contentUrl":"https:\/\/secure.gravatar.com\/avatar\/67a1a0bdf34f82da209334e4684b7e7171a58a5a2b0a8f836b61044f5c1f5d6a?s=96&d=mm&r=g","caption":"Onur Akpinar"},"url":"https:\/\/avrupatv.eu\/index.php\/author\/onur-akpinar\/"}]}},"_links":{"self":[{"href":"https:\/\/avrupatv.eu\/index.php\/wp-json\/wp\/v2\/posts\/1172","targetHints":{"allow":["GET"]}}],"collection":[{"href":"https:\/\/avrupatv.eu\/index.php\/wp-json\/wp\/v2\/posts"}],"about":[{"href":"https:\/\/avrupatv.eu\/index.php\/wp-json\/wp\/v2\/types\/post"}],"author":[{"embeddable":true,"href":"https:\/\/avrupatv.eu\/index.php\/wp-json\/wp\/v2\/users\/2"}],"replies":[{"embeddable":true,"href":"https:\/\/avrupatv.eu\/index.php\/wp-json\/wp\/v2\/comments?post=1172"}],"version-history":[{"count":1,"href":"https:\/\/avrupatv.eu\/index.php\/wp-json\/wp\/v2\/posts\/1172\/revisions"}],"predecessor-version":[{"id":1174,"href":"https:\/\/avrupatv.eu\/index.php\/wp-json\/wp\/v2\/posts\/1172\/revisions\/1174"}],"wp:featuredmedia":[{"embeddable":true,"href":"https:\/\/avrupatv.eu\/index.php\/wp-json\/wp\/v2\/media\/1173"}],"wp:attachment":[{"href":"https:\/\/avrupatv.eu\/index.php\/wp-json\/wp\/v2\/media?parent=1172"}],"wp:term":[{"taxonomy":"category","embeddable":true,"href":"https:\/\/avrupatv.eu\/index.php\/wp-json\/wp\/v2\/categories?post=1172"},{"taxonomy":"post_tag","embeddable":true,"href":"https:\/\/avrupatv.eu\/index.php\/wp-json\/wp\/v2\/tags?post=1172"}],"curies":[{"name":"wp","href":"https:\/\/api.w.org\/{rel}","templated":true}]}}