{"id":1169,"date":"2025-05-13T14:47:01","date_gmt":"2025-05-13T14:47:01","guid":{"rendered":"https:\/\/avrupatv.eu\/?p=1169"},"modified":"2025-05-13T14:47:02","modified_gmt":"2025-05-13T14:47:02","slug":"belcikada-skandal-israil-is-birligine-ofke-ugent-ogrencileri-rektorlugu-kusatti","status":"publish","type":"post","link":"https:\/\/avrupatv.eu\/index.php\/2025\/05\/13\/belcikada-skandal-israil-is-birligine-ofke-ugent-ogrencileri-rektorlugu-kusatti\/","title":{"rendered":"Bel\u00e7ika&#8217;da Skandal \u0130srail \u0130\u015f Birli\u011fine \u00d6fke: UGent \u00d6\u011frencileri Rekt\u00f6rl\u00fc\u011f\u00fc Ku\u015fatt\u0131!"},"content":{"rendered":"\n<p><strong>Gent<\/strong> \u2013 Yakla\u015f\u0131k y\u00fcz ki\u015filik bir \u00f6\u011frenci ve \u00fcniversite personeli grubu, Sal\u0131 sabah\u0131 Gent \u00dcniversitesi (UGent) rekt\u00f6rl\u00fck binas\u0131n\u0131 bloke etti. Eylemciler, t\u00fcm \u00fcniversiteleri \u0130srail kurumlar\u0131yla olan i\u015f birliklerini sonland\u0131rmaya \u00e7a\u011f\u0131rd\u0131. \u0130\u015fgal, saat 16.00 civar\u0131nda sona erdi.<\/p>\n\n\n\n<p>&#8220;<strong>Geri d\u00f6nd\u00fck. Her zamankinden daha g\u00fc\u00e7l\u00fc ve daha birle\u015fmi\u015f bir \u015fekilde<\/strong>&#8221; mesaj\u0131n\u0131 sosyal medya \u00fczerinden payla\u015fan eylemci grup, Sal\u0131 sabah\u0131 erken saatlerde \u00f6\u011frenci, personel ve endi\u015feli vatanda\u015flardan olu\u015fan yakla\u015f\u0131k y\u00fcz ki\u015fiyle UGent rekt\u00f6rl\u00fc\u011f\u00fcn\u00fcn giri\u015flerini kapatt\u0131. Ama\u00e7lar\u0131, Bel\u00e7ika\u2019daki t\u00fcm \u00fcniversitelere \u00e7a\u011fr\u0131da bulunmakt\u0131.<\/p>\n\n\n\n<p><strong>UGent\u2019in geleneksel korteji ertelenmi\u015fti<\/strong><\/p>\n\n\n\n<p>UGent\u2019in \u0130srail ile olan i\u015f birliklerine kar\u015f\u0131 daha \u00f6nce de \u00e7e\u015fitli protestolar ger\u00e7ekle\u015ftirilmi\u015fti. Ge\u00e7en y\u0131l d\u00fczenlenen ve \u00fcniversitenin kurulu\u015f y\u0131l d\u00f6n\u00fcm\u00fcne denk gelen &#8220;stoet der togati&#8221; t\u00f6reninde de protestolar olmu\u015f, polis tavsiyesiyle kortej ertelenmi\u015fti.<\/p>\n\n\n\n<p>Eylemciler ad\u0131na konu\u015fan Bas, \u201c<strong>Bir y\u0131l\u0131 a\u015fk\u0131n s\u00fcredir akademik boykot \u00e7a\u011fr\u0131s\u0131 yap\u0131yoruz ancak t\u00fcm Bel\u00e7ika \u00fcniversiteleri h\u00e2l\u00e2 Filistin\u2019deki soyk\u0131r\u0131ma aktif \u015fekilde katk\u0131 sa\u011flayan \u0130srail kurumlar\u0131yla i\u015f birli\u011fi i\u00e7inde<\/strong>\u201d dedi. \u201c<strong>Boykot ger\u00e7ekle\u015fene kadar durmayaca\u011f\u0131z<\/strong>\u201d diye ekledi.<\/p>\n\n\n\n<p><strong>Ge\u00e7mi\u015ften gelen direni\u015f<\/strong><\/p>\n\n\n\n<p>Bu protesto, Gazze\u2019deki sava\u015f\u0131n ba\u015flamas\u0131ndan bu yana UGent\u2019te d\u00fczenlenen \u00e7e\u015fitli eylemlerin devam\u0131 niteli\u011finde. Aktivist grup, ge\u00e7en y\u0131l \u00fcniversite binas\u0131 UFO\u2019yu 40 g\u00fcn boyunca i\u015fgal etmi\u015fti. O i\u015fgal, zorla tahliye tehdidiyle sona ermi\u015fti. Binadan ayr\u0131l\u0131rken \u201c<strong>We will be back<\/strong>\u201d (Geri d\u00f6nece\u011fiz) yaz\u0131l\u0131 pankart asm\u0131\u015flard\u0131.<\/p>\n\n\n\n<p>O tarihten bu yana eylemlerini s\u00fcrd\u00fcren grup, \u00fcniversitenin taleplerine kulak vermedi\u011fini ve s\u00fcreci yava\u015flatt\u0131\u011f\u0131n\u0131 d\u00fc\u015f\u00fcn\u00fcyor. \u201c<strong>T\u00fcm ba\u011flar kopana kadar durmayaca\u011f\u0131z<\/strong>\u201d diyerek kararl\u0131l\u0131klar\u0131n\u0131 vurgulam\u0131\u015flard\u0131.<\/p>\n\n\n\n<p><strong>\u0130\u015fgal sona erdi<\/strong><\/p>\n\n\n\n<p>Sal\u0131 g\u00fcn\u00fc sabah saat 06.30\u2019da ba\u015flayan i\u015fgal, saat 16.00\u2019ya do\u011fru sona erdi. Eylemciler, tamamen siyah k\u0131yafetlerle ve y\u00fczleri kapal\u0131 \u015fekilde binadan ayr\u0131ld\u0131. Rekt\u00f6r Rik Van de Walle\u2019nin grupla konu\u015fmak \u00fczere olay yerine gelmesi bekleniyordu, ancak bu g\u00f6r\u00fc\u015fme ger\u00e7ekle\u015fmedi.<\/p>\n\n\n\n<p>Bas, \u201c<strong>Birbirimizle konu\u015fman\u0131n anlam\u0131 yok. Rekt\u00f6r ne talep etti\u011fimizi biliyor. Yapmas\u0131 gereken \u015fey belli, sadece art\u0131k harekete ge\u00e7mesi gerekiyor<\/strong>\u201d ifadelerini kulland\u0131.<\/p>\n\n\n\n<p>Foto\u011fraf: De Morgen<\/p>\n","protected":false},"excerpt":{"rendered":"<p>Gent \u2013 Yakla\u015f\u0131k y\u00fcz ki\u015filik bir \u00f6\u011frenci ve \u00fcniversite personeli grubu, Sal\u0131 sabah\u0131 Gent \u00dcniversitesi (UGent) rekt\u00f6rl\u00fck binas\u0131n\u0131 bloke etti. Eylemciler, t\u00fcm \u00fcniversiteleri \u0130srail kurumlar\u0131yla olan i\u015f birliklerini sonland\u0131rmaya \u00e7a\u011f\u0131rd\u0131. \u0130\u015fgal, saat 16.00 civar\u0131nda sona erdi. &#8220;Geri d\u00f6nd\u00fck. Her zamankinden daha g\u00fc\u00e7l\u00fc ve daha birle\u015fmi\u015f bir \u015fekilde&#8221; mesaj\u0131n\u0131 sosyal medya \u00fczerinden payla\u015fan eylemci grup, Sal\u0131 [&hellip;]<\/p>\n","protected":false},"author":2,"featured_media":1170,"comment_status":"open","ping_status":"open","sticky":false,"template":"","format":"standard","meta":{"footnotes":""},"categories":[21],"tags":[],"class_list":["post-1169","post","type-post","status-publish","format-standard","has-post-thumbnail","hentry","category-belcika"],"yoast_head":"<!-- This site is optimized with the Yoast SEO plugin v27.4 - https:\/\/yoast.com\/product\/yoast-seo-wordpress\/ -->\n<title>Bel\u00e7ika&#039;da Skandal \u0130srail \u0130\u015f Birli\u011fine \u00d6fke: UGent \u00d6\u011frencileri Rekt\u00f6rl\u00fc\u011f\u00fc Ku\u015fatt\u0131! - Avrupal\u0131 T\u00fcrklerin en Yeni Haber Portal\u0131<\/title>\n<meta name=\"robots\" content=\"index, follow, max-snippet:-1, max-image-preview:large, max-video-preview:-1\" \/>\n<link rel=\"canonical\" href=\"https:\/\/avrupatv.eu\/index.php\/2025\/05\/13\/belcikada-skandal-israil-is-birligine-ofke-ugent-ogrencileri-rektorlugu-kusatti\/\" \/>\n<meta property=\"og:locale\" content=\"tr_TR\" \/>\n<meta property=\"og:type\" content=\"article\" \/>\n<meta property=\"og:title\" content=\"Bel\u00e7ika&#039;da Skandal \u0130srail \u0130\u015f Birli\u011fine \u00d6fke: UGent \u00d6\u011frencileri Rekt\u00f6rl\u00fc\u011f\u00fc Ku\u015fatt\u0131! - Avrupal\u0131 T\u00fcrklerin en Yeni Haber Portal\u0131\" \/>\n<meta property=\"og:description\" content=\"Gent \u2013 Yakla\u015f\u0131k y\u00fcz ki\u015filik bir \u00f6\u011frenci ve \u00fcniversite personeli grubu, Sal\u0131 sabah\u0131 Gent \u00dcniversitesi (UGent) rekt\u00f6rl\u00fck binas\u0131n\u0131 bloke etti. Eylemciler, t\u00fcm \u00fcniversiteleri \u0130srail kurumlar\u0131yla olan i\u015f birliklerini sonland\u0131rmaya \u00e7a\u011f\u0131rd\u0131. \u0130\u015fgal, saat 16.00 civar\u0131nda sona erdi. &#8220;Geri d\u00f6nd\u00fck. Her zamankinden daha g\u00fc\u00e7l\u00fc ve daha birle\u015fmi\u015f bir \u015fekilde&#8221; mesaj\u0131n\u0131 sosyal medya \u00fczerinden payla\u015fan eylemci grup, Sal\u0131 [&hellip;]\" \/>\n<meta property=\"og:url\" content=\"https:\/\/avrupatv.eu\/index.php\/2025\/05\/13\/belcikada-skandal-israil-is-birligine-ofke-ugent-ogrencileri-rektorlugu-kusatti\/\" \/>\n<meta property=\"og:site_name\" content=\"Avrupal\u0131 T\u00fcrklerin en Yeni Haber Portal\u0131\" \/>\n<meta property=\"article:published_time\" content=\"2025-05-13T14:47:01+00:00\" \/>\n<meta property=\"article:modified_time\" content=\"2025-05-13T14:47:02+00:00\" \/>\n<meta property=\"og:image\" content=\"https:\/\/avrupatv.eu\/wp-content\/uploads\/2025\/05\/studenten-in-het-universiteitsforum-van-de-u-gent.jpeg\" \/>\n\t<meta property=\"og:image:width\" content=\"1200\" \/>\n\t<meta property=\"og:image:height\" content=\"675\" \/>\n\t<meta property=\"og:image:type\" content=\"image\/jpeg\" \/>\n<meta name=\"author\" content=\"Onur Akpinar\" \/>\n<meta name=\"twitter:card\" content=\"summary_large_image\" \/>\n<meta name=\"twitter:label1\" content=\"Yazan:\" \/>\n\t<meta name=\"twitter:data1\" content=\"Onur Akpinar\" \/>\n\t<meta name=\"twitter:label2\" content=\"Tahmini okuma s\u00fcresi\" \/>\n\t<meta name=\"twitter:data2\" content=\"2 dakika\" \/>\n<script type=\"application\/ld+json\" class=\"yoast-schema-graph\">{\"@context\":\"https:\\\/\\\/schema.org\",\"@graph\":[{\"@type\":\"Article\",\"@id\":\"https:\\\/\\\/avrupatv.eu\\\/index.php\\\/2025\\\/05\\\/13\\\/belcikada-skandal-israil-is-birligine-ofke-ugent-ogrencileri-rektorlugu-kusatti\\\/#article\",\"isPartOf\":{\"@id\":\"https:\\\/\\\/avrupatv.eu\\\/index.php\\\/2025\\\/05\\\/13\\\/belcikada-skandal-israil-is-birligine-ofke-ugent-ogrencileri-rektorlugu-kusatti\\\/\"},\"author\":{\"name\":\"Onur Akpinar\",\"@id\":\"https:\\\/\\\/avrupatv.eu\\\/#\\\/schema\\\/person\\\/d56afa5d5569da4029d483da36c0c17d\"},\"headline\":\"Bel\u00e7ika&#8217;da Skandal \u0130srail \u0130\u015f Birli\u011fine \u00d6fke: UGent \u00d6\u011frencileri Rekt\u00f6rl\u00fc\u011f\u00fc Ku\u015fatt\u0131!\",\"datePublished\":\"2025-05-13T14:47:01+00:00\",\"dateModified\":\"2025-05-13T14:47:02+00:00\",\"mainEntityOfPage\":{\"@id\":\"https:\\\/\\\/avrupatv.eu\\\/index.php\\\/2025\\\/05\\\/13\\\/belcikada-skandal-israil-is-birligine-ofke-ugent-ogrencileri-rektorlugu-kusatti\\\/\"},\"wordCount\":426,\"commentCount\":0,\"publisher\":{\"@id\":\"https:\\\/\\\/avrupatv.eu\\\/#organization\"},\"image\":{\"@id\":\"https:\\\/\\\/avrupatv.eu\\\/index.php\\\/2025\\\/05\\\/13\\\/belcikada-skandal-israil-is-birligine-ofke-ugent-ogrencileri-rektorlugu-kusatti\\\/#primaryimage\"},\"thumbnailUrl\":\"https:\\\/\\\/avrupatv.eu\\\/wp-content\\\/uploads\\\/2025\\\/05\\\/studenten-in-het-universiteitsforum-van-de-u-gent.jpeg\",\"articleSection\":[\"Bel\u00e7ika\"],\"inLanguage\":\"tr\",\"potentialAction\":[{\"@type\":\"CommentAction\",\"name\":\"Comment\",\"target\":[\"https:\\\/\\\/avrupatv.eu\\\/index.php\\\/2025\\\/05\\\/13\\\/belcikada-skandal-israil-is-birligine-ofke-ugent-ogrencileri-rektorlugu-kusatti\\\/#respond\"]}]},{\"@type\":\"WebPage\",\"@id\":\"https:\\\/\\\/avrupatv.eu\\\/index.php\\\/2025\\\/05\\\/13\\\/belcikada-skandal-israil-is-birligine-ofke-ugent-ogrencileri-rektorlugu-kusatti\\\/\",\"url\":\"https:\\\/\\\/avrupatv.eu\\\/index.php\\\/2025\\\/05\\\/13\\\/belcikada-skandal-israil-is-birligine-ofke-ugent-ogrencileri-rektorlugu-kusatti\\\/\",\"name\":\"Bel\u00e7ika'da Skandal \u0130srail \u0130\u015f Birli\u011fine \u00d6fke: UGent \u00d6\u011frencileri Rekt\u00f6rl\u00fc\u011f\u00fc Ku\u015fatt\u0131! - Avrupal\u0131 T\u00fcrklerin en Yeni Haber Portal\u0131\",\"isPartOf\":{\"@id\":\"https:\\\/\\\/avrupatv.eu\\\/#website\"},\"primaryImageOfPage\":{\"@id\":\"https:\\\/\\\/avrupatv.eu\\\/index.php\\\/2025\\\/05\\\/13\\\/belcikada-skandal-israil-is-birligine-ofke-ugent-ogrencileri-rektorlugu-kusatti\\\/#primaryimage\"},\"image\":{\"@id\":\"https:\\\/\\\/avrupatv.eu\\\/index.php\\\/2025\\\/05\\\/13\\\/belcikada-skandal-israil-is-birligine-ofke-ugent-ogrencileri-rektorlugu-kusatti\\\/#primaryimage\"},\"thumbnailUrl\":\"https:\\\/\\\/avrupatv.eu\\\/wp-content\\\/uploads\\\/2025\\\/05\\\/studenten-in-het-universiteitsforum-van-de-u-gent.jpeg\",\"datePublished\":\"2025-05-13T14:47:01+00:00\",\"dateModified\":\"2025-05-13T14:47:02+00:00\",\"breadcrumb\":{\"@id\":\"https:\\\/\\\/avrupatv.eu\\\/index.php\\\/2025\\\/05\\\/13\\\/belcikada-skandal-israil-is-birligine-ofke-ugent-ogrencileri-rektorlugu-kusatti\\\/#breadcrumb\"},\"inLanguage\":\"tr\",\"potentialAction\":[{\"@type\":\"ReadAction\",\"target\":[\"https:\\\/\\\/avrupatv.eu\\\/index.php\\\/2025\\\/05\\\/13\\\/belcikada-skandal-israil-is-birligine-ofke-ugent-ogrencileri-rektorlugu-kusatti\\\/\"]}]},{\"@type\":\"ImageObject\",\"inLanguage\":\"tr\",\"@id\":\"https:\\\/\\\/avrupatv.eu\\\/index.php\\\/2025\\\/05\\\/13\\\/belcikada-skandal-israil-is-birligine-ofke-ugent-ogrencileri-rektorlugu-kusatti\\\/#primaryimage\",\"url\":\"https:\\\/\\\/avrupatv.eu\\\/wp-content\\\/uploads\\\/2025\\\/05\\\/studenten-in-het-universiteitsforum-van-de-u-gent.jpeg\",\"contentUrl\":\"https:\\\/\\\/avrupatv.eu\\\/wp-content\\\/uploads\\\/2025\\\/05\\\/studenten-in-het-universiteitsforum-van-de-u-gent.jpeg\",\"width\":1200,\"height\":675},{\"@type\":\"BreadcrumbList\",\"@id\":\"https:\\\/\\\/avrupatv.eu\\\/index.php\\\/2025\\\/05\\\/13\\\/belcikada-skandal-israil-is-birligine-ofke-ugent-ogrencileri-rektorlugu-kusatti\\\/#breadcrumb\",\"itemListElement\":[{\"@type\":\"ListItem\",\"position\":1,\"name\":\"Anasayfa\",\"item\":\"https:\\\/\\\/avrupatv.eu\\\/\"},{\"@type\":\"ListItem\",\"position\":2,\"name\":\"Bel\u00e7ika&#8217;da Skandal \u0130srail \u0130\u015f Birli\u011fine \u00d6fke: UGent \u00d6\u011frencileri Rekt\u00f6rl\u00fc\u011f\u00fc Ku\u015fatt\u0131!\"}]},{\"@type\":\"WebSite\",\"@id\":\"https:\\\/\\\/avrupatv.eu\\\/#website\",\"url\":\"https:\\\/\\\/avrupatv.eu\\\/\",\"name\":\"Avrupal\u0131 T\u00fcrklerin en Yeni Haber Portal\u0131\",\"description\":\"\",\"publisher\":{\"@id\":\"https:\\\/\\\/avrupatv.eu\\\/#organization\"},\"alternateName\":\"Avrupa tv\",\"potentialAction\":[{\"@type\":\"SearchAction\",\"target\":{\"@type\":\"EntryPoint\",\"urlTemplate\":\"https:\\\/\\\/avrupatv.eu\\\/?s={search_term_string}\"},\"query-input\":{\"@type\":\"PropertyValueSpecification\",\"valueRequired\":true,\"valueName\":\"search_term_string\"}}],\"inLanguage\":\"tr\"},{\"@type\":\"Organization\",\"@id\":\"https:\\\/\\\/avrupatv.eu\\\/#organization\",\"name\":\"Avrupa Haber\",\"url\":\"https:\\\/\\\/avrupatv.eu\\\/\",\"logo\":{\"@type\":\"ImageObject\",\"inLanguage\":\"tr\",\"@id\":\"https:\\\/\\\/avrupatv.eu\\\/#\\\/schema\\\/logo\\\/image\\\/\",\"url\":\"https:\\\/\\\/avrupatv.eu\\\/wp-content\\\/uploads\\\/2023\\\/10\\\/cropped-thumbnail_logo.png\",\"contentUrl\":\"https:\\\/\\\/avrupatv.eu\\\/wp-content\\\/uploads\\\/2023\\\/10\\\/cropped-thumbnail_logo.png\",\"width\":1025,\"height\":302,\"caption\":\"Avrupa Haber\"},\"image\":{\"@id\":\"https:\\\/\\\/avrupatv.eu\\\/#\\\/schema\\\/logo\\\/image\\\/\"}},{\"@type\":\"Person\",\"@id\":\"https:\\\/\\\/avrupatv.eu\\\/#\\\/schema\\\/person\\\/d56afa5d5569da4029d483da36c0c17d\",\"name\":\"Onur Akpinar\",\"image\":{\"@type\":\"ImageObject\",\"inLanguage\":\"tr\",\"@id\":\"https:\\\/\\\/secure.gravatar.com\\\/avatar\\\/67a1a0bdf34f82da209334e4684b7e7171a58a5a2b0a8f836b61044f5c1f5d6a?s=96&d=mm&r=g\",\"url\":\"https:\\\/\\\/secure.gravatar.com\\\/avatar\\\/67a1a0bdf34f82da209334e4684b7e7171a58a5a2b0a8f836b61044f5c1f5d6a?s=96&d=mm&r=g\",\"contentUrl\":\"https:\\\/\\\/secure.gravatar.com\\\/avatar\\\/67a1a0bdf34f82da209334e4684b7e7171a58a5a2b0a8f836b61044f5c1f5d6a?s=96&d=mm&r=g\",\"caption\":\"Onur Akpinar\"},\"url\":\"https:\\\/\\\/avrupatv.eu\\\/index.php\\\/author\\\/onur-akpinar\\\/\"}]}<\/script>\n<!-- \/ Yoast SEO plugin. -->","yoast_head_json":{"title":"Bel\u00e7ika'da Skandal \u0130srail \u0130\u015f Birli\u011fine \u00d6fke: UGent \u00d6\u011frencileri Rekt\u00f6rl\u00fc\u011f\u00fc Ku\u015fatt\u0131! - Avrupal\u0131 T\u00fcrklerin en Yeni Haber Portal\u0131","robots":{"index":"index","follow":"follow","max-snippet":"max-snippet:-1","max-image-preview":"max-image-preview:large","max-video-preview":"max-video-preview:-1"},"canonical":"https:\/\/avrupatv.eu\/index.php\/2025\/05\/13\/belcikada-skandal-israil-is-birligine-ofke-ugent-ogrencileri-rektorlugu-kusatti\/","og_locale":"tr_TR","og_type":"article","og_title":"Bel\u00e7ika'da Skandal \u0130srail \u0130\u015f Birli\u011fine \u00d6fke: UGent \u00d6\u011frencileri Rekt\u00f6rl\u00fc\u011f\u00fc Ku\u015fatt\u0131! - Avrupal\u0131 T\u00fcrklerin en Yeni Haber Portal\u0131","og_description":"Gent \u2013 Yakla\u015f\u0131k y\u00fcz ki\u015filik bir \u00f6\u011frenci ve \u00fcniversite personeli grubu, Sal\u0131 sabah\u0131 Gent \u00dcniversitesi (UGent) rekt\u00f6rl\u00fck binas\u0131n\u0131 bloke etti. Eylemciler, t\u00fcm \u00fcniversiteleri \u0130srail kurumlar\u0131yla olan i\u015f birliklerini sonland\u0131rmaya \u00e7a\u011f\u0131rd\u0131. \u0130\u015fgal, saat 16.00 civar\u0131nda sona erdi. &#8220;Geri d\u00f6nd\u00fck. Her zamankinden daha g\u00fc\u00e7l\u00fc ve daha birle\u015fmi\u015f bir \u015fekilde&#8221; mesaj\u0131n\u0131 sosyal medya \u00fczerinden payla\u015fan eylemci grup, Sal\u0131 [&hellip;]","og_url":"https:\/\/avrupatv.eu\/index.php\/2025\/05\/13\/belcikada-skandal-israil-is-birligine-ofke-ugent-ogrencileri-rektorlugu-kusatti\/","og_site_name":"Avrupal\u0131 T\u00fcrklerin en Yeni Haber Portal\u0131","article_published_time":"2025-05-13T14:47:01+00:00","article_modified_time":"2025-05-13T14:47:02+00:00","og_image":[{"width":1200,"height":675,"url":"https:\/\/avrupatv.eu\/wp-content\/uploads\/2025\/05\/studenten-in-het-universiteitsforum-van-de-u-gent.jpeg","type":"image\/jpeg"}],"author":"Onur Akpinar","twitter_card":"summary_large_image","twitter_misc":{"Yazan:":"Onur Akpinar","Tahmini okuma s\u00fcresi":"2 dakika"},"schema":{"@context":"https:\/\/schema.org","@graph":[{"@type":"Article","@id":"https:\/\/avrupatv.eu\/index.php\/2025\/05\/13\/belcikada-skandal-israil-is-birligine-ofke-ugent-ogrencileri-rektorlugu-kusatti\/#article","isPartOf":{"@id":"https:\/\/avrupatv.eu\/index.php\/2025\/05\/13\/belcikada-skandal-israil-is-birligine-ofke-ugent-ogrencileri-rektorlugu-kusatti\/"},"author":{"name":"Onur Akpinar","@id":"https:\/\/avrupatv.eu\/#\/schema\/person\/d56afa5d5569da4029d483da36c0c17d"},"headline":"Bel\u00e7ika&#8217;da Skandal \u0130srail \u0130\u015f Birli\u011fine \u00d6fke: UGent \u00d6\u011frencileri Rekt\u00f6rl\u00fc\u011f\u00fc Ku\u015fatt\u0131!","datePublished":"2025-05-13T14:47:01+00:00","dateModified":"2025-05-13T14:47:02+00:00","mainEntityOfPage":{"@id":"https:\/\/avrupatv.eu\/index.php\/2025\/05\/13\/belcikada-skandal-israil-is-birligine-ofke-ugent-ogrencileri-rektorlugu-kusatti\/"},"wordCount":426,"commentCount":0,"publisher":{"@id":"https:\/\/avrupatv.eu\/#organization"},"image":{"@id":"https:\/\/avrupatv.eu\/index.php\/2025\/05\/13\/belcikada-skandal-israil-is-birligine-ofke-ugent-ogrencileri-rektorlugu-kusatti\/#primaryimage"},"thumbnailUrl":"https:\/\/avrupatv.eu\/wp-content\/uploads\/2025\/05\/studenten-in-het-universiteitsforum-van-de-u-gent.jpeg","articleSection":["Bel\u00e7ika"],"inLanguage":"tr","potentialAction":[{"@type":"CommentAction","name":"Comment","target":["https:\/\/avrupatv.eu\/index.php\/2025\/05\/13\/belcikada-skandal-israil-is-birligine-ofke-ugent-ogrencileri-rektorlugu-kusatti\/#respond"]}]},{"@type":"WebPage","@id":"https:\/\/avrupatv.eu\/index.php\/2025\/05\/13\/belcikada-skandal-israil-is-birligine-ofke-ugent-ogrencileri-rektorlugu-kusatti\/","url":"https:\/\/avrupatv.eu\/index.php\/2025\/05\/13\/belcikada-skandal-israil-is-birligine-ofke-ugent-ogrencileri-rektorlugu-kusatti\/","name":"Bel\u00e7ika'da Skandal \u0130srail \u0130\u015f Birli\u011fine \u00d6fke: UGent \u00d6\u011frencileri Rekt\u00f6rl\u00fc\u011f\u00fc Ku\u015fatt\u0131! - Avrupal\u0131 T\u00fcrklerin en Yeni Haber Portal\u0131","isPartOf":{"@id":"https:\/\/avrupatv.eu\/#website"},"primaryImageOfPage":{"@id":"https:\/\/avrupatv.eu\/index.php\/2025\/05\/13\/belcikada-skandal-israil-is-birligine-ofke-ugent-ogrencileri-rektorlugu-kusatti\/#primaryimage"},"image":{"@id":"https:\/\/avrupatv.eu\/index.php\/2025\/05\/13\/belcikada-skandal-israil-is-birligine-ofke-ugent-ogrencileri-rektorlugu-kusatti\/#primaryimage"},"thumbnailUrl":"https:\/\/avrupatv.eu\/wp-content\/uploads\/2025\/05\/studenten-in-het-universiteitsforum-van-de-u-gent.jpeg","datePublished":"2025-05-13T14:47:01+00:00","dateModified":"2025-05-13T14:47:02+00:00","breadcrumb":{"@id":"https:\/\/avrupatv.eu\/index.php\/2025\/05\/13\/belcikada-skandal-israil-is-birligine-ofke-ugent-ogrencileri-rektorlugu-kusatti\/#breadcrumb"},"inLanguage":"tr","potentialAction":[{"@type":"ReadAction","target":["https:\/\/avrupatv.eu\/index.php\/2025\/05\/13\/belcikada-skandal-israil-is-birligine-ofke-ugent-ogrencileri-rektorlugu-kusatti\/"]}]},{"@type":"ImageObject","inLanguage":"tr","@id":"https:\/\/avrupatv.eu\/index.php\/2025\/05\/13\/belcikada-skandal-israil-is-birligine-ofke-ugent-ogrencileri-rektorlugu-kusatti\/#primaryimage","url":"https:\/\/avrupatv.eu\/wp-content\/uploads\/2025\/05\/studenten-in-het-universiteitsforum-van-de-u-gent.jpeg","contentUrl":"https:\/\/avrupatv.eu\/wp-content\/uploads\/2025\/05\/studenten-in-het-universiteitsforum-van-de-u-gent.jpeg","width":1200,"height":675},{"@type":"BreadcrumbList","@id":"https:\/\/avrupatv.eu\/index.php\/2025\/05\/13\/belcikada-skandal-israil-is-birligine-ofke-ugent-ogrencileri-rektorlugu-kusatti\/#breadcrumb","itemListElement":[{"@type":"ListItem","position":1,"name":"Anasayfa","item":"https:\/\/avrupatv.eu\/"},{"@type":"ListItem","position":2,"name":"Bel\u00e7ika&#8217;da Skandal \u0130srail \u0130\u015f Birli\u011fine \u00d6fke: UGent \u00d6\u011frencileri Rekt\u00f6rl\u00fc\u011f\u00fc Ku\u015fatt\u0131!"}]},{"@type":"WebSite","@id":"https:\/\/avrupatv.eu\/#website","url":"https:\/\/avrupatv.eu\/","name":"Avrupal\u0131 T\u00fcrklerin en Yeni Haber Portal\u0131","description":"","publisher":{"@id":"https:\/\/avrupatv.eu\/#organization"},"alternateName":"Avrupa tv","potentialAction":[{"@type":"SearchAction","target":{"@type":"EntryPoint","urlTemplate":"https:\/\/avrupatv.eu\/?s={search_term_string}"},"query-input":{"@type":"PropertyValueSpecification","valueRequired":true,"valueName":"search_term_string"}}],"inLanguage":"tr"},{"@type":"Organization","@id":"https:\/\/avrupatv.eu\/#organization","name":"Avrupa Haber","url":"https:\/\/avrupatv.eu\/","logo":{"@type":"ImageObject","inLanguage":"tr","@id":"https:\/\/avrupatv.eu\/#\/schema\/logo\/image\/","url":"https:\/\/avrupatv.eu\/wp-content\/uploads\/2023\/10\/cropped-thumbnail_logo.png","contentUrl":"https:\/\/avrupatv.eu\/wp-content\/uploads\/2023\/10\/cropped-thumbnail_logo.png","width":1025,"height":302,"caption":"Avrupa Haber"},"image":{"@id":"https:\/\/avrupatv.eu\/#\/schema\/logo\/image\/"}},{"@type":"Person","@id":"https:\/\/avrupatv.eu\/#\/schema\/person\/d56afa5d5569da4029d483da36c0c17d","name":"Onur Akpinar","image":{"@type":"ImageObject","inLanguage":"tr","@id":"https:\/\/secure.gravatar.com\/avatar\/67a1a0bdf34f82da209334e4684b7e7171a58a5a2b0a8f836b61044f5c1f5d6a?s=96&d=mm&r=g","url":"https:\/\/secure.gravatar.com\/avatar\/67a1a0bdf34f82da209334e4684b7e7171a58a5a2b0a8f836b61044f5c1f5d6a?s=96&d=mm&r=g","contentUrl":"https:\/\/secure.gravatar.com\/avatar\/67a1a0bdf34f82da209334e4684b7e7171a58a5a2b0a8f836b61044f5c1f5d6a?s=96&d=mm&r=g","caption":"Onur Akpinar"},"url":"https:\/\/avrupatv.eu\/index.php\/author\/onur-akpinar\/"}]}},"_links":{"self":[{"href":"https:\/\/avrupatv.eu\/index.php\/wp-json\/wp\/v2\/posts\/1169","targetHints":{"allow":["GET"]}}],"collection":[{"href":"https:\/\/avrupatv.eu\/index.php\/wp-json\/wp\/v2\/posts"}],"about":[{"href":"https:\/\/avrupatv.eu\/index.php\/wp-json\/wp\/v2\/types\/post"}],"author":[{"embeddable":true,"href":"https:\/\/avrupatv.eu\/index.php\/wp-json\/wp\/v2\/users\/2"}],"replies":[{"embeddable":true,"href":"https:\/\/avrupatv.eu\/index.php\/wp-json\/wp\/v2\/comments?post=1169"}],"version-history":[{"count":1,"href":"https:\/\/avrupatv.eu\/index.php\/wp-json\/wp\/v2\/posts\/1169\/revisions"}],"predecessor-version":[{"id":1171,"href":"https:\/\/avrupatv.eu\/index.php\/wp-json\/wp\/v2\/posts\/1169\/revisions\/1171"}],"wp:featuredmedia":[{"embeddable":true,"href":"https:\/\/avrupatv.eu\/index.php\/wp-json\/wp\/v2\/media\/1170"}],"wp:attachment":[{"href":"https:\/\/avrupatv.eu\/index.php\/wp-json\/wp\/v2\/media?parent=1169"}],"wp:term":[{"taxonomy":"category","embeddable":true,"href":"https:\/\/avrupatv.eu\/index.php\/wp-json\/wp\/v2\/categories?post=1169"},{"taxonomy":"post_tag","embeddable":true,"href":"https:\/\/avrupatv.eu\/index.php\/wp-json\/wp\/v2\/tags?post=1169"}],"curies":[{"name":"wp","href":"https:\/\/api.w.org\/{rel}","templated":true}]}}