{"id":1166,"date":"2025-05-12T07:01:04","date_gmt":"2025-05-12T07:01:04","guid":{"rendered":"https:\/\/avrupatv.eu\/?p=1166"},"modified":"2025-05-12T07:01:04","modified_gmt":"2025-05-12T07:01:04","slug":"40-yillik-teror-bitti-mi-pkk-resmen-kendini-feshetti","status":"publish","type":"post","link":"https:\/\/avrupatv.eu\/index.php\/2025\/05\/12\/40-yillik-teror-bitti-mi-pkk-resmen-kendini-feshetti\/","title":{"rendered":"40 Y\u0131ll\u0131k Ter\u00f6r Bitti mi? PKK Resmen Kendini Feshetti"},"content":{"rendered":"\n<p>Ter\u00f6r \u00f6rg\u00fct\u00fc PKK, 5-7 May\u0131s 2025 tarihleri aras\u0131nda Kuzey Irak\u2019ta ger\u00e7ekle\u015ftirdi\u011fi 12. Ola\u011fan\u00fcst\u00fc Kongresi sonras\u0131nda silahl\u0131 m\u00fccadelesini sonland\u0131rma ve \u00f6rg\u00fctsel yap\u0131s\u0131n\u0131 feshetme karar\u0131 ald\u0131\u011f\u0131n\u0131 duyurdu. A\u00e7\u0131klama, \u00f6rg\u00fcte yak\u0131nl\u0131\u011f\u0131yla bilinen F\u0131rat Haber Ajans\u0131 (ANF) arac\u0131l\u0131\u011f\u0131yla kamuoyuna iletildi.<\/p>\n\n\n\n<p>Kongre sonras\u0131 yay\u0131nlanan sonu\u00e7 bildirgesinde \u015fu ifadeler yer ald\u0131:<\/p>\n\n\n\n<blockquote class=\"wp-block-quote is-layout-flow wp-block-quote-is-layout-flow\">\n<p>\u201cPKK 12. Kongresi, pratikle\u015fme s\u00fcreci \u00d6nder Apo taraf\u0131ndan y\u00f6netilmek ve y\u00fcr\u00fct\u00fclmek \u00fczere PKK\u2019nin \u00f6rg\u00fctsel yap\u0131s\u0131n\u0131n feshedilmesi ve silahl\u0131 m\u00fccadele y\u00f6ntemini sonland\u0131rmas\u0131 kararlar\u0131n\u0131 alarak PKK ad\u0131yla y\u00fcr\u00fct\u00fclen \u00e7al\u0131\u015fmalar\u0131 sonland\u0131rd\u0131.\u201d<\/p>\n<\/blockquote>\n\n\n\n<p>Bu karar\u0131n, PKK lideri Abdullah \u00d6calan\u2019\u0131n 27 \u015eubat 2025 tarihinde yapt\u0131\u011f\u0131 \u201cPKK kendini feshetmeli ve silah b\u0131rakmal\u0131\u201d \u00e7a\u011fr\u0131s\u0131n\u0131n ard\u0131ndan gelmesi dikkat \u00e7ekti.<\/p>\n\n\n\n<p>Kongrede ayr\u0131ca T\u00fcrkiye\u2019de bar\u0131\u015f s\u00fcrecinin yeniden ba\u015flat\u0131lmas\u0131 \u00e7a\u011fr\u0131s\u0131 yap\u0131ld\u0131. Bildiride, Meclis\u2019e, siyasi partilere, sivil toplum kurulu\u015flar\u0131na ve toplumun t\u00fcm kesimlerine s\u00fcrece aktif kat\u0131l\u0131m \u00e7a\u011fr\u0131s\u0131nda bulunuldu.<\/p>\n\n\n\n<p>PKK\u2019n\u0131n bu karar\u0131, yakla\u015f\u0131k 40 y\u0131ld\u0131r s\u00fcren silahl\u0131 \u00e7at\u0131\u015fma d\u00f6neminin sona ermesi a\u00e7\u0131s\u0131ndan tarihi bir ad\u0131m olarak de\u011ferlendiriliyor. S\u00fcrecin nas\u0131l ilerleyece\u011fi ise \u00f6n\u00fcm\u00fczdeki g\u00fcnlerde netlik kazanacak.<\/p>\n","protected":false},"excerpt":{"rendered":"<p>Ter\u00f6r \u00f6rg\u00fct\u00fc PKK, 5-7 May\u0131s 2025 tarihleri aras\u0131nda Kuzey Irak\u2019ta ger\u00e7ekle\u015ftirdi\u011fi 12. Ola\u011fan\u00fcst\u00fc Kongresi sonras\u0131nda silahl\u0131 m\u00fccadelesini sonland\u0131rma ve \u00f6rg\u00fctsel yap\u0131s\u0131n\u0131 feshetme karar\u0131 ald\u0131\u011f\u0131n\u0131 duyurdu. A\u00e7\u0131klama, \u00f6rg\u00fcte yak\u0131nl\u0131\u011f\u0131yla bilinen F\u0131rat Haber Ajans\u0131 (ANF) arac\u0131l\u0131\u011f\u0131yla kamuoyuna iletildi. Kongre sonras\u0131 yay\u0131nlanan sonu\u00e7 bildirgesinde \u015fu ifadeler yer ald\u0131: \u201cPKK 12. Kongresi, pratikle\u015fme s\u00fcreci \u00d6nder Apo taraf\u0131ndan y\u00f6netilmek ve [&hellip;]<\/p>\n","protected":false},"author":2,"featured_media":1167,"comment_status":"open","ping_status":"open","sticky":false,"template":"","format":"standard","meta":{"footnotes":""},"categories":[59,11],"tags":[],"class_list":["post-1166","post","type-post","status-publish","format-standard","has-post-thumbnail","hentry","category-teror","category-turkiye"],"yoast_head":"<!-- This site is optimized with the Yoast SEO plugin v27.4 - https:\/\/yoast.com\/product\/yoast-seo-wordpress\/ -->\n<title>40 Y\u0131ll\u0131k Ter\u00f6r Bitti mi? PKK Resmen Kendini Feshetti - Avrupal\u0131 T\u00fcrklerin en Yeni Haber Portal\u0131<\/title>\n<meta name=\"robots\" content=\"index, follow, max-snippet:-1, max-image-preview:large, max-video-preview:-1\" \/>\n<link rel=\"canonical\" href=\"https:\/\/avrupatv.eu\/index.php\/2025\/05\/12\/40-yillik-teror-bitti-mi-pkk-resmen-kendini-feshetti\/\" \/>\n<meta property=\"og:locale\" content=\"tr_TR\" \/>\n<meta property=\"og:type\" content=\"article\" \/>\n<meta property=\"og:title\" content=\"40 Y\u0131ll\u0131k Ter\u00f6r Bitti mi? PKK Resmen Kendini Feshetti - Avrupal\u0131 T\u00fcrklerin en Yeni Haber Portal\u0131\" \/>\n<meta property=\"og:description\" content=\"Ter\u00f6r \u00f6rg\u00fct\u00fc PKK, 5-7 May\u0131s 2025 tarihleri aras\u0131nda Kuzey Irak\u2019ta ger\u00e7ekle\u015ftirdi\u011fi 12. Ola\u011fan\u00fcst\u00fc Kongresi sonras\u0131nda silahl\u0131 m\u00fccadelesini sonland\u0131rma ve \u00f6rg\u00fctsel yap\u0131s\u0131n\u0131 feshetme karar\u0131 ald\u0131\u011f\u0131n\u0131 duyurdu. A\u00e7\u0131klama, \u00f6rg\u00fcte yak\u0131nl\u0131\u011f\u0131yla bilinen F\u0131rat Haber Ajans\u0131 (ANF) arac\u0131l\u0131\u011f\u0131yla kamuoyuna iletildi. Kongre sonras\u0131 yay\u0131nlanan sonu\u00e7 bildirgesinde \u015fu ifadeler yer ald\u0131: \u201cPKK 12. Kongresi, pratikle\u015fme s\u00fcreci \u00d6nder Apo taraf\u0131ndan y\u00f6netilmek ve [&hellip;]\" \/>\n<meta property=\"og:url\" content=\"https:\/\/avrupatv.eu\/index.php\/2025\/05\/12\/40-yillik-teror-bitti-mi-pkk-resmen-kendini-feshetti\/\" \/>\n<meta property=\"og:site_name\" content=\"Avrupal\u0131 T\u00fcrklerin en Yeni Haber Portal\u0131\" \/>\n<meta property=\"article:published_time\" content=\"2025-05-12T07:01:04+00:00\" \/>\n<meta property=\"og:image\" content=\"https:\/\/avrupatv.eu\/wp-content\/uploads\/2025\/05\/1536x864_cmsv2_137c091b-4375-5ba5-8529-1701e148c6ef-9279934.jpg\" \/>\n\t<meta property=\"og:image:width\" content=\"1536\" \/>\n\t<meta property=\"og:image:height\" content=\"864\" \/>\n\t<meta property=\"og:image:type\" content=\"image\/jpeg\" \/>\n<meta name=\"author\" content=\"Onur Akpinar\" \/>\n<meta name=\"twitter:card\" content=\"summary_large_image\" \/>\n<meta name=\"twitter:label1\" content=\"Yazan:\" \/>\n\t<meta name=\"twitter:data1\" content=\"Onur Akpinar\" \/>\n\t<meta name=\"twitter:label2\" content=\"Tahmini okuma s\u00fcresi\" \/>\n\t<meta name=\"twitter:data2\" content=\"1 dakika\" \/>\n<script type=\"application\/ld+json\" class=\"yoast-schema-graph\">{\"@context\":\"https:\\\/\\\/schema.org\",\"@graph\":[{\"@type\":\"Article\",\"@id\":\"https:\\\/\\\/avrupatv.eu\\\/index.php\\\/2025\\\/05\\\/12\\\/40-yillik-teror-bitti-mi-pkk-resmen-kendini-feshetti\\\/#article\",\"isPartOf\":{\"@id\":\"https:\\\/\\\/avrupatv.eu\\\/index.php\\\/2025\\\/05\\\/12\\\/40-yillik-teror-bitti-mi-pkk-resmen-kendini-feshetti\\\/\"},\"author\":{\"name\":\"Onur Akpinar\",\"@id\":\"https:\\\/\\\/avrupatv.eu\\\/#\\\/schema\\\/person\\\/d56afa5d5569da4029d483da36c0c17d\"},\"headline\":\"40 Y\u0131ll\u0131k Ter\u00f6r Bitti mi? PKK Resmen Kendini Feshetti\",\"datePublished\":\"2025-05-12T07:01:04+00:00\",\"mainEntityOfPage\":{\"@id\":\"https:\\\/\\\/avrupatv.eu\\\/index.php\\\/2025\\\/05\\\/12\\\/40-yillik-teror-bitti-mi-pkk-resmen-kendini-feshetti\\\/\"},\"wordCount\":243,\"commentCount\":0,\"publisher\":{\"@id\":\"https:\\\/\\\/avrupatv.eu\\\/#organization\"},\"image\":{\"@id\":\"https:\\\/\\\/avrupatv.eu\\\/index.php\\\/2025\\\/05\\\/12\\\/40-yillik-teror-bitti-mi-pkk-resmen-kendini-feshetti\\\/#primaryimage\"},\"thumbnailUrl\":\"https:\\\/\\\/avrupatv.eu\\\/wp-content\\\/uploads\\\/2025\\\/05\\\/1536x864_cmsv2_137c091b-4375-5ba5-8529-1701e148c6ef-9279934.jpg\",\"articleSection\":[\"Ter\u00f6r\",\"T\u00fcrkiye\"],\"inLanguage\":\"tr\",\"potentialAction\":[{\"@type\":\"CommentAction\",\"name\":\"Comment\",\"target\":[\"https:\\\/\\\/avrupatv.eu\\\/index.php\\\/2025\\\/05\\\/12\\\/40-yillik-teror-bitti-mi-pkk-resmen-kendini-feshetti\\\/#respond\"]}]},{\"@type\":\"WebPage\",\"@id\":\"https:\\\/\\\/avrupatv.eu\\\/index.php\\\/2025\\\/05\\\/12\\\/40-yillik-teror-bitti-mi-pkk-resmen-kendini-feshetti\\\/\",\"url\":\"https:\\\/\\\/avrupatv.eu\\\/index.php\\\/2025\\\/05\\\/12\\\/40-yillik-teror-bitti-mi-pkk-resmen-kendini-feshetti\\\/\",\"name\":\"40 Y\u0131ll\u0131k Ter\u00f6r Bitti mi? PKK Resmen Kendini Feshetti - Avrupal\u0131 T\u00fcrklerin en Yeni Haber Portal\u0131\",\"isPartOf\":{\"@id\":\"https:\\\/\\\/avrupatv.eu\\\/#website\"},\"primaryImageOfPage\":{\"@id\":\"https:\\\/\\\/avrupatv.eu\\\/index.php\\\/2025\\\/05\\\/12\\\/40-yillik-teror-bitti-mi-pkk-resmen-kendini-feshetti\\\/#primaryimage\"},\"image\":{\"@id\":\"https:\\\/\\\/avrupatv.eu\\\/index.php\\\/2025\\\/05\\\/12\\\/40-yillik-teror-bitti-mi-pkk-resmen-kendini-feshetti\\\/#primaryimage\"},\"thumbnailUrl\":\"https:\\\/\\\/avrupatv.eu\\\/wp-content\\\/uploads\\\/2025\\\/05\\\/1536x864_cmsv2_137c091b-4375-5ba5-8529-1701e148c6ef-9279934.jpg\",\"datePublished\":\"2025-05-12T07:01:04+00:00\",\"breadcrumb\":{\"@id\":\"https:\\\/\\\/avrupatv.eu\\\/index.php\\\/2025\\\/05\\\/12\\\/40-yillik-teror-bitti-mi-pkk-resmen-kendini-feshetti\\\/#breadcrumb\"},\"inLanguage\":\"tr\",\"potentialAction\":[{\"@type\":\"ReadAction\",\"target\":[\"https:\\\/\\\/avrupatv.eu\\\/index.php\\\/2025\\\/05\\\/12\\\/40-yillik-teror-bitti-mi-pkk-resmen-kendini-feshetti\\\/\"]}]},{\"@type\":\"ImageObject\",\"inLanguage\":\"tr\",\"@id\":\"https:\\\/\\\/avrupatv.eu\\\/index.php\\\/2025\\\/05\\\/12\\\/40-yillik-teror-bitti-mi-pkk-resmen-kendini-feshetti\\\/#primaryimage\",\"url\":\"https:\\\/\\\/avrupatv.eu\\\/wp-content\\\/uploads\\\/2025\\\/05\\\/1536x864_cmsv2_137c091b-4375-5ba5-8529-1701e148c6ef-9279934.jpg\",\"contentUrl\":\"https:\\\/\\\/avrupatv.eu\\\/wp-content\\\/uploads\\\/2025\\\/05\\\/1536x864_cmsv2_137c091b-4375-5ba5-8529-1701e148c6ef-9279934.jpg\",\"width\":1536,\"height\":864},{\"@type\":\"BreadcrumbList\",\"@id\":\"https:\\\/\\\/avrupatv.eu\\\/index.php\\\/2025\\\/05\\\/12\\\/40-yillik-teror-bitti-mi-pkk-resmen-kendini-feshetti\\\/#breadcrumb\",\"itemListElement\":[{\"@type\":\"ListItem\",\"position\":1,\"name\":\"Anasayfa\",\"item\":\"https:\\\/\\\/avrupatv.eu\\\/\"},{\"@type\":\"ListItem\",\"position\":2,\"name\":\"40 Y\u0131ll\u0131k Ter\u00f6r Bitti mi? PKK Resmen Kendini Feshetti\"}]},{\"@type\":\"WebSite\",\"@id\":\"https:\\\/\\\/avrupatv.eu\\\/#website\",\"url\":\"https:\\\/\\\/avrupatv.eu\\\/\",\"name\":\"Avrupal\u0131 T\u00fcrklerin en Yeni Haber Portal\u0131\",\"description\":\"\",\"publisher\":{\"@id\":\"https:\\\/\\\/avrupatv.eu\\\/#organization\"},\"alternateName\":\"Avrupa tv\",\"potentialAction\":[{\"@type\":\"SearchAction\",\"target\":{\"@type\":\"EntryPoint\",\"urlTemplate\":\"https:\\\/\\\/avrupatv.eu\\\/?s={search_term_string}\"},\"query-input\":{\"@type\":\"PropertyValueSpecification\",\"valueRequired\":true,\"valueName\":\"search_term_string\"}}],\"inLanguage\":\"tr\"},{\"@type\":\"Organization\",\"@id\":\"https:\\\/\\\/avrupatv.eu\\\/#organization\",\"name\":\"Avrupa Haber\",\"url\":\"https:\\\/\\\/avrupatv.eu\\\/\",\"logo\":{\"@type\":\"ImageObject\",\"inLanguage\":\"tr\",\"@id\":\"https:\\\/\\\/avrupatv.eu\\\/#\\\/schema\\\/logo\\\/image\\\/\",\"url\":\"https:\\\/\\\/avrupatv.eu\\\/wp-content\\\/uploads\\\/2023\\\/10\\\/cropped-thumbnail_logo.png\",\"contentUrl\":\"https:\\\/\\\/avrupatv.eu\\\/wp-content\\\/uploads\\\/2023\\\/10\\\/cropped-thumbnail_logo.png\",\"width\":1025,\"height\":302,\"caption\":\"Avrupa Haber\"},\"image\":{\"@id\":\"https:\\\/\\\/avrupatv.eu\\\/#\\\/schema\\\/logo\\\/image\\\/\"}},{\"@type\":\"Person\",\"@id\":\"https:\\\/\\\/avrupatv.eu\\\/#\\\/schema\\\/person\\\/d56afa5d5569da4029d483da36c0c17d\",\"name\":\"Onur Akpinar\",\"image\":{\"@type\":\"ImageObject\",\"inLanguage\":\"tr\",\"@id\":\"https:\\\/\\\/secure.gravatar.com\\\/avatar\\\/67a1a0bdf34f82da209334e4684b7e7171a58a5a2b0a8f836b61044f5c1f5d6a?s=96&d=mm&r=g\",\"url\":\"https:\\\/\\\/secure.gravatar.com\\\/avatar\\\/67a1a0bdf34f82da209334e4684b7e7171a58a5a2b0a8f836b61044f5c1f5d6a?s=96&d=mm&r=g\",\"contentUrl\":\"https:\\\/\\\/secure.gravatar.com\\\/avatar\\\/67a1a0bdf34f82da209334e4684b7e7171a58a5a2b0a8f836b61044f5c1f5d6a?s=96&d=mm&r=g\",\"caption\":\"Onur Akpinar\"},\"url\":\"https:\\\/\\\/avrupatv.eu\\\/index.php\\\/author\\\/onur-akpinar\\\/\"}]}<\/script>\n<!-- \/ Yoast SEO plugin. -->","yoast_head_json":{"title":"40 Y\u0131ll\u0131k Ter\u00f6r Bitti mi? PKK Resmen Kendini Feshetti - Avrupal\u0131 T\u00fcrklerin en Yeni Haber Portal\u0131","robots":{"index":"index","follow":"follow","max-snippet":"max-snippet:-1","max-image-preview":"max-image-preview:large","max-video-preview":"max-video-preview:-1"},"canonical":"https:\/\/avrupatv.eu\/index.php\/2025\/05\/12\/40-yillik-teror-bitti-mi-pkk-resmen-kendini-feshetti\/","og_locale":"tr_TR","og_type":"article","og_title":"40 Y\u0131ll\u0131k Ter\u00f6r Bitti mi? PKK Resmen Kendini Feshetti - Avrupal\u0131 T\u00fcrklerin en Yeni Haber Portal\u0131","og_description":"Ter\u00f6r \u00f6rg\u00fct\u00fc PKK, 5-7 May\u0131s 2025 tarihleri aras\u0131nda Kuzey Irak\u2019ta ger\u00e7ekle\u015ftirdi\u011fi 12. Ola\u011fan\u00fcst\u00fc Kongresi sonras\u0131nda silahl\u0131 m\u00fccadelesini sonland\u0131rma ve \u00f6rg\u00fctsel yap\u0131s\u0131n\u0131 feshetme karar\u0131 ald\u0131\u011f\u0131n\u0131 duyurdu. A\u00e7\u0131klama, \u00f6rg\u00fcte yak\u0131nl\u0131\u011f\u0131yla bilinen F\u0131rat Haber Ajans\u0131 (ANF) arac\u0131l\u0131\u011f\u0131yla kamuoyuna iletildi. Kongre sonras\u0131 yay\u0131nlanan sonu\u00e7 bildirgesinde \u015fu ifadeler yer ald\u0131: \u201cPKK 12. Kongresi, pratikle\u015fme s\u00fcreci \u00d6nder Apo taraf\u0131ndan y\u00f6netilmek ve [&hellip;]","og_url":"https:\/\/avrupatv.eu\/index.php\/2025\/05\/12\/40-yillik-teror-bitti-mi-pkk-resmen-kendini-feshetti\/","og_site_name":"Avrupal\u0131 T\u00fcrklerin en Yeni Haber Portal\u0131","article_published_time":"2025-05-12T07:01:04+00:00","og_image":[{"width":1536,"height":864,"url":"https:\/\/avrupatv.eu\/wp-content\/uploads\/2025\/05\/1536x864_cmsv2_137c091b-4375-5ba5-8529-1701e148c6ef-9279934.jpg","type":"image\/jpeg"}],"author":"Onur Akpinar","twitter_card":"summary_large_image","twitter_misc":{"Yazan:":"Onur Akpinar","Tahmini okuma s\u00fcresi":"1 dakika"},"schema":{"@context":"https:\/\/schema.org","@graph":[{"@type":"Article","@id":"https:\/\/avrupatv.eu\/index.php\/2025\/05\/12\/40-yillik-teror-bitti-mi-pkk-resmen-kendini-feshetti\/#article","isPartOf":{"@id":"https:\/\/avrupatv.eu\/index.php\/2025\/05\/12\/40-yillik-teror-bitti-mi-pkk-resmen-kendini-feshetti\/"},"author":{"name":"Onur Akpinar","@id":"https:\/\/avrupatv.eu\/#\/schema\/person\/d56afa5d5569da4029d483da36c0c17d"},"headline":"40 Y\u0131ll\u0131k Ter\u00f6r Bitti mi? PKK Resmen Kendini Feshetti","datePublished":"2025-05-12T07:01:04+00:00","mainEntityOfPage":{"@id":"https:\/\/avrupatv.eu\/index.php\/2025\/05\/12\/40-yillik-teror-bitti-mi-pkk-resmen-kendini-feshetti\/"},"wordCount":243,"commentCount":0,"publisher":{"@id":"https:\/\/avrupatv.eu\/#organization"},"image":{"@id":"https:\/\/avrupatv.eu\/index.php\/2025\/05\/12\/40-yillik-teror-bitti-mi-pkk-resmen-kendini-feshetti\/#primaryimage"},"thumbnailUrl":"https:\/\/avrupatv.eu\/wp-content\/uploads\/2025\/05\/1536x864_cmsv2_137c091b-4375-5ba5-8529-1701e148c6ef-9279934.jpg","articleSection":["Ter\u00f6r","T\u00fcrkiye"],"inLanguage":"tr","potentialAction":[{"@type":"CommentAction","name":"Comment","target":["https:\/\/avrupatv.eu\/index.php\/2025\/05\/12\/40-yillik-teror-bitti-mi-pkk-resmen-kendini-feshetti\/#respond"]}]},{"@type":"WebPage","@id":"https:\/\/avrupatv.eu\/index.php\/2025\/05\/12\/40-yillik-teror-bitti-mi-pkk-resmen-kendini-feshetti\/","url":"https:\/\/avrupatv.eu\/index.php\/2025\/05\/12\/40-yillik-teror-bitti-mi-pkk-resmen-kendini-feshetti\/","name":"40 Y\u0131ll\u0131k Ter\u00f6r Bitti mi? PKK Resmen Kendini Feshetti - Avrupal\u0131 T\u00fcrklerin en Yeni Haber Portal\u0131","isPartOf":{"@id":"https:\/\/avrupatv.eu\/#website"},"primaryImageOfPage":{"@id":"https:\/\/avrupatv.eu\/index.php\/2025\/05\/12\/40-yillik-teror-bitti-mi-pkk-resmen-kendini-feshetti\/#primaryimage"},"image":{"@id":"https:\/\/avrupatv.eu\/index.php\/2025\/05\/12\/40-yillik-teror-bitti-mi-pkk-resmen-kendini-feshetti\/#primaryimage"},"thumbnailUrl":"https:\/\/avrupatv.eu\/wp-content\/uploads\/2025\/05\/1536x864_cmsv2_137c091b-4375-5ba5-8529-1701e148c6ef-9279934.jpg","datePublished":"2025-05-12T07:01:04+00:00","breadcrumb":{"@id":"https:\/\/avrupatv.eu\/index.php\/2025\/05\/12\/40-yillik-teror-bitti-mi-pkk-resmen-kendini-feshetti\/#breadcrumb"},"inLanguage":"tr","potentialAction":[{"@type":"ReadAction","target":["https:\/\/avrupatv.eu\/index.php\/2025\/05\/12\/40-yillik-teror-bitti-mi-pkk-resmen-kendini-feshetti\/"]}]},{"@type":"ImageObject","inLanguage":"tr","@id":"https:\/\/avrupatv.eu\/index.php\/2025\/05\/12\/40-yillik-teror-bitti-mi-pkk-resmen-kendini-feshetti\/#primaryimage","url":"https:\/\/avrupatv.eu\/wp-content\/uploads\/2025\/05\/1536x864_cmsv2_137c091b-4375-5ba5-8529-1701e148c6ef-9279934.jpg","contentUrl":"https:\/\/avrupatv.eu\/wp-content\/uploads\/2025\/05\/1536x864_cmsv2_137c091b-4375-5ba5-8529-1701e148c6ef-9279934.jpg","width":1536,"height":864},{"@type":"BreadcrumbList","@id":"https:\/\/avrupatv.eu\/index.php\/2025\/05\/12\/40-yillik-teror-bitti-mi-pkk-resmen-kendini-feshetti\/#breadcrumb","itemListElement":[{"@type":"ListItem","position":1,"name":"Anasayfa","item":"https:\/\/avrupatv.eu\/"},{"@type":"ListItem","position":2,"name":"40 Y\u0131ll\u0131k Ter\u00f6r Bitti mi? PKK Resmen Kendini Feshetti"}]},{"@type":"WebSite","@id":"https:\/\/avrupatv.eu\/#website","url":"https:\/\/avrupatv.eu\/","name":"Avrupal\u0131 T\u00fcrklerin en Yeni Haber Portal\u0131","description":"","publisher":{"@id":"https:\/\/avrupatv.eu\/#organization"},"alternateName":"Avrupa tv","potentialAction":[{"@type":"SearchAction","target":{"@type":"EntryPoint","urlTemplate":"https:\/\/avrupatv.eu\/?s={search_term_string}"},"query-input":{"@type":"PropertyValueSpecification","valueRequired":true,"valueName":"search_term_string"}}],"inLanguage":"tr"},{"@type":"Organization","@id":"https:\/\/avrupatv.eu\/#organization","name":"Avrupa Haber","url":"https:\/\/avrupatv.eu\/","logo":{"@type":"ImageObject","inLanguage":"tr","@id":"https:\/\/avrupatv.eu\/#\/schema\/logo\/image\/","url":"https:\/\/avrupatv.eu\/wp-content\/uploads\/2023\/10\/cropped-thumbnail_logo.png","contentUrl":"https:\/\/avrupatv.eu\/wp-content\/uploads\/2023\/10\/cropped-thumbnail_logo.png","width":1025,"height":302,"caption":"Avrupa Haber"},"image":{"@id":"https:\/\/avrupatv.eu\/#\/schema\/logo\/image\/"}},{"@type":"Person","@id":"https:\/\/avrupatv.eu\/#\/schema\/person\/d56afa5d5569da4029d483da36c0c17d","name":"Onur Akpinar","image":{"@type":"ImageObject","inLanguage":"tr","@id":"https:\/\/secure.gravatar.com\/avatar\/67a1a0bdf34f82da209334e4684b7e7171a58a5a2b0a8f836b61044f5c1f5d6a?s=96&d=mm&r=g","url":"https:\/\/secure.gravatar.com\/avatar\/67a1a0bdf34f82da209334e4684b7e7171a58a5a2b0a8f836b61044f5c1f5d6a?s=96&d=mm&r=g","contentUrl":"https:\/\/secure.gravatar.com\/avatar\/67a1a0bdf34f82da209334e4684b7e7171a58a5a2b0a8f836b61044f5c1f5d6a?s=96&d=mm&r=g","caption":"Onur Akpinar"},"url":"https:\/\/avrupatv.eu\/index.php\/author\/onur-akpinar\/"}]}},"_links":{"self":[{"href":"https:\/\/avrupatv.eu\/index.php\/wp-json\/wp\/v2\/posts\/1166","targetHints":{"allow":["GET"]}}],"collection":[{"href":"https:\/\/avrupatv.eu\/index.php\/wp-json\/wp\/v2\/posts"}],"about":[{"href":"https:\/\/avrupatv.eu\/index.php\/wp-json\/wp\/v2\/types\/post"}],"author":[{"embeddable":true,"href":"https:\/\/avrupatv.eu\/index.php\/wp-json\/wp\/v2\/users\/2"}],"replies":[{"embeddable":true,"href":"https:\/\/avrupatv.eu\/index.php\/wp-json\/wp\/v2\/comments?post=1166"}],"version-history":[{"count":1,"href":"https:\/\/avrupatv.eu\/index.php\/wp-json\/wp\/v2\/posts\/1166\/revisions"}],"predecessor-version":[{"id":1168,"href":"https:\/\/avrupatv.eu\/index.php\/wp-json\/wp\/v2\/posts\/1166\/revisions\/1168"}],"wp:featuredmedia":[{"embeddable":true,"href":"https:\/\/avrupatv.eu\/index.php\/wp-json\/wp\/v2\/media\/1167"}],"wp:attachment":[{"href":"https:\/\/avrupatv.eu\/index.php\/wp-json\/wp\/v2\/media?parent=1166"}],"wp:term":[{"taxonomy":"category","embeddable":true,"href":"https:\/\/avrupatv.eu\/index.php\/wp-json\/wp\/v2\/categories?post=1166"},{"taxonomy":"post_tag","embeddable":true,"href":"https:\/\/avrupatv.eu\/index.php\/wp-json\/wp\/v2\/tags?post=1166"}],"curies":[{"name":"wp","href":"https:\/\/api.w.org\/{rel}","templated":true}]}}