{"id":1155,"date":"2025-05-08T19:09:45","date_gmt":"2025-05-08T19:09:45","guid":{"rendered":"https:\/\/avrupatv.eu\/?p=1155"},"modified":"2025-05-08T19:09:45","modified_gmt":"2025-05-08T19:09:45","slug":"avrupa-parlamentosundan-turkiye-karari-uyelik-sureci-yeniden-baslatilamaz","status":"publish","type":"post","link":"https:\/\/avrupatv.eu\/index.php\/2025\/05\/08\/avrupa-parlamentosundan-turkiye-karari-uyelik-sureci-yeniden-baslatilamaz\/","title":{"rendered":"Avrupa Parlamentosu&#8217;ndan T\u00fcrkiye Karar\u0131: \u00dcyelik S\u00fcreci Yeniden Ba\u015flat\u0131lamaz"},"content":{"rendered":"\n<p>Avrupa Parlamentosu (AP), T\u00fcrkiye&#8217;nin Avrupa Birli\u011fi (AB) \u00fcyelik s\u00fcrecine ili\u015fkin 2023-2024 d\u00f6nemini kapsayan y\u0131ll\u0131k raporunu oylayarak kabul etti. Oylama sonucunda, T\u00fcrkiye&#8217;nin mevcut siyasi ve hukuki ko\u015fullar alt\u0131nda AB \u00fcyelik s\u00fcrecinin yeniden ba\u015flat\u0131lamayaca\u011f\u0131na karar verildi.<\/p>\n\n\n\n<p>Raporda, T\u00fcrkiye\u2019de hukukun \u00fcst\u00fcnl\u00fc\u011f\u00fc, yarg\u0131 ba\u011f\u0131ms\u0131zl\u0131\u011f\u0131, temel hak ve \u00f6zg\u00fcrl\u00fckler alanlar\u0131nda ciddi gerilemeler ya\u015fand\u0131\u011f\u0131 vurguland\u0131. \u0130stanbul B\u00fcy\u00fck\u015fehir Belediye Ba\u015fkan\u0131 Ekrem \u0130mamo\u011flu&#8217;na y\u00f6nelik yarg\u0131 s\u00fcre\u00e7leri, bar\u0131\u015f\u00e7\u0131l protestolara kar\u015f\u0131 uygulanan m\u00fcdahaleler ve gazetecilere y\u00f6nelik bask\u0131lar, demokratik gerilemenin ba\u015fl\u0131ca g\u00f6stergeleri aras\u0131nda say\u0131ld\u0131.<\/p>\n\n\n\n<p>AP raporunda, T\u00fcrkiye\u2019nin jeopolitik ve stratejik \u00f6nemine dikkat \u00e7ekilerek, iklim de\u011fi\u015fikli\u011fi, enerji g\u00fcvenli\u011fi, ter\u00f6rle m\u00fccadele ve b\u00f6lgesel istikrar gibi alanlarda daha yak\u0131n bir i\u015f birli\u011fi yap\u0131lmas\u0131 gerekti\u011fi belirtildi. Ancak bu i\u015f birli\u011finin AB \u00fcyeli\u011fi anlam\u0131na gelmeyece\u011fi a\u00e7\u0131k\u00e7a ifade edildi.<\/p>\n\n\n\n<p>Avrupa Parlamentosu ayr\u0131ca, T\u00fcrkiye\u2019nin belirli demokratik reformlar\u0131 yerine getirmesi durumunda vize serbestisi s\u00fcrecinin yeniden ba\u015flat\u0131labilece\u011fini kaydetti. Ancak bu konuda da ilerleme i\u00e7in alt\u0131 temel kriterin kar\u015f\u0131lanmas\u0131 gerekti\u011fi belirtildi.<\/p>\n\n\n\n<p>AP\u2019nin bu karar\u0131 ba\u011flay\u0131c\u0131 nitelikte olmasa da, T\u00fcrkiye-AB ili\u015fkileri a\u00e7\u0131s\u0131ndan g\u00fc\u00e7l\u00fc bir siyasi mesaj olarak de\u011ferlendiriliyor.<\/p>\n","protected":false},"excerpt":{"rendered":"<p>Avrupa Parlamentosu (AP), T\u00fcrkiye&#8217;nin Avrupa Birli\u011fi (AB) \u00fcyelik s\u00fcrecine ili\u015fkin 2023-2024 d\u00f6nemini kapsayan y\u0131ll\u0131k raporunu oylayarak kabul etti. Oylama sonucunda, T\u00fcrkiye&#8217;nin mevcut siyasi ve hukuki ko\u015fullar alt\u0131nda AB \u00fcyelik s\u00fcrecinin yeniden ba\u015flat\u0131lamayaca\u011f\u0131na karar verildi. Raporda, T\u00fcrkiye\u2019de hukukun \u00fcst\u00fcnl\u00fc\u011f\u00fc, yarg\u0131 ba\u011f\u0131ms\u0131zl\u0131\u011f\u0131, temel hak ve \u00f6zg\u00fcrl\u00fckler alanlar\u0131nda ciddi gerilemeler ya\u015fand\u0131\u011f\u0131 vurguland\u0131. \u0130stanbul B\u00fcy\u00fck\u015fehir Belediye Ba\u015fkan\u0131 Ekrem \u0130mamo\u011flu&#8217;na [&hellip;]<\/p>\n","protected":false},"author":2,"featured_media":1156,"comment_status":"open","ping_status":"open","sticky":false,"template":"","format":"standard","meta":{"footnotes":""},"categories":[9,11],"tags":[],"class_list":["post-1155","post","type-post","status-publish","format-standard","has-post-thumbnail","hentry","category-avrupa","category-turkiye"],"yoast_head":"<!-- This site is optimized with the Yoast SEO plugin v27.4 - https:\/\/yoast.com\/product\/yoast-seo-wordpress\/ -->\n<title>Avrupa Parlamentosu&#039;ndan T\u00fcrkiye Karar\u0131: \u00dcyelik S\u00fcreci Yeniden Ba\u015flat\u0131lamaz - Avrupal\u0131 T\u00fcrklerin en Yeni Haber Portal\u0131<\/title>\n<meta name=\"robots\" content=\"index, follow, max-snippet:-1, max-image-preview:large, max-video-preview:-1\" \/>\n<link rel=\"canonical\" href=\"https:\/\/avrupatv.eu\/index.php\/2025\/05\/08\/avrupa-parlamentosundan-turkiye-karari-uyelik-sureci-yeniden-baslatilamaz\/\" \/>\n<meta property=\"og:locale\" content=\"tr_TR\" \/>\n<meta property=\"og:type\" content=\"article\" \/>\n<meta property=\"og:title\" content=\"Avrupa Parlamentosu&#039;ndan T\u00fcrkiye Karar\u0131: \u00dcyelik S\u00fcreci Yeniden Ba\u015flat\u0131lamaz - Avrupal\u0131 T\u00fcrklerin en Yeni Haber Portal\u0131\" \/>\n<meta property=\"og:description\" content=\"Avrupa Parlamentosu (AP), T\u00fcrkiye&#8217;nin Avrupa Birli\u011fi (AB) \u00fcyelik s\u00fcrecine ili\u015fkin 2023-2024 d\u00f6nemini kapsayan y\u0131ll\u0131k raporunu oylayarak kabul etti. Oylama sonucunda, T\u00fcrkiye&#8217;nin mevcut siyasi ve hukuki ko\u015fullar alt\u0131nda AB \u00fcyelik s\u00fcrecinin yeniden ba\u015flat\u0131lamayaca\u011f\u0131na karar verildi. Raporda, T\u00fcrkiye\u2019de hukukun \u00fcst\u00fcnl\u00fc\u011f\u00fc, yarg\u0131 ba\u011f\u0131ms\u0131zl\u0131\u011f\u0131, temel hak ve \u00f6zg\u00fcrl\u00fckler alanlar\u0131nda ciddi gerilemeler ya\u015fand\u0131\u011f\u0131 vurguland\u0131. \u0130stanbul B\u00fcy\u00fck\u015fehir Belediye Ba\u015fkan\u0131 Ekrem \u0130mamo\u011flu&#8217;na [&hellip;]\" \/>\n<meta property=\"og:url\" content=\"https:\/\/avrupatv.eu\/index.php\/2025\/05\/08\/avrupa-parlamentosundan-turkiye-karari-uyelik-sureci-yeniden-baslatilamaz\/\" \/>\n<meta property=\"og:site_name\" content=\"Avrupal\u0131 T\u00fcrklerin en Yeni Haber Portal\u0131\" \/>\n<meta property=\"article:published_time\" content=\"2025-05-08T19:09:45+00:00\" \/>\n<meta property=\"og:image\" content=\"https:\/\/avrupatv.eu\/wp-content\/uploads\/2025\/05\/thumbs-b-c-823a02c9bfb524c218632b75db5f5bb4.jpg\" \/>\n\t<meta property=\"og:image:width\" content=\"1024\" \/>\n\t<meta property=\"og:image:height\" content=\"576\" \/>\n\t<meta property=\"og:image:type\" content=\"image\/jpeg\" \/>\n<meta name=\"author\" content=\"Onur Akpinar\" \/>\n<meta name=\"twitter:card\" content=\"summary_large_image\" \/>\n<meta name=\"twitter:label1\" content=\"Yazan:\" \/>\n\t<meta name=\"twitter:data1\" content=\"Onur Akpinar\" \/>\n\t<meta name=\"twitter:label2\" content=\"Tahmini okuma s\u00fcresi\" \/>\n\t<meta name=\"twitter:data2\" content=\"2 dakika\" \/>\n<script type=\"application\/ld+json\" class=\"yoast-schema-graph\">{\"@context\":\"https:\\\/\\\/schema.org\",\"@graph\":[{\"@type\":\"Article\",\"@id\":\"https:\\\/\\\/avrupatv.eu\\\/index.php\\\/2025\\\/05\\\/08\\\/avrupa-parlamentosundan-turkiye-karari-uyelik-sureci-yeniden-baslatilamaz\\\/#article\",\"isPartOf\":{\"@id\":\"https:\\\/\\\/avrupatv.eu\\\/index.php\\\/2025\\\/05\\\/08\\\/avrupa-parlamentosundan-turkiye-karari-uyelik-sureci-yeniden-baslatilamaz\\\/\"},\"author\":{\"name\":\"Onur Akpinar\",\"@id\":\"https:\\\/\\\/avrupatv.eu\\\/#\\\/schema\\\/person\\\/d56afa5d5569da4029d483da36c0c17d\"},\"headline\":\"Avrupa Parlamentosu&#8217;ndan T\u00fcrkiye Karar\u0131: \u00dcyelik S\u00fcreci Yeniden Ba\u015flat\u0131lamaz\",\"datePublished\":\"2025-05-08T19:09:45+00:00\",\"mainEntityOfPage\":{\"@id\":\"https:\\\/\\\/avrupatv.eu\\\/index.php\\\/2025\\\/05\\\/08\\\/avrupa-parlamentosundan-turkiye-karari-uyelik-sureci-yeniden-baslatilamaz\\\/\"},\"wordCount\":251,\"commentCount\":0,\"publisher\":{\"@id\":\"https:\\\/\\\/avrupatv.eu\\\/#organization\"},\"image\":{\"@id\":\"https:\\\/\\\/avrupatv.eu\\\/index.php\\\/2025\\\/05\\\/08\\\/avrupa-parlamentosundan-turkiye-karari-uyelik-sureci-yeniden-baslatilamaz\\\/#primaryimage\"},\"thumbnailUrl\":\"https:\\\/\\\/avrupatv.eu\\\/wp-content\\\/uploads\\\/2025\\\/05\\\/thumbs-b-c-823a02c9bfb524c218632b75db5f5bb4.jpg\",\"articleSection\":[\"Avrupa\",\"T\u00fcrkiye\"],\"inLanguage\":\"tr\",\"potentialAction\":[{\"@type\":\"CommentAction\",\"name\":\"Comment\",\"target\":[\"https:\\\/\\\/avrupatv.eu\\\/index.php\\\/2025\\\/05\\\/08\\\/avrupa-parlamentosundan-turkiye-karari-uyelik-sureci-yeniden-baslatilamaz\\\/#respond\"]}]},{\"@type\":\"WebPage\",\"@id\":\"https:\\\/\\\/avrupatv.eu\\\/index.php\\\/2025\\\/05\\\/08\\\/avrupa-parlamentosundan-turkiye-karari-uyelik-sureci-yeniden-baslatilamaz\\\/\",\"url\":\"https:\\\/\\\/avrupatv.eu\\\/index.php\\\/2025\\\/05\\\/08\\\/avrupa-parlamentosundan-turkiye-karari-uyelik-sureci-yeniden-baslatilamaz\\\/\",\"name\":\"Avrupa Parlamentosu'ndan T\u00fcrkiye Karar\u0131: \u00dcyelik S\u00fcreci Yeniden Ba\u015flat\u0131lamaz - Avrupal\u0131 T\u00fcrklerin en Yeni Haber Portal\u0131\",\"isPartOf\":{\"@id\":\"https:\\\/\\\/avrupatv.eu\\\/#website\"},\"primaryImageOfPage\":{\"@id\":\"https:\\\/\\\/avrupatv.eu\\\/index.php\\\/2025\\\/05\\\/08\\\/avrupa-parlamentosundan-turkiye-karari-uyelik-sureci-yeniden-baslatilamaz\\\/#primaryimage\"},\"image\":{\"@id\":\"https:\\\/\\\/avrupatv.eu\\\/index.php\\\/2025\\\/05\\\/08\\\/avrupa-parlamentosundan-turkiye-karari-uyelik-sureci-yeniden-baslatilamaz\\\/#primaryimage\"},\"thumbnailUrl\":\"https:\\\/\\\/avrupatv.eu\\\/wp-content\\\/uploads\\\/2025\\\/05\\\/thumbs-b-c-823a02c9bfb524c218632b75db5f5bb4.jpg\",\"datePublished\":\"2025-05-08T19:09:45+00:00\",\"breadcrumb\":{\"@id\":\"https:\\\/\\\/avrupatv.eu\\\/index.php\\\/2025\\\/05\\\/08\\\/avrupa-parlamentosundan-turkiye-karari-uyelik-sureci-yeniden-baslatilamaz\\\/#breadcrumb\"},\"inLanguage\":\"tr\",\"potentialAction\":[{\"@type\":\"ReadAction\",\"target\":[\"https:\\\/\\\/avrupatv.eu\\\/index.php\\\/2025\\\/05\\\/08\\\/avrupa-parlamentosundan-turkiye-karari-uyelik-sureci-yeniden-baslatilamaz\\\/\"]}]},{\"@type\":\"ImageObject\",\"inLanguage\":\"tr\",\"@id\":\"https:\\\/\\\/avrupatv.eu\\\/index.php\\\/2025\\\/05\\\/08\\\/avrupa-parlamentosundan-turkiye-karari-uyelik-sureci-yeniden-baslatilamaz\\\/#primaryimage\",\"url\":\"https:\\\/\\\/avrupatv.eu\\\/wp-content\\\/uploads\\\/2025\\\/05\\\/thumbs-b-c-823a02c9bfb524c218632b75db5f5bb4.jpg\",\"contentUrl\":\"https:\\\/\\\/avrupatv.eu\\\/wp-content\\\/uploads\\\/2025\\\/05\\\/thumbs-b-c-823a02c9bfb524c218632b75db5f5bb4.jpg\",\"width\":1024,\"height\":576},{\"@type\":\"BreadcrumbList\",\"@id\":\"https:\\\/\\\/avrupatv.eu\\\/index.php\\\/2025\\\/05\\\/08\\\/avrupa-parlamentosundan-turkiye-karari-uyelik-sureci-yeniden-baslatilamaz\\\/#breadcrumb\",\"itemListElement\":[{\"@type\":\"ListItem\",\"position\":1,\"name\":\"Anasayfa\",\"item\":\"https:\\\/\\\/avrupatv.eu\\\/\"},{\"@type\":\"ListItem\",\"position\":2,\"name\":\"Avrupa Parlamentosu&#8217;ndan T\u00fcrkiye Karar\u0131: \u00dcyelik S\u00fcreci Yeniden Ba\u015flat\u0131lamaz\"}]},{\"@type\":\"WebSite\",\"@id\":\"https:\\\/\\\/avrupatv.eu\\\/#website\",\"url\":\"https:\\\/\\\/avrupatv.eu\\\/\",\"name\":\"Avrupal\u0131 T\u00fcrklerin en Yeni Haber Portal\u0131\",\"description\":\"\",\"publisher\":{\"@id\":\"https:\\\/\\\/avrupatv.eu\\\/#organization\"},\"alternateName\":\"Avrupa tv\",\"potentialAction\":[{\"@type\":\"SearchAction\",\"target\":{\"@type\":\"EntryPoint\",\"urlTemplate\":\"https:\\\/\\\/avrupatv.eu\\\/?s={search_term_string}\"},\"query-input\":{\"@type\":\"PropertyValueSpecification\",\"valueRequired\":true,\"valueName\":\"search_term_string\"}}],\"inLanguage\":\"tr\"},{\"@type\":\"Organization\",\"@id\":\"https:\\\/\\\/avrupatv.eu\\\/#organization\",\"name\":\"Avrupa Haber\",\"url\":\"https:\\\/\\\/avrupatv.eu\\\/\",\"logo\":{\"@type\":\"ImageObject\",\"inLanguage\":\"tr\",\"@id\":\"https:\\\/\\\/avrupatv.eu\\\/#\\\/schema\\\/logo\\\/image\\\/\",\"url\":\"https:\\\/\\\/avrupatv.eu\\\/wp-content\\\/uploads\\\/2023\\\/10\\\/cropped-thumbnail_logo.png\",\"contentUrl\":\"https:\\\/\\\/avrupatv.eu\\\/wp-content\\\/uploads\\\/2023\\\/10\\\/cropped-thumbnail_logo.png\",\"width\":1025,\"height\":302,\"caption\":\"Avrupa Haber\"},\"image\":{\"@id\":\"https:\\\/\\\/avrupatv.eu\\\/#\\\/schema\\\/logo\\\/image\\\/\"}},{\"@type\":\"Person\",\"@id\":\"https:\\\/\\\/avrupatv.eu\\\/#\\\/schema\\\/person\\\/d56afa5d5569da4029d483da36c0c17d\",\"name\":\"Onur Akpinar\",\"image\":{\"@type\":\"ImageObject\",\"inLanguage\":\"tr\",\"@id\":\"https:\\\/\\\/secure.gravatar.com\\\/avatar\\\/67a1a0bdf34f82da209334e4684b7e7171a58a5a2b0a8f836b61044f5c1f5d6a?s=96&d=mm&r=g\",\"url\":\"https:\\\/\\\/secure.gravatar.com\\\/avatar\\\/67a1a0bdf34f82da209334e4684b7e7171a58a5a2b0a8f836b61044f5c1f5d6a?s=96&d=mm&r=g\",\"contentUrl\":\"https:\\\/\\\/secure.gravatar.com\\\/avatar\\\/67a1a0bdf34f82da209334e4684b7e7171a58a5a2b0a8f836b61044f5c1f5d6a?s=96&d=mm&r=g\",\"caption\":\"Onur Akpinar\"},\"url\":\"https:\\\/\\\/avrupatv.eu\\\/index.php\\\/author\\\/onur-akpinar\\\/\"}]}<\/script>\n<!-- \/ Yoast SEO plugin. -->","yoast_head_json":{"title":"Avrupa Parlamentosu'ndan T\u00fcrkiye Karar\u0131: \u00dcyelik S\u00fcreci Yeniden Ba\u015flat\u0131lamaz - Avrupal\u0131 T\u00fcrklerin en Yeni Haber Portal\u0131","robots":{"index":"index","follow":"follow","max-snippet":"max-snippet:-1","max-image-preview":"max-image-preview:large","max-video-preview":"max-video-preview:-1"},"canonical":"https:\/\/avrupatv.eu\/index.php\/2025\/05\/08\/avrupa-parlamentosundan-turkiye-karari-uyelik-sureci-yeniden-baslatilamaz\/","og_locale":"tr_TR","og_type":"article","og_title":"Avrupa Parlamentosu'ndan T\u00fcrkiye Karar\u0131: \u00dcyelik S\u00fcreci Yeniden Ba\u015flat\u0131lamaz - Avrupal\u0131 T\u00fcrklerin en Yeni Haber Portal\u0131","og_description":"Avrupa Parlamentosu (AP), T\u00fcrkiye&#8217;nin Avrupa Birli\u011fi (AB) \u00fcyelik s\u00fcrecine ili\u015fkin 2023-2024 d\u00f6nemini kapsayan y\u0131ll\u0131k raporunu oylayarak kabul etti. Oylama sonucunda, T\u00fcrkiye&#8217;nin mevcut siyasi ve hukuki ko\u015fullar alt\u0131nda AB \u00fcyelik s\u00fcrecinin yeniden ba\u015flat\u0131lamayaca\u011f\u0131na karar verildi. Raporda, T\u00fcrkiye\u2019de hukukun \u00fcst\u00fcnl\u00fc\u011f\u00fc, yarg\u0131 ba\u011f\u0131ms\u0131zl\u0131\u011f\u0131, temel hak ve \u00f6zg\u00fcrl\u00fckler alanlar\u0131nda ciddi gerilemeler ya\u015fand\u0131\u011f\u0131 vurguland\u0131. \u0130stanbul B\u00fcy\u00fck\u015fehir Belediye Ba\u015fkan\u0131 Ekrem \u0130mamo\u011flu&#8217;na [&hellip;]","og_url":"https:\/\/avrupatv.eu\/index.php\/2025\/05\/08\/avrupa-parlamentosundan-turkiye-karari-uyelik-sureci-yeniden-baslatilamaz\/","og_site_name":"Avrupal\u0131 T\u00fcrklerin en Yeni Haber Portal\u0131","article_published_time":"2025-05-08T19:09:45+00:00","og_image":[{"width":1024,"height":576,"url":"https:\/\/avrupatv.eu\/wp-content\/uploads\/2025\/05\/thumbs-b-c-823a02c9bfb524c218632b75db5f5bb4.jpg","type":"image\/jpeg"}],"author":"Onur Akpinar","twitter_card":"summary_large_image","twitter_misc":{"Yazan:":"Onur Akpinar","Tahmini okuma s\u00fcresi":"2 dakika"},"schema":{"@context":"https:\/\/schema.org","@graph":[{"@type":"Article","@id":"https:\/\/avrupatv.eu\/index.php\/2025\/05\/08\/avrupa-parlamentosundan-turkiye-karari-uyelik-sureci-yeniden-baslatilamaz\/#article","isPartOf":{"@id":"https:\/\/avrupatv.eu\/index.php\/2025\/05\/08\/avrupa-parlamentosundan-turkiye-karari-uyelik-sureci-yeniden-baslatilamaz\/"},"author":{"name":"Onur Akpinar","@id":"https:\/\/avrupatv.eu\/#\/schema\/person\/d56afa5d5569da4029d483da36c0c17d"},"headline":"Avrupa Parlamentosu&#8217;ndan T\u00fcrkiye Karar\u0131: \u00dcyelik S\u00fcreci Yeniden Ba\u015flat\u0131lamaz","datePublished":"2025-05-08T19:09:45+00:00","mainEntityOfPage":{"@id":"https:\/\/avrupatv.eu\/index.php\/2025\/05\/08\/avrupa-parlamentosundan-turkiye-karari-uyelik-sureci-yeniden-baslatilamaz\/"},"wordCount":251,"commentCount":0,"publisher":{"@id":"https:\/\/avrupatv.eu\/#organization"},"image":{"@id":"https:\/\/avrupatv.eu\/index.php\/2025\/05\/08\/avrupa-parlamentosundan-turkiye-karari-uyelik-sureci-yeniden-baslatilamaz\/#primaryimage"},"thumbnailUrl":"https:\/\/avrupatv.eu\/wp-content\/uploads\/2025\/05\/thumbs-b-c-823a02c9bfb524c218632b75db5f5bb4.jpg","articleSection":["Avrupa","T\u00fcrkiye"],"inLanguage":"tr","potentialAction":[{"@type":"CommentAction","name":"Comment","target":["https:\/\/avrupatv.eu\/index.php\/2025\/05\/08\/avrupa-parlamentosundan-turkiye-karari-uyelik-sureci-yeniden-baslatilamaz\/#respond"]}]},{"@type":"WebPage","@id":"https:\/\/avrupatv.eu\/index.php\/2025\/05\/08\/avrupa-parlamentosundan-turkiye-karari-uyelik-sureci-yeniden-baslatilamaz\/","url":"https:\/\/avrupatv.eu\/index.php\/2025\/05\/08\/avrupa-parlamentosundan-turkiye-karari-uyelik-sureci-yeniden-baslatilamaz\/","name":"Avrupa Parlamentosu'ndan T\u00fcrkiye Karar\u0131: \u00dcyelik S\u00fcreci Yeniden Ba\u015flat\u0131lamaz - Avrupal\u0131 T\u00fcrklerin en Yeni Haber Portal\u0131","isPartOf":{"@id":"https:\/\/avrupatv.eu\/#website"},"primaryImageOfPage":{"@id":"https:\/\/avrupatv.eu\/index.php\/2025\/05\/08\/avrupa-parlamentosundan-turkiye-karari-uyelik-sureci-yeniden-baslatilamaz\/#primaryimage"},"image":{"@id":"https:\/\/avrupatv.eu\/index.php\/2025\/05\/08\/avrupa-parlamentosundan-turkiye-karari-uyelik-sureci-yeniden-baslatilamaz\/#primaryimage"},"thumbnailUrl":"https:\/\/avrupatv.eu\/wp-content\/uploads\/2025\/05\/thumbs-b-c-823a02c9bfb524c218632b75db5f5bb4.jpg","datePublished":"2025-05-08T19:09:45+00:00","breadcrumb":{"@id":"https:\/\/avrupatv.eu\/index.php\/2025\/05\/08\/avrupa-parlamentosundan-turkiye-karari-uyelik-sureci-yeniden-baslatilamaz\/#breadcrumb"},"inLanguage":"tr","potentialAction":[{"@type":"ReadAction","target":["https:\/\/avrupatv.eu\/index.php\/2025\/05\/08\/avrupa-parlamentosundan-turkiye-karari-uyelik-sureci-yeniden-baslatilamaz\/"]}]},{"@type":"ImageObject","inLanguage":"tr","@id":"https:\/\/avrupatv.eu\/index.php\/2025\/05\/08\/avrupa-parlamentosundan-turkiye-karari-uyelik-sureci-yeniden-baslatilamaz\/#primaryimage","url":"https:\/\/avrupatv.eu\/wp-content\/uploads\/2025\/05\/thumbs-b-c-823a02c9bfb524c218632b75db5f5bb4.jpg","contentUrl":"https:\/\/avrupatv.eu\/wp-content\/uploads\/2025\/05\/thumbs-b-c-823a02c9bfb524c218632b75db5f5bb4.jpg","width":1024,"height":576},{"@type":"BreadcrumbList","@id":"https:\/\/avrupatv.eu\/index.php\/2025\/05\/08\/avrupa-parlamentosundan-turkiye-karari-uyelik-sureci-yeniden-baslatilamaz\/#breadcrumb","itemListElement":[{"@type":"ListItem","position":1,"name":"Anasayfa","item":"https:\/\/avrupatv.eu\/"},{"@type":"ListItem","position":2,"name":"Avrupa Parlamentosu&#8217;ndan T\u00fcrkiye Karar\u0131: \u00dcyelik S\u00fcreci Yeniden Ba\u015flat\u0131lamaz"}]},{"@type":"WebSite","@id":"https:\/\/avrupatv.eu\/#website","url":"https:\/\/avrupatv.eu\/","name":"Avrupal\u0131 T\u00fcrklerin en Yeni Haber Portal\u0131","description":"","publisher":{"@id":"https:\/\/avrupatv.eu\/#organization"},"alternateName":"Avrupa tv","potentialAction":[{"@type":"SearchAction","target":{"@type":"EntryPoint","urlTemplate":"https:\/\/avrupatv.eu\/?s={search_term_string}"},"query-input":{"@type":"PropertyValueSpecification","valueRequired":true,"valueName":"search_term_string"}}],"inLanguage":"tr"},{"@type":"Organization","@id":"https:\/\/avrupatv.eu\/#organization","name":"Avrupa Haber","url":"https:\/\/avrupatv.eu\/","logo":{"@type":"ImageObject","inLanguage":"tr","@id":"https:\/\/avrupatv.eu\/#\/schema\/logo\/image\/","url":"https:\/\/avrupatv.eu\/wp-content\/uploads\/2023\/10\/cropped-thumbnail_logo.png","contentUrl":"https:\/\/avrupatv.eu\/wp-content\/uploads\/2023\/10\/cropped-thumbnail_logo.png","width":1025,"height":302,"caption":"Avrupa Haber"},"image":{"@id":"https:\/\/avrupatv.eu\/#\/schema\/logo\/image\/"}},{"@type":"Person","@id":"https:\/\/avrupatv.eu\/#\/schema\/person\/d56afa5d5569da4029d483da36c0c17d","name":"Onur Akpinar","image":{"@type":"ImageObject","inLanguage":"tr","@id":"https:\/\/secure.gravatar.com\/avatar\/67a1a0bdf34f82da209334e4684b7e7171a58a5a2b0a8f836b61044f5c1f5d6a?s=96&d=mm&r=g","url":"https:\/\/secure.gravatar.com\/avatar\/67a1a0bdf34f82da209334e4684b7e7171a58a5a2b0a8f836b61044f5c1f5d6a?s=96&d=mm&r=g","contentUrl":"https:\/\/secure.gravatar.com\/avatar\/67a1a0bdf34f82da209334e4684b7e7171a58a5a2b0a8f836b61044f5c1f5d6a?s=96&d=mm&r=g","caption":"Onur Akpinar"},"url":"https:\/\/avrupatv.eu\/index.php\/author\/onur-akpinar\/"}]}},"_links":{"self":[{"href":"https:\/\/avrupatv.eu\/index.php\/wp-json\/wp\/v2\/posts\/1155","targetHints":{"allow":["GET"]}}],"collection":[{"href":"https:\/\/avrupatv.eu\/index.php\/wp-json\/wp\/v2\/posts"}],"about":[{"href":"https:\/\/avrupatv.eu\/index.php\/wp-json\/wp\/v2\/types\/post"}],"author":[{"embeddable":true,"href":"https:\/\/avrupatv.eu\/index.php\/wp-json\/wp\/v2\/users\/2"}],"replies":[{"embeddable":true,"href":"https:\/\/avrupatv.eu\/index.php\/wp-json\/wp\/v2\/comments?post=1155"}],"version-history":[{"count":1,"href":"https:\/\/avrupatv.eu\/index.php\/wp-json\/wp\/v2\/posts\/1155\/revisions"}],"predecessor-version":[{"id":1157,"href":"https:\/\/avrupatv.eu\/index.php\/wp-json\/wp\/v2\/posts\/1155\/revisions\/1157"}],"wp:featuredmedia":[{"embeddable":true,"href":"https:\/\/avrupatv.eu\/index.php\/wp-json\/wp\/v2\/media\/1156"}],"wp:attachment":[{"href":"https:\/\/avrupatv.eu\/index.php\/wp-json\/wp\/v2\/media?parent=1155"}],"wp:term":[{"taxonomy":"category","embeddable":true,"href":"https:\/\/avrupatv.eu\/index.php\/wp-json\/wp\/v2\/categories?post=1155"},{"taxonomy":"post_tag","embeddable":true,"href":"https:\/\/avrupatv.eu\/index.php\/wp-json\/wp\/v2\/tags?post=1155"}],"curies":[{"name":"wp","href":"https:\/\/api.w.org\/{rel}","templated":true}]}}